{"id":256860,"date":"2025-04-30T13:18:39","date_gmt":"2025-04-30T16:18:39","guid":{"rendered":"https:\/\/franciscanos.org.br\/noticias\/?p=256860"},"modified":"2025-05-30T20:46:34","modified_gmt":"2025-05-30T23:46:34","slug":"preservando-a-memoria-cultura-e-identidade-da-provincia-da-imaculada","status":"publish","type":"post","link":"https:\/\/franciscanos.org.br\/noticias\/preservando-a-memoria-cultura-e-identidade-da-provincia-da-imaculada.html","title":{"rendered":"Preservando a mem\u00f3ria, cultura e identidade da Prov\u00edncia da Imaculada"},"content":{"rendered":"<p><img loading=\"lazy\" class=\"aligncenter wp-image-256861 size-full\" src=\"https:\/\/franciscanos.org.br\/noticias\/wp-content\/uploads\/2025\/04\/MATERIA-29.png\" alt=\"\" width=\"1280\" height=\"720\" srcset=\"https:\/\/franciscanos.org.br\/noticias\/wp-content\/uploads\/2025\/04\/MATERIA-29.png 1280w, https:\/\/franciscanos.org.br\/noticias\/wp-content\/uploads\/2025\/04\/MATERIA-29-450x253.png 450w, https:\/\/franciscanos.org.br\/noticias\/wp-content\/uploads\/2025\/04\/MATERIA-29-1024x576.png 1024w, https:\/\/franciscanos.org.br\/noticias\/wp-content\/uploads\/2025\/04\/MATERIA-29-768x432.png 768w, https:\/\/franciscanos.org.br\/noticias\/wp-content\/uploads\/2025\/04\/MATERIA-29-150x84.png 150w\" sizes=\"(max-width: 1280px) 100vw, 1280px\" \/><\/p>\n<p>Cada ponto de uma caminhada representa um marco que pode interferir no futuro ou ser refer\u00eancia para decis\u00f5es no presente. Compreendemos a realidade de um povo olhando para o passado. Nesse sentido, a hist\u00f3ria nos fornece as ferramentas para interpretar o presente, revelando como eventos passados moldaram as sociedades, culturas e institui\u00e7\u00f5es. Quando olhamos para os acontecimentos passados, temos condi\u00e7\u00f5es de compreender a identidade, tendo como canal as mem\u00f3rias, que s\u00e3o fundamentais para o fortalecimento de uma sociedade mais consciente.<\/p>\n<p class=\"\" data-start=\"151\" data-end=\"581\">Pensando na import\u00e2ncia da preserva\u00e7\u00e3o da hist\u00f3ria e da mem\u00f3ria, foi colocado em pr\u00e1tica, neste ano em que a Prov\u00edncia da Imaculada Concei\u00e7\u00e3o do Brasil celebra o <strong data-start=\"313\" data-end=\"336\">Jubileu de 350 anos<\/strong>, um projeto de levantamento de todos os acervos hist\u00f3ricos dessa grande fraternidade, presente nos estados de S\u00e3o Paulo, Rio de Janeiro, Esp\u00edrito Santo, Paran\u00e1, Santa Catarina e tamb\u00e9m em Angola, onde realiza um importante trabalho mission\u00e1rio.<\/p>\n<p class=\"\" data-start=\"583\" data-end=\"1115\">O tema j\u00e1 vinha sendo debatido entre os frades, mas, no \u00faltimo Cap\u00edtulo, realizado em 2024, sob a presid\u00eancia do Ministro Provincial, Frei Paulo Roberto Pereira, os trabalhos foram efetivamente iniciados neste ano pela Comiss\u00e3o do Centro de Pesquisa e Refer\u00eancia Cultural da Imaculada (CePRI). Comp\u00f5em o grupo: Frei Gilberto da Silva, coordenador; Frei Alvaci Mendes da Luz, vice-coordenador; e Frei R\u00f3ger Brunorio, que assumiram a miss\u00e3o de cuidar e catalogar o patrim\u00f4nio art\u00edstico, cultural, hist\u00f3rico e bibliogr\u00e1fico da Prov\u00edncia.<\/p>\n<p>Para a execu\u00e7\u00e3o do projeto, os frades contam com a participa\u00e7\u00e3o das pesquisadoras do Centro de Documenta\u00e7\u00e3o e Apoio \u00e0 Pesquisa em Hist\u00f3ria da Educa\u00e7\u00e3o da Universidade S\u00e3o Francisco (CDAPH-USF): Maria Cec\u00edlia Machado Faustino, conservadora-restauradora (IFMG\/FAOP), coordenadora dos trabalhos e doutoranda em Educa\u00e7\u00e3o (USF); Carolina Izidoro Roncato, arquivista da UNESP; e J\u00e9ssica Freitas Oliveira, conservadora-restauradora do IFMG\/FAOP.<\/p>\n<p><img loading=\"lazy\" class=\"aligncenter wp-image-256862 size-full\" src=\"https:\/\/franciscanos.org.br\/noticias\/wp-content\/uploads\/2025\/04\/MATERIA-2-14.png\" alt=\"\" width=\"1280\" height=\"720\" srcset=\"https:\/\/franciscanos.org.br\/noticias\/wp-content\/uploads\/2025\/04\/MATERIA-2-14.png 1280w, https:\/\/franciscanos.org.br\/noticias\/wp-content\/uploads\/2025\/04\/MATERIA-2-14-450x253.png 450w, https:\/\/franciscanos.org.br\/noticias\/wp-content\/uploads\/2025\/04\/MATERIA-2-14-1024x576.png 1024w, https:\/\/franciscanos.org.br\/noticias\/wp-content\/uploads\/2025\/04\/MATERIA-2-14-768x432.png 768w, https:\/\/franciscanos.org.br\/noticias\/wp-content\/uploads\/2025\/04\/MATERIA-2-14-150x84.png 150w\" sizes=\"(max-width: 1280px) 100vw, 1280px\" \/><\/p>\n<p>Entre os dias 22 e 25 de abril, as pesquisadoras estiveram na sede da Prov\u00edncia para iniciar o levantamento, cataloga\u00e7\u00e3o e verifica\u00e7\u00e3o das condi\u00e7\u00f5es dos documentos dispon\u00edveis, guardados nos arquivos e preservados pela arquivista Elisabete Barbero.<\/p>\n<p><img loading=\"lazy\" class=\"size-medium wp-image-256863 alignright\" src=\"https:\/\/franciscanos.org.br\/noticias\/wp-content\/uploads\/2025\/04\/IMG_20250424_141311798_BURST001_TOP-338x450.jpg\" alt=\"\" width=\"338\" height=\"450\" srcset=\"https:\/\/franciscanos.org.br\/noticias\/wp-content\/uploads\/2025\/04\/IMG_20250424_141311798_BURST001_TOP-338x450.jpg 338w, https:\/\/franciscanos.org.br\/noticias\/wp-content\/uploads\/2025\/04\/IMG_20250424_141311798_BURST001_TOP-768x1024.jpg 768w, https:\/\/franciscanos.org.br\/noticias\/wp-content\/uploads\/2025\/04\/IMG_20250424_141311798_BURST001_TOP-1152x1536.jpg 1152w, https:\/\/franciscanos.org.br\/noticias\/wp-content\/uploads\/2025\/04\/IMG_20250424_141311798_BURST001_TOP-1536x2048.jpg 1536w, https:\/\/franciscanos.org.br\/noticias\/wp-content\/uploads\/2025\/04\/IMG_20250424_141311798_BURST001_TOP-150x200.jpg 150w, https:\/\/franciscanos.org.br\/noticias\/wp-content\/uploads\/2025\/04\/IMG_20250424_141311798_BURST001_TOP-scaled.jpg 810w\" sizes=\"(max-width: 338px) 100vw, 338px\" \/>\u201cFaremos um levantamento em todas as fraternidades, casas, conventos e par\u00f3quias, bem como nas casas de forma\u00e7\u00e3o onde atuamos, para que possamos conhecer melhor nossos bens culturais, hist\u00f3ricos, documentais, entre outros patrim\u00f4nios hist\u00f3ricos que fazem parte da nossa hist\u00f3ria\u201d, explicou Frei Alvaci.<\/p>\n<p>Segundo ele, o objetivo \u00e9 finalizar a primeira etapa do projeto at\u00e9 o pr\u00f3ximo Cap\u00edtulo Provincial, em 2027, ao menos no que se refere \u00e0 rela\u00e7\u00e3o e \u00e0s condi\u00e7\u00f5es do patrim\u00f4nio existente. \u201cIsso inclui tamb\u00e9m um trabalho futuro, de m\u00e9dio e longo prazo, para o levantamento das obras produzidas pelos confrades, desde os j\u00e1 falecidos at\u00e9 os artistas da atualidade. Veremos todas as produ\u00e7\u00f5es, como as do Frei Geraldo Roderfeld, Frei Beto Coelho e, na atualidade, Frei Pedro Pinheiro e Frei Benedito Geraldo Gomes Gon\u00e7alves (Frei Dito). \u201d<\/p>\n<p>O frade explicou que a import\u00e2ncia desse projeto para a hist\u00f3ria est\u00e1 vinculada \u00e0 inten\u00e7\u00e3o de fortalecer uma consci\u00eancia entre os frades do valor que essa documenta\u00e7\u00e3o tem, n\u00e3o s\u00f3 para a Prov\u00edncia, mas para a sociedade como um todo. \u201cQueremos evidenciar ainda mais a relev\u00e2ncia que o franciscanismo tem e teve no contexto nacional, regional e local. \u00c9 importante para os frades da Prov\u00edncia conhecerem o patrim\u00f4nio que t\u00eam e tamb\u00e9m abrirmos esse espa\u00e7o de pesquisa de forma mais organizada e sistematizada.\u201d<\/p>\n<p>O Centro de Pesquisa e Refer\u00eancia Cultura da Imaculada ficar\u00e1 hospedado no sistema de gerenciamento de arquivos da USF, em Bragan\u00e7a Paulista (SP), onde tamb\u00e9m est\u00e1 o CDAPH.<\/p>\n<p><strong>Sobre a participa\u00e7\u00e3o do CDAPH e a equipe de pesquisadoras<\/strong><\/p>\n<p>De acordo com a pesquisadora Maria Cec\u00edlia, o Centro de Documenta\u00e7\u00e3o e Apoio \u00e0 Pesquisa em Hist\u00f3ria da Educa\u00e7\u00e3o da Universidade S\u00e3o Francisco constitui um espa\u00e7o de refer\u00eancia em pesquisas com \u00eanfase na hist\u00f3ria local e regional, mem\u00f3ria franciscana e mem\u00f3ria institucional, que possibilita, de maneira mais ampla, pesquisas no \u00e2mbito da hist\u00f3ria e da hist\u00f3ria da educa\u00e7\u00e3o.<\/p>\n<p>Dado o perfil e a natureza de seu acervo, o CDAPH implementa atividades voltadas \u00e0 identifica\u00e7\u00e3o, coleta, preserva\u00e7\u00e3o, tratamento e difus\u00e3o de acervos de natureza arquiv\u00edstica e bibliogr\u00e1fica. Entre as iniciativas possibilitadas pelo acervo, destacam-se as visitas monitoradas e as pesquisas orientadas a partir da an\u00e1lise de fontes prim\u00e1rias, no contexto das atividades de ensino, pesquisa e extens\u00e3o, acolhendo tamb\u00e9m demandas do p\u00fablico em geral.<\/p>\n<p><img loading=\"lazy\" class=\"aligncenter wp-image-256864 size-full\" src=\"https:\/\/franciscanos.org.br\/noticias\/wp-content\/uploads\/2025\/04\/MATERIA-3-5.png\" alt=\"\" width=\"1280\" height=\"720\" srcset=\"https:\/\/franciscanos.org.br\/noticias\/wp-content\/uploads\/2025\/04\/MATERIA-3-5.png 1280w, https:\/\/franciscanos.org.br\/noticias\/wp-content\/uploads\/2025\/04\/MATERIA-3-5-450x253.png 450w, https:\/\/franciscanos.org.br\/noticias\/wp-content\/uploads\/2025\/04\/MATERIA-3-5-1024x576.png 1024w, https:\/\/franciscanos.org.br\/noticias\/wp-content\/uploads\/2025\/04\/MATERIA-3-5-768x432.png 768w, https:\/\/franciscanos.org.br\/noticias\/wp-content\/uploads\/2025\/04\/MATERIA-3-5-150x84.png 150w\" sizes=\"(max-width: 1280px) 100vw, 1280px\" \/><\/p>\n<p>Dentre as iniciativas promovidas, destacam-se as visitas monitoradas, cursos e eventos que visam ampliar e garantir o acesso e a divulga\u00e7\u00e3o do conhecimento produzido no universo acad\u00eamico junto \u00e0 sociedade em geral; bem como a participa\u00e7\u00e3o em iniciativas de preserva\u00e7\u00e3o do patrim\u00f4nio hist\u00f3rico e cultural. Tais a\u00e7\u00f5es buscam construir interfaces com a\u00e7\u00f5es afirmativas ancoradas no reconhecimento da diversidade cultural brasileira e na necess\u00e1ria democratiza\u00e7\u00e3o do acesso \u00e0 informa\u00e7\u00e3o por distintos grupos sociais.<\/p>\n<p>A pesquisadora e coordenadora da equipe considera a atua\u00e7\u00e3o da equipe t\u00e9cnica do CDAPH junto ao CEPRI relevante por propor a ressignifica\u00e7\u00e3o dos acervos da Prov\u00edncia, historicamente dispersos. \u201cMais do que preservar documentos, o projeto reconhece esses acervos como patrim\u00f4nio cultural din\u00e2mico, capaz de gerar novos sentidos no presente. Ao sistematiz\u00e1-los, pretendemos ampliar suas possibilidades de apropria\u00e7\u00e3o social, educativa e cient\u00edfica, fortalecendo uma mem\u00f3ria coletiva cr\u00edtica. Enquanto pesquisadora que atua com acervos e na forma\u00e7\u00e3o em Educa\u00e7\u00e3o, vejo neste trabalho a articula\u00e7\u00e3o entre preserva\u00e7\u00e3o e ressignifica\u00e7\u00e3o cr\u00edtica, em sintonia com os princ\u00edpios que orientam minha trajet\u00f3ria acad\u00eamica e profissional\u201d, afirmou Cec\u00edlia.<\/p>\n<p>\u201cParticipar deste projeto significa ter a oportunidade de contribuir para a organiza\u00e7\u00e3o e preserva\u00e7\u00e3o de um arquivo hist\u00f3rico de grande import\u00e2ncia para a mem\u00f3ria da Prov\u00edncia Franciscana. O que mais me chama aten\u00e7\u00e3o \u00e9 a possibilidade de colaborar com uma equipe dedicada \u00e0 mem\u00f3ria e \u00e0 hist\u00f3ria, e a certeza de que meu trabalho, de certa forma, est\u00e1 contribuindo para a preserva\u00e7\u00e3o deste patrim\u00f4nio cultural\u201d, salientou a arquivista Carolina.<\/p>\n<p>J\u00e1 a restauradora J\u00e9ssica acredita na import\u00e2ncia da valoriza\u00e7\u00e3o da mem\u00f3ria e da hist\u00f3ria. \u201cAcho que o que mais chama a aten\u00e7\u00e3o \u00e9 a preserva\u00e7\u00e3o da hist\u00f3ria e da mem\u00f3ria. H\u00e1 um profundo respeito pelo objeto em si e pela informa\u00e7\u00e3o que ele carrega. Livros e documentos s\u00e3o portadores da hist\u00f3ria da humanidade, do conhecimento acumulado, das ideias, das culturas e das experi\u00eancias passadas. Este trabalho garante que essa mem\u00f3ria n\u00e3o se perca com o tempo, permitindo que as futuras gera\u00e7\u00f5es tenham acesso ao seu legado cultural e intelectual.\u201d<\/p>\n<p>Segundo ela, \u00e9 extremamente satisfat\u00f3rio poder contribuir para a salvaguarda do patrim\u00f4nio cultural da Prov\u00edncia, considerado de valor inestim\u00e1vel. \u201cA conserva\u00e7\u00e3o e restaura\u00e7\u00e3o promovem a prote\u00e7\u00e3o desses bens, evitando sua deteriora\u00e7\u00e3o e desaparecimento, ao mesmo tempo em que permitem que o passado dialogue com o presente e inspire o futuro. Esse trabalho tamb\u00e9m promove o acesso \u00e0 informa\u00e7\u00e3o e ao conhecimento, beneficiando pesquisadores, estudantes e o p\u00fablico em geral.\u201d<\/p>\n<hr \/>\n<p><em>Adriana Rabelo Rodrigues<\/em><\/p>\n","protected":false},"excerpt":{"rendered":"<p>Preserva\u00e7\u00e3o hist\u00f3rica<\/p>\n","protected":false},"author":11,"featured_media":256865,"comment_status":"open","ping_status":"open","sticky":false,"template":"","format":"standard","meta":[],"categories":[1],"tags":[2339,2340,354],"acf":[],"yoast_head":"<!-- This site is optimized with the Yoast SEO plugin v19.2 - https:\/\/yoast.com\/wordpress\/plugins\/seo\/ -->\n<title>Preservando a mem\u00f3ria, cultura e identidade da Prov\u00edncia da Imaculada - Not\u00edcias - Franciscanos<\/title>\n<meta name=\"robots\" content=\"index, follow, max-snippet:-1, max-image-preview:large, max-video-preview:-1\" \/>\n<link rel=\"canonical\" href=\"https:\/\/franciscanos.org.br\/noticias\/preservando-a-memoria-cultura-e-identidade-da-provincia-da-imaculada.html\" \/>\n<meta property=\"og:locale\" content=\"pt_BR\" \/>\n<meta property=\"og:type\" content=\"article\" \/>\n<meta property=\"og:title\" content=\"Preservando a mem\u00f3ria, cultura e identidade da Prov\u00edncia da Imaculada - Not\u00edcias - Franciscanos\" \/>\n<meta property=\"og:description\" content=\"Preserva\u00e7\u00e3o hist\u00f3rica\" \/>\n<meta property=\"og:url\" content=\"https:\/\/franciscanos.org.br\/noticias\/preservando-a-memoria-cultura-e-identidade-da-provincia-da-imaculada.html\" \/>\n<meta property=\"og:site_name\" content=\"Not\u00edcias - Franciscanos\" \/>\n<meta property=\"article:published_time\" content=\"2025-04-30T16:18:39+00:00\" \/>\n<meta property=\"article:modified_time\" content=\"2025-05-30T23:46:34+00:00\" \/>\n<meta property=\"og:image\" content=\"https:\/\/franciscanos.org.br\/noticias\/wp-content\/uploads\/2025\/04\/CHAMADA-26.png\" \/>\n\t<meta property=\"og:image:width\" content=\"800\" \/>\n\t<meta property=\"og:image:height\" content=\"550\" \/>\n\t<meta property=\"og:image:type\" content=\"image\/png\" \/>\n<meta name=\"author\" content=\"Adriana Rabelo\" \/>\n<meta name=\"twitter:card\" content=\"summary_large_image\" \/>\n<meta name=\"twitter:label1\" content=\"Escrito por\" \/>\n\t<meta name=\"twitter:data1\" content=\"Adriana Rabelo\" \/>\n\t<meta name=\"twitter:label2\" content=\"Est. tempo de leitura\" \/>\n\t<meta name=\"twitter:data2\" content=\"6 minutos\" \/>\n<script type=\"application\/ld+json\" class=\"yoast-schema-graph\">{\"@context\":\"https:\/\/schema.org\",\"@graph\":[{\"@type\":\"WebSite\",\"@id\":\"https:\/\/franciscanos.org.br\/noticias\/#website\",\"url\":\"https:\/\/franciscanos.org.br\/noticias\/\",\"name\":\"Not\u00edcias - Franciscanos\",\"description\":\"Prov\u00edncia Franciscana da Imaculada Concei\u00e7\u00e3o do Brasil - Ordem dos Frades Menores - OFM\",\"potentialAction\":[{\"@type\":\"SearchAction\",\"target\":{\"@type\":\"EntryPoint\",\"urlTemplate\":\"https:\/\/franciscanos.org.br\/noticias\/?s={search_term_string}\"},\"query-input\":\"required name=search_term_string\"}],\"inLanguage\":\"pt-BR\"},{\"@type\":\"ImageObject\",\"inLanguage\":\"pt-BR\",\"@id\":\"https:\/\/franciscanos.org.br\/noticias\/preservando-a-memoria-cultura-e-identidade-da-provincia-da-imaculada.html#primaryimage\",\"url\":\"https:\/\/franciscanos.org.br\/noticias\/wp-content\/uploads\/2025\/04\/CHAMADA-26.png\",\"contentUrl\":\"https:\/\/franciscanos.org.br\/noticias\/wp-content\/uploads\/2025\/04\/CHAMADA-26.png\",\"width\":800,\"height\":550},{\"@type\":\"WebPage\",\"@id\":\"https:\/\/franciscanos.org.br\/noticias\/preservando-a-memoria-cultura-e-identidade-da-provincia-da-imaculada.html#webpage\",\"url\":\"https:\/\/franciscanos.org.br\/noticias\/preservando-a-memoria-cultura-e-identidade-da-provincia-da-imaculada.html\",\"name\":\"Preservando a mem\u00f3ria, cultura e identidade da Prov\u00edncia da Imaculada - Not\u00edcias - Franciscanos\",\"isPartOf\":{\"@id\":\"https:\/\/franciscanos.org.br\/noticias\/#website\"},\"primaryImageOfPage\":{\"@id\":\"https:\/\/franciscanos.org.br\/noticias\/preservando-a-memoria-cultura-e-identidade-da-provincia-da-imaculada.html#primaryimage\"},\"datePublished\":\"2025-04-30T16:18:39+00:00\",\"dateModified\":\"2025-05-30T23:46:34+00:00\",\"author\":{\"@id\":\"https:\/\/franciscanos.org.br\/noticias\/#\/schema\/person\/d9422e83121c3ad3b0f423d195f5bb25\"},\"breadcrumb\":{\"@id\":\"https:\/\/franciscanos.org.br\/noticias\/preservando-a-memoria-cultura-e-identidade-da-provincia-da-imaculada.html#breadcrumb\"},\"inLanguage\":\"pt-BR\",\"potentialAction\":[{\"@type\":\"ReadAction\",\"target\":[\"https:\/\/franciscanos.org.br\/noticias\/preservando-a-memoria-cultura-e-identidade-da-provincia-da-imaculada.html\"]}]},{\"@type\":\"BreadcrumbList\",\"@id\":\"https:\/\/franciscanos.org.br\/noticias\/preservando-a-memoria-cultura-e-identidade-da-provincia-da-imaculada.html#breadcrumb\",\"itemListElement\":[{\"@type\":\"ListItem\",\"position\":1,\"name\":\"Home\",\"item\":\"https:\/\/franciscanos.org.br\/noticias\"},{\"@type\":\"ListItem\",\"position\":2,\"name\":\"Preservando a mem\u00f3ria, cultura e identidade da Prov\u00edncia da Imaculada\"}]},{\"@type\":\"Person\",\"@id\":\"https:\/\/franciscanos.org.br\/noticias\/#\/schema\/person\/d9422e83121c3ad3b0f423d195f5bb25\",\"name\":\"Adriana Rabelo\",\"image\":{\"@type\":\"ImageObject\",\"inLanguage\":\"pt-BR\",\"@id\":\"https:\/\/franciscanos.org.br\/noticias\/#\/schema\/person\/image\/\",\"url\":\"https:\/\/secure.gravatar.com\/avatar\/0a937b7500cd7df77540cfb8bede877d?s=96&d=mm&r=g\",\"contentUrl\":\"https:\/\/secure.gravatar.com\/avatar\/0a937b7500cd7df77540cfb8bede877d?s=96&d=mm&r=g\",\"caption\":\"Adriana Rabelo\"},\"url\":\"https:\/\/franciscanos.org.br\/noticias\/author\/adrianarabelo\"}]}<\/script>\n<!-- \/ Yoast SEO plugin. -->","yoast_head_json":{"title":"Preservando a mem\u00f3ria, cultura e identidade da Prov\u00edncia da Imaculada - Not\u00edcias - Franciscanos","robots":{"index":"index","follow":"follow","max-snippet":"max-snippet:-1","max-image-preview":"max-image-preview:large","max-video-preview":"max-video-preview:-1"},"canonical":"https:\/\/franciscanos.org.br\/noticias\/preservando-a-memoria-cultura-e-identidade-da-provincia-da-imaculada.html","og_locale":"pt_BR","og_type":"article","og_title":"Preservando a mem\u00f3ria, cultura e identidade da Prov\u00edncia da Imaculada - Not\u00edcias - Franciscanos","og_description":"Preserva\u00e7\u00e3o hist\u00f3rica","og_url":"https:\/\/franciscanos.org.br\/noticias\/preservando-a-memoria-cultura-e-identidade-da-provincia-da-imaculada.html","og_site_name":"Not\u00edcias - Franciscanos","article_published_time":"2025-04-30T16:18:39+00:00","article_modified_time":"2025-05-30T23:46:34+00:00","og_image":[{"width":800,"height":550,"url":"https:\/\/franciscanos.org.br\/noticias\/wp-content\/uploads\/2025\/04\/CHAMADA-26.png","type":"image\/png"}],"author":"Adriana Rabelo","twitter_card":"summary_large_image","twitter_misc":{"Escrito por":"Adriana Rabelo","Est. tempo de leitura":"6 minutos"},"schema":{"@context":"https:\/\/schema.org","@graph":[{"@type":"WebSite","@id":"https:\/\/franciscanos.org.br\/noticias\/#website","url":"https:\/\/franciscanos.org.br\/noticias\/","name":"Not\u00edcias - Franciscanos","description":"Prov\u00edncia Franciscana da Imaculada Concei\u00e7\u00e3o do Brasil - Ordem dos Frades Menores - OFM","potentialAction":[{"@type":"SearchAction","target":{"@type":"EntryPoint","urlTemplate":"https:\/\/franciscanos.org.br\/noticias\/?s={search_term_string}"},"query-input":"required name=search_term_string"}],"inLanguage":"pt-BR"},{"@type":"ImageObject","inLanguage":"pt-BR","@id":"https:\/\/franciscanos.org.br\/noticias\/preservando-a-memoria-cultura-e-identidade-da-provincia-da-imaculada.html#primaryimage","url":"https:\/\/franciscanos.org.br\/noticias\/wp-content\/uploads\/2025\/04\/CHAMADA-26.png","contentUrl":"https:\/\/franciscanos.org.br\/noticias\/wp-content\/uploads\/2025\/04\/CHAMADA-26.png","width":800,"height":550},{"@type":"WebPage","@id":"https:\/\/franciscanos.org.br\/noticias\/preservando-a-memoria-cultura-e-identidade-da-provincia-da-imaculada.html#webpage","url":"https:\/\/franciscanos.org.br\/noticias\/preservando-a-memoria-cultura-e-identidade-da-provincia-da-imaculada.html","name":"Preservando a mem\u00f3ria, cultura e identidade da Prov\u00edncia da Imaculada - Not\u00edcias - Franciscanos","isPartOf":{"@id":"https:\/\/franciscanos.org.br\/noticias\/#website"},"primaryImageOfPage":{"@id":"https:\/\/franciscanos.org.br\/noticias\/preservando-a-memoria-cultura-e-identidade-da-provincia-da-imaculada.html#primaryimage"},"datePublished":"2025-04-30T16:18:39+00:00","dateModified":"2025-05-30T23:46:34+00:00","author":{"@id":"https:\/\/franciscanos.org.br\/noticias\/#\/schema\/person\/d9422e83121c3ad3b0f423d195f5bb25"},"breadcrumb":{"@id":"https:\/\/franciscanos.org.br\/noticias\/preservando-a-memoria-cultura-e-identidade-da-provincia-da-imaculada.html#breadcrumb"},"inLanguage":"pt-BR","potentialAction":[{"@type":"ReadAction","target":["https:\/\/franciscanos.org.br\/noticias\/preservando-a-memoria-cultura-e-identidade-da-provincia-da-imaculada.html"]}]},{"@type":"BreadcrumbList","@id":"https:\/\/franciscanos.org.br\/noticias\/preservando-a-memoria-cultura-e-identidade-da-provincia-da-imaculada.html#breadcrumb","itemListElement":[{"@type":"ListItem","position":1,"name":"Home","item":"https:\/\/franciscanos.org.br\/noticias"},{"@type":"ListItem","position":2,"name":"Preservando a mem\u00f3ria, cultura e identidade da Prov\u00edncia da Imaculada"}]},{"@type":"Person","@id":"https:\/\/franciscanos.org.br\/noticias\/#\/schema\/person\/d9422e83121c3ad3b0f423d195f5bb25","name":"Adriana Rabelo","image":{"@type":"ImageObject","inLanguage":"pt-BR","@id":"https:\/\/franciscanos.org.br\/noticias\/#\/schema\/person\/image\/","url":"https:\/\/secure.gravatar.com\/avatar\/0a937b7500cd7df77540cfb8bede877d?s=96&d=mm&r=g","contentUrl":"https:\/\/secure.gravatar.com\/avatar\/0a937b7500cd7df77540cfb8bede877d?s=96&d=mm&r=g","caption":"Adriana Rabelo"},"url":"https:\/\/franciscanos.org.br\/noticias\/author\/adrianarabelo"}]}},"_links":{"self":[{"href":"https:\/\/franciscanos.org.br\/noticias\/wp-json\/wp\/v2\/posts\/256860"}],"collection":[{"href":"https:\/\/franciscanos.org.br\/noticias\/wp-json\/wp\/v2\/posts"}],"about":[{"href":"https:\/\/franciscanos.org.br\/noticias\/wp-json\/wp\/v2\/types\/post"}],"author":[{"embeddable":true,"href":"https:\/\/franciscanos.org.br\/noticias\/wp-json\/wp\/v2\/users\/11"}],"replies":[{"embeddable":true,"href":"https:\/\/franciscanos.org.br\/noticias\/wp-json\/wp\/v2\/comments?post=256860"}],"version-history":[{"count":6,"href":"https:\/\/franciscanos.org.br\/noticias\/wp-json\/wp\/v2\/posts\/256860\/revisions"}],"predecessor-version":[{"id":257378,"href":"https:\/\/franciscanos.org.br\/noticias\/wp-json\/wp\/v2\/posts\/256860\/revisions\/257378"}],"wp:featuredmedia":[{"embeddable":true,"href":"https:\/\/franciscanos.org.br\/noticias\/wp-json\/wp\/v2\/media\/256865"}],"wp:attachment":[{"href":"https:\/\/franciscanos.org.br\/noticias\/wp-json\/wp\/v2\/media?parent=256860"}],"wp:term":[{"taxonomy":"category","embeddable":true,"href":"https:\/\/franciscanos.org.br\/noticias\/wp-json\/wp\/v2\/categories?post=256860"},{"taxonomy":"post_tag","embeddable":true,"href":"https:\/\/franciscanos.org.br\/noticias\/wp-json\/wp\/v2\/tags?post=256860"}],"curies":[{"name":"wp","href":"https:\/\/api.w.org\/{rel}","templated":true}]}}