{"id":256833,"date":"2025-04-30T00:03:06","date_gmt":"2025-04-30T03:03:06","guid":{"rendered":"https:\/\/franciscanos.org.br\/noticias\/?p=256833"},"modified":"2025-04-30T09:52:36","modified_gmt":"2025-04-30T12:52:36","slug":"festa-da-penha-2025-diversidade-carinho-e-piedade-em-homenagem-a-mae","status":"publish","type":"post","link":"https:\/\/franciscanos.org.br\/noticias\/festa-da-penha-2025-diversidade-carinho-e-piedade-em-homenagem-a-mae.html","title":{"rendered":"Festa da Penha 2025: diversidade, carinho e piedade em homenagem \u00e0 M\u00e3e"},"content":{"rendered":"<p><img loading=\"lazy\" class=\"aligncenter wp-image-256841 size-full\" src=\"https:\/\/franciscanos.org.br\/noticias\/wp-content\/uploads\/2025\/04\/penha7.jpg\" alt=\"\" width=\"1280\" height=\"720\" srcset=\"https:\/\/franciscanos.org.br\/noticias\/wp-content\/uploads\/2025\/04\/penha7.jpg 1280w, https:\/\/franciscanos.org.br\/noticias\/wp-content\/uploads\/2025\/04\/penha7-450x253.jpg 450w, https:\/\/franciscanos.org.br\/noticias\/wp-content\/uploads\/2025\/04\/penha7-1024x576.jpg 1024w, https:\/\/franciscanos.org.br\/noticias\/wp-content\/uploads\/2025\/04\/penha7-768x432.jpg 768w, https:\/\/franciscanos.org.br\/noticias\/wp-content\/uploads\/2025\/04\/penha7-150x84.jpg 150w\" sizes=\"(max-width: 1280px) 100vw, 1280px\" \/><\/p>\n<p style=\"font-weight: 400;\"><strong>Vila Velha (ES) &#8211;<\/strong> Foram nove de dias de Festa e diversos meses de prepara\u00e7\u00e3o. A Festa da Penha 2025 terminou, mas seguir\u00e1 produzindo os frutos das muitas sementes plantadas em tantos cora\u00e7\u00f5es. Na sequ\u00eancia, algumas impress\u00f5es sobre toda a mobiliza\u00e7\u00e3o realizada em torno da celebra\u00e7\u00e3o da Solenidade de Nossa das Alegria, levantando alguns pontos entre tantos outros que poderiam ser destacados:<\/p>\n<h2><span style=\"color: #993300;\">A Festa da peregrina\u00e7\u00e3o<\/span><\/h2>\n<p>Uma grande Romaria formada por romarias. Esta poderia ser uma defini\u00e7\u00e3o adequada da Festa da Penha, que chegou neste ano \u00e0 sua 455\u00aa edi\u00e7\u00e3o. \u00c9 a Festa em movimento, da M\u00e3e, disc\u00edpula-mission\u00e1ria que convida seus filhos e filhas a serem \u201cPeregrinos de Esperan\u00e7a\u201d. O vai-e-vem das pessoas e das Vans subindo a estrada do Convento. A subida e a descida das escadas que d\u00e3o acesso \u00e0 Capela. A visita da Imagem Peregrina \u00e0s periferias e lugares de fragilidade, como os Hospitais e o Pres\u00eddio Feminino revelaram a certeza de que Maria \u00e9 pr\u00f3xima de todos, especialmente dos que mais sofrem. Os 14 km de percurso a p\u00e9 na Romaria dos Homens, a Romaria de oito dias de Ora\u00e7\u00e3o no Oitav\u00e1rio, num percurso espiritual que conduz \u00e0 Solenidade da Virgem da Penha, os percursos realizados por terra e pela \u00e1gua, cuja soma totaliza 600 km de extens\u00e3o: cavaleiros, motociclistas, remadores, conguistas, jovens, adolescentes e pessoas com defici\u00eancia se colocaram em movimento em dire\u00e7\u00e3o ao encontro com o Sagrado, conduzidos pela M\u00e3e.<\/p>\n<p><img loading=\"lazy\" class=\"aligncenter wp-image-256834 size-full\" src=\"https:\/\/franciscanos.org.br\/noticias\/wp-content\/uploads\/2025\/04\/penha1.jpg\" alt=\"\" width=\"1280\" height=\"720\" srcset=\"https:\/\/franciscanos.org.br\/noticias\/wp-content\/uploads\/2025\/04\/penha1.jpg 1280w, https:\/\/franciscanos.org.br\/noticias\/wp-content\/uploads\/2025\/04\/penha1-450x253.jpg 450w, https:\/\/franciscanos.org.br\/noticias\/wp-content\/uploads\/2025\/04\/penha1-1024x576.jpg 1024w, https:\/\/franciscanos.org.br\/noticias\/wp-content\/uploads\/2025\/04\/penha1-768x432.jpg 768w, https:\/\/franciscanos.org.br\/noticias\/wp-content\/uploads\/2025\/04\/penha1-150x84.jpg 150w\" sizes=\"(max-width: 1280px) 100vw, 1280px\" \/><\/p>\n<h2 style=\"font-weight: 400;\"><span style=\"color: #993300;\">A Festa dos Jubileus<\/span><\/h2>\n<p style=\"font-weight: 400;\">A Palavra Jubileu tem sua raiz no substantivo \u201cj\u00fabilo\u201d, que significa uma alegria imensa, um contentamento indescrit\u00edvel que produzem como resposta necess\u00e1ria a gratid\u00e3o. Foram v\u00e1rias as datas jubilares convergentes neste ano: 455 anos de Festa da Penha, 450 anos da Prov\u00edncia Franciscana da Imaculada Concei\u00e7\u00e3o do Brasil, 2025 da Encarna\u00e7\u00e3o de Jesus Cristo, 800 anos da composi\u00e7\u00e3o do C\u00e2ntico das Criaturas. Alegrias que nascem da Ressurrei\u00e7\u00e3o do Filho, capaz de alegrar o cora\u00e7\u00e3o da M\u00e3e que partilha suas alegrias com a multid\u00e3o que vem a seu encontro.<\/p>\n<p><img loading=\"lazy\" class=\"alignnone wp-image-256155 size-full\" src=\"https:\/\/franciscanos.org.br\/noticias\/wp-content\/uploads\/2025\/04\/penha_2004_10.jpg\" alt=\"\" width=\"1080\" height=\"720\" srcset=\"https:\/\/franciscanos.org.br\/noticias\/wp-content\/uploads\/2025\/04\/penha_2004_10.jpg 1080w, https:\/\/franciscanos.org.br\/noticias\/wp-content\/uploads\/2025\/04\/penha_2004_10-450x300.jpg 450w, https:\/\/franciscanos.org.br\/noticias\/wp-content\/uploads\/2025\/04\/penha_2004_10-1024x683.jpg 1024w, https:\/\/franciscanos.org.br\/noticias\/wp-content\/uploads\/2025\/04\/penha_2004_10-768x512.jpg 768w, https:\/\/franciscanos.org.br\/noticias\/wp-content\/uploads\/2025\/04\/penha_2004_10-150x100.jpg 150w\" sizes=\"(max-width: 1080px) 100vw, 1080px\" \/><\/p>\n<h2 style=\"font-weight: 400;\"><span style=\"color: #993300;\">A Festa das estreias<\/span><\/h2>\n<p style=\"font-weight: 400;\">A Festa da Penha 2025 tamb\u00e9m trouxe alguns ilustres \u201cromeiros estreantes\u201d. Dentre eles, destacam-se dois. Dom \u00c2ngelo Ademir Mezzari, Arcebispo rec\u00e9m-empossado na Arquidiocese de Vit\u00f3ria. Vindo da Capital Paulista, onde era Bispo Auxiliar da Regi\u00e3o Ipiranga, na Arquidiocese de S\u00e3o Paulo. Participando pela primeira vez da Festa, o Arcebispo se declarou impressionado e feliz com a f\u00e9 e amor do povo a Nossa Senhora da Penha, expressos nas in\u00fameras manifesta\u00e7\u00f5es de carinho e piedade que ele viu durante os dias de celebra\u00e7\u00e3o. Outro estreante foi Frei Gabriel Dellandrea, o novo guardi\u00e3o do Convento. Ele j\u00e1 havia participado de outras edi\u00e7\u00f5es da Festa, mas desta vez foi a primeira na nova fun\u00e7\u00e3o. Aos 30 anos, Frei Gabriel \u00e9 um dos mais jovens guardi\u00e3es que j\u00e1 passaram pelo Convento da Penha.<\/p>\n<p><img loading=\"lazy\" class=\"aligncenter wp-image-256836 size-full\" src=\"https:\/\/franciscanos.org.br\/noticias\/wp-content\/uploads\/2025\/04\/penha3.jpg\" alt=\"\" width=\"1280\" height=\"720\" srcset=\"https:\/\/franciscanos.org.br\/noticias\/wp-content\/uploads\/2025\/04\/penha3.jpg 1280w, https:\/\/franciscanos.org.br\/noticias\/wp-content\/uploads\/2025\/04\/penha3-450x253.jpg 450w, https:\/\/franciscanos.org.br\/noticias\/wp-content\/uploads\/2025\/04\/penha3-1024x576.jpg 1024w, https:\/\/franciscanos.org.br\/noticias\/wp-content\/uploads\/2025\/04\/penha3-768x432.jpg 768w, https:\/\/franciscanos.org.br\/noticias\/wp-content\/uploads\/2025\/04\/penha3-150x84.jpg 150w\" sizes=\"(max-width: 1280px) 100vw, 1280px\" \/><\/p>\n<h2 style=\"font-weight: 400;\"><span style=\"color: #993300;\">A Festa do Papa Francisco<\/span><\/h2>\n<p style=\"font-weight: 400;\">Presen\u00e7a constantes nos dias de Festa, mencionado desde a Missa de Abertura, a partir do segundo dia do Oitav\u00e1rio, o Santo Padre acompanhou a Festa da Penha do C\u00e9u, certamente em companhia da M\u00e3e de quem ele foi filho dedicado e fiel devoto. Deixando muita saudade, o Papa Francisco foi mencionado e lembrado em todas as celebra\u00e7\u00f5es, homenageado com um quadro exposto nos principais momentos da Festa e recordado, com imenso carinho, no cora\u00e7\u00e3o de muitos fi\u00e9is. Foram v\u00e1rios minutos de sil\u00eancio e longos momentos de aplauso para celebrar a vida e o exemplo do querido Papa Francisco.<\/p>\n<p><img loading=\"lazy\" class=\"aligncenter wp-image-256835 size-full\" src=\"https:\/\/franciscanos.org.br\/noticias\/wp-content\/uploads\/2025\/04\/penha2.jpg\" alt=\"\" width=\"1280\" height=\"720\" srcset=\"https:\/\/franciscanos.org.br\/noticias\/wp-content\/uploads\/2025\/04\/penha2.jpg 1280w, https:\/\/franciscanos.org.br\/noticias\/wp-content\/uploads\/2025\/04\/penha2-450x253.jpg 450w, https:\/\/franciscanos.org.br\/noticias\/wp-content\/uploads\/2025\/04\/penha2-1024x576.jpg 1024w, https:\/\/franciscanos.org.br\/noticias\/wp-content\/uploads\/2025\/04\/penha2-768x432.jpg 768w, https:\/\/franciscanos.org.br\/noticias\/wp-content\/uploads\/2025\/04\/penha2-150x84.jpg 150w\" sizes=\"(max-width: 1280px) 100vw, 1280px\" \/><\/p>\n<h2 style=\"font-weight: 400;\"><span style=\"color: #993300;\">A Festa Franciscana<\/span><\/h2>\n<p style=\"font-weight: 400;\">O n\u00famero de frades presentes tamb\u00e9m foi expressivo. Estiveram em todos os momentos, aben\u00e7oando o povo, fazendo a aspers\u00e3o de \u00e1gua benta, atendendo e conversando com as pessoas, acolhendo a quem chegava, tirando foto com os fi\u00e9is de votos, acompanhando a entrada da Virgem das Alegrias todos os dias do OItav\u00e1rio e no dia da Festa. Tamb\u00e9m dirigiram momentos de ora\u00e7\u00e3o e reflex\u00e3o, com destaque para a reza di\u00e1ria, no Campinho, da Coroa das Sete Alegrias de Nossa Senhora, devo\u00e7\u00e3o introduzida na Igreja pelos franciscanos e que tocou o cora\u00e7\u00e3o daqueles que vieram fazer o Oitav\u00e1rio.<\/p>\n<p><img loading=\"lazy\" class=\"aligncenter wp-image-256837 size-full\" src=\"https:\/\/franciscanos.org.br\/noticias\/wp-content\/uploads\/2025\/04\/penha4.jpg\" alt=\"\" width=\"1280\" height=\"720\" srcset=\"https:\/\/franciscanos.org.br\/noticias\/wp-content\/uploads\/2025\/04\/penha4.jpg 1280w, https:\/\/franciscanos.org.br\/noticias\/wp-content\/uploads\/2025\/04\/penha4-450x253.jpg 450w, https:\/\/franciscanos.org.br\/noticias\/wp-content\/uploads\/2025\/04\/penha4-1024x576.jpg 1024w, https:\/\/franciscanos.org.br\/noticias\/wp-content\/uploads\/2025\/04\/penha4-768x432.jpg 768w, https:\/\/franciscanos.org.br\/noticias\/wp-content\/uploads\/2025\/04\/penha4-150x84.jpg 150w\" sizes=\"(max-width: 1280px) 100vw, 1280px\" \/><\/p>\n<h2 style=\"font-weight: 400;\"><span style=\"color: #993300;\">A Festa da proximidade<\/span><\/h2>\n<p style=\"font-weight: 400;\">Todos se sentem pr\u00f3ximos da M\u00e3e das Alegrias. T\u00eam intimidade com ela e fazem quest\u00e3o de partilhar os tesouros mais valiosos guardados no profundo do cora\u00e7\u00e3o. A prociss\u00e3o final, com a condu\u00e7\u00e3o da imagem do Parque da Prainha at\u00e9 o Convento com os frades, a p\u00e9, foi uma manifesta\u00e7\u00e3o improvisada e, ao mesmo tempo, emocionante. Junto com a M\u00e3e, os devotos acompanharam numa atitude de rever\u00eancia e ora\u00e7\u00e3o. Com a chegada ao port\u00e3o, os frades tornaram a virar Nossa Senhora de frente para o povo que, mais uma vez, vibrando de alegria e gratid\u00e3o, respondeu com acenos e beijos. \u00c9 um sentimento real e concreto de filia\u00e7\u00e3o que brota no \u00edntimo de cada devoto.<\/p>\n<p><img loading=\"lazy\" class=\"alignnone wp-image-256839 size-full\" src=\"https:\/\/franciscanos.org.br\/noticias\/wp-content\/uploads\/2025\/04\/penha6.jpg\" alt=\"\" width=\"1920\" height=\"1080\" srcset=\"https:\/\/franciscanos.org.br\/noticias\/wp-content\/uploads\/2025\/04\/penha6.jpg 1920w, https:\/\/franciscanos.org.br\/noticias\/wp-content\/uploads\/2025\/04\/penha6-450x253.jpg 450w, https:\/\/franciscanos.org.br\/noticias\/wp-content\/uploads\/2025\/04\/penha6-1024x576.jpg 1024w, https:\/\/franciscanos.org.br\/noticias\/wp-content\/uploads\/2025\/04\/penha6-768x432.jpg 768w, https:\/\/franciscanos.org.br\/noticias\/wp-content\/uploads\/2025\/04\/penha6-1536x864.jpg 1536w, https:\/\/franciscanos.org.br\/noticias\/wp-content\/uploads\/2025\/04\/penha6-150x84.jpg 150w\" sizes=\"(max-width: 1920px) 100vw, 1920px\" \/><\/p>\n<h2 style=\"font-weight: 400;\"><span style=\"color: #993300;\">A Festa da comunica\u00e7\u00e3o<\/span><\/h2>\n<p style=\"font-weight: 400;\">A Festa da C\u00e2mera, das fotos, dos v\u00eddeos, dos flashes. Das muitas horas de transmiss\u00e3o ao vivo pela TV, pelo r\u00e1dio e pela internet. Festa multim\u00eddia, levada para o Brasil e para o mundo pelo trabalho de um grande n\u00famero de profissionais e volunt\u00e1rios: jornalistas, fot\u00f3grafos, cinegrafistas, t\u00e9cnicos, locutores, assessores trabalharam duro para que Nossa Senhora passasse pela casa e pela vida daqueles que s\u00f3 puderam acompanhar a Festa da Penha pelos meios de Comunica\u00e7\u00e3o. A transmiss\u00e3o na \u00edntegra de quase toda a programa\u00e7\u00e3o da Festa se intensificou no per\u00edodo da pandemia produzindo uma comunica\u00e7\u00e3o din\u00e2mica, instant\u00e2nea e r\u00e1pida que veio para ficar.<\/p>\n<p><img loading=\"lazy\" class=\"aligncenter wp-image-256838 size-full\" src=\"https:\/\/franciscanos.org.br\/noticias\/wp-content\/uploads\/2025\/04\/penha5.jpg\" alt=\"\" width=\"1280\" height=\"720\" srcset=\"https:\/\/franciscanos.org.br\/noticias\/wp-content\/uploads\/2025\/04\/penha5.jpg 1280w, https:\/\/franciscanos.org.br\/noticias\/wp-content\/uploads\/2025\/04\/penha5-450x253.jpg 450w, https:\/\/franciscanos.org.br\/noticias\/wp-content\/uploads\/2025\/04\/penha5-1024x576.jpg 1024w, https:\/\/franciscanos.org.br\/noticias\/wp-content\/uploads\/2025\/04\/penha5-768x432.jpg 768w, https:\/\/franciscanos.org.br\/noticias\/wp-content\/uploads\/2025\/04\/penha5-150x84.jpg 150w\" sizes=\"(max-width: 1280px) 100vw, 1280px\" \/><\/p>\n<h2 style=\"font-weight: 400;\"><span style=\"color: #993300;\">A Festa das juventudes<\/span><\/h2>\n<p style=\"font-weight: 400;\">A participa\u00e7\u00e3o de jovens e adolescentes vem crescendo ano a ano. Em 2025, mais uma vez a Romaria dos Adolescentes teve sua concentra\u00e7\u00e3o no Parque da Prainha, na manh\u00e3 de s\u00e1bado, dia 26 de abril. Percorreram com alegria a subida da estrada do Convento e lotaram o Campinho, depositando energia e entusiasmo aos p\u00e9s de Nossa Senhora. \u201cOs adolescentes s\u00e3o flores que enfeita o jardim de Nossa Senhora\u201d, disse o frade que os acolheu. O presidente da celebra\u00e7\u00e3o eucar\u00edstica que concluiu a Romaria, Dom Andherson Franklin, Bispo Auxiliar de Vit\u00f3ria, elogios os adultos, sejam catequistas ou outras lideran\u00e7as, que se disp\u00f5em a acompanhar os grupos de adolescentes. \u201cVoc\u00eas fazem um bem enorme \u00e0 Igreja\u201d, disse, expressando gratid\u00e3o a eles pela entrega ao cuidado da juventude.<\/p>\n<p><img loading=\"lazy\" class=\"aligncenter wp-image-256624 size-full\" src=\"https:\/\/franciscanos.org.br\/noticias\/wp-content\/uploads\/2025\/04\/PENHA_HOMENS_7.jpg\" alt=\"\" width=\"1280\" height=\"720\" srcset=\"https:\/\/franciscanos.org.br\/noticias\/wp-content\/uploads\/2025\/04\/PENHA_HOMENS_7.jpg 1280w, https:\/\/franciscanos.org.br\/noticias\/wp-content\/uploads\/2025\/04\/PENHA_HOMENS_7-450x253.jpg 450w, https:\/\/franciscanos.org.br\/noticias\/wp-content\/uploads\/2025\/04\/PENHA_HOMENS_7-1024x576.jpg 1024w, https:\/\/franciscanos.org.br\/noticias\/wp-content\/uploads\/2025\/04\/PENHA_HOMENS_7-768x432.jpg 768w, https:\/\/franciscanos.org.br\/noticias\/wp-content\/uploads\/2025\/04\/PENHA_HOMENS_7-150x84.jpg 150w\" sizes=\"(max-width: 1280px) 100vw, 1280px\" \/><\/p>\n<h2 style=\"font-weight: 400;\"><span style=\"color: #993300;\">A Festa da inclus\u00e3o<\/span><\/h2>\n<p style=\"font-weight: 400;\">Realizada h\u00e1 30 anos, re\u00fane os \u201cpreferidos\u201d de Nossa Senhora da Penha, que v\u00eam em Romaria com seus cuidadores, especialmente pais e m\u00e3es, verdadeiros anjos da guarda que receberam de Deus uma incumb\u00eancia divina. Serem guardi\u00e3o do cuidado exigente dos mais fragilizados da sociedade. Foi no s\u00e1bado, dia 26 de abril, pela manh\u00e3, com sa\u00edda do Santu\u00e1rio do Divino Esp\u00edrito Santo, no Centro de Vila Velha, e chegada no Parque da Prainha, em frente \u00e0 Igreja. Como j\u00e1 de costume, esta Romaria sempre apresenta uma carta para ser lida e refletida, na qual s\u00e3o apresentadas algumas necessidades muito leg\u00edtimas das pessoas com defici\u00eancia. Neste ano, houve a insist\u00eancia para que se reforcem e ampliem as redes de apoio: A rede de apoio \u00e9 fundamental, pois oferece suporte emocional, educacional e social, promovendo o desenvolvimento pessoal e a autonomia das pessoas com alguma defici\u00eancia. Al\u00e9m disso, a inclus\u00e3o fortalece a sociedade como um todo, promovendo diversidade, respeito e igualdade de oportunidades\u201d, diz um trecho da carta-manifesto.<\/p>\n<p><img loading=\"lazy\" class=\"aligncenter wp-image-256535 size-full\" src=\"https:\/\/franciscanos.org.br\/noticias\/wp-content\/uploads\/2025\/04\/IMG_6433.jpg\" alt=\"\" width=\"1080\" height=\"720\" srcset=\"https:\/\/franciscanos.org.br\/noticias\/wp-content\/uploads\/2025\/04\/IMG_6433.jpg 1080w, https:\/\/franciscanos.org.br\/noticias\/wp-content\/uploads\/2025\/04\/IMG_6433-450x300.jpg 450w, https:\/\/franciscanos.org.br\/noticias\/wp-content\/uploads\/2025\/04\/IMG_6433-1024x683.jpg 1024w, https:\/\/franciscanos.org.br\/noticias\/wp-content\/uploads\/2025\/04\/IMG_6433-768x512.jpg 768w, https:\/\/franciscanos.org.br\/noticias\/wp-content\/uploads\/2025\/04\/IMG_6433-150x100.jpg 150w\" sizes=\"(max-width: 1080px) 100vw, 1080px\" \/><\/p>\n<h2><span style=\"color: #993300;\">A Festa dos &#8220;exageros&#8221;<\/span><\/h2>\n<p>Todos exageros bons. Os n\u00fameros s\u00e3o superlativos: 2,7 milh\u00f5es de fi\u00e9is, 600 km de percurso entre romarias, peregrina\u00e7\u00f5es, corrida e caminhadas, 100 mil copos de \u00e1gua mineral consumidos por todo o pessoal envolvido nos trabalhos, 54 missas, 14 romarias. A generosidade que faz vencer o cansa\u00e7o, suportar longas filas, ter a for\u00e7a para ir at\u00e9 o fim. Participar da Festa do Penha, cada ano, \u00e9 um banho de espiritualidade pascal, manifesta\u00e7\u00e3o popular da f\u00e9 no Ressuscitado e em sua M\u00e3e, a Vigem das Alergias. Viva Nossa Senhora da Penha.<\/p>\n<p><img loading=\"lazy\" class=\"aligncenter wp-image-256673 size-full\" src=\"https:\/\/franciscanos.org.br\/noticias\/wp-content\/uploads\/2025\/04\/IMG_7864.jpg\" alt=\"\" width=\"1080\" height=\"720\" srcset=\"https:\/\/franciscanos.org.br\/noticias\/wp-content\/uploads\/2025\/04\/IMG_7864.jpg 1080w, https:\/\/franciscanos.org.br\/noticias\/wp-content\/uploads\/2025\/04\/IMG_7864-450x300.jpg 450w, https:\/\/franciscanos.org.br\/noticias\/wp-content\/uploads\/2025\/04\/IMG_7864-1024x683.jpg 1024w, https:\/\/franciscanos.org.br\/noticias\/wp-content\/uploads\/2025\/04\/IMG_7864-768x512.jpg 768w, https:\/\/franciscanos.org.br\/noticias\/wp-content\/uploads\/2025\/04\/IMG_7864-150x100.jpg 150w\" sizes=\"(max-width: 1080px) 100vw, 1080px\" \/><\/p>\n<hr \/>\n<p><strong>Equipe de comunica\u00e7\u00e3o da Festa da Penha:<\/strong><br \/>\n<em>Frei Augusto Luiz Gabriel, Frei Gustavo Medella, Frei Roger Strapazzon<\/em><\/p>\n<p><em>Imagem de destaque: Danilo Lucca\/Divulga\u00e7\u00e3o da Festa da Penha<\/em><\/p>\n","protected":false},"excerpt":{"rendered":"<p>Festa da Penha 2025<\/p>\n","protected":false},"author":5,"featured_media":256840,"comment_status":"open","ping_status":"open","sticky":false,"template":"","format":"standard","meta":[],"categories":[1],"tags":[2293],"acf":[],"yoast_head":"<!-- This site is optimized with the Yoast SEO plugin v19.2 - https:\/\/yoast.com\/wordpress\/plugins\/seo\/ -->\n<title>Festa da Penha 2025: diversidade, carinho e piedade em homenagem \u00e0 M\u00e3e - Not\u00edcias - Franciscanos<\/title>\n<meta name=\"robots\" content=\"index, follow, max-snippet:-1, max-image-preview:large, max-video-preview:-1\" \/>\n<link rel=\"canonical\" href=\"https:\/\/franciscanos.org.br\/noticias\/festa-da-penha-2025-diversidade-carinho-e-piedade-em-homenagem-a-mae.html\" \/>\n<meta property=\"og:locale\" content=\"pt_BR\" \/>\n<meta property=\"og:type\" content=\"article\" \/>\n<meta property=\"og:title\" content=\"Festa da Penha 2025: diversidade, carinho e piedade em homenagem \u00e0 M\u00e3e - Not\u00edcias - Franciscanos\" \/>\n<meta property=\"og:description\" content=\"Festa da Penha 2025\" \/>\n<meta property=\"og:url\" content=\"https:\/\/franciscanos.org.br\/noticias\/festa-da-penha-2025-diversidade-carinho-e-piedade-em-homenagem-a-mae.html\" \/>\n<meta property=\"og:site_name\" content=\"Not\u00edcias - Franciscanos\" \/>\n<meta property=\"article:published_time\" content=\"2025-04-30T03:03:06+00:00\" \/>\n<meta property=\"article:modified_time\" content=\"2025-04-30T12:52:36+00:00\" \/>\n<meta property=\"og:image\" content=\"https:\/\/franciscanos.org.br\/noticias\/wp-content\/uploads\/2025\/04\/penha8.jpg\" \/>\n\t<meta property=\"og:image:width\" content=\"800\" \/>\n\t<meta property=\"og:image:height\" content=\"550\" \/>\n\t<meta property=\"og:image:type\" content=\"image\/jpeg\" \/>\n<meta name=\"author\" content=\"freiaugusto\" \/>\n<meta name=\"twitter:card\" content=\"summary_large_image\" \/>\n<meta name=\"twitter:label1\" content=\"Escrito por\" \/>\n\t<meta name=\"twitter:data1\" content=\"freiaugusto\" \/>\n\t<meta name=\"twitter:label2\" content=\"Est. tempo de leitura\" \/>\n\t<meta name=\"twitter:data2\" content=\"10 minutos\" \/>\n<script type=\"application\/ld+json\" class=\"yoast-schema-graph\">{\"@context\":\"https:\/\/schema.org\",\"@graph\":[{\"@type\":\"WebSite\",\"@id\":\"https:\/\/franciscanos.org.br\/noticias\/#website\",\"url\":\"https:\/\/franciscanos.org.br\/noticias\/\",\"name\":\"Not\u00edcias - Franciscanos\",\"description\":\"Prov\u00edncia Franciscana da Imaculada Concei\u00e7\u00e3o do Brasil - Ordem dos Frades Menores - OFM\",\"potentialAction\":[{\"@type\":\"SearchAction\",\"target\":{\"@type\":\"EntryPoint\",\"urlTemplate\":\"https:\/\/franciscanos.org.br\/noticias\/?s={search_term_string}\"},\"query-input\":\"required name=search_term_string\"}],\"inLanguage\":\"pt-BR\"},{\"@type\":\"ImageObject\",\"inLanguage\":\"pt-BR\",\"@id\":\"https:\/\/franciscanos.org.br\/noticias\/festa-da-penha-2025-diversidade-carinho-e-piedade-em-homenagem-a-mae.html#primaryimage\",\"url\":\"https:\/\/franciscanos.org.br\/noticias\/wp-content\/uploads\/2025\/04\/penha8.jpg\",\"contentUrl\":\"https:\/\/franciscanos.org.br\/noticias\/wp-content\/uploads\/2025\/04\/penha8.jpg\",\"width\":800,\"height\":550},{\"@type\":\"WebPage\",\"@id\":\"https:\/\/franciscanos.org.br\/noticias\/festa-da-penha-2025-diversidade-carinho-e-piedade-em-homenagem-a-mae.html#webpage\",\"url\":\"https:\/\/franciscanos.org.br\/noticias\/festa-da-penha-2025-diversidade-carinho-e-piedade-em-homenagem-a-mae.html\",\"name\":\"Festa da Penha 2025: diversidade, carinho e piedade em homenagem \u00e0 M\u00e3e - Not\u00edcias - Franciscanos\",\"isPartOf\":{\"@id\":\"https:\/\/franciscanos.org.br\/noticias\/#website\"},\"primaryImageOfPage\":{\"@id\":\"https:\/\/franciscanos.org.br\/noticias\/festa-da-penha-2025-diversidade-carinho-e-piedade-em-homenagem-a-mae.html#primaryimage\"},\"datePublished\":\"2025-04-30T03:03:06+00:00\",\"dateModified\":\"2025-04-30T12:52:36+00:00\",\"author\":{\"@id\":\"https:\/\/franciscanos.org.br\/noticias\/#\/schema\/person\/37f88f0d111cd5358b12a6556a99eb91\"},\"breadcrumb\":{\"@id\":\"https:\/\/franciscanos.org.br\/noticias\/festa-da-penha-2025-diversidade-carinho-e-piedade-em-homenagem-a-mae.html#breadcrumb\"},\"inLanguage\":\"pt-BR\",\"potentialAction\":[{\"@type\":\"ReadAction\",\"target\":[\"https:\/\/franciscanos.org.br\/noticias\/festa-da-penha-2025-diversidade-carinho-e-piedade-em-homenagem-a-mae.html\"]}]},{\"@type\":\"BreadcrumbList\",\"@id\":\"https:\/\/franciscanos.org.br\/noticias\/festa-da-penha-2025-diversidade-carinho-e-piedade-em-homenagem-a-mae.html#breadcrumb\",\"itemListElement\":[{\"@type\":\"ListItem\",\"position\":1,\"name\":\"Home\",\"item\":\"https:\/\/franciscanos.org.br\/noticias\"},{\"@type\":\"ListItem\",\"position\":2,\"name\":\"Festa da Penha 2025: diversidade, carinho e piedade em homenagem \u00e0 M\u00e3e\"}]},{\"@type\":\"Person\",\"@id\":\"https:\/\/franciscanos.org.br\/noticias\/#\/schema\/person\/37f88f0d111cd5358b12a6556a99eb91\",\"name\":\"freiaugusto\",\"image\":{\"@type\":\"ImageObject\",\"inLanguage\":\"pt-BR\",\"@id\":\"https:\/\/franciscanos.org.br\/noticias\/#\/schema\/person\/image\/\",\"url\":\"https:\/\/secure.gravatar.com\/avatar\/9840b940e621801b24f3e6b059efb4b7?s=96&d=mm&r=g\",\"contentUrl\":\"https:\/\/secure.gravatar.com\/avatar\/9840b940e621801b24f3e6b059efb4b7?s=96&d=mm&r=g\",\"caption\":\"freiaugusto\"},\"url\":\"https:\/\/franciscanos.org.br\/noticias\/author\/freiaugusto\"}]}<\/script>\n<!-- \/ Yoast SEO plugin. -->","yoast_head_json":{"title":"Festa da Penha 2025: diversidade, carinho e piedade em homenagem \u00e0 M\u00e3e - Not\u00edcias - Franciscanos","robots":{"index":"index","follow":"follow","max-snippet":"max-snippet:-1","max-image-preview":"max-image-preview:large","max-video-preview":"max-video-preview:-1"},"canonical":"https:\/\/franciscanos.org.br\/noticias\/festa-da-penha-2025-diversidade-carinho-e-piedade-em-homenagem-a-mae.html","og_locale":"pt_BR","og_type":"article","og_title":"Festa da Penha 2025: diversidade, carinho e piedade em homenagem \u00e0 M\u00e3e - Not\u00edcias - Franciscanos","og_description":"Festa da Penha 2025","og_url":"https:\/\/franciscanos.org.br\/noticias\/festa-da-penha-2025-diversidade-carinho-e-piedade-em-homenagem-a-mae.html","og_site_name":"Not\u00edcias - Franciscanos","article_published_time":"2025-04-30T03:03:06+00:00","article_modified_time":"2025-04-30T12:52:36+00:00","og_image":[{"width":800,"height":550,"url":"https:\/\/franciscanos.org.br\/noticias\/wp-content\/uploads\/2025\/04\/penha8.jpg","type":"image\/jpeg"}],"author":"freiaugusto","twitter_card":"summary_large_image","twitter_misc":{"Escrito por":"freiaugusto","Est. tempo de leitura":"10 minutos"},"schema":{"@context":"https:\/\/schema.org","@graph":[{"@type":"WebSite","@id":"https:\/\/franciscanos.org.br\/noticias\/#website","url":"https:\/\/franciscanos.org.br\/noticias\/","name":"Not\u00edcias - Franciscanos","description":"Prov\u00edncia Franciscana da Imaculada Concei\u00e7\u00e3o do Brasil - Ordem dos Frades Menores - OFM","potentialAction":[{"@type":"SearchAction","target":{"@type":"EntryPoint","urlTemplate":"https:\/\/franciscanos.org.br\/noticias\/?s={search_term_string}"},"query-input":"required name=search_term_string"}],"inLanguage":"pt-BR"},{"@type":"ImageObject","inLanguage":"pt-BR","@id":"https:\/\/franciscanos.org.br\/noticias\/festa-da-penha-2025-diversidade-carinho-e-piedade-em-homenagem-a-mae.html#primaryimage","url":"https:\/\/franciscanos.org.br\/noticias\/wp-content\/uploads\/2025\/04\/penha8.jpg","contentUrl":"https:\/\/franciscanos.org.br\/noticias\/wp-content\/uploads\/2025\/04\/penha8.jpg","width":800,"height":550},{"@type":"WebPage","@id":"https:\/\/franciscanos.org.br\/noticias\/festa-da-penha-2025-diversidade-carinho-e-piedade-em-homenagem-a-mae.html#webpage","url":"https:\/\/franciscanos.org.br\/noticias\/festa-da-penha-2025-diversidade-carinho-e-piedade-em-homenagem-a-mae.html","name":"Festa da Penha 2025: diversidade, carinho e piedade em homenagem \u00e0 M\u00e3e - Not\u00edcias - Franciscanos","isPartOf":{"@id":"https:\/\/franciscanos.org.br\/noticias\/#website"},"primaryImageOfPage":{"@id":"https:\/\/franciscanos.org.br\/noticias\/festa-da-penha-2025-diversidade-carinho-e-piedade-em-homenagem-a-mae.html#primaryimage"},"datePublished":"2025-04-30T03:03:06+00:00","dateModified":"2025-04-30T12:52:36+00:00","author":{"@id":"https:\/\/franciscanos.org.br\/noticias\/#\/schema\/person\/37f88f0d111cd5358b12a6556a99eb91"},"breadcrumb":{"@id":"https:\/\/franciscanos.org.br\/noticias\/festa-da-penha-2025-diversidade-carinho-e-piedade-em-homenagem-a-mae.html#breadcrumb"},"inLanguage":"pt-BR","potentialAction":[{"@type":"ReadAction","target":["https:\/\/franciscanos.org.br\/noticias\/festa-da-penha-2025-diversidade-carinho-e-piedade-em-homenagem-a-mae.html"]}]},{"@type":"BreadcrumbList","@id":"https:\/\/franciscanos.org.br\/noticias\/festa-da-penha-2025-diversidade-carinho-e-piedade-em-homenagem-a-mae.html#breadcrumb","itemListElement":[{"@type":"ListItem","position":1,"name":"Home","item":"https:\/\/franciscanos.org.br\/noticias"},{"@type":"ListItem","position":2,"name":"Festa da Penha 2025: diversidade, carinho e piedade em homenagem \u00e0 M\u00e3e"}]},{"@type":"Person","@id":"https:\/\/franciscanos.org.br\/noticias\/#\/schema\/person\/37f88f0d111cd5358b12a6556a99eb91","name":"freiaugusto","image":{"@type":"ImageObject","inLanguage":"pt-BR","@id":"https:\/\/franciscanos.org.br\/noticias\/#\/schema\/person\/image\/","url":"https:\/\/secure.gravatar.com\/avatar\/9840b940e621801b24f3e6b059efb4b7?s=96&d=mm&r=g","contentUrl":"https:\/\/secure.gravatar.com\/avatar\/9840b940e621801b24f3e6b059efb4b7?s=96&d=mm&r=g","caption":"freiaugusto"},"url":"https:\/\/franciscanos.org.br\/noticias\/author\/freiaugusto"}]}},"_links":{"self":[{"href":"https:\/\/franciscanos.org.br\/noticias\/wp-json\/wp\/v2\/posts\/256833"}],"collection":[{"href":"https:\/\/franciscanos.org.br\/noticias\/wp-json\/wp\/v2\/posts"}],"about":[{"href":"https:\/\/franciscanos.org.br\/noticias\/wp-json\/wp\/v2\/types\/post"}],"author":[{"embeddable":true,"href":"https:\/\/franciscanos.org.br\/noticias\/wp-json\/wp\/v2\/users\/5"}],"replies":[{"embeddable":true,"href":"https:\/\/franciscanos.org.br\/noticias\/wp-json\/wp\/v2\/comments?post=256833"}],"version-history":[{"count":18,"href":"https:\/\/franciscanos.org.br\/noticias\/wp-json\/wp\/v2\/posts\/256833\/revisions"}],"predecessor-version":[{"id":256859,"href":"https:\/\/franciscanos.org.br\/noticias\/wp-json\/wp\/v2\/posts\/256833\/revisions\/256859"}],"wp:featuredmedia":[{"embeddable":true,"href":"https:\/\/franciscanos.org.br\/noticias\/wp-json\/wp\/v2\/media\/256840"}],"wp:attachment":[{"href":"https:\/\/franciscanos.org.br\/noticias\/wp-json\/wp\/v2\/media?parent=256833"}],"wp:term":[{"taxonomy":"category","embeddable":true,"href":"https:\/\/franciscanos.org.br\/noticias\/wp-json\/wp\/v2\/categories?post=256833"},{"taxonomy":"post_tag","embeddable":true,"href":"https:\/\/franciscanos.org.br\/noticias\/wp-json\/wp\/v2\/tags?post=256833"}],"curies":[{"name":"wp","href":"https:\/\/api.w.org\/{rel}","templated":true}]}}