{"id":256795,"date":"2025-04-29T11:18:23","date_gmt":"2025-04-29T14:18:23","guid":{"rendered":"https:\/\/franciscanos.org.br\/noticias\/?p=256795"},"modified":"2025-04-29T13:36:56","modified_gmt":"2025-04-29T16:36:56","slug":"rede-celinauta-inicia-transmissao-diaria-da-novena-e-missa-de-frei-galvao-diretamente-de-guaratingueta","status":"publish","type":"post","link":"https:\/\/franciscanos.org.br\/noticias\/rede-celinauta-inicia-transmissao-diaria-da-novena-e-missa-de-frei-galvao-diretamente-de-guaratingueta.html","title":{"rendered":"Rede Celinauta inicia transmiss\u00e3o di\u00e1ria da novena e missa de Frei Galv\u00e3o, diretamente de Guaratinguet\u00e1"},"content":{"rendered":"<p><img loading=\"lazy\" class=\"aligncenter wp-image-256797 size-full\" src=\"https:\/\/franciscanos.org.br\/noticias\/wp-content\/uploads\/2025\/04\/freigalvao1.jpg\" alt=\"\" width=\"1280\" height=\"720\" srcset=\"https:\/\/franciscanos.org.br\/noticias\/wp-content\/uploads\/2025\/04\/freigalvao1.jpg 1280w, https:\/\/franciscanos.org.br\/noticias\/wp-content\/uploads\/2025\/04\/freigalvao1-450x253.jpg 450w, https:\/\/franciscanos.org.br\/noticias\/wp-content\/uploads\/2025\/04\/freigalvao1-1024x576.jpg 1024w, https:\/\/franciscanos.org.br\/noticias\/wp-content\/uploads\/2025\/04\/freigalvao1-768x432.jpg 768w, https:\/\/franciscanos.org.br\/noticias\/wp-content\/uploads\/2025\/04\/freigalvao1-150x84.jpg 150w\" sizes=\"(max-width: 1280px) 100vw, 1280px\" \/><\/p>\n<p style=\"font-weight: 400;\"><strong>Pato Branco (PR) &#8211;<\/strong> Nesta ter\u00e7a-feira, 29 de abril, a Rede Celinauta de Comunica\u00e7\u00e3o de Pato Branco (PR), d\u00e1 in\u00edcio a um novo e significativo momento de evangeliza\u00e7\u00e3o: a transmiss\u00e3o di\u00e1ria da novena perp\u00e9tua e da missa do Santu\u00e1rio de S\u00e3o Frei Galv\u00e3o, a partir de Guaratinguet\u00e1 (SP). As transmiss\u00f5es ser\u00e3o realizadas diretamente do santu\u00e1rio dedicado ao primeiro santo brasileiro, fortalecendo o alcance da f\u00e9 e da devo\u00e7\u00e3o popular.<\/p>\n<p style=\"font-weight: 400;\">A novena, rezada em honra a Frei Galv\u00e3o, ser\u00e1 transmitida todos os dias \u00e0s 14h40, enquanto a missa ser\u00e1 transmitida \u00e0s 17h, com a participa\u00e7\u00e3o de devotos e romeiros de diversas partes do Brasil. Ao final de cada celebra\u00e7\u00e3o, a tradicional ora\u00e7\u00e3o em honra a Frei Galv\u00e3o ser\u00e1 rezada, permitindo que todos os que acompanham pela Rede Celinauta possam unir-se espiritualmente ao Santu\u00e1rio.<\/p>\n<p><img loading=\"lazy\" class=\"aligncenter wp-image-256799 size-full\" src=\"https:\/\/franciscanos.org.br\/noticias\/wp-content\/uploads\/2025\/04\/freigalvao.jpg\" alt=\"\" width=\"1280\" height=\"720\" srcset=\"https:\/\/franciscanos.org.br\/noticias\/wp-content\/uploads\/2025\/04\/freigalvao.jpg 1280w, https:\/\/franciscanos.org.br\/noticias\/wp-content\/uploads\/2025\/04\/freigalvao-450x253.jpg 450w, https:\/\/franciscanos.org.br\/noticias\/wp-content\/uploads\/2025\/04\/freigalvao-1024x576.jpg 1024w, https:\/\/franciscanos.org.br\/noticias\/wp-content\/uploads\/2025\/04\/freigalvao-768x432.jpg 768w, https:\/\/franciscanos.org.br\/noticias\/wp-content\/uploads\/2025\/04\/freigalvao-150x84.jpg 150w\" sizes=\"(max-width: 1280px) 100vw, 1280px\" \/><\/p>\n<p style=\"font-weight: 400;\">O reitor do Santu\u00e1rio de S\u00e3o Frei Galv\u00e3o, Frei Diego, expressou em entrevista a Tv Sudoeste a alegria da nova parceria e destacou a import\u00e2ncia dos meios de comunica\u00e7\u00e3o na miss\u00e3o de evangelizar. \u201cQueremos aproximar ainda mais os devotos de Frei Galv\u00e3o, levando a f\u00e9, a devo\u00e7\u00e3o e os testemunhos de milagres atrav\u00e9s dessas transmiss\u00f5es\u201d, afirmou. Ele tamb\u00e9m lembrou que, al\u00e9m das transmiss\u00f5es ao vivo, ser\u00e1 poss\u00edvel solicitar as conhecidas \u201cp\u00edlulas de Frei Galv\u00e3o\u201d, que continuar\u00e3o sendo enviadas pelos Correios com todo carinho a quem desejar receb\u00ea-las.<\/p>\n<p style=\"font-weight: 400;\">O Santu\u00e1rio de Frei Galv\u00e3o tem registrado um n\u00famero crescente de visitantes. Al\u00e9m dos romeiros de S\u00e3o Paulo, h\u00e1 forte presen\u00e7a de devotos do Paran\u00e1, especialmente da regi\u00e3o sudoeste do estado, segundo destacou Frei Diego. \u201cQueremos manter esta comunh\u00e3o com todos os que nos visitam e, tamb\u00e9m, com aqueles que nos acompanham \u00e0 dist\u00e2ncia\u201d, acrescentou o reitor.<\/p>\n<p><img loading=\"lazy\" class=\"aligncenter wp-image-256796 size-full\" src=\"https:\/\/franciscanos.org.br\/noticias\/wp-content\/uploads\/2025\/04\/freigalvao3.jpg\" alt=\"\" width=\"1280\" height=\"721\" srcset=\"https:\/\/franciscanos.org.br\/noticias\/wp-content\/uploads\/2025\/04\/freigalvao3.jpg 1280w, https:\/\/franciscanos.org.br\/noticias\/wp-content\/uploads\/2025\/04\/freigalvao3-450x253.jpg 450w, https:\/\/franciscanos.org.br\/noticias\/wp-content\/uploads\/2025\/04\/freigalvao3-1024x577.jpg 1024w, https:\/\/franciscanos.org.br\/noticias\/wp-content\/uploads\/2025\/04\/freigalvao3-768x433.jpg 768w, https:\/\/franciscanos.org.br\/noticias\/wp-content\/uploads\/2025\/04\/freigalvao3-150x84.jpg 150w\" sizes=\"(max-width: 1280px) 100vw, 1280px\" \/><\/p>\n<p style=\"font-weight: 400;\">A localiza\u00e7\u00e3o do Santu\u00e1rio, pr\u00f3ximo \u00e0 cidade de Aparecida, facilita o acesso aos peregrinos que visitam o maior centro de devo\u00e7\u00e3o mariana do pa\u00eds. Frei Diego refor\u00e7ou o convite: \u201cVindo a Aparecida, estenda sua visita a Guaratinguet\u00e1 e conhe\u00e7a o Santu\u00e1rio do nosso primeiro santo brasileiro\u201d.<\/p>\n<p style=\"font-weight: 400;\">Com esta iniciativa, a Rede Celinauta e o Santu\u00e1rio de Frei Galv\u00e3o reafirmam seu compromisso de utilizar os meios de comunica\u00e7\u00e3o dispon\u00edveis para propagar a f\u00e9, a esperan\u00e7a e a devo\u00e7\u00e3o, em comunh\u00e3o com a miss\u00e3o da Prov\u00edncia Franciscana da Imaculada Concei\u00e7\u00e3o do Brasil, \u00e0 qual ambas as institui\u00e7\u00f5es pertencem.<\/p>\n<p><em>Frei Augusto Luiz Gabriel<\/em><\/p>\n<p><img loading=\"lazy\" class=\"aligncenter wp-image-256798 size-full\" src=\"https:\/\/franciscanos.org.br\/noticias\/wp-content\/uploads\/2025\/04\/freigalvao2.jpg\" alt=\"\" width=\"1280\" height=\"720\" srcset=\"https:\/\/franciscanos.org.br\/noticias\/wp-content\/uploads\/2025\/04\/freigalvao2.jpg 1280w, https:\/\/franciscanos.org.br\/noticias\/wp-content\/uploads\/2025\/04\/freigalvao2-450x253.jpg 450w, https:\/\/franciscanos.org.br\/noticias\/wp-content\/uploads\/2025\/04\/freigalvao2-1024x576.jpg 1024w, https:\/\/franciscanos.org.br\/noticias\/wp-content\/uploads\/2025\/04\/freigalvao2-768x432.jpg 768w, https:\/\/franciscanos.org.br\/noticias\/wp-content\/uploads\/2025\/04\/freigalvao2-150x84.jpg 150w\" sizes=\"(max-width: 1280px) 100vw, 1280px\" \/><\/p>\n<p><iframe loading=\"lazy\" title=\"YouTube video player\" src=\"https:\/\/www.youtube.com\/embed\/jgeoUQtq66g?si=WsVoz9G_9sNxFnrE\" width=\"100%\" height=\"480\" frameborder=\"0\" allowfullscreen=\"allowfullscreen\"><span data-mce-type=\"bookmark\" style=\"display: inline-block; width: 0px; overflow: hidden; line-height: 0;\" class=\"mce_SELRES_start\">\ufeff<\/span><\/iframe><\/p>\n","protected":false},"excerpt":{"rendered":"<p>Frente de Evangeliza\u00e7\u00e3o da Comunica\u00e7\u00e3o<\/p>\n","protected":false},"author":5,"featured_media":256801,"comment_status":"open","ping_status":"open","sticky":false,"template":"","format":"standard","meta":[],"categories":[1],"tags":[550,2332,1434,1821],"acf":[],"yoast_head":"<!-- This site is optimized with the Yoast SEO plugin v19.2 - https:\/\/yoast.com\/wordpress\/plugins\/seo\/ -->\n<title>Rede Celinauta inicia transmiss\u00e3o di\u00e1ria da novena e missa de Frei Galv\u00e3o, diretamente de Guaratinguet\u00e1 - Not\u00edcias - Franciscanos<\/title>\n<meta name=\"robots\" content=\"index, follow, max-snippet:-1, max-image-preview:large, max-video-preview:-1\" \/>\n<link rel=\"canonical\" href=\"https:\/\/franciscanos.org.br\/noticias\/rede-celinauta-inicia-transmissao-diaria-da-novena-e-missa-de-frei-galvao-diretamente-de-guaratingueta.html\" \/>\n<meta property=\"og:locale\" content=\"pt_BR\" \/>\n<meta property=\"og:type\" content=\"article\" \/>\n<meta property=\"og:title\" content=\"Rede Celinauta inicia transmiss\u00e3o di\u00e1ria da novena e missa de Frei Galv\u00e3o, diretamente de Guaratinguet\u00e1 - Not\u00edcias - Franciscanos\" \/>\n<meta property=\"og:description\" content=\"Frente de Evangeliza\u00e7\u00e3o da Comunica\u00e7\u00e3o\" \/>\n<meta property=\"og:url\" content=\"https:\/\/franciscanos.org.br\/noticias\/rede-celinauta-inicia-transmissao-diaria-da-novena-e-missa-de-frei-galvao-diretamente-de-guaratingueta.html\" \/>\n<meta property=\"og:site_name\" content=\"Not\u00edcias - Franciscanos\" \/>\n<meta property=\"article:published_time\" content=\"2025-04-29T14:18:23+00:00\" \/>\n<meta property=\"article:modified_time\" content=\"2025-04-29T16:36:56+00:00\" \/>\n<meta property=\"og:image\" content=\"https:\/\/franciscanos.org.br\/noticias\/wp-content\/uploads\/2025\/04\/freigalvao4.jpg\" \/>\n\t<meta property=\"og:image:width\" content=\"800\" \/>\n\t<meta property=\"og:image:height\" content=\"550\" \/>\n\t<meta property=\"og:image:type\" content=\"image\/jpeg\" \/>\n<meta name=\"author\" content=\"freiaugusto\" \/>\n<meta name=\"twitter:card\" content=\"summary_large_image\" \/>\n<meta name=\"twitter:label1\" content=\"Escrito por\" \/>\n\t<meta name=\"twitter:data1\" content=\"freiaugusto\" \/>\n\t<meta name=\"twitter:label2\" content=\"Est. tempo de leitura\" \/>\n\t<meta name=\"twitter:data2\" content=\"2 minutos\" \/>\n<script type=\"application\/ld+json\" class=\"yoast-schema-graph\">{\"@context\":\"https:\/\/schema.org\",\"@graph\":[{\"@type\":\"WebSite\",\"@id\":\"https:\/\/franciscanos.org.br\/noticias\/#website\",\"url\":\"https:\/\/franciscanos.org.br\/noticias\/\",\"name\":\"Not\u00edcias - Franciscanos\",\"description\":\"Prov\u00edncia Franciscana da Imaculada Concei\u00e7\u00e3o do Brasil - Ordem dos Frades Menores - OFM\",\"potentialAction\":[{\"@type\":\"SearchAction\",\"target\":{\"@type\":\"EntryPoint\",\"urlTemplate\":\"https:\/\/franciscanos.org.br\/noticias\/?s={search_term_string}\"},\"query-input\":\"required name=search_term_string\"}],\"inLanguage\":\"pt-BR\"},{\"@type\":\"ImageObject\",\"inLanguage\":\"pt-BR\",\"@id\":\"https:\/\/franciscanos.org.br\/noticias\/rede-celinauta-inicia-transmissao-diaria-da-novena-e-missa-de-frei-galvao-diretamente-de-guaratingueta.html#primaryimage\",\"url\":\"https:\/\/franciscanos.org.br\/noticias\/wp-content\/uploads\/2025\/04\/freigalvao4.jpg\",\"contentUrl\":\"https:\/\/franciscanos.org.br\/noticias\/wp-content\/uploads\/2025\/04\/freigalvao4.jpg\",\"width\":800,\"height\":550},{\"@type\":\"WebPage\",\"@id\":\"https:\/\/franciscanos.org.br\/noticias\/rede-celinauta-inicia-transmissao-diaria-da-novena-e-missa-de-frei-galvao-diretamente-de-guaratingueta.html#webpage\",\"url\":\"https:\/\/franciscanos.org.br\/noticias\/rede-celinauta-inicia-transmissao-diaria-da-novena-e-missa-de-frei-galvao-diretamente-de-guaratingueta.html\",\"name\":\"Rede Celinauta inicia transmiss\u00e3o di\u00e1ria da novena e missa de Frei Galv\u00e3o, diretamente de Guaratinguet\u00e1 - Not\u00edcias - Franciscanos\",\"isPartOf\":{\"@id\":\"https:\/\/franciscanos.org.br\/noticias\/#website\"},\"primaryImageOfPage\":{\"@id\":\"https:\/\/franciscanos.org.br\/noticias\/rede-celinauta-inicia-transmissao-diaria-da-novena-e-missa-de-frei-galvao-diretamente-de-guaratingueta.html#primaryimage\"},\"datePublished\":\"2025-04-29T14:18:23+00:00\",\"dateModified\":\"2025-04-29T16:36:56+00:00\",\"author\":{\"@id\":\"https:\/\/franciscanos.org.br\/noticias\/#\/schema\/person\/37f88f0d111cd5358b12a6556a99eb91\"},\"breadcrumb\":{\"@id\":\"https:\/\/franciscanos.org.br\/noticias\/rede-celinauta-inicia-transmissao-diaria-da-novena-e-missa-de-frei-galvao-diretamente-de-guaratingueta.html#breadcrumb\"},\"inLanguage\":\"pt-BR\",\"potentialAction\":[{\"@type\":\"ReadAction\",\"target\":[\"https:\/\/franciscanos.org.br\/noticias\/rede-celinauta-inicia-transmissao-diaria-da-novena-e-missa-de-frei-galvao-diretamente-de-guaratingueta.html\"]}]},{\"@type\":\"BreadcrumbList\",\"@id\":\"https:\/\/franciscanos.org.br\/noticias\/rede-celinauta-inicia-transmissao-diaria-da-novena-e-missa-de-frei-galvao-diretamente-de-guaratingueta.html#breadcrumb\",\"itemListElement\":[{\"@type\":\"ListItem\",\"position\":1,\"name\":\"Home\",\"item\":\"https:\/\/franciscanos.org.br\/noticias\"},{\"@type\":\"ListItem\",\"position\":2,\"name\":\"Rede Celinauta inicia transmiss\u00e3o di\u00e1ria da novena e missa de Frei Galv\u00e3o, diretamente de Guaratinguet\u00e1\"}]},{\"@type\":\"Person\",\"@id\":\"https:\/\/franciscanos.org.br\/noticias\/#\/schema\/person\/37f88f0d111cd5358b12a6556a99eb91\",\"name\":\"freiaugusto\",\"image\":{\"@type\":\"ImageObject\",\"inLanguage\":\"pt-BR\",\"@id\":\"https:\/\/franciscanos.org.br\/noticias\/#\/schema\/person\/image\/\",\"url\":\"https:\/\/secure.gravatar.com\/avatar\/9840b940e621801b24f3e6b059efb4b7?s=96&d=mm&r=g\",\"contentUrl\":\"https:\/\/secure.gravatar.com\/avatar\/9840b940e621801b24f3e6b059efb4b7?s=96&d=mm&r=g\",\"caption\":\"freiaugusto\"},\"url\":\"https:\/\/franciscanos.org.br\/noticias\/author\/freiaugusto\"}]}<\/script>\n<!-- \/ Yoast SEO plugin. -->","yoast_head_json":{"title":"Rede Celinauta inicia transmiss\u00e3o di\u00e1ria da novena e missa de Frei Galv\u00e3o, diretamente de Guaratinguet\u00e1 - Not\u00edcias - Franciscanos","robots":{"index":"index","follow":"follow","max-snippet":"max-snippet:-1","max-image-preview":"max-image-preview:large","max-video-preview":"max-video-preview:-1"},"canonical":"https:\/\/franciscanos.org.br\/noticias\/rede-celinauta-inicia-transmissao-diaria-da-novena-e-missa-de-frei-galvao-diretamente-de-guaratingueta.html","og_locale":"pt_BR","og_type":"article","og_title":"Rede Celinauta inicia transmiss\u00e3o di\u00e1ria da novena e missa de Frei Galv\u00e3o, diretamente de Guaratinguet\u00e1 - Not\u00edcias - Franciscanos","og_description":"Frente de Evangeliza\u00e7\u00e3o da Comunica\u00e7\u00e3o","og_url":"https:\/\/franciscanos.org.br\/noticias\/rede-celinauta-inicia-transmissao-diaria-da-novena-e-missa-de-frei-galvao-diretamente-de-guaratingueta.html","og_site_name":"Not\u00edcias - Franciscanos","article_published_time":"2025-04-29T14:18:23+00:00","article_modified_time":"2025-04-29T16:36:56+00:00","og_image":[{"width":800,"height":550,"url":"https:\/\/franciscanos.org.br\/noticias\/wp-content\/uploads\/2025\/04\/freigalvao4.jpg","type":"image\/jpeg"}],"author":"freiaugusto","twitter_card":"summary_large_image","twitter_misc":{"Escrito por":"freiaugusto","Est. tempo de leitura":"2 minutos"},"schema":{"@context":"https:\/\/schema.org","@graph":[{"@type":"WebSite","@id":"https:\/\/franciscanos.org.br\/noticias\/#website","url":"https:\/\/franciscanos.org.br\/noticias\/","name":"Not\u00edcias - Franciscanos","description":"Prov\u00edncia Franciscana da Imaculada Concei\u00e7\u00e3o do Brasil - Ordem dos Frades Menores - OFM","potentialAction":[{"@type":"SearchAction","target":{"@type":"EntryPoint","urlTemplate":"https:\/\/franciscanos.org.br\/noticias\/?s={search_term_string}"},"query-input":"required name=search_term_string"}],"inLanguage":"pt-BR"},{"@type":"ImageObject","inLanguage":"pt-BR","@id":"https:\/\/franciscanos.org.br\/noticias\/rede-celinauta-inicia-transmissao-diaria-da-novena-e-missa-de-frei-galvao-diretamente-de-guaratingueta.html#primaryimage","url":"https:\/\/franciscanos.org.br\/noticias\/wp-content\/uploads\/2025\/04\/freigalvao4.jpg","contentUrl":"https:\/\/franciscanos.org.br\/noticias\/wp-content\/uploads\/2025\/04\/freigalvao4.jpg","width":800,"height":550},{"@type":"WebPage","@id":"https:\/\/franciscanos.org.br\/noticias\/rede-celinauta-inicia-transmissao-diaria-da-novena-e-missa-de-frei-galvao-diretamente-de-guaratingueta.html#webpage","url":"https:\/\/franciscanos.org.br\/noticias\/rede-celinauta-inicia-transmissao-diaria-da-novena-e-missa-de-frei-galvao-diretamente-de-guaratingueta.html","name":"Rede Celinauta inicia transmiss\u00e3o di\u00e1ria da novena e missa de Frei Galv\u00e3o, diretamente de Guaratinguet\u00e1 - Not\u00edcias - Franciscanos","isPartOf":{"@id":"https:\/\/franciscanos.org.br\/noticias\/#website"},"primaryImageOfPage":{"@id":"https:\/\/franciscanos.org.br\/noticias\/rede-celinauta-inicia-transmissao-diaria-da-novena-e-missa-de-frei-galvao-diretamente-de-guaratingueta.html#primaryimage"},"datePublished":"2025-04-29T14:18:23+00:00","dateModified":"2025-04-29T16:36:56+00:00","author":{"@id":"https:\/\/franciscanos.org.br\/noticias\/#\/schema\/person\/37f88f0d111cd5358b12a6556a99eb91"},"breadcrumb":{"@id":"https:\/\/franciscanos.org.br\/noticias\/rede-celinauta-inicia-transmissao-diaria-da-novena-e-missa-de-frei-galvao-diretamente-de-guaratingueta.html#breadcrumb"},"inLanguage":"pt-BR","potentialAction":[{"@type":"ReadAction","target":["https:\/\/franciscanos.org.br\/noticias\/rede-celinauta-inicia-transmissao-diaria-da-novena-e-missa-de-frei-galvao-diretamente-de-guaratingueta.html"]}]},{"@type":"BreadcrumbList","@id":"https:\/\/franciscanos.org.br\/noticias\/rede-celinauta-inicia-transmissao-diaria-da-novena-e-missa-de-frei-galvao-diretamente-de-guaratingueta.html#breadcrumb","itemListElement":[{"@type":"ListItem","position":1,"name":"Home","item":"https:\/\/franciscanos.org.br\/noticias"},{"@type":"ListItem","position":2,"name":"Rede Celinauta inicia transmiss\u00e3o di\u00e1ria da novena e missa de Frei Galv\u00e3o, diretamente de Guaratinguet\u00e1"}]},{"@type":"Person","@id":"https:\/\/franciscanos.org.br\/noticias\/#\/schema\/person\/37f88f0d111cd5358b12a6556a99eb91","name":"freiaugusto","image":{"@type":"ImageObject","inLanguage":"pt-BR","@id":"https:\/\/franciscanos.org.br\/noticias\/#\/schema\/person\/image\/","url":"https:\/\/secure.gravatar.com\/avatar\/9840b940e621801b24f3e6b059efb4b7?s=96&d=mm&r=g","contentUrl":"https:\/\/secure.gravatar.com\/avatar\/9840b940e621801b24f3e6b059efb4b7?s=96&d=mm&r=g","caption":"freiaugusto"},"url":"https:\/\/franciscanos.org.br\/noticias\/author\/freiaugusto"}]}},"_links":{"self":[{"href":"https:\/\/franciscanos.org.br\/noticias\/wp-json\/wp\/v2\/posts\/256795"}],"collection":[{"href":"https:\/\/franciscanos.org.br\/noticias\/wp-json\/wp\/v2\/posts"}],"about":[{"href":"https:\/\/franciscanos.org.br\/noticias\/wp-json\/wp\/v2\/types\/post"}],"author":[{"embeddable":true,"href":"https:\/\/franciscanos.org.br\/noticias\/wp-json\/wp\/v2\/users\/5"}],"replies":[{"embeddable":true,"href":"https:\/\/franciscanos.org.br\/noticias\/wp-json\/wp\/v2\/comments?post=256795"}],"version-history":[{"count":4,"href":"https:\/\/franciscanos.org.br\/noticias\/wp-json\/wp\/v2\/posts\/256795\/revisions"}],"predecessor-version":[{"id":256830,"href":"https:\/\/franciscanos.org.br\/noticias\/wp-json\/wp\/v2\/posts\/256795\/revisions\/256830"}],"wp:featuredmedia":[{"embeddable":true,"href":"https:\/\/franciscanos.org.br\/noticias\/wp-json\/wp\/v2\/media\/256801"}],"wp:attachment":[{"href":"https:\/\/franciscanos.org.br\/noticias\/wp-json\/wp\/v2\/media?parent=256795"}],"wp:term":[{"taxonomy":"category","embeddable":true,"href":"https:\/\/franciscanos.org.br\/noticias\/wp-json\/wp\/v2\/categories?post=256795"},{"taxonomy":"post_tag","embeddable":true,"href":"https:\/\/franciscanos.org.br\/noticias\/wp-json\/wp\/v2\/tags?post=256795"}],"curies":[{"name":"wp","href":"https:\/\/api.w.org\/{rel}","templated":true}]}}