{"id":256697,"date":"2025-04-28T03:06:00","date_gmt":"2025-04-28T06:06:00","guid":{"rendered":"https:\/\/franciscanos.org.br\/noticias\/?p=256697"},"modified":"2025-04-28T10:49:43","modified_gmt":"2025-04-28T13:49:43","slug":"convento-da-penha-amanhece-em-festa-capixabas-celebram-a-padroeira-com-fe-e-alegria","status":"publish","type":"post","link":"https:\/\/franciscanos.org.br\/noticias\/convento-da-penha-amanhece-em-festa-capixabas-celebram-a-padroeira-com-fe-e-alegria.html","title":{"rendered":"Convento da Penha amanhece em festa: Capixabas celebram a padroeira com f\u00e9 e alegria!"},"content":{"rendered":"<p data-start=\"205\" data-end=\"622\"><img loading=\"lazy\" class=\"aligncenter wp-image-256698 size-full\" src=\"https:\/\/franciscanos.org.br\/noticias\/wp-content\/uploads\/2025\/04\/missa_280425_5.jpg\" alt=\"\" width=\"1280\" height=\"720\" srcset=\"https:\/\/franciscanos.org.br\/noticias\/wp-content\/uploads\/2025\/04\/missa_280425_5.jpg 1280w, https:\/\/franciscanos.org.br\/noticias\/wp-content\/uploads\/2025\/04\/missa_280425_5-450x253.jpg 450w, https:\/\/franciscanos.org.br\/noticias\/wp-content\/uploads\/2025\/04\/missa_280425_5-1024x576.jpg 1024w, https:\/\/franciscanos.org.br\/noticias\/wp-content\/uploads\/2025\/04\/missa_280425_5-768x432.jpg 768w, https:\/\/franciscanos.org.br\/noticias\/wp-content\/uploads\/2025\/04\/missa_280425_5-150x84.jpg 150w\" sizes=\"(max-width: 1280px) 100vw, 1280px\" \/><\/p>\n<p class=\"\" data-start=\"205\" data-end=\"622\"><strong>Vila Velha (ES) &#8211;<\/strong> Na madrugada desta segunda-feira, 28 de abril de 2025, uma multid\u00e3o de fi\u00e9is lotou a capela do Convento da Penha, em Vila Velha (ES), para a primeira missa do dia dedicada a Nossa Senhora da Penha, padroeira do Estado do Esp\u00edrito Santo. A celebra\u00e7\u00e3o, realizada \u00e0 meia-noite, foi presidida por Frei Gabriel Dellandrea, guardi\u00e3o do Convento, com a concelebra\u00e7\u00e3o dos padres Gudialace Silva Oliveira e Andr\u00e9 de Paiva Oliveira, da Arquidiocese de Vit\u00f3ria.<\/p>\n<p class=\"\" data-start=\"624\" data-end=\"839\">Marcando o in\u00edcio de uma programa\u00e7\u00e3o intensa, com missas de hora em hora at\u00e9 as 6h da manh\u00e3 e depois de uma breve pausa retornando \u00e0s 9h, a celebra\u00e7\u00e3o refletiu sobre a luz que a f\u00e9 proporciona \u00e0 vida dos crist\u00e3os, conforme destacou Frei Gabriel em sua homilia: &#8220;N\u00f3s celebramos a miseric\u00f3rdia de Deus que n\u00e3o deixa seu povo nas trevas. Deus, atento aos filhos e filhas, percebendo a necessidade de ser um pai zeloso, envia o seu pr\u00f3prio Filho como luz para as trevas do cora\u00e7\u00e3o humano e n\u00e3o deixa que se percam aqueles que Ele criou. [&#8230;] Deus ilumina o caminho e conduz para o c\u00e9u aqueles que querem se deixar contagiar por essa luz&#8221;.<\/p>\n<p data-start=\"624\" data-end=\"839\"><img loading=\"lazy\" class=\"aligncenter wp-image-256702 size-full\" src=\"https:\/\/franciscanos.org.br\/noticias\/wp-content\/uploads\/2025\/04\/missa_280425_1.jpg\" alt=\"\" width=\"1280\" height=\"720\" srcset=\"https:\/\/franciscanos.org.br\/noticias\/wp-content\/uploads\/2025\/04\/missa_280425_1.jpg 1280w, https:\/\/franciscanos.org.br\/noticias\/wp-content\/uploads\/2025\/04\/missa_280425_1-450x253.jpg 450w, https:\/\/franciscanos.org.br\/noticias\/wp-content\/uploads\/2025\/04\/missa_280425_1-1024x576.jpg 1024w, https:\/\/franciscanos.org.br\/noticias\/wp-content\/uploads\/2025\/04\/missa_280425_1-768x432.jpg 768w, https:\/\/franciscanos.org.br\/noticias\/wp-content\/uploads\/2025\/04\/missa_280425_1-150x84.jpg 150w\" sizes=\"(max-width: 1280px) 100vw, 1280px\" \/><\/p>\n<p class=\"\" data-start=\"1318\" data-end=\"1405\">O guardi\u00e3o do Convento tamb\u00e9m ressaltou a import\u00e2ncia do sim livre e generoso de Maria: &#8220;Deus poderia fazer tudo sozinho, porque Ele \u00e9 Deus. Mas conta com a liberdade, o carinho, o apoio, o voluntariado, o dom de ser humano. N\u00e3o \u00e9 ego\u00edsta com a sua miss\u00e3o. [&#8230;] Ao se utilizar do sim do ser humano, Deus se tornou, de certo modo, como diz S\u00e3o Bernardo de Claraval, um tanto dependente de n\u00f3s. [&#8230;] Deus n\u00e3o quer contar com o nosso sim, mas quer contar com o sim dito em generosidade e com liberdade&#8221;.<\/p>\n<p class=\"\" data-start=\"1849\" data-end=\"1908\">Recordando ainda o c\u00e2ntico de Maria, Frei Gabriel refor\u00e7ou: &#8220;Esse canto n\u00e3o fala sobre Maria. [&#8230;] \u00c9 o canto das maravilhas que Deus fez em Nossa Senhora. N\u00e3o \u00e9 um canto que fala sobre Maria. Ele fala sobre Deus. O que Deus foi capaz de fazer na vida daquela que disse sim&#8221;. Em tom emocionado e de profundo convite \u00e0 convers\u00e3o, ele concluiu: &#8220;Deus continua visitando o cora\u00e7\u00e3o de cada um de n\u00f3s, nos iluminando. [&#8230;] N\u00f3s queremos dizer um sim \u00e0quele que veio para iluminar as trevas do nosso cora\u00e7\u00e3o. [&#8230;] Assim como a Virgem Maria, que possamos diante de cada dom e gra\u00e7a recebido de Deus, dizer de cora\u00e7\u00e3o alegre: &#8216;A minha alma engrandece o Senhor.&#8217; Viva Nossa Senhora da Penha! Viva!&#8221;<\/p>\n<p data-start=\"1849\" data-end=\"1908\"><img loading=\"lazy\" class=\"aligncenter wp-image-256703 size-full\" src=\"https:\/\/franciscanos.org.br\/noticias\/wp-content\/uploads\/2025\/04\/missa_280425.jpg\" alt=\"\" width=\"1280\" height=\"720\" srcset=\"https:\/\/franciscanos.org.br\/noticias\/wp-content\/uploads\/2025\/04\/missa_280425.jpg 1280w, https:\/\/franciscanos.org.br\/noticias\/wp-content\/uploads\/2025\/04\/missa_280425-450x253.jpg 450w, https:\/\/franciscanos.org.br\/noticias\/wp-content\/uploads\/2025\/04\/missa_280425-1024x576.jpg 1024w, https:\/\/franciscanos.org.br\/noticias\/wp-content\/uploads\/2025\/04\/missa_280425-768x432.jpg 768w, https:\/\/franciscanos.org.br\/noticias\/wp-content\/uploads\/2025\/04\/missa_280425-150x84.jpg 150w\" sizes=\"(max-width: 1280px) 100vw, 1280px\" \/><\/p>\n<p class=\"\" data-start=\"2548\" data-end=\"2667\">Ap\u00f3s a missa, por volta de 1h30 da manh\u00e3, Frei Gabriel partilhou em um v\u00eddeo nas redes sociais do Convento da Penha sua emo\u00e7\u00e3o em palavras simples e cheias de sentimento: &#8220;Apesar de achar que estaria cansado, estou revigorado por essa semana intensa de celebra\u00e7\u00f5es. Muitos motivos, \u00e9 claro, tenho para estar cansado fisicamente, mas o meu cora\u00e7\u00e3o transborda de alegria. Primeiro porque vivemos um excelente oitav\u00e1rio em prepara\u00e7\u00e3o para esse dia da festa da Penha. [&#8230;] Todas as celebra\u00e7\u00f5es vividas, a experi\u00eancia da Penha Peregrina, foram um combust\u00edvel e um itiner\u00e1rio de f\u00e9 seguro para chegar nesse dia animado, feliz e com a certeza de que a festa continua, embora as cordas vocais foram embora&#8221;.<\/p>\n<p data-start=\"2548\" data-end=\"2667\">Em tr\u00eas palavras, Frei Gabriel definiu o sentimento do momento: alegria, gratid\u00e3o e esperan\u00e7a!<\/p>\n<p data-start=\"2548\" data-end=\"2667\"><img loading=\"lazy\" class=\"aligncenter wp-image-256700 size-full\" src=\"https:\/\/franciscanos.org.br\/noticias\/wp-content\/uploads\/2025\/04\/missa_280425_3.jpg\" alt=\"\" width=\"1280\" height=\"720\" srcset=\"https:\/\/franciscanos.org.br\/noticias\/wp-content\/uploads\/2025\/04\/missa_280425_3.jpg 1280w, https:\/\/franciscanos.org.br\/noticias\/wp-content\/uploads\/2025\/04\/missa_280425_3-450x253.jpg 450w, https:\/\/franciscanos.org.br\/noticias\/wp-content\/uploads\/2025\/04\/missa_280425_3-1024x576.jpg 1024w, https:\/\/franciscanos.org.br\/noticias\/wp-content\/uploads\/2025\/04\/missa_280425_3-768x432.jpg 768w, https:\/\/franciscanos.org.br\/noticias\/wp-content\/uploads\/2025\/04\/missa_280425_3-150x84.jpg 150w\" sizes=\"(max-width: 1280px) 100vw, 1280px\" \/><\/p>\n<p class=\"\" data-start=\"3183\" data-end=\"3333\">Demonstrando gratid\u00e3o e humildade em sua miss\u00e3o de guardi\u00e3o, Frei Gabriel tamb\u00e9m deixou uma mensagem para quem se dirigia ao Convento ao longo do dia: &#8220;A dica \u00e9: venha ser um peregrino, uma peregrina. \u00c9 isso que eu fa\u00e7o todos os meus dias aqui. Eu tento ser o melhor que eu posso e tento ser um peregrino. E eu tenho certeza que nessa peregrina\u00e7\u00e3o f\u00edsica que fazemos at\u00e9 o convento, n\u00f3s vamos ao encontro de n\u00f3s mesmos, e l\u00e1 mora Deus tamb\u00e9m, que est\u00e1 sempre pronto a nos acolher&#8221;.<\/p>\n<p class=\"\" data-start=\"3669\" data-end=\"3755\">E, repetindo o gesto que se tornou marca durante todo o Oitav\u00e1rio e a Festa, encerrou: &#8220;Viva Nossa Senhora da Penha!&#8221;<\/p>\n<hr \/>\n<p data-start=\"3669\" data-end=\"3755\"><strong>Equipe de comunica\u00e7\u00e3o da Festa da Penha:<\/strong><br \/>\n<em>Frei Augusto Luiz Gabriel, Frei Gustavo Medella, Frei Roger Strapazzon<\/em><\/p>\n\n\t\t<style type=\"text\/css\">\n\t\t\t#gallery-1 {\n\t\t\t\tmargin: auto;\n\t\t\t}\n\t\t\t#gallery-1 .gallery-item {\n\t\t\t\tfloat: left;\n\t\t\t\tmargin-top: 10px;\n\t\t\t\ttext-align: center;\n\t\t\t\twidth: 25%;\n\t\t\t}\n\t\t\t#gallery-1 img {\n\t\t\t\tborder: 2px solid #cfcfcf;\n\t\t\t}\n\t\t\t#gallery-1 .gallery-caption {\n\t\t\t\tmargin-left: 0;\n\t\t\t}\n\t\t\t\/* see gallery_shortcode() in wp-includes\/media.php *\/\n\t\t<\/style>\n\t\t<div id='gallery-1' class='gallery galleryid-256697 gallery-columns-4 gallery-size-thumbnail'><dl class='gallery-item'>\n\t\t\t<dt class='gallery-icon landscape'>\n\t\t\t\t<a href='https:\/\/franciscanos.org.br\/noticias\/wp-content\/uploads\/2025\/04\/missa_280425_7.jpg'><img width=\"300\" height=\"300\" src=\"https:\/\/franciscanos.org.br\/noticias\/wp-content\/uploads\/2025\/04\/missa_280425_7-300x300.jpg\" class=\"attachment-thumbnail size-thumbnail\" alt=\"\" loading=\"lazy\" srcset=\"https:\/\/franciscanos.org.br\/noticias\/wp-content\/uploads\/2025\/04\/missa_280425_7-300x300.jpg 300w, https:\/\/franciscanos.org.br\/noticias\/wp-content\/uploads\/2025\/04\/missa_280425_7-100x100.jpg 100w\" sizes=\"(max-width: 300px) 100vw, 300px\" \/><\/a>\n\t\t\t<\/dt><\/dl><dl class='gallery-item'>\n\t\t\t<dt class='gallery-icon landscape'>\n\t\t\t\t<a href='https:\/\/franciscanos.org.br\/noticias\/wp-content\/uploads\/2025\/04\/missa_280425_2.jpg'><img width=\"300\" height=\"300\" src=\"https:\/\/franciscanos.org.br\/noticias\/wp-content\/uploads\/2025\/04\/missa_280425_2-300x300.jpg\" class=\"attachment-thumbnail size-thumbnail\" alt=\"\" loading=\"lazy\" srcset=\"https:\/\/franciscanos.org.br\/noticias\/wp-content\/uploads\/2025\/04\/missa_280425_2-300x300.jpg 300w, https:\/\/franciscanos.org.br\/noticias\/wp-content\/uploads\/2025\/04\/missa_280425_2-100x100.jpg 100w\" sizes=\"(max-width: 300px) 100vw, 300px\" \/><\/a>\n\t\t\t<\/dt><\/dl><dl class='gallery-item'>\n\t\t\t<dt class='gallery-icon landscape'>\n\t\t\t\t<a href='https:\/\/franciscanos.org.br\/noticias\/wp-content\/uploads\/2025\/04\/missa_280425_6.jpg'><img width=\"300\" height=\"300\" src=\"https:\/\/franciscanos.org.br\/noticias\/wp-content\/uploads\/2025\/04\/missa_280425_6-300x300.jpg\" class=\"attachment-thumbnail size-thumbnail\" alt=\"\" loading=\"lazy\" srcset=\"https:\/\/franciscanos.org.br\/noticias\/wp-content\/uploads\/2025\/04\/missa_280425_6-300x300.jpg 300w, https:\/\/franciscanos.org.br\/noticias\/wp-content\/uploads\/2025\/04\/missa_280425_6-100x100.jpg 100w\" sizes=\"(max-width: 300px) 100vw, 300px\" \/><\/a>\n\t\t\t<\/dt><\/dl><dl class='gallery-item'>\n\t\t\t<dt class='gallery-icon landscape'>\n\t\t\t\t<a href='https:\/\/franciscanos.org.br\/noticias\/wp-content\/uploads\/2025\/04\/missa_280425_4.jpg'><img width=\"300\" height=\"300\" src=\"https:\/\/franciscanos.org.br\/noticias\/wp-content\/uploads\/2025\/04\/missa_280425_4-300x300.jpg\" class=\"attachment-thumbnail size-thumbnail\" alt=\"\" loading=\"lazy\" srcset=\"https:\/\/franciscanos.org.br\/noticias\/wp-content\/uploads\/2025\/04\/missa_280425_4-300x300.jpg 300w, https:\/\/franciscanos.org.br\/noticias\/wp-content\/uploads\/2025\/04\/missa_280425_4-100x100.jpg 100w\" sizes=\"(max-width: 300px) 100vw, 300px\" \/><\/a>\n\t\t\t<\/dt><\/dl><br style=\"clear: both\" \/>\n\t\t<\/div>\n\n","protected":false},"excerpt":{"rendered":"<p>Festa da Penha 2025<\/p>\n","protected":false},"author":5,"featured_media":256699,"comment_status":"open","ping_status":"open","sticky":false,"template":"","format":"standard","meta":[],"categories":[1],"tags":[2293],"acf":[],"yoast_head":"<!-- This site is optimized with the Yoast SEO plugin v19.2 - https:\/\/yoast.com\/wordpress\/plugins\/seo\/ -->\n<title>Convento da Penha amanhece em festa: Capixabas celebram a padroeira com f\u00e9 e alegria! - Not\u00edcias - Franciscanos<\/title>\n<meta name=\"robots\" content=\"index, follow, max-snippet:-1, max-image-preview:large, max-video-preview:-1\" \/>\n<link rel=\"canonical\" href=\"https:\/\/franciscanos.org.br\/noticias\/convento-da-penha-amanhece-em-festa-capixabas-celebram-a-padroeira-com-fe-e-alegria.html\" \/>\n<meta property=\"og:locale\" content=\"pt_BR\" \/>\n<meta property=\"og:type\" content=\"article\" \/>\n<meta property=\"og:title\" content=\"Convento da Penha amanhece em festa: Capixabas celebram a padroeira com f\u00e9 e alegria! - Not\u00edcias - Franciscanos\" \/>\n<meta property=\"og:description\" content=\"Festa da Penha 2025\" \/>\n<meta property=\"og:url\" content=\"https:\/\/franciscanos.org.br\/noticias\/convento-da-penha-amanhece-em-festa-capixabas-celebram-a-padroeira-com-fe-e-alegria.html\" \/>\n<meta property=\"og:site_name\" content=\"Not\u00edcias - Franciscanos\" \/>\n<meta property=\"article:published_time\" content=\"2025-04-28T06:06:00+00:00\" \/>\n<meta property=\"article:modified_time\" content=\"2025-04-28T13:49:43+00:00\" \/>\n<meta property=\"og:image\" content=\"https:\/\/franciscanos.org.br\/noticias\/wp-content\/uploads\/2025\/04\/missa_280425_4.jpg\" \/>\n\t<meta property=\"og:image:width\" content=\"1280\" \/>\n\t<meta property=\"og:image:height\" content=\"720\" \/>\n\t<meta property=\"og:image:type\" content=\"image\/jpeg\" \/>\n<meta name=\"author\" content=\"freiaugusto\" \/>\n<meta name=\"twitter:card\" content=\"summary_large_image\" \/>\n<meta name=\"twitter:label1\" content=\"Escrito por\" \/>\n\t<meta name=\"twitter:data1\" content=\"freiaugusto\" \/>\n\t<meta name=\"twitter:label2\" content=\"Est. tempo de leitura\" \/>\n\t<meta name=\"twitter:data2\" content=\"4 minutos\" \/>\n<script type=\"application\/ld+json\" class=\"yoast-schema-graph\">{\"@context\":\"https:\/\/schema.org\",\"@graph\":[{\"@type\":\"WebSite\",\"@id\":\"https:\/\/franciscanos.org.br\/noticias\/#website\",\"url\":\"https:\/\/franciscanos.org.br\/noticias\/\",\"name\":\"Not\u00edcias - Franciscanos\",\"description\":\"Prov\u00edncia Franciscana da Imaculada Concei\u00e7\u00e3o do Brasil - Ordem dos Frades Menores - OFM\",\"potentialAction\":[{\"@type\":\"SearchAction\",\"target\":{\"@type\":\"EntryPoint\",\"urlTemplate\":\"https:\/\/franciscanos.org.br\/noticias\/?s={search_term_string}\"},\"query-input\":\"required name=search_term_string\"}],\"inLanguage\":\"pt-BR\"},{\"@type\":\"ImageObject\",\"inLanguage\":\"pt-BR\",\"@id\":\"https:\/\/franciscanos.org.br\/noticias\/convento-da-penha-amanhece-em-festa-capixabas-celebram-a-padroeira-com-fe-e-alegria.html#primaryimage\",\"url\":\"https:\/\/franciscanos.org.br\/noticias\/wp-content\/uploads\/2025\/04\/missa_280425_4.jpg\",\"contentUrl\":\"https:\/\/franciscanos.org.br\/noticias\/wp-content\/uploads\/2025\/04\/missa_280425_4.jpg\",\"width\":1280,\"height\":720},{\"@type\":\"WebPage\",\"@id\":\"https:\/\/franciscanos.org.br\/noticias\/convento-da-penha-amanhece-em-festa-capixabas-celebram-a-padroeira-com-fe-e-alegria.html#webpage\",\"url\":\"https:\/\/franciscanos.org.br\/noticias\/convento-da-penha-amanhece-em-festa-capixabas-celebram-a-padroeira-com-fe-e-alegria.html\",\"name\":\"Convento da Penha amanhece em festa: Capixabas celebram a padroeira com f\u00e9 e alegria! - Not\u00edcias - Franciscanos\",\"isPartOf\":{\"@id\":\"https:\/\/franciscanos.org.br\/noticias\/#website\"},\"primaryImageOfPage\":{\"@id\":\"https:\/\/franciscanos.org.br\/noticias\/convento-da-penha-amanhece-em-festa-capixabas-celebram-a-padroeira-com-fe-e-alegria.html#primaryimage\"},\"datePublished\":\"2025-04-28T06:06:00+00:00\",\"dateModified\":\"2025-04-28T13:49:43+00:00\",\"author\":{\"@id\":\"https:\/\/franciscanos.org.br\/noticias\/#\/schema\/person\/37f88f0d111cd5358b12a6556a99eb91\"},\"breadcrumb\":{\"@id\":\"https:\/\/franciscanos.org.br\/noticias\/convento-da-penha-amanhece-em-festa-capixabas-celebram-a-padroeira-com-fe-e-alegria.html#breadcrumb\"},\"inLanguage\":\"pt-BR\",\"potentialAction\":[{\"@type\":\"ReadAction\",\"target\":[\"https:\/\/franciscanos.org.br\/noticias\/convento-da-penha-amanhece-em-festa-capixabas-celebram-a-padroeira-com-fe-e-alegria.html\"]}]},{\"@type\":\"BreadcrumbList\",\"@id\":\"https:\/\/franciscanos.org.br\/noticias\/convento-da-penha-amanhece-em-festa-capixabas-celebram-a-padroeira-com-fe-e-alegria.html#breadcrumb\",\"itemListElement\":[{\"@type\":\"ListItem\",\"position\":1,\"name\":\"Home\",\"item\":\"https:\/\/franciscanos.org.br\/noticias\"},{\"@type\":\"ListItem\",\"position\":2,\"name\":\"Convento da Penha amanhece em festa: Capixabas celebram a padroeira com f\u00e9 e alegria!\"}]},{\"@type\":\"Person\",\"@id\":\"https:\/\/franciscanos.org.br\/noticias\/#\/schema\/person\/37f88f0d111cd5358b12a6556a99eb91\",\"name\":\"freiaugusto\",\"image\":{\"@type\":\"ImageObject\",\"inLanguage\":\"pt-BR\",\"@id\":\"https:\/\/franciscanos.org.br\/noticias\/#\/schema\/person\/image\/\",\"url\":\"https:\/\/secure.gravatar.com\/avatar\/9840b940e621801b24f3e6b059efb4b7?s=96&d=mm&r=g\",\"contentUrl\":\"https:\/\/secure.gravatar.com\/avatar\/9840b940e621801b24f3e6b059efb4b7?s=96&d=mm&r=g\",\"caption\":\"freiaugusto\"},\"url\":\"https:\/\/franciscanos.org.br\/noticias\/author\/freiaugusto\"}]}<\/script>\n<!-- \/ Yoast SEO plugin. -->","yoast_head_json":{"title":"Convento da Penha amanhece em festa: Capixabas celebram a padroeira com f\u00e9 e alegria! - Not\u00edcias - Franciscanos","robots":{"index":"index","follow":"follow","max-snippet":"max-snippet:-1","max-image-preview":"max-image-preview:large","max-video-preview":"max-video-preview:-1"},"canonical":"https:\/\/franciscanos.org.br\/noticias\/convento-da-penha-amanhece-em-festa-capixabas-celebram-a-padroeira-com-fe-e-alegria.html","og_locale":"pt_BR","og_type":"article","og_title":"Convento da Penha amanhece em festa: Capixabas celebram a padroeira com f\u00e9 e alegria! - Not\u00edcias - Franciscanos","og_description":"Festa da Penha 2025","og_url":"https:\/\/franciscanos.org.br\/noticias\/convento-da-penha-amanhece-em-festa-capixabas-celebram-a-padroeira-com-fe-e-alegria.html","og_site_name":"Not\u00edcias - Franciscanos","article_published_time":"2025-04-28T06:06:00+00:00","article_modified_time":"2025-04-28T13:49:43+00:00","og_image":[{"width":1280,"height":720,"url":"https:\/\/franciscanos.org.br\/noticias\/wp-content\/uploads\/2025\/04\/missa_280425_4.jpg","type":"image\/jpeg"}],"author":"freiaugusto","twitter_card":"summary_large_image","twitter_misc":{"Escrito por":"freiaugusto","Est. tempo de leitura":"4 minutos"},"schema":{"@context":"https:\/\/schema.org","@graph":[{"@type":"WebSite","@id":"https:\/\/franciscanos.org.br\/noticias\/#website","url":"https:\/\/franciscanos.org.br\/noticias\/","name":"Not\u00edcias - Franciscanos","description":"Prov\u00edncia Franciscana da Imaculada Concei\u00e7\u00e3o do Brasil - Ordem dos Frades Menores - OFM","potentialAction":[{"@type":"SearchAction","target":{"@type":"EntryPoint","urlTemplate":"https:\/\/franciscanos.org.br\/noticias\/?s={search_term_string}"},"query-input":"required name=search_term_string"}],"inLanguage":"pt-BR"},{"@type":"ImageObject","inLanguage":"pt-BR","@id":"https:\/\/franciscanos.org.br\/noticias\/convento-da-penha-amanhece-em-festa-capixabas-celebram-a-padroeira-com-fe-e-alegria.html#primaryimage","url":"https:\/\/franciscanos.org.br\/noticias\/wp-content\/uploads\/2025\/04\/missa_280425_4.jpg","contentUrl":"https:\/\/franciscanos.org.br\/noticias\/wp-content\/uploads\/2025\/04\/missa_280425_4.jpg","width":1280,"height":720},{"@type":"WebPage","@id":"https:\/\/franciscanos.org.br\/noticias\/convento-da-penha-amanhece-em-festa-capixabas-celebram-a-padroeira-com-fe-e-alegria.html#webpage","url":"https:\/\/franciscanos.org.br\/noticias\/convento-da-penha-amanhece-em-festa-capixabas-celebram-a-padroeira-com-fe-e-alegria.html","name":"Convento da Penha amanhece em festa: Capixabas celebram a padroeira com f\u00e9 e alegria! - Not\u00edcias - Franciscanos","isPartOf":{"@id":"https:\/\/franciscanos.org.br\/noticias\/#website"},"primaryImageOfPage":{"@id":"https:\/\/franciscanos.org.br\/noticias\/convento-da-penha-amanhece-em-festa-capixabas-celebram-a-padroeira-com-fe-e-alegria.html#primaryimage"},"datePublished":"2025-04-28T06:06:00+00:00","dateModified":"2025-04-28T13:49:43+00:00","author":{"@id":"https:\/\/franciscanos.org.br\/noticias\/#\/schema\/person\/37f88f0d111cd5358b12a6556a99eb91"},"breadcrumb":{"@id":"https:\/\/franciscanos.org.br\/noticias\/convento-da-penha-amanhece-em-festa-capixabas-celebram-a-padroeira-com-fe-e-alegria.html#breadcrumb"},"inLanguage":"pt-BR","potentialAction":[{"@type":"ReadAction","target":["https:\/\/franciscanos.org.br\/noticias\/convento-da-penha-amanhece-em-festa-capixabas-celebram-a-padroeira-com-fe-e-alegria.html"]}]},{"@type":"BreadcrumbList","@id":"https:\/\/franciscanos.org.br\/noticias\/convento-da-penha-amanhece-em-festa-capixabas-celebram-a-padroeira-com-fe-e-alegria.html#breadcrumb","itemListElement":[{"@type":"ListItem","position":1,"name":"Home","item":"https:\/\/franciscanos.org.br\/noticias"},{"@type":"ListItem","position":2,"name":"Convento da Penha amanhece em festa: Capixabas celebram a padroeira com f\u00e9 e alegria!"}]},{"@type":"Person","@id":"https:\/\/franciscanos.org.br\/noticias\/#\/schema\/person\/37f88f0d111cd5358b12a6556a99eb91","name":"freiaugusto","image":{"@type":"ImageObject","inLanguage":"pt-BR","@id":"https:\/\/franciscanos.org.br\/noticias\/#\/schema\/person\/image\/","url":"https:\/\/secure.gravatar.com\/avatar\/9840b940e621801b24f3e6b059efb4b7?s=96&d=mm&r=g","contentUrl":"https:\/\/secure.gravatar.com\/avatar\/9840b940e621801b24f3e6b059efb4b7?s=96&d=mm&r=g","caption":"freiaugusto"},"url":"https:\/\/franciscanos.org.br\/noticias\/author\/freiaugusto"}]}},"_links":{"self":[{"href":"https:\/\/franciscanos.org.br\/noticias\/wp-json\/wp\/v2\/posts\/256697"}],"collection":[{"href":"https:\/\/franciscanos.org.br\/noticias\/wp-json\/wp\/v2\/posts"}],"about":[{"href":"https:\/\/franciscanos.org.br\/noticias\/wp-json\/wp\/v2\/types\/post"}],"author":[{"embeddable":true,"href":"https:\/\/franciscanos.org.br\/noticias\/wp-json\/wp\/v2\/users\/5"}],"replies":[{"embeddable":true,"href":"https:\/\/franciscanos.org.br\/noticias\/wp-json\/wp\/v2\/comments?post=256697"}],"version-history":[{"count":3,"href":"https:\/\/franciscanos.org.br\/noticias\/wp-json\/wp\/v2\/posts\/256697\/revisions"}],"predecessor-version":[{"id":256708,"href":"https:\/\/franciscanos.org.br\/noticias\/wp-json\/wp\/v2\/posts\/256697\/revisions\/256708"}],"wp:featuredmedia":[{"embeddable":true,"href":"https:\/\/franciscanos.org.br\/noticias\/wp-json\/wp\/v2\/media\/256699"}],"wp:attachment":[{"href":"https:\/\/franciscanos.org.br\/noticias\/wp-json\/wp\/v2\/media?parent=256697"}],"wp:term":[{"taxonomy":"category","embeddable":true,"href":"https:\/\/franciscanos.org.br\/noticias\/wp-json\/wp\/v2\/categories?post=256697"},{"taxonomy":"post_tag","embeddable":true,"href":"https:\/\/franciscanos.org.br\/noticias\/wp-json\/wp\/v2\/tags?post=256697"}],"curies":[{"name":"wp","href":"https:\/\/api.w.org\/{rel}","templated":true}]}}