{"id":256599,"date":"2025-04-27T12:25:30","date_gmt":"2025-04-27T15:25:30","guid":{"rendered":"https:\/\/franciscanos.org.br\/noticias\/?p=256599"},"modified":"2025-05-20T17:38:15","modified_gmt":"2025-05-20T20:38:15","slug":"romaria-da-diocese-de-colatina-dom-lauro-exorta-os-fieis-ao-cultivo-de-atitudes-praticas-nascidas-da-fe-no-ressuscitado","status":"publish","type":"post","link":"https:\/\/franciscanos.org.br\/noticias\/romaria-da-diocese-de-colatina-dom-lauro-exorta-os-fieis-ao-cultivo-de-atitudes-praticas-nascidas-da-fe-no-ressuscitado.html","title":{"rendered":"Dom Lauro exorta os fi\u00e9is ao cultivo de atitudes pr\u00e1ticas nascidas da f\u00e9 no Ressuscitado"},"content":{"rendered":"<p><img loading=\"lazy\" class=\"aligncenter wp-image-256616 size-full\" src=\"https:\/\/franciscanos.org.br\/noticias\/wp-content\/uploads\/2025\/04\/colatina_2704257761-Grande.jpeg\" alt=\"\" width=\"1280\" height=\"853\" srcset=\"https:\/\/franciscanos.org.br\/noticias\/wp-content\/uploads\/2025\/04\/colatina_2704257761-Grande.jpeg 1280w, https:\/\/franciscanos.org.br\/noticias\/wp-content\/uploads\/2025\/04\/colatina_2704257761-Grande-450x300.jpeg 450w, https:\/\/franciscanos.org.br\/noticias\/wp-content\/uploads\/2025\/04\/colatina_2704257761-Grande-1024x682.jpeg 1024w, https:\/\/franciscanos.org.br\/noticias\/wp-content\/uploads\/2025\/04\/colatina_2704257761-Grande-768x512.jpeg 768w, https:\/\/franciscanos.org.br\/noticias\/wp-content\/uploads\/2025\/04\/colatina_2704257761-Grande-150x100.jpeg 150w\" sizes=\"(max-width: 1280px) 100vw, 1280px\" \/><\/p>\n<p style=\"font-weight: 400;\"><strong>Vila Velha (ES) &#8211;\u00a0<\/strong>Na manh\u00e3 ensolarada deste domingo, 27 de abril, \u00faltimo dia do Oitav\u00e1rio em prepara\u00e7\u00e3o \u00e0 Festa da Penha, o Convento acolheu a Romaria da Diocese de Colatina. Conduzida pelo Bispo Diocesano, Dom Lauro S\u00e9rgio Versiani Barbosa, a peregrina\u00e7\u00e3o reuniu os presb\u00edteros, di\u00e1conos, seminaristas, religiosos e religiosas e os paroquianos das Par\u00f3quia que comp\u00f5e aquela Igreja Particular. Tamb\u00e9m participou da celebra\u00e7\u00e3o Dom Valter Jorge Pinto, Bispo de Uni\u00e3o da Vit\u00f3ria, PR. Ao acolher a Romaria em nome da Fraternidade do Convento, Frei Gustavo Wayand Medella, Vig\u00e1rio Provincial, manifestou a alegria em receber todo o povo da Diocese no Campinho, destacando a liga\u00e7\u00e3o pr\u00f3xima que existe entre Colatina e Fam\u00edlia Franciscana. \u201cAqui na Casa de Nossa Senhora voc\u00eas podem entrar pela cozinha. N\u00e3o precisa de cerim\u00f4nia, porque s\u00e3o de casa. A fam\u00edlia franciscana \u00e9 bastante presente na cidade, com o Mosteiro Sant\u00edssima Trindade, das Irm\u00e3s Clarissas, a Fraternidade Frei Galv\u00e3o, com os frades que atuam na Par\u00f3quia Santa Clara, e a fraternidade da Ordem Franciscana Secular\u201d, explicou. Atualmente fazem parte da Fraternidade de Colatina Frei Pedro Oliveira, Frei Alessandro Dias do Nascimento e Frei Davi Belineli.<\/p>\n<p style=\"font-weight: 400;\">Na homilia, Dom Lauro exortou o povo a buscar no Ressuscitado a for\u00e7a da f\u00e9 capaz de transformar a vida. \u201cN\u00f3s estamos marcados pela alegria pascal. Aqui viemos porque a f\u00e9 nos congrega, porque a esperan\u00e7a nos anima. E n\u00f3s queremos pedir \u00e0 Virgem Maria, Senhora da Penha, que nos ajude, n\u00f3s que estamos aos p\u00e9s da sua imagem, a aprofundar este mist\u00e9rio pascal, centro, cora\u00e7\u00e3o da nossa f\u00e9. Mist\u00e9rio da paix\u00e3o, morte e ressurrei\u00e7\u00e3o do Senhor que abriu para todos n\u00f3s um horizonte de vida nova. \u00c9 o domingo da miseric\u00f3rdia, o domingo em que n\u00f3s queremos aprofundar aquilo que Deus realizou\u201d.<\/p>\n<p><img loading=\"lazy\" class=\"aligncenter wp-image-256614 size-full\" src=\"https:\/\/franciscanos.org.br\/noticias\/wp-content\/uploads\/2025\/04\/colatina_2704257727-Grande.jpeg\" alt=\"\" width=\"1280\" height=\"853\" srcset=\"https:\/\/franciscanos.org.br\/noticias\/wp-content\/uploads\/2025\/04\/colatina_2704257727-Grande.jpeg 1280w, https:\/\/franciscanos.org.br\/noticias\/wp-content\/uploads\/2025\/04\/colatina_2704257727-Grande-450x300.jpeg 450w, https:\/\/franciscanos.org.br\/noticias\/wp-content\/uploads\/2025\/04\/colatina_2704257727-Grande-1024x682.jpeg 1024w, https:\/\/franciscanos.org.br\/noticias\/wp-content\/uploads\/2025\/04\/colatina_2704257727-Grande-768x512.jpeg 768w, https:\/\/franciscanos.org.br\/noticias\/wp-content\/uploads\/2025\/04\/colatina_2704257727-Grande-150x100.jpeg 150w\" sizes=\"(max-width: 1280px) 100vw, 1280px\" \/><\/p>\n<p style=\"font-weight: 400;\">Tamb\u00e9m enfatizou a f\u00e9 como dom que faz brotar o testemunho: \u201cO primeiro valor, a primeira virtude, o primeiro dom que o ressuscitado quer fazer brotar em cada um de n\u00f3s \u00e9 uma f\u00e9. Uma f\u00e9 que nos fa\u00e7a testemunhas da esperan\u00e7a crist\u00e3&#8221;, explicou.<\/p>\n<p style=\"font-weight: 400;\">Com base no Evangelho (Jo 20,19-31), comentou sobre a paz que vem do ressuscitado e dissipa o medo: \u201cAs portas est\u00e3o fechadas por medo. Mas o Senhor ressuscitado entra e nos comunica a sua paz. N\u00e3o uma paz qualquer, n\u00e3o uma paz de acomoda\u00e7\u00e3o, mas uma paz plena\u00a0de todos os bens. Uma paz de quem tem a sua rela\u00e7\u00e3o com Deus restabelecida, com os irm\u00e3os e irm\u00e3s, com toda a cria\u00e7\u00e3o de Deus e consigo mesmo. Uma paz de quem descobriu o rumo da vida. \u2018A paz esteja convosco e soprou sobre eles o sopro de Deus, o Esp\u00edrito, o ar\u2019\u201d, salientou para, em seguida, abordar o tema do Esp\u00edrito Santo: \u201cSoprou sobre eles e disse, recebei o Esp\u00edrito Santo. Ent\u00e3o o Senhor constitui a comunidade dos seus disc\u00edpulos-mission\u00e1rios, a comunidade messi\u00e2nica, a comunidade enviada ao mundo como embaixadora da miseric\u00f3rdia divina. N\u00f3s somos aqueles que devemos levar ao mundo o amor misericordioso de Deus, n\u00e3o simplesmente com nossa palavra, mas sobretudo com nossas atitudes, com a nossa vida, essa \u00e9 a mensagem\u201d.<\/p>\n<p style=\"font-weight: 400;\">Sobre a Miseric\u00f3rdia, Dom Lauro considerou: \u201cA miseric\u00f3rdia, n\u00f3s a experimentamos em primeiro lugar, cada um de n\u00f3s, mas experimentamos tamb\u00e9m de forma comunit\u00e1ria, porque estamos reunidos, \u00e9 justamente aqueles que est\u00e3o unidos na procura, na sede, na busca de Deus, que o Senhor se revela, no primeiro dia da semana, eles estavam com medo, \u00e9 verdade, mas estavam juntos, e o Senhor ent\u00e3o entra. O primeiro dia da semana, para n\u00f3s, \u00e9 o domingo&#8221;.<\/p>\n<p><img loading=\"lazy\" class=\"aligncenter wp-image-256603 size-full\" src=\"https:\/\/franciscanos.org.br\/noticias\/wp-content\/uploads\/2025\/04\/colatina_2704257632-Grande.jpeg\" alt=\"\" width=\"1280\" height=\"853\" srcset=\"https:\/\/franciscanos.org.br\/noticias\/wp-content\/uploads\/2025\/04\/colatina_2704257632-Grande.jpeg 1280w, https:\/\/franciscanos.org.br\/noticias\/wp-content\/uploads\/2025\/04\/colatina_2704257632-Grande-450x300.jpeg 450w, https:\/\/franciscanos.org.br\/noticias\/wp-content\/uploads\/2025\/04\/colatina_2704257632-Grande-1024x682.jpeg 1024w, https:\/\/franciscanos.org.br\/noticias\/wp-content\/uploads\/2025\/04\/colatina_2704257632-Grande-768x512.jpeg 768w, https:\/\/franciscanos.org.br\/noticias\/wp-content\/uploads\/2025\/04\/colatina_2704257632-Grande-150x100.jpeg 150w\" sizes=\"(max-width: 1280px) 100vw, 1280px\" \/><\/p>\n<p style=\"font-weight: 400;\">Ressaltando a import\u00e2ncia de se cultivar a f\u00e9 na comunidade reunida, mencionou o exemplo de Tom\u00e9 que, de acordo com Evangelho, estava ausente quando o Senhor apareceu aos disc\u00edpulos, mas contou com compreens\u00e3o da comunidade: \u201cTom\u00e9 n\u00e3o disse que eles eram mentirosos, mas expressou a sua dificuldade. Quanta gente tem dificuldade para acreditar? Quanta gente nesse mundo n\u00e3o acredita? N\u00e3o \u00e9 porque sejam maus, tem gente, voc\u00eas conhecem, tem gente boa, mas que n\u00e3o tem o dom da f\u00e9, \u00e9 um dom que n\u00f3s temos. N\u00f3s podemos ser a oportunidade para que essas pessoas cheguem a f\u00e9 atrav\u00e9s do nosso testemunho. N\u00e3o de pessoas que condenam, julgam, jogam pedra, classificam as pessoas. Mas de pessoas que amam, que s\u00e3o alegres, que s\u00e3o misericordiosas. N\u00f3s devemos atrair pelo amor e n\u00e3o por uma condena\u00e7\u00e3o, por amea\u00e7a. N\u00e3o, n\u00e3o \u00e9 assim. Tom\u00e9 n\u00e3o foi calado\u201d, explicou.<\/p>\n<p style=\"font-weight: 400;\">Lembrou tamb\u00e9m que, na oportunidade seguinte, quando a comunidade estava novamente reunida, com a presen\u00e7a de Tom\u00e9, o Senhor apareceu: \u201cO Senhor respeitou Tom\u00e9. Oito dias depois, ou seja, no outro domingo, no outro momento celebrativo, o Senhor entra, comunica a paz e se dirige a Tom\u00e9. E como ele \u00e9 j\u00e1 o ressuscitado, ele sabe o que Tom\u00e9 disse, ele conhece a dificuldade de Tom\u00e9 e ele mostra as suas chagas novamente. E ele diz, p\u00f5e aqui a tua m\u00e3o, n\u00e3o sejas incr\u00e9dulo, mas fiel. E a\u00ed Tom\u00e9 faz a maior profiss\u00e3o de f\u00e9 que n\u00f3s encontramos em todo o Evangelho segundo Jo\u00e3o. Ele confessa realmente o que a igreja confessa: \u2018Meu Senhor e meu Deus\u2019\u201d.<\/p>\n<p><img loading=\"lazy\" class=\"aligncenter wp-image-256613 size-full\" src=\"https:\/\/franciscanos.org.br\/noticias\/wp-content\/uploads\/2025\/04\/colatina_2704257726-Grande.jpeg\" alt=\"\" width=\"1280\" height=\"853\" srcset=\"https:\/\/franciscanos.org.br\/noticias\/wp-content\/uploads\/2025\/04\/colatina_2704257726-Grande.jpeg 1280w, https:\/\/franciscanos.org.br\/noticias\/wp-content\/uploads\/2025\/04\/colatina_2704257726-Grande-450x300.jpeg 450w, https:\/\/franciscanos.org.br\/noticias\/wp-content\/uploads\/2025\/04\/colatina_2704257726-Grande-1024x682.jpeg 1024w, https:\/\/franciscanos.org.br\/noticias\/wp-content\/uploads\/2025\/04\/colatina_2704257726-Grande-768x512.jpeg 768w, https:\/\/franciscanos.org.br\/noticias\/wp-content\/uploads\/2025\/04\/colatina_2704257726-Grande-150x100.jpeg 150w\" sizes=\"(max-width: 1280px) 100vw, 1280px\" \/><\/p>\n<p style=\"font-weight: 400;\">Aproveitando o exemplo de Tom\u00e9, ressaltou a import\u00e2ncia da participa\u00e7\u00e3o fiel e dedicada na Missa Dominical: \u201cEst\u00e1 vendo a import\u00e2ncia da participa\u00e7\u00e3o nossa na missa, na missa sobretudo dominical, o espa\u00e7o privilegiado de audi\u00e7\u00e3o da Palavra, da celebra\u00e7\u00e3o da Eucaristia? Ent\u00e3o, \u00e9 ali que o Senhor se manifesta, \u00e0s vezes n\u00f3s podemos esperar uma manifesta\u00e7\u00e3o extraordin\u00e1ria de Deus, \u00e9 claro que Deus pode faz\u00ea-la, mas n\u00e3o \u00e9 o comum, Deus se manifesta no cotidiano da nossa exist\u00eancia, no nosso dia a dia, \u00e9 como o povo que se re\u00fane em torno da Palavra e dos Sacramentos e a\u00ed nos fortalece e estabelece conosco uma rela\u00e7\u00e3o, um di\u00e1logo, uma proximidade amorosa, que transforma o horizonte da nossa vida\u201d.<\/p>\n<p style=\"font-weight: 400;\">Na conclus\u00e3o, buscando exaltar as atitudes concretas despertadas pela f\u00e9, convocou todos os presentes a uma atitude de cuidado: \u201cSejamos cuidadores uns dos outros, de n\u00f3s mesmos, da cria\u00e7\u00e3o de Deus, sempre testemunhando o amor misericordioso de Deus para com todos. Senhora da Penha, que aqui nos acolhe em sua casa. Acolhei essa comunidade que vem em peregrina\u00e7\u00e3o. Interceda junto a Deus para que n\u00f3s sejamos d\u00f3ceis ao Esp\u00edrito Santo, fi\u00e9is \u00e0 palavra do Evangelho e possamos viver na alegria da miss\u00e3o e do servi\u00e7o, testemunhando o amor misericordioso de Deus para com todos a esperan\u00e7a crist\u00e3 que o ressuscitado alcan\u00e7ou para todos n\u00f3s\u201d.<\/p>\n<p><img loading=\"lazy\" class=\"aligncenter wp-image-256618 size-full\" src=\"https:\/\/franciscanos.org.br\/noticias\/wp-content\/uploads\/2025\/04\/colatina_2704257768-Grande.jpeg\" alt=\"\" width=\"1280\" height=\"853\" srcset=\"https:\/\/franciscanos.org.br\/noticias\/wp-content\/uploads\/2025\/04\/colatina_2704257768-Grande.jpeg 1280w, https:\/\/franciscanos.org.br\/noticias\/wp-content\/uploads\/2025\/04\/colatina_2704257768-Grande-450x300.jpeg 450w, https:\/\/franciscanos.org.br\/noticias\/wp-content\/uploads\/2025\/04\/colatina_2704257768-Grande-1024x682.jpeg 1024w, https:\/\/franciscanos.org.br\/noticias\/wp-content\/uploads\/2025\/04\/colatina_2704257768-Grande-768x512.jpeg 768w, https:\/\/franciscanos.org.br\/noticias\/wp-content\/uploads\/2025\/04\/colatina_2704257768-Grande-150x100.jpeg 150w\" sizes=\"(max-width: 1280px) 100vw, 1280px\" \/><\/p>\n<p style=\"font-weight: 400;\">Na parte da manh\u00e3, houve tamb\u00e9m a \u201cRemaria\u201d, como popularmente \u00e9 conhecida a Romaria dos remadores, e a Romaria dos Monociclistas, com apoio e acompanhamento da Pol\u00edcia Rodovi\u00e1ria Federal. Nesta tarde, a programa\u00e7\u00e3o come\u00e7a no Santu\u00e1rio do Divino Esp\u00edrito Santo, com o envio da Romaria das Mulheres que segue at\u00e9 o Parque da Prainha, com o Momento Devocional do 8\u00ba dia do Oitav\u00e1rio, \u00e0s 16h30, seguido pela Missa, \u00e0s 17h.<\/p>\n<hr \/>\n<p><strong>Equipe de comunica\u00e7\u00e3o da Festa da Penha:<\/strong><br \/>\n<em>Frei Augusto Luiz Gabriel, Frei Gustavo Medella, Frei Roger Strapazzon<\/em><\/p>\n\n\t\t<style type=\"text\/css\">\n\t\t\t#gallery-1 {\n\t\t\t\tmargin: auto;\n\t\t\t}\n\t\t\t#gallery-1 .gallery-item {\n\t\t\t\tfloat: left;\n\t\t\t\tmargin-top: 10px;\n\t\t\t\ttext-align: center;\n\t\t\t\twidth: 20%;\n\t\t\t}\n\t\t\t#gallery-1 img {\n\t\t\t\tborder: 2px solid #cfcfcf;\n\t\t\t}\n\t\t\t#gallery-1 .gallery-caption {\n\t\t\t\tmargin-left: 0;\n\t\t\t}\n\t\t\t\/* see gallery_shortcode() in wp-includes\/media.php *\/\n\t\t<\/style>\n\t\t<div id='gallery-1' class='gallery galleryid-256599 gallery-columns-5 gallery-size-thumbnail'><dl class='gallery-item'>\n\t\t\t<dt class='gallery-icon landscape'>\n\t\t\t\t<a href='https:\/\/franciscanos.org.br\/noticias\/wp-content\/uploads\/2025\/04\/colatina_2704257792-Grande.jpeg'><img width=\"300\" height=\"300\" src=\"https:\/\/franciscanos.org.br\/noticias\/wp-content\/uploads\/2025\/04\/colatina_2704257792-Grande-300x300.jpeg\" class=\"attachment-thumbnail size-thumbnail\" alt=\"\" loading=\"lazy\" srcset=\"https:\/\/franciscanos.org.br\/noticias\/wp-content\/uploads\/2025\/04\/colatina_2704257792-Grande-300x300.jpeg 300w, https:\/\/franciscanos.org.br\/noticias\/wp-content\/uploads\/2025\/04\/colatina_2704257792-Grande-100x100.jpeg 100w\" sizes=\"(max-width: 300px) 100vw, 300px\" \/><\/a>\n\t\t\t<\/dt><\/dl><dl class='gallery-item'>\n\t\t\t<dt class='gallery-icon landscape'>\n\t\t\t\t<a href='https:\/\/franciscanos.org.br\/noticias\/wp-content\/uploads\/2025\/04\/colatina_2704257788-Grande.jpeg'><img width=\"300\" height=\"300\" src=\"https:\/\/franciscanos.org.br\/noticias\/wp-content\/uploads\/2025\/04\/colatina_2704257788-Grande-300x300.jpeg\" class=\"attachment-thumbnail size-thumbnail\" alt=\"\" loading=\"lazy\" srcset=\"https:\/\/franciscanos.org.br\/noticias\/wp-content\/uploads\/2025\/04\/colatina_2704257788-Grande-300x300.jpeg 300w, https:\/\/franciscanos.org.br\/noticias\/wp-content\/uploads\/2025\/04\/colatina_2704257788-Grande-100x100.jpeg 100w\" sizes=\"(max-width: 300px) 100vw, 300px\" \/><\/a>\n\t\t\t<\/dt><\/dl><dl class='gallery-item'>\n\t\t\t<dt class='gallery-icon landscape'>\n\t\t\t\t<a href='https:\/\/franciscanos.org.br\/noticias\/wp-content\/uploads\/2025\/04\/colatina_2704257786-Grande.jpeg'><img width=\"300\" height=\"300\" src=\"https:\/\/franciscanos.org.br\/noticias\/wp-content\/uploads\/2025\/04\/colatina_2704257786-Grande-300x300.jpeg\" class=\"attachment-thumbnail size-thumbnail\" alt=\"\" loading=\"lazy\" srcset=\"https:\/\/franciscanos.org.br\/noticias\/wp-content\/uploads\/2025\/04\/colatina_2704257786-Grande-300x300.jpeg 300w, https:\/\/franciscanos.org.br\/noticias\/wp-content\/uploads\/2025\/04\/colatina_2704257786-Grande-100x100.jpeg 100w\" sizes=\"(max-width: 300px) 100vw, 300px\" \/><\/a>\n\t\t\t<\/dt><\/dl><dl class='gallery-item'>\n\t\t\t<dt class='gallery-icon landscape'>\n\t\t\t\t<a href='https:\/\/franciscanos.org.br\/noticias\/wp-content\/uploads\/2025\/04\/colatina_2704257763-Grande.jpeg'><img width=\"300\" height=\"300\" src=\"https:\/\/franciscanos.org.br\/noticias\/wp-content\/uploads\/2025\/04\/colatina_2704257763-Grande-300x300.jpeg\" class=\"attachment-thumbnail size-thumbnail\" alt=\"\" loading=\"lazy\" srcset=\"https:\/\/franciscanos.org.br\/noticias\/wp-content\/uploads\/2025\/04\/colatina_2704257763-Grande-300x300.jpeg 300w, https:\/\/franciscanos.org.br\/noticias\/wp-content\/uploads\/2025\/04\/colatina_2704257763-Grande-100x100.jpeg 100w\" sizes=\"(max-width: 300px) 100vw, 300px\" \/><\/a>\n\t\t\t<\/dt><\/dl><dl class='gallery-item'>\n\t\t\t<dt class='gallery-icon landscape'>\n\t\t\t\t<a href='https:\/\/franciscanos.org.br\/noticias\/wp-content\/uploads\/2025\/04\/colatina_2704257733-Grande.jpeg'><img width=\"300\" height=\"300\" src=\"https:\/\/franciscanos.org.br\/noticias\/wp-content\/uploads\/2025\/04\/colatina_2704257733-Grande-300x300.jpeg\" class=\"attachment-thumbnail size-thumbnail\" alt=\"\" loading=\"lazy\" srcset=\"https:\/\/franciscanos.org.br\/noticias\/wp-content\/uploads\/2025\/04\/colatina_2704257733-Grande-300x300.jpeg 300w, https:\/\/franciscanos.org.br\/noticias\/wp-content\/uploads\/2025\/04\/colatina_2704257733-Grande-100x100.jpeg 100w\" sizes=\"(max-width: 300px) 100vw, 300px\" \/><\/a>\n\t\t\t<\/dt><\/dl><br style=\"clear: both\" \/><dl class='gallery-item'>\n\t\t\t<dt class='gallery-icon landscape'>\n\t\t\t\t<a href='https:\/\/franciscanos.org.br\/noticias\/wp-content\/uploads\/2025\/04\/colatina_2704257726-Grande.jpeg'><img width=\"300\" height=\"300\" src=\"https:\/\/franciscanos.org.br\/noticias\/wp-content\/uploads\/2025\/04\/colatina_2704257726-Grande-300x300.jpeg\" class=\"attachment-thumbnail size-thumbnail\" alt=\"\" loading=\"lazy\" srcset=\"https:\/\/franciscanos.org.br\/noticias\/wp-content\/uploads\/2025\/04\/colatina_2704257726-Grande-300x300.jpeg 300w, https:\/\/franciscanos.org.br\/noticias\/wp-content\/uploads\/2025\/04\/colatina_2704257726-Grande-100x100.jpeg 100w\" sizes=\"(max-width: 300px) 100vw, 300px\" \/><\/a>\n\t\t\t<\/dt><\/dl><dl class='gallery-item'>\n\t\t\t<dt class='gallery-icon landscape'>\n\t\t\t\t<a href='https:\/\/franciscanos.org.br\/noticias\/wp-content\/uploads\/2025\/04\/colatina_2704257714-Grande.jpeg'><img width=\"300\" height=\"300\" src=\"https:\/\/franciscanos.org.br\/noticias\/wp-content\/uploads\/2025\/04\/colatina_2704257714-Grande-300x300.jpeg\" class=\"attachment-thumbnail size-thumbnail\" alt=\"\" loading=\"lazy\" srcset=\"https:\/\/franciscanos.org.br\/noticias\/wp-content\/uploads\/2025\/04\/colatina_2704257714-Grande-300x300.jpeg 300w, https:\/\/franciscanos.org.br\/noticias\/wp-content\/uploads\/2025\/04\/colatina_2704257714-Grande-100x100.jpeg 100w\" sizes=\"(max-width: 300px) 100vw, 300px\" \/><\/a>\n\t\t\t<\/dt><\/dl><dl class='gallery-item'>\n\t\t\t<dt class='gallery-icon landscape'>\n\t\t\t\t<a href='https:\/\/franciscanos.org.br\/noticias\/wp-content\/uploads\/2025\/04\/colatina_2704257689-Grande.jpeg'><img width=\"300\" height=\"300\" src=\"https:\/\/franciscanos.org.br\/noticias\/wp-content\/uploads\/2025\/04\/colatina_2704257689-Grande-300x300.jpeg\" class=\"attachment-thumbnail size-thumbnail\" alt=\"\" loading=\"lazy\" srcset=\"https:\/\/franciscanos.org.br\/noticias\/wp-content\/uploads\/2025\/04\/colatina_2704257689-Grande-300x300.jpeg 300w, https:\/\/franciscanos.org.br\/noticias\/wp-content\/uploads\/2025\/04\/colatina_2704257689-Grande-100x100.jpeg 100w\" sizes=\"(max-width: 300px) 100vw, 300px\" \/><\/a>\n\t\t\t<\/dt><\/dl><dl class='gallery-item'>\n\t\t\t<dt class='gallery-icon landscape'>\n\t\t\t\t<a href='https:\/\/franciscanos.org.br\/noticias\/wp-content\/uploads\/2025\/04\/colatina_2704257685-Grande.jpeg'><img width=\"300\" height=\"300\" src=\"https:\/\/franciscanos.org.br\/noticias\/wp-content\/uploads\/2025\/04\/colatina_2704257685-Grande-300x300.jpeg\" class=\"attachment-thumbnail size-thumbnail\" alt=\"\" loading=\"lazy\" srcset=\"https:\/\/franciscanos.org.br\/noticias\/wp-content\/uploads\/2025\/04\/colatina_2704257685-Grande-300x300.jpeg 300w, https:\/\/franciscanos.org.br\/noticias\/wp-content\/uploads\/2025\/04\/colatina_2704257685-Grande-100x100.jpeg 100w\" sizes=\"(max-width: 300px) 100vw, 300px\" \/><\/a>\n\t\t\t<\/dt><\/dl><dl class='gallery-item'>\n\t\t\t<dt class='gallery-icon landscape'>\n\t\t\t\t<a href='https:\/\/franciscanos.org.br\/noticias\/wp-content\/uploads\/2025\/04\/colatina_2704257662-Grande.jpeg'><img width=\"300\" height=\"300\" src=\"https:\/\/franciscanos.org.br\/noticias\/wp-content\/uploads\/2025\/04\/colatina_2704257662-Grande-300x300.jpeg\" class=\"attachment-thumbnail size-thumbnail\" alt=\"\" loading=\"lazy\" srcset=\"https:\/\/franciscanos.org.br\/noticias\/wp-content\/uploads\/2025\/04\/colatina_2704257662-Grande-300x300.jpeg 300w, https:\/\/franciscanos.org.br\/noticias\/wp-content\/uploads\/2025\/04\/colatina_2704257662-Grande-100x100.jpeg 100w\" sizes=\"(max-width: 300px) 100vw, 300px\" \/><\/a>\n\t\t\t<\/dt><\/dl><br style=\"clear: both\" \/><dl class='gallery-item'>\n\t\t\t<dt class='gallery-icon landscape'>\n\t\t\t\t<a href='https:\/\/franciscanos.org.br\/noticias\/wp-content\/uploads\/2025\/04\/colatina_2704257654-Grande.jpeg'><img width=\"300\" height=\"300\" src=\"https:\/\/franciscanos.org.br\/noticias\/wp-content\/uploads\/2025\/04\/colatina_2704257654-Grande-300x300.jpeg\" class=\"attachment-thumbnail size-thumbnail\" alt=\"\" loading=\"lazy\" srcset=\"https:\/\/franciscanos.org.br\/noticias\/wp-content\/uploads\/2025\/04\/colatina_2704257654-Grande-300x300.jpeg 300w, https:\/\/franciscanos.org.br\/noticias\/wp-content\/uploads\/2025\/04\/colatina_2704257654-Grande-100x100.jpeg 100w\" sizes=\"(max-width: 300px) 100vw, 300px\" \/><\/a>\n\t\t\t<\/dt><\/dl><dl class='gallery-item'>\n\t\t\t<dt class='gallery-icon landscape'>\n\t\t\t\t<a href='https:\/\/franciscanos.org.br\/noticias\/wp-content\/uploads\/2025\/04\/colatina_2704257651-Grande.jpeg'><img width=\"300\" height=\"300\" src=\"https:\/\/franciscanos.org.br\/noticias\/wp-content\/uploads\/2025\/04\/colatina_2704257651-Grande-300x300.jpeg\" class=\"attachment-thumbnail size-thumbnail\" alt=\"\" loading=\"lazy\" srcset=\"https:\/\/franciscanos.org.br\/noticias\/wp-content\/uploads\/2025\/04\/colatina_2704257651-Grande-300x300.jpeg 300w, https:\/\/franciscanos.org.br\/noticias\/wp-content\/uploads\/2025\/04\/colatina_2704257651-Grande-100x100.jpeg 100w\" sizes=\"(max-width: 300px) 100vw, 300px\" \/><\/a>\n\t\t\t<\/dt><\/dl><dl class='gallery-item'>\n\t\t\t<dt class='gallery-icon landscape'>\n\t\t\t\t<a href='https:\/\/franciscanos.org.br\/noticias\/wp-content\/uploads\/2025\/04\/colatina_2704257642-Grande.jpeg'><img width=\"300\" height=\"300\" src=\"https:\/\/franciscanos.org.br\/noticias\/wp-content\/uploads\/2025\/04\/colatina_2704257642-Grande-300x300.jpeg\" class=\"attachment-thumbnail size-thumbnail\" alt=\"\" loading=\"lazy\" srcset=\"https:\/\/franciscanos.org.br\/noticias\/wp-content\/uploads\/2025\/04\/colatina_2704257642-Grande-300x300.jpeg 300w, https:\/\/franciscanos.org.br\/noticias\/wp-content\/uploads\/2025\/04\/colatina_2704257642-Grande-100x100.jpeg 100w\" sizes=\"(max-width: 300px) 100vw, 300px\" \/><\/a>\n\t\t\t<\/dt><\/dl><dl class='gallery-item'>\n\t\t\t<dt class='gallery-icon landscape'>\n\t\t\t\t<a href='https:\/\/franciscanos.org.br\/noticias\/wp-content\/uploads\/2025\/04\/colatina_2704257632-Grande.jpeg'><img width=\"300\" height=\"300\" src=\"https:\/\/franciscanos.org.br\/noticias\/wp-content\/uploads\/2025\/04\/colatina_2704257632-Grande-300x300.jpeg\" class=\"attachment-thumbnail size-thumbnail\" alt=\"\" loading=\"lazy\" srcset=\"https:\/\/franciscanos.org.br\/noticias\/wp-content\/uploads\/2025\/04\/colatina_2704257632-Grande-300x300.jpeg 300w, https:\/\/franciscanos.org.br\/noticias\/wp-content\/uploads\/2025\/04\/colatina_2704257632-Grande-100x100.jpeg 100w\" sizes=\"(max-width: 300px) 100vw, 300px\" \/><\/a>\n\t\t\t<\/dt><\/dl><dl class='gallery-item'>\n\t\t\t<dt class='gallery-icon landscape'>\n\t\t\t\t<a href='https:\/\/franciscanos.org.br\/noticias\/wp-content\/uploads\/2025\/04\/colatina_2704257630-Grande.jpeg'><img width=\"300\" height=\"300\" src=\"https:\/\/franciscanos.org.br\/noticias\/wp-content\/uploads\/2025\/04\/colatina_2704257630-Grande-300x300.jpeg\" class=\"attachment-thumbnail size-thumbnail\" alt=\"\" loading=\"lazy\" srcset=\"https:\/\/franciscanos.org.br\/noticias\/wp-content\/uploads\/2025\/04\/colatina_2704257630-Grande-300x300.jpeg 300w, https:\/\/franciscanos.org.br\/noticias\/wp-content\/uploads\/2025\/04\/colatina_2704257630-Grande-100x100.jpeg 100w\" sizes=\"(max-width: 300px) 100vw, 300px\" \/><\/a>\n\t\t\t<\/dt><\/dl><br style=\"clear: both\" \/>\n\t\t<\/div>\n\n","protected":false},"excerpt":{"rendered":"<p>Festa da Penha 2025<\/p>\n","protected":false},"author":5,"featured_media":256611,"comment_status":"open","ping_status":"open","sticky":false,"template":"","format":"standard","meta":[],"categories":[1],"tags":[2293],"acf":[],"yoast_head":"<!-- This site is optimized with the Yoast SEO plugin v19.2 - https:\/\/yoast.com\/wordpress\/plugins\/seo\/ -->\n<title>Dom Lauro exorta os fi\u00e9is ao cultivo de atitudes pr\u00e1ticas nascidas da f\u00e9 no Ressuscitado - Not\u00edcias - Franciscanos<\/title>\n<meta name=\"robots\" content=\"index, follow, max-snippet:-1, max-image-preview:large, max-video-preview:-1\" \/>\n<link rel=\"canonical\" href=\"https:\/\/franciscanos.org.br\/noticias\/romaria-da-diocese-de-colatina-dom-lauro-exorta-os-fieis-ao-cultivo-de-atitudes-praticas-nascidas-da-fe-no-ressuscitado.html\" \/>\n<meta property=\"og:locale\" content=\"pt_BR\" \/>\n<meta property=\"og:type\" content=\"article\" \/>\n<meta property=\"og:title\" content=\"Dom Lauro exorta os fi\u00e9is ao cultivo de atitudes pr\u00e1ticas nascidas da f\u00e9 no Ressuscitado - Not\u00edcias - Franciscanos\" \/>\n<meta property=\"og:description\" content=\"Festa da Penha 2025\" \/>\n<meta property=\"og:url\" content=\"https:\/\/franciscanos.org.br\/noticias\/romaria-da-diocese-de-colatina-dom-lauro-exorta-os-fieis-ao-cultivo-de-atitudes-praticas-nascidas-da-fe-no-ressuscitado.html\" \/>\n<meta property=\"og:site_name\" content=\"Not\u00edcias - Franciscanos\" \/>\n<meta property=\"article:published_time\" content=\"2025-04-27T15:25:30+00:00\" \/>\n<meta property=\"article:modified_time\" content=\"2025-05-20T20:38:15+00:00\" \/>\n<meta property=\"og:image\" content=\"https:\/\/franciscanos.org.br\/noticias\/wp-content\/uploads\/2025\/04\/colatina_2704257710-Grande.jpeg\" \/>\n\t<meta property=\"og:image:width\" content=\"1280\" \/>\n\t<meta property=\"og:image:height\" content=\"853\" \/>\n\t<meta property=\"og:image:type\" content=\"image\/jpeg\" \/>\n<meta name=\"author\" content=\"freiaugusto\" \/>\n<meta name=\"twitter:card\" content=\"summary_large_image\" \/>\n<meta name=\"twitter:label1\" content=\"Escrito por\" \/>\n\t<meta name=\"twitter:data1\" content=\"freiaugusto\" \/>\n\t<meta name=\"twitter:label2\" content=\"Est. tempo de leitura\" \/>\n\t<meta name=\"twitter:data2\" content=\"6 minutos\" \/>\n<script type=\"application\/ld+json\" class=\"yoast-schema-graph\">{\"@context\":\"https:\/\/schema.org\",\"@graph\":[{\"@type\":\"WebSite\",\"@id\":\"https:\/\/franciscanos.org.br\/noticias\/#website\",\"url\":\"https:\/\/franciscanos.org.br\/noticias\/\",\"name\":\"Not\u00edcias - Franciscanos\",\"description\":\"Prov\u00edncia Franciscana da Imaculada Concei\u00e7\u00e3o do Brasil - Ordem dos Frades Menores - OFM\",\"potentialAction\":[{\"@type\":\"SearchAction\",\"target\":{\"@type\":\"EntryPoint\",\"urlTemplate\":\"https:\/\/franciscanos.org.br\/noticias\/?s={search_term_string}\"},\"query-input\":\"required name=search_term_string\"}],\"inLanguage\":\"pt-BR\"},{\"@type\":\"ImageObject\",\"inLanguage\":\"pt-BR\",\"@id\":\"https:\/\/franciscanos.org.br\/noticias\/romaria-da-diocese-de-colatina-dom-lauro-exorta-os-fieis-ao-cultivo-de-atitudes-praticas-nascidas-da-fe-no-ressuscitado.html#primaryimage\",\"url\":\"https:\/\/franciscanos.org.br\/noticias\/wp-content\/uploads\/2025\/04\/colatina_2704257710-Grande.jpeg\",\"contentUrl\":\"https:\/\/franciscanos.org.br\/noticias\/wp-content\/uploads\/2025\/04\/colatina_2704257710-Grande.jpeg\",\"width\":1280,\"height\":853},{\"@type\":\"WebPage\",\"@id\":\"https:\/\/franciscanos.org.br\/noticias\/romaria-da-diocese-de-colatina-dom-lauro-exorta-os-fieis-ao-cultivo-de-atitudes-praticas-nascidas-da-fe-no-ressuscitado.html#webpage\",\"url\":\"https:\/\/franciscanos.org.br\/noticias\/romaria-da-diocese-de-colatina-dom-lauro-exorta-os-fieis-ao-cultivo-de-atitudes-praticas-nascidas-da-fe-no-ressuscitado.html\",\"name\":\"Dom Lauro exorta os fi\u00e9is ao cultivo de atitudes pr\u00e1ticas nascidas da f\u00e9 no Ressuscitado - Not\u00edcias - Franciscanos\",\"isPartOf\":{\"@id\":\"https:\/\/franciscanos.org.br\/noticias\/#website\"},\"primaryImageOfPage\":{\"@id\":\"https:\/\/franciscanos.org.br\/noticias\/romaria-da-diocese-de-colatina-dom-lauro-exorta-os-fieis-ao-cultivo-de-atitudes-praticas-nascidas-da-fe-no-ressuscitado.html#primaryimage\"},\"datePublished\":\"2025-04-27T15:25:30+00:00\",\"dateModified\":\"2025-05-20T20:38:15+00:00\",\"author\":{\"@id\":\"https:\/\/franciscanos.org.br\/noticias\/#\/schema\/person\/37f88f0d111cd5358b12a6556a99eb91\"},\"breadcrumb\":{\"@id\":\"https:\/\/franciscanos.org.br\/noticias\/romaria-da-diocese-de-colatina-dom-lauro-exorta-os-fieis-ao-cultivo-de-atitudes-praticas-nascidas-da-fe-no-ressuscitado.html#breadcrumb\"},\"inLanguage\":\"pt-BR\",\"potentialAction\":[{\"@type\":\"ReadAction\",\"target\":[\"https:\/\/franciscanos.org.br\/noticias\/romaria-da-diocese-de-colatina-dom-lauro-exorta-os-fieis-ao-cultivo-de-atitudes-praticas-nascidas-da-fe-no-ressuscitado.html\"]}]},{\"@type\":\"BreadcrumbList\",\"@id\":\"https:\/\/franciscanos.org.br\/noticias\/romaria-da-diocese-de-colatina-dom-lauro-exorta-os-fieis-ao-cultivo-de-atitudes-praticas-nascidas-da-fe-no-ressuscitado.html#breadcrumb\",\"itemListElement\":[{\"@type\":\"ListItem\",\"position\":1,\"name\":\"Home\",\"item\":\"https:\/\/franciscanos.org.br\/noticias\"},{\"@type\":\"ListItem\",\"position\":2,\"name\":\"Dom Lauro exorta os fi\u00e9is ao cultivo de atitudes pr\u00e1ticas nascidas da f\u00e9 no Ressuscitado\"}]},{\"@type\":\"Person\",\"@id\":\"https:\/\/franciscanos.org.br\/noticias\/#\/schema\/person\/37f88f0d111cd5358b12a6556a99eb91\",\"name\":\"freiaugusto\",\"image\":{\"@type\":\"ImageObject\",\"inLanguage\":\"pt-BR\",\"@id\":\"https:\/\/franciscanos.org.br\/noticias\/#\/schema\/person\/image\/\",\"url\":\"https:\/\/secure.gravatar.com\/avatar\/9840b940e621801b24f3e6b059efb4b7?s=96&d=mm&r=g\",\"contentUrl\":\"https:\/\/secure.gravatar.com\/avatar\/9840b940e621801b24f3e6b059efb4b7?s=96&d=mm&r=g\",\"caption\":\"freiaugusto\"},\"url\":\"https:\/\/franciscanos.org.br\/noticias\/author\/freiaugusto\"}]}<\/script>\n<!-- \/ Yoast SEO plugin. -->","yoast_head_json":{"title":"Dom Lauro exorta os fi\u00e9is ao cultivo de atitudes pr\u00e1ticas nascidas da f\u00e9 no Ressuscitado - Not\u00edcias - Franciscanos","robots":{"index":"index","follow":"follow","max-snippet":"max-snippet:-1","max-image-preview":"max-image-preview:large","max-video-preview":"max-video-preview:-1"},"canonical":"https:\/\/franciscanos.org.br\/noticias\/romaria-da-diocese-de-colatina-dom-lauro-exorta-os-fieis-ao-cultivo-de-atitudes-praticas-nascidas-da-fe-no-ressuscitado.html","og_locale":"pt_BR","og_type":"article","og_title":"Dom Lauro exorta os fi\u00e9is ao cultivo de atitudes pr\u00e1ticas nascidas da f\u00e9 no Ressuscitado - Not\u00edcias - Franciscanos","og_description":"Festa da Penha 2025","og_url":"https:\/\/franciscanos.org.br\/noticias\/romaria-da-diocese-de-colatina-dom-lauro-exorta-os-fieis-ao-cultivo-de-atitudes-praticas-nascidas-da-fe-no-ressuscitado.html","og_site_name":"Not\u00edcias - Franciscanos","article_published_time":"2025-04-27T15:25:30+00:00","article_modified_time":"2025-05-20T20:38:15+00:00","og_image":[{"width":1280,"height":853,"url":"https:\/\/franciscanos.org.br\/noticias\/wp-content\/uploads\/2025\/04\/colatina_2704257710-Grande.jpeg","type":"image\/jpeg"}],"author":"freiaugusto","twitter_card":"summary_large_image","twitter_misc":{"Escrito por":"freiaugusto","Est. tempo de leitura":"6 minutos"},"schema":{"@context":"https:\/\/schema.org","@graph":[{"@type":"WebSite","@id":"https:\/\/franciscanos.org.br\/noticias\/#website","url":"https:\/\/franciscanos.org.br\/noticias\/","name":"Not\u00edcias - Franciscanos","description":"Prov\u00edncia Franciscana da Imaculada Concei\u00e7\u00e3o do Brasil - Ordem dos Frades Menores - OFM","potentialAction":[{"@type":"SearchAction","target":{"@type":"EntryPoint","urlTemplate":"https:\/\/franciscanos.org.br\/noticias\/?s={search_term_string}"},"query-input":"required name=search_term_string"}],"inLanguage":"pt-BR"},{"@type":"ImageObject","inLanguage":"pt-BR","@id":"https:\/\/franciscanos.org.br\/noticias\/romaria-da-diocese-de-colatina-dom-lauro-exorta-os-fieis-ao-cultivo-de-atitudes-praticas-nascidas-da-fe-no-ressuscitado.html#primaryimage","url":"https:\/\/franciscanos.org.br\/noticias\/wp-content\/uploads\/2025\/04\/colatina_2704257710-Grande.jpeg","contentUrl":"https:\/\/franciscanos.org.br\/noticias\/wp-content\/uploads\/2025\/04\/colatina_2704257710-Grande.jpeg","width":1280,"height":853},{"@type":"WebPage","@id":"https:\/\/franciscanos.org.br\/noticias\/romaria-da-diocese-de-colatina-dom-lauro-exorta-os-fieis-ao-cultivo-de-atitudes-praticas-nascidas-da-fe-no-ressuscitado.html#webpage","url":"https:\/\/franciscanos.org.br\/noticias\/romaria-da-diocese-de-colatina-dom-lauro-exorta-os-fieis-ao-cultivo-de-atitudes-praticas-nascidas-da-fe-no-ressuscitado.html","name":"Dom Lauro exorta os fi\u00e9is ao cultivo de atitudes pr\u00e1ticas nascidas da f\u00e9 no Ressuscitado - Not\u00edcias - Franciscanos","isPartOf":{"@id":"https:\/\/franciscanos.org.br\/noticias\/#website"},"primaryImageOfPage":{"@id":"https:\/\/franciscanos.org.br\/noticias\/romaria-da-diocese-de-colatina-dom-lauro-exorta-os-fieis-ao-cultivo-de-atitudes-praticas-nascidas-da-fe-no-ressuscitado.html#primaryimage"},"datePublished":"2025-04-27T15:25:30+00:00","dateModified":"2025-05-20T20:38:15+00:00","author":{"@id":"https:\/\/franciscanos.org.br\/noticias\/#\/schema\/person\/37f88f0d111cd5358b12a6556a99eb91"},"breadcrumb":{"@id":"https:\/\/franciscanos.org.br\/noticias\/romaria-da-diocese-de-colatina-dom-lauro-exorta-os-fieis-ao-cultivo-de-atitudes-praticas-nascidas-da-fe-no-ressuscitado.html#breadcrumb"},"inLanguage":"pt-BR","potentialAction":[{"@type":"ReadAction","target":["https:\/\/franciscanos.org.br\/noticias\/romaria-da-diocese-de-colatina-dom-lauro-exorta-os-fieis-ao-cultivo-de-atitudes-praticas-nascidas-da-fe-no-ressuscitado.html"]}]},{"@type":"BreadcrumbList","@id":"https:\/\/franciscanos.org.br\/noticias\/romaria-da-diocese-de-colatina-dom-lauro-exorta-os-fieis-ao-cultivo-de-atitudes-praticas-nascidas-da-fe-no-ressuscitado.html#breadcrumb","itemListElement":[{"@type":"ListItem","position":1,"name":"Home","item":"https:\/\/franciscanos.org.br\/noticias"},{"@type":"ListItem","position":2,"name":"Dom Lauro exorta os fi\u00e9is ao cultivo de atitudes pr\u00e1ticas nascidas da f\u00e9 no Ressuscitado"}]},{"@type":"Person","@id":"https:\/\/franciscanos.org.br\/noticias\/#\/schema\/person\/37f88f0d111cd5358b12a6556a99eb91","name":"freiaugusto","image":{"@type":"ImageObject","inLanguage":"pt-BR","@id":"https:\/\/franciscanos.org.br\/noticias\/#\/schema\/person\/image\/","url":"https:\/\/secure.gravatar.com\/avatar\/9840b940e621801b24f3e6b059efb4b7?s=96&d=mm&r=g","contentUrl":"https:\/\/secure.gravatar.com\/avatar\/9840b940e621801b24f3e6b059efb4b7?s=96&d=mm&r=g","caption":"freiaugusto"},"url":"https:\/\/franciscanos.org.br\/noticias\/author\/freiaugusto"}]}},"_links":{"self":[{"href":"https:\/\/franciscanos.org.br\/noticias\/wp-json\/wp\/v2\/posts\/256599"}],"collection":[{"href":"https:\/\/franciscanos.org.br\/noticias\/wp-json\/wp\/v2\/posts"}],"about":[{"href":"https:\/\/franciscanos.org.br\/noticias\/wp-json\/wp\/v2\/types\/post"}],"author":[{"embeddable":true,"href":"https:\/\/franciscanos.org.br\/noticias\/wp-json\/wp\/v2\/users\/5"}],"replies":[{"embeddable":true,"href":"https:\/\/franciscanos.org.br\/noticias\/wp-json\/wp\/v2\/comments?post=256599"}],"version-history":[{"count":3,"href":"https:\/\/franciscanos.org.br\/noticias\/wp-json\/wp\/v2\/posts\/256599\/revisions"}],"predecessor-version":[{"id":257213,"href":"https:\/\/franciscanos.org.br\/noticias\/wp-json\/wp\/v2\/posts\/256599\/revisions\/257213"}],"wp:featuredmedia":[{"embeddable":true,"href":"https:\/\/franciscanos.org.br\/noticias\/wp-json\/wp\/v2\/media\/256611"}],"wp:attachment":[{"href":"https:\/\/franciscanos.org.br\/noticias\/wp-json\/wp\/v2\/media?parent=256599"}],"wp:term":[{"taxonomy":"category","embeddable":true,"href":"https:\/\/franciscanos.org.br\/noticias\/wp-json\/wp\/v2\/categories?post=256599"},{"taxonomy":"post_tag","embeddable":true,"href":"https:\/\/franciscanos.org.br\/noticias\/wp-json\/wp\/v2\/tags?post=256599"}],"curies":[{"name":"wp","href":"https:\/\/api.w.org\/{rel}","templated":true}]}}