{"id":256584,"date":"2025-04-27T02:32:09","date_gmt":"2025-04-27T05:32:09","guid":{"rendered":"https:\/\/franciscanos.org.br\/noticias\/?p=256584"},"modified":"2025-04-28T10:59:50","modified_gmt":"2025-04-28T13:59:50","slug":"15-licoes-da-romaria-dos-homens","status":"publish","type":"post","link":"https:\/\/franciscanos.org.br\/noticias\/15-licoes-da-romaria-dos-homens.html","title":{"rendered":"15 li\u00e7\u00f5es da Romaria dos Homens"},"content":{"rendered":"<p><img loading=\"lazy\" class=\"aligncenter wp-image-256589 size-full\" src=\"https:\/\/franciscanos.org.br\/noticias\/wp-content\/uploads\/2025\/04\/IMG_8183.jpg\" alt=\"\" width=\"1280\" height=\"853\" srcset=\"https:\/\/franciscanos.org.br\/noticias\/wp-content\/uploads\/2025\/04\/IMG_8183.jpg 1280w, https:\/\/franciscanos.org.br\/noticias\/wp-content\/uploads\/2025\/04\/IMG_8183-450x300.jpg 450w, https:\/\/franciscanos.org.br\/noticias\/wp-content\/uploads\/2025\/04\/IMG_8183-1024x682.jpg 1024w, https:\/\/franciscanos.org.br\/noticias\/wp-content\/uploads\/2025\/04\/IMG_8183-768x512.jpg 768w, https:\/\/franciscanos.org.br\/noticias\/wp-content\/uploads\/2025\/04\/IMG_8183-150x100.jpg 150w\" sizes=\"(max-width: 1280px) 100vw, 1280px\" \/><\/p>\n<p style=\"font-weight: 400;\"><strong>Vila Velha (ES) &#8211;<\/strong> A Romaria dos Homens teve in\u00edcio \u00e0s 18h deste s\u00e1bado, 26 de abril, na Catedral de Vit\u00f3ria, com Missa de envio presidida pelo Bispo Auxiliar da Arquidiocese de Vit\u00f3ria, Dom Andherson Franklin Lustosa de Souza, concelebrada pelo Guardi\u00e3o do Convento da Penha, Frei Gabriel Dellandrea, al\u00e9m de outros sacerdotes e di\u00e1conos. Logo ap\u00f3s a celebra\u00e7\u00e3o e a b\u00ean\u00e7\u00e3o de envio, a multid\u00e3o partiu em caminhada. Dom Andherson e Frei Gabriel fizeram quest\u00e3o de caminhar juntos, lado a lado, com sinal da unidade entre a Arquidiocese de Vit\u00f3ria e a Prov\u00edncia Franciscana da Imaculada Concei\u00e7\u00e3o do Brasil no cuidado desta imensa manifesta\u00e7\u00e3o de amor e carinho a M\u00e3e de Deus presente na hist\u00f3ria e no cora\u00e7\u00e3o do povo Capixaba. Chegando \u00e0 sua 70\u00aa edi\u00e7\u00e3o em 2025, a Romaria \u00e9 tradi\u00e7\u00e3o que passa de pai para filho, atravessando gera\u00e7\u00f5es. Tamb\u00e9m j\u00e1 se tornou com o passar dos anos, a \u201cRomaria da Fam\u00edlia. Neste ano, traz como proposta de reflex\u00e3o a tem\u00e1tica \u201cCom Maria, peregrinos de esperan\u00e7a\u201d. Para percorrer este caminho, neste ano estamos propondo alguns marcos de refer\u00eancia, aos quais denominamos \u201c15 Li\u00e7\u00f5es da Romaria dos Homens\u201d e que, esperamos, possam ajudar os leitores a uma experi\u00eancia de aprofundamento na f\u00e9 e na esperan\u00e7a.<\/p>\n<h1 style=\"font-weight: 400;\"><span style=\"color: #993300;\"><strong>1- Todos somos peregrinos de Esperan\u00e7a<\/strong><\/span><\/h1>\n<p style=\"font-weight: 400;\">A esperan\u00e7a nos lan\u00e7a para frente. Peregrinar \u00e9, necessariamente esperan\u00e7ar. Seguir com o cora\u00e7\u00e3o cheio de expectativas e sonhos, carregando alegrias, desejos, gratid\u00e3o e tamb\u00e9m afli\u00e7\u00e3o. Peregrinar pode ser deixar para traz uma situa\u00e7\u00e3o de medo ou de opress\u00e3o. Ou dirigir os pr\u00f3prios passos numa busca de um importante progresso. De qualquer forma, a esperan\u00e7a sempre impulsiona o peregrino na dire\u00e7\u00e3o de uma vida melhor. Esta \u00e9 a verdadeira experi\u00eancia pascal. Participar da Romaria dos Homens \u00e9 mergulhar num mar de esperan\u00e7a e deixar-se conduzir pela gra\u00e7a de Deus.<\/p>\n<h1><img loading=\"lazy\" class=\"aligncenter wp-image-256629 size-full\" src=\"https:\/\/franciscanos.org.br\/noticias\/wp-content\/uploads\/2025\/04\/PENHA_HOMENS_-14.jpg\" alt=\"\" width=\"1280\" height=\"720\" srcset=\"https:\/\/franciscanos.org.br\/noticias\/wp-content\/uploads\/2025\/04\/PENHA_HOMENS_-14.jpg 1280w, https:\/\/franciscanos.org.br\/noticias\/wp-content\/uploads\/2025\/04\/PENHA_HOMENS_-14-450x253.jpg 450w, https:\/\/franciscanos.org.br\/noticias\/wp-content\/uploads\/2025\/04\/PENHA_HOMENS_-14-1024x576.jpg 1024w, https:\/\/franciscanos.org.br\/noticias\/wp-content\/uploads\/2025\/04\/PENHA_HOMENS_-14-768x432.jpg 768w, https:\/\/franciscanos.org.br\/noticias\/wp-content\/uploads\/2025\/04\/PENHA_HOMENS_-14-150x84.jpg 150w\" sizes=\"(max-width: 1280px) 100vw, 1280px\" \/><\/h1>\n<h1 style=\"font-weight: 400;\"><span style=\"color: #993300;\"><strong>2- Maria \u00e9 peregrina entre os peregrinos<\/strong><\/span><\/h1>\n<p style=\"font-weight: 400;\">A Imagem de Nossa Senhora da Penha vem entronizada sobre o c\u00e9lebre \u201cPenham\u00f3vel\u201d, modelo \u00fanico e exclusivo, marca registrada da Festa da Penha. Sempre muito enfeitada com muitas flores e iluminada, destaca-se no meio da multid\u00e3o, mas n\u00e3o fica parada. Caminha junto com o imenso n\u00famero de filhos e filhas que v\u00eam homenage\u00e1-la neste percurso de 14 quil\u00f4metros. A multid\u00e3o pode chegar a um milh\u00e3o de fi\u00e9is e devotos. As pessoas s\u00e3o extens\u00e3o das flores que enfeitam o bel\u00edssimo andor. Cada caminhante \u00e9 uma flor \u00fanica e bela no Jardim de Nossa Senhora, que nunca se furtou em caminhar na companhia de seu povo. Na condu\u00e7\u00e3o segura da Virgem, tamb\u00e9m conduzidos por Ela, os muitos volunt\u00e1rios da Corrente da Penha, incans\u00e1veis guardi\u00e3es de Nossa Senhora neste percurso e em toda a movimenta\u00e7\u00e3o da Imagem Peregrina durante a Festa da Penha.<\/p>\n<h1><img loading=\"lazy\" class=\"wp-image-256586 size-full aligncenter\" src=\"https:\/\/franciscanos.org.br\/noticias\/wp-content\/uploads\/2025\/04\/IMG_7040.jpg\" alt=\"\" width=\"1080\" height=\"720\" srcset=\"https:\/\/franciscanos.org.br\/noticias\/wp-content\/uploads\/2025\/04\/IMG_7040.jpg 1080w, https:\/\/franciscanos.org.br\/noticias\/wp-content\/uploads\/2025\/04\/IMG_7040-450x300.jpg 450w, https:\/\/franciscanos.org.br\/noticias\/wp-content\/uploads\/2025\/04\/IMG_7040-1024x683.jpg 1024w, https:\/\/franciscanos.org.br\/noticias\/wp-content\/uploads\/2025\/04\/IMG_7040-768x512.jpg 768w, https:\/\/franciscanos.org.br\/noticias\/wp-content\/uploads\/2025\/04\/IMG_7040-150x100.jpg 150w\" sizes=\"(max-width: 1080px) 100vw, 1080px\" \/><\/h1>\n<h1 style=\"font-weight: 400;\"><span style=\"color: #993300;\"><strong>3- A vida \u00e9 peregrina\u00e7\u00e3o<\/strong><\/span><\/h1>\n<p style=\"font-weight: 400;\">Viver \u00e9 manter-se em constante movimento. \u00c9 din\u00e2mica mesmo para quem se sente parado ou estagnado. Cada novo dia que acordamos somos diferentes do que \u00e9ramos do dia anterior. Estamos mais pr\u00f3ximos da morte e mais distante do nascimento. No entanto, morremos e renascemos todos os dias. O caminho \u00e0s vezes mais conhecido e tranquilo. Em outras ocasi\u00f5es, apresenta algumas surpresas, torna-se mais inclinado ou acidentado. O cansa\u00e7o chega e o des\u00e2nimo amea\u00e7a bater \u00e0s portas. Mesmo que haja algumas paradas necess\u00e1rias, breves e estrat\u00e9gicas, seguir caminhando \u00e9 sempre a melhor op\u00e7\u00e3o. Ningu\u00e9m deve estacionar diante de frustra\u00e7\u00f5es, m\u00e1goas ou decep\u00e7\u00f5es. Nestes casos, vale a m\u00e1xima da famosa can\u00e7\u00e3o: \u201cLevanta, sacode a poeira e d\u00e1 a volta por cima\u201d.<\/p>\n<h1><img loading=\"lazy\" class=\"aligncenter wp-image-256585 size-full\" src=\"https:\/\/franciscanos.org.br\/noticias\/wp-content\/uploads\/2025\/04\/IMG_8227.jpg\" alt=\"\" width=\"1279\" height=\"720\" srcset=\"https:\/\/franciscanos.org.br\/noticias\/wp-content\/uploads\/2025\/04\/IMG_8227.jpg 1279w, https:\/\/franciscanos.org.br\/noticias\/wp-content\/uploads\/2025\/04\/IMG_8227-450x253.jpg 450w, https:\/\/franciscanos.org.br\/noticias\/wp-content\/uploads\/2025\/04\/IMG_8227-1024x576.jpg 1024w, https:\/\/franciscanos.org.br\/noticias\/wp-content\/uploads\/2025\/04\/IMG_8227-768x432.jpg 768w, https:\/\/franciscanos.org.br\/noticias\/wp-content\/uploads\/2025\/04\/IMG_8227-150x84.jpg 150w\" sizes=\"(max-width: 1279px) 100vw, 1279px\" \/><\/h1>\n<h1 style=\"font-weight: 400;\"><span style=\"color: #993300;\"><strong>4- \u00c9 de pequeno que se aprende a peregrinar<\/strong><\/span><\/h1>\n<p style=\"font-weight: 400;\">A Romaria dos Homens se tornou, h\u00e1 muito, a Romaria das Fam\u00edlias. No entanto, manter o nome \u00e9 importante, pois tem forte valor afetivo e confirma uma saud\u00e1vel tradi\u00e7\u00e3o. Muito bonita a participa\u00e7\u00e3o que se aprende de gera\u00e7\u00e3o em gera\u00e7\u00e3o. N\u00e3o s\u00e3o poucos os que dizem ter sido introduzidos na pr\u00e1tica pelo pai ou pelo av\u00f4. S\u00e3o muitas as crian\u00e7as, de todas as idades: no carrinho de beb\u00ea, no colo, sobre a nuca do pai. Imbuir nos filhos, desde a inf\u00e2ncia, o carinho e a devo\u00e7\u00e3o a Nossa Senhora \u00e9 mais do recomendado aos pais. \u00c9 um dever de quem \u00e9 crist\u00e3o batizado, \u00e9 apresentar \u00e0queles de quem somos respons\u00e1veis um tesouro que vale mais do que qualquer quantia, o tesouro da f\u00e9 e do amor. Parab\u00e9ns aos pais que, desde cedo, educam seus filhos para a f\u00e9 e a devo\u00e7\u00e3o.<\/p>\n<p><img loading=\"lazy\" class=\"aligncenter wp-image-256631 size-full\" src=\"https:\/\/franciscanos.org.br\/noticias\/wp-content\/uploads\/2025\/04\/PENHA_HOMENS_04.jpg\" alt=\"\" width=\"1280\" height=\"720\" srcset=\"https:\/\/franciscanos.org.br\/noticias\/wp-content\/uploads\/2025\/04\/PENHA_HOMENS_04.jpg 1280w, https:\/\/franciscanos.org.br\/noticias\/wp-content\/uploads\/2025\/04\/PENHA_HOMENS_04-450x253.jpg 450w, https:\/\/franciscanos.org.br\/noticias\/wp-content\/uploads\/2025\/04\/PENHA_HOMENS_04-1024x576.jpg 1024w, https:\/\/franciscanos.org.br\/noticias\/wp-content\/uploads\/2025\/04\/PENHA_HOMENS_04-768x432.jpg 768w, https:\/\/franciscanos.org.br\/noticias\/wp-content\/uploads\/2025\/04\/PENHA_HOMENS_04-150x84.jpg 150w\" sizes=\"(max-width: 1280px) 100vw, 1280px\" \/><\/p>\n<h1 style=\"font-weight: 400;\"><span style=\"color: #993300;\"><strong>5- Peregrinar \u00e9 exerc\u00edcio de paci\u00eancia<\/strong><\/span><\/h1>\n<p>S<span style=\"font-weight: 400;\">ozinhos com certeza far\u00edamos o percurso bem mais r\u00e1pido. A multid\u00e3o n\u00e3o anda t\u00e3o depressa. \u00c0s vezes o caminho \u00e9 interrompido por algu\u00e9m que desviou de um buraco ou de um ressalto no piso, por um senhor idoso com dificuldade de locomo\u00e7\u00e3o, com a m\u00e3e que empurra a cadeira de rodas de seu filho especial. A Imagem Peregrina tamb\u00e9m passa por percal\u00e7os, como os balan\u00e7os do Penham\u00f3vel e os fios nos postes mais baixos, levantados com uma haste que \u00e9 levada pelos volunt\u00e1rios da Corrente da Penha e utilizados em momentos de necessidade. Cada interrup\u00e7\u00e3o ou desvio pode ser um bom exerc\u00edcio de paci\u00eancia, de perceber que nem sempre a vida e coisas caminham no ritmo mais adequada para n\u00f3s e que h\u00e1 momentos em que diminuir a marcha se faz necess\u00e1rio. Paci\u00eancia na fam\u00edlia, no trabalho, no tr\u00e2nsito, na vizinhan\u00e7a, com as crian\u00e7as, com os idosos, \u00e9 sempre uma virtude \u00fatil e necess\u00e1ria. Paci\u00eancia tamb\u00e9m na Romaria dos Homens.<\/span><\/p>\n<p><img loading=\"lazy\" class=\"aligncenter wp-image-256630 size-full\" src=\"https:\/\/franciscanos.org.br\/noticias\/wp-content\/uploads\/2025\/04\/PENHA_HOMENS_05.jpg\" alt=\"\" width=\"1280\" height=\"720\" srcset=\"https:\/\/franciscanos.org.br\/noticias\/wp-content\/uploads\/2025\/04\/PENHA_HOMENS_05.jpg 1280w, https:\/\/franciscanos.org.br\/noticias\/wp-content\/uploads\/2025\/04\/PENHA_HOMENS_05-450x253.jpg 450w, https:\/\/franciscanos.org.br\/noticias\/wp-content\/uploads\/2025\/04\/PENHA_HOMENS_05-1024x576.jpg 1024w, https:\/\/franciscanos.org.br\/noticias\/wp-content\/uploads\/2025\/04\/PENHA_HOMENS_05-768x432.jpg 768w, https:\/\/franciscanos.org.br\/noticias\/wp-content\/uploads\/2025\/04\/PENHA_HOMENS_05-150x84.jpg 150w\" sizes=\"(max-width: 1280px) 100vw, 1280px\" \/><\/p>\n<h1 style=\"font-weight: 400;\"><span style=\"color: #993300;\"><strong>6- Ningu\u00e9m \u00e9 peregrino a s\u00f3s<\/strong><\/span><\/h1>\n<p style=\"font-weight: 400;\">A Romaria dos Homens \u00e9 sinal forte desta verdade, ao reunir em torno de um milh\u00e3o de fi\u00e9is caminhando na mesma dire\u00e7\u00e3o. Mesmo quem n\u00e3o se conhece, aqueles que nunca se viram, tornam-se companheiros de caminhada. Al\u00e9m dos caminhantes presenciais, que gastam a sola do t\u00eanis e derramam suor, muitos outros s\u00e3o levados no cora\u00e7\u00e3o por estes mesmos caminhantes, vivos e falecidos. O pai que trazia o pequeno romeiro para a caminhada e agora n\u00e3o pode vir por conta da sa\u00fade agora participa com as pernas do filho, j\u00e1 um adulto, trazido no cora\u00e7\u00e3o. A m\u00e3e enferma, o companheiro ou companheira que vai prestar um concurso, a irm\u00e3 com dificuldades no casamento, todo mundo caminha acompanhado por muitas pessoas no cora\u00e7\u00e3o. Incluem-se tamb\u00e9m os milhares de caminheiros e caminheiras que, gra\u00e7as ao \u201cmilagre da tecnologia\u201d, fazem a Romaria virtualmente, ao vivo, para todas as partes do planeta, pela internet. Nesta grande fam\u00edlia virtual, a Festa da Penha se faz ponto de encontro para capixabas espalhados pelo mundo inteiro.<\/p>\n<p><img loading=\"lazy\" class=\"aligncenter wp-image-256592 size-full\" src=\"https:\/\/franciscanos.org.br\/noticias\/wp-content\/uploads\/2025\/04\/IMG_7028.jpg\" alt=\"\" width=\"1080\" height=\"720\" srcset=\"https:\/\/franciscanos.org.br\/noticias\/wp-content\/uploads\/2025\/04\/IMG_7028.jpg 1080w, https:\/\/franciscanos.org.br\/noticias\/wp-content\/uploads\/2025\/04\/IMG_7028-450x300.jpg 450w, https:\/\/franciscanos.org.br\/noticias\/wp-content\/uploads\/2025\/04\/IMG_7028-1024x683.jpg 1024w, https:\/\/franciscanos.org.br\/noticias\/wp-content\/uploads\/2025\/04\/IMG_7028-768x512.jpg 768w, https:\/\/franciscanos.org.br\/noticias\/wp-content\/uploads\/2025\/04\/IMG_7028-150x100.jpg 150w\" sizes=\"(max-width: 1080px) 100vw, 1080px\" \/><\/p>\n<h1 style=\"font-weight: 400;\"><span style=\"color: #993300;\"><strong>7- Em diferentes est\u00e1gios, mas todos peregrinos<\/strong><\/span><\/h1>\n<p style=\"font-weight: 400;\">A multid\u00e3o \u00e9 imensa. Enquanto um grande grupo j\u00e1 atravessa a Segunda ponte, outros ainda est\u00e3o pr\u00f3ximos \u00e0 Catedral. Na extensa Avenida Carlos Lindemberg, a multid\u00e3o toma todas as pistas. No entanto, a Romaria n\u00e3o \u00e9 corrida nem competi\u00e7\u00e3o. Desta forma, todos, quem est\u00e1 no come\u00e7o, no meio ou no fim, quem come\u00e7ou a caminhar a partir da Catedral ou se somou ao grupo num ponto mais adiante, n\u00e3o importa, s\u00e3o todos peregrinos e peregrinas, e Maria caminha em companhia de todos.<\/p>\n<p><img loading=\"lazy\" class=\"aligncenter wp-image-256624 size-full\" src=\"https:\/\/franciscanos.org.br\/noticias\/wp-content\/uploads\/2025\/04\/PENHA_HOMENS_7.jpg\" alt=\"\" width=\"1280\" height=\"720\" srcset=\"https:\/\/franciscanos.org.br\/noticias\/wp-content\/uploads\/2025\/04\/PENHA_HOMENS_7.jpg 1280w, https:\/\/franciscanos.org.br\/noticias\/wp-content\/uploads\/2025\/04\/PENHA_HOMENS_7-450x253.jpg 450w, https:\/\/franciscanos.org.br\/noticias\/wp-content\/uploads\/2025\/04\/PENHA_HOMENS_7-1024x576.jpg 1024w, https:\/\/franciscanos.org.br\/noticias\/wp-content\/uploads\/2025\/04\/PENHA_HOMENS_7-768x432.jpg 768w, https:\/\/franciscanos.org.br\/noticias\/wp-content\/uploads\/2025\/04\/PENHA_HOMENS_7-150x84.jpg 150w\" sizes=\"(max-width: 1280px) 100vw, 1280px\" \/><\/p>\n<h1 style=\"font-weight: 400;\"><span style=\"color: #993300;\"><strong>8- Um bom rem\u00e9dio para o cansa\u00e7o \u00e9 olhar para o Horizonte<\/strong><\/span><\/h1>\n<p style=\"font-weight: 400;\">Mais do que normal haver momentos de cansa\u00e7o. O percurso \u00e9 longo, parece que o destino n\u00e3o chega nunca. Os p\u00e9s come\u00e7am a queimar, os joelhos a doer, as m\u00e3os a inchar. A vontade de desistir chega passar pela mente, mas n\u00e3o atinge o cora\u00e7\u00e3o. A certeza de que Maria caminha junto ao povo, de que a chegada vai ser bonita de se ver e de que ningu\u00e9m est\u00e1 sozinho e um d\u00e1 for\u00e7a para o outro, fazem o fiel devoto seguir em frente. Pr\u00f3ximo ao Centro de Vila Velha, pode-se enxergar o Convento \u00e0 dist\u00e2ncia, iluminado, ao alto, comunicando-nos que o c\u00e9u e a luz s\u00e3o a nossa meta, o c\u00e9u \u00e9 nosso horizonte. Saber para onde vamos nos d\u00e1 for\u00e7a para seguir em frente.<\/p>\n<p><img loading=\"lazy\" class=\"aligncenter wp-image-256593 size-full\" src=\"https:\/\/franciscanos.org.br\/noticias\/wp-content\/uploads\/2025\/04\/IMG_7526.jpg\" alt=\"\" width=\"1280\" height=\"720\" srcset=\"https:\/\/franciscanos.org.br\/noticias\/wp-content\/uploads\/2025\/04\/IMG_7526.jpg 1280w, https:\/\/franciscanos.org.br\/noticias\/wp-content\/uploads\/2025\/04\/IMG_7526-450x253.jpg 450w, https:\/\/franciscanos.org.br\/noticias\/wp-content\/uploads\/2025\/04\/IMG_7526-1024x576.jpg 1024w, https:\/\/franciscanos.org.br\/noticias\/wp-content\/uploads\/2025\/04\/IMG_7526-768x432.jpg 768w, https:\/\/franciscanos.org.br\/noticias\/wp-content\/uploads\/2025\/04\/IMG_7526-150x84.jpg 150w\" sizes=\"(max-width: 1280px) 100vw, 1280px\" \/><\/p>\n<h1 style=\"font-weight: 400;\"><span style=\"color: #993300;\"><strong>9- Se houver algum esbarr\u00e3o ou trope\u00e7o, o melhor \u00e9 seguir peregrinando<\/strong><\/span><\/h1>\n<p style=\"font-weight: 400;\">A multid\u00e3o \u00e9 imensa. Os esbarr\u00f5es, inevit\u00e1veis. A caminho acidentado, com pedras e buracos, facilita os trope\u00e7\u00f5es. Alguns podem at\u00e9 cair, mas sempre h\u00e1 algu\u00e9m que ajude a levantar. Importante perceber que estas quedas e imprevistos n\u00e3o representam um ponto final no percurso, apenas uma pequena v\u00edrgula. Seguir em frente \u00e9 necess\u00e1rio. Os pequenos arranh\u00f5es fazem parte do caminho que se faz caminhando.<\/p>\n<p><img loading=\"lazy\" class=\"aligncenter wp-image-256590 size-full\" src=\"https:\/\/franciscanos.org.br\/noticias\/wp-content\/uploads\/2025\/04\/DESTAQUE02.jpg\" alt=\"\" width=\"1280\" height=\"720\" srcset=\"https:\/\/franciscanos.org.br\/noticias\/wp-content\/uploads\/2025\/04\/DESTAQUE02.jpg 1280w, https:\/\/franciscanos.org.br\/noticias\/wp-content\/uploads\/2025\/04\/DESTAQUE02-450x253.jpg 450w, https:\/\/franciscanos.org.br\/noticias\/wp-content\/uploads\/2025\/04\/DESTAQUE02-1024x576.jpg 1024w, https:\/\/franciscanos.org.br\/noticias\/wp-content\/uploads\/2025\/04\/DESTAQUE02-768x432.jpg 768w, https:\/\/franciscanos.org.br\/noticias\/wp-content\/uploads\/2025\/04\/DESTAQUE02-150x84.jpg 150w\" sizes=\"(max-width: 1280px) 100vw, 1280px\" \/><\/p>\n<h1 style=\"font-weight: 400;\"><span style=\"color: #993300;\"><strong>10- A Romaria \u00e9 um caminho de luz<\/strong><\/span><\/h1>\n<p style=\"font-weight: 400;\">Os fi\u00e9is trazem velas. A imagem de Nossa Senhora \u00e9 iluminada. Ao alto, o Convento tamb\u00e9m se destaca por uma ilumina\u00e7\u00e3o especial. Jesus Cristo \u00e9 a Luz que a M\u00e3e de Deus refletiu e que tamb\u00e9m n\u00f3s somos chamados a refletir. Nosso testemunho certamente tem a for\u00e7a de iluminar o caminho de irm\u00e3os e irm\u00e3s que, por raz\u00f5es diversas, podem estar perdidos nas trevas da inseguran\u00e7a, do medo e da solid\u00e3o. Apresentar-lhes a Luz de Cristo \u00e9 um enorme bem que podemos fazer a eles.<\/p>\n<h1><img loading=\"lazy\" class=\"aligncenter wp-image-256591 size-full\" src=\"https:\/\/franciscanos.org.br\/noticias\/wp-content\/uploads\/2025\/04\/IMG_7332.jpg\" alt=\"\" width=\"1280\" height=\"720\" srcset=\"https:\/\/franciscanos.org.br\/noticias\/wp-content\/uploads\/2025\/04\/IMG_7332.jpg 1280w, https:\/\/franciscanos.org.br\/noticias\/wp-content\/uploads\/2025\/04\/IMG_7332-450x253.jpg 450w, https:\/\/franciscanos.org.br\/noticias\/wp-content\/uploads\/2025\/04\/IMG_7332-1024x576.jpg 1024w, https:\/\/franciscanos.org.br\/noticias\/wp-content\/uploads\/2025\/04\/IMG_7332-768x432.jpg 768w, https:\/\/franciscanos.org.br\/noticias\/wp-content\/uploads\/2025\/04\/IMG_7332-150x84.jpg 150w\" sizes=\"(max-width: 1280px) 100vw, 1280px\" \/><\/h1>\n<h1 style=\"font-weight: 400;\"><span style=\"color: #993300;\"><strong>11- T\u00e3o importante quanto chegar, \u00e9 caminhar<\/strong><\/span><\/h1>\n<p style=\"font-weight: 400;\">Todos t\u00eam uma meta. Sabem onde desejam chegar. Tamb\u00e9m t\u00eam a consci\u00eancia de que s\u00f3 chegam se caminham. No percurso, a esperan\u00e7a \u00e9 combust\u00edvel que faz seguir em frente e, alcan\u00e7ada a meta, chega-se \u00e0 conclus\u00e3o de que cada passo faz parte do processo, assim como cada conquista e dificuldade. Ao final, quem chega, chega cansado, mas tamb\u00e9m transformado e feliz. Na vida, a sabedoria de viver os processos com intensidade e sem pressa<\/p>\n<p><img loading=\"lazy\" class=\"aligncenter wp-image-256633 size-full\" src=\"https:\/\/franciscanos.org.br\/noticias\/wp-content\/uploads\/2025\/04\/PENHA_HOMENS_11-1.jpg\" alt=\"\" width=\"1280\" height=\"720\" srcset=\"https:\/\/franciscanos.org.br\/noticias\/wp-content\/uploads\/2025\/04\/PENHA_HOMENS_11-1.jpg 1280w, https:\/\/franciscanos.org.br\/noticias\/wp-content\/uploads\/2025\/04\/PENHA_HOMENS_11-1-450x253.jpg 450w, https:\/\/franciscanos.org.br\/noticias\/wp-content\/uploads\/2025\/04\/PENHA_HOMENS_11-1-1024x576.jpg 1024w, https:\/\/franciscanos.org.br\/noticias\/wp-content\/uploads\/2025\/04\/PENHA_HOMENS_11-1-768x432.jpg 768w, https:\/\/franciscanos.org.br\/noticias\/wp-content\/uploads\/2025\/04\/PENHA_HOMENS_11-1-150x84.jpg 150w\" sizes=\"(max-width: 1280px) 100vw, 1280px\" \/><\/p>\n<p style=\"text-align: right;\"><em>Foto: Fernando Madeira<\/em><\/p>\n<h1 style=\"font-weight: 400;\"><span style=\"color: #993300;\"><strong>12- Ao final do percurso, Jesus e sua M\u00e3e nos esperam<\/strong><\/span><\/h1>\n<p style=\"font-weight: 400;\">Cristo \u00e9 meta e tamb\u00e9m companheiro, assim como sua M\u00e3e, a Senhora das Alegrias. A imagem de Maria com o Menino ao colo transmite ternura e proximidade. \u00c9 lindo chegar ao Parque da Prainha, na certeza de que Jesus e Maria caminharam conosco, assim como \u00e9 emocionante acompanhar a entrada da imagem, entronizado no palco onde est\u00e1 o altar. O cora\u00e7\u00e3o \u00e9 tomado por grande paz e alegria. O cansa\u00e7o parece at\u00e9 que fica para traz. \u00c9 como se cada um dissesse dentro do cora\u00e7\u00e3o: \u201cQuerida M\u00e3e das Alegrias, foi muito caminhar em sua companhia e de seu querido Filho. Desde o in\u00edcio eu sabia que n\u00e3o estava s\u00f3. Que esta romaria seja espelho de minha vida di\u00e1ria, na qual desejo sempre contar com sua materna presen\u00e7a\u201d. O fim da Romaria \u00e9 uma esp\u00e9cie de pren\u00fancio do que, n\u00f3s cremos, viveremos no c\u00e9u.<\/p>\n<p><img loading=\"lazy\" class=\"aligncenter wp-image-256588 size-full\" src=\"https:\/\/franciscanos.org.br\/noticias\/wp-content\/uploads\/2025\/04\/IMG_7170.jpg\" alt=\"\" width=\"1280\" height=\"720\" srcset=\"https:\/\/franciscanos.org.br\/noticias\/wp-content\/uploads\/2025\/04\/IMG_7170.jpg 1280w, https:\/\/franciscanos.org.br\/noticias\/wp-content\/uploads\/2025\/04\/IMG_7170-450x253.jpg 450w, https:\/\/franciscanos.org.br\/noticias\/wp-content\/uploads\/2025\/04\/IMG_7170-1024x576.jpg 1024w, https:\/\/franciscanos.org.br\/noticias\/wp-content\/uploads\/2025\/04\/IMG_7170-768x432.jpg 768w, https:\/\/franciscanos.org.br\/noticias\/wp-content\/uploads\/2025\/04\/IMG_7170-150x84.jpg 150w\" sizes=\"(max-width: 1280px) 100vw, 1280px\" \/><\/p>\n<h1 style=\"font-weight: 400;\"><span style=\"color: #993300;\"><strong>13- <\/strong><strong>Cada romaria \u00e9 uma nova romaria<\/strong><\/span><\/h1>\n<p style=\"font-weight: 400;\">Este ano a Romaria dos Homens completa 70 anos. \u00c9 muito comum encontrar devotos que j\u00e1 participaram por 10, 20, 30 ou mais edi\u00e7\u00f5es seguidas. No entanto, s\u00e3o praticamente un\u00e2nimes em afirmar que cada Romaria traz uma nova emo\u00e7\u00e3o, como se fosse a primeira. \u00c9 o milagre da f\u00e9 que se multiplica e se renova quando cultivada com dedica\u00e7\u00e3o e fidelidade. Que Nossa Senhora proteja sempre seus romeiros e que eles possam repetir esta experi\u00eancia divina por muitos e muitos anos seguidos.<\/p>\n<p><img loading=\"lazy\" class=\"aligncenter wp-image-256626 size-full\" src=\"https:\/\/franciscanos.org.br\/noticias\/wp-content\/uploads\/2025\/04\/PENHA_HOMENS_13.jpg\" alt=\"\" width=\"1280\" height=\"853\" srcset=\"https:\/\/franciscanos.org.br\/noticias\/wp-content\/uploads\/2025\/04\/PENHA_HOMENS_13.jpg 1280w, https:\/\/franciscanos.org.br\/noticias\/wp-content\/uploads\/2025\/04\/PENHA_HOMENS_13-450x300.jpg 450w, https:\/\/franciscanos.org.br\/noticias\/wp-content\/uploads\/2025\/04\/PENHA_HOMENS_13-1024x682.jpg 1024w, https:\/\/franciscanos.org.br\/noticias\/wp-content\/uploads\/2025\/04\/PENHA_HOMENS_13-768x512.jpg 768w, https:\/\/franciscanos.org.br\/noticias\/wp-content\/uploads\/2025\/04\/PENHA_HOMENS_13-150x100.jpg 150w\" sizes=\"(max-width: 1280px) 100vw, 1280px\" \/><\/p>\n<h1 style=\"font-weight: 400;\"><span style=\"color: #993300;\"><strong>14- Aten\u00e7\u00e3o \u00e0queles que param no caminho<\/strong><\/span><\/h1>\n<p style=\"font-weight: 400;\">Quem caminha sozinho pode caminhar mais r\u00e1pido. Mas quem caminha com os irm\u00e3os e irm\u00e3s, com certeza chega mais longe. A Romaria dos Homens tamb\u00e9m \u00e9 chance de os caminhantes se apresentarem como \u201cbons samaritanos\u201d uns dos outros. Se um an\u00f4nimo se fere, se perde, se cansa, cai ou para \u00e0 beira caminho, \u00e9 hora de ajud\u00e1-lo, oferecer aux\u00edlio, colocar-se \u00e0 disposi\u00e7\u00e3o. \u00c9 momento de ser presen\u00e7a de Deus na vida do outro, verdadeiro anjo da guarda que n\u00e3o mede esfor\u00e7os para que outro esteja bem, possa se recuperar para seguir em frente.<\/p>\n<p><img loading=\"lazy\" class=\"aligncenter wp-image-256625 size-full\" src=\"https:\/\/franciscanos.org.br\/noticias\/wp-content\/uploads\/2025\/04\/PENHA_HOMENS_1.jpg\" alt=\"\" width=\"1280\" height=\"720\" srcset=\"https:\/\/franciscanos.org.br\/noticias\/wp-content\/uploads\/2025\/04\/PENHA_HOMENS_1.jpg 1280w, https:\/\/franciscanos.org.br\/noticias\/wp-content\/uploads\/2025\/04\/PENHA_HOMENS_1-450x253.jpg 450w, https:\/\/franciscanos.org.br\/noticias\/wp-content\/uploads\/2025\/04\/PENHA_HOMENS_1-1024x576.jpg 1024w, https:\/\/franciscanos.org.br\/noticias\/wp-content\/uploads\/2025\/04\/PENHA_HOMENS_1-768x432.jpg 768w, https:\/\/franciscanos.org.br\/noticias\/wp-content\/uploads\/2025\/04\/PENHA_HOMENS_1-150x84.jpg 150w\" sizes=\"(max-width: 1280px) 100vw, 1280px\" \/><\/p>\n<p style=\"text-align: right;\"><em>Foto: Fernando Madeira<\/em><\/p>\n<h1 style=\"font-weight: 400;\"><span style=\"color: #993300;\"><strong>15- Peregrina\u00e7\u00e3o \u00e9 experi\u00eancia de Cuidado<\/strong><\/span><\/h1>\n<p style=\"font-weight: 400;\">A M\u00e3e que ama e cuida de seus filhos e filhas tamb\u00e9m \u00e9 cercada de carinho e prote\u00e7\u00e3o pelo Povo de Deus. Esta rede de cuidados e de apoio deve fazer parte do itiner\u00e1rio crist\u00e3o que escolhemos trilhar.\u00a0 Os olhos est\u00e3o voltados para horizonte e para o c\u00e9u, mas tamb\u00e9m atentos aos arredores. A atitude de cuidado de uns para com os outros tamb\u00e9m deve se estender com o cuidado do caminho. N\u00e3o jogar garrafas pl\u00e1sticas, copos, folhetos, prote\u00e7\u00f5es de velas no ch\u00e3o \u00e9 exemplo que os romeiros devem dar. Sempre podemos melhorar nesta dire\u00e7\u00e3o. O cuidado uns com os outros e com nossa Casa Comum \u00e9 compromisso indispens\u00e1vel em nossa peregrina\u00e7\u00e3o.<\/p>\n<p>A chegada da Imagem ao Parque da Prainha foi outro momento de forte como\u00e7\u00e3o. Acompanhada pelos frades franciscanos, Nossa Senhora da Penha chegou sob uma chuva fraca. Sobre a redoma coberta pelos pingos de \u00e1gua, o Guardi\u00e3o, Frei Gabriel, fez o seguinte coment\u00e1rio: \u201cAssim que a imagem foi colocada no local preparado para ela, perguntaram-me se era preciso passar um pano seco na redoma para remover as gotas de \u00e1gua. Eu achei melhor que n\u00e3o fosse passado, pois estas gotas podem significar cada um de n\u00f3s, filhos de Nossa Senhora, que desejamos estar muito pr\u00f3ximos dela, fa\u00e7a chuva ou fa\u00e7a sol\u201d, explicou, recebendo o aplauso do povo.<\/p>\n<p><img loading=\"lazy\" class=\"aligncenter wp-image-256623 size-full\" src=\"https:\/\/franciscanos.org.br\/noticias\/wp-content\/uploads\/2025\/04\/PENHA_HOMENS_15.jpg\" alt=\"\" width=\"1280\" height=\"720\" srcset=\"https:\/\/franciscanos.org.br\/noticias\/wp-content\/uploads\/2025\/04\/PENHA_HOMENS_15.jpg 1280w, https:\/\/franciscanos.org.br\/noticias\/wp-content\/uploads\/2025\/04\/PENHA_HOMENS_15-450x253.jpg 450w, https:\/\/franciscanos.org.br\/noticias\/wp-content\/uploads\/2025\/04\/PENHA_HOMENS_15-1024x576.jpg 1024w, https:\/\/franciscanos.org.br\/noticias\/wp-content\/uploads\/2025\/04\/PENHA_HOMENS_15-768x432.jpg 768w, https:\/\/franciscanos.org.br\/noticias\/wp-content\/uploads\/2025\/04\/PENHA_HOMENS_15-150x84.jpg 150w\" sizes=\"(max-width: 1280px) 100vw, 1280px\" \/><\/p>\n<p style=\"font-weight: 400;\">Aberta com a celebra\u00e7\u00e3o eucar\u00edstica da Catedral de Vit\u00f3ria, a Romaria se concluiu depois da meia-noite, reunindo a multid\u00e3o no Parque da Prainha, com a missa presidida pelo Arcebispo de Vit\u00f3ria, Dom \u00c2ngelo Ademir Mezzari. Foi sua primeira celebra\u00e7\u00e3o como Arcebispo na Romaria dos Homens. O Cristo que se entrega na Palavra e no P\u00e3o est\u00e1 no in\u00edcio e no fim desta Romaria que o povo capixaba realiza h\u00e1 70 anos como sinal de f\u00e9, devo\u00e7\u00e3o e carinho a Nossa Senhora da Penha, a M\u00e3e das Alegrias.<\/p>\n<hr \/>\n<p><strong>Equipe de comunica\u00e7\u00e3o da Festa da Penha:<\/strong><br \/>\n<em>Frei Augusto Luiz Gabriel, Frei Gustavo Medella, Frei Roger Strapazzon<\/em><\/p>\n<p><iframe loading=\"lazy\" title=\"YouTube video player\" src=\"https:\/\/www.youtube.com\/embed\/ZHeWLf1_Vtw?si=bXCKc72mhMSVYj9v\" width=\"100%\" height=\"480\" frameborder=\"0\" allowfullscreen=\"allowfullscreen\"><span data-mce-type=\"bookmark\" style=\"display: inline-block; width: 0px; overflow: hidden; line-height: 0;\" class=\"mce_SELRES_start\">\ufeff<\/span><\/iframe><\/p>\n","protected":false},"excerpt":{"rendered":"<p>Festa da Penha 2025<\/p>\n","protected":false},"author":5,"featured_media":256589,"comment_status":"open","ping_status":"open","sticky":false,"template":"","format":"standard","meta":[],"categories":[1],"tags":[2293],"acf":[],"yoast_head":"<!-- This site is optimized with the Yoast SEO plugin v19.2 - https:\/\/yoast.com\/wordpress\/plugins\/seo\/ -->\n<title>15 li\u00e7\u00f5es da Romaria dos Homens - Not\u00edcias - Franciscanos<\/title>\n<meta name=\"robots\" content=\"index, follow, max-snippet:-1, max-image-preview:large, max-video-preview:-1\" \/>\n<link rel=\"canonical\" href=\"https:\/\/franciscanos.org.br\/noticias\/15-licoes-da-romaria-dos-homens.html\" \/>\n<meta property=\"og:locale\" content=\"pt_BR\" \/>\n<meta property=\"og:type\" content=\"article\" \/>\n<meta property=\"og:title\" content=\"15 li\u00e7\u00f5es da Romaria dos Homens - Not\u00edcias - Franciscanos\" \/>\n<meta property=\"og:description\" content=\"Festa da Penha 2025\" \/>\n<meta property=\"og:url\" content=\"https:\/\/franciscanos.org.br\/noticias\/15-licoes-da-romaria-dos-homens.html\" \/>\n<meta property=\"og:site_name\" content=\"Not\u00edcias - Franciscanos\" \/>\n<meta property=\"article:published_time\" content=\"2025-04-27T05:32:09+00:00\" \/>\n<meta property=\"article:modified_time\" content=\"2025-04-28T13:59:50+00:00\" \/>\n<meta property=\"og:image\" content=\"https:\/\/franciscanos.org.br\/noticias\/wp-content\/uploads\/2025\/04\/IMG_8183.jpg\" \/>\n\t<meta property=\"og:image:width\" content=\"1280\" \/>\n\t<meta property=\"og:image:height\" content=\"853\" \/>\n\t<meta property=\"og:image:type\" content=\"image\/jpeg\" \/>\n<meta name=\"author\" content=\"freiaugusto\" \/>\n<meta name=\"twitter:card\" content=\"summary_large_image\" \/>\n<meta name=\"twitter:label1\" content=\"Escrito por\" \/>\n\t<meta name=\"twitter:data1\" content=\"freiaugusto\" \/>\n\t<meta name=\"twitter:label2\" content=\"Est. tempo de leitura\" \/>\n\t<meta name=\"twitter:data2\" content=\"15 minutos\" \/>\n<script type=\"application\/ld+json\" class=\"yoast-schema-graph\">{\"@context\":\"https:\/\/schema.org\",\"@graph\":[{\"@type\":\"WebSite\",\"@id\":\"https:\/\/franciscanos.org.br\/noticias\/#website\",\"url\":\"https:\/\/franciscanos.org.br\/noticias\/\",\"name\":\"Not\u00edcias - Franciscanos\",\"description\":\"Prov\u00edncia Franciscana da Imaculada Concei\u00e7\u00e3o do Brasil - Ordem dos Frades Menores - OFM\",\"potentialAction\":[{\"@type\":\"SearchAction\",\"target\":{\"@type\":\"EntryPoint\",\"urlTemplate\":\"https:\/\/franciscanos.org.br\/noticias\/?s={search_term_string}\"},\"query-input\":\"required name=search_term_string\"}],\"inLanguage\":\"pt-BR\"},{\"@type\":\"ImageObject\",\"inLanguage\":\"pt-BR\",\"@id\":\"https:\/\/franciscanos.org.br\/noticias\/15-licoes-da-romaria-dos-homens.html#primaryimage\",\"url\":\"https:\/\/franciscanos.org.br\/noticias\/wp-content\/uploads\/2025\/04\/IMG_8183.jpg\",\"contentUrl\":\"https:\/\/franciscanos.org.br\/noticias\/wp-content\/uploads\/2025\/04\/IMG_8183.jpg\",\"width\":1280,\"height\":853},{\"@type\":\"WebPage\",\"@id\":\"https:\/\/franciscanos.org.br\/noticias\/15-licoes-da-romaria-dos-homens.html#webpage\",\"url\":\"https:\/\/franciscanos.org.br\/noticias\/15-licoes-da-romaria-dos-homens.html\",\"name\":\"15 li\u00e7\u00f5es da Romaria dos Homens - Not\u00edcias - Franciscanos\",\"isPartOf\":{\"@id\":\"https:\/\/franciscanos.org.br\/noticias\/#website\"},\"primaryImageOfPage\":{\"@id\":\"https:\/\/franciscanos.org.br\/noticias\/15-licoes-da-romaria-dos-homens.html#primaryimage\"},\"datePublished\":\"2025-04-27T05:32:09+00:00\",\"dateModified\":\"2025-04-28T13:59:50+00:00\",\"author\":{\"@id\":\"https:\/\/franciscanos.org.br\/noticias\/#\/schema\/person\/37f88f0d111cd5358b12a6556a99eb91\"},\"breadcrumb\":{\"@id\":\"https:\/\/franciscanos.org.br\/noticias\/15-licoes-da-romaria-dos-homens.html#breadcrumb\"},\"inLanguage\":\"pt-BR\",\"potentialAction\":[{\"@type\":\"ReadAction\",\"target\":[\"https:\/\/franciscanos.org.br\/noticias\/15-licoes-da-romaria-dos-homens.html\"]}]},{\"@type\":\"BreadcrumbList\",\"@id\":\"https:\/\/franciscanos.org.br\/noticias\/15-licoes-da-romaria-dos-homens.html#breadcrumb\",\"itemListElement\":[{\"@type\":\"ListItem\",\"position\":1,\"name\":\"Home\",\"item\":\"https:\/\/franciscanos.org.br\/noticias\"},{\"@type\":\"ListItem\",\"position\":2,\"name\":\"15 li\u00e7\u00f5es da Romaria dos Homens\"}]},{\"@type\":\"Person\",\"@id\":\"https:\/\/franciscanos.org.br\/noticias\/#\/schema\/person\/37f88f0d111cd5358b12a6556a99eb91\",\"name\":\"freiaugusto\",\"image\":{\"@type\":\"ImageObject\",\"inLanguage\":\"pt-BR\",\"@id\":\"https:\/\/franciscanos.org.br\/noticias\/#\/schema\/person\/image\/\",\"url\":\"https:\/\/secure.gravatar.com\/avatar\/9840b940e621801b24f3e6b059efb4b7?s=96&d=mm&r=g\",\"contentUrl\":\"https:\/\/secure.gravatar.com\/avatar\/9840b940e621801b24f3e6b059efb4b7?s=96&d=mm&r=g\",\"caption\":\"freiaugusto\"},\"url\":\"https:\/\/franciscanos.org.br\/noticias\/author\/freiaugusto\"}]}<\/script>\n<!-- \/ Yoast SEO plugin. -->","yoast_head_json":{"title":"15 li\u00e7\u00f5es da Romaria dos Homens - Not\u00edcias - Franciscanos","robots":{"index":"index","follow":"follow","max-snippet":"max-snippet:-1","max-image-preview":"max-image-preview:large","max-video-preview":"max-video-preview:-1"},"canonical":"https:\/\/franciscanos.org.br\/noticias\/15-licoes-da-romaria-dos-homens.html","og_locale":"pt_BR","og_type":"article","og_title":"15 li\u00e7\u00f5es da Romaria dos Homens - Not\u00edcias - Franciscanos","og_description":"Festa da Penha 2025","og_url":"https:\/\/franciscanos.org.br\/noticias\/15-licoes-da-romaria-dos-homens.html","og_site_name":"Not\u00edcias - Franciscanos","article_published_time":"2025-04-27T05:32:09+00:00","article_modified_time":"2025-04-28T13:59:50+00:00","og_image":[{"width":1280,"height":853,"url":"https:\/\/franciscanos.org.br\/noticias\/wp-content\/uploads\/2025\/04\/IMG_8183.jpg","type":"image\/jpeg"}],"author":"freiaugusto","twitter_card":"summary_large_image","twitter_misc":{"Escrito por":"freiaugusto","Est. tempo de leitura":"15 minutos"},"schema":{"@context":"https:\/\/schema.org","@graph":[{"@type":"WebSite","@id":"https:\/\/franciscanos.org.br\/noticias\/#website","url":"https:\/\/franciscanos.org.br\/noticias\/","name":"Not\u00edcias - Franciscanos","description":"Prov\u00edncia Franciscana da Imaculada Concei\u00e7\u00e3o do Brasil - Ordem dos Frades Menores - OFM","potentialAction":[{"@type":"SearchAction","target":{"@type":"EntryPoint","urlTemplate":"https:\/\/franciscanos.org.br\/noticias\/?s={search_term_string}"},"query-input":"required name=search_term_string"}],"inLanguage":"pt-BR"},{"@type":"ImageObject","inLanguage":"pt-BR","@id":"https:\/\/franciscanos.org.br\/noticias\/15-licoes-da-romaria-dos-homens.html#primaryimage","url":"https:\/\/franciscanos.org.br\/noticias\/wp-content\/uploads\/2025\/04\/IMG_8183.jpg","contentUrl":"https:\/\/franciscanos.org.br\/noticias\/wp-content\/uploads\/2025\/04\/IMG_8183.jpg","width":1280,"height":853},{"@type":"WebPage","@id":"https:\/\/franciscanos.org.br\/noticias\/15-licoes-da-romaria-dos-homens.html#webpage","url":"https:\/\/franciscanos.org.br\/noticias\/15-licoes-da-romaria-dos-homens.html","name":"15 li\u00e7\u00f5es da Romaria dos Homens - Not\u00edcias - Franciscanos","isPartOf":{"@id":"https:\/\/franciscanos.org.br\/noticias\/#website"},"primaryImageOfPage":{"@id":"https:\/\/franciscanos.org.br\/noticias\/15-licoes-da-romaria-dos-homens.html#primaryimage"},"datePublished":"2025-04-27T05:32:09+00:00","dateModified":"2025-04-28T13:59:50+00:00","author":{"@id":"https:\/\/franciscanos.org.br\/noticias\/#\/schema\/person\/37f88f0d111cd5358b12a6556a99eb91"},"breadcrumb":{"@id":"https:\/\/franciscanos.org.br\/noticias\/15-licoes-da-romaria-dos-homens.html#breadcrumb"},"inLanguage":"pt-BR","potentialAction":[{"@type":"ReadAction","target":["https:\/\/franciscanos.org.br\/noticias\/15-licoes-da-romaria-dos-homens.html"]}]},{"@type":"BreadcrumbList","@id":"https:\/\/franciscanos.org.br\/noticias\/15-licoes-da-romaria-dos-homens.html#breadcrumb","itemListElement":[{"@type":"ListItem","position":1,"name":"Home","item":"https:\/\/franciscanos.org.br\/noticias"},{"@type":"ListItem","position":2,"name":"15 li\u00e7\u00f5es da Romaria dos Homens"}]},{"@type":"Person","@id":"https:\/\/franciscanos.org.br\/noticias\/#\/schema\/person\/37f88f0d111cd5358b12a6556a99eb91","name":"freiaugusto","image":{"@type":"ImageObject","inLanguage":"pt-BR","@id":"https:\/\/franciscanos.org.br\/noticias\/#\/schema\/person\/image\/","url":"https:\/\/secure.gravatar.com\/avatar\/9840b940e621801b24f3e6b059efb4b7?s=96&d=mm&r=g","contentUrl":"https:\/\/secure.gravatar.com\/avatar\/9840b940e621801b24f3e6b059efb4b7?s=96&d=mm&r=g","caption":"freiaugusto"},"url":"https:\/\/franciscanos.org.br\/noticias\/author\/freiaugusto"}]}},"_links":{"self":[{"href":"https:\/\/franciscanos.org.br\/noticias\/wp-json\/wp\/v2\/posts\/256584"}],"collection":[{"href":"https:\/\/franciscanos.org.br\/noticias\/wp-json\/wp\/v2\/posts"}],"about":[{"href":"https:\/\/franciscanos.org.br\/noticias\/wp-json\/wp\/v2\/types\/post"}],"author":[{"embeddable":true,"href":"https:\/\/franciscanos.org.br\/noticias\/wp-json\/wp\/v2\/users\/5"}],"replies":[{"embeddable":true,"href":"https:\/\/franciscanos.org.br\/noticias\/wp-json\/wp\/v2\/comments?post=256584"}],"version-history":[{"count":10,"href":"https:\/\/franciscanos.org.br\/noticias\/wp-json\/wp\/v2\/posts\/256584\/revisions"}],"predecessor-version":[{"id":256709,"href":"https:\/\/franciscanos.org.br\/noticias\/wp-json\/wp\/v2\/posts\/256584\/revisions\/256709"}],"wp:featuredmedia":[{"embeddable":true,"href":"https:\/\/franciscanos.org.br\/noticias\/wp-json\/wp\/v2\/media\/256589"}],"wp:attachment":[{"href":"https:\/\/franciscanos.org.br\/noticias\/wp-json\/wp\/v2\/media?parent=256584"}],"wp:term":[{"taxonomy":"category","embeddable":true,"href":"https:\/\/franciscanos.org.br\/noticias\/wp-json\/wp\/v2\/categories?post=256584"},{"taxonomy":"post_tag","embeddable":true,"href":"https:\/\/franciscanos.org.br\/noticias\/wp-json\/wp\/v2\/tags?post=256584"}],"curies":[{"name":"wp","href":"https:\/\/api.w.org\/{rel}","templated":true}]}}