{"id":256570,"date":"2025-04-26T17:00:03","date_gmt":"2025-04-26T20:00:03","guid":{"rendered":"https:\/\/franciscanos.org.br\/noticias\/?p=256570"},"modified":"2025-05-20T16:46:38","modified_gmt":"2025-05-20T19:46:38","slug":"bencao-de-velas-e-homenagem-ao-papa-francisco-ganham-destaque-no-setimo-dia-do-oitavario","status":"publish","type":"post","link":"https:\/\/franciscanos.org.br\/noticias\/bencao-de-velas-e-homenagem-ao-papa-francisco-ganham-destaque-no-setimo-dia-do-oitavario.html","title":{"rendered":"B\u00ean\u00e7\u00e3o de velas e homenagem ao Papa Francisco ganham destaque no s\u00e9timo dia do Oitav\u00e1rio"},"content":{"rendered":"<p><img loading=\"lazy\" class=\"aligncenter wp-image-256576 size-full\" src=\"https:\/\/franciscanos.org.br\/noticias\/wp-content\/uploads\/2025\/04\/IMG_6911.jpg\" alt=\"\" width=\"1280\" height=\"720\" srcset=\"https:\/\/franciscanos.org.br\/noticias\/wp-content\/uploads\/2025\/04\/IMG_6911.jpg 1280w, https:\/\/franciscanos.org.br\/noticias\/wp-content\/uploads\/2025\/04\/IMG_6911-450x253.jpg 450w, https:\/\/franciscanos.org.br\/noticias\/wp-content\/uploads\/2025\/04\/IMG_6911-1024x576.jpg 1024w, https:\/\/franciscanos.org.br\/noticias\/wp-content\/uploads\/2025\/04\/IMG_6911-768x432.jpg 768w, https:\/\/franciscanos.org.br\/noticias\/wp-content\/uploads\/2025\/04\/IMG_6911-150x84.jpg 150w\" sizes=\"(max-width: 1280px) 100vw, 1280px\" \/><\/p>\n<p style=\"font-weight: 400;\"><strong>Vila Velha (ES) &#8211;<\/strong> \u201cCom Maria, Peregrinos da Luz\u201d. Este foi tema que iluminou o s\u00e9timo e pen\u00faltimo dia do Oitav\u00e1rio da Festa da Penha 2025. Na tarde deste s\u00e1bado, a programa\u00e7\u00e3o do Oitav\u00e1rio \u201cse despediu\u201d do Campinho do Convento e, a partir da noite deste dia, seguir\u00e1 com as grandes concentra\u00e7\u00f5es no Parque da Prainha. Como ocorreu desde o domingo, \u00e0s 15h, seguiu-se com a celebra\u00e7\u00e3o do Oitav\u00e1rio. A passagem b\u00edblica que iluminou a reflex\u00e3o foi do Evangelho de S\u00e3o Mateus (Mt 5,13-16), na qual Jesus define seus disc\u00edpulos como \u201csal da terra e luz do mundo\u201d.<\/p>\n<p><img loading=\"lazy\" class=\"aligncenter wp-image-256579 size-full\" src=\"https:\/\/franciscanos.org.br\/noticias\/wp-content\/uploads\/2025\/04\/IMG_5571.jpg\" alt=\"\" width=\"1280\" height=\"720\" srcset=\"https:\/\/franciscanos.org.br\/noticias\/wp-content\/uploads\/2025\/04\/IMG_5571.jpg 1280w, https:\/\/franciscanos.org.br\/noticias\/wp-content\/uploads\/2025\/04\/IMG_5571-450x253.jpg 450w, https:\/\/franciscanos.org.br\/noticias\/wp-content\/uploads\/2025\/04\/IMG_5571-1024x576.jpg 1024w, https:\/\/franciscanos.org.br\/noticias\/wp-content\/uploads\/2025\/04\/IMG_5571-768x432.jpg 768w, https:\/\/franciscanos.org.br\/noticias\/wp-content\/uploads\/2025\/04\/IMG_5571-150x84.jpg 150w\" sizes=\"(max-width: 1280px) 100vw, 1280px\" \/><\/p>\n<p style=\"font-weight: 400;\">A reflex\u00e3o do dia foi dirigida por Frei Jorge L\u00e1zaro, da Fraternidade do Convento, que iniciou sua fala pedindo a todos que entoassem o refr\u00e3o: \u201c\u00d3 Luz do Senhor, que vem sobre a terra, inunda meu ser, permanece em n\u00f3s\u201d.\u00a0 Em seguida, explicou o sentido b\u00edblico da luz: \u201c\u00c9 um s\u00edmbolo muito poderoso, que para n\u00f3s, crist\u00e3o, representa a presen\u00e7a de Deus, a verdade, a sabedoria, a vida. E neste tempo da P\u00e1scoa, n\u00f3s sempre celebramos a missa com a presen\u00e7a do C\u00edrio Pascal aceso no S\u00e1bado Santo, representando a Luz do Cristo, que nos ilumina e nos orienta na busca de Deus e tamb\u00e9m na certeza da Ressurrei\u00e7\u00e3o de Cristo e da nossa. Em diversas passagens, a luz \u00e9 associada \u00e0 revela\u00e7\u00e3o divina e \u00e0 orienta\u00e7\u00e3o espiritual, contrastando com as trevas que simbolizam a ignor\u00e2ncia, o pecado e a morte\u201d, explicou.<\/p>\n<p><img loading=\"lazy\" class=\"aligncenter wp-image-256573 size-full\" src=\"https:\/\/franciscanos.org.br\/noticias\/wp-content\/uploads\/2025\/04\/IMG_5562.jpg\" alt=\"\" width=\"1280\" height=\"720\" srcset=\"https:\/\/franciscanos.org.br\/noticias\/wp-content\/uploads\/2025\/04\/IMG_5562.jpg 1280w, https:\/\/franciscanos.org.br\/noticias\/wp-content\/uploads\/2025\/04\/IMG_5562-450x253.jpg 450w, https:\/\/franciscanos.org.br\/noticias\/wp-content\/uploads\/2025\/04\/IMG_5562-1024x576.jpg 1024w, https:\/\/franciscanos.org.br\/noticias\/wp-content\/uploads\/2025\/04\/IMG_5562-768x432.jpg 768w, https:\/\/franciscanos.org.br\/noticias\/wp-content\/uploads\/2025\/04\/IMG_5562-150x84.jpg 150w\" sizes=\"(max-width: 1280px) 100vw, 1280px\" \/><\/p>\n<p style=\"font-weight: 400;\">Tamb\u00e9m atualizou o significado da orienta\u00e7\u00e3o de Jesus no Evangelho quando define o crist\u00e3o como \u201cluz do mundo\u201d. \u201cSer luz \u00e9 mais do que apenas uma afirma\u00e7\u00e3o. \u00c9 um verdadeiro chamado para todos n\u00f3s crist\u00e3os para refletir o amor e a verdade de Cristo em um mundo que muitas vezes parece estar mergulhado na escurid\u00e3o. Jesus \u00e9 a fonte desta luz e, como seus disc\u00edpulos, devemos ser um reflexo do seu amor\u201d, afirmou. Inspirado no Papa Francisco, Frei Jorge tamb\u00e9m comentou sobre os desafios atuais para que os crist\u00e3os testemunhem a verdadeira Luz: \u201cEm uma sociedade onde os valores s\u00e3o frequentemente distorcidos, n\u00f3s, crist\u00e3os, somos chamados a viver de maneira diferente. O Papa Francisco sempre nos recordava que dev\u00edamos nadar contra a corrente em um mundo anti-evang\u00e9lico\u201d. Em seguida, mencionou a ora\u00e7\u00e3o de S\u00e3o Francisco como fonte de inspira\u00e7\u00e3o: \u201cOnde houver trevas, levemos a luz\u201d. Na sequ\u00eancia, houve o canto da ladainha e a b\u00ean\u00e7\u00e3o das velas, simbolizando o compromisso individual e coletivo que os fi\u00e9is t\u00eam de serem luz no mundo.<\/p>\n<p><img loading=\"lazy\" class=\"aligncenter wp-image-256581 size-full\" src=\"https:\/\/franciscanos.org.br\/noticias\/wp-content\/uploads\/2025\/04\/IMG_6791.jpg\" alt=\"\" width=\"1280\" height=\"720\" srcset=\"https:\/\/franciscanos.org.br\/noticias\/wp-content\/uploads\/2025\/04\/IMG_6791.jpg 1280w, https:\/\/franciscanos.org.br\/noticias\/wp-content\/uploads\/2025\/04\/IMG_6791-450x253.jpg 450w, https:\/\/franciscanos.org.br\/noticias\/wp-content\/uploads\/2025\/04\/IMG_6791-1024x576.jpg 1024w, https:\/\/franciscanos.org.br\/noticias\/wp-content\/uploads\/2025\/04\/IMG_6791-768x432.jpg 768w, https:\/\/franciscanos.org.br\/noticias\/wp-content\/uploads\/2025\/04\/IMG_6791-150x84.jpg 150w\" sizes=\"(max-width: 1280px) 100vw, 1280px\" \/><\/p>\n<p style=\"font-weight: 400;\">A Romaria da Diocese de Cachoeira de Itapemirim foi acolhida pelo Guardi\u00e3o do Convento, Frei Gabriel Dellandrea, que destacou a grande quantidade de padres e seminaristas que vieram em companhia do Arcebispo, Dom Luiz Fernando Lisboa. No in\u00edcio da celebra\u00e7\u00e3o, houve um momento especial de recorda\u00e7\u00e3o do Mart\u00edrio da Irm\u00e3 Cleusa Carolina Rody Coelho, religiosa Agostiniana Recoleta nascida em Cachoeiro de Itapemirim, em 12 de novembro de 1933. Irm\u00e3 Cleusa era professora e tornou-se mission\u00e1ria na Prelazia de L\u00e1brea, no Amazonas, tendo assumido a causa da defesa dos povos ind\u00edgenas, op\u00e7\u00e3o que a levou a ser morta de forma violenta no dia 28 de abril de 1985. Este ano, portanto, celebram-se os 40 anos de seu mart\u00edrio. Seu processo de beatifica\u00e7\u00e3o j\u00e1 foi iniciado. \u201cMataram o corpo de Cleusa, mas ela continua viva no cora\u00e7\u00e3o dos povos origin\u00e1rios, em nossa querida miss\u00e3o em L\u00e1brea, na Prelazia, que est\u00e1 completando cem anos, no povo de Deus de Vit\u00f3ria, de Cachoeiro, de Colatina, de tantos lugares onde Cleusa passou. Oxal\u00e1 o testemunho de Irm\u00e3 Cleusa nos fortale\u00e7a em nossa miss\u00e3o\u201d, exortou a comentarista.<\/p>\n<p><img loading=\"lazy\" class=\"aligncenter wp-image-256578 size-full\" src=\"https:\/\/franciscanos.org.br\/noticias\/wp-content\/uploads\/2025\/04\/IMG_6694.jpg\" alt=\"\" width=\"1280\" height=\"720\" srcset=\"https:\/\/franciscanos.org.br\/noticias\/wp-content\/uploads\/2025\/04\/IMG_6694.jpg 1280w, https:\/\/franciscanos.org.br\/noticias\/wp-content\/uploads\/2025\/04\/IMG_6694-450x253.jpg 450w, https:\/\/franciscanos.org.br\/noticias\/wp-content\/uploads\/2025\/04\/IMG_6694-1024x576.jpg 1024w, https:\/\/franciscanos.org.br\/noticias\/wp-content\/uploads\/2025\/04\/IMG_6694-768x432.jpg 768w, https:\/\/franciscanos.org.br\/noticias\/wp-content\/uploads\/2025\/04\/IMG_6694-150x84.jpg 150w\" sizes=\"(max-width: 1280px) 100vw, 1280px\" \/><\/p>\n<p style=\"font-weight: 400;\">Em sua homilia, o Arcebispo emocionou a assembleia ao propor, em forma de ora\u00e7\u00e3o e di\u00e1logo com Nossa Senhora da Penha, uma bela homenagem ao Papa Francisco: \u201cSabemos, M\u00e3e, que a Senhora acolhe todos os filhos e filhas que a v\u00f3s recorrem, os vossos santu\u00e1rios espalhados pelo mundo inteiro. Com tantos nomes e t\u00edtulos, s\u00e3o como um colo de M\u00e3e que acolhe, que consola, que acalma, que aponta o caminho. E o caminho \u00e9 Jesus, o filho que a senhora gerou e deu ao mundo. Hoje, m\u00e3e, no vosso Santu\u00e1rio de Santa Maria Maior, l\u00e1 em Roma. A senhora acolheu no seu colo um peregrino que a visitou tantas vezes para pedir prote\u00e7\u00e3o e para agradecer a prote\u00e7\u00e3o. Obrigado, por acolher o Papa Francisco em seu rega\u00e7o de M\u00e3e. Pe\u00e7o licen\u00e7a, M\u00e3e, para fazermos uma pequena homenagem a esse filho ilustre que a senhora recebeu definitivamente hoje. Convido a todos e todas para ficarmos um instante de p\u00e9. E para darmos uma bonita salva de palmas ao nosso querido Papa Francisco\u201d, convidou, sendo respondido por um caloroso aplauso.<\/p>\n<p><img loading=\"lazy\" class=\"aligncenter wp-image-256575 size-full\" src=\"https:\/\/franciscanos.org.br\/noticias\/wp-content\/uploads\/2025\/04\/DESTAQUE.jpg\" alt=\"\" width=\"1280\" height=\"720\" srcset=\"https:\/\/franciscanos.org.br\/noticias\/wp-content\/uploads\/2025\/04\/DESTAQUE.jpg 1280w, https:\/\/franciscanos.org.br\/noticias\/wp-content\/uploads\/2025\/04\/DESTAQUE-450x253.jpg 450w, https:\/\/franciscanos.org.br\/noticias\/wp-content\/uploads\/2025\/04\/DESTAQUE-1024x576.jpg 1024w, https:\/\/franciscanos.org.br\/noticias\/wp-content\/uploads\/2025\/04\/DESTAQUE-768x432.jpg 768w, https:\/\/franciscanos.org.br\/noticias\/wp-content\/uploads\/2025\/04\/DESTAQUE-150x84.jpg 150w\" sizes=\"(max-width: 1280px) 100vw, 1280px\" \/><\/p>\n<p style=\"font-weight: 400;\">Dom Luiz tamb\u00e9m recordou alguns dos sonhos e convites mais importantes do Papa Francisco em rela\u00e7\u00e3o \u00e0 Igreja: \u201cA sermos uma igreja pobre para os pobres. A sermos uma Igreja em sa\u00edda, rumo \u00e0s periferias geogr\u00e1ficas e existenciais. A sermos uma Igreja que tenha coragem de se enlamear os p\u00e9s ao inv\u00e9s de ficar fechada e autorreferenciada. De sermos uma Igreja sinodal, que caminha junto, onde todos e todas tenham participa\u00e7\u00e3o efetiva. De sermos uma Igreja que acolhe todos, todos, todos. De sermos uma Igreja-Povo de Deus, onde temos servi\u00e7os e minist\u00e9rios diferentes, mas nos igualamos pelo nosso Batismo. De sermos uma Igreja Peregrina de Esperan\u00e7a, num mundo com tanto sofrimento, viola\u00e7\u00f5es, fome, guerra. De sermos uma Igreja prof\u00e9tica, samaritana, compassiva, misericordiosa. De sermos uma Igreja que muda, que n\u00e3o tem medo de mudar\u201d, acrescentou. Segundo Dom Luiz, para continuar sendo a mesma igreja de Jesus, n\u00e3o poderemos nos esquecer das Cartas de Francisco, dos documentos, enc\u00edclicas, homilias, orienta\u00e7\u00f5es.<\/p>\n<p><img loading=\"lazy\" class=\"aligncenter wp-image-256574 size-full\" src=\"https:\/\/franciscanos.org.br\/noticias\/wp-content\/uploads\/2025\/04\/IMG_6968.jpg\" alt=\"\" width=\"1280\" height=\"720\" srcset=\"https:\/\/franciscanos.org.br\/noticias\/wp-content\/uploads\/2025\/04\/IMG_6968.jpg 1280w, https:\/\/franciscanos.org.br\/noticias\/wp-content\/uploads\/2025\/04\/IMG_6968-450x253.jpg 450w, https:\/\/franciscanos.org.br\/noticias\/wp-content\/uploads\/2025\/04\/IMG_6968-1024x576.jpg 1024w, https:\/\/franciscanos.org.br\/noticias\/wp-content\/uploads\/2025\/04\/IMG_6968-768x432.jpg 768w, https:\/\/franciscanos.org.br\/noticias\/wp-content\/uploads\/2025\/04\/IMG_6968-150x84.jpg 150w\" sizes=\"(max-width: 1280px) 100vw, 1280px\" \/><\/p>\n<p style=\"font-weight: 400;\">Pouco depois do encerramento da Missa da Romaria de Cachoeiro do Itapemirim, no Campinho do Convento, \u00e0s 18h, na Catedral de Vit\u00f3ria, teve in\u00edcio a Missa de envio da Romaria dos Homens. O ato religioso deve reunir cerca de 500 mil pessoas que caminhar\u00e3o cerca de 15 quil\u00f4metros at\u00e9 o Parque da Prainha, onde haver\u00e1 missa presidida pelo Arcebispo de Vit\u00f3ria, Dom \u00c2ngelo Ademir Mezzari.<\/p>\n<hr \/>\n<p><strong>Equipe de comunica\u00e7\u00e3o da Festa da Penha:<\/strong><br \/>\n<em>Frei Augusto Luiz Gabriel, Frei Gustavo Medella, Frei Roger Strapazzon<\/em><\/p>\n","protected":false},"excerpt":{"rendered":"<p>Festa da Penha 2025<\/p>\n","protected":false},"author":5,"featured_media":256576,"comment_status":"open","ping_status":"open","sticky":false,"template":"","format":"standard","meta":[],"categories":[1],"tags":[2293],"acf":[],"yoast_head":"<!-- This site is optimized with the Yoast SEO plugin v19.2 - https:\/\/yoast.com\/wordpress\/plugins\/seo\/ -->\n<title>B\u00ean\u00e7\u00e3o de velas e homenagem ao Papa Francisco ganham destaque no s\u00e9timo dia do Oitav\u00e1rio - Not\u00edcias - Franciscanos<\/title>\n<meta name=\"robots\" content=\"index, follow, max-snippet:-1, max-image-preview:large, max-video-preview:-1\" \/>\n<link rel=\"canonical\" href=\"https:\/\/franciscanos.org.br\/noticias\/bencao-de-velas-e-homenagem-ao-papa-francisco-ganham-destaque-no-setimo-dia-do-oitavario.html\" \/>\n<meta property=\"og:locale\" content=\"pt_BR\" \/>\n<meta property=\"og:type\" content=\"article\" \/>\n<meta property=\"og:title\" content=\"B\u00ean\u00e7\u00e3o de velas e homenagem ao Papa Francisco ganham destaque no s\u00e9timo dia do Oitav\u00e1rio - Not\u00edcias - Franciscanos\" \/>\n<meta property=\"og:description\" content=\"Festa da Penha 2025\" \/>\n<meta property=\"og:url\" content=\"https:\/\/franciscanos.org.br\/noticias\/bencao-de-velas-e-homenagem-ao-papa-francisco-ganham-destaque-no-setimo-dia-do-oitavario.html\" \/>\n<meta property=\"og:site_name\" content=\"Not\u00edcias - Franciscanos\" \/>\n<meta property=\"article:published_time\" content=\"2025-04-26T20:00:03+00:00\" \/>\n<meta property=\"article:modified_time\" content=\"2025-05-20T19:46:38+00:00\" \/>\n<meta property=\"og:image\" content=\"https:\/\/franciscanos.org.br\/noticias\/wp-content\/uploads\/2025\/04\/IMG_6911.jpg\" \/>\n\t<meta property=\"og:image:width\" content=\"1280\" \/>\n\t<meta property=\"og:image:height\" content=\"720\" \/>\n\t<meta property=\"og:image:type\" content=\"image\/jpeg\" \/>\n<meta name=\"author\" content=\"freiaugusto\" \/>\n<meta name=\"twitter:card\" content=\"summary_large_image\" \/>\n<meta name=\"twitter:label1\" content=\"Escrito por\" \/>\n\t<meta name=\"twitter:data1\" content=\"freiaugusto\" \/>\n\t<meta name=\"twitter:label2\" content=\"Est. tempo de leitura\" \/>\n\t<meta name=\"twitter:data2\" content=\"7 minutos\" \/>\n<script type=\"application\/ld+json\" class=\"yoast-schema-graph\">{\"@context\":\"https:\/\/schema.org\",\"@graph\":[{\"@type\":\"WebSite\",\"@id\":\"https:\/\/franciscanos.org.br\/noticias\/#website\",\"url\":\"https:\/\/franciscanos.org.br\/noticias\/\",\"name\":\"Not\u00edcias - Franciscanos\",\"description\":\"Prov\u00edncia Franciscana da Imaculada Concei\u00e7\u00e3o do Brasil - Ordem dos Frades Menores - OFM\",\"potentialAction\":[{\"@type\":\"SearchAction\",\"target\":{\"@type\":\"EntryPoint\",\"urlTemplate\":\"https:\/\/franciscanos.org.br\/noticias\/?s={search_term_string}\"},\"query-input\":\"required name=search_term_string\"}],\"inLanguage\":\"pt-BR\"},{\"@type\":\"ImageObject\",\"inLanguage\":\"pt-BR\",\"@id\":\"https:\/\/franciscanos.org.br\/noticias\/bencao-de-velas-e-homenagem-ao-papa-francisco-ganham-destaque-no-setimo-dia-do-oitavario.html#primaryimage\",\"url\":\"https:\/\/franciscanos.org.br\/noticias\/wp-content\/uploads\/2025\/04\/IMG_6911.jpg\",\"contentUrl\":\"https:\/\/franciscanos.org.br\/noticias\/wp-content\/uploads\/2025\/04\/IMG_6911.jpg\",\"width\":1280,\"height\":720},{\"@type\":\"WebPage\",\"@id\":\"https:\/\/franciscanos.org.br\/noticias\/bencao-de-velas-e-homenagem-ao-papa-francisco-ganham-destaque-no-setimo-dia-do-oitavario.html#webpage\",\"url\":\"https:\/\/franciscanos.org.br\/noticias\/bencao-de-velas-e-homenagem-ao-papa-francisco-ganham-destaque-no-setimo-dia-do-oitavario.html\",\"name\":\"B\u00ean\u00e7\u00e3o de velas e homenagem ao Papa Francisco ganham destaque no s\u00e9timo dia do Oitav\u00e1rio - Not\u00edcias - Franciscanos\",\"isPartOf\":{\"@id\":\"https:\/\/franciscanos.org.br\/noticias\/#website\"},\"primaryImageOfPage\":{\"@id\":\"https:\/\/franciscanos.org.br\/noticias\/bencao-de-velas-e-homenagem-ao-papa-francisco-ganham-destaque-no-setimo-dia-do-oitavario.html#primaryimage\"},\"datePublished\":\"2025-04-26T20:00:03+00:00\",\"dateModified\":\"2025-05-20T19:46:38+00:00\",\"author\":{\"@id\":\"https:\/\/franciscanos.org.br\/noticias\/#\/schema\/person\/37f88f0d111cd5358b12a6556a99eb91\"},\"breadcrumb\":{\"@id\":\"https:\/\/franciscanos.org.br\/noticias\/bencao-de-velas-e-homenagem-ao-papa-francisco-ganham-destaque-no-setimo-dia-do-oitavario.html#breadcrumb\"},\"inLanguage\":\"pt-BR\",\"potentialAction\":[{\"@type\":\"ReadAction\",\"target\":[\"https:\/\/franciscanos.org.br\/noticias\/bencao-de-velas-e-homenagem-ao-papa-francisco-ganham-destaque-no-setimo-dia-do-oitavario.html\"]}]},{\"@type\":\"BreadcrumbList\",\"@id\":\"https:\/\/franciscanos.org.br\/noticias\/bencao-de-velas-e-homenagem-ao-papa-francisco-ganham-destaque-no-setimo-dia-do-oitavario.html#breadcrumb\",\"itemListElement\":[{\"@type\":\"ListItem\",\"position\":1,\"name\":\"Home\",\"item\":\"https:\/\/franciscanos.org.br\/noticias\"},{\"@type\":\"ListItem\",\"position\":2,\"name\":\"B\u00ean\u00e7\u00e3o de velas e homenagem ao Papa Francisco ganham destaque no s\u00e9timo dia do Oitav\u00e1rio\"}]},{\"@type\":\"Person\",\"@id\":\"https:\/\/franciscanos.org.br\/noticias\/#\/schema\/person\/37f88f0d111cd5358b12a6556a99eb91\",\"name\":\"freiaugusto\",\"image\":{\"@type\":\"ImageObject\",\"inLanguage\":\"pt-BR\",\"@id\":\"https:\/\/franciscanos.org.br\/noticias\/#\/schema\/person\/image\/\",\"url\":\"https:\/\/secure.gravatar.com\/avatar\/9840b940e621801b24f3e6b059efb4b7?s=96&d=mm&r=g\",\"contentUrl\":\"https:\/\/secure.gravatar.com\/avatar\/9840b940e621801b24f3e6b059efb4b7?s=96&d=mm&r=g\",\"caption\":\"freiaugusto\"},\"url\":\"https:\/\/franciscanos.org.br\/noticias\/author\/freiaugusto\"}]}<\/script>\n<!-- \/ Yoast SEO plugin. -->","yoast_head_json":{"title":"B\u00ean\u00e7\u00e3o de velas e homenagem ao Papa Francisco ganham destaque no s\u00e9timo dia do Oitav\u00e1rio - Not\u00edcias - Franciscanos","robots":{"index":"index","follow":"follow","max-snippet":"max-snippet:-1","max-image-preview":"max-image-preview:large","max-video-preview":"max-video-preview:-1"},"canonical":"https:\/\/franciscanos.org.br\/noticias\/bencao-de-velas-e-homenagem-ao-papa-francisco-ganham-destaque-no-setimo-dia-do-oitavario.html","og_locale":"pt_BR","og_type":"article","og_title":"B\u00ean\u00e7\u00e3o de velas e homenagem ao Papa Francisco ganham destaque no s\u00e9timo dia do Oitav\u00e1rio - Not\u00edcias - Franciscanos","og_description":"Festa da Penha 2025","og_url":"https:\/\/franciscanos.org.br\/noticias\/bencao-de-velas-e-homenagem-ao-papa-francisco-ganham-destaque-no-setimo-dia-do-oitavario.html","og_site_name":"Not\u00edcias - Franciscanos","article_published_time":"2025-04-26T20:00:03+00:00","article_modified_time":"2025-05-20T19:46:38+00:00","og_image":[{"width":1280,"height":720,"url":"https:\/\/franciscanos.org.br\/noticias\/wp-content\/uploads\/2025\/04\/IMG_6911.jpg","type":"image\/jpeg"}],"author":"freiaugusto","twitter_card":"summary_large_image","twitter_misc":{"Escrito por":"freiaugusto","Est. tempo de leitura":"7 minutos"},"schema":{"@context":"https:\/\/schema.org","@graph":[{"@type":"WebSite","@id":"https:\/\/franciscanos.org.br\/noticias\/#website","url":"https:\/\/franciscanos.org.br\/noticias\/","name":"Not\u00edcias - Franciscanos","description":"Prov\u00edncia Franciscana da Imaculada Concei\u00e7\u00e3o do Brasil - Ordem dos Frades Menores - OFM","potentialAction":[{"@type":"SearchAction","target":{"@type":"EntryPoint","urlTemplate":"https:\/\/franciscanos.org.br\/noticias\/?s={search_term_string}"},"query-input":"required name=search_term_string"}],"inLanguage":"pt-BR"},{"@type":"ImageObject","inLanguage":"pt-BR","@id":"https:\/\/franciscanos.org.br\/noticias\/bencao-de-velas-e-homenagem-ao-papa-francisco-ganham-destaque-no-setimo-dia-do-oitavario.html#primaryimage","url":"https:\/\/franciscanos.org.br\/noticias\/wp-content\/uploads\/2025\/04\/IMG_6911.jpg","contentUrl":"https:\/\/franciscanos.org.br\/noticias\/wp-content\/uploads\/2025\/04\/IMG_6911.jpg","width":1280,"height":720},{"@type":"WebPage","@id":"https:\/\/franciscanos.org.br\/noticias\/bencao-de-velas-e-homenagem-ao-papa-francisco-ganham-destaque-no-setimo-dia-do-oitavario.html#webpage","url":"https:\/\/franciscanos.org.br\/noticias\/bencao-de-velas-e-homenagem-ao-papa-francisco-ganham-destaque-no-setimo-dia-do-oitavario.html","name":"B\u00ean\u00e7\u00e3o de velas e homenagem ao Papa Francisco ganham destaque no s\u00e9timo dia do Oitav\u00e1rio - Not\u00edcias - Franciscanos","isPartOf":{"@id":"https:\/\/franciscanos.org.br\/noticias\/#website"},"primaryImageOfPage":{"@id":"https:\/\/franciscanos.org.br\/noticias\/bencao-de-velas-e-homenagem-ao-papa-francisco-ganham-destaque-no-setimo-dia-do-oitavario.html#primaryimage"},"datePublished":"2025-04-26T20:00:03+00:00","dateModified":"2025-05-20T19:46:38+00:00","author":{"@id":"https:\/\/franciscanos.org.br\/noticias\/#\/schema\/person\/37f88f0d111cd5358b12a6556a99eb91"},"breadcrumb":{"@id":"https:\/\/franciscanos.org.br\/noticias\/bencao-de-velas-e-homenagem-ao-papa-francisco-ganham-destaque-no-setimo-dia-do-oitavario.html#breadcrumb"},"inLanguage":"pt-BR","potentialAction":[{"@type":"ReadAction","target":["https:\/\/franciscanos.org.br\/noticias\/bencao-de-velas-e-homenagem-ao-papa-francisco-ganham-destaque-no-setimo-dia-do-oitavario.html"]}]},{"@type":"BreadcrumbList","@id":"https:\/\/franciscanos.org.br\/noticias\/bencao-de-velas-e-homenagem-ao-papa-francisco-ganham-destaque-no-setimo-dia-do-oitavario.html#breadcrumb","itemListElement":[{"@type":"ListItem","position":1,"name":"Home","item":"https:\/\/franciscanos.org.br\/noticias"},{"@type":"ListItem","position":2,"name":"B\u00ean\u00e7\u00e3o de velas e homenagem ao Papa Francisco ganham destaque no s\u00e9timo dia do Oitav\u00e1rio"}]},{"@type":"Person","@id":"https:\/\/franciscanos.org.br\/noticias\/#\/schema\/person\/37f88f0d111cd5358b12a6556a99eb91","name":"freiaugusto","image":{"@type":"ImageObject","inLanguage":"pt-BR","@id":"https:\/\/franciscanos.org.br\/noticias\/#\/schema\/person\/image\/","url":"https:\/\/secure.gravatar.com\/avatar\/9840b940e621801b24f3e6b059efb4b7?s=96&d=mm&r=g","contentUrl":"https:\/\/secure.gravatar.com\/avatar\/9840b940e621801b24f3e6b059efb4b7?s=96&d=mm&r=g","caption":"freiaugusto"},"url":"https:\/\/franciscanos.org.br\/noticias\/author\/freiaugusto"}]}},"_links":{"self":[{"href":"https:\/\/franciscanos.org.br\/noticias\/wp-json\/wp\/v2\/posts\/256570"}],"collection":[{"href":"https:\/\/franciscanos.org.br\/noticias\/wp-json\/wp\/v2\/posts"}],"about":[{"href":"https:\/\/franciscanos.org.br\/noticias\/wp-json\/wp\/v2\/types\/post"}],"author":[{"embeddable":true,"href":"https:\/\/franciscanos.org.br\/noticias\/wp-json\/wp\/v2\/users\/5"}],"replies":[{"embeddable":true,"href":"https:\/\/franciscanos.org.br\/noticias\/wp-json\/wp\/v2\/comments?post=256570"}],"version-history":[{"count":5,"href":"https:\/\/franciscanos.org.br\/noticias\/wp-json\/wp\/v2\/posts\/256570\/revisions"}],"predecessor-version":[{"id":257212,"href":"https:\/\/franciscanos.org.br\/noticias\/wp-json\/wp\/v2\/posts\/256570\/revisions\/257212"}],"wp:featuredmedia":[{"embeddable":true,"href":"https:\/\/franciscanos.org.br\/noticias\/wp-json\/wp\/v2\/media\/256576"}],"wp:attachment":[{"href":"https:\/\/franciscanos.org.br\/noticias\/wp-json\/wp\/v2\/media?parent=256570"}],"wp:term":[{"taxonomy":"category","embeddable":true,"href":"https:\/\/franciscanos.org.br\/noticias\/wp-json\/wp\/v2\/categories?post=256570"},{"taxonomy":"post_tag","embeddable":true,"href":"https:\/\/franciscanos.org.br\/noticias\/wp-json\/wp\/v2\/tags?post=256570"}],"curies":[{"name":"wp","href":"https:\/\/api.w.org\/{rel}","templated":true}]}}