{"id":256522,"date":"2025-04-26T10:30:11","date_gmt":"2025-04-26T13:30:11","guid":{"rendered":"https:\/\/franciscanos.org.br\/noticias\/?p=256522"},"modified":"2025-04-26T13:27:35","modified_gmt":"2025-04-26T16:27:35","slug":"fe-superacao-e-luta-para-construir-redes-de-apoio-sao-marcas-da-18a-romaria-das-pessoas-com-deficiencia","status":"publish","type":"post","link":"https:\/\/franciscanos.org.br\/noticias\/fe-superacao-e-luta-para-construir-redes-de-apoio-sao-marcas-da-18a-romaria-das-pessoas-com-deficiencia.html","title":{"rendered":"F\u00e9, supera\u00e7\u00e3o e luta para construir redes de apoio s\u00e3o marcas da 18\u00aa Romaria das Pessoas com Defici\u00eancia"},"content":{"rendered":"<p><img loading=\"lazy\" class=\"aligncenter wp-image-256547 size-full\" src=\"https:\/\/franciscanos.org.br\/noticias\/wp-content\/uploads\/2025\/04\/PENHA_260425_DESTAQUE01-2.jpg\" alt=\"\" width=\"1280\" height=\"720\" srcset=\"https:\/\/franciscanos.org.br\/noticias\/wp-content\/uploads\/2025\/04\/PENHA_260425_DESTAQUE01-2.jpg 1280w, https:\/\/franciscanos.org.br\/noticias\/wp-content\/uploads\/2025\/04\/PENHA_260425_DESTAQUE01-2-450x253.jpg 450w, https:\/\/franciscanos.org.br\/noticias\/wp-content\/uploads\/2025\/04\/PENHA_260425_DESTAQUE01-2-1024x576.jpg 1024w, https:\/\/franciscanos.org.br\/noticias\/wp-content\/uploads\/2025\/04\/PENHA_260425_DESTAQUE01-2-768x432.jpg 768w, https:\/\/franciscanos.org.br\/noticias\/wp-content\/uploads\/2025\/04\/PENHA_260425_DESTAQUE01-2-150x84.jpg 150w\" sizes=\"(max-width: 1280px) 100vw, 1280px\" \/><\/p>\n<p style=\"font-weight: 400;\"><strong>Vila Velha (ES) &#8211;\u00a0<\/strong>Mais uma vez refor\u00e7ando o compromisso da Festa da Penha com os valores da acolhida, da inclus\u00e3o, e do cuidado com os mais fr\u00e1geis, foi realizada, neste s\u00e1bado, dia 26 de abril, a 18\u00aa edi\u00e7\u00e3o da Romaria das pessoas com defici\u00eancia que saiu, \u00e0s 8h do Santu\u00e1rio do Divino Esp\u00edrito Santo, de Vila Velha, em dire\u00e7\u00e3o \u00e0 Igreja Nossa Senhora do Ros\u00e1rio, na Prainha. Centenas de pessoas com defici\u00eancia de todas as idades, pais e cuidadores, al\u00e9m de lideran\u00e7as e dirigentes de entidades de todo o Estado, com faixas, cartazes e bal\u00f5es coloridos, fizeram o percurso rezando e entoando cantos em honra \u00e0 Virgem da Penha. Representando os frades e a Fraternidade do Santu\u00e1rio do Divino Esp\u00edrito Santo, Frei Valdemiro Wastchuck participou de todo percurso conduzindo a cadeira de rodas do pequeno Cau\u00e3.<\/p>\n<p style=\"font-weight: 400;\">Em frente \u00e0 Igreja do Ros\u00e1rio, foi celebrada a Santa Missa, presidida pelo Padre Gilberto Roberto Silva, \u00fanico presb\u00edtero cadeirante do Estado, vig\u00e1rio paroquial da Par\u00f3quia Nossa Senhora Auxiliadora, de Jer\u00f4nimo Monteiro, na Diocese de Cachoeiro do Itapemirim que, ao se apresentar, disse considerar uma gra\u00e7a a possibilidade de exercer o minist\u00e9rio sobre uma cadeira de rodas: \u201c\u201cEu aprendi a ser amor de Deus atrav\u00e9s da cadeira de rodas. Me uno a cada um que traz a sua defici\u00eancia, que n\u00e3o \u00e9 impedimento, mas que \u00e9 uma possibilidade de ser feliz\u201d, disse. Concelebrou tamb\u00e9m o Padre Carlos Pinto Barbosa, da Par\u00f3quia Nossa Senhora da Concei\u00e7\u00e3o, de Alfredo Chaves, ES, que todos os anos acompanha a Romaria das pessoas com defici\u00eancia.<\/p>\n<p><img loading=\"lazy\" class=\"aligncenter wp-image-256539 size-full\" src=\"https:\/\/franciscanos.org.br\/noticias\/wp-content\/uploads\/2025\/04\/PENHA_260425_DESTAQUE06-2.jpg\" alt=\"\" width=\"1280\" height=\"720\" srcset=\"https:\/\/franciscanos.org.br\/noticias\/wp-content\/uploads\/2025\/04\/PENHA_260425_DESTAQUE06-2.jpg 1280w, https:\/\/franciscanos.org.br\/noticias\/wp-content\/uploads\/2025\/04\/PENHA_260425_DESTAQUE06-2-450x253.jpg 450w, https:\/\/franciscanos.org.br\/noticias\/wp-content\/uploads\/2025\/04\/PENHA_260425_DESTAQUE06-2-1024x576.jpg 1024w, https:\/\/franciscanos.org.br\/noticias\/wp-content\/uploads\/2025\/04\/PENHA_260425_DESTAQUE06-2-768x432.jpg 768w, https:\/\/franciscanos.org.br\/noticias\/wp-content\/uploads\/2025\/04\/PENHA_260425_DESTAQUE06-2-150x84.jpg 150w\" sizes=\"(max-width: 1280px) 100vw, 1280px\" \/><\/p>\n<p style=\"font-weight: 400;\">Em nome da Fraternidade do Convento, Frei Robson de Castro Guimar\u00e3es, acolheu a Romaria com palavras de ternura e proximidade: \u201cPaz e bem a todos. Que alegria de receb\u00ea-los na nossa Romaria dedicada \u00e0s pessoas com defici\u00eancia. Este momento \u00e9 extremamente especial e caro para n\u00f3s, porque \u00e9 cheio de esperan\u00e7a, f\u00e9 e tamb\u00e9m de uni\u00e3o. Aqui todos somos convidados a celebrar a for\u00e7a, a coragem e a beleza que cada um traz como uma maneira de ofertar a Nossa Senhora, reconhecendo tamb\u00e9m o valor \u00fanico que cada um tem. Sintam-se todos acolhidos e amados, pois estamos juntos nesta caminhada de f\u00e9 pascal. E tamb\u00e9m da esperan\u00e7a que esta Santa Missa presidida pelo Padre Gilberto seja de renova\u00e7\u00e3o e de muita b\u00ean\u00e7\u00e3o para cada um de n\u00f3s. E pela intercess\u00e3o da bem-aventurada Virgem Maria, Nossa Senhora da Penha, todos n\u00f3s possamos ser protegidos de todos os males. Sejam todos bem-vindos!\u201d, disse.<\/p>\n<p><img loading=\"lazy\" class=\"aligncenter wp-image-256548 size-full\" src=\"https:\/\/franciscanos.org.br\/noticias\/wp-content\/uploads\/2025\/04\/PENHA_260425_DESTAQUE02-2.jpg\" alt=\"\" width=\"1280\" height=\"720\" srcset=\"https:\/\/franciscanos.org.br\/noticias\/wp-content\/uploads\/2025\/04\/PENHA_260425_DESTAQUE02-2.jpg 1280w, https:\/\/franciscanos.org.br\/noticias\/wp-content\/uploads\/2025\/04\/PENHA_260425_DESTAQUE02-2-450x253.jpg 450w, https:\/\/franciscanos.org.br\/noticias\/wp-content\/uploads\/2025\/04\/PENHA_260425_DESTAQUE02-2-1024x576.jpg 1024w, https:\/\/franciscanos.org.br\/noticias\/wp-content\/uploads\/2025\/04\/PENHA_260425_DESTAQUE02-2-768x432.jpg 768w, https:\/\/franciscanos.org.br\/noticias\/wp-content\/uploads\/2025\/04\/PENHA_260425_DESTAQUE02-2-150x84.jpg 150w\" sizes=\"(max-width: 1280px) 100vw, 1280px\" \/><\/p>\n<p><img loading=\"lazy\" class=\"aligncenter wp-image-256532 size-full\" src=\"https:\/\/franciscanos.org.br\/noticias\/wp-content\/uploads\/2025\/04\/PENHA_260425_DESTAQUE04-2.jpg\" alt=\"\" width=\"1280\" height=\"720\" srcset=\"https:\/\/franciscanos.org.br\/noticias\/wp-content\/uploads\/2025\/04\/PENHA_260425_DESTAQUE04-2.jpg 1280w, https:\/\/franciscanos.org.br\/noticias\/wp-content\/uploads\/2025\/04\/PENHA_260425_DESTAQUE04-2-450x253.jpg 450w, https:\/\/franciscanos.org.br\/noticias\/wp-content\/uploads\/2025\/04\/PENHA_260425_DESTAQUE04-2-1024x576.jpg 1024w, https:\/\/franciscanos.org.br\/noticias\/wp-content\/uploads\/2025\/04\/PENHA_260425_DESTAQUE04-2-768x432.jpg 768w, https:\/\/franciscanos.org.br\/noticias\/wp-content\/uploads\/2025\/04\/PENHA_260425_DESTAQUE04-2-150x84.jpg 150w\" sizes=\"(max-width: 1280px) 100vw, 1280px\" \/><\/p>\n<p style=\"font-weight: 400;\">Al\u00e9m de ser um momento de prece e de gratid\u00e3o \u00e0 M\u00e3e das Alegrias, a Romaria tamb\u00e9m tem se apresentado como espa\u00e7o de reflex\u00e3o e reivindica\u00e7\u00e3o em favor das pol\u00edticas p\u00fablicas de atendimento \u00e0 necessidade das pessoas com defici\u00eancia. Cada ano \u00e9 lida ao final da celebra\u00e7\u00e3o uma carta-manifesto escrita especialmente para a Romaria. Nesta 18\u00aa edi\u00e7\u00e3o, foi dada \u00eanfase na necessidade de se construir e refor\u00e7ar redes de apoio robustas e eficientes para acolher as demandas deste p\u00fablico e de seus cuidadores. \u201cA rede de apoio \u00e9 fundamental, pois oferece suporte emocional, educacional e social, promovendo o desenvolvimento pessoal e a autonomia das pessoas com alguma defici\u00eancia. Al\u00e9m disso, a inclus\u00e3o fortalece a sociedade como um todo, promovendo diversidade, respeito e igualdade de oportunidades\u201d, diz um trecho da carta-manifesto.<\/p>\n<p style=\"font-weight: 400;\">Nesta tarde, a partir das 14h, no Campinho, a ora\u00e7\u00e3o da Coroa Franciscana das Sete Alegrias, o momento devocional do Oitav\u00e1rio e, \u00e0s 16h, missa da Romaria da Diocese de Cachoeiro do Itapemirim, presidida pelo Arcebispo Dom Luiz Fernando Lisboa.<\/p>\n<p><img loading=\"lazy\" class=\"aligncenter wp-image-256530 size-full\" src=\"https:\/\/franciscanos.org.br\/noticias\/wp-content\/uploads\/2025\/04\/PENHA_260425_DESTAQUE07.jpg\" alt=\"\" width=\"1280\" height=\"720\" srcset=\"https:\/\/franciscanos.org.br\/noticias\/wp-content\/uploads\/2025\/04\/PENHA_260425_DESTAQUE07.jpg 1280w, https:\/\/franciscanos.org.br\/noticias\/wp-content\/uploads\/2025\/04\/PENHA_260425_DESTAQUE07-450x253.jpg 450w, https:\/\/franciscanos.org.br\/noticias\/wp-content\/uploads\/2025\/04\/PENHA_260425_DESTAQUE07-1024x576.jpg 1024w, https:\/\/franciscanos.org.br\/noticias\/wp-content\/uploads\/2025\/04\/PENHA_260425_DESTAQUE07-768x432.jpg 768w, https:\/\/franciscanos.org.br\/noticias\/wp-content\/uploads\/2025\/04\/PENHA_260425_DESTAQUE07-150x84.jpg 150w\" sizes=\"(max-width: 1280px) 100vw, 1280px\" \/><\/p>\n<p style=\"font-weight: 400; text-align: center;\"><strong>LEIA A CARTA NA \u00cdNTEGRA:<\/strong><\/p>\n<p style=\"font-weight: 400;\"><strong>Carta da 18\u00aa Romaria das Pessoas com Defici\u00eancia<\/strong><\/p>\n<p style=\"font-weight: 400;\"><strong>Festa da Penha &#8211; Vila Velha &#8211; 26 de abril de 2025<\/strong><\/p>\n<p style=\"font-weight: 400;\"><em>Hoje, nossos passos, sejam firmes ou apoiados, caminham juntos em dire\u00e7\u00e3o a um mesmo prop\u00f3sito: celebrar a vida, a dignidade e o valor de cada pessoa. Aqui, nesta Romaria, ningu\u00e9m est\u00e1 sozinho. Somos comunidade, somos Igreja viva, onde cada um tem seu lugar e sua miss\u00e3o.<\/em><\/p>\n<p style=\"font-weight: 400;\"><em>A Romaria \u00e9 sinal vis\u00edvel do amor de Deus que acolhe a todos sem distin\u00e7\u00e3o, e nos lembra que a defici\u00eancia n\u00e3o define ningu\u00e9m. O que nos define \u00e9 a coragem de seguir em frente, o amor que somos capazes de dar e a f\u00e9 que carregamos mesmo nas adversidades.<\/em><\/p>\n<p style=\"font-weight: 400;\"><em><strong>Este ano somos chamados para sermos Rede de apoio!<\/strong><\/em><\/p>\n<p><img loading=\"lazy\" class=\"aligncenter wp-image-256536 size-full\" src=\"https:\/\/franciscanos.org.br\/noticias\/wp-content\/uploads\/2025\/04\/IMG_6648.jpg\" alt=\"\" width=\"1080\" height=\"720\" srcset=\"https:\/\/franciscanos.org.br\/noticias\/wp-content\/uploads\/2025\/04\/IMG_6648.jpg 1080w, https:\/\/franciscanos.org.br\/noticias\/wp-content\/uploads\/2025\/04\/IMG_6648-450x300.jpg 450w, https:\/\/franciscanos.org.br\/noticias\/wp-content\/uploads\/2025\/04\/IMG_6648-1024x683.jpg 1024w, https:\/\/franciscanos.org.br\/noticias\/wp-content\/uploads\/2025\/04\/IMG_6648-768x512.jpg 768w, https:\/\/franciscanos.org.br\/noticias\/wp-content\/uploads\/2025\/04\/IMG_6648-150x100.jpg 150w\" sizes=\"(max-width: 1080px) 100vw, 1080px\" \/><\/p>\n<p style=\"font-weight: 400;\"><em>A rede de apoio \u00e9 fundamental, pois oferece suporte emocional, educacional e social, promovendo o desenvolvimento pessoal e a autonomia das pessoas com alguma defici\u00eancia. Al\u00e9m disso, a inclus\u00e3o fortalece a sociedade como um todo, promovendo diversidade, respeito e igualdade de oportunidades.<\/em><\/p>\n<p style=\"font-weight: 400;\"><em>Queremos enfatizar a necessidade de governos e comunidades aprimorarem os sistemas de suporte, garantindo que todos tenham acesso a recursos adequados para uma vida plena e inclusiva. &#8220;<strong>Suporte para quem precisa. Todos juntos apoiando a inclus\u00e3o! Seja rede de apoio! Juntos, podemos construir um mundo mais acolhedor e inclusivo para todos.<\/strong><\/em><\/p>\n<p style=\"font-weight: 400;\"><em>Inspirados no Evangelho, seguimos firmes, dando testemunho de que toda vida \u00e9 preciosa e sagrada. A defici\u00eancia pode at\u00e9 impor limites ao corpo, mas jamais ao cora\u00e7\u00e3o, \u00e0 f\u00e9\u00a0e\u00a0\u00e0\u00a0esperan\u00e7a.<\/em><\/p>\n<hr \/>\n<p><strong>Equipe de comunica\u00e7\u00e3o da Festa da Penha:<\/strong><br \/>\n<em>Frei Augusto Luiz Gabriel, Frei Gustavo Medella, Frei Roger Strapazzon<\/em><\/p>\n\n\t\t<style type=\"text\/css\">\n\t\t\t#gallery-1 {\n\t\t\t\tmargin: auto;\n\t\t\t}\n\t\t\t#gallery-1 .gallery-item {\n\t\t\t\tfloat: left;\n\t\t\t\tmargin-top: 10px;\n\t\t\t\ttext-align: center;\n\t\t\t\twidth: 25%;\n\t\t\t}\n\t\t\t#gallery-1 img {\n\t\t\t\tborder: 2px solid #cfcfcf;\n\t\t\t}\n\t\t\t#gallery-1 .gallery-caption {\n\t\t\t\tmargin-left: 0;\n\t\t\t}\n\t\t\t\/* see gallery_shortcode() in wp-includes\/media.php *\/\n\t\t<\/style>\n\t\t<div id='gallery-1' class='gallery galleryid-256522 gallery-columns-4 gallery-size-thumbnail'><dl class='gallery-item'>\n\t\t\t<dt class='gallery-icon landscape'>\n\t\t\t\t<a href='https:\/\/franciscanos.org.br\/noticias\/wp-content\/uploads\/2025\/04\/IMG_6208.jpg'><img width=\"300\" height=\"300\" src=\"https:\/\/franciscanos.org.br\/noticias\/wp-content\/uploads\/2025\/04\/IMG_6208-300x300.jpg\" class=\"attachment-thumbnail size-thumbnail\" alt=\"\" loading=\"lazy\" srcset=\"https:\/\/franciscanos.org.br\/noticias\/wp-content\/uploads\/2025\/04\/IMG_6208-300x300.jpg 300w, https:\/\/franciscanos.org.br\/noticias\/wp-content\/uploads\/2025\/04\/IMG_6208-100x100.jpg 100w\" sizes=\"(max-width: 300px) 100vw, 300px\" \/><\/a>\n\t\t\t<\/dt><\/dl><dl class='gallery-item'>\n\t\t\t<dt class='gallery-icon landscape'>\n\t\t\t\t<a href='https:\/\/franciscanos.org.br\/noticias\/wp-content\/uploads\/2025\/04\/IMG_6407.jpg'><img width=\"300\" height=\"300\" src=\"https:\/\/franciscanos.org.br\/noticias\/wp-content\/uploads\/2025\/04\/IMG_6407-300x300.jpg\" class=\"attachment-thumbnail size-thumbnail\" alt=\"\" loading=\"lazy\" srcset=\"https:\/\/franciscanos.org.br\/noticias\/wp-content\/uploads\/2025\/04\/IMG_6407-300x300.jpg 300w, https:\/\/franciscanos.org.br\/noticias\/wp-content\/uploads\/2025\/04\/IMG_6407-100x100.jpg 100w\" sizes=\"(max-width: 300px) 100vw, 300px\" \/><\/a>\n\t\t\t<\/dt><\/dl><dl class='gallery-item'>\n\t\t\t<dt class='gallery-icon landscape'>\n\t\t\t\t<a href='https:\/\/franciscanos.org.br\/noticias\/wp-content\/uploads\/2025\/04\/IMG_6470.jpg'><img width=\"300\" height=\"300\" src=\"https:\/\/franciscanos.org.br\/noticias\/wp-content\/uploads\/2025\/04\/IMG_6470-300x300.jpg\" class=\"attachment-thumbnail size-thumbnail\" alt=\"\" loading=\"lazy\" srcset=\"https:\/\/franciscanos.org.br\/noticias\/wp-content\/uploads\/2025\/04\/IMG_6470-300x300.jpg 300w, https:\/\/franciscanos.org.br\/noticias\/wp-content\/uploads\/2025\/04\/IMG_6470-100x100.jpg 100w\" sizes=\"(max-width: 300px) 100vw, 300px\" \/><\/a>\n\t\t\t<\/dt><\/dl><dl class='gallery-item'>\n\t\t\t<dt class='gallery-icon landscape'>\n\t\t\t\t<a href='https:\/\/franciscanos.org.br\/noticias\/wp-content\/uploads\/2025\/04\/IMG_6192.jpg'><img width=\"300\" height=\"300\" src=\"https:\/\/franciscanos.org.br\/noticias\/wp-content\/uploads\/2025\/04\/IMG_6192-300x300.jpg\" class=\"attachment-thumbnail size-thumbnail\" alt=\"\" loading=\"lazy\" srcset=\"https:\/\/franciscanos.org.br\/noticias\/wp-content\/uploads\/2025\/04\/IMG_6192-300x300.jpg 300w, https:\/\/franciscanos.org.br\/noticias\/wp-content\/uploads\/2025\/04\/IMG_6192-100x100.jpg 100w\" sizes=\"(max-width: 300px) 100vw, 300px\" \/><\/a>\n\t\t\t<\/dt><\/dl><br style=\"clear: both\" \/><dl class='gallery-item'>\n\t\t\t<dt class='gallery-icon landscape'>\n\t\t\t\t<a href='https:\/\/franciscanos.org.br\/noticias\/wp-content\/uploads\/2025\/04\/PENHA_260425_DESTAQUE03-2.jpg'><img width=\"300\" height=\"300\" src=\"https:\/\/franciscanos.org.br\/noticias\/wp-content\/uploads\/2025\/04\/PENHA_260425_DESTAQUE03-2-300x300.jpg\" class=\"attachment-thumbnail size-thumbnail\" alt=\"\" loading=\"lazy\" srcset=\"https:\/\/franciscanos.org.br\/noticias\/wp-content\/uploads\/2025\/04\/PENHA_260425_DESTAQUE03-2-300x300.jpg 300w, https:\/\/franciscanos.org.br\/noticias\/wp-content\/uploads\/2025\/04\/PENHA_260425_DESTAQUE03-2-100x100.jpg 100w\" sizes=\"(max-width: 300px) 100vw, 300px\" \/><\/a>\n\t\t\t<\/dt><\/dl><dl class='gallery-item'>\n\t\t\t<dt class='gallery-icon landscape'>\n\t\t\t\t<a href='https:\/\/franciscanos.org.br\/noticias\/wp-content\/uploads\/2025\/04\/PENHA_260425_DESTACADA.jpg'><img width=\"300\" height=\"300\" src=\"https:\/\/franciscanos.org.br\/noticias\/wp-content\/uploads\/2025\/04\/PENHA_260425_DESTACADA-300x300.jpg\" class=\"attachment-thumbnail size-thumbnail\" alt=\"\" loading=\"lazy\" srcset=\"https:\/\/franciscanos.org.br\/noticias\/wp-content\/uploads\/2025\/04\/PENHA_260425_DESTACADA-300x300.jpg 300w, https:\/\/franciscanos.org.br\/noticias\/wp-content\/uploads\/2025\/04\/PENHA_260425_DESTACADA-100x100.jpg 100w\" sizes=\"(max-width: 300px) 100vw, 300px\" \/><\/a>\n\t\t\t<\/dt><\/dl><dl class='gallery-item'>\n\t\t\t<dt class='gallery-icon landscape'>\n\t\t\t\t<a href='https:\/\/franciscanos.org.br\/noticias\/wp-content\/uploads\/2025\/04\/IMG_6383.jpg'><img width=\"300\" height=\"300\" src=\"https:\/\/franciscanos.org.br\/noticias\/wp-content\/uploads\/2025\/04\/IMG_6383-300x300.jpg\" class=\"attachment-thumbnail size-thumbnail\" alt=\"\" loading=\"lazy\" srcset=\"https:\/\/franciscanos.org.br\/noticias\/wp-content\/uploads\/2025\/04\/IMG_6383-300x300.jpg 300w, https:\/\/franciscanos.org.br\/noticias\/wp-content\/uploads\/2025\/04\/IMG_6383-100x100.jpg 100w\" sizes=\"(max-width: 300px) 100vw, 300px\" \/><\/a>\n\t\t\t<\/dt><\/dl><dl class='gallery-item'>\n\t\t\t<dt class='gallery-icon landscape'>\n\t\t\t\t<a href='https:\/\/franciscanos.org.br\/noticias\/wp-content\/uploads\/2025\/04\/IMG_6416.jpg'><img width=\"300\" height=\"300\" src=\"https:\/\/franciscanos.org.br\/noticias\/wp-content\/uploads\/2025\/04\/IMG_6416-300x300.jpg\" class=\"attachment-thumbnail size-thumbnail\" alt=\"\" loading=\"lazy\" srcset=\"https:\/\/franciscanos.org.br\/noticias\/wp-content\/uploads\/2025\/04\/IMG_6416-300x300.jpg 300w, https:\/\/franciscanos.org.br\/noticias\/wp-content\/uploads\/2025\/04\/IMG_6416-100x100.jpg 100w\" sizes=\"(max-width: 300px) 100vw, 300px\" \/><\/a>\n\t\t\t<\/dt><\/dl><br style=\"clear: both\" \/><dl class='gallery-item'>\n\t\t\t<dt class='gallery-icon landscape'>\n\t\t\t\t<a href='https:\/\/franciscanos.org.br\/noticias\/wp-content\/uploads\/2025\/04\/IMG_6342.jpg'><img width=\"300\" height=\"300\" src=\"https:\/\/franciscanos.org.br\/noticias\/wp-content\/uploads\/2025\/04\/IMG_6342-300x300.jpg\" class=\"attachment-thumbnail size-thumbnail\" alt=\"\" loading=\"lazy\" srcset=\"https:\/\/franciscanos.org.br\/noticias\/wp-content\/uploads\/2025\/04\/IMG_6342-300x300.jpg 300w, https:\/\/franciscanos.org.br\/noticias\/wp-content\/uploads\/2025\/04\/IMG_6342-100x100.jpg 100w\" sizes=\"(max-width: 300px) 100vw, 300px\" \/><\/a>\n\t\t\t<\/dt><\/dl><dl class='gallery-item'>\n\t\t\t<dt class='gallery-icon landscape'>\n\t\t\t\t<a href='https:\/\/franciscanos.org.br\/noticias\/wp-content\/uploads\/2025\/04\/PENHA_260425_DESTAQUE02-2.jpg'><img width=\"300\" height=\"300\" src=\"https:\/\/franciscanos.org.br\/noticias\/wp-content\/uploads\/2025\/04\/PENHA_260425_DESTAQUE02-2-300x300.jpg\" class=\"attachment-thumbnail size-thumbnail\" alt=\"\" loading=\"lazy\" srcset=\"https:\/\/franciscanos.org.br\/noticias\/wp-content\/uploads\/2025\/04\/PENHA_260425_DESTAQUE02-2-300x300.jpg 300w, https:\/\/franciscanos.org.br\/noticias\/wp-content\/uploads\/2025\/04\/PENHA_260425_DESTAQUE02-2-100x100.jpg 100w\" sizes=\"(max-width: 300px) 100vw, 300px\" \/><\/a>\n\t\t\t<\/dt><\/dl><dl class='gallery-item'>\n\t\t\t<dt class='gallery-icon landscape'>\n\t\t\t\t<a href='https:\/\/franciscanos.org.br\/noticias\/wp-content\/uploads\/2025\/04\/IMG_6576.jpg'><img width=\"300\" height=\"300\" src=\"https:\/\/franciscanos.org.br\/noticias\/wp-content\/uploads\/2025\/04\/IMG_6576-300x300.jpg\" class=\"attachment-thumbnail size-thumbnail\" alt=\"\" loading=\"lazy\" srcset=\"https:\/\/franciscanos.org.br\/noticias\/wp-content\/uploads\/2025\/04\/IMG_6576-300x300.jpg 300w, https:\/\/franciscanos.org.br\/noticias\/wp-content\/uploads\/2025\/04\/IMG_6576-100x100.jpg 100w\" sizes=\"(max-width: 300px) 100vw, 300px\" \/><\/a>\n\t\t\t<\/dt><\/dl><dl class='gallery-item'>\n\t\t\t<dt class='gallery-icon landscape'>\n\t\t\t\t<a href='https:\/\/franciscanos.org.br\/noticias\/wp-content\/uploads\/2025\/04\/IMG_6524.jpg'><img width=\"300\" height=\"300\" src=\"https:\/\/franciscanos.org.br\/noticias\/wp-content\/uploads\/2025\/04\/IMG_6524-300x300.jpg\" class=\"attachment-thumbnail size-thumbnail\" alt=\"\" loading=\"lazy\" srcset=\"https:\/\/franciscanos.org.br\/noticias\/wp-content\/uploads\/2025\/04\/IMG_6524-300x300.jpg 300w, https:\/\/franciscanos.org.br\/noticias\/wp-content\/uploads\/2025\/04\/IMG_6524-100x100.jpg 100w\" sizes=\"(max-width: 300px) 100vw, 300px\" \/><\/a>\n\t\t\t<\/dt><\/dl><br style=\"clear: both\" \/><dl class='gallery-item'>\n\t\t\t<dt class='gallery-icon landscape'>\n\t\t\t\t<a href='https:\/\/franciscanos.org.br\/noticias\/wp-content\/uploads\/2025\/04\/IMG_6234.jpg'><img width=\"300\" height=\"300\" src=\"https:\/\/franciscanos.org.br\/noticias\/wp-content\/uploads\/2025\/04\/IMG_6234-300x300.jpg\" class=\"attachment-thumbnail size-thumbnail\" alt=\"\" loading=\"lazy\" srcset=\"https:\/\/franciscanos.org.br\/noticias\/wp-content\/uploads\/2025\/04\/IMG_6234-300x300.jpg 300w, https:\/\/franciscanos.org.br\/noticias\/wp-content\/uploads\/2025\/04\/IMG_6234-100x100.jpg 100w\" sizes=\"(max-width: 300px) 100vw, 300px\" \/><\/a>\n\t\t\t<\/dt><\/dl><dl class='gallery-item'>\n\t\t\t<dt class='gallery-icon landscape'>\n\t\t\t\t<a href='https:\/\/franciscanos.org.br\/noticias\/wp-content\/uploads\/2025\/04\/IMG_6375.jpg'><img width=\"300\" height=\"300\" src=\"https:\/\/franciscanos.org.br\/noticias\/wp-content\/uploads\/2025\/04\/IMG_6375-300x300.jpg\" class=\"attachment-thumbnail size-thumbnail\" alt=\"\" loading=\"lazy\" srcset=\"https:\/\/franciscanos.org.br\/noticias\/wp-content\/uploads\/2025\/04\/IMG_6375-300x300.jpg 300w, https:\/\/franciscanos.org.br\/noticias\/wp-content\/uploads\/2025\/04\/IMG_6375-100x100.jpg 100w\" sizes=\"(max-width: 300px) 100vw, 300px\" \/><\/a>\n\t\t\t<\/dt><\/dl><dl class='gallery-item'>\n\t\t\t<dt class='gallery-icon landscape'>\n\t\t\t\t<a href='https:\/\/franciscanos.org.br\/noticias\/wp-content\/uploads\/2025\/04\/IMG_6225.jpg'><img width=\"300\" height=\"300\" src=\"https:\/\/franciscanos.org.br\/noticias\/wp-content\/uploads\/2025\/04\/IMG_6225-300x300.jpg\" class=\"attachment-thumbnail size-thumbnail\" alt=\"\" loading=\"lazy\" srcset=\"https:\/\/franciscanos.org.br\/noticias\/wp-content\/uploads\/2025\/04\/IMG_6225-300x300.jpg 300w, https:\/\/franciscanos.org.br\/noticias\/wp-content\/uploads\/2025\/04\/IMG_6225-100x100.jpg 100w\" sizes=\"(max-width: 300px) 100vw, 300px\" \/><\/a>\n\t\t\t<\/dt><\/dl><dl class='gallery-item'>\n\t\t\t<dt class='gallery-icon landscape'>\n\t\t\t\t<a href='https:\/\/franciscanos.org.br\/noticias\/wp-content\/uploads\/2025\/04\/IMG_6541.jpg'><img width=\"300\" height=\"300\" src=\"https:\/\/franciscanos.org.br\/noticias\/wp-content\/uploads\/2025\/04\/IMG_6541-300x300.jpg\" class=\"attachment-thumbnail size-thumbnail\" alt=\"\" loading=\"lazy\" srcset=\"https:\/\/franciscanos.org.br\/noticias\/wp-content\/uploads\/2025\/04\/IMG_6541-300x300.jpg 300w, https:\/\/franciscanos.org.br\/noticias\/wp-content\/uploads\/2025\/04\/IMG_6541-100x100.jpg 100w\" sizes=\"(max-width: 300px) 100vw, 300px\" \/><\/a>\n\t\t\t<\/dt><\/dl><br style=\"clear: both\" \/><dl class='gallery-item'>\n\t\t\t<dt class='gallery-icon landscape'>\n\t\t\t\t<a href='https:\/\/franciscanos.org.br\/noticias\/wp-content\/uploads\/2025\/04\/IMG_6227.jpg'><img width=\"300\" height=\"300\" src=\"https:\/\/franciscanos.org.br\/noticias\/wp-content\/uploads\/2025\/04\/IMG_6227-300x300.jpg\" class=\"attachment-thumbnail size-thumbnail\" alt=\"\" loading=\"lazy\" srcset=\"https:\/\/franciscanos.org.br\/noticias\/wp-content\/uploads\/2025\/04\/IMG_6227-300x300.jpg 300w, https:\/\/franciscanos.org.br\/noticias\/wp-content\/uploads\/2025\/04\/IMG_6227-100x100.jpg 100w\" sizes=\"(max-width: 300px) 100vw, 300px\" \/><\/a>\n\t\t\t<\/dt><\/dl><dl class='gallery-item'>\n\t\t\t<dt class='gallery-icon landscape'>\n\t\t\t\t<a href='https:\/\/franciscanos.org.br\/noticias\/wp-content\/uploads\/2025\/04\/IMG_6615.jpg'><img width=\"300\" height=\"300\" src=\"https:\/\/franciscanos.org.br\/noticias\/wp-content\/uploads\/2025\/04\/IMG_6615-300x300.jpg\" class=\"attachment-thumbnail size-thumbnail\" alt=\"\" loading=\"lazy\" srcset=\"https:\/\/franciscanos.org.br\/noticias\/wp-content\/uploads\/2025\/04\/IMG_6615-300x300.jpg 300w, https:\/\/franciscanos.org.br\/noticias\/wp-content\/uploads\/2025\/04\/IMG_6615-100x100.jpg 100w\" sizes=\"(max-width: 300px) 100vw, 300px\" \/><\/a>\n\t\t\t<\/dt><\/dl><dl class='gallery-item'>\n\t\t\t<dt class='gallery-icon landscape'>\n\t\t\t\t<a href='https:\/\/franciscanos.org.br\/noticias\/wp-content\/uploads\/2025\/04\/PENHA_260425_DESTAQUE05-2.jpg'><img width=\"300\" height=\"300\" src=\"https:\/\/franciscanos.org.br\/noticias\/wp-content\/uploads\/2025\/04\/PENHA_260425_DESTAQUE05-2-300x300.jpg\" class=\"attachment-thumbnail size-thumbnail\" alt=\"\" loading=\"lazy\" srcset=\"https:\/\/franciscanos.org.br\/noticias\/wp-content\/uploads\/2025\/04\/PENHA_260425_DESTAQUE05-2-300x300.jpg 300w, https:\/\/franciscanos.org.br\/noticias\/wp-content\/uploads\/2025\/04\/PENHA_260425_DESTAQUE05-2-100x100.jpg 100w\" sizes=\"(max-width: 300px) 100vw, 300px\" \/><\/a>\n\t\t\t<\/dt><\/dl><dl class='gallery-item'>\n\t\t\t<dt class='gallery-icon landscape'>\n\t\t\t\t<a href='https:\/\/franciscanos.org.br\/noticias\/wp-content\/uploads\/2025\/04\/IMG_6433.jpg'><img width=\"300\" height=\"300\" src=\"https:\/\/franciscanos.org.br\/noticias\/wp-content\/uploads\/2025\/04\/IMG_6433-300x300.jpg\" class=\"attachment-thumbnail size-thumbnail\" alt=\"\" loading=\"lazy\" srcset=\"https:\/\/franciscanos.org.br\/noticias\/wp-content\/uploads\/2025\/04\/IMG_6433-300x300.jpg 300w, https:\/\/franciscanos.org.br\/noticias\/wp-content\/uploads\/2025\/04\/IMG_6433-100x100.jpg 100w\" sizes=\"(max-width: 300px) 100vw, 300px\" \/><\/a>\n\t\t\t<\/dt><\/dl><br style=\"clear: both\" \/><dl class='gallery-item'>\n\t\t\t<dt class='gallery-icon landscape'>\n\t\t\t\t<a href='https:\/\/franciscanos.org.br\/noticias\/wp-content\/uploads\/2025\/04\/IMG_6266.jpg'><img width=\"300\" height=\"300\" src=\"https:\/\/franciscanos.org.br\/noticias\/wp-content\/uploads\/2025\/04\/IMG_6266-300x300.jpg\" class=\"attachment-thumbnail size-thumbnail\" alt=\"\" loading=\"lazy\" srcset=\"https:\/\/franciscanos.org.br\/noticias\/wp-content\/uploads\/2025\/04\/IMG_6266-300x300.jpg 300w, https:\/\/franciscanos.org.br\/noticias\/wp-content\/uploads\/2025\/04\/IMG_6266-100x100.jpg 100w\" sizes=\"(max-width: 300px) 100vw, 300px\" \/><\/a>\n\t\t\t<\/dt><\/dl><dl class='gallery-item'>\n\t\t\t<dt class='gallery-icon landscape'>\n\t\t\t\t<a href='https:\/\/franciscanos.org.br\/noticias\/wp-content\/uploads\/2025\/04\/IMG_6317.jpg'><img width=\"300\" height=\"300\" src=\"https:\/\/franciscanos.org.br\/noticias\/wp-content\/uploads\/2025\/04\/IMG_6317-300x300.jpg\" class=\"attachment-thumbnail size-thumbnail\" alt=\"\" loading=\"lazy\" srcset=\"https:\/\/franciscanos.org.br\/noticias\/wp-content\/uploads\/2025\/04\/IMG_6317-300x300.jpg 300w, https:\/\/franciscanos.org.br\/noticias\/wp-content\/uploads\/2025\/04\/IMG_6317-100x100.jpg 100w\" sizes=\"(max-width: 300px) 100vw, 300px\" \/><\/a>\n\t\t\t<\/dt><\/dl><dl class='gallery-item'>\n\t\t\t<dt class='gallery-icon landscape'>\n\t\t\t\t<a href='https:\/\/franciscanos.org.br\/noticias\/wp-content\/uploads\/2025\/04\/IMG_6237.jpg'><img width=\"300\" height=\"300\" src=\"https:\/\/franciscanos.org.br\/noticias\/wp-content\/uploads\/2025\/04\/IMG_6237-300x300.jpg\" class=\"attachment-thumbnail size-thumbnail\" alt=\"\" loading=\"lazy\" srcset=\"https:\/\/franciscanos.org.br\/noticias\/wp-content\/uploads\/2025\/04\/IMG_6237-300x300.jpg 300w, https:\/\/franciscanos.org.br\/noticias\/wp-content\/uploads\/2025\/04\/IMG_6237-100x100.jpg 100w\" sizes=\"(max-width: 300px) 100vw, 300px\" \/><\/a>\n\t\t\t<\/dt><\/dl><dl class='gallery-item'>\n\t\t\t<dt class='gallery-icon landscape'>\n\t\t\t\t<a href='https:\/\/franciscanos.org.br\/noticias\/wp-content\/uploads\/2025\/04\/IMG_6513.jpg'><img width=\"300\" height=\"300\" src=\"https:\/\/franciscanos.org.br\/noticias\/wp-content\/uploads\/2025\/04\/IMG_6513-300x300.jpg\" class=\"attachment-thumbnail size-thumbnail\" alt=\"\" loading=\"lazy\" srcset=\"https:\/\/franciscanos.org.br\/noticias\/wp-content\/uploads\/2025\/04\/IMG_6513-300x300.jpg 300w, https:\/\/franciscanos.org.br\/noticias\/wp-content\/uploads\/2025\/04\/IMG_6513-100x100.jpg 100w\" sizes=\"(max-width: 300px) 100vw, 300px\" \/><\/a>\n\t\t\t<\/dt><\/dl><br style=\"clear: both\" \/><dl class='gallery-item'>\n\t\t\t<dt class='gallery-icon landscape'>\n\t\t\t\t<a href='https:\/\/franciscanos.org.br\/noticias\/wp-content\/uploads\/2025\/04\/IMG_6310.jpg'><img width=\"300\" height=\"300\" src=\"https:\/\/franciscanos.org.br\/noticias\/wp-content\/uploads\/2025\/04\/IMG_6310-300x300.jpg\" class=\"attachment-thumbnail size-thumbnail\" alt=\"\" loading=\"lazy\" srcset=\"https:\/\/franciscanos.org.br\/noticias\/wp-content\/uploads\/2025\/04\/IMG_6310-300x300.jpg 300w, https:\/\/franciscanos.org.br\/noticias\/wp-content\/uploads\/2025\/04\/IMG_6310-100x100.jpg 100w\" sizes=\"(max-width: 300px) 100vw, 300px\" \/><\/a>\n\t\t\t<\/dt><\/dl><dl class='gallery-item'>\n\t\t\t<dt class='gallery-icon landscape'>\n\t\t\t\t<a href='https:\/\/franciscanos.org.br\/noticias\/wp-content\/uploads\/2025\/04\/IMG_6634.jpg'><img width=\"300\" height=\"300\" src=\"https:\/\/franciscanos.org.br\/noticias\/wp-content\/uploads\/2025\/04\/IMG_6634-300x300.jpg\" class=\"attachment-thumbnail size-thumbnail\" alt=\"\" loading=\"lazy\" srcset=\"https:\/\/franciscanos.org.br\/noticias\/wp-content\/uploads\/2025\/04\/IMG_6634-300x300.jpg 300w, https:\/\/franciscanos.org.br\/noticias\/wp-content\/uploads\/2025\/04\/IMG_6634-100x100.jpg 100w\" sizes=\"(max-width: 300px) 100vw, 300px\" \/><\/a>\n\t\t\t<\/dt><\/dl><dl class='gallery-item'>\n\t\t\t<dt class='gallery-icon landscape'>\n\t\t\t\t<a href='https:\/\/franciscanos.org.br\/noticias\/wp-content\/uploads\/2025\/04\/IMG_6336.jpg'><img width=\"300\" height=\"300\" src=\"https:\/\/franciscanos.org.br\/noticias\/wp-content\/uploads\/2025\/04\/IMG_6336-300x300.jpg\" class=\"attachment-thumbnail size-thumbnail\" alt=\"\" loading=\"lazy\" srcset=\"https:\/\/franciscanos.org.br\/noticias\/wp-content\/uploads\/2025\/04\/IMG_6336-300x300.jpg 300w, https:\/\/franciscanos.org.br\/noticias\/wp-content\/uploads\/2025\/04\/IMG_6336-100x100.jpg 100w\" sizes=\"(max-width: 300px) 100vw, 300px\" \/><\/a>\n\t\t\t<\/dt><\/dl><dl class='gallery-item'>\n\t\t\t<dt class='gallery-icon landscape'>\n\t\t\t\t<a href='https:\/\/franciscanos.org.br\/noticias\/wp-content\/uploads\/2025\/04\/PENHA_260425_DESTAQUE01-2.jpg'><img width=\"300\" height=\"300\" src=\"https:\/\/franciscanos.org.br\/noticias\/wp-content\/uploads\/2025\/04\/PENHA_260425_DESTAQUE01-2-300x300.jpg\" class=\"attachment-thumbnail size-thumbnail\" alt=\"\" loading=\"lazy\" srcset=\"https:\/\/franciscanos.org.br\/noticias\/wp-content\/uploads\/2025\/04\/PENHA_260425_DESTAQUE01-2-300x300.jpg 300w, https:\/\/franciscanos.org.br\/noticias\/wp-content\/uploads\/2025\/04\/PENHA_260425_DESTAQUE01-2-100x100.jpg 100w\" sizes=\"(max-width: 300px) 100vw, 300px\" \/><\/a>\n\t\t\t<\/dt><\/dl><br style=\"clear: both\" \/>\n\t\t<\/div>\n\n","protected":false},"excerpt":{"rendered":"<p>Festa da Penha 2025<\/p>\n","protected":false},"author":5,"featured_media":256552,"comment_status":"open","ping_status":"open","sticky":false,"template":"","format":"standard","meta":[],"categories":[1],"tags":[2293],"acf":[],"yoast_head":"<!-- This site is optimized with the Yoast SEO plugin v19.2 - https:\/\/yoast.com\/wordpress\/plugins\/seo\/ -->\n<title>F\u00e9, supera\u00e7\u00e3o e luta para construir redes de apoio s\u00e3o marcas da 18\u00aa Romaria das Pessoas com Defici\u00eancia - Not\u00edcias - Franciscanos<\/title>\n<meta name=\"robots\" content=\"index, follow, max-snippet:-1, max-image-preview:large, max-video-preview:-1\" \/>\n<link rel=\"canonical\" href=\"https:\/\/franciscanos.org.br\/noticias\/fe-superacao-e-luta-para-construir-redes-de-apoio-sao-marcas-da-18a-romaria-das-pessoas-com-deficiencia.html\" \/>\n<meta property=\"og:locale\" content=\"pt_BR\" \/>\n<meta property=\"og:type\" content=\"article\" \/>\n<meta property=\"og:title\" content=\"F\u00e9, supera\u00e7\u00e3o e luta para construir redes de apoio s\u00e3o marcas da 18\u00aa Romaria das Pessoas com Defici\u00eancia - Not\u00edcias - Franciscanos\" \/>\n<meta property=\"og:description\" content=\"Festa da Penha 2025\" \/>\n<meta property=\"og:url\" content=\"https:\/\/franciscanos.org.br\/noticias\/fe-superacao-e-luta-para-construir-redes-de-apoio-sao-marcas-da-18a-romaria-das-pessoas-com-deficiencia.html\" \/>\n<meta property=\"og:site_name\" content=\"Not\u00edcias - Franciscanos\" \/>\n<meta property=\"article:published_time\" content=\"2025-04-26T13:30:11+00:00\" \/>\n<meta property=\"article:modified_time\" content=\"2025-04-26T16:27:35+00:00\" \/>\n<meta property=\"og:image\" content=\"https:\/\/franciscanos.org.br\/noticias\/wp-content\/uploads\/2025\/04\/PENHA_260425_DESTACADA.jpg\" \/>\n\t<meta property=\"og:image:width\" content=\"800\" \/>\n\t<meta property=\"og:image:height\" content=\"550\" \/>\n\t<meta property=\"og:image:type\" content=\"image\/jpeg\" \/>\n<meta name=\"author\" content=\"freiaugusto\" \/>\n<meta name=\"twitter:card\" content=\"summary_large_image\" \/>\n<meta name=\"twitter:label1\" content=\"Escrito por\" \/>\n\t<meta name=\"twitter:data1\" content=\"freiaugusto\" \/>\n\t<meta name=\"twitter:label2\" content=\"Est. tempo de leitura\" \/>\n\t<meta name=\"twitter:data2\" content=\"5 minutos\" \/>\n<script type=\"application\/ld+json\" class=\"yoast-schema-graph\">{\"@context\":\"https:\/\/schema.org\",\"@graph\":[{\"@type\":\"WebSite\",\"@id\":\"https:\/\/franciscanos.org.br\/noticias\/#website\",\"url\":\"https:\/\/franciscanos.org.br\/noticias\/\",\"name\":\"Not\u00edcias - Franciscanos\",\"description\":\"Prov\u00edncia Franciscana da Imaculada Concei\u00e7\u00e3o do Brasil - Ordem dos Frades Menores - OFM\",\"potentialAction\":[{\"@type\":\"SearchAction\",\"target\":{\"@type\":\"EntryPoint\",\"urlTemplate\":\"https:\/\/franciscanos.org.br\/noticias\/?s={search_term_string}\"},\"query-input\":\"required name=search_term_string\"}],\"inLanguage\":\"pt-BR\"},{\"@type\":\"ImageObject\",\"inLanguage\":\"pt-BR\",\"@id\":\"https:\/\/franciscanos.org.br\/noticias\/fe-superacao-e-luta-para-construir-redes-de-apoio-sao-marcas-da-18a-romaria-das-pessoas-com-deficiencia.html#primaryimage\",\"url\":\"https:\/\/franciscanos.org.br\/noticias\/wp-content\/uploads\/2025\/04\/PENHA_260425_DESTACADA.jpg\",\"contentUrl\":\"https:\/\/franciscanos.org.br\/noticias\/wp-content\/uploads\/2025\/04\/PENHA_260425_DESTACADA.jpg\",\"width\":800,\"height\":550},{\"@type\":\"WebPage\",\"@id\":\"https:\/\/franciscanos.org.br\/noticias\/fe-superacao-e-luta-para-construir-redes-de-apoio-sao-marcas-da-18a-romaria-das-pessoas-com-deficiencia.html#webpage\",\"url\":\"https:\/\/franciscanos.org.br\/noticias\/fe-superacao-e-luta-para-construir-redes-de-apoio-sao-marcas-da-18a-romaria-das-pessoas-com-deficiencia.html\",\"name\":\"F\u00e9, supera\u00e7\u00e3o e luta para construir redes de apoio s\u00e3o marcas da 18\u00aa Romaria das Pessoas com Defici\u00eancia - Not\u00edcias - Franciscanos\",\"isPartOf\":{\"@id\":\"https:\/\/franciscanos.org.br\/noticias\/#website\"},\"primaryImageOfPage\":{\"@id\":\"https:\/\/franciscanos.org.br\/noticias\/fe-superacao-e-luta-para-construir-redes-de-apoio-sao-marcas-da-18a-romaria-das-pessoas-com-deficiencia.html#primaryimage\"},\"datePublished\":\"2025-04-26T13:30:11+00:00\",\"dateModified\":\"2025-04-26T16:27:35+00:00\",\"author\":{\"@id\":\"https:\/\/franciscanos.org.br\/noticias\/#\/schema\/person\/37f88f0d111cd5358b12a6556a99eb91\"},\"breadcrumb\":{\"@id\":\"https:\/\/franciscanos.org.br\/noticias\/fe-superacao-e-luta-para-construir-redes-de-apoio-sao-marcas-da-18a-romaria-das-pessoas-com-deficiencia.html#breadcrumb\"},\"inLanguage\":\"pt-BR\",\"potentialAction\":[{\"@type\":\"ReadAction\",\"target\":[\"https:\/\/franciscanos.org.br\/noticias\/fe-superacao-e-luta-para-construir-redes-de-apoio-sao-marcas-da-18a-romaria-das-pessoas-com-deficiencia.html\"]}]},{\"@type\":\"BreadcrumbList\",\"@id\":\"https:\/\/franciscanos.org.br\/noticias\/fe-superacao-e-luta-para-construir-redes-de-apoio-sao-marcas-da-18a-romaria-das-pessoas-com-deficiencia.html#breadcrumb\",\"itemListElement\":[{\"@type\":\"ListItem\",\"position\":1,\"name\":\"Home\",\"item\":\"https:\/\/franciscanos.org.br\/noticias\"},{\"@type\":\"ListItem\",\"position\":2,\"name\":\"F\u00e9, supera\u00e7\u00e3o e luta para construir redes de apoio s\u00e3o marcas da 18\u00aa Romaria das Pessoas com Defici\u00eancia\"}]},{\"@type\":\"Person\",\"@id\":\"https:\/\/franciscanos.org.br\/noticias\/#\/schema\/person\/37f88f0d111cd5358b12a6556a99eb91\",\"name\":\"freiaugusto\",\"image\":{\"@type\":\"ImageObject\",\"inLanguage\":\"pt-BR\",\"@id\":\"https:\/\/franciscanos.org.br\/noticias\/#\/schema\/person\/image\/\",\"url\":\"https:\/\/secure.gravatar.com\/avatar\/9840b940e621801b24f3e6b059efb4b7?s=96&d=mm&r=g\",\"contentUrl\":\"https:\/\/secure.gravatar.com\/avatar\/9840b940e621801b24f3e6b059efb4b7?s=96&d=mm&r=g\",\"caption\":\"freiaugusto\"},\"url\":\"https:\/\/franciscanos.org.br\/noticias\/author\/freiaugusto\"}]}<\/script>\n<!-- \/ Yoast SEO plugin. -->","yoast_head_json":{"title":"F\u00e9, supera\u00e7\u00e3o e luta para construir redes de apoio s\u00e3o marcas da 18\u00aa Romaria das Pessoas com Defici\u00eancia - Not\u00edcias - Franciscanos","robots":{"index":"index","follow":"follow","max-snippet":"max-snippet:-1","max-image-preview":"max-image-preview:large","max-video-preview":"max-video-preview:-1"},"canonical":"https:\/\/franciscanos.org.br\/noticias\/fe-superacao-e-luta-para-construir-redes-de-apoio-sao-marcas-da-18a-romaria-das-pessoas-com-deficiencia.html","og_locale":"pt_BR","og_type":"article","og_title":"F\u00e9, supera\u00e7\u00e3o e luta para construir redes de apoio s\u00e3o marcas da 18\u00aa Romaria das Pessoas com Defici\u00eancia - Not\u00edcias - Franciscanos","og_description":"Festa da Penha 2025","og_url":"https:\/\/franciscanos.org.br\/noticias\/fe-superacao-e-luta-para-construir-redes-de-apoio-sao-marcas-da-18a-romaria-das-pessoas-com-deficiencia.html","og_site_name":"Not\u00edcias - Franciscanos","article_published_time":"2025-04-26T13:30:11+00:00","article_modified_time":"2025-04-26T16:27:35+00:00","og_image":[{"width":800,"height":550,"url":"https:\/\/franciscanos.org.br\/noticias\/wp-content\/uploads\/2025\/04\/PENHA_260425_DESTACADA.jpg","type":"image\/jpeg"}],"author":"freiaugusto","twitter_card":"summary_large_image","twitter_misc":{"Escrito por":"freiaugusto","Est. tempo de leitura":"5 minutos"},"schema":{"@context":"https:\/\/schema.org","@graph":[{"@type":"WebSite","@id":"https:\/\/franciscanos.org.br\/noticias\/#website","url":"https:\/\/franciscanos.org.br\/noticias\/","name":"Not\u00edcias - Franciscanos","description":"Prov\u00edncia Franciscana da Imaculada Concei\u00e7\u00e3o do Brasil - Ordem dos Frades Menores - OFM","potentialAction":[{"@type":"SearchAction","target":{"@type":"EntryPoint","urlTemplate":"https:\/\/franciscanos.org.br\/noticias\/?s={search_term_string}"},"query-input":"required name=search_term_string"}],"inLanguage":"pt-BR"},{"@type":"ImageObject","inLanguage":"pt-BR","@id":"https:\/\/franciscanos.org.br\/noticias\/fe-superacao-e-luta-para-construir-redes-de-apoio-sao-marcas-da-18a-romaria-das-pessoas-com-deficiencia.html#primaryimage","url":"https:\/\/franciscanos.org.br\/noticias\/wp-content\/uploads\/2025\/04\/PENHA_260425_DESTACADA.jpg","contentUrl":"https:\/\/franciscanos.org.br\/noticias\/wp-content\/uploads\/2025\/04\/PENHA_260425_DESTACADA.jpg","width":800,"height":550},{"@type":"WebPage","@id":"https:\/\/franciscanos.org.br\/noticias\/fe-superacao-e-luta-para-construir-redes-de-apoio-sao-marcas-da-18a-romaria-das-pessoas-com-deficiencia.html#webpage","url":"https:\/\/franciscanos.org.br\/noticias\/fe-superacao-e-luta-para-construir-redes-de-apoio-sao-marcas-da-18a-romaria-das-pessoas-com-deficiencia.html","name":"F\u00e9, supera\u00e7\u00e3o e luta para construir redes de apoio s\u00e3o marcas da 18\u00aa Romaria das Pessoas com Defici\u00eancia - Not\u00edcias - Franciscanos","isPartOf":{"@id":"https:\/\/franciscanos.org.br\/noticias\/#website"},"primaryImageOfPage":{"@id":"https:\/\/franciscanos.org.br\/noticias\/fe-superacao-e-luta-para-construir-redes-de-apoio-sao-marcas-da-18a-romaria-das-pessoas-com-deficiencia.html#primaryimage"},"datePublished":"2025-04-26T13:30:11+00:00","dateModified":"2025-04-26T16:27:35+00:00","author":{"@id":"https:\/\/franciscanos.org.br\/noticias\/#\/schema\/person\/37f88f0d111cd5358b12a6556a99eb91"},"breadcrumb":{"@id":"https:\/\/franciscanos.org.br\/noticias\/fe-superacao-e-luta-para-construir-redes-de-apoio-sao-marcas-da-18a-romaria-das-pessoas-com-deficiencia.html#breadcrumb"},"inLanguage":"pt-BR","potentialAction":[{"@type":"ReadAction","target":["https:\/\/franciscanos.org.br\/noticias\/fe-superacao-e-luta-para-construir-redes-de-apoio-sao-marcas-da-18a-romaria-das-pessoas-com-deficiencia.html"]}]},{"@type":"BreadcrumbList","@id":"https:\/\/franciscanos.org.br\/noticias\/fe-superacao-e-luta-para-construir-redes-de-apoio-sao-marcas-da-18a-romaria-das-pessoas-com-deficiencia.html#breadcrumb","itemListElement":[{"@type":"ListItem","position":1,"name":"Home","item":"https:\/\/franciscanos.org.br\/noticias"},{"@type":"ListItem","position":2,"name":"F\u00e9, supera\u00e7\u00e3o e luta para construir redes de apoio s\u00e3o marcas da 18\u00aa Romaria das Pessoas com Defici\u00eancia"}]},{"@type":"Person","@id":"https:\/\/franciscanos.org.br\/noticias\/#\/schema\/person\/37f88f0d111cd5358b12a6556a99eb91","name":"freiaugusto","image":{"@type":"ImageObject","inLanguage":"pt-BR","@id":"https:\/\/franciscanos.org.br\/noticias\/#\/schema\/person\/image\/","url":"https:\/\/secure.gravatar.com\/avatar\/9840b940e621801b24f3e6b059efb4b7?s=96&d=mm&r=g","contentUrl":"https:\/\/secure.gravatar.com\/avatar\/9840b940e621801b24f3e6b059efb4b7?s=96&d=mm&r=g","caption":"freiaugusto"},"url":"https:\/\/franciscanos.org.br\/noticias\/author\/freiaugusto"}]}},"_links":{"self":[{"href":"https:\/\/franciscanos.org.br\/noticias\/wp-json\/wp\/v2\/posts\/256522"}],"collection":[{"href":"https:\/\/franciscanos.org.br\/noticias\/wp-json\/wp\/v2\/posts"}],"about":[{"href":"https:\/\/franciscanos.org.br\/noticias\/wp-json\/wp\/v2\/types\/post"}],"author":[{"embeddable":true,"href":"https:\/\/franciscanos.org.br\/noticias\/wp-json\/wp\/v2\/users\/5"}],"replies":[{"embeddable":true,"href":"https:\/\/franciscanos.org.br\/noticias\/wp-json\/wp\/v2\/comments?post=256522"}],"version-history":[{"count":4,"href":"https:\/\/franciscanos.org.br\/noticias\/wp-json\/wp\/v2\/posts\/256522\/revisions"}],"predecessor-version":[{"id":256560,"href":"https:\/\/franciscanos.org.br\/noticias\/wp-json\/wp\/v2\/posts\/256522\/revisions\/256560"}],"wp:featuredmedia":[{"embeddable":true,"href":"https:\/\/franciscanos.org.br\/noticias\/wp-json\/wp\/v2\/media\/256552"}],"wp:attachment":[{"href":"https:\/\/franciscanos.org.br\/noticias\/wp-json\/wp\/v2\/media?parent=256522"}],"wp:term":[{"taxonomy":"category","embeddable":true,"href":"https:\/\/franciscanos.org.br\/noticias\/wp-json\/wp\/v2\/categories?post=256522"},{"taxonomy":"post_tag","embeddable":true,"href":"https:\/\/franciscanos.org.br\/noticias\/wp-json\/wp\/v2\/tags?post=256522"}],"curies":[{"name":"wp","href":"https:\/\/api.w.org\/{rel}","templated":true}]}}