{"id":256511,"date":"2025-04-26T13:07:07","date_gmt":"2025-04-26T16:07:07","guid":{"rendered":"https:\/\/franciscanos.org.br\/noticias\/?p=256511"},"modified":"2025-04-26T14:45:26","modified_gmt":"2025-04-26T17:45:26","slug":"adolescentes-sao-flores-no-jardim-de-nossa-senhora-diz-frei-gustavo-medella-na-romaria-dos-adolescentes","status":"publish","type":"post","link":"https:\/\/franciscanos.org.br\/noticias\/adolescentes-sao-flores-no-jardim-de-nossa-senhora-diz-frei-gustavo-medella-na-romaria-dos-adolescentes.html","title":{"rendered":"\u201cAdolescentes s\u00e3o flores no jardim de Nossa Senhora\u201d, diz Frei Gustavo Medella na Romaria dos Adolescentes"},"content":{"rendered":"<p><img loading=\"lazy\" class=\"aligncenter wp-image-256514 size-full\" src=\"https:\/\/franciscanos.org.br\/noticias\/wp-content\/uploads\/2025\/04\/PENHA_260425_DESTAQUE05.jpg\" alt=\"\" width=\"1280\" height=\"720\" srcset=\"https:\/\/franciscanos.org.br\/noticias\/wp-content\/uploads\/2025\/04\/PENHA_260425_DESTAQUE05.jpg 1280w, https:\/\/franciscanos.org.br\/noticias\/wp-content\/uploads\/2025\/04\/PENHA_260425_DESTAQUE05-450x253.jpg 450w, https:\/\/franciscanos.org.br\/noticias\/wp-content\/uploads\/2025\/04\/PENHA_260425_DESTAQUE05-1024x576.jpg 1024w, https:\/\/franciscanos.org.br\/noticias\/wp-content\/uploads\/2025\/04\/PENHA_260425_DESTAQUE05-768x432.jpg 768w, https:\/\/franciscanos.org.br\/noticias\/wp-content\/uploads\/2025\/04\/PENHA_260425_DESTAQUE05-150x84.jpg 150w\" sizes=\"(max-width: 1280px) 100vw, 1280px\" \/><\/p>\n<p style=\"font-weight: 400;\"><strong>Vila Velha (ES) &#8211;<\/strong> No 7\u00ba dia da Festa da Penha, neste s\u00e1bado, 26 de abril, o Convento da Penha foi tomado pela alegria, pela f\u00e9 e pelo entusiasmo de milhares de participantes da tradicional Romaria dos Adolescentes.<\/p>\n<p style=\"font-weight: 400;\">A caminhada come\u00e7ou no Parque da Prainha, em Vila Velha (ES), onde os jovens se reuniram para come\u00e7ar a rezar e meditar os Mist\u00e9rios Gozosos do Santo Ter\u00e7o &#8211; a encarna\u00e7\u00e3o do Filho de Deus, a visita\u00e7\u00e3o de Nossa Senhora a Santa Isabel, o nascimento do Salvador, a apresenta\u00e7\u00e3o do Menino Jesus no templo e o encontro de Jesus entre os doutores. Cada passo dado na ladeira do Convento foi permeado por ora\u00e7\u00e3o, reflex\u00e3o e o esp\u00edrito juvenil de quem busca, com f\u00e9, um mundo melhor.<\/p>\n<p style=\"font-weight: 400;\">A Celebra\u00e7\u00e3o Eucar\u00edstica, no Campinho do Convento, foi presidida por Dom Andherson Franklin Lustosa de Souza, Bispo Auxiliar da Arquidiocese de Vit\u00f3ria, que fez quest\u00e3o de subir a p\u00e9 a ladeira, junto com os adolescentes e seus acompanhantes e respons\u00e1veis.<\/p>\n<p><img loading=\"lazy\" class=\"aligncenter wp-image-256513 size-full\" src=\"https:\/\/franciscanos.org.br\/noticias\/wp-content\/uploads\/2025\/04\/PENHA_260425_DESTAQUE02.jpg\" alt=\"\" width=\"1279\" height=\"720\" srcset=\"https:\/\/franciscanos.org.br\/noticias\/wp-content\/uploads\/2025\/04\/PENHA_260425_DESTAQUE02.jpg 1279w, https:\/\/franciscanos.org.br\/noticias\/wp-content\/uploads\/2025\/04\/PENHA_260425_DESTAQUE02-450x253.jpg 450w, https:\/\/franciscanos.org.br\/noticias\/wp-content\/uploads\/2025\/04\/PENHA_260425_DESTAQUE02-1024x576.jpg 1024w, https:\/\/franciscanos.org.br\/noticias\/wp-content\/uploads\/2025\/04\/PENHA_260425_DESTAQUE02-768x432.jpg 768w, https:\/\/franciscanos.org.br\/noticias\/wp-content\/uploads\/2025\/04\/PENHA_260425_DESTAQUE02-150x84.jpg 150w\" sizes=\"(max-width: 1279px) 100vw, 1279px\" \/><\/p>\n<p style=\"font-weight: 400;\">Logo na acolhida, Frei Gustavo Medella, vig\u00e1rio provincial da Prov\u00edncia da Imaculada Concei\u00e7\u00e3o, emocionou a todos com palavras que arrancaram sorrisos, aplausos e l\u00e1grimas de gratid\u00e3o:<\/p>\n<p style=\"font-weight: 400;\">\u201cMuito obrigado pela presen\u00e7a, Padre Lucas, Padre Bruce Willis, Padre Vicente, seminaristas e todos os que est\u00e3o aqui presentes, coroinhas, a servi\u00e7o dessa liturgia, muito, muito obrigado. Acolhida especial a voc\u00eas tamb\u00e9m, irm\u00e3os e irm\u00e3s, adolescentes, e eu quero agora ent\u00e3o, como gesto de acolhida alegre, fraterna, entusiasmada, bem ao estilo do jovem e do adolescente, pedir tr\u00eas salvas de palmas. Todas tr\u00eas, muito animadas. Vamos l\u00e1, a primeira. A primeira a voc\u00eas, adolescentes. Voc\u00eas tornam esse convento muito mais bonito. Como aos p\u00e9s de Nossa Senhora n\u00f3s temos essas flores, cada um de voc\u00eas \u00e9 uma flor, n\u00e3o importa a cor, o tamanho, a mentalidade, todos somos queridos, amados por Deus e enfeitamos o jardim de Deus. Por isso, para voc\u00eas, uma imensa salva de palmas\u201d.<\/p>\n<p><img loading=\"lazy\" class=\"aligncenter wp-image-256515 size-full\" src=\"https:\/\/franciscanos.org.br\/noticias\/wp-content\/uploads\/2025\/04\/PENHA_260425_DESTAQUE01.jpg\" alt=\"\" width=\"1280\" height=\"720\" srcset=\"https:\/\/franciscanos.org.br\/noticias\/wp-content\/uploads\/2025\/04\/PENHA_260425_DESTAQUE01.jpg 1280w, https:\/\/franciscanos.org.br\/noticias\/wp-content\/uploads\/2025\/04\/PENHA_260425_DESTAQUE01-450x253.jpg 450w, https:\/\/franciscanos.org.br\/noticias\/wp-content\/uploads\/2025\/04\/PENHA_260425_DESTAQUE01-1024x576.jpg 1024w, https:\/\/franciscanos.org.br\/noticias\/wp-content\/uploads\/2025\/04\/PENHA_260425_DESTAQUE01-768x432.jpg 768w, https:\/\/franciscanos.org.br\/noticias\/wp-content\/uploads\/2025\/04\/PENHA_260425_DESTAQUE01-150x84.jpg 150w\" sizes=\"(max-width: 1280px) 100vw, 1280px\" \/><\/p>\n<p style=\"font-weight: 400;\">Frei Gustavo continuou, pedindo uma segunda salva de palmas para catequistas e lideran\u00e7as que dedicam sua vida a acompanhar adolescentes na f\u00e9: \u201cMesmo n\u00e3o tendo mais a idade de voc\u00eas, a energia de voc\u00eas, essa gente faz um trabalho de her\u00f3i e por isso merece a nossa gratid\u00e3o, o nosso carinho e o nosso aplauso, todos os catequistas e aqueles que trabalham com os adolescentes. Muito obrigado\u201d.<\/p>\n<p style=\"font-weight: 400;\">E, por fim, homenageou aquele que chamou os jovens a \u201cfazerem bagun\u00e7a santa\u201d na Igreja: \u201cA terceira salva de palmas \u00e9 para um grande amigo dos jovens e dos adolescentes. E agora j\u00e1 \u00e9 de voc\u00eas um intercessor no c\u00e9u. Ele pede a voc\u00eas que deem trabalho para a Igreja, que causem uma revolu\u00e7\u00e3o dentro da Igreja, que saiam e sejam testemunhas da Igreja. O nosso amado e j\u00e1 muito saudoso Papa Francisco\u201d.<\/p>\n<p style=\"font-weight: 400;\"><strong>\u201cCom voc\u00eas, este Campinho est\u00e1 mais bonito\u201d<\/strong><\/p>\n<p><img loading=\"lazy\" class=\"aligncenter wp-image-256516 size-full\" src=\"https:\/\/franciscanos.org.br\/noticias\/wp-content\/uploads\/2025\/04\/PENHA_260425_DESTAQUE04.jpg\" alt=\"\" width=\"1280\" height=\"720\" srcset=\"https:\/\/franciscanos.org.br\/noticias\/wp-content\/uploads\/2025\/04\/PENHA_260425_DESTAQUE04.jpg 1280w, https:\/\/franciscanos.org.br\/noticias\/wp-content\/uploads\/2025\/04\/PENHA_260425_DESTAQUE04-450x253.jpg 450w, https:\/\/franciscanos.org.br\/noticias\/wp-content\/uploads\/2025\/04\/PENHA_260425_DESTAQUE04-1024x576.jpg 1024w, https:\/\/franciscanos.org.br\/noticias\/wp-content\/uploads\/2025\/04\/PENHA_260425_DESTAQUE04-768x432.jpg 768w, https:\/\/franciscanos.org.br\/noticias\/wp-content\/uploads\/2025\/04\/PENHA_260425_DESTAQUE04-150x84.jpg 150w\" sizes=\"(max-width: 1280px) 100vw, 1280px\" \/><\/p>\n<p style=\"font-weight: 400;\">A acolhida calorosa de Frei Gustavo preparou o esp\u00edrito dos adolescentes para a homilia de Dom Andherson, que iniciou agradecendo a presen\u00e7a de todos, saudando os padres, seminaristas e fi\u00e9is, e compartilhando uma experi\u00eancia pessoal:<\/p>\n<p style=\"font-weight: 400;\">\u201cEu digo a voc\u00eas, e muitos j\u00e1 sabem, eu sou fruto de um cuidado como esse que voc\u00eas t\u00eam. Eu ainda tinha 16 anos, n\u00e3o participava da vida de f\u00e9. E eu falo isso para voc\u00eas tamb\u00e9m, adolescentes. N\u00e3o participava da Igreja, mas quando voltei, uma pessoa generosa me acolheu, me acompanhou, me ofereceu o maior tesouro da minha vida\u201d.<\/p>\n<p style=\"font-weight: 400;\">Dom Andherson destacou a import\u00e2ncia dos adultos que, com generosidade, investem tempo e carinho no acompanhamento espiritual dos adolescentes: \u201cVoc\u00eas fazem um bem a eles e \u00e0 Igreja. Voc\u00eas comunicam um tesouro que n\u00e3o tem pre\u00e7o e muda a hist\u00f3ria da vida de cada um. E ao mudar a hist\u00f3ria da vida deles, muda a hist\u00f3ria de sua fam\u00edlia, de sua comunidade, muda a hist\u00f3ria do mundo\u201d.<\/p>\n<p><img loading=\"lazy\" class=\"aligncenter wp-image-256519 size-full\" src=\"https:\/\/franciscanos.org.br\/noticias\/wp-content\/uploads\/2025\/04\/PENHA_260425_DESTAQUE06.jpg\" alt=\"\" width=\"1280\" height=\"720\" srcset=\"https:\/\/franciscanos.org.br\/noticias\/wp-content\/uploads\/2025\/04\/PENHA_260425_DESTAQUE06.jpg 1280w, https:\/\/franciscanos.org.br\/noticias\/wp-content\/uploads\/2025\/04\/PENHA_260425_DESTAQUE06-450x253.jpg 450w, https:\/\/franciscanos.org.br\/noticias\/wp-content\/uploads\/2025\/04\/PENHA_260425_DESTAQUE06-1024x576.jpg 1024w, https:\/\/franciscanos.org.br\/noticias\/wp-content\/uploads\/2025\/04\/PENHA_260425_DESTAQUE06-768x432.jpg 768w, https:\/\/franciscanos.org.br\/noticias\/wp-content\/uploads\/2025\/04\/PENHA_260425_DESTAQUE06-150x84.jpg 150w\" sizes=\"(max-width: 1280px) 100vw, 1280px\" \/><\/p>\n<p style=\"font-weight: 400;\">Com um sorriso no rosto, Dom Andherson exclamou: \u201cMeus amados adolescentes, como disse hoje, este Campinho est\u00e1 mais bonito! A Igreja da Arquidiocese de Vit\u00f3ria, o Estado inteiro, tem hoje um cora\u00e7\u00e3o adolescente que ama a Cristo!\u201d<\/p>\n<p style=\"font-weight: 400;\">Inspirado pelo Evangelho, o bispo lembrou a todos a grande miss\u00e3o dada por Jesus: \u201cMaria, na imagem da Virgem da Penha, tem por primeiro o menino, por primeiro n\u00f3s o vemos e ao v\u00ea-lo, n\u00f3s a encontramos, pois ela nos apresenta a Cristo e diz: \u2018Fazei tudo o que Ele vos disser\u2019\u201d,<\/p>\n<p style=\"font-weight: 400;\">E explicou que a ordem de Jesus, \u201cIde pelo mundo inteiro e anunciai o Evangelho a toda criatura\u201d, \u00e9 um chamado para todos, inclusive para os adolescentes: \u201cN\u00f3s nascemos pelo batismo mission\u00e1rios. O crist\u00e3o cat\u00f3lico que compreende o seu batismo diz: \u2018Eu sou batizado, eu sou crist\u00e3o, disc\u00edpulo de Cristo, mission\u00e1rio do Evangelho\u2019\u201d.<\/p>\n<p style=\"font-weight: 400;\">Dom Andherson fez um apelo para que os adolescentes vivam sua miss\u00e3o em casa, na escola, nas redes sociais: \u201cHoje, as pessoas est\u00e3o com sede de Deus, sede de generosidade, sede de amor e compaix\u00e3o, sede da ternura que vem da M\u00e3e, sede de um olhar que nos alcan\u00e7a, onde parece que ningu\u00e9m nos v\u00ea\u201d.<\/p>\n<p><img loading=\"lazy\" class=\"aligncenter wp-image-256512 size-full\" src=\"https:\/\/franciscanos.org.br\/noticias\/wp-content\/uploads\/2025\/04\/PENHA_260425_DESTAQUE03.jpg\" alt=\"\" width=\"1280\" height=\"720\" srcset=\"https:\/\/franciscanos.org.br\/noticias\/wp-content\/uploads\/2025\/04\/PENHA_260425_DESTAQUE03.jpg 1280w, https:\/\/franciscanos.org.br\/noticias\/wp-content\/uploads\/2025\/04\/PENHA_260425_DESTAQUE03-450x253.jpg 450w, https:\/\/franciscanos.org.br\/noticias\/wp-content\/uploads\/2025\/04\/PENHA_260425_DESTAQUE03-1024x576.jpg 1024w, https:\/\/franciscanos.org.br\/noticias\/wp-content\/uploads\/2025\/04\/PENHA_260425_DESTAQUE03-768x432.jpg 768w, https:\/\/franciscanos.org.br\/noticias\/wp-content\/uploads\/2025\/04\/PENHA_260425_DESTAQUE03-150x84.jpg 150w\" sizes=\"(max-width: 1280px) 100vw, 1280px\" \/><\/p>\n<p style=\"font-weight: 400;\">E reafirmou com for\u00e7a: \u201cO cora\u00e7\u00e3o do Evangelho \u00e9 Cristo! O Senhor gostaria muito que n\u00f3s desc\u00eassemos aqui do Campinho, primeiro com uma verdade: Eu sou batizado, eu sou crist\u00e3o, eu sou disc\u00edpulo, eu sou mission\u00e1rio\u201d.<\/p>\n<p style=\"font-weight: 400;\">\u201cAdolescente, creia e coloque no teu cora\u00e7\u00e3o esta verdade que hoje deve nos iluminar: Jesus nos trouxe aqui para que junto com sua m\u00e3e aprendamos a fazer aquilo que Ele disser a n\u00f3s. E hoje Ele diz essa palavra que deve ser como uma luz no nosso cora\u00e7\u00e3o: Ide pelo mundo inteiro, anunciai o Evangelho a toda criatura\u201d, frisou.<\/p>\n<p style=\"font-weight: 400;\">Antes de concluir, Dom Andherson convidou todos a fazerem um instante de sil\u00eancio, respondendo a Deus: \u201cSim Senhor, contigo eu quero ir ao mundo inteiro, anunciar o Evangelho a toda criatura\u201d.<\/p>\n<hr \/>\n<p><strong>Equipe de comunica\u00e7\u00e3o da Festa da Penha:<\/strong><br \/>\n<em>Frei Augusto Luiz Gabriel, Frei Gustavo Medella, Frei Roger Strapazzon<\/em><\/p>\n\n\t\t<style type=\"text\/css\">\n\t\t\t#gallery-1 {\n\t\t\t\tmargin: auto;\n\t\t\t}\n\t\t\t#gallery-1 .gallery-item {\n\t\t\t\tfloat: left;\n\t\t\t\tmargin-top: 10px;\n\t\t\t\ttext-align: center;\n\t\t\t\twidth: 25%;\n\t\t\t}\n\t\t\t#gallery-1 img {\n\t\t\t\tborder: 2px solid #cfcfcf;\n\t\t\t}\n\t\t\t#gallery-1 .gallery-caption {\n\t\t\t\tmargin-left: 0;\n\t\t\t}\n\t\t\t\/* see gallery_shortcode() in wp-includes\/media.php *\/\n\t\t<\/style>\n\t\t<div id='gallery-1' class='gallery galleryid-256511 gallery-columns-4 gallery-size-thumbnail'><dl class='gallery-item'>\n\t\t\t<dt class='gallery-icon landscape'>\n\t\t\t\t<a href='https:\/\/franciscanos.org.br\/noticias\/wp-content\/uploads\/2025\/04\/IMG_5531.jpg'><img width=\"300\" height=\"300\" src=\"https:\/\/franciscanos.org.br\/noticias\/wp-content\/uploads\/2025\/04\/IMG_5531-300x300.jpg\" class=\"attachment-thumbnail size-thumbnail\" alt=\"\" loading=\"lazy\" srcset=\"https:\/\/franciscanos.org.br\/noticias\/wp-content\/uploads\/2025\/04\/IMG_5531-300x300.jpg 300w, https:\/\/franciscanos.org.br\/noticias\/wp-content\/uploads\/2025\/04\/IMG_5531-100x100.jpg 100w\" sizes=\"(max-width: 300px) 100vw, 300px\" \/><\/a>\n\t\t\t<\/dt><\/dl><dl class='gallery-item'>\n\t\t\t<dt class='gallery-icon landscape'>\n\t\t\t\t<a href='https:\/\/franciscanos.org.br\/noticias\/wp-content\/uploads\/2025\/04\/IMG_6677.jpg'><img width=\"300\" height=\"300\" src=\"https:\/\/franciscanos.org.br\/noticias\/wp-content\/uploads\/2025\/04\/IMG_6677-300x300.jpg\" class=\"attachment-thumbnail size-thumbnail\" alt=\"\" loading=\"lazy\" srcset=\"https:\/\/franciscanos.org.br\/noticias\/wp-content\/uploads\/2025\/04\/IMG_6677-300x300.jpg 300w, https:\/\/franciscanos.org.br\/noticias\/wp-content\/uploads\/2025\/04\/IMG_6677-100x100.jpg 100w\" sizes=\"(max-width: 300px) 100vw, 300px\" \/><\/a>\n\t\t\t<\/dt><\/dl><dl class='gallery-item'>\n\t\t\t<dt class='gallery-icon landscape'>\n\t\t\t\t<a href='https:\/\/franciscanos.org.br\/noticias\/wp-content\/uploads\/2025\/04\/IMG_5516.jpg'><img width=\"300\" height=\"300\" src=\"https:\/\/franciscanos.org.br\/noticias\/wp-content\/uploads\/2025\/04\/IMG_5516-300x300.jpg\" class=\"attachment-thumbnail size-thumbnail\" alt=\"\" loading=\"lazy\" srcset=\"https:\/\/franciscanos.org.br\/noticias\/wp-content\/uploads\/2025\/04\/IMG_5516-300x300.jpg 300w, https:\/\/franciscanos.org.br\/noticias\/wp-content\/uploads\/2025\/04\/IMG_5516-100x100.jpg 100w\" sizes=\"(max-width: 300px) 100vw, 300px\" \/><\/a>\n\t\t\t<\/dt><\/dl><dl class='gallery-item'>\n\t\t\t<dt class='gallery-icon landscape'>\n\t\t\t\t<a href='https:\/\/franciscanos.org.br\/noticias\/wp-content\/uploads\/2025\/04\/IMG_5539.jpg'><img width=\"300\" height=\"300\" src=\"https:\/\/franciscanos.org.br\/noticias\/wp-content\/uploads\/2025\/04\/IMG_5539-300x300.jpg\" class=\"attachment-thumbnail size-thumbnail\" alt=\"\" loading=\"lazy\" srcset=\"https:\/\/franciscanos.org.br\/noticias\/wp-content\/uploads\/2025\/04\/IMG_5539-300x300.jpg 300w, https:\/\/franciscanos.org.br\/noticias\/wp-content\/uploads\/2025\/04\/IMG_5539-100x100.jpg 100w\" sizes=\"(max-width: 300px) 100vw, 300px\" \/><\/a>\n\t\t\t<\/dt><\/dl><br style=\"clear: both\" \/><dl class='gallery-item'>\n\t\t\t<dt class='gallery-icon landscape'>\n\t\t\t\t<a href='https:\/\/franciscanos.org.br\/noticias\/wp-content\/uploads\/2025\/04\/IMG_5510.jpg'><img width=\"300\" height=\"300\" src=\"https:\/\/franciscanos.org.br\/noticias\/wp-content\/uploads\/2025\/04\/IMG_5510-300x300.jpg\" class=\"attachment-thumbnail size-thumbnail\" alt=\"\" loading=\"lazy\" srcset=\"https:\/\/franciscanos.org.br\/noticias\/wp-content\/uploads\/2025\/04\/IMG_5510-300x300.jpg 300w, https:\/\/franciscanos.org.br\/noticias\/wp-content\/uploads\/2025\/04\/IMG_5510-100x100.jpg 100w\" sizes=\"(max-width: 300px) 100vw, 300px\" \/><\/a>\n\t\t\t<\/dt><\/dl><dl class='gallery-item'>\n\t\t\t<dt class='gallery-icon landscape'>\n\t\t\t\t<a href='https:\/\/franciscanos.org.br\/noticias\/wp-content\/uploads\/2025\/04\/IMG_5478.jpg'><img width=\"300\" height=\"300\" src=\"https:\/\/franciscanos.org.br\/noticias\/wp-content\/uploads\/2025\/04\/IMG_5478-300x300.jpg\" class=\"attachment-thumbnail size-thumbnail\" alt=\"\" loading=\"lazy\" srcset=\"https:\/\/franciscanos.org.br\/noticias\/wp-content\/uploads\/2025\/04\/IMG_5478-300x300.jpg 300w, https:\/\/franciscanos.org.br\/noticias\/wp-content\/uploads\/2025\/04\/IMG_5478-100x100.jpg 100w\" sizes=\"(max-width: 300px) 100vw, 300px\" \/><\/a>\n\t\t\t<\/dt><\/dl><dl class='gallery-item'>\n\t\t\t<dt class='gallery-icon landscape'>\n\t\t\t\t<a href='https:\/\/franciscanos.org.br\/noticias\/wp-content\/uploads\/2025\/04\/IMG_5537.jpg'><img width=\"300\" height=\"300\" src=\"https:\/\/franciscanos.org.br\/noticias\/wp-content\/uploads\/2025\/04\/IMG_5537-300x300.jpg\" class=\"attachment-thumbnail size-thumbnail\" alt=\"\" loading=\"lazy\" srcset=\"https:\/\/franciscanos.org.br\/noticias\/wp-content\/uploads\/2025\/04\/IMG_5537-300x300.jpg 300w, https:\/\/franciscanos.org.br\/noticias\/wp-content\/uploads\/2025\/04\/IMG_5537-100x100.jpg 100w\" sizes=\"(max-width: 300px) 100vw, 300px\" \/><\/a>\n\t\t\t<\/dt><\/dl><dl class='gallery-item'>\n\t\t\t<dt class='gallery-icon landscape'>\n\t\t\t\t<a href='https:\/\/franciscanos.org.br\/noticias\/wp-content\/uploads\/2025\/04\/IMG_5533-1.jpg'><img width=\"300\" height=\"300\" src=\"https:\/\/franciscanos.org.br\/noticias\/wp-content\/uploads\/2025\/04\/IMG_5533-1-300x300.jpg\" class=\"attachment-thumbnail size-thumbnail\" alt=\"\" loading=\"lazy\" srcset=\"https:\/\/franciscanos.org.br\/noticias\/wp-content\/uploads\/2025\/04\/IMG_5533-1-300x300.jpg 300w, https:\/\/franciscanos.org.br\/noticias\/wp-content\/uploads\/2025\/04\/IMG_5533-1-100x100.jpg 100w\" sizes=\"(max-width: 300px) 100vw, 300px\" \/><\/a>\n\t\t\t<\/dt><\/dl><br style=\"clear: both\" \/>\n\t\t<\/div>\n\n","protected":false},"excerpt":{"rendered":"<p>Festa da Penha 2025<\/p>\n","protected":false},"author":5,"featured_media":256516,"comment_status":"open","ping_status":"open","sticky":false,"template":"","format":"standard","meta":[],"categories":[1],"tags":[2293],"acf":[],"yoast_head":"<!-- This site is optimized with the Yoast SEO plugin v19.2 - https:\/\/yoast.com\/wordpress\/plugins\/seo\/ -->\n<title>\u201cAdolescentes s\u00e3o flores no jardim de Nossa Senhora\u201d, diz Frei Gustavo Medella na Romaria dos Adolescentes - Not\u00edcias - Franciscanos<\/title>\n<meta name=\"robots\" content=\"index, follow, max-snippet:-1, max-image-preview:large, max-video-preview:-1\" \/>\n<link rel=\"canonical\" href=\"https:\/\/franciscanos.org.br\/noticias\/adolescentes-sao-flores-no-jardim-de-nossa-senhora-diz-frei-gustavo-medella-na-romaria-dos-adolescentes.html\" \/>\n<meta property=\"og:locale\" content=\"pt_BR\" \/>\n<meta property=\"og:type\" content=\"article\" \/>\n<meta property=\"og:title\" content=\"\u201cAdolescentes s\u00e3o flores no jardim de Nossa Senhora\u201d, diz Frei Gustavo Medella na Romaria dos Adolescentes - Not\u00edcias - Franciscanos\" \/>\n<meta property=\"og:description\" content=\"Festa da Penha 2025\" \/>\n<meta property=\"og:url\" content=\"https:\/\/franciscanos.org.br\/noticias\/adolescentes-sao-flores-no-jardim-de-nossa-senhora-diz-frei-gustavo-medella-na-romaria-dos-adolescentes.html\" \/>\n<meta property=\"og:site_name\" content=\"Not\u00edcias - Franciscanos\" \/>\n<meta property=\"article:published_time\" content=\"2025-04-26T16:07:07+00:00\" \/>\n<meta property=\"article:modified_time\" content=\"2025-04-26T17:45:26+00:00\" \/>\n<meta property=\"og:image\" content=\"https:\/\/franciscanos.org.br\/noticias\/wp-content\/uploads\/2025\/04\/PENHA_260425_DESTAQUE04.jpg\" \/>\n\t<meta property=\"og:image:width\" content=\"1280\" \/>\n\t<meta property=\"og:image:height\" content=\"720\" \/>\n\t<meta property=\"og:image:type\" content=\"image\/jpeg\" \/>\n<meta name=\"author\" content=\"freiaugusto\" \/>\n<meta name=\"twitter:card\" content=\"summary_large_image\" \/>\n<meta name=\"twitter:label1\" content=\"Escrito por\" \/>\n\t<meta name=\"twitter:data1\" content=\"freiaugusto\" \/>\n\t<meta name=\"twitter:label2\" content=\"Est. tempo de leitura\" \/>\n\t<meta name=\"twitter:data2\" content=\"7 minutos\" \/>\n<script type=\"application\/ld+json\" class=\"yoast-schema-graph\">{\"@context\":\"https:\/\/schema.org\",\"@graph\":[{\"@type\":\"WebSite\",\"@id\":\"https:\/\/franciscanos.org.br\/noticias\/#website\",\"url\":\"https:\/\/franciscanos.org.br\/noticias\/\",\"name\":\"Not\u00edcias - Franciscanos\",\"description\":\"Prov\u00edncia Franciscana da Imaculada Concei\u00e7\u00e3o do Brasil - Ordem dos Frades Menores - OFM\",\"potentialAction\":[{\"@type\":\"SearchAction\",\"target\":{\"@type\":\"EntryPoint\",\"urlTemplate\":\"https:\/\/franciscanos.org.br\/noticias\/?s={search_term_string}\"},\"query-input\":\"required name=search_term_string\"}],\"inLanguage\":\"pt-BR\"},{\"@type\":\"ImageObject\",\"inLanguage\":\"pt-BR\",\"@id\":\"https:\/\/franciscanos.org.br\/noticias\/adolescentes-sao-flores-no-jardim-de-nossa-senhora-diz-frei-gustavo-medella-na-romaria-dos-adolescentes.html#primaryimage\",\"url\":\"https:\/\/franciscanos.org.br\/noticias\/wp-content\/uploads\/2025\/04\/PENHA_260425_DESTAQUE04.jpg\",\"contentUrl\":\"https:\/\/franciscanos.org.br\/noticias\/wp-content\/uploads\/2025\/04\/PENHA_260425_DESTAQUE04.jpg\",\"width\":1280,\"height\":720},{\"@type\":\"WebPage\",\"@id\":\"https:\/\/franciscanos.org.br\/noticias\/adolescentes-sao-flores-no-jardim-de-nossa-senhora-diz-frei-gustavo-medella-na-romaria-dos-adolescentes.html#webpage\",\"url\":\"https:\/\/franciscanos.org.br\/noticias\/adolescentes-sao-flores-no-jardim-de-nossa-senhora-diz-frei-gustavo-medella-na-romaria-dos-adolescentes.html\",\"name\":\"\u201cAdolescentes s\u00e3o flores no jardim de Nossa Senhora\u201d, diz Frei Gustavo Medella na Romaria dos Adolescentes - Not\u00edcias - Franciscanos\",\"isPartOf\":{\"@id\":\"https:\/\/franciscanos.org.br\/noticias\/#website\"},\"primaryImageOfPage\":{\"@id\":\"https:\/\/franciscanos.org.br\/noticias\/adolescentes-sao-flores-no-jardim-de-nossa-senhora-diz-frei-gustavo-medella-na-romaria-dos-adolescentes.html#primaryimage\"},\"datePublished\":\"2025-04-26T16:07:07+00:00\",\"dateModified\":\"2025-04-26T17:45:26+00:00\",\"author\":{\"@id\":\"https:\/\/franciscanos.org.br\/noticias\/#\/schema\/person\/37f88f0d111cd5358b12a6556a99eb91\"},\"breadcrumb\":{\"@id\":\"https:\/\/franciscanos.org.br\/noticias\/adolescentes-sao-flores-no-jardim-de-nossa-senhora-diz-frei-gustavo-medella-na-romaria-dos-adolescentes.html#breadcrumb\"},\"inLanguage\":\"pt-BR\",\"potentialAction\":[{\"@type\":\"ReadAction\",\"target\":[\"https:\/\/franciscanos.org.br\/noticias\/adolescentes-sao-flores-no-jardim-de-nossa-senhora-diz-frei-gustavo-medella-na-romaria-dos-adolescentes.html\"]}]},{\"@type\":\"BreadcrumbList\",\"@id\":\"https:\/\/franciscanos.org.br\/noticias\/adolescentes-sao-flores-no-jardim-de-nossa-senhora-diz-frei-gustavo-medella-na-romaria-dos-adolescentes.html#breadcrumb\",\"itemListElement\":[{\"@type\":\"ListItem\",\"position\":1,\"name\":\"Home\",\"item\":\"https:\/\/franciscanos.org.br\/noticias\"},{\"@type\":\"ListItem\",\"position\":2,\"name\":\"\u201cAdolescentes s\u00e3o flores no jardim de Nossa Senhora\u201d, diz Frei Gustavo Medella na Romaria dos Adolescentes\"}]},{\"@type\":\"Person\",\"@id\":\"https:\/\/franciscanos.org.br\/noticias\/#\/schema\/person\/37f88f0d111cd5358b12a6556a99eb91\",\"name\":\"freiaugusto\",\"image\":{\"@type\":\"ImageObject\",\"inLanguage\":\"pt-BR\",\"@id\":\"https:\/\/franciscanos.org.br\/noticias\/#\/schema\/person\/image\/\",\"url\":\"https:\/\/secure.gravatar.com\/avatar\/9840b940e621801b24f3e6b059efb4b7?s=96&d=mm&r=g\",\"contentUrl\":\"https:\/\/secure.gravatar.com\/avatar\/9840b940e621801b24f3e6b059efb4b7?s=96&d=mm&r=g\",\"caption\":\"freiaugusto\"},\"url\":\"https:\/\/franciscanos.org.br\/noticias\/author\/freiaugusto\"}]}<\/script>\n<!-- \/ Yoast SEO plugin. -->","yoast_head_json":{"title":"\u201cAdolescentes s\u00e3o flores no jardim de Nossa Senhora\u201d, diz Frei Gustavo Medella na Romaria dos Adolescentes - Not\u00edcias - Franciscanos","robots":{"index":"index","follow":"follow","max-snippet":"max-snippet:-1","max-image-preview":"max-image-preview:large","max-video-preview":"max-video-preview:-1"},"canonical":"https:\/\/franciscanos.org.br\/noticias\/adolescentes-sao-flores-no-jardim-de-nossa-senhora-diz-frei-gustavo-medella-na-romaria-dos-adolescentes.html","og_locale":"pt_BR","og_type":"article","og_title":"\u201cAdolescentes s\u00e3o flores no jardim de Nossa Senhora\u201d, diz Frei Gustavo Medella na Romaria dos Adolescentes - Not\u00edcias - Franciscanos","og_description":"Festa da Penha 2025","og_url":"https:\/\/franciscanos.org.br\/noticias\/adolescentes-sao-flores-no-jardim-de-nossa-senhora-diz-frei-gustavo-medella-na-romaria-dos-adolescentes.html","og_site_name":"Not\u00edcias - Franciscanos","article_published_time":"2025-04-26T16:07:07+00:00","article_modified_time":"2025-04-26T17:45:26+00:00","og_image":[{"width":1280,"height":720,"url":"https:\/\/franciscanos.org.br\/noticias\/wp-content\/uploads\/2025\/04\/PENHA_260425_DESTAQUE04.jpg","type":"image\/jpeg"}],"author":"freiaugusto","twitter_card":"summary_large_image","twitter_misc":{"Escrito por":"freiaugusto","Est. tempo de leitura":"7 minutos"},"schema":{"@context":"https:\/\/schema.org","@graph":[{"@type":"WebSite","@id":"https:\/\/franciscanos.org.br\/noticias\/#website","url":"https:\/\/franciscanos.org.br\/noticias\/","name":"Not\u00edcias - Franciscanos","description":"Prov\u00edncia Franciscana da Imaculada Concei\u00e7\u00e3o do Brasil - Ordem dos Frades Menores - OFM","potentialAction":[{"@type":"SearchAction","target":{"@type":"EntryPoint","urlTemplate":"https:\/\/franciscanos.org.br\/noticias\/?s={search_term_string}"},"query-input":"required name=search_term_string"}],"inLanguage":"pt-BR"},{"@type":"ImageObject","inLanguage":"pt-BR","@id":"https:\/\/franciscanos.org.br\/noticias\/adolescentes-sao-flores-no-jardim-de-nossa-senhora-diz-frei-gustavo-medella-na-romaria-dos-adolescentes.html#primaryimage","url":"https:\/\/franciscanos.org.br\/noticias\/wp-content\/uploads\/2025\/04\/PENHA_260425_DESTAQUE04.jpg","contentUrl":"https:\/\/franciscanos.org.br\/noticias\/wp-content\/uploads\/2025\/04\/PENHA_260425_DESTAQUE04.jpg","width":1280,"height":720},{"@type":"WebPage","@id":"https:\/\/franciscanos.org.br\/noticias\/adolescentes-sao-flores-no-jardim-de-nossa-senhora-diz-frei-gustavo-medella-na-romaria-dos-adolescentes.html#webpage","url":"https:\/\/franciscanos.org.br\/noticias\/adolescentes-sao-flores-no-jardim-de-nossa-senhora-diz-frei-gustavo-medella-na-romaria-dos-adolescentes.html","name":"\u201cAdolescentes s\u00e3o flores no jardim de Nossa Senhora\u201d, diz Frei Gustavo Medella na Romaria dos Adolescentes - Not\u00edcias - Franciscanos","isPartOf":{"@id":"https:\/\/franciscanos.org.br\/noticias\/#website"},"primaryImageOfPage":{"@id":"https:\/\/franciscanos.org.br\/noticias\/adolescentes-sao-flores-no-jardim-de-nossa-senhora-diz-frei-gustavo-medella-na-romaria-dos-adolescentes.html#primaryimage"},"datePublished":"2025-04-26T16:07:07+00:00","dateModified":"2025-04-26T17:45:26+00:00","author":{"@id":"https:\/\/franciscanos.org.br\/noticias\/#\/schema\/person\/37f88f0d111cd5358b12a6556a99eb91"},"breadcrumb":{"@id":"https:\/\/franciscanos.org.br\/noticias\/adolescentes-sao-flores-no-jardim-de-nossa-senhora-diz-frei-gustavo-medella-na-romaria-dos-adolescentes.html#breadcrumb"},"inLanguage":"pt-BR","potentialAction":[{"@type":"ReadAction","target":["https:\/\/franciscanos.org.br\/noticias\/adolescentes-sao-flores-no-jardim-de-nossa-senhora-diz-frei-gustavo-medella-na-romaria-dos-adolescentes.html"]}]},{"@type":"BreadcrumbList","@id":"https:\/\/franciscanos.org.br\/noticias\/adolescentes-sao-flores-no-jardim-de-nossa-senhora-diz-frei-gustavo-medella-na-romaria-dos-adolescentes.html#breadcrumb","itemListElement":[{"@type":"ListItem","position":1,"name":"Home","item":"https:\/\/franciscanos.org.br\/noticias"},{"@type":"ListItem","position":2,"name":"\u201cAdolescentes s\u00e3o flores no jardim de Nossa Senhora\u201d, diz Frei Gustavo Medella na Romaria dos Adolescentes"}]},{"@type":"Person","@id":"https:\/\/franciscanos.org.br\/noticias\/#\/schema\/person\/37f88f0d111cd5358b12a6556a99eb91","name":"freiaugusto","image":{"@type":"ImageObject","inLanguage":"pt-BR","@id":"https:\/\/franciscanos.org.br\/noticias\/#\/schema\/person\/image\/","url":"https:\/\/secure.gravatar.com\/avatar\/9840b940e621801b24f3e6b059efb4b7?s=96&d=mm&r=g","contentUrl":"https:\/\/secure.gravatar.com\/avatar\/9840b940e621801b24f3e6b059efb4b7?s=96&d=mm&r=g","caption":"freiaugusto"},"url":"https:\/\/franciscanos.org.br\/noticias\/author\/freiaugusto"}]}},"_links":{"self":[{"href":"https:\/\/franciscanos.org.br\/noticias\/wp-json\/wp\/v2\/posts\/256511"}],"collection":[{"href":"https:\/\/franciscanos.org.br\/noticias\/wp-json\/wp\/v2\/posts"}],"about":[{"href":"https:\/\/franciscanos.org.br\/noticias\/wp-json\/wp\/v2\/types\/post"}],"author":[{"embeddable":true,"href":"https:\/\/franciscanos.org.br\/noticias\/wp-json\/wp\/v2\/users\/5"}],"replies":[{"embeddable":true,"href":"https:\/\/franciscanos.org.br\/noticias\/wp-json\/wp\/v2\/comments?post=256511"}],"version-history":[{"count":7,"href":"https:\/\/franciscanos.org.br\/noticias\/wp-json\/wp\/v2\/posts\/256511\/revisions"}],"predecessor-version":[{"id":256518,"href":"https:\/\/franciscanos.org.br\/noticias\/wp-json\/wp\/v2\/posts\/256511\/revisions\/256518"}],"wp:featuredmedia":[{"embeddable":true,"href":"https:\/\/franciscanos.org.br\/noticias\/wp-json\/wp\/v2\/media\/256516"}],"wp:attachment":[{"href":"https:\/\/franciscanos.org.br\/noticias\/wp-json\/wp\/v2\/media?parent=256511"}],"wp:term":[{"taxonomy":"category","embeddable":true,"href":"https:\/\/franciscanos.org.br\/noticias\/wp-json\/wp\/v2\/categories?post=256511"},{"taxonomy":"post_tag","embeddable":true,"href":"https:\/\/franciscanos.org.br\/noticias\/wp-json\/wp\/v2\/tags?post=256511"}],"curies":[{"name":"wp","href":"https:\/\/api.w.org\/{rel}","templated":true}]}}