{"id":256489,"date":"2025-04-26T09:48:26","date_gmt":"2025-04-26T12:48:26","guid":{"rendered":"https:\/\/franciscanos.org.br\/noticias\/?p=256489"},"modified":"2025-05-20T15:40:30","modified_gmt":"2025-05-20T18:40:30","slug":"comunhao-e-esperanca-dom-paulo-bosi-dalbo-reflete-o-legado-do-papa-francisco-na-festa-da-penha","status":"publish","type":"post","link":"https:\/\/franciscanos.org.br\/noticias\/comunhao-e-esperanca-dom-paulo-bosi-dalbo-reflete-o-legado-do-papa-francisco-na-festa-da-penha.html","title":{"rendered":"Comunh\u00e3o e esperan\u00e7a: Dom Paulo Bosi Dal\u2019B\u00f3 reflete o legado do Papa Francisco na Festa da Penha"},"content":{"rendered":"<p data-start=\"109\" data-end=\"644\"><img loading=\"lazy\" class=\"aligncenter wp-image-256493 size-full\" src=\"https:\/\/franciscanos.org.br\/noticias\/wp-content\/uploads\/2025\/04\/penha_260425-Image-2025-04-26-at-09.36.30-2.jpeg\" alt=\"\" width=\"1600\" height=\"900\" srcset=\"https:\/\/franciscanos.org.br\/noticias\/wp-content\/uploads\/2025\/04\/penha_260425-Image-2025-04-26-at-09.36.30-2.jpeg 1600w, https:\/\/franciscanos.org.br\/noticias\/wp-content\/uploads\/2025\/04\/penha_260425-Image-2025-04-26-at-09.36.30-2-450x253.jpeg 450w, https:\/\/franciscanos.org.br\/noticias\/wp-content\/uploads\/2025\/04\/penha_260425-Image-2025-04-26-at-09.36.30-2-1024x576.jpeg 1024w, https:\/\/franciscanos.org.br\/noticias\/wp-content\/uploads\/2025\/04\/penha_260425-Image-2025-04-26-at-09.36.30-2-768x432.jpeg 768w, https:\/\/franciscanos.org.br\/noticias\/wp-content\/uploads\/2025\/04\/penha_260425-Image-2025-04-26-at-09.36.30-2-1536x864.jpeg 1536w, https:\/\/franciscanos.org.br\/noticias\/wp-content\/uploads\/2025\/04\/penha_260425-Image-2025-04-26-at-09.36.30-2-150x84.jpeg 150w\" sizes=\"(max-width: 1600px) 100vw, 1600px\" \/><\/p>\n<p class=\"\" data-start=\"109\" data-end=\"644\"><strong data-start=\"109\" data-end=\"149\">Vila Velha (ES)<\/strong> \u2013 Em clima de profunda devo\u00e7\u00e3o e comunh\u00e3o, milhares de peregrinos da Diocese de S\u00e3o Mateus participaram, na manh\u00e3 deste s\u00e1bado (26\/04), da tradicional Romaria da Penha, que integra a Festa da Penha 2025. Presidida por Dom Paulo Bosi Dal\u2019B\u00f3, a celebra\u00e7\u00e3o eucar\u00edstica teve in\u00edcio \u00e0s 8h no Campinho do Convento da Penha, sob o tema \u201cCom Maria, peregrinos de Esperan\u00e7a\u201d, convocando os fi\u00e9is a seguirem confiantes em meio aos desafios da vida e a celebrarem o Jubileu da Esperan\u00e7a anunciado pelo Papa Francisco.<\/p>\n<p class=\"\" data-start=\"646\" data-end=\"739\">Logo na abertura da missa, o bispo de S\u00e3o Mateus ressaltou o car\u00e1ter universal daquela manh\u00e3: \u201cNo dia em que n\u00f3s nos encontramos aos p\u00e9s de Nossa Senhora para celebrarmos mais uma festa em nosso estado, nesse mesmo dia, numa outra igreja dedicada a Maria, o \u00fatero desta igreja acolhe a alma de um filho, que ao mesmo tempo \u00e9 o pai espiritual, o Papa Francisco. Hoje \u00e9 a Missa da Comunh\u00e3o, n\u00e3o somente do nosso Regional Leste 3, mas a Missa da Comunh\u00e3o com a Igreja do mundo todo, que celebra este momento de despedida do Papa Francisco.\u201d<\/p>\n\n\t\t<style type=\"text\/css\">\n\t\t\t#gallery-1 {\n\t\t\t\tmargin: auto;\n\t\t\t}\n\t\t\t#gallery-1 .gallery-item {\n\t\t\t\tfloat: left;\n\t\t\t\tmargin-top: 10px;\n\t\t\t\ttext-align: center;\n\t\t\t\twidth: 20%;\n\t\t\t}\n\t\t\t#gallery-1 img {\n\t\t\t\tborder: 2px solid #cfcfcf;\n\t\t\t}\n\t\t\t#gallery-1 .gallery-caption {\n\t\t\t\tmargin-left: 0;\n\t\t\t}\n\t\t\t\/* see gallery_shortcode() in wp-includes\/media.php *\/\n\t\t<\/style>\n\t\t<div id='gallery-1' class='gallery galleryid-256489 gallery-columns-5 gallery-size-thumbnail'><dl class='gallery-item'>\n\t\t\t<dt class='gallery-icon portrait'>\n\t\t\t\t<a href='https:\/\/franciscanos.org.br\/noticias\/wp-content\/uploads\/2025\/04\/a9ba2730-96b5-4a49-af95-e1e26074fc53.jpeg'><img width=\"300\" height=\"300\" src=\"https:\/\/franciscanos.org.br\/noticias\/wp-content\/uploads\/2025\/04\/a9ba2730-96b5-4a49-af95-e1e26074fc53-300x300.jpeg\" class=\"attachment-thumbnail size-thumbnail\" alt=\"\" loading=\"lazy\" srcset=\"https:\/\/franciscanos.org.br\/noticias\/wp-content\/uploads\/2025\/04\/a9ba2730-96b5-4a49-af95-e1e26074fc53-300x300.jpeg 300w, https:\/\/franciscanos.org.br\/noticias\/wp-content\/uploads\/2025\/04\/a9ba2730-96b5-4a49-af95-e1e26074fc53-100x100.jpeg 100w\" sizes=\"(max-width: 300px) 100vw, 300px\" \/><\/a>\n\t\t\t<\/dt><\/dl><dl class='gallery-item'>\n\t\t\t<dt class='gallery-icon portrait'>\n\t\t\t\t<a href='https:\/\/franciscanos.org.br\/noticias\/wp-content\/uploads\/2025\/04\/9184b0cd-c819-4bb6-aac1-52b57b421c9a.jpeg'><img width=\"300\" height=\"300\" src=\"https:\/\/franciscanos.org.br\/noticias\/wp-content\/uploads\/2025\/04\/9184b0cd-c819-4bb6-aac1-52b57b421c9a-300x300.jpeg\" class=\"attachment-thumbnail size-thumbnail\" alt=\"\" loading=\"lazy\" srcset=\"https:\/\/franciscanos.org.br\/noticias\/wp-content\/uploads\/2025\/04\/9184b0cd-c819-4bb6-aac1-52b57b421c9a-300x300.jpeg 300w, https:\/\/franciscanos.org.br\/noticias\/wp-content\/uploads\/2025\/04\/9184b0cd-c819-4bb6-aac1-52b57b421c9a-100x100.jpeg 100w\" sizes=\"(max-width: 300px) 100vw, 300px\" \/><\/a>\n\t\t\t<\/dt><\/dl><dl class='gallery-item'>\n\t\t\t<dt class='gallery-icon landscape'>\n\t\t\t\t<a href='https:\/\/franciscanos.org.br\/noticias\/wp-content\/uploads\/2025\/04\/85bdb8bc-a529-4472-83aa-f26c691910be.jpeg'><img width=\"300\" height=\"300\" src=\"https:\/\/franciscanos.org.br\/noticias\/wp-content\/uploads\/2025\/04\/85bdb8bc-a529-4472-83aa-f26c691910be-300x300.jpeg\" class=\"attachment-thumbnail size-thumbnail\" alt=\"\" loading=\"lazy\" srcset=\"https:\/\/franciscanos.org.br\/noticias\/wp-content\/uploads\/2025\/04\/85bdb8bc-a529-4472-83aa-f26c691910be-300x300.jpeg 300w, https:\/\/franciscanos.org.br\/noticias\/wp-content\/uploads\/2025\/04\/85bdb8bc-a529-4472-83aa-f26c691910be-100x100.jpeg 100w\" sizes=\"(max-width: 300px) 100vw, 300px\" \/><\/a>\n\t\t\t<\/dt><\/dl><dl class='gallery-item'>\n\t\t\t<dt class='gallery-icon portrait'>\n\t\t\t\t<a href='https:\/\/franciscanos.org.br\/noticias\/wp-content\/uploads\/2025\/04\/01059ff8-27b5-40cb-83a4-c9884e41a797.jpeg'><img width=\"300\" height=\"300\" src=\"https:\/\/franciscanos.org.br\/noticias\/wp-content\/uploads\/2025\/04\/01059ff8-27b5-40cb-83a4-c9884e41a797-300x300.jpeg\" class=\"attachment-thumbnail size-thumbnail\" alt=\"\" loading=\"lazy\" srcset=\"https:\/\/franciscanos.org.br\/noticias\/wp-content\/uploads\/2025\/04\/01059ff8-27b5-40cb-83a4-c9884e41a797-300x300.jpeg 300w, https:\/\/franciscanos.org.br\/noticias\/wp-content\/uploads\/2025\/04\/01059ff8-27b5-40cb-83a4-c9884e41a797-100x100.jpeg 100w\" sizes=\"(max-width: 300px) 100vw, 300px\" \/><\/a>\n\t\t\t<\/dt><\/dl><dl class='gallery-item'>\n\t\t\t<dt class='gallery-icon portrait'>\n\t\t\t\t<a href='https:\/\/franciscanos.org.br\/noticias\/wp-content\/uploads\/2025\/04\/b8f075d7-7642-4dc6-a97e-68888dc1fc53.jpeg'><img width=\"300\" height=\"300\" src=\"https:\/\/franciscanos.org.br\/noticias\/wp-content\/uploads\/2025\/04\/b8f075d7-7642-4dc6-a97e-68888dc1fc53-300x300.jpeg\" class=\"attachment-thumbnail size-thumbnail\" alt=\"\" loading=\"lazy\" srcset=\"https:\/\/franciscanos.org.br\/noticias\/wp-content\/uploads\/2025\/04\/b8f075d7-7642-4dc6-a97e-68888dc1fc53-300x300.jpeg 300w, https:\/\/franciscanos.org.br\/noticias\/wp-content\/uploads\/2025\/04\/b8f075d7-7642-4dc6-a97e-68888dc1fc53-100x100.jpeg 100w\" sizes=\"(max-width: 300px) 100vw, 300px\" \/><\/a>\n\t\t\t<\/dt><\/dl><br style=\"clear: both\" \/><dl class='gallery-item'>\n\t\t\t<dt class='gallery-icon landscape'>\n\t\t\t\t<a href='https:\/\/franciscanos.org.br\/noticias\/wp-content\/uploads\/2025\/04\/50ec3d59-a950-452a-9283-603a1006c877.jpeg'><img width=\"300\" height=\"300\" src=\"https:\/\/franciscanos.org.br\/noticias\/wp-content\/uploads\/2025\/04\/50ec3d59-a950-452a-9283-603a1006c877-300x300.jpeg\" class=\"attachment-thumbnail size-thumbnail\" alt=\"\" loading=\"lazy\" srcset=\"https:\/\/franciscanos.org.br\/noticias\/wp-content\/uploads\/2025\/04\/50ec3d59-a950-452a-9283-603a1006c877-300x300.jpeg 300w, https:\/\/franciscanos.org.br\/noticias\/wp-content\/uploads\/2025\/04\/50ec3d59-a950-452a-9283-603a1006c877-100x100.jpeg 100w\" sizes=\"(max-width: 300px) 100vw, 300px\" \/><\/a>\n\t\t\t<\/dt><\/dl><dl class='gallery-item'>\n\t\t\t<dt class='gallery-icon portrait'>\n\t\t\t\t<a href='https:\/\/franciscanos.org.br\/noticias\/wp-content\/uploads\/2025\/04\/f8b611ea-e03c-47ce-a6e5-50d14ce98eb0.jpeg'><img width=\"300\" height=\"300\" src=\"https:\/\/franciscanos.org.br\/noticias\/wp-content\/uploads\/2025\/04\/f8b611ea-e03c-47ce-a6e5-50d14ce98eb0-300x300.jpeg\" class=\"attachment-thumbnail size-thumbnail\" alt=\"\" loading=\"lazy\" srcset=\"https:\/\/franciscanos.org.br\/noticias\/wp-content\/uploads\/2025\/04\/f8b611ea-e03c-47ce-a6e5-50d14ce98eb0-300x300.jpeg 300w, https:\/\/franciscanos.org.br\/noticias\/wp-content\/uploads\/2025\/04\/f8b611ea-e03c-47ce-a6e5-50d14ce98eb0-100x100.jpeg 100w\" sizes=\"(max-width: 300px) 100vw, 300px\" \/><\/a>\n\t\t\t<\/dt><\/dl><dl class='gallery-item'>\n\t\t\t<dt class='gallery-icon landscape'>\n\t\t\t\t<a href='https:\/\/franciscanos.org.br\/noticias\/wp-content\/uploads\/2025\/04\/2048398b-6553-41a5-8724-799f0025038d.jpeg'><img width=\"300\" height=\"300\" src=\"https:\/\/franciscanos.org.br\/noticias\/wp-content\/uploads\/2025\/04\/2048398b-6553-41a5-8724-799f0025038d-300x300.jpeg\" class=\"attachment-thumbnail size-thumbnail\" alt=\"\" loading=\"lazy\" srcset=\"https:\/\/franciscanos.org.br\/noticias\/wp-content\/uploads\/2025\/04\/2048398b-6553-41a5-8724-799f0025038d-300x300.jpeg 300w, https:\/\/franciscanos.org.br\/noticias\/wp-content\/uploads\/2025\/04\/2048398b-6553-41a5-8724-799f0025038d-100x100.jpeg 100w\" sizes=\"(max-width: 300px) 100vw, 300px\" \/><\/a>\n\t\t\t<\/dt><\/dl><dl class='gallery-item'>\n\t\t\t<dt class='gallery-icon landscape'>\n\t\t\t\t<a href='https:\/\/franciscanos.org.br\/noticias\/wp-content\/uploads\/2025\/04\/4a589f43-7700-491f-8b50-b3a8658a67ea.jpeg'><img width=\"300\" height=\"300\" src=\"https:\/\/franciscanos.org.br\/noticias\/wp-content\/uploads\/2025\/04\/4a589f43-7700-491f-8b50-b3a8658a67ea-300x300.jpeg\" class=\"attachment-thumbnail size-thumbnail\" alt=\"\" loading=\"lazy\" srcset=\"https:\/\/franciscanos.org.br\/noticias\/wp-content\/uploads\/2025\/04\/4a589f43-7700-491f-8b50-b3a8658a67ea-300x300.jpeg 300w, https:\/\/franciscanos.org.br\/noticias\/wp-content\/uploads\/2025\/04\/4a589f43-7700-491f-8b50-b3a8658a67ea-100x100.jpeg 100w\" sizes=\"(max-width: 300px) 100vw, 300px\" \/><\/a>\n\t\t\t<\/dt><\/dl><dl class='gallery-item'>\n\t\t\t<dt class='gallery-icon portrait'>\n\t\t\t\t<a href='https:\/\/franciscanos.org.br\/noticias\/wp-content\/uploads\/2025\/04\/5602428a-f317-49b7-a4bc-e582bc38e1f6.jpeg'><img width=\"300\" height=\"300\" src=\"https:\/\/franciscanos.org.br\/noticias\/wp-content\/uploads\/2025\/04\/5602428a-f317-49b7-a4bc-e582bc38e1f6-300x300.jpeg\" class=\"attachment-thumbnail size-thumbnail\" alt=\"\" loading=\"lazy\" srcset=\"https:\/\/franciscanos.org.br\/noticias\/wp-content\/uploads\/2025\/04\/5602428a-f317-49b7-a4bc-e582bc38e1f6-300x300.jpeg 300w, https:\/\/franciscanos.org.br\/noticias\/wp-content\/uploads\/2025\/04\/5602428a-f317-49b7-a4bc-e582bc38e1f6-100x100.jpeg 100w\" sizes=\"(max-width: 300px) 100vw, 300px\" \/><\/a>\n\t\t\t<\/dt><\/dl><br style=\"clear: both\" \/>\n\t\t<\/div>\n\n<p class=\"\" data-start=\"1243\" data-end=\"1393\">Em seguida, Dom Paulo conduziu os presentes a voltarem o olhar para a imagem peregrina de Nossa Senhora da Penha, anunciando a miss\u00e3o de cada crist\u00e3o: \u201cConvido a todos e a todas a voltarmos o nosso olhar para o centro do nosso espa\u00e7o celebrativo, para acolhermos a imagem peregrina de Nossa Senhora da Penha cantando.\u201d<\/p>\n<p data-start=\"1566\" data-end=\"1618\"><strong>Homilia: da P\u00e1scoa \u00e0 despedida do Papa Francisco<\/strong><\/p>\n<p class=\"\" data-start=\"1620\" data-end=\"1808\"><img loading=\"lazy\" class=\"size-medium wp-image-256492 alignleft\" src=\"https:\/\/franciscanos.org.br\/noticias\/wp-content\/uploads\/2025\/04\/penha_260425-Image-2025-04-26-at-09.36.31-253x450.jpeg\" alt=\"\" width=\"253\" height=\"450\" srcset=\"https:\/\/franciscanos.org.br\/noticias\/wp-content\/uploads\/2025\/04\/penha_260425-Image-2025-04-26-at-09.36.31-253x450.jpeg 253w, https:\/\/franciscanos.org.br\/noticias\/wp-content\/uploads\/2025\/04\/penha_260425-Image-2025-04-26-at-09.36.31-576x1024.jpeg 576w, https:\/\/franciscanos.org.br\/noticias\/wp-content\/uploads\/2025\/04\/penha_260425-Image-2025-04-26-at-09.36.31-768x1365.jpeg 768w, https:\/\/franciscanos.org.br\/noticias\/wp-content\/uploads\/2025\/04\/penha_260425-Image-2025-04-26-at-09.36.31-864x1536.jpeg 864w, https:\/\/franciscanos.org.br\/noticias\/wp-content\/uploads\/2025\/04\/penha_260425-Image-2025-04-26-at-09.36.31-150x267.jpeg 150w, https:\/\/franciscanos.org.br\/noticias\/wp-content\/uploads\/2025\/04\/penha_260425-Image-2025-04-26-at-09.36.31.jpeg 608w\" sizes=\"(max-width: 253px) 100vw, 253px\" \/>Na homilia, o bispo estendeu sua reflex\u00e3o pascal ao recente falecimento de Francisco, ressaltando o v\u00ednculo entre a ressurrei\u00e7\u00e3o de Cristo e a miss\u00e3o de todo l\u00edder que anuncia o Evangelho \u201cAmados presb\u00edteros, di\u00e1conos, religiosos, religiosas, seminaristas, todo o povo santo de Deus\u2026 Um tempo forte este ano. Aquele ou aquela que faz a experi\u00eancia do Cristo ressuscitado n\u00e3o sai dessa experi\u00eancia o mesmo. Se transforma completamente para a miss\u00e3o.\u201d<\/p>\n<p class=\"\" data-start=\"2075\" data-end=\"2240\">\u00c9 nesse esp\u00edrito que, segundo Dom Paulo, o Papa Francisco tamb\u00e9m viveu o seu pontificado, alternando aplausos e desafios, mas sempre movido pela confian\u00e7a em Cristo: \u201cPedro e Jo\u00e3o, que fazem a experi\u00eancia do t\u00famulo vazio, partem para a miss\u00e3o\u2026 E assim aconteceu com o Papa Francisco, n\u00e3o \u00e9 diferente\u201d.<\/p>\n<p class=\"\" data-start=\"2381\" data-end=\"2603\">O bispo recordou o momento em que o pont\u00edfice \u201cfechou os olhos\u201d para esta vida, na manh\u00e3 de 21 de abril, e falou da coincid\u00eancia de sua despedida ocorrer na Bas\u00edlica Papal de Santa Maria Maior, \u201co cora\u00e7\u00e3o mariano de Roma\u201d: \u201cAp\u00f3s um per\u00edodo de enfermidade e de muita luta, os olhos do Papa Francisco se fecharam. Lentamente, como se estivesse em profunda e silenciosa ora\u00e7\u00e3o, ele se despediu desta vida terrena e entrou para a vida plena no c\u00e9u\u201d.<\/p>\n<p class=\"\" data-start=\"2831\" data-end=\"2943\">Recordando as promessas de Jesus aos disc\u00edpulos, Dom Paulo sublinhou o verdadeiro \u201ccaminho, a verdade e a vida\u201d: \u201cJesus nos d\u00e1 uma dica important\u00edssima para chegarmos \u00e0 morada eterna: reconhec\u00ea-lo como o caminho, a verdade e a vida. \u2018Ningu\u00e9m vai ao Pai se n\u00e3o por mim\u2019\u201d.<\/p>\n<p class=\"\" data-start=\"3106\" data-end=\"3192\">Ao falar \u00e0queles que enfrentam o luto, estendeu as palavras de consolo a cada fam\u00edlia: \u201cA dor, a saudade e o vazio n\u00e3o desaparecer\u00e3o de um momento para o outro. Mas Deus dar\u00e1 a for\u00e7a necess\u00e1ria para que familiares, parentes e amigos administrem da melhor forma poss\u00edvel a aus\u00eancia de quem amamos\u201d.<\/p>\n<p data-start=\"3408\" data-end=\"3437\"><strong>Saudade, mem\u00f3ria e legado<\/strong><\/p>\n<p class=\"\" data-start=\"3439\" data-end=\"3526\">Dom Paulo destacou ainda como a saudade, embora intensa, torna-se semente de esperan\u00e7a: \u201cQuando sentimos saudades, conseguimos perceber como o outro est\u00e1 t\u00e3o presente e pr\u00f3ximo de n\u00f3s. As mem\u00f3rias irrigam a esperan\u00e7a, ganham vida e mostram como nada as consegue apagar\u201d.<\/p>\n<p class=\"\" data-start=\"3714\" data-end=\"3846\">E concluiu sua homilia com uma forte exorta\u00e7\u00e3o a manter viva a chama do servi\u00e7o e da humildade que marcou o pontificado franciscano: \u201cDeus seja louvado pelo sim do Papa Francisco, pelo servi\u00e7o prestado \u00e0 Igreja de Cristo e por sua presen\u00e7a marcante na hist\u00f3ria da humanidade. Que ele descanse em paz nos bra\u00e7os do Pai Maior, no jardim da eternidade\u201d.<\/p>\n<p class=\"\" data-start=\"4069\" data-end=\"4321\">Ao final, Dom Paulo convidou todos a renderem uma salva de palmas em homenagem ao pont\u00edfice que, em suas pr\u00f3prias palavras, \u201ctransformou sua autoridade em servi\u00e7o\u201d e deixou como legado \u201cum olhar privilegiado para os pequenos, os pobres e os exclu\u00eddos\u201d.<\/p>\n\n\t\t<style type=\"text\/css\">\n\t\t\t#gallery-2 {\n\t\t\t\tmargin: auto;\n\t\t\t}\n\t\t\t#gallery-2 .gallery-item {\n\t\t\t\tfloat: left;\n\t\t\t\tmargin-top: 10px;\n\t\t\t\ttext-align: center;\n\t\t\t\twidth: 33%;\n\t\t\t}\n\t\t\t#gallery-2 img {\n\t\t\t\tborder: 2px solid #cfcfcf;\n\t\t\t}\n\t\t\t#gallery-2 .gallery-caption {\n\t\t\t\tmargin-left: 0;\n\t\t\t}\n\t\t\t\/* see gallery_shortcode() in wp-includes\/media.php *\/\n\t\t<\/style>\n\t\t<div id='gallery-2' class='gallery galleryid-256489 gallery-columns-3 gallery-size-thumbnail'><dl class='gallery-item'>\n\t\t\t<dt class='gallery-icon portrait'>\n\t\t\t\t<a href='https:\/\/franciscanos.org.br\/noticias\/wp-content\/uploads\/2025\/04\/penha_260425-Image-2025-04-26-at-09.36.30.jpeg'><img width=\"300\" height=\"300\" src=\"https:\/\/franciscanos.org.br\/noticias\/wp-content\/uploads\/2025\/04\/penha_260425-Image-2025-04-26-at-09.36.30-300x300.jpeg\" class=\"attachment-thumbnail size-thumbnail\" alt=\"\" loading=\"lazy\" srcset=\"https:\/\/franciscanos.org.br\/noticias\/wp-content\/uploads\/2025\/04\/penha_260425-Image-2025-04-26-at-09.36.30-300x300.jpeg 300w, https:\/\/franciscanos.org.br\/noticias\/wp-content\/uploads\/2025\/04\/penha_260425-Image-2025-04-26-at-09.36.30-100x100.jpeg 100w\" sizes=\"(max-width: 300px) 100vw, 300px\" \/><\/a>\n\t\t\t<\/dt><\/dl><dl class='gallery-item'>\n\t\t\t<dt class='gallery-icon portrait'>\n\t\t\t\t<a href='https:\/\/franciscanos.org.br\/noticias\/wp-content\/uploads\/2025\/04\/penha_260425-Image-2025-04-26-at-09.36.32.jpeg'><img width=\"300\" height=\"300\" src=\"https:\/\/franciscanos.org.br\/noticias\/wp-content\/uploads\/2025\/04\/penha_260425-Image-2025-04-26-at-09.36.32-300x300.jpeg\" class=\"attachment-thumbnail size-thumbnail\" alt=\"\" loading=\"lazy\" srcset=\"https:\/\/franciscanos.org.br\/noticias\/wp-content\/uploads\/2025\/04\/penha_260425-Image-2025-04-26-at-09.36.32-300x300.jpeg 300w, https:\/\/franciscanos.org.br\/noticias\/wp-content\/uploads\/2025\/04\/penha_260425-Image-2025-04-26-at-09.36.32-100x100.jpeg 100w\" sizes=\"(max-width: 300px) 100vw, 300px\" \/><\/a>\n\t\t\t<\/dt><\/dl><dl class='gallery-item'>\n\t\t\t<dt class='gallery-icon portrait'>\n\t\t\t\t<a href='https:\/\/franciscanos.org.br\/noticias\/wp-content\/uploads\/2025\/04\/penha_260425-Image-2025-04-26-at-09.36.32-2.jpeg'><img width=\"300\" height=\"300\" src=\"https:\/\/franciscanos.org.br\/noticias\/wp-content\/uploads\/2025\/04\/penha_260425-Image-2025-04-26-at-09.36.32-2-300x300.jpeg\" class=\"attachment-thumbnail size-thumbnail\" alt=\"\" loading=\"lazy\" srcset=\"https:\/\/franciscanos.org.br\/noticias\/wp-content\/uploads\/2025\/04\/penha_260425-Image-2025-04-26-at-09.36.32-2-300x300.jpeg 300w, https:\/\/franciscanos.org.br\/noticias\/wp-content\/uploads\/2025\/04\/penha_260425-Image-2025-04-26-at-09.36.32-2-100x100.jpeg 100w\" sizes=\"(max-width: 300px) 100vw, 300px\" \/><\/a>\n\t\t\t<\/dt><\/dl><br style=\"clear: both\" \/>\n\t\t<\/div>\n\n<hr \/>\n<p class=\"\" data-start=\"4323\" data-end=\"4581\"><strong>Equipe de comunica\u00e7\u00e3o da Festa da Penha:<\/strong><br \/>\n<em>Frei Augusto Luiz Gabriel, Frei Gustavo Medella, Frei Roger Strapazzon<\/em><\/p>\n<p data-start=\"4323\" data-end=\"4581\"><em>Fotos: Divulga\u00e7\u00e3o da Festa da Penha<\/em><\/p>\n","protected":false},"excerpt":{"rendered":"<p>Festa da Penha 2025<\/p>\n","protected":false},"author":5,"featured_media":256493,"comment_status":"open","ping_status":"open","sticky":false,"template":"","format":"standard","meta":[],"categories":[1],"tags":[2293],"acf":[],"yoast_head":"<!-- This site is optimized with the Yoast SEO plugin v19.2 - https:\/\/yoast.com\/wordpress\/plugins\/seo\/ -->\n<title>Comunh\u00e3o e esperan\u00e7a: Dom Paulo Bosi Dal\u2019B\u00f3 reflete o legado do Papa Francisco na Festa da Penha - Not\u00edcias - Franciscanos<\/title>\n<meta name=\"robots\" content=\"index, follow, max-snippet:-1, max-image-preview:large, max-video-preview:-1\" \/>\n<link rel=\"canonical\" href=\"https:\/\/franciscanos.org.br\/noticias\/comunhao-e-esperanca-dom-paulo-bosi-dalbo-reflete-o-legado-do-papa-francisco-na-festa-da-penha.html\" \/>\n<meta property=\"og:locale\" content=\"pt_BR\" \/>\n<meta property=\"og:type\" content=\"article\" \/>\n<meta property=\"og:title\" content=\"Comunh\u00e3o e esperan\u00e7a: Dom Paulo Bosi Dal\u2019B\u00f3 reflete o legado do Papa Francisco na Festa da Penha - Not\u00edcias - Franciscanos\" \/>\n<meta property=\"og:description\" content=\"Festa da Penha 2025\" \/>\n<meta property=\"og:url\" content=\"https:\/\/franciscanos.org.br\/noticias\/comunhao-e-esperanca-dom-paulo-bosi-dalbo-reflete-o-legado-do-papa-francisco-na-festa-da-penha.html\" \/>\n<meta property=\"og:site_name\" content=\"Not\u00edcias - Franciscanos\" \/>\n<meta property=\"article:published_time\" content=\"2025-04-26T12:48:26+00:00\" \/>\n<meta property=\"article:modified_time\" content=\"2025-05-20T18:40:30+00:00\" \/>\n<meta property=\"og:image\" content=\"https:\/\/franciscanos.org.br\/noticias\/wp-content\/uploads\/2025\/04\/penha_260425-Image-2025-04-26-at-09.36.30-2.jpeg\" \/>\n\t<meta property=\"og:image:width\" content=\"1600\" \/>\n\t<meta property=\"og:image:height\" content=\"900\" \/>\n\t<meta property=\"og:image:type\" content=\"image\/jpeg\" \/>\n<meta name=\"author\" content=\"freiaugusto\" \/>\n<meta name=\"twitter:card\" content=\"summary_large_image\" \/>\n<meta name=\"twitter:label1\" content=\"Escrito por\" \/>\n\t<meta name=\"twitter:data1\" content=\"freiaugusto\" \/>\n\t<meta name=\"twitter:label2\" content=\"Est. tempo de leitura\" \/>\n\t<meta name=\"twitter:data2\" content=\"4 minutos\" \/>\n<script type=\"application\/ld+json\" class=\"yoast-schema-graph\">{\"@context\":\"https:\/\/schema.org\",\"@graph\":[{\"@type\":\"WebSite\",\"@id\":\"https:\/\/franciscanos.org.br\/noticias\/#website\",\"url\":\"https:\/\/franciscanos.org.br\/noticias\/\",\"name\":\"Not\u00edcias - Franciscanos\",\"description\":\"Prov\u00edncia Franciscana da Imaculada Concei\u00e7\u00e3o do Brasil - Ordem dos Frades Menores - OFM\",\"potentialAction\":[{\"@type\":\"SearchAction\",\"target\":{\"@type\":\"EntryPoint\",\"urlTemplate\":\"https:\/\/franciscanos.org.br\/noticias\/?s={search_term_string}\"},\"query-input\":\"required name=search_term_string\"}],\"inLanguage\":\"pt-BR\"},{\"@type\":\"ImageObject\",\"inLanguage\":\"pt-BR\",\"@id\":\"https:\/\/franciscanos.org.br\/noticias\/comunhao-e-esperanca-dom-paulo-bosi-dalbo-reflete-o-legado-do-papa-francisco-na-festa-da-penha.html#primaryimage\",\"url\":\"https:\/\/franciscanos.org.br\/noticias\/wp-content\/uploads\/2025\/04\/penha_260425-Image-2025-04-26-at-09.36.30-2.jpeg\",\"contentUrl\":\"https:\/\/franciscanos.org.br\/noticias\/wp-content\/uploads\/2025\/04\/penha_260425-Image-2025-04-26-at-09.36.30-2.jpeg\",\"width\":1600,\"height\":900},{\"@type\":\"WebPage\",\"@id\":\"https:\/\/franciscanos.org.br\/noticias\/comunhao-e-esperanca-dom-paulo-bosi-dalbo-reflete-o-legado-do-papa-francisco-na-festa-da-penha.html#webpage\",\"url\":\"https:\/\/franciscanos.org.br\/noticias\/comunhao-e-esperanca-dom-paulo-bosi-dalbo-reflete-o-legado-do-papa-francisco-na-festa-da-penha.html\",\"name\":\"Comunh\u00e3o e esperan\u00e7a: Dom Paulo Bosi Dal\u2019B\u00f3 reflete o legado do Papa Francisco na Festa da Penha - Not\u00edcias - Franciscanos\",\"isPartOf\":{\"@id\":\"https:\/\/franciscanos.org.br\/noticias\/#website\"},\"primaryImageOfPage\":{\"@id\":\"https:\/\/franciscanos.org.br\/noticias\/comunhao-e-esperanca-dom-paulo-bosi-dalbo-reflete-o-legado-do-papa-francisco-na-festa-da-penha.html#primaryimage\"},\"datePublished\":\"2025-04-26T12:48:26+00:00\",\"dateModified\":\"2025-05-20T18:40:30+00:00\",\"author\":{\"@id\":\"https:\/\/franciscanos.org.br\/noticias\/#\/schema\/person\/37f88f0d111cd5358b12a6556a99eb91\"},\"breadcrumb\":{\"@id\":\"https:\/\/franciscanos.org.br\/noticias\/comunhao-e-esperanca-dom-paulo-bosi-dalbo-reflete-o-legado-do-papa-francisco-na-festa-da-penha.html#breadcrumb\"},\"inLanguage\":\"pt-BR\",\"potentialAction\":[{\"@type\":\"ReadAction\",\"target\":[\"https:\/\/franciscanos.org.br\/noticias\/comunhao-e-esperanca-dom-paulo-bosi-dalbo-reflete-o-legado-do-papa-francisco-na-festa-da-penha.html\"]}]},{\"@type\":\"BreadcrumbList\",\"@id\":\"https:\/\/franciscanos.org.br\/noticias\/comunhao-e-esperanca-dom-paulo-bosi-dalbo-reflete-o-legado-do-papa-francisco-na-festa-da-penha.html#breadcrumb\",\"itemListElement\":[{\"@type\":\"ListItem\",\"position\":1,\"name\":\"Home\",\"item\":\"https:\/\/franciscanos.org.br\/noticias\"},{\"@type\":\"ListItem\",\"position\":2,\"name\":\"Comunh\u00e3o e esperan\u00e7a: Dom Paulo Bosi Dal\u2019B\u00f3 reflete o legado do Papa Francisco na Festa da Penha\"}]},{\"@type\":\"Person\",\"@id\":\"https:\/\/franciscanos.org.br\/noticias\/#\/schema\/person\/37f88f0d111cd5358b12a6556a99eb91\",\"name\":\"freiaugusto\",\"image\":{\"@type\":\"ImageObject\",\"inLanguage\":\"pt-BR\",\"@id\":\"https:\/\/franciscanos.org.br\/noticias\/#\/schema\/person\/image\/\",\"url\":\"https:\/\/secure.gravatar.com\/avatar\/9840b940e621801b24f3e6b059efb4b7?s=96&d=mm&r=g\",\"contentUrl\":\"https:\/\/secure.gravatar.com\/avatar\/9840b940e621801b24f3e6b059efb4b7?s=96&d=mm&r=g\",\"caption\":\"freiaugusto\"},\"url\":\"https:\/\/franciscanos.org.br\/noticias\/author\/freiaugusto\"}]}<\/script>\n<!-- \/ Yoast SEO plugin. -->","yoast_head_json":{"title":"Comunh\u00e3o e esperan\u00e7a: Dom Paulo Bosi Dal\u2019B\u00f3 reflete o legado do Papa Francisco na Festa da Penha - Not\u00edcias - Franciscanos","robots":{"index":"index","follow":"follow","max-snippet":"max-snippet:-1","max-image-preview":"max-image-preview:large","max-video-preview":"max-video-preview:-1"},"canonical":"https:\/\/franciscanos.org.br\/noticias\/comunhao-e-esperanca-dom-paulo-bosi-dalbo-reflete-o-legado-do-papa-francisco-na-festa-da-penha.html","og_locale":"pt_BR","og_type":"article","og_title":"Comunh\u00e3o e esperan\u00e7a: Dom Paulo Bosi Dal\u2019B\u00f3 reflete o legado do Papa Francisco na Festa da Penha - Not\u00edcias - Franciscanos","og_description":"Festa da Penha 2025","og_url":"https:\/\/franciscanos.org.br\/noticias\/comunhao-e-esperanca-dom-paulo-bosi-dalbo-reflete-o-legado-do-papa-francisco-na-festa-da-penha.html","og_site_name":"Not\u00edcias - Franciscanos","article_published_time":"2025-04-26T12:48:26+00:00","article_modified_time":"2025-05-20T18:40:30+00:00","og_image":[{"width":1600,"height":900,"url":"https:\/\/franciscanos.org.br\/noticias\/wp-content\/uploads\/2025\/04\/penha_260425-Image-2025-04-26-at-09.36.30-2.jpeg","type":"image\/jpeg"}],"author":"freiaugusto","twitter_card":"summary_large_image","twitter_misc":{"Escrito por":"freiaugusto","Est. tempo de leitura":"4 minutos"},"schema":{"@context":"https:\/\/schema.org","@graph":[{"@type":"WebSite","@id":"https:\/\/franciscanos.org.br\/noticias\/#website","url":"https:\/\/franciscanos.org.br\/noticias\/","name":"Not\u00edcias - Franciscanos","description":"Prov\u00edncia Franciscana da Imaculada Concei\u00e7\u00e3o do Brasil - Ordem dos Frades Menores - OFM","potentialAction":[{"@type":"SearchAction","target":{"@type":"EntryPoint","urlTemplate":"https:\/\/franciscanos.org.br\/noticias\/?s={search_term_string}"},"query-input":"required name=search_term_string"}],"inLanguage":"pt-BR"},{"@type":"ImageObject","inLanguage":"pt-BR","@id":"https:\/\/franciscanos.org.br\/noticias\/comunhao-e-esperanca-dom-paulo-bosi-dalbo-reflete-o-legado-do-papa-francisco-na-festa-da-penha.html#primaryimage","url":"https:\/\/franciscanos.org.br\/noticias\/wp-content\/uploads\/2025\/04\/penha_260425-Image-2025-04-26-at-09.36.30-2.jpeg","contentUrl":"https:\/\/franciscanos.org.br\/noticias\/wp-content\/uploads\/2025\/04\/penha_260425-Image-2025-04-26-at-09.36.30-2.jpeg","width":1600,"height":900},{"@type":"WebPage","@id":"https:\/\/franciscanos.org.br\/noticias\/comunhao-e-esperanca-dom-paulo-bosi-dalbo-reflete-o-legado-do-papa-francisco-na-festa-da-penha.html#webpage","url":"https:\/\/franciscanos.org.br\/noticias\/comunhao-e-esperanca-dom-paulo-bosi-dalbo-reflete-o-legado-do-papa-francisco-na-festa-da-penha.html","name":"Comunh\u00e3o e esperan\u00e7a: Dom Paulo Bosi Dal\u2019B\u00f3 reflete o legado do Papa Francisco na Festa da Penha - Not\u00edcias - Franciscanos","isPartOf":{"@id":"https:\/\/franciscanos.org.br\/noticias\/#website"},"primaryImageOfPage":{"@id":"https:\/\/franciscanos.org.br\/noticias\/comunhao-e-esperanca-dom-paulo-bosi-dalbo-reflete-o-legado-do-papa-francisco-na-festa-da-penha.html#primaryimage"},"datePublished":"2025-04-26T12:48:26+00:00","dateModified":"2025-05-20T18:40:30+00:00","author":{"@id":"https:\/\/franciscanos.org.br\/noticias\/#\/schema\/person\/37f88f0d111cd5358b12a6556a99eb91"},"breadcrumb":{"@id":"https:\/\/franciscanos.org.br\/noticias\/comunhao-e-esperanca-dom-paulo-bosi-dalbo-reflete-o-legado-do-papa-francisco-na-festa-da-penha.html#breadcrumb"},"inLanguage":"pt-BR","potentialAction":[{"@type":"ReadAction","target":["https:\/\/franciscanos.org.br\/noticias\/comunhao-e-esperanca-dom-paulo-bosi-dalbo-reflete-o-legado-do-papa-francisco-na-festa-da-penha.html"]}]},{"@type":"BreadcrumbList","@id":"https:\/\/franciscanos.org.br\/noticias\/comunhao-e-esperanca-dom-paulo-bosi-dalbo-reflete-o-legado-do-papa-francisco-na-festa-da-penha.html#breadcrumb","itemListElement":[{"@type":"ListItem","position":1,"name":"Home","item":"https:\/\/franciscanos.org.br\/noticias"},{"@type":"ListItem","position":2,"name":"Comunh\u00e3o e esperan\u00e7a: Dom Paulo Bosi Dal\u2019B\u00f3 reflete o legado do Papa Francisco na Festa da Penha"}]},{"@type":"Person","@id":"https:\/\/franciscanos.org.br\/noticias\/#\/schema\/person\/37f88f0d111cd5358b12a6556a99eb91","name":"freiaugusto","image":{"@type":"ImageObject","inLanguage":"pt-BR","@id":"https:\/\/franciscanos.org.br\/noticias\/#\/schema\/person\/image\/","url":"https:\/\/secure.gravatar.com\/avatar\/9840b940e621801b24f3e6b059efb4b7?s=96&d=mm&r=g","contentUrl":"https:\/\/secure.gravatar.com\/avatar\/9840b940e621801b24f3e6b059efb4b7?s=96&d=mm&r=g","caption":"freiaugusto"},"url":"https:\/\/franciscanos.org.br\/noticias\/author\/freiaugusto"}]}},"_links":{"self":[{"href":"https:\/\/franciscanos.org.br\/noticias\/wp-json\/wp\/v2\/posts\/256489"}],"collection":[{"href":"https:\/\/franciscanos.org.br\/noticias\/wp-json\/wp\/v2\/posts"}],"about":[{"href":"https:\/\/franciscanos.org.br\/noticias\/wp-json\/wp\/v2\/types\/post"}],"author":[{"embeddable":true,"href":"https:\/\/franciscanos.org.br\/noticias\/wp-json\/wp\/v2\/users\/5"}],"replies":[{"embeddable":true,"href":"https:\/\/franciscanos.org.br\/noticias\/wp-json\/wp\/v2\/comments?post=256489"}],"version-history":[{"count":6,"href":"https:\/\/franciscanos.org.br\/noticias\/wp-json\/wp\/v2\/posts\/256489\/revisions"}],"predecessor-version":[{"id":257211,"href":"https:\/\/franciscanos.org.br\/noticias\/wp-json\/wp\/v2\/posts\/256489\/revisions\/257211"}],"wp:featuredmedia":[{"embeddable":true,"href":"https:\/\/franciscanos.org.br\/noticias\/wp-json\/wp\/v2\/media\/256493"}],"wp:attachment":[{"href":"https:\/\/franciscanos.org.br\/noticias\/wp-json\/wp\/v2\/media?parent=256489"}],"wp:term":[{"taxonomy":"category","embeddable":true,"href":"https:\/\/franciscanos.org.br\/noticias\/wp-json\/wp\/v2\/categories?post=256489"},{"taxonomy":"post_tag","embeddable":true,"href":"https:\/\/franciscanos.org.br\/noticias\/wp-json\/wp\/v2\/tags?post=256489"}],"curies":[{"name":"wp","href":"https:\/\/api.w.org\/{rel}","templated":true}]}}