{"id":256430,"date":"2025-04-25T16:00:15","date_gmt":"2025-04-25T19:00:15","guid":{"rendered":"https:\/\/franciscanos.org.br\/noticias\/?p=256430"},"modified":"2025-04-26T00:07:25","modified_gmt":"2025-04-26T03:07:25","slug":"o-ultimo-adeus-ao-papa-francisco","status":"publish","type":"post","link":"https:\/\/franciscanos.org.br\/noticias\/o-ultimo-adeus-ao-papa-francisco.html","title":{"rendered":"O \u00faltimo adeus ao Papa Francisco"},"content":{"rendered":"<p><img loading=\"lazy\" class=\"aligncenter wp-image-256431 size-full\" src=\"https:\/\/franciscanos.org.br\/noticias\/wp-content\/uploads\/2025\/04\/materia-5-3.png\" alt=\"\" width=\"1280\" height=\"720\" srcset=\"https:\/\/franciscanos.org.br\/noticias\/wp-content\/uploads\/2025\/04\/materia-5-3.png 1280w, https:\/\/franciscanos.org.br\/noticias\/wp-content\/uploads\/2025\/04\/materia-5-3-450x253.png 450w, https:\/\/franciscanos.org.br\/noticias\/wp-content\/uploads\/2025\/04\/materia-5-3-1024x576.png 1024w, https:\/\/franciscanos.org.br\/noticias\/wp-content\/uploads\/2025\/04\/materia-5-3-768x432.png 768w, https:\/\/franciscanos.org.br\/noticias\/wp-content\/uploads\/2025\/04\/materia-5-3-150x84.png 150w\" sizes=\"(max-width: 1280px) 100vw, 1280px\" \/><\/p>\n<p>O mundo estar\u00e1 voltado para o \u00faltimo adeus ao Papa Francisco neste s\u00e1bado, 26 de abril, na Pra\u00e7a de S\u00e3o Pedro, no Vaticano.<br \/>\nDe acordo com a imprensa, a expectativa \u00e9 de que mais de 200 mil pessoas compare\u00e7am ao funeral do Santo Padre, previsto para iniciar \u00e0s 10h, em Roma (5h, hor\u00e1rio de Bras\u00edlia). Foram tr\u00eas dias de vel\u00f3rio aberto, durante os quais o p\u00fablico p\u00f4de se despedir do Santo Padre. A celebra\u00e7\u00e3o marcar\u00e1 o primeiro dia do <em>Novendiali<\/em>, um per\u00edodo de nove dias de luto oficial e ser\u00e1 presidida pelo cardeal Giovanni Battista Re, decano do Col\u00e9gio Cardinal\u00edcio.<br \/>\nA cerim\u00f4nia ser\u00e1 simplificada, seguindo as solicita\u00e7\u00f5es do Pont\u00edfice, e contar\u00e1 com 224 cardeais e 750 bispos e presb\u00edteros de diferentes localidades, al\u00e9m de autoridades nacionais e internacionais.<br \/>\nAp\u00f3s a celebra\u00e7\u00e3o da Missa das Ex\u00e9quias, o cortejo seguir\u00e1 para a Bas\u00edlica Papal de Santa Maria Maior, onde o Pont\u00edfice ser\u00e1 sepultado.<\/p>\n<p><strong><img loading=\"lazy\" class=\"aligncenter wp-image-256432 size-full\" src=\"https:\/\/franciscanos.org.br\/noticias\/wp-content\/uploads\/2025\/04\/materia-2-11.png\" alt=\"\" width=\"1280\" height=\"720\" srcset=\"https:\/\/franciscanos.org.br\/noticias\/wp-content\/uploads\/2025\/04\/materia-2-11.png 1280w, https:\/\/franciscanos.org.br\/noticias\/wp-content\/uploads\/2025\/04\/materia-2-11-450x253.png 450w, https:\/\/franciscanos.org.br\/noticias\/wp-content\/uploads\/2025\/04\/materia-2-11-1024x576.png 1024w, https:\/\/franciscanos.org.br\/noticias\/wp-content\/uploads\/2025\/04\/materia-2-11-768x432.png 768w, https:\/\/franciscanos.org.br\/noticias\/wp-content\/uploads\/2025\/04\/materia-2-11-150x84.png 150w\" sizes=\"(max-width: 1280px) 100vw, 1280px\" \/><\/strong><\/p>\n<p><strong>Rito de fechamento do caix\u00e3o do Papa Francisco<\/strong><\/p>\n<p>Nesta sexta-feira(25), \u00e0s 20h, de Roma, no Altar da Confiss\u00e3o, na Bas\u00edlica de S\u00e3o Pedro, conforme anunciado, foi realizado o rito de fechamento do caix\u00e3o do Romano Pont\u00edfice.<br \/>\nO Cardeal Camerlengo, o Mestre das Celebra\u00e7\u00f5es Lit\u00fargicas, presidente do rito, fez a leitura do <em>Rogito<\/em> (Escritura), que foi colocado dentro do caix\u00e3o no final da cerim\u00f4nia.<br \/>\nAl\u00e9m das pessoas indicadas na Notifica\u00e7\u00e3o do Departamento de Celebra\u00e7\u00f5es Lit\u00fargicas, alguns parentes do Papa tamb\u00e9m participaram deste momento.<\/p>\n<p><iframe loading=\"lazy\" title=\"YouTube video player\" src=\"https:\/\/www.youtube.com\/embed\/U9uJDWVRyjc?si=mwmB26C9f84UFNHB\" width=\"100%\" height=\"480\" frameborder=\"0\" allowfullscreen=\"allowfullscreen\"><span data-mce-type=\"bookmark\" style=\"display: inline-block; width: 0px; overflow: hidden; line-height: 0;\" class=\"mce_SELRES_start\">\ufeff<\/span><\/iframe><\/p>\n<p>A celebra\u00e7\u00e3o, conduzida de acordo com as prescri\u00e7\u00f5es do <em>Ordo Exsequiarum Romani Pontificis<\/em>, terminou \u00e0s 21h.<br \/>\nDurante o rito, o rosto do Papa foi coberto com um v\u00e9u de seda branca e seu corpo aspergido com \u00e1gua benta. O Pont\u00edfice ser\u00e1 sepultado com seus sapatos de solas gastas, que usava rotineiramente.<br \/>\nNo caix\u00e3o foram depositadas as moedas e medalhas cunhadas durante seu pontificado, al\u00e9m de uma escritura especial listando os pontos-chave de seu papado de 12 anos.<br \/>\nAo final, o caix\u00e3o de Francisco foi selado em uma cerim\u00f4nia privada conduzida por oito cardeais.<br \/>\nPapa Francisco pediu para ser enterrado em um caix\u00e3o simples de madeira revestido de zinco, ao contr\u00e1rio de seus antecessores, que foram enterrados em tr\u00eas caix\u00f5es interligados feitos de cipreste, chumbo e carvalho.<br \/>\nDurante a noite, o Cabido de S\u00e3o Pedro assegurar\u00e1 uma presen\u00e7a de ora\u00e7\u00e3o e vig\u00edlia junto ao corpo do Pont\u00edfice, at\u00e9 os preparativos para a Santa Missa da manh\u00e3 seguinte.<\/p>\n<p><img loading=\"lazy\" class=\"aligncenter wp-image-256433 size-full\" src=\"https:\/\/franciscanos.org.br\/noticias\/wp-content\/uploads\/2025\/04\/materia-3-3.png\" alt=\"\" width=\"1280\" height=\"720\" srcset=\"https:\/\/franciscanos.org.br\/noticias\/wp-content\/uploads\/2025\/04\/materia-3-3.png 1280w, https:\/\/franciscanos.org.br\/noticias\/wp-content\/uploads\/2025\/04\/materia-3-3-450x253.png 450w, https:\/\/franciscanos.org.br\/noticias\/wp-content\/uploads\/2025\/04\/materia-3-3-1024x576.png 1024w, https:\/\/franciscanos.org.br\/noticias\/wp-content\/uploads\/2025\/04\/materia-3-3-768x432.png 768w, https:\/\/franciscanos.org.br\/noticias\/wp-content\/uploads\/2025\/04\/materia-3-3-150x84.png 150w\" sizes=\"(max-width: 1280px) 100vw, 1280px\" \/><\/p>\n<p><strong>O t\u00famulo do Papa, feito com pedra vinda da Lig\u00faria, &#8220;terra de seus av\u00f3s&#8221;<\/strong><br \/>\n<em>Pe\u00e7o que o meu t\u00famulo seja preparado no nicho do corredor lateral entre a Capela Paulina (Capela da Salus Populi Romani) e a Capela Sforza desta mesma Bas\u00edlica Papal, como indicado no anexo. O t\u00famulo deve ser no ch\u00e3o; simples, sem decora\u00e7\u00e3o especial e com uma \u00fanica inscri\u00e7\u00e3o: Franciscus.<\/em> (Trecho do testamento do Papa Francisco)<\/p>\n<p>Em seu pedido, o Pont\u00edfice refor\u00e7ou sua vontade de ter um t\u00famulo simples, escavado no solo e sem decora\u00e7\u00e3o. De acordo com a Sala de Imprensa, o t\u00famulo de Francisco foi talhado em pedra ard\u00f3sia, a pedra \u201cdo povo\u201d, vinda da Lig\u00faria, terra de seus av\u00f3s, com apenas a inscri\u00e7\u00e3o \u201cFranciscus\u201d e a reprodu\u00e7\u00e3o de sua cruz peitoral. Preparado no nicho da nave lateral entre a Capela Paulina (Capela da Salus Populi Romani) e a Capela Sforza da Bas\u00edlica Liberiana, o t\u00famulo est\u00e1 localizado perto do Altar de S\u00e3o Francisco.<\/p>\n<p><strong>Sobre o Santu\u00e1rio de Santa Maria Maior<\/strong><br \/>\n<em>Sempre confiei a minha vida e o minist\u00e9rio sacerdotal e episcopal \u00e0 M\u00e3e do Nosso Senhor, Maria Sant\u00edssima. Por isso, pe\u00e7o que os meus restos mortais repousem, esperando o dia da ressurrei\u00e7\u00e3o, na Bas\u00edlica Papal de Santa Maria Maior. Desejo que a minha \u00faltima viagem terrena se conclua precisamente neste antiqu\u00edssimo santu\u00e1rio Mariano, onde me dirigia para rezar no in\u00edcio e fim de cada Viagem Apost\u00f3lica, para entregar confiadamente as minhas inten\u00e7\u00f5es \u00e0 M\u00e3e Imaculada e agradecer-Lhe pelo d\u00f3cil e materno cuidado.<\/em> (Trecho do testamento do Papa Francisco)<\/p>\n<p>Neste s\u00e1bado (25), mais esse desejo do Papa Francisco ser\u00e1 atendido.<br \/>\nUma das quatro bas\u00edlicas papais em Roma, a Igreja de Santa Maria Maior ir\u00e1 acolher os restos mortais de um de seus filhos, Papa Francisco. Nela encontram-se rel\u00edquias de profundo significado, como a rel\u00edquia do Menino Jesus, que supostamente cont\u00e9m um peda\u00e7o da manjedoura onde Jesus nasceu, s\u00edmbolo importante da encarna\u00e7\u00e3o.<br \/>\nEsta bas\u00edlica, situada no alto do Monte Esquilino, tem 16 s\u00e9culos de hist\u00f3ria e sua origem \u00e9 atribu\u00edda a um ato milagroso: segundo a tradi\u00e7\u00e3o, a Virgem Maria indicou e inspirou a constru\u00e7\u00e3o do edif\u00edcio, aparecendo em sonhos ao patr\u00edcio Jo\u00e3o e ao Papa Lib\u00e9rio (s\u00e9c. IV).<br \/>\nO local foi identificado pelo chamado \u201cmilagre da neve\u201d, segundo o qual, no dia 5 de agosto de 358, nevou em pleno ver\u00e3o no Esquilino, uma das sete colinas de Roma. O Conc\u00edlio de \u00c9feso (431) viria a declarar a Virgem como M\u00e3e de Deus, e o Papa Sisto III (432\u2013440) mandou reedificar a bas\u00edlica, a primeira do Ocidente constru\u00edda em honra de Maria.<br \/>\nDe acordo com a hist\u00f3ria da funda\u00e7\u00e3o, a Virgem Maria apareceu em sonho ao patr\u00edcio Jo\u00e3o e ao Papa Lib\u00e9rio, exortando-os a constru\u00edrem uma igreja a ela dedicada no local exato onde cairia neve. Na manh\u00e3 de 5 de agosto de 358, em pleno ver\u00e3o, viram o per\u00edmetro tra\u00e7ado pela neve no monte do Esquilino, o mais alto dos montes romanos. Ainda hoje, a milagrosa queda de neve \u00e9 comemorada com p\u00e9talas brancas que, durante a liturgia, caem do teto da bas\u00edlica. A tradi\u00e7\u00e3o enobrece Santa Maria Maior como uma rel\u00edquia mariana, desejada e projetada pela pr\u00f3pria M\u00e3e de Deus.<\/p>\n<p><strong><img loading=\"lazy\" class=\"aligncenter wp-image-256434 size-full\" src=\"https:\/\/franciscanos.org.br\/noticias\/wp-content\/uploads\/2025\/04\/materia-6-1.png\" alt=\"\" width=\"1280\" height=\"720\" srcset=\"https:\/\/franciscanos.org.br\/noticias\/wp-content\/uploads\/2025\/04\/materia-6-1.png 1280w, https:\/\/franciscanos.org.br\/noticias\/wp-content\/uploads\/2025\/04\/materia-6-1-450x253.png 450w, https:\/\/franciscanos.org.br\/noticias\/wp-content\/uploads\/2025\/04\/materia-6-1-1024x576.png 1024w, https:\/\/franciscanos.org.br\/noticias\/wp-content\/uploads\/2025\/04\/materia-6-1-768x432.png 768w, https:\/\/franciscanos.org.br\/noticias\/wp-content\/uploads\/2025\/04\/materia-6-1-150x84.png 150w\" sizes=\"(max-width: 1280px) 100vw, 1280px\" \/><\/strong><\/p>\n<p><strong>Santu\u00e1rio Mariano mais importante do Ocidente<\/strong><br \/>\nA Igreja tamb\u00e9m resguarda a imagem de Nossa Senhora <em>Salus Populi Romani<\/em>, famoso \u00edcone mariano que representa Nossa Senhora. \u00c9 uma rel\u00edquia venerada na bas\u00edlica e considerada um s\u00edmbolo de prote\u00e7\u00e3o para a cidade de Roma. A tradi\u00e7\u00e3o atribui a imagem a S\u00e3o Lucas, evangelista e padroeiro dos pintores. \u00c9 em frente a essa imagem que o Papa Francisco rezava antes e depois de suas 47 viagens apost\u00f3licas de seu pontificado, como na foto abaixo.<br \/>\nA Bas\u00edlica Papal de Santa Maria Maior \u00e9 o santu\u00e1rio mariano mais importante e mais antigo do Ocidente, e \u00e9 a \u00fanica das bas\u00edlicas papais que manteve intacto o seu aspecto crist\u00e3o primitivo. Enriquecendo-o com acr\u00e9scimos posteriores, todas as interven\u00e7\u00f5es respeitaram o plano original, que tradicionalmente era considerado fruto de um des\u00edgnio divino.<\/p>\n<p><strong>Hist\u00f3ria, rel\u00edquias e Papas<\/strong><br \/>\nA rel\u00edquia do Sagrado Ber\u00e7o, a manjedoura em que foi colocado o Menino Jesus, recorda a import\u00e2ncia de Santa Maria Maior como a Bel\u00e9m do Ocidente. Aqui, pela primeira vez, se celebrou a missa na noite de Natal e, durante s\u00e9culos, os papas iam \u00e0 bas\u00edlica mantendo este costume.<br \/>\nEntre as rel\u00edquias mais importantes, a bas\u00edlica abriga os restos mortais de S\u00e3o Matias e S\u00e3o Jer\u00f4nimo. Em Santa Maria Maior, o Papa Adriano II acolheu os Santos Cirilo e Met\u00f3dio, em 867, e aprovou o uso do eslavo antigo na liturgia. Sete papas est\u00e3o sepultados na Bas\u00edlica de Santa Maria Maior: Hon\u00f3rio III (papado entre 1216 e 1227), Nicolau IV (1288\u20131292), Pio V (1566\u20131572), Sixto V (1585\u20131590), Clemente VIII (1592\u20131605) e Paulo V (1605\u20131621).<\/p>\n<hr \/>\n<p><em>Adriana Rabelo Rodrigues<\/em><\/p>\n<p>Fontes: Vatican News \/ https:\/\/www.cnbb.org.br\/curiosidades-sobre-a-basilica-de-santa-maria-maior\/\u00a0 https:\/\/veja.abril.com.br\/ cnnbrasil.com.br<\/p>\n","protected":false},"excerpt":{"rendered":"<p>Sepultamento do Papa Francisco<\/p>\n","protected":false},"author":11,"featured_media":256435,"comment_status":"open","ping_status":"open","sticky":false,"template":"","format":"standard","meta":[],"categories":[1],"tags":[2335],"acf":[],"yoast_head":"<!-- This site is optimized with the Yoast SEO plugin v19.2 - https:\/\/yoast.com\/wordpress\/plugins\/seo\/ -->\n<title>O \u00faltimo adeus ao Papa Francisco - Not\u00edcias - Franciscanos<\/title>\n<meta name=\"robots\" content=\"index, follow, max-snippet:-1, max-image-preview:large, max-video-preview:-1\" \/>\n<link rel=\"canonical\" href=\"https:\/\/franciscanos.org.br\/noticias\/o-ultimo-adeus-ao-papa-francisco.html\" \/>\n<meta property=\"og:locale\" content=\"pt_BR\" \/>\n<meta property=\"og:type\" content=\"article\" \/>\n<meta property=\"og:title\" content=\"O \u00faltimo adeus ao Papa Francisco - Not\u00edcias - Franciscanos\" \/>\n<meta property=\"og:description\" content=\"Sepultamento do Papa Francisco\" \/>\n<meta property=\"og:url\" content=\"https:\/\/franciscanos.org.br\/noticias\/o-ultimo-adeus-ao-papa-francisco.html\" \/>\n<meta property=\"og:site_name\" content=\"Not\u00edcias - Franciscanos\" \/>\n<meta property=\"article:published_time\" content=\"2025-04-25T19:00:15+00:00\" \/>\n<meta property=\"article:modified_time\" content=\"2025-04-26T03:07:25+00:00\" \/>\n<meta property=\"og:image\" content=\"https:\/\/franciscanos.org.br\/noticias\/wp-content\/uploads\/2025\/04\/chamada-2-2.png\" \/>\n\t<meta property=\"og:image:width\" content=\"800\" \/>\n\t<meta property=\"og:image:height\" content=\"550\" \/>\n\t<meta property=\"og:image:type\" content=\"image\/png\" \/>\n<meta name=\"author\" content=\"Adriana Rabelo\" \/>\n<meta name=\"twitter:card\" content=\"summary_large_image\" \/>\n<meta name=\"twitter:label1\" content=\"Escrito por\" \/>\n\t<meta name=\"twitter:data1\" content=\"Adriana Rabelo\" \/>\n\t<meta name=\"twitter:label2\" content=\"Est. tempo de leitura\" \/>\n\t<meta name=\"twitter:data2\" content=\"7 minutos\" \/>\n<script type=\"application\/ld+json\" class=\"yoast-schema-graph\">{\"@context\":\"https:\/\/schema.org\",\"@graph\":[{\"@type\":\"WebSite\",\"@id\":\"https:\/\/franciscanos.org.br\/noticias\/#website\",\"url\":\"https:\/\/franciscanos.org.br\/noticias\/\",\"name\":\"Not\u00edcias - Franciscanos\",\"description\":\"Prov\u00edncia Franciscana da Imaculada Concei\u00e7\u00e3o do Brasil - Ordem dos Frades Menores - OFM\",\"potentialAction\":[{\"@type\":\"SearchAction\",\"target\":{\"@type\":\"EntryPoint\",\"urlTemplate\":\"https:\/\/franciscanos.org.br\/noticias\/?s={search_term_string}\"},\"query-input\":\"required name=search_term_string\"}],\"inLanguage\":\"pt-BR\"},{\"@type\":\"ImageObject\",\"inLanguage\":\"pt-BR\",\"@id\":\"https:\/\/franciscanos.org.br\/noticias\/o-ultimo-adeus-ao-papa-francisco.html#primaryimage\",\"url\":\"https:\/\/franciscanos.org.br\/noticias\/wp-content\/uploads\/2025\/04\/chamada-2-2.png\",\"contentUrl\":\"https:\/\/franciscanos.org.br\/noticias\/wp-content\/uploads\/2025\/04\/chamada-2-2.png\",\"width\":800,\"height\":550},{\"@type\":\"WebPage\",\"@id\":\"https:\/\/franciscanos.org.br\/noticias\/o-ultimo-adeus-ao-papa-francisco.html#webpage\",\"url\":\"https:\/\/franciscanos.org.br\/noticias\/o-ultimo-adeus-ao-papa-francisco.html\",\"name\":\"O \u00faltimo adeus ao Papa Francisco - Not\u00edcias - Franciscanos\",\"isPartOf\":{\"@id\":\"https:\/\/franciscanos.org.br\/noticias\/#website\"},\"primaryImageOfPage\":{\"@id\":\"https:\/\/franciscanos.org.br\/noticias\/o-ultimo-adeus-ao-papa-francisco.html#primaryimage\"},\"datePublished\":\"2025-04-25T19:00:15+00:00\",\"dateModified\":\"2025-04-26T03:07:25+00:00\",\"author\":{\"@id\":\"https:\/\/franciscanos.org.br\/noticias\/#\/schema\/person\/d9422e83121c3ad3b0f423d195f5bb25\"},\"breadcrumb\":{\"@id\":\"https:\/\/franciscanos.org.br\/noticias\/o-ultimo-adeus-ao-papa-francisco.html#breadcrumb\"},\"inLanguage\":\"pt-BR\",\"potentialAction\":[{\"@type\":\"ReadAction\",\"target\":[\"https:\/\/franciscanos.org.br\/noticias\/o-ultimo-adeus-ao-papa-francisco.html\"]}]},{\"@type\":\"BreadcrumbList\",\"@id\":\"https:\/\/franciscanos.org.br\/noticias\/o-ultimo-adeus-ao-papa-francisco.html#breadcrumb\",\"itemListElement\":[{\"@type\":\"ListItem\",\"position\":1,\"name\":\"Home\",\"item\":\"https:\/\/franciscanos.org.br\/noticias\"},{\"@type\":\"ListItem\",\"position\":2,\"name\":\"O \u00faltimo adeus ao Papa Francisco\"}]},{\"@type\":\"Person\",\"@id\":\"https:\/\/franciscanos.org.br\/noticias\/#\/schema\/person\/d9422e83121c3ad3b0f423d195f5bb25\",\"name\":\"Adriana Rabelo\",\"image\":{\"@type\":\"ImageObject\",\"inLanguage\":\"pt-BR\",\"@id\":\"https:\/\/franciscanos.org.br\/noticias\/#\/schema\/person\/image\/\",\"url\":\"https:\/\/secure.gravatar.com\/avatar\/0a937b7500cd7df77540cfb8bede877d?s=96&d=mm&r=g\",\"contentUrl\":\"https:\/\/secure.gravatar.com\/avatar\/0a937b7500cd7df77540cfb8bede877d?s=96&d=mm&r=g\",\"caption\":\"Adriana Rabelo\"},\"url\":\"https:\/\/franciscanos.org.br\/noticias\/author\/adrianarabelo\"}]}<\/script>\n<!-- \/ Yoast SEO plugin. -->","yoast_head_json":{"title":"O \u00faltimo adeus ao Papa Francisco - Not\u00edcias - Franciscanos","robots":{"index":"index","follow":"follow","max-snippet":"max-snippet:-1","max-image-preview":"max-image-preview:large","max-video-preview":"max-video-preview:-1"},"canonical":"https:\/\/franciscanos.org.br\/noticias\/o-ultimo-adeus-ao-papa-francisco.html","og_locale":"pt_BR","og_type":"article","og_title":"O \u00faltimo adeus ao Papa Francisco - Not\u00edcias - Franciscanos","og_description":"Sepultamento do Papa Francisco","og_url":"https:\/\/franciscanos.org.br\/noticias\/o-ultimo-adeus-ao-papa-francisco.html","og_site_name":"Not\u00edcias - Franciscanos","article_published_time":"2025-04-25T19:00:15+00:00","article_modified_time":"2025-04-26T03:07:25+00:00","og_image":[{"width":800,"height":550,"url":"https:\/\/franciscanos.org.br\/noticias\/wp-content\/uploads\/2025\/04\/chamada-2-2.png","type":"image\/png"}],"author":"Adriana Rabelo","twitter_card":"summary_large_image","twitter_misc":{"Escrito por":"Adriana Rabelo","Est. tempo de leitura":"7 minutos"},"schema":{"@context":"https:\/\/schema.org","@graph":[{"@type":"WebSite","@id":"https:\/\/franciscanos.org.br\/noticias\/#website","url":"https:\/\/franciscanos.org.br\/noticias\/","name":"Not\u00edcias - Franciscanos","description":"Prov\u00edncia Franciscana da Imaculada Concei\u00e7\u00e3o do Brasil - Ordem dos Frades Menores - OFM","potentialAction":[{"@type":"SearchAction","target":{"@type":"EntryPoint","urlTemplate":"https:\/\/franciscanos.org.br\/noticias\/?s={search_term_string}"},"query-input":"required name=search_term_string"}],"inLanguage":"pt-BR"},{"@type":"ImageObject","inLanguage":"pt-BR","@id":"https:\/\/franciscanos.org.br\/noticias\/o-ultimo-adeus-ao-papa-francisco.html#primaryimage","url":"https:\/\/franciscanos.org.br\/noticias\/wp-content\/uploads\/2025\/04\/chamada-2-2.png","contentUrl":"https:\/\/franciscanos.org.br\/noticias\/wp-content\/uploads\/2025\/04\/chamada-2-2.png","width":800,"height":550},{"@type":"WebPage","@id":"https:\/\/franciscanos.org.br\/noticias\/o-ultimo-adeus-ao-papa-francisco.html#webpage","url":"https:\/\/franciscanos.org.br\/noticias\/o-ultimo-adeus-ao-papa-francisco.html","name":"O \u00faltimo adeus ao Papa Francisco - Not\u00edcias - Franciscanos","isPartOf":{"@id":"https:\/\/franciscanos.org.br\/noticias\/#website"},"primaryImageOfPage":{"@id":"https:\/\/franciscanos.org.br\/noticias\/o-ultimo-adeus-ao-papa-francisco.html#primaryimage"},"datePublished":"2025-04-25T19:00:15+00:00","dateModified":"2025-04-26T03:07:25+00:00","author":{"@id":"https:\/\/franciscanos.org.br\/noticias\/#\/schema\/person\/d9422e83121c3ad3b0f423d195f5bb25"},"breadcrumb":{"@id":"https:\/\/franciscanos.org.br\/noticias\/o-ultimo-adeus-ao-papa-francisco.html#breadcrumb"},"inLanguage":"pt-BR","potentialAction":[{"@type":"ReadAction","target":["https:\/\/franciscanos.org.br\/noticias\/o-ultimo-adeus-ao-papa-francisco.html"]}]},{"@type":"BreadcrumbList","@id":"https:\/\/franciscanos.org.br\/noticias\/o-ultimo-adeus-ao-papa-francisco.html#breadcrumb","itemListElement":[{"@type":"ListItem","position":1,"name":"Home","item":"https:\/\/franciscanos.org.br\/noticias"},{"@type":"ListItem","position":2,"name":"O \u00faltimo adeus ao Papa Francisco"}]},{"@type":"Person","@id":"https:\/\/franciscanos.org.br\/noticias\/#\/schema\/person\/d9422e83121c3ad3b0f423d195f5bb25","name":"Adriana Rabelo","image":{"@type":"ImageObject","inLanguage":"pt-BR","@id":"https:\/\/franciscanos.org.br\/noticias\/#\/schema\/person\/image\/","url":"https:\/\/secure.gravatar.com\/avatar\/0a937b7500cd7df77540cfb8bede877d?s=96&d=mm&r=g","contentUrl":"https:\/\/secure.gravatar.com\/avatar\/0a937b7500cd7df77540cfb8bede877d?s=96&d=mm&r=g","caption":"Adriana Rabelo"},"url":"https:\/\/franciscanos.org.br\/noticias\/author\/adrianarabelo"}]}},"_links":{"self":[{"href":"https:\/\/franciscanos.org.br\/noticias\/wp-json\/wp\/v2\/posts\/256430"}],"collection":[{"href":"https:\/\/franciscanos.org.br\/noticias\/wp-json\/wp\/v2\/posts"}],"about":[{"href":"https:\/\/franciscanos.org.br\/noticias\/wp-json\/wp\/v2\/types\/post"}],"author":[{"embeddable":true,"href":"https:\/\/franciscanos.org.br\/noticias\/wp-json\/wp\/v2\/users\/11"}],"replies":[{"embeddable":true,"href":"https:\/\/franciscanos.org.br\/noticias\/wp-json\/wp\/v2\/comments?post=256430"}],"version-history":[{"count":3,"href":"https:\/\/franciscanos.org.br\/noticias\/wp-json\/wp\/v2\/posts\/256430\/revisions"}],"predecessor-version":[{"id":256441,"href":"https:\/\/franciscanos.org.br\/noticias\/wp-json\/wp\/v2\/posts\/256430\/revisions\/256441"}],"wp:featuredmedia":[{"embeddable":true,"href":"https:\/\/franciscanos.org.br\/noticias\/wp-json\/wp\/v2\/media\/256435"}],"wp:attachment":[{"href":"https:\/\/franciscanos.org.br\/noticias\/wp-json\/wp\/v2\/media?parent=256430"}],"wp:term":[{"taxonomy":"category","embeddable":true,"href":"https:\/\/franciscanos.org.br\/noticias\/wp-json\/wp\/v2\/categories?post=256430"},{"taxonomy":"post_tag","embeddable":true,"href":"https:\/\/franciscanos.org.br\/noticias\/wp-json\/wp\/v2\/tags?post=256430"}],"curies":[{"name":"wp","href":"https:\/\/api.w.org\/{rel}","templated":true}]}}