{"id":256295,"date":"2025-04-23T08:14:13","date_gmt":"2025-04-23T11:14:13","guid":{"rendered":"https:\/\/franciscanos.org.br\/noticias\/?p=256295"},"modified":"2025-04-23T08:14:13","modified_gmt":"2025-04-23T11:14:13","slug":"sefras-realiza-homenagem-ao-papa-francisco-no-cha-do-padre","status":"publish","type":"post","link":"https:\/\/franciscanos.org.br\/noticias\/sefras-realiza-homenagem-ao-papa-francisco-no-cha-do-padre.html","title":{"rendered":"Sefras realiza homenagem ao Papa Francisco no Ch\u00e1 do Padre"},"content":{"rendered":"<div data-breakout=\"normal\">\n<p id=\"viewer-h13y7128\" class=\"HliLS rWHrn ypcKa _3wSyn\" dir=\"auto\"><span class=\"BF1L-\"><img loading=\"lazy\" class=\"aligncenter wp-image-256297 size-full\" src=\"https:\/\/franciscanos.org.br\/noticias\/wp-content\/uploads\/2025\/04\/materia-25.png\" alt=\"\" width=\"1280\" height=\"720\" srcset=\"https:\/\/franciscanos.org.br\/noticias\/wp-content\/uploads\/2025\/04\/materia-25.png 1280w, https:\/\/franciscanos.org.br\/noticias\/wp-content\/uploads\/2025\/04\/materia-25-450x253.png 450w, https:\/\/franciscanos.org.br\/noticias\/wp-content\/uploads\/2025\/04\/materia-25-1024x576.png 1024w, https:\/\/franciscanos.org.br\/noticias\/wp-content\/uploads\/2025\/04\/materia-25-768x432.png 768w, https:\/\/franciscanos.org.br\/noticias\/wp-content\/uploads\/2025\/04\/materia-25-150x84.png 150w\" sizes=\"(max-width: 1280px) 100vw, 1280px\" \/><\/span><\/p>\n<p class=\"HliLS rWHrn ypcKa _3wSyn\" dir=\"auto\"><span class=\"BF1L-\">Na manh\u00e3 desta ter\u00e7a-feira, 22 de abril, o Sefras \u2013 A\u00e7\u00e3o Social Franciscana \u2013 promoveu uma homenagem especial em mem\u00f3ria do Papa Francisco, figura central para os que acreditam em uma Igreja mais pr\u00f3xima dos pobres, dos migrantes e da ecologia integral. O encontro acontece \u00e0s 11h no servi\u00e7o Ch\u00e1 do Padre, localizado na Rua Riachuelo, 268, no centro de S\u00e3o Paulo.\u200b<\/span><\/p>\n<\/div>\n<div data-breakout=\"normal\">\n<p id=\"viewer-pzsh149\" class=\"HliLS rWHrn ypcKa _3wSyn\" dir=\"auto\"><span class=\"BF1L-\">Com o tema <strong>&#8220;Francisco, o Papa da Esperan\u00e7a&#8221;<\/strong>, o momento foi de ora\u00e7\u00e3o, mem\u00f3ria e reflex\u00e3o sobre o legado deixado por um dos papas mais significativos da hist\u00f3ria recente da Igreja Cat\u00f3lica. Em sua trajet\u00f3ria, Papa Francisco conquistou cora\u00e7\u00f5es ao redor do mundo por seu compromisso com a justi\u00e7a social, a dignidade humana e o cuidado com a Casa Comum.\u200b<\/span><\/p>\n<\/div>\n<div data-breakout=\"normal\">\n<p id=\"viewer-9ne4y53\" class=\"HliLS rWHrn ypcKa _3wSyn\" dir=\"auto\"><span class=\"BF1L-\">O Ch\u00e1 do Padre, servi\u00e7o do Sefras voltado ao cuidado com a popula\u00e7\u00e3o em situa\u00e7\u00e3o de rua, \u00e9 mais do que um local onde se serve comida. Aqui, as pessoas encontram escuta, respeito e uma oportunidade de recome\u00e7ar. Em uma cidade que tantas vezes vira as costas para quem mais precisa, o Ch\u00e1 segue firme como sinal de resist\u00eancia e cuidado.<\/span><\/p>\n<\/div>\n<div data-breakout=\"normal\">\n\n\t\t<style type=\"text\/css\">\n\t\t\t#gallery-1 {\n\t\t\t\tmargin: auto;\n\t\t\t}\n\t\t\t#gallery-1 .gallery-item {\n\t\t\t\tfloat: left;\n\t\t\t\tmargin-top: 10px;\n\t\t\t\ttext-align: center;\n\t\t\t\twidth: 50%;\n\t\t\t}\n\t\t\t#gallery-1 img {\n\t\t\t\tborder: 2px solid #cfcfcf;\n\t\t\t}\n\t\t\t#gallery-1 .gallery-caption {\n\t\t\t\tmargin-left: 0;\n\t\t\t}\n\t\t\t\/* see gallery_shortcode() in wp-includes\/media.php *\/\n\t\t<\/style>\n\t\t<div id='gallery-1' class='gallery galleryid-256295 gallery-columns-2 gallery-size-thumbnail'><dl class='gallery-item'>\n\t\t\t<dt class='gallery-icon portrait'>\n\t\t\t\t<a href='https:\/\/franciscanos.org.br\/noticias\/wp-content\/uploads\/2025\/04\/WhatsApp-Image-2025-04-22-at-18.21.05-scaled.jpeg'><img width=\"300\" height=\"300\" src=\"https:\/\/franciscanos.org.br\/noticias\/wp-content\/uploads\/2025\/04\/WhatsApp-Image-2025-04-22-at-18.21.05-300x300.jpeg\" class=\"attachment-thumbnail size-thumbnail\" alt=\"\" loading=\"lazy\" srcset=\"https:\/\/franciscanos.org.br\/noticias\/wp-content\/uploads\/2025\/04\/WhatsApp-Image-2025-04-22-at-18.21.05-300x300.jpeg 300w, https:\/\/franciscanos.org.br\/noticias\/wp-content\/uploads\/2025\/04\/WhatsApp-Image-2025-04-22-at-18.21.05-100x100.jpeg 100w\" sizes=\"(max-width: 300px) 100vw, 300px\" \/><\/a>\n\t\t\t<\/dt><\/dl><dl class='gallery-item'>\n\t\t\t<dt class='gallery-icon portrait'>\n\t\t\t\t<a href='https:\/\/franciscanos.org.br\/noticias\/wp-content\/uploads\/2025\/04\/WhatsApp-Image-2025-04-22-at-18.21.05-2-1-scaled.jpeg'><img width=\"300\" height=\"300\" src=\"https:\/\/franciscanos.org.br\/noticias\/wp-content\/uploads\/2025\/04\/WhatsApp-Image-2025-04-22-at-18.21.05-2-1-300x300.jpeg\" class=\"attachment-thumbnail size-thumbnail\" alt=\"\" loading=\"lazy\" srcset=\"https:\/\/franciscanos.org.br\/noticias\/wp-content\/uploads\/2025\/04\/WhatsApp-Image-2025-04-22-at-18.21.05-2-1-300x300.jpeg 300w, https:\/\/franciscanos.org.br\/noticias\/wp-content\/uploads\/2025\/04\/WhatsApp-Image-2025-04-22-at-18.21.05-2-1-100x100.jpeg 100w\" sizes=\"(max-width: 300px) 100vw, 300px\" \/><\/a>\n\t\t\t<\/dt><\/dl><br style=\"clear: both\" \/>\n\t\t<\/div>\n\n<p class=\"HliLS rWHrn ypcKa _3wSyn\" dir=\"auto\"><span class=\"BF1L-\">Atualmente, o Ch\u00e1 do Padre oferece uma estrutura consolidada, garantindo uma s\u00e9rie de servi\u00e7os essenciais: atendimento social, apoio jur\u00eddico em parceria com a Defensoria P\u00fablica e a OAB, oficinas de m\u00fasica, arte e cultura, corte de cabelo, grupos de apoio ao emprego, reuni\u00f5es tem\u00e1ticas de combate \u00e0s viol\u00eancias e preconceitos, al\u00e9m de momentos de lazer como cinema e a festa mensal dos aniversariantes. \u200b<\/span><\/p>\n<p class=\"HliLS rWHrn ypcKa _3wSyn\" dir=\"auto\">Al\u00e9m disso, o Ch\u00e1 do Padre mant\u00e9m um intenso trabalho na \u00e1rea da alimenta\u00e7\u00e3o, garantindo refei\u00e7\u00f5es di\u00e1rias para centenas de pessoas. Totalizando cerca de 438.000 refei\u00e7\u00f5es servidas anualmente, al\u00e9m de mais de 36.500 banhos oferecidos para garantir um m\u00ednimo de dignidade a quem mais precisa.<\/p>\n<p dir=\"auto\"><span class=\"BF1L-\">A homenagem foi aberta ao p\u00fablico e contou com momentos de espiritualidade, escuta e partilha \u2013 em profunda sintonia com a miss\u00e3o de Francisco.<\/span><\/p>\n<hr \/>\n<\/div>\n<div data-hook=\"rcv-block7\"><em>Melissa Galdino- Sefras<\/em><\/div>\n","protected":false},"excerpt":{"rendered":"<p>Falecimento do Papa Francisco<\/p>\n","protected":false},"author":11,"featured_media":256296,"comment_status":"open","ping_status":"open","sticky":false,"template":"","format":"standard","meta":[],"categories":[1],"tags":[2335,228],"acf":[],"yoast_head":"<!-- This site is optimized with the Yoast SEO plugin v19.2 - https:\/\/yoast.com\/wordpress\/plugins\/seo\/ -->\n<title>Sefras realiza homenagem ao Papa Francisco no Ch\u00e1 do Padre - Not\u00edcias - Franciscanos<\/title>\n<meta name=\"robots\" content=\"index, follow, max-snippet:-1, max-image-preview:large, max-video-preview:-1\" \/>\n<link rel=\"canonical\" href=\"https:\/\/franciscanos.org.br\/noticias\/sefras-realiza-homenagem-ao-papa-francisco-no-cha-do-padre.html\" \/>\n<meta property=\"og:locale\" content=\"pt_BR\" \/>\n<meta property=\"og:type\" content=\"article\" \/>\n<meta property=\"og:title\" content=\"Sefras realiza homenagem ao Papa Francisco no Ch\u00e1 do Padre - Not\u00edcias - Franciscanos\" \/>\n<meta property=\"og:description\" content=\"Falecimento do Papa Francisco\" \/>\n<meta property=\"og:url\" content=\"https:\/\/franciscanos.org.br\/noticias\/sefras-realiza-homenagem-ao-papa-francisco-no-cha-do-padre.html\" \/>\n<meta property=\"og:site_name\" content=\"Not\u00edcias - Franciscanos\" \/>\n<meta property=\"article:published_time\" content=\"2025-04-23T11:14:13+00:00\" \/>\n<meta property=\"og:image\" content=\"https:\/\/franciscanos.org.br\/noticias\/wp-content\/uploads\/2025\/04\/chamada-22.png\" \/>\n\t<meta property=\"og:image:width\" content=\"800\" \/>\n\t<meta property=\"og:image:height\" content=\"550\" \/>\n\t<meta property=\"og:image:type\" content=\"image\/png\" \/>\n<meta name=\"author\" content=\"Adriana Rabelo\" \/>\n<meta name=\"twitter:card\" content=\"summary_large_image\" \/>\n<meta name=\"twitter:label1\" content=\"Escrito por\" \/>\n\t<meta name=\"twitter:data1\" content=\"Adriana Rabelo\" \/>\n\t<meta name=\"twitter:label2\" content=\"Est. tempo de leitura\" \/>\n\t<meta name=\"twitter:data2\" content=\"2 minutos\" \/>\n<script type=\"application\/ld+json\" class=\"yoast-schema-graph\">{\"@context\":\"https:\/\/schema.org\",\"@graph\":[{\"@type\":\"WebSite\",\"@id\":\"https:\/\/franciscanos.org.br\/noticias\/#website\",\"url\":\"https:\/\/franciscanos.org.br\/noticias\/\",\"name\":\"Not\u00edcias - Franciscanos\",\"description\":\"Prov\u00edncia Franciscana da Imaculada Concei\u00e7\u00e3o do Brasil - Ordem dos Frades Menores - OFM\",\"potentialAction\":[{\"@type\":\"SearchAction\",\"target\":{\"@type\":\"EntryPoint\",\"urlTemplate\":\"https:\/\/franciscanos.org.br\/noticias\/?s={search_term_string}\"},\"query-input\":\"required name=search_term_string\"}],\"inLanguage\":\"pt-BR\"},{\"@type\":\"ImageObject\",\"inLanguage\":\"pt-BR\",\"@id\":\"https:\/\/franciscanos.org.br\/noticias\/sefras-realiza-homenagem-ao-papa-francisco-no-cha-do-padre.html#primaryimage\",\"url\":\"https:\/\/franciscanos.org.br\/noticias\/wp-content\/uploads\/2025\/04\/chamada-22.png\",\"contentUrl\":\"https:\/\/franciscanos.org.br\/noticias\/wp-content\/uploads\/2025\/04\/chamada-22.png\",\"width\":800,\"height\":550},{\"@type\":\"WebPage\",\"@id\":\"https:\/\/franciscanos.org.br\/noticias\/sefras-realiza-homenagem-ao-papa-francisco-no-cha-do-padre.html#webpage\",\"url\":\"https:\/\/franciscanos.org.br\/noticias\/sefras-realiza-homenagem-ao-papa-francisco-no-cha-do-padre.html\",\"name\":\"Sefras realiza homenagem ao Papa Francisco no Ch\u00e1 do Padre - Not\u00edcias - Franciscanos\",\"isPartOf\":{\"@id\":\"https:\/\/franciscanos.org.br\/noticias\/#website\"},\"primaryImageOfPage\":{\"@id\":\"https:\/\/franciscanos.org.br\/noticias\/sefras-realiza-homenagem-ao-papa-francisco-no-cha-do-padre.html#primaryimage\"},\"datePublished\":\"2025-04-23T11:14:13+00:00\",\"dateModified\":\"2025-04-23T11:14:13+00:00\",\"author\":{\"@id\":\"https:\/\/franciscanos.org.br\/noticias\/#\/schema\/person\/d9422e83121c3ad3b0f423d195f5bb25\"},\"breadcrumb\":{\"@id\":\"https:\/\/franciscanos.org.br\/noticias\/sefras-realiza-homenagem-ao-papa-francisco-no-cha-do-padre.html#breadcrumb\"},\"inLanguage\":\"pt-BR\",\"potentialAction\":[{\"@type\":\"ReadAction\",\"target\":[\"https:\/\/franciscanos.org.br\/noticias\/sefras-realiza-homenagem-ao-papa-francisco-no-cha-do-padre.html\"]}]},{\"@type\":\"BreadcrumbList\",\"@id\":\"https:\/\/franciscanos.org.br\/noticias\/sefras-realiza-homenagem-ao-papa-francisco-no-cha-do-padre.html#breadcrumb\",\"itemListElement\":[{\"@type\":\"ListItem\",\"position\":1,\"name\":\"Home\",\"item\":\"https:\/\/franciscanos.org.br\/noticias\"},{\"@type\":\"ListItem\",\"position\":2,\"name\":\"Sefras realiza homenagem ao Papa Francisco no Ch\u00e1 do Padre\"}]},{\"@type\":\"Person\",\"@id\":\"https:\/\/franciscanos.org.br\/noticias\/#\/schema\/person\/d9422e83121c3ad3b0f423d195f5bb25\",\"name\":\"Adriana Rabelo\",\"image\":{\"@type\":\"ImageObject\",\"inLanguage\":\"pt-BR\",\"@id\":\"https:\/\/franciscanos.org.br\/noticias\/#\/schema\/person\/image\/\",\"url\":\"https:\/\/secure.gravatar.com\/avatar\/0a937b7500cd7df77540cfb8bede877d?s=96&d=mm&r=g\",\"contentUrl\":\"https:\/\/secure.gravatar.com\/avatar\/0a937b7500cd7df77540cfb8bede877d?s=96&d=mm&r=g\",\"caption\":\"Adriana Rabelo\"},\"url\":\"https:\/\/franciscanos.org.br\/noticias\/author\/adrianarabelo\"}]}<\/script>\n<!-- \/ Yoast SEO plugin. -->","yoast_head_json":{"title":"Sefras realiza homenagem ao Papa Francisco no Ch\u00e1 do Padre - Not\u00edcias - Franciscanos","robots":{"index":"index","follow":"follow","max-snippet":"max-snippet:-1","max-image-preview":"max-image-preview:large","max-video-preview":"max-video-preview:-1"},"canonical":"https:\/\/franciscanos.org.br\/noticias\/sefras-realiza-homenagem-ao-papa-francisco-no-cha-do-padre.html","og_locale":"pt_BR","og_type":"article","og_title":"Sefras realiza homenagem ao Papa Francisco no Ch\u00e1 do Padre - Not\u00edcias - Franciscanos","og_description":"Falecimento do Papa Francisco","og_url":"https:\/\/franciscanos.org.br\/noticias\/sefras-realiza-homenagem-ao-papa-francisco-no-cha-do-padre.html","og_site_name":"Not\u00edcias - Franciscanos","article_published_time":"2025-04-23T11:14:13+00:00","og_image":[{"width":800,"height":550,"url":"https:\/\/franciscanos.org.br\/noticias\/wp-content\/uploads\/2025\/04\/chamada-22.png","type":"image\/png"}],"author":"Adriana Rabelo","twitter_card":"summary_large_image","twitter_misc":{"Escrito por":"Adriana Rabelo","Est. tempo de leitura":"2 minutos"},"schema":{"@context":"https:\/\/schema.org","@graph":[{"@type":"WebSite","@id":"https:\/\/franciscanos.org.br\/noticias\/#website","url":"https:\/\/franciscanos.org.br\/noticias\/","name":"Not\u00edcias - Franciscanos","description":"Prov\u00edncia Franciscana da Imaculada Concei\u00e7\u00e3o do Brasil - Ordem dos Frades Menores - OFM","potentialAction":[{"@type":"SearchAction","target":{"@type":"EntryPoint","urlTemplate":"https:\/\/franciscanos.org.br\/noticias\/?s={search_term_string}"},"query-input":"required name=search_term_string"}],"inLanguage":"pt-BR"},{"@type":"ImageObject","inLanguage":"pt-BR","@id":"https:\/\/franciscanos.org.br\/noticias\/sefras-realiza-homenagem-ao-papa-francisco-no-cha-do-padre.html#primaryimage","url":"https:\/\/franciscanos.org.br\/noticias\/wp-content\/uploads\/2025\/04\/chamada-22.png","contentUrl":"https:\/\/franciscanos.org.br\/noticias\/wp-content\/uploads\/2025\/04\/chamada-22.png","width":800,"height":550},{"@type":"WebPage","@id":"https:\/\/franciscanos.org.br\/noticias\/sefras-realiza-homenagem-ao-papa-francisco-no-cha-do-padre.html#webpage","url":"https:\/\/franciscanos.org.br\/noticias\/sefras-realiza-homenagem-ao-papa-francisco-no-cha-do-padre.html","name":"Sefras realiza homenagem ao Papa Francisco no Ch\u00e1 do Padre - Not\u00edcias - Franciscanos","isPartOf":{"@id":"https:\/\/franciscanos.org.br\/noticias\/#website"},"primaryImageOfPage":{"@id":"https:\/\/franciscanos.org.br\/noticias\/sefras-realiza-homenagem-ao-papa-francisco-no-cha-do-padre.html#primaryimage"},"datePublished":"2025-04-23T11:14:13+00:00","dateModified":"2025-04-23T11:14:13+00:00","author":{"@id":"https:\/\/franciscanos.org.br\/noticias\/#\/schema\/person\/d9422e83121c3ad3b0f423d195f5bb25"},"breadcrumb":{"@id":"https:\/\/franciscanos.org.br\/noticias\/sefras-realiza-homenagem-ao-papa-francisco-no-cha-do-padre.html#breadcrumb"},"inLanguage":"pt-BR","potentialAction":[{"@type":"ReadAction","target":["https:\/\/franciscanos.org.br\/noticias\/sefras-realiza-homenagem-ao-papa-francisco-no-cha-do-padre.html"]}]},{"@type":"BreadcrumbList","@id":"https:\/\/franciscanos.org.br\/noticias\/sefras-realiza-homenagem-ao-papa-francisco-no-cha-do-padre.html#breadcrumb","itemListElement":[{"@type":"ListItem","position":1,"name":"Home","item":"https:\/\/franciscanos.org.br\/noticias"},{"@type":"ListItem","position":2,"name":"Sefras realiza homenagem ao Papa Francisco no Ch\u00e1 do Padre"}]},{"@type":"Person","@id":"https:\/\/franciscanos.org.br\/noticias\/#\/schema\/person\/d9422e83121c3ad3b0f423d195f5bb25","name":"Adriana Rabelo","image":{"@type":"ImageObject","inLanguage":"pt-BR","@id":"https:\/\/franciscanos.org.br\/noticias\/#\/schema\/person\/image\/","url":"https:\/\/secure.gravatar.com\/avatar\/0a937b7500cd7df77540cfb8bede877d?s=96&d=mm&r=g","contentUrl":"https:\/\/secure.gravatar.com\/avatar\/0a937b7500cd7df77540cfb8bede877d?s=96&d=mm&r=g","caption":"Adriana Rabelo"},"url":"https:\/\/franciscanos.org.br\/noticias\/author\/adrianarabelo"}]}},"_links":{"self":[{"href":"https:\/\/franciscanos.org.br\/noticias\/wp-json\/wp\/v2\/posts\/256295"}],"collection":[{"href":"https:\/\/franciscanos.org.br\/noticias\/wp-json\/wp\/v2\/posts"}],"about":[{"href":"https:\/\/franciscanos.org.br\/noticias\/wp-json\/wp\/v2\/types\/post"}],"author":[{"embeddable":true,"href":"https:\/\/franciscanos.org.br\/noticias\/wp-json\/wp\/v2\/users\/11"}],"replies":[{"embeddable":true,"href":"https:\/\/franciscanos.org.br\/noticias\/wp-json\/wp\/v2\/comments?post=256295"}],"version-history":[{"count":3,"href":"https:\/\/franciscanos.org.br\/noticias\/wp-json\/wp\/v2\/posts\/256295\/revisions"}],"predecessor-version":[{"id":256305,"href":"https:\/\/franciscanos.org.br\/noticias\/wp-json\/wp\/v2\/posts\/256295\/revisions\/256305"}],"wp:featuredmedia":[{"embeddable":true,"href":"https:\/\/franciscanos.org.br\/noticias\/wp-json\/wp\/v2\/media\/256296"}],"wp:attachment":[{"href":"https:\/\/franciscanos.org.br\/noticias\/wp-json\/wp\/v2\/media?parent=256295"}],"wp:term":[{"taxonomy":"category","embeddable":true,"href":"https:\/\/franciscanos.org.br\/noticias\/wp-json\/wp\/v2\/categories?post=256295"},{"taxonomy":"post_tag","embeddable":true,"href":"https:\/\/franciscanos.org.br\/noticias\/wp-json\/wp\/v2\/tags?post=256295"}],"curies":[{"name":"wp","href":"https:\/\/api.w.org\/{rel}","templated":true}]}}