{"id":256288,"date":"2025-04-22T23:53:17","date_gmt":"2025-04-23T02:53:17","guid":{"rendered":"https:\/\/franciscanos.org.br\/noticias\/?p=256288"},"modified":"2025-04-23T00:13:42","modified_gmt":"2025-04-23T03:13:42","slug":"terca-do-terco-no-oitavario-da-penha","status":"publish","type":"post","link":"https:\/\/franciscanos.org.br\/noticias\/terca-do-terco-no-oitavario-da-penha.html","title":{"rendered":"Ter\u00e7a do ter\u00e7o no Oitav\u00e1rio da Penha"},"content":{"rendered":"<p><img loading=\"lazy\" class=\"aligncenter wp-image-256286 size-full\" src=\"https:\/\/franciscanos.org.br\/noticias\/wp-content\/uploads\/2025\/04\/penha_220425_1.jpg\" alt=\"\" width=\"1280\" height=\"720\" srcset=\"https:\/\/franciscanos.org.br\/noticias\/wp-content\/uploads\/2025\/04\/penha_220425_1.jpg 1280w, https:\/\/franciscanos.org.br\/noticias\/wp-content\/uploads\/2025\/04\/penha_220425_1-450x253.jpg 450w, https:\/\/franciscanos.org.br\/noticias\/wp-content\/uploads\/2025\/04\/penha_220425_1-1024x576.jpg 1024w, https:\/\/franciscanos.org.br\/noticias\/wp-content\/uploads\/2025\/04\/penha_220425_1-768x432.jpg 768w, https:\/\/franciscanos.org.br\/noticias\/wp-content\/uploads\/2025\/04\/penha_220425_1-150x84.jpg 150w\" sizes=\"(max-width: 1280px) 100vw, 1280px\" \/><\/p>\n<p style=\"font-weight: 400;\"><strong>Vila Velha (ES) &#8211;\u00a0<\/strong>Tradi\u00e7\u00e3o iniciada no tempo da pandemia, de rezar a Coroa das Sete Alegrias de Nossa Senhora com os fi\u00e9is conectados pelas redes sociais, o projeto \u201cToda ter\u00e7a tem ter\u00e7o\u201d tamb\u00e9m ganhou espa\u00e7o na programa\u00e7\u00e3o noturna da Festa da Penha 2025. Al\u00e9m de participarem do momento devocional do oitav\u00e1rio, tamb\u00e9m uma novidade deste ano, os fi\u00e9is puderam acompanhar presencialmente com os frades a ora\u00e7\u00e3o da Coroa das Sete Alegrias de Nossa Senhora. Frei Jorge L\u00e1zaro, da Fraternidade do Convento, dirigiu o momento orante em companhia de Frei Paulo C\u00e9sar Ferreira da Silva, tamb\u00e9m do Convento. Frei Jorge manifestou a alegria de fazer parte desta feliz iniciativa: \u201cEste ano, de modo especial, tivemos o privil\u00e9gio de rezar presencialmente com cada pessoa que veio se juntar a n\u00f3s. Toda ter\u00e7a-feira tem ter\u00e7o, mas normalmente acontece de forma virtual, pelas redes sociais. E, neste ano, com a gra\u00e7a de Deus, pudemos contar com a presen\u00e7a de muitos fi\u00e9is que rezaram com muita devo\u00e7\u00e3o e confian\u00e7a em Nossa Senhora da Penha &#8211; essa grande protetora e cuidadora de todos n\u00f3s, que est\u00e1 sempre intercedendo a Deus Pai por n\u00f3s\u201d, disse.<\/p>\n<p><img loading=\"lazy\" class=\"aligncenter wp-image-256280 size-full\" src=\"https:\/\/franciscanos.org.br\/noticias\/wp-content\/uploads\/2025\/04\/PENHA_2204_013.jpg\" alt=\"\" width=\"1080\" height=\"720\" srcset=\"https:\/\/franciscanos.org.br\/noticias\/wp-content\/uploads\/2025\/04\/PENHA_2204_013.jpg 1080w, https:\/\/franciscanos.org.br\/noticias\/wp-content\/uploads\/2025\/04\/PENHA_2204_013-450x300.jpg 450w, https:\/\/franciscanos.org.br\/noticias\/wp-content\/uploads\/2025\/04\/PENHA_2204_013-1024x683.jpg 1024w, https:\/\/franciscanos.org.br\/noticias\/wp-content\/uploads\/2025\/04\/PENHA_2204_013-768x512.jpg 768w, https:\/\/franciscanos.org.br\/noticias\/wp-content\/uploads\/2025\/04\/PENHA_2204_013-150x100.jpg 150w\" sizes=\"(max-width: 1080px) 100vw, 1080px\" \/><\/p>\n<p style=\"font-weight: 400;\">Na introdu\u00e7\u00e3o a cada Alegria anunciada, Frei Paulo C\u00e9sar apresentava uma breve catequese. Na sexta Alegria, que recorda a Ressurrei\u00e7\u00e3o de Cristo, destacou: \u201cA ressurrei\u00e7\u00e3o de Jesus \u00e9 a confirma\u00e7\u00e3o da promessa de Deus de salva\u00e7\u00e3o e vida eterna. Para Maria, que sempre acreditou nessa promessa e que esteve presente na vida e na morte de Jesus, a ressurrei\u00e7\u00e3o deve ter sido uma alegria imensa. Maria, ao testemunhar a ressurrei\u00e7\u00e3o, se torna um modelo de f\u00e9, de esperan\u00e7a e de amor para todos os crist\u00e3os. Ela nos convida a participar de sua alegria, a celebrar a vida eterna plena, a confiar em Deus, mesmo nas situa\u00e7\u00f5es mais dif\u00edceis\u201d.<\/p>\n<p><img loading=\"lazy\" class=\"aligncenter wp-image-256284 size-full\" src=\"https:\/\/franciscanos.org.br\/noticias\/wp-content\/uploads\/2025\/04\/PENHA_2204_DESTAQUE2.jpg\" alt=\"\" width=\"1280\" height=\"720\" srcset=\"https:\/\/franciscanos.org.br\/noticias\/wp-content\/uploads\/2025\/04\/PENHA_2204_DESTAQUE2.jpg 1280w, https:\/\/franciscanos.org.br\/noticias\/wp-content\/uploads\/2025\/04\/PENHA_2204_DESTAQUE2-450x253.jpg 450w, https:\/\/franciscanos.org.br\/noticias\/wp-content\/uploads\/2025\/04\/PENHA_2204_DESTAQUE2-1024x576.jpg 1024w, https:\/\/franciscanos.org.br\/noticias\/wp-content\/uploads\/2025\/04\/PENHA_2204_DESTAQUE2-768x432.jpg 768w, https:\/\/franciscanos.org.br\/noticias\/wp-content\/uploads\/2025\/04\/PENHA_2204_DESTAQUE2-150x84.jpg 150w\" sizes=\"(max-width: 1280px) 100vw, 1280px\" \/><\/p>\n<p style=\"font-weight: 400;\">Se \u201ctoda ter\u00e7a tem ter\u00e7o\u201d, nesta ter\u00e7a da Festa teve tamb\u00e9m a visita da Imagem Peregrina de Nossa Senhora da Penha ao Santu\u00e1rio S\u00e3o Jos\u00e9 de Anchieta, em Anchieta. Depois de visitar a Par\u00f3quia Nossa Senhora da Penha, no Flexal, desta vez a imagem de Nossa Senhora foi um pouco mais longe. O Reitor do Santu\u00e1rio S\u00e3o Jos\u00e9 de Anchieta, Padre \u00c1lvaro Negromonte, jesu\u00edta, deu boas-vindas \u00e0 comitiva do Convento: \u201cCom grande alegria recebemos aqui no Santu\u00e1rio Nacional, nesta manh\u00e3, e em pleno oitav\u00e1rio, a bela imagem peregrina de Nossa Senhora da Penha, trazida pelo Frei Gabriel, que \u00e9 o reitor l\u00e1 do Convento da Penha, esse jovem padre, juntamente com seus confrades, que v\u00eam de v\u00e1rias partes do Brasil e que conosco celebram essa alegria da festa. Ent\u00e3o, mam\u00e3e, venha visitar os seus filhos hoje\u201d, acolheu os peregrinos. Tamb\u00e9m esteve presente o Coordenador da \u00c1rea Pastoral Benevente, Padre Carlos Pinto Barbosa. Para o Guardi\u00e3o do Convento da Penha, Frei Gabriel Dellandrea, que, em conson\u00e2ncia com o tema deste ano, a imagem de Nossa Senhora da Penha tamb\u00e9m se fez peregrina: \u201cA imagem de Nossa Senhora da Penha tamb\u00e9m ser\u00e1 uma Peregrina da Esperan\u00e7a. Ela desce do Convento para ir ao encontro de seus filhos e filhas\u201d, explicou.<\/p>\n<p><img loading=\"lazy\" class=\"aligncenter wp-image-256268 size-full\" src=\"https:\/\/franciscanos.org.br\/noticias\/wp-content\/uploads\/2025\/04\/PENHA_2204_002.jpg\" alt=\"\" width=\"1080\" height=\"720\" srcset=\"https:\/\/franciscanos.org.br\/noticias\/wp-content\/uploads\/2025\/04\/PENHA_2204_002.jpg 1080w, https:\/\/franciscanos.org.br\/noticias\/wp-content\/uploads\/2025\/04\/PENHA_2204_002-450x300.jpg 450w, https:\/\/franciscanos.org.br\/noticias\/wp-content\/uploads\/2025\/04\/PENHA_2204_002-1024x683.jpg 1024w, https:\/\/franciscanos.org.br\/noticias\/wp-content\/uploads\/2025\/04\/PENHA_2204_002-768x512.jpg 768w, https:\/\/franciscanos.org.br\/noticias\/wp-content\/uploads\/2025\/04\/PENHA_2204_002-150x100.jpg 150w\" sizes=\"(max-width: 1080px) 100vw, 1080px\" \/><\/p>\n<p style=\"font-weight: 400;\">Na parte da tarde, como de costume, houve a Coroa Franciscana e o momento devocional, com a reflex\u00e3o conduzida por Frei Vanderlei da Silva Neves, P\u00e1roco da Par\u00f3quia Nossa Senhora do Ros\u00e1rio, em Vila Velha, e guardi\u00e3o da Fraternidade. Abordando o tema do dia, \u201cCom Maria, Peregrinos da F\u00e9\u201d, o pregador destacou o quanto o olhar de Maria pode ter sido confortante ao Cristo durante o supl\u00edcio da Crucifica\u00e7\u00e3o. \u201cMaria certamente foi presen\u00e7a confortante ao lado de Jesus. Assim \u00e9 Maria na vida de todos n\u00f3s. Em meios \u00e0s nossas dores, tristezas e desafios, ela traz para n\u00f3s um grande testemunho de esperan\u00e7a e de f\u00e9\u201d, destacou. Para a b\u00ean\u00e7\u00e3o do dia, os fi\u00e9is foram convidados a trazer seus ter\u00e7os. A aposentada Ant\u00f4nia Neuza dos Santos Almeida, de 77 anos, de Vila Velha, trouxe um ter\u00e7o bem grande, com contas transparentes, que fica pendurado na cabeceira da cama, e foi um presente da filha. \u201cMinha me trazia no oitav\u00e1rio desde que nasci. Desde ent\u00e3o sempre participei e cada vez \u00e9 uma emo\u00e7\u00e3o maior\u201d, declarou emocionada.<\/p>\n<p><img loading=\"lazy\" class=\"aligncenter wp-image-256281 size-large\" src=\"https:\/\/franciscanos.org.br\/noticias\/wp-content\/uploads\/2025\/04\/PENHA_2204_TERCO-576x1024.jpg\" alt=\"\" width=\"576\" height=\"1024\" srcset=\"https:\/\/franciscanos.org.br\/noticias\/wp-content\/uploads\/2025\/04\/PENHA_2204_TERCO-576x1024.jpg 576w, https:\/\/franciscanos.org.br\/noticias\/wp-content\/uploads\/2025\/04\/PENHA_2204_TERCO-253x450.jpg 253w, https:\/\/franciscanos.org.br\/noticias\/wp-content\/uploads\/2025\/04\/PENHA_2204_TERCO-150x266.jpg 150w, https:\/\/franciscanos.org.br\/noticias\/wp-content\/uploads\/2025\/04\/PENHA_2204_TERCO.jpg 608w\" sizes=\"(max-width: 576px) 100vw, 576px\" \/><\/p>\n<p style=\"font-weight: 400;\">A anima\u00e7\u00e3o da Missa ficou por conta da \u00c1rea Pastoral Cariacica Viana. Como gesto de conscientiza\u00e7\u00e3o em torno do tema da Campanha da Fraternidade 2025, \u201cEcologia Integral\u201d, houve distribui\u00e7\u00e3o de envelopes com sementes de girassol a serem plantadas pelos fi\u00e9is. A missa foi presidida pelo Padre Juliano Nascimento Machado, Vig\u00e1rio Paroquial do Santu\u00e1rio Bom Pastor, de Campo Grande, Cariacica.<\/p>\n<p><img loading=\"lazy\" class=\"aligncenter wp-image-256283 size-full\" src=\"https:\/\/franciscanos.org.br\/noticias\/wp-content\/uploads\/2025\/04\/PENHA_2204_DESTAQUE1.jpg\" alt=\"\" width=\"1280\" height=\"720\" srcset=\"https:\/\/franciscanos.org.br\/noticias\/wp-content\/uploads\/2025\/04\/PENHA_2204_DESTAQUE1.jpg 1280w, https:\/\/franciscanos.org.br\/noticias\/wp-content\/uploads\/2025\/04\/PENHA_2204_DESTAQUE1-450x253.jpg 450w, https:\/\/franciscanos.org.br\/noticias\/wp-content\/uploads\/2025\/04\/PENHA_2204_DESTAQUE1-1024x576.jpg 1024w, https:\/\/franciscanos.org.br\/noticias\/wp-content\/uploads\/2025\/04\/PENHA_2204_DESTAQUE1-768x432.jpg 768w, https:\/\/franciscanos.org.br\/noticias\/wp-content\/uploads\/2025\/04\/PENHA_2204_DESTAQUE1-150x84.jpg 150w\" sizes=\"(max-width: 1280px) 100vw, 1280px\" \/><\/p>\n<p style=\"font-weight: 400;\">A homilia foi feita pelo Padre Diego Azevedo, Administrador Paroquial da Par\u00f3quia Sant\u00edssima Trindade, na Vila Capixaba. No in\u00edcio da reflex\u00e3o, Padre Diego destacou a contribui\u00e7\u00e3o franciscana para culto a Maria ao criarem e propagarem a Devo\u00e7\u00e3o \u00e0s Sete Alegrias de Nossa Senhora. \u201cNossos irm\u00e3os franciscanos nos fazem contemplar as alegrias de Maria. Nossa Senhora participou das dores de Nosso Senhor Jesus Cristo, cumprindo-se a profecia de Sime\u00e3o: uma espada traspassar\u00e1 a sua alma. Mas Nossa Senhora experimentou tamb\u00e9m as alegrias, principalmente a sexta alegria, a de Cristo ressuscitado. A Virgem Sant\u00edssima que soube permanecer aos p\u00e9s da cruz, participa da alegria do Cristo ressuscitado\u201d, enfatizou.<\/p>\n<p><img loading=\"lazy\" class=\"aligncenter wp-image-256285 size-full\" src=\"https:\/\/franciscanos.org.br\/noticias\/wp-content\/uploads\/2025\/04\/PENHA_2204_DESTAQUE3.jpg\" alt=\"\" width=\"1280\" height=\"720\" srcset=\"https:\/\/franciscanos.org.br\/noticias\/wp-content\/uploads\/2025\/04\/PENHA_2204_DESTAQUE3.jpg 1280w, https:\/\/franciscanos.org.br\/noticias\/wp-content\/uploads\/2025\/04\/PENHA_2204_DESTAQUE3-450x253.jpg 450w, https:\/\/franciscanos.org.br\/noticias\/wp-content\/uploads\/2025\/04\/PENHA_2204_DESTAQUE3-1024x576.jpg 1024w, https:\/\/franciscanos.org.br\/noticias\/wp-content\/uploads\/2025\/04\/PENHA_2204_DESTAQUE3-768x432.jpg 768w, https:\/\/franciscanos.org.br\/noticias\/wp-content\/uploads\/2025\/04\/PENHA_2204_DESTAQUE3-150x84.jpg 150w\" sizes=\"(max-width: 1280px) 100vw, 1280px\" \/><\/p>\n<p style=\"font-weight: 400;\">Para homenagear Nossa Senhora, a \u00e1rea pastoral preparou dois momentos. No primeiro, como j\u00e1 \u00e9 tradicional, o Padre Marcelo Luiz Basoni, do Santu\u00e1rio Bom Pastor, apresentou versos de pr\u00f3pria autoria especialmente escritos para a Festa deste ano, que diziam: \u201cNeste oitav\u00e1rio da festa, \/ viemos celebrar com alegria, \/ contando com a intercess\u00e3o materna \/ da sempre Virgem Maria. \/\/ O encontro pessoal com Jesus \/ desperta a f\u00e9 na ressurrei\u00e7\u00e3o. \/ \u00c9 o chamado nessa oitava de P\u00e1scoa \/ para cada crist\u00e3 e cada crist\u00e3o.\u00a0 \/\/ Como Madalena, que fez o encontro com o ressuscitado, \/ que a Palavra nos leva a experimentar, \/ Maria cr\u00ea e se torna uma mission\u00e1ria: \/ o Evangelho vem nos mostrar. \/\/ Peregrinos de esperan\u00e7a, \/\/ com Maria queremos evangelizar. \/ Ela \u00e9 a m\u00e3e dos caminhantes. \/ Acomodados n\u00e3o podemos ficar. \/\/ Maria, m\u00e3e de Jesus, \/ nossa m\u00e3e querida, \/ sempre nos acompanha \/ nessa estrada da vida. \/\/ Maria, como modelo de servi\u00e7o, \/ nos aponta para o Senhor Jesus. \/ Sempre acompanhou o seu Filho, do nascimento at\u00e9 a cruz. \/\/ Como protetora do nosso Estado, \/\/ pedimos a Maria sua intercess\u00e3o. \/ Pelo povo que aqui mora e trabalha, \/ com muita f\u00e9 e grande dedica\u00e7\u00e3o. \/\/ Neste derradeiro verso, \/ com alegria quero invocar \/ a intercess\u00e3o da padroeira \/ e todos os santos do altar\u201d.<\/p>\n<p style=\"font-weight: 400;\">Num segundo momento, Frei Pedro Engel, recebeu em nome de toda fraternidade uma muda de \u00e1rvore a ser plantada no jardim do convento.<\/p>\n<p style=\"font-weight: 400;\">Nesta quarta-feira, quarto dia do Oitav\u00e1rio, a Imagem Peregrina vai visitar a \u00c1rea Pastoral Serra-Fund\u00e3o, com recep\u00e7\u00e3o da imagem prevista para as 9h em frente \u00e0 Matriz de S\u00e3o Jos\u00e9. Na missa das 16h, no Campinho, a anima\u00e7\u00e3o lit\u00fargica ficar\u00e1 a cargo da \u00c1rea Pastoral Benevente.<\/p>\n\n\t\t<style type=\"text\/css\">\n\t\t\t#gallery-1 {\n\t\t\t\tmargin: auto;\n\t\t\t}\n\t\t\t#gallery-1 .gallery-item {\n\t\t\t\tfloat: left;\n\t\t\t\tmargin-top: 10px;\n\t\t\t\ttext-align: center;\n\t\t\t\twidth: 20%;\n\t\t\t}\n\t\t\t#gallery-1 img {\n\t\t\t\tborder: 2px solid #cfcfcf;\n\t\t\t}\n\t\t\t#gallery-1 .gallery-caption {\n\t\t\t\tmargin-left: 0;\n\t\t\t}\n\t\t\t\/* see gallery_shortcode() in wp-includes\/media.php *\/\n\t\t<\/style>\n\t\t<div id='gallery-1' class='gallery galleryid-256288 gallery-columns-5 gallery-size-thumbnail'><dl class='gallery-item'>\n\t\t\t<dt class='gallery-icon landscape'>\n\t\t\t\t<a href='https:\/\/franciscanos.org.br\/noticias\/wp-content\/uploads\/2025\/04\/PENHA_2204_0001.jpg'><img width=\"300\" height=\"300\" src=\"https:\/\/franciscanos.org.br\/noticias\/wp-content\/uploads\/2025\/04\/PENHA_2204_0001-300x300.jpg\" class=\"attachment-thumbnail size-thumbnail\" alt=\"\" loading=\"lazy\" srcset=\"https:\/\/franciscanos.org.br\/noticias\/wp-content\/uploads\/2025\/04\/PENHA_2204_0001-300x300.jpg 300w, https:\/\/franciscanos.org.br\/noticias\/wp-content\/uploads\/2025\/04\/PENHA_2204_0001-100x100.jpg 100w\" sizes=\"(max-width: 300px) 100vw, 300px\" \/><\/a>\n\t\t\t<\/dt><\/dl><dl class='gallery-item'>\n\t\t\t<dt class='gallery-icon landscape'>\n\t\t\t\t<a href='https:\/\/franciscanos.org.br\/noticias\/wp-content\/uploads\/2025\/04\/PENHA_2204_001.jpg'><img width=\"300\" height=\"300\" src=\"https:\/\/franciscanos.org.br\/noticias\/wp-content\/uploads\/2025\/04\/PENHA_2204_001-300x300.jpg\" class=\"attachment-thumbnail size-thumbnail\" alt=\"\" loading=\"lazy\" srcset=\"https:\/\/franciscanos.org.br\/noticias\/wp-content\/uploads\/2025\/04\/PENHA_2204_001-300x300.jpg 300w, https:\/\/franciscanos.org.br\/noticias\/wp-content\/uploads\/2025\/04\/PENHA_2204_001-100x100.jpg 100w\" sizes=\"(max-width: 300px) 100vw, 300px\" \/><\/a>\n\t\t\t<\/dt><\/dl><dl class='gallery-item'>\n\t\t\t<dt class='gallery-icon landscape'>\n\t\t\t\t<a href='https:\/\/franciscanos.org.br\/noticias\/wp-content\/uploads\/2025\/04\/PENHA_2204_0002.jpg'><img width=\"300\" height=\"300\" src=\"https:\/\/franciscanos.org.br\/noticias\/wp-content\/uploads\/2025\/04\/PENHA_2204_0002-300x300.jpg\" class=\"attachment-thumbnail size-thumbnail\" alt=\"\" loading=\"lazy\" srcset=\"https:\/\/franciscanos.org.br\/noticias\/wp-content\/uploads\/2025\/04\/PENHA_2204_0002-300x300.jpg 300w, https:\/\/franciscanos.org.br\/noticias\/wp-content\/uploads\/2025\/04\/PENHA_2204_0002-100x100.jpg 100w\" sizes=\"(max-width: 300px) 100vw, 300px\" \/><\/a>\n\t\t\t<\/dt><\/dl><dl class='gallery-item'>\n\t\t\t<dt class='gallery-icon landscape'>\n\t\t\t\t<a href='https:\/\/franciscanos.org.br\/noticias\/wp-content\/uploads\/2025\/04\/PENHA_2204_003.jpg'><img width=\"300\" height=\"300\" src=\"https:\/\/franciscanos.org.br\/noticias\/wp-content\/uploads\/2025\/04\/PENHA_2204_003-300x300.jpg\" class=\"attachment-thumbnail size-thumbnail\" alt=\"\" loading=\"lazy\" srcset=\"https:\/\/franciscanos.org.br\/noticias\/wp-content\/uploads\/2025\/04\/PENHA_2204_003-300x300.jpg 300w, https:\/\/franciscanos.org.br\/noticias\/wp-content\/uploads\/2025\/04\/PENHA_2204_003-100x100.jpg 100w\" sizes=\"(max-width: 300px) 100vw, 300px\" \/><\/a>\n\t\t\t<\/dt><\/dl><dl class='gallery-item'>\n\t\t\t<dt class='gallery-icon landscape'>\n\t\t\t\t<a href='https:\/\/franciscanos.org.br\/noticias\/wp-content\/uploads\/2025\/04\/PENHA_2204_004.jpg'><img width=\"300\" height=\"300\" src=\"https:\/\/franciscanos.org.br\/noticias\/wp-content\/uploads\/2025\/04\/PENHA_2204_004-300x300.jpg\" class=\"attachment-thumbnail size-thumbnail\" alt=\"\" loading=\"lazy\" srcset=\"https:\/\/franciscanos.org.br\/noticias\/wp-content\/uploads\/2025\/04\/PENHA_2204_004-300x300.jpg 300w, https:\/\/franciscanos.org.br\/noticias\/wp-content\/uploads\/2025\/04\/PENHA_2204_004-100x100.jpg 100w\" sizes=\"(max-width: 300px) 100vw, 300px\" \/><\/a>\n\t\t\t<\/dt><\/dl><br style=\"clear: both\" \/><dl class='gallery-item'>\n\t\t\t<dt class='gallery-icon landscape'>\n\t\t\t\t<a href='https:\/\/franciscanos.org.br\/noticias\/wp-content\/uploads\/2025\/04\/PENHA_2204_005.jpg'><img width=\"300\" height=\"300\" src=\"https:\/\/franciscanos.org.br\/noticias\/wp-content\/uploads\/2025\/04\/PENHA_2204_005-300x300.jpg\" class=\"attachment-thumbnail size-thumbnail\" alt=\"\" loading=\"lazy\" srcset=\"https:\/\/franciscanos.org.br\/noticias\/wp-content\/uploads\/2025\/04\/PENHA_2204_005-300x300.jpg 300w, https:\/\/franciscanos.org.br\/noticias\/wp-content\/uploads\/2025\/04\/PENHA_2204_005-100x100.jpg 100w\" sizes=\"(max-width: 300px) 100vw, 300px\" \/><\/a>\n\t\t\t<\/dt><\/dl><dl class='gallery-item'>\n\t\t\t<dt class='gallery-icon landscape'>\n\t\t\t\t<a href='https:\/\/franciscanos.org.br\/noticias\/wp-content\/uploads\/2025\/04\/PENHA_2204_006.jpg'><img width=\"300\" height=\"300\" src=\"https:\/\/franciscanos.org.br\/noticias\/wp-content\/uploads\/2025\/04\/PENHA_2204_006-300x300.jpg\" class=\"attachment-thumbnail size-thumbnail\" alt=\"\" loading=\"lazy\" srcset=\"https:\/\/franciscanos.org.br\/noticias\/wp-content\/uploads\/2025\/04\/PENHA_2204_006-300x300.jpg 300w, https:\/\/franciscanos.org.br\/noticias\/wp-content\/uploads\/2025\/04\/PENHA_2204_006-100x100.jpg 100w\" sizes=\"(max-width: 300px) 100vw, 300px\" \/><\/a>\n\t\t\t<\/dt><\/dl><dl class='gallery-item'>\n\t\t\t<dt class='gallery-icon landscape'>\n\t\t\t\t<a href='https:\/\/franciscanos.org.br\/noticias\/wp-content\/uploads\/2025\/04\/PENHA_2204_007.jpg'><img width=\"300\" height=\"300\" src=\"https:\/\/franciscanos.org.br\/noticias\/wp-content\/uploads\/2025\/04\/PENHA_2204_007-300x300.jpg\" class=\"attachment-thumbnail size-thumbnail\" alt=\"\" loading=\"lazy\" srcset=\"https:\/\/franciscanos.org.br\/noticias\/wp-content\/uploads\/2025\/04\/PENHA_2204_007-300x300.jpg 300w, https:\/\/franciscanos.org.br\/noticias\/wp-content\/uploads\/2025\/04\/PENHA_2204_007-100x100.jpg 100w\" sizes=\"(max-width: 300px) 100vw, 300px\" \/><\/a>\n\t\t\t<\/dt><\/dl><dl class='gallery-item'>\n\t\t\t<dt class='gallery-icon landscape'>\n\t\t\t\t<a href='https:\/\/franciscanos.org.br\/noticias\/wp-content\/uploads\/2025\/04\/PENHA_2204_007_1.jpg'><img width=\"300\" height=\"300\" src=\"https:\/\/franciscanos.org.br\/noticias\/wp-content\/uploads\/2025\/04\/PENHA_2204_007_1-300x300.jpg\" class=\"attachment-thumbnail size-thumbnail\" alt=\"\" loading=\"lazy\" srcset=\"https:\/\/franciscanos.org.br\/noticias\/wp-content\/uploads\/2025\/04\/PENHA_2204_007_1-300x300.jpg 300w, https:\/\/franciscanos.org.br\/noticias\/wp-content\/uploads\/2025\/04\/PENHA_2204_007_1-100x100.jpg 100w\" sizes=\"(max-width: 300px) 100vw, 300px\" \/><\/a>\n\t\t\t<\/dt><\/dl><dl class='gallery-item'>\n\t\t\t<dt class='gallery-icon landscape'>\n\t\t\t\t<a href='https:\/\/franciscanos.org.br\/noticias\/wp-content\/uploads\/2025\/04\/PENHA_2204_008.jpg'><img width=\"300\" height=\"300\" src=\"https:\/\/franciscanos.org.br\/noticias\/wp-content\/uploads\/2025\/04\/PENHA_2204_008-300x300.jpg\" class=\"attachment-thumbnail size-thumbnail\" alt=\"\" loading=\"lazy\" srcset=\"https:\/\/franciscanos.org.br\/noticias\/wp-content\/uploads\/2025\/04\/PENHA_2204_008-300x300.jpg 300w, https:\/\/franciscanos.org.br\/noticias\/wp-content\/uploads\/2025\/04\/PENHA_2204_008-100x100.jpg 100w\" sizes=\"(max-width: 300px) 100vw, 300px\" \/><\/a>\n\t\t\t<\/dt><\/dl><br style=\"clear: both\" \/><dl class='gallery-item'>\n\t\t\t<dt class='gallery-icon landscape'>\n\t\t\t\t<a href='https:\/\/franciscanos.org.br\/noticias\/wp-content\/uploads\/2025\/04\/PENHA_2204_009.jpg'><img width=\"300\" height=\"300\" src=\"https:\/\/franciscanos.org.br\/noticias\/wp-content\/uploads\/2025\/04\/PENHA_2204_009-300x300.jpg\" class=\"attachment-thumbnail size-thumbnail\" alt=\"\" loading=\"lazy\" srcset=\"https:\/\/franciscanos.org.br\/noticias\/wp-content\/uploads\/2025\/04\/PENHA_2204_009-300x300.jpg 300w, https:\/\/franciscanos.org.br\/noticias\/wp-content\/uploads\/2025\/04\/PENHA_2204_009-100x100.jpg 100w\" sizes=\"(max-width: 300px) 100vw, 300px\" \/><\/a>\n\t\t\t<\/dt><\/dl><dl class='gallery-item'>\n\t\t\t<dt class='gallery-icon landscape'>\n\t\t\t\t<a href='https:\/\/franciscanos.org.br\/noticias\/wp-content\/uploads\/2025\/04\/PENHA_2204_010.jpg'><img width=\"300\" height=\"300\" src=\"https:\/\/franciscanos.org.br\/noticias\/wp-content\/uploads\/2025\/04\/PENHA_2204_010-300x300.jpg\" class=\"attachment-thumbnail size-thumbnail\" alt=\"\" loading=\"lazy\" srcset=\"https:\/\/franciscanos.org.br\/noticias\/wp-content\/uploads\/2025\/04\/PENHA_2204_010-300x300.jpg 300w, https:\/\/franciscanos.org.br\/noticias\/wp-content\/uploads\/2025\/04\/PENHA_2204_010-100x100.jpg 100w\" sizes=\"(max-width: 300px) 100vw, 300px\" \/><\/a>\n\t\t\t<\/dt><\/dl><dl class='gallery-item'>\n\t\t\t<dt class='gallery-icon landscape'>\n\t\t\t\t<a href='https:\/\/franciscanos.org.br\/noticias\/wp-content\/uploads\/2025\/04\/PENHA_2204_011.jpg'><img width=\"300\" height=\"300\" src=\"https:\/\/franciscanos.org.br\/noticias\/wp-content\/uploads\/2025\/04\/PENHA_2204_011-300x300.jpg\" class=\"attachment-thumbnail size-thumbnail\" alt=\"\" loading=\"lazy\" srcset=\"https:\/\/franciscanos.org.br\/noticias\/wp-content\/uploads\/2025\/04\/PENHA_2204_011-300x300.jpg 300w, https:\/\/franciscanos.org.br\/noticias\/wp-content\/uploads\/2025\/04\/PENHA_2204_011-100x100.jpg 100w\" sizes=\"(max-width: 300px) 100vw, 300px\" \/><\/a>\n\t\t\t<\/dt><\/dl><dl class='gallery-item'>\n\t\t\t<dt class='gallery-icon landscape'>\n\t\t\t\t<a href='https:\/\/franciscanos.org.br\/noticias\/wp-content\/uploads\/2025\/04\/PENHA_2204_014.jpg'><img width=\"300\" height=\"300\" src=\"https:\/\/franciscanos.org.br\/noticias\/wp-content\/uploads\/2025\/04\/PENHA_2204_014-300x300.jpg\" class=\"attachment-thumbnail size-thumbnail\" alt=\"\" loading=\"lazy\" srcset=\"https:\/\/franciscanos.org.br\/noticias\/wp-content\/uploads\/2025\/04\/PENHA_2204_014-300x300.jpg 300w, https:\/\/franciscanos.org.br\/noticias\/wp-content\/uploads\/2025\/04\/PENHA_2204_014-100x100.jpg 100w\" sizes=\"(max-width: 300px) 100vw, 300px\" \/><\/a>\n\t\t\t<\/dt><\/dl><dl class='gallery-item'>\n\t\t\t<dt class='gallery-icon landscape'>\n\t\t\t\t<a href='https:\/\/franciscanos.org.br\/noticias\/wp-content\/uploads\/2025\/04\/PENHA_2204_012.jpg'><img width=\"300\" height=\"300\" src=\"https:\/\/franciscanos.org.br\/noticias\/wp-content\/uploads\/2025\/04\/PENHA_2204_012-300x300.jpg\" class=\"attachment-thumbnail size-thumbnail\" alt=\"\" loading=\"lazy\" srcset=\"https:\/\/franciscanos.org.br\/noticias\/wp-content\/uploads\/2025\/04\/PENHA_2204_012-300x300.jpg 300w, https:\/\/franciscanos.org.br\/noticias\/wp-content\/uploads\/2025\/04\/PENHA_2204_012-100x100.jpg 100w\" sizes=\"(max-width: 300px) 100vw, 300px\" \/><\/a>\n\t\t\t<\/dt><\/dl><br style=\"clear: both\" \/>\n\t\t<\/div>\n\n<hr \/>\n<p><strong>Equipe de comunica\u00e7\u00e3o da Festa da Penha:<\/strong><br \/>\n<em>Frei Augusto Luiz Gabriel, Frei Gustavo Medella, Frei Roger\u00a0<\/em><i>Strapazzon<\/i><\/p>\n<p><iframe loading=\"lazy\" title=\"YouTube video player\" src=\"https:\/\/www.youtube.com\/embed\/mEr-_6qBmpk?si=nhgd07YdA7XIouMe\" width=\"100%\" height=\"480\" frameborder=\"0\" allowfullscreen=\"allowfullscreen\"><span data-mce-type=\"bookmark\" style=\"display: inline-block; width: 0px; overflow: hidden; line-height: 0;\" class=\"mce_SELRES_start\">\ufeff<\/span><\/iframe><\/p>\n","protected":false},"excerpt":{"rendered":"<p>Festa da Penha 2025<\/p>\n","protected":false},"author":5,"featured_media":256287,"comment_status":"open","ping_status":"open","sticky":false,"template":"","format":"standard","meta":[],"categories":[1],"tags":[2293],"acf":[],"yoast_head":"<!-- This site is optimized with the Yoast SEO plugin v19.2 - https:\/\/yoast.com\/wordpress\/plugins\/seo\/ -->\n<title>Ter\u00e7a do ter\u00e7o no Oitav\u00e1rio da Penha - Not\u00edcias - Franciscanos<\/title>\n<meta name=\"robots\" content=\"index, follow, max-snippet:-1, max-image-preview:large, max-video-preview:-1\" \/>\n<link rel=\"canonical\" href=\"https:\/\/franciscanos.org.br\/noticias\/terca-do-terco-no-oitavario-da-penha.html\" \/>\n<meta property=\"og:locale\" content=\"pt_BR\" \/>\n<meta property=\"og:type\" content=\"article\" \/>\n<meta property=\"og:title\" content=\"Ter\u00e7a do ter\u00e7o no Oitav\u00e1rio da Penha - Not\u00edcias - Franciscanos\" \/>\n<meta property=\"og:description\" content=\"Festa da Penha 2025\" \/>\n<meta property=\"og:url\" content=\"https:\/\/franciscanos.org.br\/noticias\/terca-do-terco-no-oitavario-da-penha.html\" \/>\n<meta property=\"og:site_name\" content=\"Not\u00edcias - Franciscanos\" \/>\n<meta property=\"article:published_time\" content=\"2025-04-23T02:53:17+00:00\" \/>\n<meta property=\"article:modified_time\" content=\"2025-04-23T03:13:42+00:00\" \/>\n<meta property=\"og:image\" content=\"https:\/\/franciscanos.org.br\/noticias\/wp-content\/uploads\/2025\/04\/penha_220425.jpg\" \/>\n\t<meta property=\"og:image:width\" content=\"800\" \/>\n\t<meta property=\"og:image:height\" content=\"500\" \/>\n\t<meta property=\"og:image:type\" content=\"image\/jpeg\" \/>\n<meta name=\"author\" content=\"freiaugusto\" \/>\n<meta name=\"twitter:card\" content=\"summary_large_image\" \/>\n<meta name=\"twitter:label1\" content=\"Escrito por\" \/>\n\t<meta name=\"twitter:data1\" content=\"freiaugusto\" \/>\n\t<meta name=\"twitter:label2\" content=\"Est. tempo de leitura\" \/>\n\t<meta name=\"twitter:data2\" content=\"6 minutos\" \/>\n<script type=\"application\/ld+json\" class=\"yoast-schema-graph\">{\"@context\":\"https:\/\/schema.org\",\"@graph\":[{\"@type\":\"WebSite\",\"@id\":\"https:\/\/franciscanos.org.br\/noticias\/#website\",\"url\":\"https:\/\/franciscanos.org.br\/noticias\/\",\"name\":\"Not\u00edcias - Franciscanos\",\"description\":\"Prov\u00edncia Franciscana da Imaculada Concei\u00e7\u00e3o do Brasil - Ordem dos Frades Menores - OFM\",\"potentialAction\":[{\"@type\":\"SearchAction\",\"target\":{\"@type\":\"EntryPoint\",\"urlTemplate\":\"https:\/\/franciscanos.org.br\/noticias\/?s={search_term_string}\"},\"query-input\":\"required name=search_term_string\"}],\"inLanguage\":\"pt-BR\"},{\"@type\":\"ImageObject\",\"inLanguage\":\"pt-BR\",\"@id\":\"https:\/\/franciscanos.org.br\/noticias\/terca-do-terco-no-oitavario-da-penha.html#primaryimage\",\"url\":\"https:\/\/franciscanos.org.br\/noticias\/wp-content\/uploads\/2025\/04\/penha_220425.jpg\",\"contentUrl\":\"https:\/\/franciscanos.org.br\/noticias\/wp-content\/uploads\/2025\/04\/penha_220425.jpg\",\"width\":800,\"height\":500},{\"@type\":\"WebPage\",\"@id\":\"https:\/\/franciscanos.org.br\/noticias\/terca-do-terco-no-oitavario-da-penha.html#webpage\",\"url\":\"https:\/\/franciscanos.org.br\/noticias\/terca-do-terco-no-oitavario-da-penha.html\",\"name\":\"Ter\u00e7a do ter\u00e7o no Oitav\u00e1rio da Penha - Not\u00edcias - Franciscanos\",\"isPartOf\":{\"@id\":\"https:\/\/franciscanos.org.br\/noticias\/#website\"},\"primaryImageOfPage\":{\"@id\":\"https:\/\/franciscanos.org.br\/noticias\/terca-do-terco-no-oitavario-da-penha.html#primaryimage\"},\"datePublished\":\"2025-04-23T02:53:17+00:00\",\"dateModified\":\"2025-04-23T03:13:42+00:00\",\"author\":{\"@id\":\"https:\/\/franciscanos.org.br\/noticias\/#\/schema\/person\/37f88f0d111cd5358b12a6556a99eb91\"},\"breadcrumb\":{\"@id\":\"https:\/\/franciscanos.org.br\/noticias\/terca-do-terco-no-oitavario-da-penha.html#breadcrumb\"},\"inLanguage\":\"pt-BR\",\"potentialAction\":[{\"@type\":\"ReadAction\",\"target\":[\"https:\/\/franciscanos.org.br\/noticias\/terca-do-terco-no-oitavario-da-penha.html\"]}]},{\"@type\":\"BreadcrumbList\",\"@id\":\"https:\/\/franciscanos.org.br\/noticias\/terca-do-terco-no-oitavario-da-penha.html#breadcrumb\",\"itemListElement\":[{\"@type\":\"ListItem\",\"position\":1,\"name\":\"Home\",\"item\":\"https:\/\/franciscanos.org.br\/noticias\"},{\"@type\":\"ListItem\",\"position\":2,\"name\":\"Ter\u00e7a do ter\u00e7o no Oitav\u00e1rio da Penha\"}]},{\"@type\":\"Person\",\"@id\":\"https:\/\/franciscanos.org.br\/noticias\/#\/schema\/person\/37f88f0d111cd5358b12a6556a99eb91\",\"name\":\"freiaugusto\",\"image\":{\"@type\":\"ImageObject\",\"inLanguage\":\"pt-BR\",\"@id\":\"https:\/\/franciscanos.org.br\/noticias\/#\/schema\/person\/image\/\",\"url\":\"https:\/\/secure.gravatar.com\/avatar\/9840b940e621801b24f3e6b059efb4b7?s=96&d=mm&r=g\",\"contentUrl\":\"https:\/\/secure.gravatar.com\/avatar\/9840b940e621801b24f3e6b059efb4b7?s=96&d=mm&r=g\",\"caption\":\"freiaugusto\"},\"url\":\"https:\/\/franciscanos.org.br\/noticias\/author\/freiaugusto\"}]}<\/script>\n<!-- \/ Yoast SEO plugin. -->","yoast_head_json":{"title":"Ter\u00e7a do ter\u00e7o no Oitav\u00e1rio da Penha - Not\u00edcias - Franciscanos","robots":{"index":"index","follow":"follow","max-snippet":"max-snippet:-1","max-image-preview":"max-image-preview:large","max-video-preview":"max-video-preview:-1"},"canonical":"https:\/\/franciscanos.org.br\/noticias\/terca-do-terco-no-oitavario-da-penha.html","og_locale":"pt_BR","og_type":"article","og_title":"Ter\u00e7a do ter\u00e7o no Oitav\u00e1rio da Penha - Not\u00edcias - Franciscanos","og_description":"Festa da Penha 2025","og_url":"https:\/\/franciscanos.org.br\/noticias\/terca-do-terco-no-oitavario-da-penha.html","og_site_name":"Not\u00edcias - Franciscanos","article_published_time":"2025-04-23T02:53:17+00:00","article_modified_time":"2025-04-23T03:13:42+00:00","og_image":[{"width":800,"height":500,"url":"https:\/\/franciscanos.org.br\/noticias\/wp-content\/uploads\/2025\/04\/penha_220425.jpg","type":"image\/jpeg"}],"author":"freiaugusto","twitter_card":"summary_large_image","twitter_misc":{"Escrito por":"freiaugusto","Est. tempo de leitura":"6 minutos"},"schema":{"@context":"https:\/\/schema.org","@graph":[{"@type":"WebSite","@id":"https:\/\/franciscanos.org.br\/noticias\/#website","url":"https:\/\/franciscanos.org.br\/noticias\/","name":"Not\u00edcias - Franciscanos","description":"Prov\u00edncia Franciscana da Imaculada Concei\u00e7\u00e3o do Brasil - Ordem dos Frades Menores - OFM","potentialAction":[{"@type":"SearchAction","target":{"@type":"EntryPoint","urlTemplate":"https:\/\/franciscanos.org.br\/noticias\/?s={search_term_string}"},"query-input":"required name=search_term_string"}],"inLanguage":"pt-BR"},{"@type":"ImageObject","inLanguage":"pt-BR","@id":"https:\/\/franciscanos.org.br\/noticias\/terca-do-terco-no-oitavario-da-penha.html#primaryimage","url":"https:\/\/franciscanos.org.br\/noticias\/wp-content\/uploads\/2025\/04\/penha_220425.jpg","contentUrl":"https:\/\/franciscanos.org.br\/noticias\/wp-content\/uploads\/2025\/04\/penha_220425.jpg","width":800,"height":500},{"@type":"WebPage","@id":"https:\/\/franciscanos.org.br\/noticias\/terca-do-terco-no-oitavario-da-penha.html#webpage","url":"https:\/\/franciscanos.org.br\/noticias\/terca-do-terco-no-oitavario-da-penha.html","name":"Ter\u00e7a do ter\u00e7o no Oitav\u00e1rio da Penha - Not\u00edcias - Franciscanos","isPartOf":{"@id":"https:\/\/franciscanos.org.br\/noticias\/#website"},"primaryImageOfPage":{"@id":"https:\/\/franciscanos.org.br\/noticias\/terca-do-terco-no-oitavario-da-penha.html#primaryimage"},"datePublished":"2025-04-23T02:53:17+00:00","dateModified":"2025-04-23T03:13:42+00:00","author":{"@id":"https:\/\/franciscanos.org.br\/noticias\/#\/schema\/person\/37f88f0d111cd5358b12a6556a99eb91"},"breadcrumb":{"@id":"https:\/\/franciscanos.org.br\/noticias\/terca-do-terco-no-oitavario-da-penha.html#breadcrumb"},"inLanguage":"pt-BR","potentialAction":[{"@type":"ReadAction","target":["https:\/\/franciscanos.org.br\/noticias\/terca-do-terco-no-oitavario-da-penha.html"]}]},{"@type":"BreadcrumbList","@id":"https:\/\/franciscanos.org.br\/noticias\/terca-do-terco-no-oitavario-da-penha.html#breadcrumb","itemListElement":[{"@type":"ListItem","position":1,"name":"Home","item":"https:\/\/franciscanos.org.br\/noticias"},{"@type":"ListItem","position":2,"name":"Ter\u00e7a do ter\u00e7o no Oitav\u00e1rio da Penha"}]},{"@type":"Person","@id":"https:\/\/franciscanos.org.br\/noticias\/#\/schema\/person\/37f88f0d111cd5358b12a6556a99eb91","name":"freiaugusto","image":{"@type":"ImageObject","inLanguage":"pt-BR","@id":"https:\/\/franciscanos.org.br\/noticias\/#\/schema\/person\/image\/","url":"https:\/\/secure.gravatar.com\/avatar\/9840b940e621801b24f3e6b059efb4b7?s=96&d=mm&r=g","contentUrl":"https:\/\/secure.gravatar.com\/avatar\/9840b940e621801b24f3e6b059efb4b7?s=96&d=mm&r=g","caption":"freiaugusto"},"url":"https:\/\/franciscanos.org.br\/noticias\/author\/freiaugusto"}]}},"_links":{"self":[{"href":"https:\/\/franciscanos.org.br\/noticias\/wp-json\/wp\/v2\/posts\/256288"}],"collection":[{"href":"https:\/\/franciscanos.org.br\/noticias\/wp-json\/wp\/v2\/posts"}],"about":[{"href":"https:\/\/franciscanos.org.br\/noticias\/wp-json\/wp\/v2\/types\/post"}],"author":[{"embeddable":true,"href":"https:\/\/franciscanos.org.br\/noticias\/wp-json\/wp\/v2\/users\/5"}],"replies":[{"embeddable":true,"href":"https:\/\/franciscanos.org.br\/noticias\/wp-json\/wp\/v2\/comments?post=256288"}],"version-history":[{"count":6,"href":"https:\/\/franciscanos.org.br\/noticias\/wp-json\/wp\/v2\/posts\/256288\/revisions"}],"predecessor-version":[{"id":256294,"href":"https:\/\/franciscanos.org.br\/noticias\/wp-json\/wp\/v2\/posts\/256288\/revisions\/256294"}],"wp:featuredmedia":[{"embeddable":true,"href":"https:\/\/franciscanos.org.br\/noticias\/wp-json\/wp\/v2\/media\/256287"}],"wp:attachment":[{"href":"https:\/\/franciscanos.org.br\/noticias\/wp-json\/wp\/v2\/media?parent=256288"}],"wp:term":[{"taxonomy":"category","embeddable":true,"href":"https:\/\/franciscanos.org.br\/noticias\/wp-json\/wp\/v2\/categories?post=256288"},{"taxonomy":"post_tag","embeddable":true,"href":"https:\/\/franciscanos.org.br\/noticias\/wp-json\/wp\/v2\/tags?post=256288"}],"curies":[{"name":"wp","href":"https:\/\/api.w.org\/{rel}","templated":true}]}}