{"id":256249,"date":"2025-04-22T11:12:26","date_gmt":"2025-04-22T14:12:26","guid":{"rendered":"https:\/\/franciscanos.org.br\/noticias\/?p=256249"},"modified":"2025-04-22T12:20:52","modified_gmt":"2025-04-22T15:20:52","slug":"exequias-do-papa-francisco-sabado-na-praca-sao-pedro","status":"publish","type":"post","link":"https:\/\/franciscanos.org.br\/noticias\/exequias-do-papa-francisco-sabado-na-praca-sao-pedro.html","title":{"rendered":"Ex\u00e9quias do Papa Francisco: s\u00e1bado na Pra\u00e7a S\u00e3o Pedro"},"content":{"rendered":"<div id=\"attachment_256256\" style=\"width: 1290px\" class=\"wp-caption alignnone\"><img aria-describedby=\"caption-attachment-256256\" loading=\"lazy\" class=\"wp-image-256256 size-full\" src=\"https:\/\/franciscanos.org.br\/noticias\/wp-content\/uploads\/2025\/04\/exequias-materia-final.png\" alt=\"\" width=\"1280\" height=\"720\" srcset=\"https:\/\/franciscanos.org.br\/noticias\/wp-content\/uploads\/2025\/04\/exequias-materia-final.png 1280w, https:\/\/franciscanos.org.br\/noticias\/wp-content\/uploads\/2025\/04\/exequias-materia-final-450x253.png 450w, https:\/\/franciscanos.org.br\/noticias\/wp-content\/uploads\/2025\/04\/exequias-materia-final-1024x576.png 1024w, https:\/\/franciscanos.org.br\/noticias\/wp-content\/uploads\/2025\/04\/exequias-materia-final-768x432.png 768w, https:\/\/franciscanos.org.br\/noticias\/wp-content\/uploads\/2025\/04\/exequias-materia-final-150x84.png 150w\" sizes=\"(max-width: 1280px) 100vw, 1280px\" \/><p id=\"caption-attachment-256256\" class=\"wp-caption-text\">Cardeal Parolin ao lado do corpo do Papa Francisco. Foto: Vatican News<\/p><\/div>\n<p>O Departamento de Celebra\u00e7\u00f5es Lit\u00fargicas do Vaticano anunciou os detalhes das ex\u00e9quias do Papa Francisco. A cerim\u00f4nia segue as indica\u00e7\u00f5es estabelecidas no\u00a0<i>Ordo Exsequiarum Romani Pontificis<\/i>, documento que rege os ritos funer\u00e1rios do Pont\u00edfice Romano.<\/p>\n<p><strong>Traslado para a Bas\u00edlica de S\u00e3o Pedro<\/strong><\/p>\n<p>Na quarta-feira, 23 de abril, \u00e0s 9h (hor\u00e1rio local), o corpo do Papa Francisco ser\u00e1 trasladado da Capela da Casa Santa Marta at\u00e9 a Bas\u00edlica de S\u00e3o Pedro. A condu\u00e7\u00e3o da urna ser\u00e1 precedida por um momento de ora\u00e7\u00e3o, presidido pelo cardeal Kevin Joseph Farrell, camerlengo da Santa Igreja Romana.<\/p>\n<p>A prociss\u00e3o seguir\u00e1 pela Pra\u00e7a Santa Marta e pela Pra\u00e7a dos Protorm\u00e1rtires Romanos, saindo pelo Arco dos Sinos at\u00e9 a Pra\u00e7a S\u00e3o Pedro, entrando em seguida na Bas\u00edlica Vaticana pela porta central. Diante do Altar da Confiss\u00e3o, o cardeal camerlengo conduzir\u00e1 a Liturgia da Palavra, ap\u00f3s a qual ser\u00e1 aberto o per\u00edodo de visita\u00e7\u00e3o \u00e0 urna mortu\u00e1ria do Papa Francisco.<\/p>\n<p><strong>Ex\u00e9quias e sepultamento<\/strong><\/p>\n<p>No s\u00e1bado, 26 de abril, \u00e0s 10h (hor\u00e1rio local), ser\u00e1 celebrada a Missa das Ex\u00e9quias, que marca o primeiro dia do\u00a0<i>Novendiali<\/i>\u00a0(noven\u00e1rio), os nove dias de luto e ora\u00e7\u00f5es em honra ao Pont\u00edfice falecido. A celebra\u00e7\u00e3o ocorrer\u00e1 no \u00e1trio da Bas\u00edlica de S\u00e3o Pedro e ser\u00e1 presidida pelo cardeal Giovanni Battista Re, decano do Col\u00e9gio Cardinal\u00edcio.<\/p>\n<p>Ao final da celebra\u00e7\u00e3o eucar\u00edstica, ocorrer\u00e3o os ritos da\u00a0<i>\u00daltima Commendatio<\/i>\u00a0e da\u00a0<i>Valedictio<\/i>\u00a0\u2014 despedidas solenes que marcam o encerramento das ex\u00e9quias. Em seguida, o caix\u00e3o do Papa ser\u00e1 levado novamente para o interior da Bas\u00edlica de S\u00e3o Pedro e, de l\u00e1, transferido para a Bas\u00edlica de Santa Maria Maior, onde ser\u00e1 realizada a cerim\u00f4nia de sepultamento.<\/p>\n<p>Diversos chefes de Estado e de governo j\u00e1 anunciaram oficialmente sua presen\u00e7a para prestar homenagem ao Pont\u00edfice falecido.<\/p>\n<p><strong>O testamento do Pont\u00edfice<\/strong><\/p>\n<p>Nesta segunda-feira, 21 de abril, o Vaticano divulgou o textamento do Papa Francisco.<\/p>\n<p>O documento de 2022 revela a simplicidade do Santo Padre diante de seu pedido\u00a0 para o pr\u00f3prio funeral<\/p>\n<p><i>Miserando atque Eligendo<\/i><\/p>\n<p><em>Em Nome da Sant\u00edssima Trindade. Am\u00e9m.<\/em><\/p>\n<p><em>Sentindo que se aproxima o ocaso da minha vida terrena e com viva esperan\u00e7a na Vida Eterna, desejo expressar a minha vontade testament\u00e1ria somente no que diz respeito ao local da minha sepultura.<\/em><\/p>\n<p><em>Sempre confiei a minha vida e o minist\u00e9rio sacerdotal e episcopal \u00e0 M\u00e3e do Nosso Senhor, Maria Sant\u00edssima. Por isso, pe\u00e7o que os meus restos mortais repousem, esperando o dia da ressurrei\u00e7\u00e3o, na Bas\u00edlica Papal de Santa Maria Maior.<\/em><\/p>\n<p><em>Desejo que a minha \u00faltima viagem terrena se conclua precisamente neste antiqu\u00edssimo santu\u00e1rio Mariano, onde me dirigia para rezar no in\u00edcio e fim de cada Viagem Apost\u00f3lica, para entregar confiadamente as minhas inten\u00e7\u00f5es \u00e0 M\u00e3e Imaculada e agradecer-Lhe pelo d\u00f3cil e materno cuidado.<\/em><\/p>\n<p><em>Pe\u00e7o que o meu t\u00famulo seja preparado no nicho do corredor lateral entre a Capela Paulina (Capela da Salus Populi Romani) e a Capela Sforza desta mesma Bas\u00edlica Papal, como indicado no anexo.<\/em><\/p>\n<p><em>O t\u00famulo deve ser no ch\u00e3o; simples, sem decora\u00e7\u00e3o especial e com uma \u00fanica inscri\u00e7\u00e3o: Franciscus.<\/em><\/p>\n<p><em>As despesas para a prepara\u00e7\u00e3o da minha sepultura ser\u00e3o cobertas pela soma do benfeitor que providenciei, a ser transferida para a Bas\u00edlica Papal de Santa Maria Maior e para a qual dei instru\u00e7\u00f5es apropriadas ao Arcebispo Rolandas Makrickas, Comiss\u00e1rio Extraordin\u00e1rio do Cabido da Bas\u00edlica.<\/em><\/p>\n<p><em>Que o Senhor d\u00ea a merecida recompensa \u00e0queles que me quiseram bem e que continuar\u00e3o a rezar por mim. O sofrimento que esteve presente na \u00faltima parte de minha vida eu o ofere\u00e7o ao Senhor pela paz no mundo e pela fraternidade entre os povos.<\/em><\/p>\n<p><em>Santa Marta, 29 de junho de 2022<\/em><\/p>\n<p>&#8212;&#8212;&#8212;&#8212;&#8212;&#8212;&#8212;&#8212;&#8212;&#8212;&#8212;&#8212;&#8212;&#8212;&#8212;&#8212;&#8212;&#8212;&#8212;&#8212;&#8212;<\/p>\n<p><strong>A causa da morte do Papa Francisco<\/strong><\/p>\n<div class=\"article__subTitle\"><em>A certifica\u00e7\u00e3o do falecimento do Santo Padre est\u00e1 presente na declara\u00e7\u00e3o de \u00f3bito assinada pelo professor Andrea Arcangeli, diretor do Departamento de Sa\u00fade e Higiene do Estado da Cidade do Vaticano. A constata\u00e7\u00e3o da morte foi realizada por meio de registro eletrocardiotanatogr\u00e1fico.<\/em><\/div>\n<div><\/div>\n<div>O site Vatican News divulgou as seguintes informa\u00e7\u00f5es na noite de ontem.<\/div>\n<p>Derrame cerebral, coma e parada cardiorrespirat\u00f3ria irrevers\u00edvel. Essas foram as causas da morte do Papa Francisco, ocorrida nesta manh\u00e3, \u00e0s 7h35, em seu apartamento na Casa Santa Marta.<\/p>\n<p>Quem atesta \u00e9 o professor Andrea Arcangeli, diretor do Departamento de Sa\u00fade e Higiene do Estado da Cidade do Vaticano, na declara\u00e7\u00e3o de \u00f3bito publicada \u00e0 noite pela Sala de Imprensa da Santa S\u00e9.<\/p>\n<p>O documento m\u00e9dico afirma que o Papa apresentava hist\u00f3rico de insufici\u00eancia respirat\u00f3ria aguda por pneumonia bilateral multimicrobiana, bronquiectasias m\u00faltiplas, hipertens\u00e3o arterial e diabetes tipo II.<\/p>\n<p>A constata\u00e7\u00e3o da morte foi realizada por meio de registro eletrocardiotanatogr\u00e1fico. \u201cDeclaro \u2013 escreve Arcangeli \u2013 que as causas da morte, segundo minha ci\u00eancia e consci\u00eancia, s\u00e3o as acima indicadas\u201d.<\/p>\n<hr \/>\n<p>&nbsp;<\/p>\n<p><em>Vatican News<\/em><\/p>\n<p>Fonte: <a href=\"https:\/\/www.vaticannews.va\/pt\/papa\/news\/2025-04\/papa-francisco-translado-missa-exequias.html\">https:\/\/www.vaticannews.va\/pt\/papa\/news\/2025-04\/papa-francisco-translado-missa-exequias.html<\/a><\/p>\n","protected":false},"excerpt":{"rendered":"<p>Ritos funer\u00e1rios do Pont\u00edfice <\/p>\n","protected":false},"author":11,"featured_media":256251,"comment_status":"open","ping_status":"open","sticky":false,"template":"","format":"standard","meta":[],"categories":[1,1428],"tags":[2335],"acf":[],"yoast_head":"<!-- This site is optimized with the Yoast SEO plugin v19.2 - https:\/\/yoast.com\/wordpress\/plugins\/seo\/ -->\n<title>Ex\u00e9quias do Papa Francisco: s\u00e1bado na Pra\u00e7a S\u00e3o Pedro - Not\u00edcias - Franciscanos<\/title>\n<meta name=\"robots\" content=\"index, follow, max-snippet:-1, max-image-preview:large, max-video-preview:-1\" \/>\n<link rel=\"canonical\" href=\"https:\/\/franciscanos.org.br\/noticias\/exequias-do-papa-francisco-sabado-na-praca-sao-pedro.html\" \/>\n<meta property=\"og:locale\" content=\"pt_BR\" \/>\n<meta property=\"og:type\" content=\"article\" \/>\n<meta property=\"og:title\" content=\"Ex\u00e9quias do Papa Francisco: s\u00e1bado na Pra\u00e7a S\u00e3o Pedro - Not\u00edcias - Franciscanos\" \/>\n<meta property=\"og:description\" content=\"Ritos funer\u00e1rios do Pont\u00edfice\" \/>\n<meta property=\"og:url\" content=\"https:\/\/franciscanos.org.br\/noticias\/exequias-do-papa-francisco-sabado-na-praca-sao-pedro.html\" \/>\n<meta property=\"og:site_name\" content=\"Not\u00edcias - Franciscanos\" \/>\n<meta property=\"article:published_time\" content=\"2025-04-22T14:12:26+00:00\" \/>\n<meta property=\"article:modified_time\" content=\"2025-04-22T15:20:52+00:00\" \/>\n<meta property=\"og:image\" content=\"https:\/\/franciscanos.org.br\/noticias\/wp-content\/uploads\/2025\/04\/chamada-exequias.png\" \/>\n\t<meta property=\"og:image:width\" content=\"800\" \/>\n\t<meta property=\"og:image:height\" content=\"550\" \/>\n\t<meta property=\"og:image:type\" content=\"image\/png\" \/>\n<meta name=\"author\" content=\"Adriana Rabelo\" \/>\n<meta name=\"twitter:card\" content=\"summary_large_image\" \/>\n<meta name=\"twitter:label1\" content=\"Escrito por\" \/>\n\t<meta name=\"twitter:data1\" content=\"Adriana Rabelo\" \/>\n\t<meta name=\"twitter:label2\" content=\"Est. tempo de leitura\" \/>\n\t<meta name=\"twitter:data2\" content=\"4 minutos\" \/>\n<script type=\"application\/ld+json\" class=\"yoast-schema-graph\">{\"@context\":\"https:\/\/schema.org\",\"@graph\":[{\"@type\":\"WebSite\",\"@id\":\"https:\/\/franciscanos.org.br\/noticias\/#website\",\"url\":\"https:\/\/franciscanos.org.br\/noticias\/\",\"name\":\"Not\u00edcias - Franciscanos\",\"description\":\"Prov\u00edncia Franciscana da Imaculada Concei\u00e7\u00e3o do Brasil - Ordem dos Frades Menores - OFM\",\"potentialAction\":[{\"@type\":\"SearchAction\",\"target\":{\"@type\":\"EntryPoint\",\"urlTemplate\":\"https:\/\/franciscanos.org.br\/noticias\/?s={search_term_string}\"},\"query-input\":\"required name=search_term_string\"}],\"inLanguage\":\"pt-BR\"},{\"@type\":\"ImageObject\",\"inLanguage\":\"pt-BR\",\"@id\":\"https:\/\/franciscanos.org.br\/noticias\/exequias-do-papa-francisco-sabado-na-praca-sao-pedro.html#primaryimage\",\"url\":\"https:\/\/franciscanos.org.br\/noticias\/wp-content\/uploads\/2025\/04\/chamada-exequias.png\",\"contentUrl\":\"https:\/\/franciscanos.org.br\/noticias\/wp-content\/uploads\/2025\/04\/chamada-exequias.png\",\"width\":800,\"height\":550},{\"@type\":\"WebPage\",\"@id\":\"https:\/\/franciscanos.org.br\/noticias\/exequias-do-papa-francisco-sabado-na-praca-sao-pedro.html#webpage\",\"url\":\"https:\/\/franciscanos.org.br\/noticias\/exequias-do-papa-francisco-sabado-na-praca-sao-pedro.html\",\"name\":\"Ex\u00e9quias do Papa Francisco: s\u00e1bado na Pra\u00e7a S\u00e3o Pedro - Not\u00edcias - Franciscanos\",\"isPartOf\":{\"@id\":\"https:\/\/franciscanos.org.br\/noticias\/#website\"},\"primaryImageOfPage\":{\"@id\":\"https:\/\/franciscanos.org.br\/noticias\/exequias-do-papa-francisco-sabado-na-praca-sao-pedro.html#primaryimage\"},\"datePublished\":\"2025-04-22T14:12:26+00:00\",\"dateModified\":\"2025-04-22T15:20:52+00:00\",\"author\":{\"@id\":\"https:\/\/franciscanos.org.br\/noticias\/#\/schema\/person\/d9422e83121c3ad3b0f423d195f5bb25\"},\"breadcrumb\":{\"@id\":\"https:\/\/franciscanos.org.br\/noticias\/exequias-do-papa-francisco-sabado-na-praca-sao-pedro.html#breadcrumb\"},\"inLanguage\":\"pt-BR\",\"potentialAction\":[{\"@type\":\"ReadAction\",\"target\":[\"https:\/\/franciscanos.org.br\/noticias\/exequias-do-papa-francisco-sabado-na-praca-sao-pedro.html\"]}]},{\"@type\":\"BreadcrumbList\",\"@id\":\"https:\/\/franciscanos.org.br\/noticias\/exequias-do-papa-francisco-sabado-na-praca-sao-pedro.html#breadcrumb\",\"itemListElement\":[{\"@type\":\"ListItem\",\"position\":1,\"name\":\"Home\",\"item\":\"https:\/\/franciscanos.org.br\/noticias\"},{\"@type\":\"ListItem\",\"position\":2,\"name\":\"Ex\u00e9quias do Papa Francisco: s\u00e1bado na Pra\u00e7a S\u00e3o Pedro\"}]},{\"@type\":\"Person\",\"@id\":\"https:\/\/franciscanos.org.br\/noticias\/#\/schema\/person\/d9422e83121c3ad3b0f423d195f5bb25\",\"name\":\"Adriana Rabelo\",\"image\":{\"@type\":\"ImageObject\",\"inLanguage\":\"pt-BR\",\"@id\":\"https:\/\/franciscanos.org.br\/noticias\/#\/schema\/person\/image\/\",\"url\":\"https:\/\/secure.gravatar.com\/avatar\/0a937b7500cd7df77540cfb8bede877d?s=96&d=mm&r=g\",\"contentUrl\":\"https:\/\/secure.gravatar.com\/avatar\/0a937b7500cd7df77540cfb8bede877d?s=96&d=mm&r=g\",\"caption\":\"Adriana Rabelo\"},\"url\":\"https:\/\/franciscanos.org.br\/noticias\/author\/adrianarabelo\"}]}<\/script>\n<!-- \/ Yoast SEO plugin. -->","yoast_head_json":{"title":"Ex\u00e9quias do Papa Francisco: s\u00e1bado na Pra\u00e7a S\u00e3o Pedro - Not\u00edcias - Franciscanos","robots":{"index":"index","follow":"follow","max-snippet":"max-snippet:-1","max-image-preview":"max-image-preview:large","max-video-preview":"max-video-preview:-1"},"canonical":"https:\/\/franciscanos.org.br\/noticias\/exequias-do-papa-francisco-sabado-na-praca-sao-pedro.html","og_locale":"pt_BR","og_type":"article","og_title":"Ex\u00e9quias do Papa Francisco: s\u00e1bado na Pra\u00e7a S\u00e3o Pedro - Not\u00edcias - Franciscanos","og_description":"Ritos funer\u00e1rios do Pont\u00edfice","og_url":"https:\/\/franciscanos.org.br\/noticias\/exequias-do-papa-francisco-sabado-na-praca-sao-pedro.html","og_site_name":"Not\u00edcias - Franciscanos","article_published_time":"2025-04-22T14:12:26+00:00","article_modified_time":"2025-04-22T15:20:52+00:00","og_image":[{"width":800,"height":550,"url":"https:\/\/franciscanos.org.br\/noticias\/wp-content\/uploads\/2025\/04\/chamada-exequias.png","type":"image\/png"}],"author":"Adriana Rabelo","twitter_card":"summary_large_image","twitter_misc":{"Escrito por":"Adriana Rabelo","Est. tempo de leitura":"4 minutos"},"schema":{"@context":"https:\/\/schema.org","@graph":[{"@type":"WebSite","@id":"https:\/\/franciscanos.org.br\/noticias\/#website","url":"https:\/\/franciscanos.org.br\/noticias\/","name":"Not\u00edcias - Franciscanos","description":"Prov\u00edncia Franciscana da Imaculada Concei\u00e7\u00e3o do Brasil - Ordem dos Frades Menores - OFM","potentialAction":[{"@type":"SearchAction","target":{"@type":"EntryPoint","urlTemplate":"https:\/\/franciscanos.org.br\/noticias\/?s={search_term_string}"},"query-input":"required name=search_term_string"}],"inLanguage":"pt-BR"},{"@type":"ImageObject","inLanguage":"pt-BR","@id":"https:\/\/franciscanos.org.br\/noticias\/exequias-do-papa-francisco-sabado-na-praca-sao-pedro.html#primaryimage","url":"https:\/\/franciscanos.org.br\/noticias\/wp-content\/uploads\/2025\/04\/chamada-exequias.png","contentUrl":"https:\/\/franciscanos.org.br\/noticias\/wp-content\/uploads\/2025\/04\/chamada-exequias.png","width":800,"height":550},{"@type":"WebPage","@id":"https:\/\/franciscanos.org.br\/noticias\/exequias-do-papa-francisco-sabado-na-praca-sao-pedro.html#webpage","url":"https:\/\/franciscanos.org.br\/noticias\/exequias-do-papa-francisco-sabado-na-praca-sao-pedro.html","name":"Ex\u00e9quias do Papa Francisco: s\u00e1bado na Pra\u00e7a S\u00e3o Pedro - Not\u00edcias - Franciscanos","isPartOf":{"@id":"https:\/\/franciscanos.org.br\/noticias\/#website"},"primaryImageOfPage":{"@id":"https:\/\/franciscanos.org.br\/noticias\/exequias-do-papa-francisco-sabado-na-praca-sao-pedro.html#primaryimage"},"datePublished":"2025-04-22T14:12:26+00:00","dateModified":"2025-04-22T15:20:52+00:00","author":{"@id":"https:\/\/franciscanos.org.br\/noticias\/#\/schema\/person\/d9422e83121c3ad3b0f423d195f5bb25"},"breadcrumb":{"@id":"https:\/\/franciscanos.org.br\/noticias\/exequias-do-papa-francisco-sabado-na-praca-sao-pedro.html#breadcrumb"},"inLanguage":"pt-BR","potentialAction":[{"@type":"ReadAction","target":["https:\/\/franciscanos.org.br\/noticias\/exequias-do-papa-francisco-sabado-na-praca-sao-pedro.html"]}]},{"@type":"BreadcrumbList","@id":"https:\/\/franciscanos.org.br\/noticias\/exequias-do-papa-francisco-sabado-na-praca-sao-pedro.html#breadcrumb","itemListElement":[{"@type":"ListItem","position":1,"name":"Home","item":"https:\/\/franciscanos.org.br\/noticias"},{"@type":"ListItem","position":2,"name":"Ex\u00e9quias do Papa Francisco: s\u00e1bado na Pra\u00e7a S\u00e3o Pedro"}]},{"@type":"Person","@id":"https:\/\/franciscanos.org.br\/noticias\/#\/schema\/person\/d9422e83121c3ad3b0f423d195f5bb25","name":"Adriana Rabelo","image":{"@type":"ImageObject","inLanguage":"pt-BR","@id":"https:\/\/franciscanos.org.br\/noticias\/#\/schema\/person\/image\/","url":"https:\/\/secure.gravatar.com\/avatar\/0a937b7500cd7df77540cfb8bede877d?s=96&d=mm&r=g","contentUrl":"https:\/\/secure.gravatar.com\/avatar\/0a937b7500cd7df77540cfb8bede877d?s=96&d=mm&r=g","caption":"Adriana Rabelo"},"url":"https:\/\/franciscanos.org.br\/noticias\/author\/adrianarabelo"}]}},"_links":{"self":[{"href":"https:\/\/franciscanos.org.br\/noticias\/wp-json\/wp\/v2\/posts\/256249"}],"collection":[{"href":"https:\/\/franciscanos.org.br\/noticias\/wp-json\/wp\/v2\/posts"}],"about":[{"href":"https:\/\/franciscanos.org.br\/noticias\/wp-json\/wp\/v2\/types\/post"}],"author":[{"embeddable":true,"href":"https:\/\/franciscanos.org.br\/noticias\/wp-json\/wp\/v2\/users\/11"}],"replies":[{"embeddable":true,"href":"https:\/\/franciscanos.org.br\/noticias\/wp-json\/wp\/v2\/comments?post=256249"}],"version-history":[{"count":6,"href":"https:\/\/franciscanos.org.br\/noticias\/wp-json\/wp\/v2\/posts\/256249\/revisions"}],"predecessor-version":[{"id":256258,"href":"https:\/\/franciscanos.org.br\/noticias\/wp-json\/wp\/v2\/posts\/256249\/revisions\/256258"}],"wp:featuredmedia":[{"embeddable":true,"href":"https:\/\/franciscanos.org.br\/noticias\/wp-json\/wp\/v2\/media\/256251"}],"wp:attachment":[{"href":"https:\/\/franciscanos.org.br\/noticias\/wp-json\/wp\/v2\/media?parent=256249"}],"wp:term":[{"taxonomy":"category","embeddable":true,"href":"https:\/\/franciscanos.org.br\/noticias\/wp-json\/wp\/v2\/categories?post=256249"},{"taxonomy":"post_tag","embeddable":true,"href":"https:\/\/franciscanos.org.br\/noticias\/wp-json\/wp\/v2\/tags?post=256249"}],"curies":[{"name":"wp","href":"https:\/\/api.w.org\/{rel}","templated":true}]}}