{"id":256240,"date":"2025-04-22T09:42:00","date_gmt":"2025-04-22T12:42:00","guid":{"rendered":"https:\/\/franciscanos.org.br\/noticias\/?p=256240"},"modified":"2025-04-22T10:43:54","modified_gmt":"2025-04-22T13:43:54","slug":"federacao-das-associacoes-muculmanas-do-brasil-lamenta-morte-do-papa-francisco","status":"publish","type":"post","link":"https:\/\/franciscanos.org.br\/noticias\/federacao-das-associacoes-muculmanas-do-brasil-lamenta-morte-do-papa-francisco.html","title":{"rendered":"Federa\u00e7\u00e3o das Associa\u00e7\u00f5es Mu\u00e7ulmanas do Brasil lamenta morte do Papa Francisco"},"content":{"rendered":"<p><img loading=\"lazy\" class=\"aligncenter wp-image-256247 size-full\" src=\"https:\/\/franciscanos.org.br\/noticias\/wp-content\/uploads\/2025\/04\/fambras-1280x.png\" alt=\"\" width=\"1280\" height=\"749\" srcset=\"https:\/\/franciscanos.org.br\/noticias\/wp-content\/uploads\/2025\/04\/fambras-1280x.png 1280w, https:\/\/franciscanos.org.br\/noticias\/wp-content\/uploads\/2025\/04\/fambras-1280x-450x263.png 450w, https:\/\/franciscanos.org.br\/noticias\/wp-content\/uploads\/2025\/04\/fambras-1280x-1024x599.png 1024w, https:\/\/franciscanos.org.br\/noticias\/wp-content\/uploads\/2025\/04\/fambras-1280x-768x449.png 768w, https:\/\/franciscanos.org.br\/noticias\/wp-content\/uploads\/2025\/04\/fambras-1280x-150x88.png 150w\" sizes=\"(max-width: 1280px) 100vw, 1280px\" \/><\/p>\n<p>Desde os primeiros an\u00fancios sobre o falecimento do Papa Francisco, nesta segunda-feira, 21 de abril, lideran\u00e7as religiosas de diferentes partes do mundo t\u00eam manifestado suas condol\u00eancias pela perda da principal lideran\u00e7a da Igreja Cat\u00f3lica.<\/p>\n<p>Ao longo de sua trajet\u00f3ria, Francisco tamb\u00e9m se destacou por suas importantes posi\u00e7\u00f5es na promo\u00e7\u00e3o do di\u00e1logo inter-religioso e na defesa da paz entre os povos.<\/p>\n<p>Numa demonstra\u00e7\u00e3o de unidade e v\u00ednculo de respeito, amizade e irmandade entre as duas religi\u00f5es, a Federa\u00e7\u00e3o das Associa\u00e7\u00f5es Mu\u00e7ulmanas do Brasil\u00a0 (Fambras) tamb\u00e9m emitiu uma nota de pesar manifestando o profundo pesar pelo falecimento do Papa Francisco.<\/p>\n<p>No documento, a Federa\u00e7\u00e3o das Associa\u00e7\u00f5es Mu\u00e7ulmanas do Brasil afirma que:<\/p>\n<p>\u201cPara o Islam, assim como pensam os cat\u00f3licos, a morte n\u00e3o \u00e9 um fim, mas um retorno a Deus. Ao nos despedirmos do Papa Francisco, oramos para que o Alt\u00edssimo o receba com Sua infinita miseric\u00f3rdia e que sua caminhada terrena, marcada pelo compromisso com a paz, a justi\u00e7a e a reconcilia\u00e7\u00e3o, seja honrada nos C\u00e9us assim como foi admirada na Terra. Que seu legado permane\u00e7a como inspira\u00e7\u00e3o para todos os que acreditam em um mundo mais fraterno.\u201d<\/p>\n<p><a href=\"https:\/\/franciscanos.org.br\/banca\/wp-content\/uploads\/2025\/04\/NOTA-DE-PESAR-PAPA-FRANCISCO-1.pdf\"><strong>Clique aqui e acesse a Nota de Pesar da Fambras<\/strong>.<\/a><\/p>\n<p><strong>Caminhada pela unidade e pela paz<\/strong><\/p>\n<p class=\"\" data-start=\"188\" data-end=\"465\">Em 2019, o Santo Padre esteve nos Emirados \u00c1rabes Unidos, consolidando a primeira visita de um Papa na Pen\u00ednsula Ar\u00e1bica. Naquela regi\u00e3o, Papa Francisco reafirmou seu compromisso de fortalecer o di\u00e1logo entre crist\u00e3os e mu\u00e7ulmanos, na caminhada e confian\u00e7a rec\u00edproca de irm\u00e3os.<\/p>\n<p class=\"\" data-start=\"467\" data-end=\"749\">Antes dessa peregrina\u00e7\u00e3o, Papa Francisco j\u00e1 havia feito v\u00e1rias viagens a pa\u00edses com maioria mu\u00e7ulmana desde o in\u00edcio de sua miss\u00e3o petrina no mundo inteiro. Importante recordar a viagem de maio de 2014, quando o Papa foi \u00e0 Jord\u00e2nia, primeira etapa de sua peregrina\u00e7\u00e3o \u00e0 Terra Santa.<\/p>\n<p class=\"\" data-start=\"751\" data-end=\"1157\"><img loading=\"lazy\" class=\"size-medium wp-image-256241 alignright\" src=\"https:\/\/franciscanos.org.br\/noticias\/wp-content\/uploads\/2025\/04\/encontro_100919-g-450x450.jpg\" alt=\"\" width=\"450\" height=\"450\" srcset=\"https:\/\/franciscanos.org.br\/noticias\/wp-content\/uploads\/2025\/04\/encontro_100919-g-450x450.jpg 450w, https:\/\/franciscanos.org.br\/noticias\/wp-content\/uploads\/2025\/04\/encontro_100919-g-300x300.jpg 300w, https:\/\/franciscanos.org.br\/noticias\/wp-content\/uploads\/2025\/04\/encontro_100919-g-768x768.jpg 768w, https:\/\/franciscanos.org.br\/noticias\/wp-content\/uploads\/2025\/04\/encontro_100919-g-150x150.jpg 150w, https:\/\/franciscanos.org.br\/noticias\/wp-content\/uploads\/2025\/04\/encontro_100919-g-100x100.jpg 100w, https:\/\/franciscanos.org.br\/noticias\/wp-content\/uploads\/2025\/04\/encontro_100919-g.jpg 890w\" sizes=\"(max-width: 450px) 100vw, 450px\" \/>No mesmo ano da peregrina\u00e7\u00e3o do Pont\u00edfice ao Isl\u00e3 (2019), a Confer\u00eancia da Fam\u00edlia Franciscana do Brasil (CFFB) e a Prov\u00edncia Franciscana da Imaculada Concei\u00e7\u00e3o do Brasil promoveram, no dia 28 de setembro, na Mesquita da Miseric\u00f3rdia Sobem, em S\u00e3o Paulo, um encontro entre cat\u00f3licos franciscanos e mu\u00e7ulmanos. As duas comunidades celebraram a amizade e o di\u00e1logo, repetindo o gesto de Francisco e o Sult\u00e3o.<\/p>\n<p class=\"\" data-start=\"1159\" data-end=\"1483\">Na \u00e9poca, os franciscanos de todo o mundo celebravam os 800 anos da hist\u00f3rica visita de S\u00e3o Francisco ao Sult\u00e3o Al-Malik Al-Kamil, no Egito. Diante do cen\u00e1rio das Cruzadas, onde prevalecia a viol\u00eancia e a intoler\u00e2ncia, os dois l\u00edderes se abriram para uma conversa franca e fraterna, descobrindo as virtudes e luzes do outro.<\/p>\n<p class=\"\" data-start=\"1485\" data-end=\"1762\">O evento foi uma oportunidade de descobrir um novo caminho entre as duas religi\u00f5es. Na ocasi\u00e3o, o vice-presidente da Fambras, Ali Zoghbi, refor\u00e7ou a alegria, como mu\u00e7ulmano, de receber os cat\u00f3licos franciscanos e celebrar os 800 anos do encontro entre S\u00e3o Francisco e o Sult\u00e3o.<\/p>\n<hr \/>\n<p><em>Adriana Rabelo Rodrigues<\/em><\/p>\n<p>Fonte: <a href=\"https:\/\/franciscanos.org.br\/noticias\/em-sao-paulo-muculmanos-e-franciscanos-repetem-o-gesto-de-francisco-e-o-sultao.html#gsc.tab=0\">https:\/\/franciscanos.org.br\/noticias\/em-sao-paulo-muculmanos-e-franciscanos-repetem-o-gesto-de-francisco-e-o-sultao.html#gsc.tab=0<\/a><\/p>\n","protected":false},"excerpt":{"rendered":"<p>Nota de pesar<\/p>\n","protected":false},"author":11,"featured_media":256244,"comment_status":"open","ping_status":"open","sticky":false,"template":"","format":"standard","meta":[],"categories":[1],"tags":[2335,2336,55],"acf":[],"yoast_head":"<!-- This site is optimized with the Yoast SEO plugin v19.2 - https:\/\/yoast.com\/wordpress\/plugins\/seo\/ -->\n<title>Federa\u00e7\u00e3o das Associa\u00e7\u00f5es Mu\u00e7ulmanas do Brasil lamenta morte do Papa Francisco - Not\u00edcias - Franciscanos<\/title>\n<meta name=\"robots\" content=\"index, follow, max-snippet:-1, max-image-preview:large, max-video-preview:-1\" \/>\n<link rel=\"canonical\" href=\"https:\/\/franciscanos.org.br\/noticias\/federacao-das-associacoes-muculmanas-do-brasil-lamenta-morte-do-papa-francisco.html\" \/>\n<meta property=\"og:locale\" content=\"pt_BR\" \/>\n<meta property=\"og:type\" content=\"article\" \/>\n<meta property=\"og:title\" content=\"Federa\u00e7\u00e3o das Associa\u00e7\u00f5es Mu\u00e7ulmanas do Brasil lamenta morte do Papa Francisco - Not\u00edcias - Franciscanos\" \/>\n<meta property=\"og:description\" content=\"Nota de pesar\" \/>\n<meta property=\"og:url\" content=\"https:\/\/franciscanos.org.br\/noticias\/federacao-das-associacoes-muculmanas-do-brasil-lamenta-morte-do-papa-francisco.html\" \/>\n<meta property=\"og:site_name\" content=\"Not\u00edcias - Franciscanos\" \/>\n<meta property=\"article:published_time\" content=\"2025-04-22T12:42:00+00:00\" \/>\n<meta property=\"article:modified_time\" content=\"2025-04-22T13:43:54+00:00\" \/>\n<meta property=\"og:image\" content=\"https:\/\/franciscanos.org.br\/noticias\/wp-content\/uploads\/2025\/04\/fambras-800.png\" \/>\n\t<meta property=\"og:image:width\" content=\"800\" \/>\n\t<meta property=\"og:image:height\" content=\"550\" \/>\n\t<meta property=\"og:image:type\" content=\"image\/png\" \/>\n<meta name=\"author\" content=\"Adriana Rabelo\" \/>\n<meta name=\"twitter:card\" content=\"summary_large_image\" \/>\n<meta name=\"twitter:label1\" content=\"Escrito por\" \/>\n\t<meta name=\"twitter:data1\" content=\"Adriana Rabelo\" \/>\n\t<meta name=\"twitter:label2\" content=\"Est. tempo de leitura\" \/>\n\t<meta name=\"twitter:data2\" content=\"3 minutos\" \/>\n<script type=\"application\/ld+json\" class=\"yoast-schema-graph\">{\"@context\":\"https:\/\/schema.org\",\"@graph\":[{\"@type\":\"WebSite\",\"@id\":\"https:\/\/franciscanos.org.br\/noticias\/#website\",\"url\":\"https:\/\/franciscanos.org.br\/noticias\/\",\"name\":\"Not\u00edcias - Franciscanos\",\"description\":\"Prov\u00edncia Franciscana da Imaculada Concei\u00e7\u00e3o do Brasil - Ordem dos Frades Menores - OFM\",\"potentialAction\":[{\"@type\":\"SearchAction\",\"target\":{\"@type\":\"EntryPoint\",\"urlTemplate\":\"https:\/\/franciscanos.org.br\/noticias\/?s={search_term_string}\"},\"query-input\":\"required name=search_term_string\"}],\"inLanguage\":\"pt-BR\"},{\"@type\":\"ImageObject\",\"inLanguage\":\"pt-BR\",\"@id\":\"https:\/\/franciscanos.org.br\/noticias\/federacao-das-associacoes-muculmanas-do-brasil-lamenta-morte-do-papa-francisco.html#primaryimage\",\"url\":\"https:\/\/franciscanos.org.br\/noticias\/wp-content\/uploads\/2025\/04\/fambras-800.png\",\"contentUrl\":\"https:\/\/franciscanos.org.br\/noticias\/wp-content\/uploads\/2025\/04\/fambras-800.png\",\"width\":800,\"height\":550},{\"@type\":\"WebPage\",\"@id\":\"https:\/\/franciscanos.org.br\/noticias\/federacao-das-associacoes-muculmanas-do-brasil-lamenta-morte-do-papa-francisco.html#webpage\",\"url\":\"https:\/\/franciscanos.org.br\/noticias\/federacao-das-associacoes-muculmanas-do-brasil-lamenta-morte-do-papa-francisco.html\",\"name\":\"Federa\u00e7\u00e3o das Associa\u00e7\u00f5es Mu\u00e7ulmanas do Brasil lamenta morte do Papa Francisco - Not\u00edcias - Franciscanos\",\"isPartOf\":{\"@id\":\"https:\/\/franciscanos.org.br\/noticias\/#website\"},\"primaryImageOfPage\":{\"@id\":\"https:\/\/franciscanos.org.br\/noticias\/federacao-das-associacoes-muculmanas-do-brasil-lamenta-morte-do-papa-francisco.html#primaryimage\"},\"datePublished\":\"2025-04-22T12:42:00+00:00\",\"dateModified\":\"2025-04-22T13:43:54+00:00\",\"author\":{\"@id\":\"https:\/\/franciscanos.org.br\/noticias\/#\/schema\/person\/d9422e83121c3ad3b0f423d195f5bb25\"},\"breadcrumb\":{\"@id\":\"https:\/\/franciscanos.org.br\/noticias\/federacao-das-associacoes-muculmanas-do-brasil-lamenta-morte-do-papa-francisco.html#breadcrumb\"},\"inLanguage\":\"pt-BR\",\"potentialAction\":[{\"@type\":\"ReadAction\",\"target\":[\"https:\/\/franciscanos.org.br\/noticias\/federacao-das-associacoes-muculmanas-do-brasil-lamenta-morte-do-papa-francisco.html\"]}]},{\"@type\":\"BreadcrumbList\",\"@id\":\"https:\/\/franciscanos.org.br\/noticias\/federacao-das-associacoes-muculmanas-do-brasil-lamenta-morte-do-papa-francisco.html#breadcrumb\",\"itemListElement\":[{\"@type\":\"ListItem\",\"position\":1,\"name\":\"Home\",\"item\":\"https:\/\/franciscanos.org.br\/noticias\"},{\"@type\":\"ListItem\",\"position\":2,\"name\":\"Federa\u00e7\u00e3o das Associa\u00e7\u00f5es Mu\u00e7ulmanas do Brasil lamenta morte do Papa Francisco\"}]},{\"@type\":\"Person\",\"@id\":\"https:\/\/franciscanos.org.br\/noticias\/#\/schema\/person\/d9422e83121c3ad3b0f423d195f5bb25\",\"name\":\"Adriana Rabelo\",\"image\":{\"@type\":\"ImageObject\",\"inLanguage\":\"pt-BR\",\"@id\":\"https:\/\/franciscanos.org.br\/noticias\/#\/schema\/person\/image\/\",\"url\":\"https:\/\/secure.gravatar.com\/avatar\/0a937b7500cd7df77540cfb8bede877d?s=96&d=mm&r=g\",\"contentUrl\":\"https:\/\/secure.gravatar.com\/avatar\/0a937b7500cd7df77540cfb8bede877d?s=96&d=mm&r=g\",\"caption\":\"Adriana Rabelo\"},\"url\":\"https:\/\/franciscanos.org.br\/noticias\/author\/adrianarabelo\"}]}<\/script>\n<!-- \/ Yoast SEO plugin. -->","yoast_head_json":{"title":"Federa\u00e7\u00e3o das Associa\u00e7\u00f5es Mu\u00e7ulmanas do Brasil lamenta morte do Papa Francisco - Not\u00edcias - Franciscanos","robots":{"index":"index","follow":"follow","max-snippet":"max-snippet:-1","max-image-preview":"max-image-preview:large","max-video-preview":"max-video-preview:-1"},"canonical":"https:\/\/franciscanos.org.br\/noticias\/federacao-das-associacoes-muculmanas-do-brasil-lamenta-morte-do-papa-francisco.html","og_locale":"pt_BR","og_type":"article","og_title":"Federa\u00e7\u00e3o das Associa\u00e7\u00f5es Mu\u00e7ulmanas do Brasil lamenta morte do Papa Francisco - Not\u00edcias - Franciscanos","og_description":"Nota de pesar","og_url":"https:\/\/franciscanos.org.br\/noticias\/federacao-das-associacoes-muculmanas-do-brasil-lamenta-morte-do-papa-francisco.html","og_site_name":"Not\u00edcias - Franciscanos","article_published_time":"2025-04-22T12:42:00+00:00","article_modified_time":"2025-04-22T13:43:54+00:00","og_image":[{"width":800,"height":550,"url":"https:\/\/franciscanos.org.br\/noticias\/wp-content\/uploads\/2025\/04\/fambras-800.png","type":"image\/png"}],"author":"Adriana Rabelo","twitter_card":"summary_large_image","twitter_misc":{"Escrito por":"Adriana Rabelo","Est. tempo de leitura":"3 minutos"},"schema":{"@context":"https:\/\/schema.org","@graph":[{"@type":"WebSite","@id":"https:\/\/franciscanos.org.br\/noticias\/#website","url":"https:\/\/franciscanos.org.br\/noticias\/","name":"Not\u00edcias - Franciscanos","description":"Prov\u00edncia Franciscana da Imaculada Concei\u00e7\u00e3o do Brasil - Ordem dos Frades Menores - OFM","potentialAction":[{"@type":"SearchAction","target":{"@type":"EntryPoint","urlTemplate":"https:\/\/franciscanos.org.br\/noticias\/?s={search_term_string}"},"query-input":"required name=search_term_string"}],"inLanguage":"pt-BR"},{"@type":"ImageObject","inLanguage":"pt-BR","@id":"https:\/\/franciscanos.org.br\/noticias\/federacao-das-associacoes-muculmanas-do-brasil-lamenta-morte-do-papa-francisco.html#primaryimage","url":"https:\/\/franciscanos.org.br\/noticias\/wp-content\/uploads\/2025\/04\/fambras-800.png","contentUrl":"https:\/\/franciscanos.org.br\/noticias\/wp-content\/uploads\/2025\/04\/fambras-800.png","width":800,"height":550},{"@type":"WebPage","@id":"https:\/\/franciscanos.org.br\/noticias\/federacao-das-associacoes-muculmanas-do-brasil-lamenta-morte-do-papa-francisco.html#webpage","url":"https:\/\/franciscanos.org.br\/noticias\/federacao-das-associacoes-muculmanas-do-brasil-lamenta-morte-do-papa-francisco.html","name":"Federa\u00e7\u00e3o das Associa\u00e7\u00f5es Mu\u00e7ulmanas do Brasil lamenta morte do Papa Francisco - Not\u00edcias - Franciscanos","isPartOf":{"@id":"https:\/\/franciscanos.org.br\/noticias\/#website"},"primaryImageOfPage":{"@id":"https:\/\/franciscanos.org.br\/noticias\/federacao-das-associacoes-muculmanas-do-brasil-lamenta-morte-do-papa-francisco.html#primaryimage"},"datePublished":"2025-04-22T12:42:00+00:00","dateModified":"2025-04-22T13:43:54+00:00","author":{"@id":"https:\/\/franciscanos.org.br\/noticias\/#\/schema\/person\/d9422e83121c3ad3b0f423d195f5bb25"},"breadcrumb":{"@id":"https:\/\/franciscanos.org.br\/noticias\/federacao-das-associacoes-muculmanas-do-brasil-lamenta-morte-do-papa-francisco.html#breadcrumb"},"inLanguage":"pt-BR","potentialAction":[{"@type":"ReadAction","target":["https:\/\/franciscanos.org.br\/noticias\/federacao-das-associacoes-muculmanas-do-brasil-lamenta-morte-do-papa-francisco.html"]}]},{"@type":"BreadcrumbList","@id":"https:\/\/franciscanos.org.br\/noticias\/federacao-das-associacoes-muculmanas-do-brasil-lamenta-morte-do-papa-francisco.html#breadcrumb","itemListElement":[{"@type":"ListItem","position":1,"name":"Home","item":"https:\/\/franciscanos.org.br\/noticias"},{"@type":"ListItem","position":2,"name":"Federa\u00e7\u00e3o das Associa\u00e7\u00f5es Mu\u00e7ulmanas do Brasil lamenta morte do Papa Francisco"}]},{"@type":"Person","@id":"https:\/\/franciscanos.org.br\/noticias\/#\/schema\/person\/d9422e83121c3ad3b0f423d195f5bb25","name":"Adriana Rabelo","image":{"@type":"ImageObject","inLanguage":"pt-BR","@id":"https:\/\/franciscanos.org.br\/noticias\/#\/schema\/person\/image\/","url":"https:\/\/secure.gravatar.com\/avatar\/0a937b7500cd7df77540cfb8bede877d?s=96&d=mm&r=g","contentUrl":"https:\/\/secure.gravatar.com\/avatar\/0a937b7500cd7df77540cfb8bede877d?s=96&d=mm&r=g","caption":"Adriana Rabelo"},"url":"https:\/\/franciscanos.org.br\/noticias\/author\/adrianarabelo"}]}},"_links":{"self":[{"href":"https:\/\/franciscanos.org.br\/noticias\/wp-json\/wp\/v2\/posts\/256240"}],"collection":[{"href":"https:\/\/franciscanos.org.br\/noticias\/wp-json\/wp\/v2\/posts"}],"about":[{"href":"https:\/\/franciscanos.org.br\/noticias\/wp-json\/wp\/v2\/types\/post"}],"author":[{"embeddable":true,"href":"https:\/\/franciscanos.org.br\/noticias\/wp-json\/wp\/v2\/users\/11"}],"replies":[{"embeddable":true,"href":"https:\/\/franciscanos.org.br\/noticias\/wp-json\/wp\/v2\/comments?post=256240"}],"version-history":[{"count":4,"href":"https:\/\/franciscanos.org.br\/noticias\/wp-json\/wp\/v2\/posts\/256240\/revisions"}],"predecessor-version":[{"id":256248,"href":"https:\/\/franciscanos.org.br\/noticias\/wp-json\/wp\/v2\/posts\/256240\/revisions\/256248"}],"wp:featuredmedia":[{"embeddable":true,"href":"https:\/\/franciscanos.org.br\/noticias\/wp-json\/wp\/v2\/media\/256244"}],"wp:attachment":[{"href":"https:\/\/franciscanos.org.br\/noticias\/wp-json\/wp\/v2\/media?parent=256240"}],"wp:term":[{"taxonomy":"category","embeddable":true,"href":"https:\/\/franciscanos.org.br\/noticias\/wp-json\/wp\/v2\/categories?post=256240"},{"taxonomy":"post_tag","embeddable":true,"href":"https:\/\/franciscanos.org.br\/noticias\/wp-json\/wp\/v2\/tags?post=256240"}],"curies":[{"name":"wp","href":"https:\/\/api.w.org\/{rel}","templated":true}]}}