{"id":256224,"date":"2025-04-21T23:56:51","date_gmt":"2025-04-22T02:56:51","guid":{"rendered":"https:\/\/franciscanos.org.br\/noticias\/?p=256224"},"modified":"2025-04-22T00:16:03","modified_gmt":"2025-04-22T03:16:03","slug":"penha-peregrina-igreja-em-saida-no-dia-em-que-francisco-parte","status":"publish","type":"post","link":"https:\/\/franciscanos.org.br\/noticias\/penha-peregrina-igreja-em-saida-no-dia-em-que-francisco-parte.html","title":{"rendered":"Penha peregrina: Igreja em sa\u00edda no dia em que Francisco parte"},"content":{"rendered":"<p><img loading=\"lazy\" class=\"aligncenter wp-image-256210 size-full\" src=\"https:\/\/franciscanos.org.br\/noticias\/wp-content\/uploads\/2025\/04\/PENHA_2104_DESTAQUE0.jpg\" alt=\"\" width=\"1280\" height=\"720\" srcset=\"https:\/\/franciscanos.org.br\/noticias\/wp-content\/uploads\/2025\/04\/PENHA_2104_DESTAQUE0.jpg 1280w, https:\/\/franciscanos.org.br\/noticias\/wp-content\/uploads\/2025\/04\/PENHA_2104_DESTAQUE0-450x253.jpg 450w, https:\/\/franciscanos.org.br\/noticias\/wp-content\/uploads\/2025\/04\/PENHA_2104_DESTAQUE0-1024x576.jpg 1024w, https:\/\/franciscanos.org.br\/noticias\/wp-content\/uploads\/2025\/04\/PENHA_2104_DESTAQUE0-768x432.jpg 768w, https:\/\/franciscanos.org.br\/noticias\/wp-content\/uploads\/2025\/04\/PENHA_2104_DESTAQUE0-150x84.jpg 150w\" sizes=\"(max-width: 1280px) 100vw, 1280px\" \/><\/p>\n<p style=\"font-weight: 400;\"><strong>Vila Velha (ES) &#8211;\u00a0<\/strong>No dia que o mundo lamenta a partida do Papa Francisco, ap\u00f3s luta intensa contra uma enfermidade, a programa\u00e7\u00e3o da Festa da Penha teve in\u00edcio bem cedo, atendendo a um dos constantes apelos e sonhos do Sumo Pont\u00edfice, a que ele chamava de \u201cIgreja em Sa\u00edda\u201d. \u00c0s 6h, uma comitiva formada pelos frades e por volunt\u00e1rios da Corrente da Penha se dirigiu \u00e0 localidade de Flexal, na periferia de Cariacica, levando a Imagem Peregrina de Nossa Senhora da Penha para um encontro com o Povo das Par\u00f3quias da \u00c1rea Pastoral Cariacica Viana. O encontro ocorreu na rotat\u00f3ria que divide as localidades Flexal I e Flexal II, no territ\u00f3rio da Par\u00f3quia Nossa Senhora da Penha.<\/p>\n<p><img loading=\"lazy\" class=\"alignnone wp-image-256211 size-full\" src=\"https:\/\/franciscanos.org.br\/noticias\/wp-content\/uploads\/2025\/04\/PENHA_2104_DESTAQUE1.jpg\" alt=\"\" width=\"1280\" height=\"720\" srcset=\"https:\/\/franciscanos.org.br\/noticias\/wp-content\/uploads\/2025\/04\/PENHA_2104_DESTAQUE1.jpg 1280w, https:\/\/franciscanos.org.br\/noticias\/wp-content\/uploads\/2025\/04\/PENHA_2104_DESTAQUE1-450x253.jpg 450w, https:\/\/franciscanos.org.br\/noticias\/wp-content\/uploads\/2025\/04\/PENHA_2104_DESTAQUE1-1024x576.jpg 1024w, https:\/\/franciscanos.org.br\/noticias\/wp-content\/uploads\/2025\/04\/PENHA_2104_DESTAQUE1-768x432.jpg 768w, https:\/\/franciscanos.org.br\/noticias\/wp-content\/uploads\/2025\/04\/PENHA_2104_DESTAQUE1-150x84.jpg 150w\" sizes=\"(max-width: 1280px) 100vw, 1280px\" \/><\/p>\n<p style=\"font-weight: 400;\">Quando a comitiva chegou, os fi\u00e9is j\u00e1 estavam a postos com m\u00fasica, bexigas e fogos para acolher a ilustre visita da M\u00e3e da Penha. Na primeira palavra de acolhida, o P\u00e1roco, Padre Carlos Ant\u00f4nio Concei\u00e7\u00e3o convidou os presentes a um momento de ora\u00e7\u00e3o silenciosa em honra e gratid\u00e3o ao Papa Francisco e ao precioso legado que ele deixa \u00e0 Igreja. Momento de como\u00e7\u00e3o e a\u00e7\u00e3o de gra\u00e7as. Logo ap\u00f3s, tamb\u00e9m houve uma sauda\u00e7\u00e3o especial \u00e0 Virgem da Penha, cuja visita da imagem alegrava aquele in\u00edcio de manh\u00e3. Com sol j\u00e1 apresentando seu vigor, a prociss\u00e3o seguiu, em dire\u00e7\u00e3o \u00e0 Matriz da Par\u00f3quia Nossa Senhora da Penha.<\/p>\n<p style=\"font-weight: 400;\">Fi\u00e9is de todas as idades acompanharam o cortejo. O pequeno Davi Soares Nunes, filho da funcion\u00e1ria p\u00fablica Cleide Leite Soares Nunes, veio no colo da m\u00e3e, carregando o ter\u00e7o. \u201cA caminhada \u00e9 tudo em nossa vida. Se n\u00e3o ensinarmos a crian\u00e7a, desde pequenininha a caminhar na f\u00e9, na Palavra e nos ensinamentos, ela n\u00e3o consegue sentir este amor\u201d, explicou a m\u00e3e, contando ainda que, quando rec\u00e9m-nascido, o menino teve um parto de risco no qual ela sentiu a presen\u00e7a e a interse\u00e7\u00e3o amorosa de Nossa Senhora. Em agradecimento, o pequeno Davi, apesar da pouca idade, neste ano ter\u00e1 sua segunda participa\u00e7\u00e3o na Romaria dos Homens junto com a fam\u00edlia.<\/p>\n\n\t\t<style type=\"text\/css\">\n\t\t\t#gallery-1 {\n\t\t\t\tmargin: auto;\n\t\t\t}\n\t\t\t#gallery-1 .gallery-item {\n\t\t\t\tfloat: left;\n\t\t\t\tmargin-top: 10px;\n\t\t\t\ttext-align: center;\n\t\t\t\twidth: 50%;\n\t\t\t}\n\t\t\t#gallery-1 img {\n\t\t\t\tborder: 2px solid #cfcfcf;\n\t\t\t}\n\t\t\t#gallery-1 .gallery-caption {\n\t\t\t\tmargin-left: 0;\n\t\t\t}\n\t\t\t\/* see gallery_shortcode() in wp-includes\/media.php *\/\n\t\t<\/style>\n\t\t<div id='gallery-1' class='gallery galleryid-256224 gallery-columns-2 gallery-size-medium'><dl class='gallery-item'>\n\t\t\t<dt class='gallery-icon portrait'>\n\t\t\t\t<a href='https:\/\/franciscanos.org.br\/noticias\/wp-content\/uploads\/2025\/04\/PENHA_2104_DESTAQUE2.jpg'><img width=\"315\" height=\"450\" src=\"https:\/\/franciscanos.org.br\/noticias\/wp-content\/uploads\/2025\/04\/PENHA_2104_DESTAQUE2-315x450.jpg\" class=\"attachment-medium size-medium\" alt=\"\" loading=\"lazy\" aria-describedby=\"gallery-1-256212\" srcset=\"https:\/\/franciscanos.org.br\/noticias\/wp-content\/uploads\/2025\/04\/PENHA_2104_DESTAQUE2-315x450.jpg 315w, https:\/\/franciscanos.org.br\/noticias\/wp-content\/uploads\/2025\/04\/PENHA_2104_DESTAQUE2-716x1024.jpg 716w, https:\/\/franciscanos.org.br\/noticias\/wp-content\/uploads\/2025\/04\/PENHA_2104_DESTAQUE2-150x215.jpg 150w, https:\/\/franciscanos.org.br\/noticias\/wp-content\/uploads\/2025\/04\/PENHA_2104_DESTAQUE2.jpg 750w\" sizes=\"(max-width: 315px) 100vw, 315px\" \/><\/a>\n\t\t\t<\/dt>\n\t\t\t\t<dd class='wp-caption-text gallery-caption' id='gallery-1-256212'>\n\t\t\t\tCleide e Davi\n\t\t\t\t<\/dd><\/dl><dl class='gallery-item'>\n\t\t\t<dt class='gallery-icon portrait'>\n\t\t\t\t<a href='https:\/\/franciscanos.org.br\/noticias\/wp-content\/uploads\/2025\/04\/PENHA_2104_DESTAQUE3.jpg'><img width=\"315\" height=\"450\" src=\"https:\/\/franciscanos.org.br\/noticias\/wp-content\/uploads\/2025\/04\/PENHA_2104_DESTAQUE3-315x450.jpg\" class=\"attachment-medium size-medium\" alt=\"\" loading=\"lazy\" aria-describedby=\"gallery-1-256230\" srcset=\"https:\/\/franciscanos.org.br\/noticias\/wp-content\/uploads\/2025\/04\/PENHA_2104_DESTAQUE3-315x450.jpg 315w, https:\/\/franciscanos.org.br\/noticias\/wp-content\/uploads\/2025\/04\/PENHA_2104_DESTAQUE3-716x1024.jpg 716w, https:\/\/franciscanos.org.br\/noticias\/wp-content\/uploads\/2025\/04\/PENHA_2104_DESTAQUE3-150x215.jpg 150w, https:\/\/franciscanos.org.br\/noticias\/wp-content\/uploads\/2025\/04\/PENHA_2104_DESTAQUE3.jpg 750w\" sizes=\"(max-width: 315px) 100vw, 315px\" \/><\/a>\n\t\t\t<\/dt>\n\t\t\t\t<dd class='wp-caption-text gallery-caption' id='gallery-1-256230'>\n\t\t\t\tBruna\n\t\t\t\t<\/dd><\/dl><br style=\"clear: both\" \/>\n\t\t<\/div>\n\n<p style=\"font-weight: 400;\">No toque da percuss\u00e3o, animando o grupo com can\u00e7\u00f5es de homenagem a Maria, estava a musicista Bruna Leite, da Comunidade S\u00e3o Bernardo de Claraval, que come\u00e7ou sua forma\u00e7\u00e3o em m\u00fasica num projeto social dirigido por irm\u00e3s junto \u00e0 Comunidade. Hoje, j\u00e1 profissional, ela se sente grata e honrada em emprestar seus talentos para homenagear a M\u00e3e de Jesus. \u201c\u00c9 muito gratificante recebermos aqui a visita de nossa M\u00e3e e Padroeira\u201d, destacou.<\/p>\n<p style=\"font-weight: 400;\">Para o P\u00e1roco, Padre Carlos Ant\u00f4nio, a visita foi ocasi\u00e3o de renovar a esperan\u00e7a e a alegria. \u201cN\u00f3s nos sentimos honrados em termos sido escolhidos como primeiro lugar a receber na festa deste ano a visita da imagem peregrina\u201d, declarou. Padre Carlos \u00e9 autor do Hino em homenagem a nossa Senhora da Penha cantado a plena voz pela comunidade do Flexal. Diz a letra: \u201cHoje \u00e9 dia de festa, gratid\u00e3o e alegria a Nossa M\u00e3e e Padroeira: Virgem da Penha! Flor de mil nomes, padroeira do Flexal, roga a Deus por n\u00f3s, Santa Maria, livra-nos do mal\u201d.<\/p>\n<p><img loading=\"lazy\" class=\"aligncenter wp-image-256218 size-full\" src=\"https:\/\/franciscanos.org.br\/noticias\/wp-content\/uploads\/2025\/04\/PENHA_2104_002.jpg\" alt=\"\" width=\"1080\" height=\"720\" srcset=\"https:\/\/franciscanos.org.br\/noticias\/wp-content\/uploads\/2025\/04\/PENHA_2104_002.jpg 1080w, https:\/\/franciscanos.org.br\/noticias\/wp-content\/uploads\/2025\/04\/PENHA_2104_002-450x300.jpg 450w, https:\/\/franciscanos.org.br\/noticias\/wp-content\/uploads\/2025\/04\/PENHA_2104_002-1024x683.jpg 1024w, https:\/\/franciscanos.org.br\/noticias\/wp-content\/uploads\/2025\/04\/PENHA_2104_002-768x512.jpg 768w, https:\/\/franciscanos.org.br\/noticias\/wp-content\/uploads\/2025\/04\/PENHA_2104_002-150x100.jpg 150w\" sizes=\"(max-width: 1080px) 100vw, 1080px\" \/><\/p>\n<p style=\"font-weight: 400;\">Frei Pedro Oliveira, atualmente residindo em Colatina, nasceu e se criou na regi\u00e3o. Ele tamb\u00e9m fez parte de comitiva e n\u00e3o escondeu seu contentamento e emo\u00e7\u00e3o: \u201c\u00c9 um sonho realizado. A M\u00e3e sair do Santu\u00e1rio dela para visitar uma regi\u00e3o, de fato, perif\u00e9rica. Eu me lembrei de quando ela foi visitar sua prima, Isabel. Ent\u00e3o hoje ela veio visitar sua prima Isabel, que \u00e9 esta comunidade, uma regi\u00e3o de muitos desafios, que tamb\u00e9m e parte da minha hist\u00f3ria e da minha caminhada, onde tudo come\u00e7ou\u201d, recordou Frei Pedro. \u00a0Para o Guardi\u00e3o do Convento, Frei Gabriel Dellandrea, as visitas da Imagem da \u201cPenha Peregrina\u201d retrata o esp\u00edrito e a proposta da Festa da Padroeira dos capixabas: \u201cA Festa da Penha n\u00e3o acontece s\u00f3 no Convento. Ela se espalha por toda a Regi\u00e3o Metropolitana da Grande Vit\u00f3ria e por isso foi uma alegria muito grande estarmos aqui hoje\u201d, disse Frei Gabriel, compartilhando do momento de grande alegria vivido pela Comunidade.<\/p>\n<p style=\"font-weight: 400;\">Depois da chegada da imagem de Nossa Senhora \u00e0 igreja matriz, houve a celebra\u00e7\u00e3o da Missa, presidida pelo p\u00e1roco, concelebrada pelos di\u00e1conos da \u00c1rea Pastoral Cariacica Viana e tamb\u00e9m com a participa\u00e7\u00e3o dos freis. Em seguida, um saboroso caf\u00e9 da manh\u00e3 compartilhado, preparado com muito carinho pela par\u00f3quia anfitri\u00e3. Antes de retornar ao Convento, a imagem peregrina percorreu em carro aberto, acompanhada pelos paroquianos, o territ\u00f3rio da Par\u00f3quia, levando b\u00ean\u00e7\u00e3o e esperan\u00e7a por onde passou. Nesta ter\u00e7a-feira, dia 22 de abril, a imagem da Penha Peregrina visitar\u00e1 o Santu\u00e1rio S\u00e3o Jos\u00e9 de Anchieta, na \u00c1rea Pastoral Benevente.<\/p>\n\n\t\t<style type=\"text\/css\">\n\t\t\t#gallery-2 {\n\t\t\t\tmargin: auto;\n\t\t\t}\n\t\t\t#gallery-2 .gallery-item {\n\t\t\t\tfloat: left;\n\t\t\t\tmargin-top: 10px;\n\t\t\t\ttext-align: center;\n\t\t\t\twidth: 20%;\n\t\t\t}\n\t\t\t#gallery-2 img {\n\t\t\t\tborder: 2px solid #cfcfcf;\n\t\t\t}\n\t\t\t#gallery-2 .gallery-caption {\n\t\t\t\tmargin-left: 0;\n\t\t\t}\n\t\t\t\/* see gallery_shortcode() in wp-includes\/media.php *\/\n\t\t<\/style>\n\t\t<div id='gallery-2' class='gallery galleryid-256224 gallery-columns-5 gallery-size-thumbnail'><dl class='gallery-item'>\n\t\t\t<dt class='gallery-icon landscape'>\n\t\t\t\t<a href='https:\/\/franciscanos.org.br\/noticias\/wp-content\/uploads\/2025\/04\/PENHA_2104_003.jpg'><img width=\"300\" height=\"300\" src=\"https:\/\/franciscanos.org.br\/noticias\/wp-content\/uploads\/2025\/04\/PENHA_2104_003-300x300.jpg\" class=\"attachment-thumbnail size-thumbnail\" alt=\"\" loading=\"lazy\" srcset=\"https:\/\/franciscanos.org.br\/noticias\/wp-content\/uploads\/2025\/04\/PENHA_2104_003-300x300.jpg 300w, https:\/\/franciscanos.org.br\/noticias\/wp-content\/uploads\/2025\/04\/PENHA_2104_003-100x100.jpg 100w\" sizes=\"(max-width: 300px) 100vw, 300px\" \/><\/a>\n\t\t\t<\/dt><\/dl><dl class='gallery-item'>\n\t\t\t<dt class='gallery-icon landscape'>\n\t\t\t\t<a href='https:\/\/franciscanos.org.br\/noticias\/wp-content\/uploads\/2025\/04\/PENHA_2104_001.jpg'><img width=\"300\" height=\"300\" src=\"https:\/\/franciscanos.org.br\/noticias\/wp-content\/uploads\/2025\/04\/PENHA_2104_001-300x300.jpg\" class=\"attachment-thumbnail size-thumbnail\" alt=\"\" loading=\"lazy\" srcset=\"https:\/\/franciscanos.org.br\/noticias\/wp-content\/uploads\/2025\/04\/PENHA_2104_001-300x300.jpg 300w, https:\/\/franciscanos.org.br\/noticias\/wp-content\/uploads\/2025\/04\/PENHA_2104_001-100x100.jpg 100w\" sizes=\"(max-width: 300px) 100vw, 300px\" \/><\/a>\n\t\t\t<\/dt><\/dl><dl class='gallery-item'>\n\t\t\t<dt class='gallery-icon landscape'>\n\t\t\t\t<a href='https:\/\/franciscanos.org.br\/noticias\/wp-content\/uploads\/2025\/04\/PENHA_2104_006.jpg'><img width=\"300\" height=\"300\" src=\"https:\/\/franciscanos.org.br\/noticias\/wp-content\/uploads\/2025\/04\/PENHA_2104_006-300x300.jpg\" class=\"attachment-thumbnail size-thumbnail\" alt=\"\" loading=\"lazy\" srcset=\"https:\/\/franciscanos.org.br\/noticias\/wp-content\/uploads\/2025\/04\/PENHA_2104_006-300x300.jpg 300w, https:\/\/franciscanos.org.br\/noticias\/wp-content\/uploads\/2025\/04\/PENHA_2104_006-100x100.jpg 100w\" sizes=\"(max-width: 300px) 100vw, 300px\" \/><\/a>\n\t\t\t<\/dt><\/dl><dl class='gallery-item'>\n\t\t\t<dt class='gallery-icon landscape'>\n\t\t\t\t<a href='https:\/\/franciscanos.org.br\/noticias\/wp-content\/uploads\/2025\/04\/PENHA_2104_007.jpg'><img width=\"300\" height=\"300\" src=\"https:\/\/franciscanos.org.br\/noticias\/wp-content\/uploads\/2025\/04\/PENHA_2104_007-300x300.jpg\" class=\"attachment-thumbnail size-thumbnail\" alt=\"\" loading=\"lazy\" srcset=\"https:\/\/franciscanos.org.br\/noticias\/wp-content\/uploads\/2025\/04\/PENHA_2104_007-300x300.jpg 300w, https:\/\/franciscanos.org.br\/noticias\/wp-content\/uploads\/2025\/04\/PENHA_2104_007-100x100.jpg 100w\" sizes=\"(max-width: 300px) 100vw, 300px\" \/><\/a>\n\t\t\t<\/dt><\/dl><dl class='gallery-item'>\n\t\t\t<dt class='gallery-icon landscape'>\n\t\t\t\t<a href='https:\/\/franciscanos.org.br\/noticias\/wp-content\/uploads\/2025\/04\/PENHA_2104_008.jpg'><img width=\"300\" height=\"300\" src=\"https:\/\/franciscanos.org.br\/noticias\/wp-content\/uploads\/2025\/04\/PENHA_2104_008-300x300.jpg\" class=\"attachment-thumbnail size-thumbnail\" alt=\"\" loading=\"lazy\" srcset=\"https:\/\/franciscanos.org.br\/noticias\/wp-content\/uploads\/2025\/04\/PENHA_2104_008-300x300.jpg 300w, https:\/\/franciscanos.org.br\/noticias\/wp-content\/uploads\/2025\/04\/PENHA_2104_008-100x100.jpg 100w\" sizes=\"(max-width: 300px) 100vw, 300px\" \/><\/a>\n\t\t\t<\/dt><\/dl><br style=\"clear: both\" \/>\n\t\t<\/div>\n\n<p style=\"font-weight: 400;\"><strong>Oitav\u00e1rio teve homenagem ao Papa Francisco e contou com a coordena\u00e7\u00e3o da \u00c1rea Pastoral Serrana<\/strong><\/p>\n<p style=\"font-weight: 400;\">O segundo dia do oitav\u00e1rio come\u00e7ou com um momento especial de homenagem ao Papa Francisco, falecido na madrugada de domingo para segunda-feira. Junto ao altar, foi colocada uma foto do Sumo Pont\u00edfice e, logo no in\u00edcio do momento devocional, todos foram convidados a rezar silenciosamente pela alma do Santo Padre. Para concluir a breve homenagem a equipe de m\u00fasica executou uma can\u00e7\u00e3o composta pela Irm\u00e3 Mirian Kolling, na despedida do Papa Francisco durante a Jornada Mundial da Juventude de 2013. Na composi\u00e7\u00e3o, a religiosa exalta o olhar, o sorriso e o abra\u00e7o de Francisco como manifesta\u00e7\u00f5es do carinho de Deus por seus filhos e filhas.<\/p>\n<p><img loading=\"lazy\" class=\"aligncenter wp-image-256214 size-full\" src=\"https:\/\/franciscanos.org.br\/noticias\/wp-content\/uploads\/2025\/04\/PENHA_2104_DESTAQUE4.jpg\" alt=\"\" width=\"1280\" height=\"720\" srcset=\"https:\/\/franciscanos.org.br\/noticias\/wp-content\/uploads\/2025\/04\/PENHA_2104_DESTAQUE4.jpg 1280w, https:\/\/franciscanos.org.br\/noticias\/wp-content\/uploads\/2025\/04\/PENHA_2104_DESTAQUE4-450x253.jpg 450w, https:\/\/franciscanos.org.br\/noticias\/wp-content\/uploads\/2025\/04\/PENHA_2104_DESTAQUE4-1024x576.jpg 1024w, https:\/\/franciscanos.org.br\/noticias\/wp-content\/uploads\/2025\/04\/PENHA_2104_DESTAQUE4-768x432.jpg 768w, https:\/\/franciscanos.org.br\/noticias\/wp-content\/uploads\/2025\/04\/PENHA_2104_DESTAQUE4-150x84.jpg 150w\" sizes=\"(max-width: 1280px) 100vw, 1280px\" \/><\/p>\n<p style=\"font-weight: 400;\">O tema do oitav\u00e1rio foi a Caridade e a reflex\u00e3o, dirigida por Felipe Carretta, que destacou as express\u00f5es de caridade presentes na vida de Nossa Senhora: \u201cA aceita\u00e7\u00e3o de ser a m\u00e3e de nosso Salvador, a caridade de visitar sua prima Isabel, a caridade de acompanhar o Filho em seu momento derradeiro, caridade de v\u00ea-lo ressuscitado, caridade de presenciar o Pentecostes. A vida de Maria e a caridade s\u00e3o sin\u00f4nimos\u201d, explicou. Frei Felipe tamb\u00e9m colocou destaque sobre a presen\u00e7a caridosa da Virgem da Penha, a Senhora das Alegrias, junto ao povo capixaba, como as tantas gra\u00e7as e b\u00ean\u00e7\u00e3os recebidas nestes s\u00e9culos de hist\u00f3ria. Houve tamb\u00e9m a b\u00ean\u00e7\u00e3o dos alimentos n\u00e3o perec\u00edveis, itens trazidos pelos fi\u00e9is para serem doados a institui\u00e7\u00f5es de caridade.<\/p>\n<p><img loading=\"lazy\" class=\"aligncenter wp-image-256222 size-full\" src=\"https:\/\/franciscanos.org.br\/noticias\/wp-content\/uploads\/2025\/04\/PENHA_2104_005-1.jpg\" alt=\"\" width=\"1080\" height=\"720\" srcset=\"https:\/\/franciscanos.org.br\/noticias\/wp-content\/uploads\/2025\/04\/PENHA_2104_005-1.jpg 1080w, https:\/\/franciscanos.org.br\/noticias\/wp-content\/uploads\/2025\/04\/PENHA_2104_005-1-450x300.jpg 450w, https:\/\/franciscanos.org.br\/noticias\/wp-content\/uploads\/2025\/04\/PENHA_2104_005-1-1024x683.jpg 1024w, https:\/\/franciscanos.org.br\/noticias\/wp-content\/uploads\/2025\/04\/PENHA_2104_005-1-768x512.jpg 768w, https:\/\/franciscanos.org.br\/noticias\/wp-content\/uploads\/2025\/04\/PENHA_2104_005-1-150x100.jpg 150w\" sizes=\"(max-width: 1080px) 100vw, 1080px\" \/><\/p>\n<p>&nbsp;<\/p>\n<p style=\"font-weight: 400;\">A missa, coordenada pela \u00c1rea Pastoral Serrana, foi presidida pelo Padre Robson Lemos, Vig\u00e1rio paroquial da Par\u00f3quia S\u00e3o Sebasti\u00e3o, de Afonso Claudio. A homilia ficou por conta do Padre Jhonatan Rocha do Nascimento, da Par\u00f3quia Nossa Senhora Rainha da Paz, de Santa Maria de Jetib\u00e1. Em sua reflex\u00e3o, o pregador do dia convidou o povo e encarar a partida do Papa Francisco a partir da \u00f3tica pascal, pautada na esperan\u00e7a, ressaltando que a Solenidade da P\u00e1scoa celebra a f\u00e9 no Deus da vida. \u201cN\u00f3s temos uma f\u00e9 viva e cremos em um Deus que est\u00e1 vivo\u201d, enfatizou. Na programa\u00e7\u00e3o noturna, houve mais uma vez o momento devocional do oitav\u00e1rio e a b\u00ean\u00e7\u00e3o dos casais, conduzida pelo Padre Eder Hoffman, da Par\u00f3quia Nossa Senhora da Sa\u00fade, em Morada de Laranjeiras, Serra, com a participa\u00e7\u00e3o do casal mission\u00e1rio\u00a0 Ricardo S\u00e1 e Eliana.<\/p>\n<hr \/>\n<p><strong>Equipe de comunica\u00e7\u00e3o da Festa da Penha:<\/strong><br \/>\n<em>Frei Augusto Luiz Gabriel, Frei Gustavo Medella, Frei Roger\u00a0<\/em><i>Strapazzon<\/i><\/p>\n\n\t\t<style type=\"text\/css\">\n\t\t\t#gallery-3 {\n\t\t\t\tmargin: auto;\n\t\t\t}\n\t\t\t#gallery-3 .gallery-item {\n\t\t\t\tfloat: left;\n\t\t\t\tmargin-top: 10px;\n\t\t\t\ttext-align: center;\n\t\t\t\twidth: 25%;\n\t\t\t}\n\t\t\t#gallery-3 img {\n\t\t\t\tborder: 2px solid #cfcfcf;\n\t\t\t}\n\t\t\t#gallery-3 .gallery-caption {\n\t\t\t\tmargin-left: 0;\n\t\t\t}\n\t\t\t\/* see gallery_shortcode() in wp-includes\/media.php *\/\n\t\t<\/style>\n\t\t<div id='gallery-3' class='gallery galleryid-256224 gallery-columns-4 gallery-size-thumbnail'><dl class='gallery-item'>\n\t\t\t<dt class='gallery-icon landscape'>\n\t\t\t\t<a href='https:\/\/franciscanos.org.br\/noticias\/wp-content\/uploads\/2025\/04\/PENHA_2104_005.jpg'><img width=\"300\" height=\"300\" src=\"https:\/\/franciscanos.org.br\/noticias\/wp-content\/uploads\/2025\/04\/PENHA_2104_005-300x300.jpg\" class=\"attachment-thumbnail size-thumbnail\" alt=\"\" loading=\"lazy\" srcset=\"https:\/\/franciscanos.org.br\/noticias\/wp-content\/uploads\/2025\/04\/PENHA_2104_005-300x300.jpg 300w, https:\/\/franciscanos.org.br\/noticias\/wp-content\/uploads\/2025\/04\/PENHA_2104_005-100x100.jpg 100w\" sizes=\"(max-width: 300px) 100vw, 300px\" \/><\/a>\n\t\t\t<\/dt><\/dl><dl class='gallery-item'>\n\t\t\t<dt class='gallery-icon landscape'>\n\t\t\t\t<a href='https:\/\/franciscanos.org.br\/noticias\/wp-content\/uploads\/2025\/04\/PENHA_2104_004.jpg'><img width=\"300\" height=\"300\" src=\"https:\/\/franciscanos.org.br\/noticias\/wp-content\/uploads\/2025\/04\/PENHA_2104_004-300x300.jpg\" class=\"attachment-thumbnail size-thumbnail\" alt=\"\" loading=\"lazy\" srcset=\"https:\/\/franciscanos.org.br\/noticias\/wp-content\/uploads\/2025\/04\/PENHA_2104_004-300x300.jpg 300w, https:\/\/franciscanos.org.br\/noticias\/wp-content\/uploads\/2025\/04\/PENHA_2104_004-100x100.jpg 100w\" sizes=\"(max-width: 300px) 100vw, 300px\" \/><\/a>\n\t\t\t<\/dt><\/dl><dl class='gallery-item'>\n\t\t\t<dt class='gallery-icon landscape'>\n\t\t\t\t<a href='https:\/\/franciscanos.org.br\/noticias\/wp-content\/uploads\/2025\/04\/PENHA_2104_destacada.jpg'><img width=\"300\" height=\"300\" src=\"https:\/\/franciscanos.org.br\/noticias\/wp-content\/uploads\/2025\/04\/PENHA_2104_destacada-300x300.jpg\" class=\"attachment-thumbnail size-thumbnail\" alt=\"\" loading=\"lazy\" srcset=\"https:\/\/franciscanos.org.br\/noticias\/wp-content\/uploads\/2025\/04\/PENHA_2104_destacada-300x300.jpg 300w, https:\/\/franciscanos.org.br\/noticias\/wp-content\/uploads\/2025\/04\/PENHA_2104_destacada-100x100.jpg 100w\" sizes=\"(max-width: 300px) 100vw, 300px\" \/><\/a>\n\t\t\t<\/dt><\/dl><dl class='gallery-item'>\n\t\t\t<dt class='gallery-icon landscape'>\n\t\t\t\t<a href='https:\/\/franciscanos.org.br\/noticias\/wp-content\/uploads\/2025\/04\/penha_2104_015.jpg'><img width=\"300\" height=\"300\" src=\"https:\/\/franciscanos.org.br\/noticias\/wp-content\/uploads\/2025\/04\/penha_2104_015-300x300.jpg\" class=\"attachment-thumbnail size-thumbnail\" alt=\"\" loading=\"lazy\" srcset=\"https:\/\/franciscanos.org.br\/noticias\/wp-content\/uploads\/2025\/04\/penha_2104_015-300x300.jpg 300w, https:\/\/franciscanos.org.br\/noticias\/wp-content\/uploads\/2025\/04\/penha_2104_015-100x100.jpg 100w\" sizes=\"(max-width: 300px) 100vw, 300px\" \/><\/a>\n\t\t\t<\/dt><\/dl><br style=\"clear: both\" \/><dl class='gallery-item'>\n\t\t\t<dt class='gallery-icon landscape'>\n\t\t\t\t<a href='https:\/\/franciscanos.org.br\/noticias\/wp-content\/uploads\/2025\/04\/PENHA_2104_DESTAQUE5.jpg'><img width=\"300\" height=\"300\" src=\"https:\/\/franciscanos.org.br\/noticias\/wp-content\/uploads\/2025\/04\/PENHA_2104_DESTAQUE5-300x300.jpg\" class=\"attachment-thumbnail size-thumbnail\" alt=\"\" loading=\"lazy\" srcset=\"https:\/\/franciscanos.org.br\/noticias\/wp-content\/uploads\/2025\/04\/PENHA_2104_DESTAQUE5-300x300.jpg 300w, https:\/\/franciscanos.org.br\/noticias\/wp-content\/uploads\/2025\/04\/PENHA_2104_DESTAQUE5-100x100.jpg 100w\" sizes=\"(max-width: 300px) 100vw, 300px\" \/><\/a>\n\t\t\t<\/dt><\/dl><dl class='gallery-item'>\n\t\t\t<dt class='gallery-icon landscape'>\n\t\t\t\t<a href='https:\/\/franciscanos.org.br\/noticias\/wp-content\/uploads\/2025\/04\/PENHA_2104_DESTAQUE6.jpg'><img width=\"300\" height=\"300\" src=\"https:\/\/franciscanos.org.br\/noticias\/wp-content\/uploads\/2025\/04\/PENHA_2104_DESTAQUE6-300x300.jpg\" class=\"attachment-thumbnail size-thumbnail\" alt=\"\" loading=\"lazy\" srcset=\"https:\/\/franciscanos.org.br\/noticias\/wp-content\/uploads\/2025\/04\/PENHA_2104_DESTAQUE6-300x300.jpg 300w, https:\/\/franciscanos.org.br\/noticias\/wp-content\/uploads\/2025\/04\/PENHA_2104_DESTAQUE6-100x100.jpg 100w\" sizes=\"(max-width: 300px) 100vw, 300px\" \/><\/a>\n\t\t\t<\/dt><\/dl><dl class='gallery-item'>\n\t\t\t<dt class='gallery-icon landscape'>\n\t\t\t\t<a href='https:\/\/franciscanos.org.br\/noticias\/wp-content\/uploads\/2025\/04\/PENHA_2104_011.jpg'><img width=\"300\" height=\"300\" src=\"https:\/\/franciscanos.org.br\/noticias\/wp-content\/uploads\/2025\/04\/PENHA_2104_011-300x300.jpg\" class=\"attachment-thumbnail size-thumbnail\" alt=\"\" loading=\"lazy\" srcset=\"https:\/\/franciscanos.org.br\/noticias\/wp-content\/uploads\/2025\/04\/PENHA_2104_011-300x300.jpg 300w, https:\/\/franciscanos.org.br\/noticias\/wp-content\/uploads\/2025\/04\/PENHA_2104_011-100x100.jpg 100w\" sizes=\"(max-width: 300px) 100vw, 300px\" \/><\/a>\n\t\t\t<\/dt><\/dl><dl class='gallery-item'>\n\t\t\t<dt class='gallery-icon landscape'>\n\t\t\t\t<a href='https:\/\/franciscanos.org.br\/noticias\/wp-content\/uploads\/2025\/04\/PENHA_2104_010.jpg'><img width=\"300\" height=\"300\" src=\"https:\/\/franciscanos.org.br\/noticias\/wp-content\/uploads\/2025\/04\/PENHA_2104_010-300x300.jpg\" class=\"attachment-thumbnail size-thumbnail\" alt=\"\" loading=\"lazy\" srcset=\"https:\/\/franciscanos.org.br\/noticias\/wp-content\/uploads\/2025\/04\/PENHA_2104_010-300x300.jpg 300w, https:\/\/franciscanos.org.br\/noticias\/wp-content\/uploads\/2025\/04\/PENHA_2104_010-100x100.jpg 100w\" sizes=\"(max-width: 300px) 100vw, 300px\" \/><\/a>\n\t\t\t<\/dt><\/dl><br style=\"clear: both\" \/><dl class='gallery-item'>\n\t\t\t<dt class='gallery-icon landscape'>\n\t\t\t\t<a href='https:\/\/franciscanos.org.br\/noticias\/wp-content\/uploads\/2025\/04\/PENHA_2104_009.jpg'><img width=\"300\" height=\"300\" src=\"https:\/\/franciscanos.org.br\/noticias\/wp-content\/uploads\/2025\/04\/PENHA_2104_009-300x300.jpg\" class=\"attachment-thumbnail size-thumbnail\" alt=\"\" loading=\"lazy\" srcset=\"https:\/\/franciscanos.org.br\/noticias\/wp-content\/uploads\/2025\/04\/PENHA_2104_009-300x300.jpg 300w, https:\/\/franciscanos.org.br\/noticias\/wp-content\/uploads\/2025\/04\/PENHA_2104_009-100x100.jpg 100w\" sizes=\"(max-width: 300px) 100vw, 300px\" \/><\/a>\n\t\t\t<\/dt><\/dl><dl class='gallery-item'>\n\t\t\t<dt class='gallery-icon landscape'>\n\t\t\t\t<a href='https:\/\/franciscanos.org.br\/noticias\/wp-content\/uploads\/2025\/04\/PENHA_2104_012.jpg'><img width=\"300\" height=\"300\" src=\"https:\/\/franciscanos.org.br\/noticias\/wp-content\/uploads\/2025\/04\/PENHA_2104_012-300x300.jpg\" class=\"attachment-thumbnail size-thumbnail\" alt=\"\" loading=\"lazy\" srcset=\"https:\/\/franciscanos.org.br\/noticias\/wp-content\/uploads\/2025\/04\/PENHA_2104_012-300x300.jpg 300w, https:\/\/franciscanos.org.br\/noticias\/wp-content\/uploads\/2025\/04\/PENHA_2104_012-100x100.jpg 100w\" sizes=\"(max-width: 300px) 100vw, 300px\" \/><\/a>\n\t\t\t<\/dt><\/dl><dl class='gallery-item'>\n\t\t\t<dt class='gallery-icon landscape'>\n\t\t\t\t<a href='https:\/\/franciscanos.org.br\/noticias\/wp-content\/uploads\/2025\/04\/PENHA_2104_013.jpg'><img width=\"300\" height=\"300\" src=\"https:\/\/franciscanos.org.br\/noticias\/wp-content\/uploads\/2025\/04\/PENHA_2104_013-300x300.jpg\" class=\"attachment-thumbnail size-thumbnail\" alt=\"\" loading=\"lazy\" srcset=\"https:\/\/franciscanos.org.br\/noticias\/wp-content\/uploads\/2025\/04\/PENHA_2104_013-300x300.jpg 300w, https:\/\/franciscanos.org.br\/noticias\/wp-content\/uploads\/2025\/04\/PENHA_2104_013-100x100.jpg 100w\" sizes=\"(max-width: 300px) 100vw, 300px\" \/><\/a>\n\t\t\t<\/dt><\/dl><dl class='gallery-item'>\n\t\t\t<dt class='gallery-icon landscape'>\n\t\t\t\t<a href='https:\/\/franciscanos.org.br\/noticias\/wp-content\/uploads\/2025\/04\/PENHA_2104_014.jpg'><img width=\"300\" height=\"300\" src=\"https:\/\/franciscanos.org.br\/noticias\/wp-content\/uploads\/2025\/04\/PENHA_2104_014-300x300.jpg\" class=\"attachment-thumbnail size-thumbnail\" alt=\"\" loading=\"lazy\" srcset=\"https:\/\/franciscanos.org.br\/noticias\/wp-content\/uploads\/2025\/04\/PENHA_2104_014-300x300.jpg 300w, https:\/\/franciscanos.org.br\/noticias\/wp-content\/uploads\/2025\/04\/PENHA_2104_014-100x100.jpg 100w\" sizes=\"(max-width: 300px) 100vw, 300px\" \/><\/a>\n\t\t\t<\/dt><\/dl><br style=\"clear: both\" \/>\n\t\t<\/div>\n\n<hr \/>\n<p><iframe loading=\"lazy\" title=\"YouTube video player\" src=\"https:\/\/www.youtube.com\/embed\/H6iUmiJcQjo?si=T-lKG861rHMH_Jxx\" width=\"100%\" height=\"480\" frameborder=\"0\" allowfullscreen=\"allowfullscreen\"><span data-mce-type=\"bookmark\" style=\"display: inline-block; width: 0px; overflow: hidden; line-height: 0;\" class=\"mce_SELRES_start\">\ufeff<\/span><\/iframe><\/p>\n","protected":false},"excerpt":{"rendered":"<p>Festa da Penha 2025<\/p>\n","protected":false},"author":5,"featured_media":256223,"comment_status":"open","ping_status":"open","sticky":false,"template":"","format":"standard","meta":[],"categories":[1],"tags":[2293],"acf":[],"yoast_head":"<!-- This site is optimized with the Yoast SEO plugin v19.2 - https:\/\/yoast.com\/wordpress\/plugins\/seo\/ -->\n<title>Penha peregrina: Igreja em sa\u00edda no dia em que Francisco parte - Not\u00edcias - Franciscanos<\/title>\n<meta name=\"robots\" content=\"index, follow, max-snippet:-1, max-image-preview:large, max-video-preview:-1\" \/>\n<link rel=\"canonical\" href=\"https:\/\/franciscanos.org.br\/noticias\/penha-peregrina-igreja-em-saida-no-dia-em-que-francisco-parte.html\" \/>\n<meta property=\"og:locale\" content=\"pt_BR\" \/>\n<meta property=\"og:type\" content=\"article\" \/>\n<meta property=\"og:title\" content=\"Penha peregrina: Igreja em sa\u00edda no dia em que Francisco parte - Not\u00edcias - Franciscanos\" \/>\n<meta property=\"og:description\" content=\"Festa da Penha 2025\" \/>\n<meta property=\"og:url\" content=\"https:\/\/franciscanos.org.br\/noticias\/penha-peregrina-igreja-em-saida-no-dia-em-que-francisco-parte.html\" \/>\n<meta property=\"og:site_name\" content=\"Not\u00edcias - Franciscanos\" \/>\n<meta property=\"article:published_time\" content=\"2025-04-22T02:56:51+00:00\" \/>\n<meta property=\"article:modified_time\" content=\"2025-04-22T03:16:03+00:00\" \/>\n<meta property=\"og:image\" content=\"https:\/\/franciscanos.org.br\/noticias\/wp-content\/uploads\/2025\/04\/PENHA_2104_destacada.jpg\" \/>\n\t<meta property=\"og:image:width\" content=\"800\" \/>\n\t<meta property=\"og:image:height\" content=\"550\" \/>\n\t<meta property=\"og:image:type\" content=\"image\/jpeg\" \/>\n<meta name=\"author\" content=\"freiaugusto\" \/>\n<meta name=\"twitter:card\" content=\"summary_large_image\" \/>\n<meta name=\"twitter:label1\" content=\"Escrito por\" \/>\n\t<meta name=\"twitter:data1\" content=\"freiaugusto\" \/>\n\t<meta name=\"twitter:label2\" content=\"Est. tempo de leitura\" \/>\n\t<meta name=\"twitter:data2\" content=\"8 minutos\" \/>\n<script type=\"application\/ld+json\" class=\"yoast-schema-graph\">{\"@context\":\"https:\/\/schema.org\",\"@graph\":[{\"@type\":\"WebSite\",\"@id\":\"https:\/\/franciscanos.org.br\/noticias\/#website\",\"url\":\"https:\/\/franciscanos.org.br\/noticias\/\",\"name\":\"Not\u00edcias - Franciscanos\",\"description\":\"Prov\u00edncia Franciscana da Imaculada Concei\u00e7\u00e3o do Brasil - Ordem dos Frades Menores - OFM\",\"potentialAction\":[{\"@type\":\"SearchAction\",\"target\":{\"@type\":\"EntryPoint\",\"urlTemplate\":\"https:\/\/franciscanos.org.br\/noticias\/?s={search_term_string}\"},\"query-input\":\"required name=search_term_string\"}],\"inLanguage\":\"pt-BR\"},{\"@type\":\"ImageObject\",\"inLanguage\":\"pt-BR\",\"@id\":\"https:\/\/franciscanos.org.br\/noticias\/penha-peregrina-igreja-em-saida-no-dia-em-que-francisco-parte.html#primaryimage\",\"url\":\"https:\/\/franciscanos.org.br\/noticias\/wp-content\/uploads\/2025\/04\/PENHA_2104_destacada.jpg\",\"contentUrl\":\"https:\/\/franciscanos.org.br\/noticias\/wp-content\/uploads\/2025\/04\/PENHA_2104_destacada.jpg\",\"width\":800,\"height\":550},{\"@type\":\"WebPage\",\"@id\":\"https:\/\/franciscanos.org.br\/noticias\/penha-peregrina-igreja-em-saida-no-dia-em-que-francisco-parte.html#webpage\",\"url\":\"https:\/\/franciscanos.org.br\/noticias\/penha-peregrina-igreja-em-saida-no-dia-em-que-francisco-parte.html\",\"name\":\"Penha peregrina: Igreja em sa\u00edda no dia em que Francisco parte - Not\u00edcias - Franciscanos\",\"isPartOf\":{\"@id\":\"https:\/\/franciscanos.org.br\/noticias\/#website\"},\"primaryImageOfPage\":{\"@id\":\"https:\/\/franciscanos.org.br\/noticias\/penha-peregrina-igreja-em-saida-no-dia-em-que-francisco-parte.html#primaryimage\"},\"datePublished\":\"2025-04-22T02:56:51+00:00\",\"dateModified\":\"2025-04-22T03:16:03+00:00\",\"author\":{\"@id\":\"https:\/\/franciscanos.org.br\/noticias\/#\/schema\/person\/37f88f0d111cd5358b12a6556a99eb91\"},\"breadcrumb\":{\"@id\":\"https:\/\/franciscanos.org.br\/noticias\/penha-peregrina-igreja-em-saida-no-dia-em-que-francisco-parte.html#breadcrumb\"},\"inLanguage\":\"pt-BR\",\"potentialAction\":[{\"@type\":\"ReadAction\",\"target\":[\"https:\/\/franciscanos.org.br\/noticias\/penha-peregrina-igreja-em-saida-no-dia-em-que-francisco-parte.html\"]}]},{\"@type\":\"BreadcrumbList\",\"@id\":\"https:\/\/franciscanos.org.br\/noticias\/penha-peregrina-igreja-em-saida-no-dia-em-que-francisco-parte.html#breadcrumb\",\"itemListElement\":[{\"@type\":\"ListItem\",\"position\":1,\"name\":\"Home\",\"item\":\"https:\/\/franciscanos.org.br\/noticias\"},{\"@type\":\"ListItem\",\"position\":2,\"name\":\"Penha peregrina: Igreja em sa\u00edda no dia em que Francisco parte\"}]},{\"@type\":\"Person\",\"@id\":\"https:\/\/franciscanos.org.br\/noticias\/#\/schema\/person\/37f88f0d111cd5358b12a6556a99eb91\",\"name\":\"freiaugusto\",\"image\":{\"@type\":\"ImageObject\",\"inLanguage\":\"pt-BR\",\"@id\":\"https:\/\/franciscanos.org.br\/noticias\/#\/schema\/person\/image\/\",\"url\":\"https:\/\/secure.gravatar.com\/avatar\/9840b940e621801b24f3e6b059efb4b7?s=96&d=mm&r=g\",\"contentUrl\":\"https:\/\/secure.gravatar.com\/avatar\/9840b940e621801b24f3e6b059efb4b7?s=96&d=mm&r=g\",\"caption\":\"freiaugusto\"},\"url\":\"https:\/\/franciscanos.org.br\/noticias\/author\/freiaugusto\"}]}<\/script>\n<!-- \/ Yoast SEO plugin. -->","yoast_head_json":{"title":"Penha peregrina: Igreja em sa\u00edda no dia em que Francisco parte - Not\u00edcias - Franciscanos","robots":{"index":"index","follow":"follow","max-snippet":"max-snippet:-1","max-image-preview":"max-image-preview:large","max-video-preview":"max-video-preview:-1"},"canonical":"https:\/\/franciscanos.org.br\/noticias\/penha-peregrina-igreja-em-saida-no-dia-em-que-francisco-parte.html","og_locale":"pt_BR","og_type":"article","og_title":"Penha peregrina: Igreja em sa\u00edda no dia em que Francisco parte - Not\u00edcias - Franciscanos","og_description":"Festa da Penha 2025","og_url":"https:\/\/franciscanos.org.br\/noticias\/penha-peregrina-igreja-em-saida-no-dia-em-que-francisco-parte.html","og_site_name":"Not\u00edcias - Franciscanos","article_published_time":"2025-04-22T02:56:51+00:00","article_modified_time":"2025-04-22T03:16:03+00:00","og_image":[{"width":800,"height":550,"url":"https:\/\/franciscanos.org.br\/noticias\/wp-content\/uploads\/2025\/04\/PENHA_2104_destacada.jpg","type":"image\/jpeg"}],"author":"freiaugusto","twitter_card":"summary_large_image","twitter_misc":{"Escrito por":"freiaugusto","Est. tempo de leitura":"8 minutos"},"schema":{"@context":"https:\/\/schema.org","@graph":[{"@type":"WebSite","@id":"https:\/\/franciscanos.org.br\/noticias\/#website","url":"https:\/\/franciscanos.org.br\/noticias\/","name":"Not\u00edcias - Franciscanos","description":"Prov\u00edncia Franciscana da Imaculada Concei\u00e7\u00e3o do Brasil - Ordem dos Frades Menores - OFM","potentialAction":[{"@type":"SearchAction","target":{"@type":"EntryPoint","urlTemplate":"https:\/\/franciscanos.org.br\/noticias\/?s={search_term_string}"},"query-input":"required name=search_term_string"}],"inLanguage":"pt-BR"},{"@type":"ImageObject","inLanguage":"pt-BR","@id":"https:\/\/franciscanos.org.br\/noticias\/penha-peregrina-igreja-em-saida-no-dia-em-que-francisco-parte.html#primaryimage","url":"https:\/\/franciscanos.org.br\/noticias\/wp-content\/uploads\/2025\/04\/PENHA_2104_destacada.jpg","contentUrl":"https:\/\/franciscanos.org.br\/noticias\/wp-content\/uploads\/2025\/04\/PENHA_2104_destacada.jpg","width":800,"height":550},{"@type":"WebPage","@id":"https:\/\/franciscanos.org.br\/noticias\/penha-peregrina-igreja-em-saida-no-dia-em-que-francisco-parte.html#webpage","url":"https:\/\/franciscanos.org.br\/noticias\/penha-peregrina-igreja-em-saida-no-dia-em-que-francisco-parte.html","name":"Penha peregrina: Igreja em sa\u00edda no dia em que Francisco parte - Not\u00edcias - Franciscanos","isPartOf":{"@id":"https:\/\/franciscanos.org.br\/noticias\/#website"},"primaryImageOfPage":{"@id":"https:\/\/franciscanos.org.br\/noticias\/penha-peregrina-igreja-em-saida-no-dia-em-que-francisco-parte.html#primaryimage"},"datePublished":"2025-04-22T02:56:51+00:00","dateModified":"2025-04-22T03:16:03+00:00","author":{"@id":"https:\/\/franciscanos.org.br\/noticias\/#\/schema\/person\/37f88f0d111cd5358b12a6556a99eb91"},"breadcrumb":{"@id":"https:\/\/franciscanos.org.br\/noticias\/penha-peregrina-igreja-em-saida-no-dia-em-que-francisco-parte.html#breadcrumb"},"inLanguage":"pt-BR","potentialAction":[{"@type":"ReadAction","target":["https:\/\/franciscanos.org.br\/noticias\/penha-peregrina-igreja-em-saida-no-dia-em-que-francisco-parte.html"]}]},{"@type":"BreadcrumbList","@id":"https:\/\/franciscanos.org.br\/noticias\/penha-peregrina-igreja-em-saida-no-dia-em-que-francisco-parte.html#breadcrumb","itemListElement":[{"@type":"ListItem","position":1,"name":"Home","item":"https:\/\/franciscanos.org.br\/noticias"},{"@type":"ListItem","position":2,"name":"Penha peregrina: Igreja em sa\u00edda no dia em que Francisco parte"}]},{"@type":"Person","@id":"https:\/\/franciscanos.org.br\/noticias\/#\/schema\/person\/37f88f0d111cd5358b12a6556a99eb91","name":"freiaugusto","image":{"@type":"ImageObject","inLanguage":"pt-BR","@id":"https:\/\/franciscanos.org.br\/noticias\/#\/schema\/person\/image\/","url":"https:\/\/secure.gravatar.com\/avatar\/9840b940e621801b24f3e6b059efb4b7?s=96&d=mm&r=g","contentUrl":"https:\/\/secure.gravatar.com\/avatar\/9840b940e621801b24f3e6b059efb4b7?s=96&d=mm&r=g","caption":"freiaugusto"},"url":"https:\/\/franciscanos.org.br\/noticias\/author\/freiaugusto"}]}},"_links":{"self":[{"href":"https:\/\/franciscanos.org.br\/noticias\/wp-json\/wp\/v2\/posts\/256224"}],"collection":[{"href":"https:\/\/franciscanos.org.br\/noticias\/wp-json\/wp\/v2\/posts"}],"about":[{"href":"https:\/\/franciscanos.org.br\/noticias\/wp-json\/wp\/v2\/types\/post"}],"author":[{"embeddable":true,"href":"https:\/\/franciscanos.org.br\/noticias\/wp-json\/wp\/v2\/users\/5"}],"replies":[{"embeddable":true,"href":"https:\/\/franciscanos.org.br\/noticias\/wp-json\/wp\/v2\/comments?post=256224"}],"version-history":[{"count":9,"href":"https:\/\/franciscanos.org.br\/noticias\/wp-json\/wp\/v2\/posts\/256224\/revisions"}],"predecessor-version":[{"id":256233,"href":"https:\/\/franciscanos.org.br\/noticias\/wp-json\/wp\/v2\/posts\/256224\/revisions\/256233"}],"wp:featuredmedia":[{"embeddable":true,"href":"https:\/\/franciscanos.org.br\/noticias\/wp-json\/wp\/v2\/media\/256223"}],"wp:attachment":[{"href":"https:\/\/franciscanos.org.br\/noticias\/wp-json\/wp\/v2\/media?parent=256224"}],"wp:term":[{"taxonomy":"category","embeddable":true,"href":"https:\/\/franciscanos.org.br\/noticias\/wp-json\/wp\/v2\/categories?post=256224"},{"taxonomy":"post_tag","embeddable":true,"href":"https:\/\/franciscanos.org.br\/noticias\/wp-json\/wp\/v2\/tags?post=256224"}],"curies":[{"name":"wp","href":"https:\/\/api.w.org\/{rel}","templated":true}]}}