{"id":256192,"date":"2025-04-21T10:07:11","date_gmt":"2025-04-21T13:07:11","guid":{"rendered":"https:\/\/franciscanos.org.br\/noticias\/?p=256192"},"modified":"2025-04-21T10:07:57","modified_gmt":"2025-04-21T13:07:57","slug":"nao-tenhais-medo-de-vos-fazerdes-cidadaos-do-mundo-digital-papa-francisco","status":"publish","type":"post","link":"https:\/\/franciscanos.org.br\/noticias\/nao-tenhais-medo-de-vos-fazerdes-cidadaos-do-mundo-digital-papa-francisco.html","title":{"rendered":"\u201cN\u00e3o tenhais medo de vos fazerdes cidad\u00e3os do mundo digital\u201d (Papa Francisco)"},"content":{"rendered":"<p><img loading=\"lazy\" class=\"aligncenter wp-image-256193 size-full\" src=\"https:\/\/franciscanos.org.br\/noticias\/wp-content\/uploads\/2025\/04\/texto-frei-augusto-materia.png\" alt=\"\" width=\"1280\" height=\"720\" srcset=\"https:\/\/franciscanos.org.br\/noticias\/wp-content\/uploads\/2025\/04\/texto-frei-augusto-materia.png 1280w, https:\/\/franciscanos.org.br\/noticias\/wp-content\/uploads\/2025\/04\/texto-frei-augusto-materia-450x253.png 450w, https:\/\/franciscanos.org.br\/noticias\/wp-content\/uploads\/2025\/04\/texto-frei-augusto-materia-1024x576.png 1024w, https:\/\/franciscanos.org.br\/noticias\/wp-content\/uploads\/2025\/04\/texto-frei-augusto-materia-768x432.png 768w, https:\/\/franciscanos.org.br\/noticias\/wp-content\/uploads\/2025\/04\/texto-frei-augusto-materia-150x84.png 150w\" sizes=\"(max-width: 1280px) 100vw, 1280px\" \/><\/p>\n<p>Os crist\u00e3os de todo o mundo foram surpreendidos nesta segunda-feira, 21 de abril, com a not\u00edcia da morte do Papa Francisco, aos 88 anos. Conhecido por sua proximidade com os jovens e pela ousadia na comunica\u00e7\u00e3o, Jorge Mario Bergoglio deixa um legado marcado pela \u201cIgreja em sa\u00edda\u201d e pelo incentivo \u00e0 presen\u00e7a corajosa dos fi\u00e9is no mundo digital.<\/p>\n<p><strong>Um pont\u00edfice pr\u00f3ximo dos jovens<\/strong><br \/>\n<img loading=\"lazy\" class=\"size-medium wp-image-256195 alignright\" src=\"https:\/\/franciscanos.org.br\/noticias\/wp-content\/uploads\/2025\/04\/CHAMADA-PAPA13-450x309.jpg\" alt=\"\" width=\"450\" height=\"309\" srcset=\"https:\/\/franciscanos.org.br\/noticias\/wp-content\/uploads\/2025\/04\/CHAMADA-PAPA13-450x309.jpg 450w, https:\/\/franciscanos.org.br\/noticias\/wp-content\/uploads\/2025\/04\/CHAMADA-PAPA13-768x528.jpg 768w, https:\/\/franciscanos.org.br\/noticias\/wp-content\/uploads\/2025\/04\/CHAMADA-PAPA13-150x103.jpg 150w, https:\/\/franciscanos.org.br\/noticias\/wp-content\/uploads\/2025\/04\/CHAMADA-PAPA13-320x220.jpg 320w, https:\/\/franciscanos.org.br\/noticias\/wp-content\/uploads\/2025\/04\/CHAMADA-PAPA13.jpg 800w\" sizes=\"(max-width: 450px) 100vw, 450px\" \/>Desde o in\u00edcio do seu pontificado, em mar\u00e7o de 2013, Francisco buscou envolver principalmente as novas gera\u00e7\u00f5es. Em sua primeira interven\u00e7\u00e3o oficial, ao anunciar o nome escolhido em homenagem a S\u00e3o Francisco de Assis, deixou claro que seu papado seria pautado por um \u201cprograma comunicacional\u201d renovador \u2013 n\u00e3o apenas uma simples ado\u00e7\u00e3o de nomenclatura, mas a promessa de um estilo de vida e evangeliza\u00e7\u00e3o acess\u00edvel e fraterno.<\/p>\n<p>Nas Jornadas Mundiais da Juventude e em encontros locais, o Papa distribuiu abra\u00e7os e beijos sem cerim\u00f4nia, rompendo barreiras protocolares e aproximando-se de cardeais, seminaristas e peregrinos. Foi nesses gestos espont\u00e2neos que muitos jovens encontraram for\u00e7a para assumir sua f\u00e9 de forma aut\u00eantica, sem medo de participar ativamente da Igreja.<\/p>\n<p><strong>\u201cN\u00e3o tenhais medo do mundo digital\u201d<\/strong><br \/>\nA digitaliza\u00e7\u00e3o do papado ganhou um selo franciscano quando Francisco motivou jovens a \u201cse tornarem cidad\u00e3os do mundo digital\u201d, encorajando-os a usar as redes sociais n\u00e3o apenas para lazer, mas como espa\u00e7o de encontro e partilha do bem. Em 2016, ao criar sua conta oficial @franciscus no Instagram, ele revelou que desejava \u201ccaminhar com voc\u00eas pelo caminho da miseric\u00f3rdia e ternura de Deus\u201d, convertendo o perfil em canal direto com milh\u00f5es de seguidores.<\/p>\n<p>Para o Frei Gabriel Dellandrea, guardi\u00e3o e reitor do Convento da Penha, um dos estudiosos do paradigma \u201cIgreja em sa\u00edda\u201d, essa postura foi essencial para formar uma nova evangeliza\u00e7\u00e3o: \u201cPrimeirear \u00e9 tomar a iniciativa: envolver-se, acompanhar, frutificar e celebrar junto aos jovens. Francisco exigiu que a Igreja fosse capaz de sair ao encontro, tamb\u00e9m no universo digital\u201d.<\/p>\n<p><strong>Comunica\u00e7\u00e3o sem intermedi\u00e1rios<\/strong><\/p>\n<p><img loading=\"lazy\" class=\"aligncenter wp-image-256196 size-full\" src=\"https:\/\/franciscanos.org.br\/noticias\/wp-content\/uploads\/2025\/04\/MATERIA-AUDIENCIA-GERAL-19.03.jpg\" alt=\"\" width=\"1280\" height=\"720\" srcset=\"https:\/\/franciscanos.org.br\/noticias\/wp-content\/uploads\/2025\/04\/MATERIA-AUDIENCIA-GERAL-19.03.jpg 1280w, https:\/\/franciscanos.org.br\/noticias\/wp-content\/uploads\/2025\/04\/MATERIA-AUDIENCIA-GERAL-19.03-450x253.jpg 450w, https:\/\/franciscanos.org.br\/noticias\/wp-content\/uploads\/2025\/04\/MATERIA-AUDIENCIA-GERAL-19.03-1024x576.jpg 1024w, https:\/\/franciscanos.org.br\/noticias\/wp-content\/uploads\/2025\/04\/MATERIA-AUDIENCIA-GERAL-19.03-768x432.jpg 768w, https:\/\/franciscanos.org.br\/noticias\/wp-content\/uploads\/2025\/04\/MATERIA-AUDIENCIA-GERAL-19.03-150x84.jpg 150w\" sizes=\"(max-width: 1280px) 100vw, 1280px\" \/><\/p>\n<p>Rompeu-se com a tradi\u00e7\u00e3o de discursos apenas em documentos e textos oficiais. O novo pont\u00edfice deu entrevistas espont\u00e2neas &#8211; a primeira, j\u00e1 em julho de 2013, ao jornalista brasileiro Gerson Camarotti &#8211; e usou met\u00e1foras maternas para explicar que uma Igreja que s\u00f3 fala por cartas torna-se distante de seus filhos. Na entrevista a Antonio Spadaro, refor\u00e7ou: \u201cN\u00e3o estou acostumado \u00e0s massas. Sem gente eu n\u00e3o posso viver. Eu preciso viver junto dos outros\u201d.<\/p>\n<p>Foi ele quem, a 27 de junho de 2015, instituiu o Dicast\u00e9rio para a Comunica\u00e7\u00e3o, reunindo todos os meios vaticanos sob uma s\u00f3 dire\u00e7\u00e3o e criando o portal Vatican News, com transmiss\u00e3o multil\u00edngue e multicanal, pensado para \u201ccomunicar o Evangelho da miseric\u00f3rdia a todos os povos\u201d.<\/p>\n<p>Na Frente de Comunica\u00e7\u00e3o da Prov\u00edncia Franciscana da Imaculada Concei\u00e7\u00e3o do Brasil, o pontificado de Francisco serviu de b\u00fassola. Na Evangelii Gaudium, ele afirmou: \u201cO bem tende sempre a comunicar-se. Toda a experi\u00eancia aut\u00eantica de verdade e de beleza procura, por si mesma, a sua expans\u00e3o; e qualquer pessoa que viva uma liberta\u00e7\u00e3o profunda adquire maior sensibilidade face \u00e0s necessidades dos outros. E, uma vez comunicado, o bem radica-se e desenvolve-se. Por isso, quem deseja viver com dignidade e em plenitude, n\u00e3o tem outro caminho sen\u00e3o reconhecer o outro e buscar o seu bem. Assim, n\u00e3o nos deveriam surpreender frases de S\u00e3o Paulo como estas: \u201cO amor de Cristo nos absorve completamente\u201d (2 Cor 5, 14); \u201cai de mim, se eu n\u00e3o evangelizar!\u201d (1 Cor 9, 16) (FRANCISCO, EG, par. 9).<\/p>\n<p>Entre os in\u00fameros gestos que marcaram seu papado &#8211; a conta no at\u00e9 ent\u00e3o Twitter @pontifex, a simplifica\u00e7\u00e3o de apari\u00e7\u00f5es, o uso de v\u00eddeos em primeira pessoa &#8211; destaca-se a convic\u00e7\u00e3o de que \u201co bem tende sempre a comunicar-se\u201d. No texto da \u201cAlegria do Evangelho\u201d, ele lembrava que toda verdade e beleza se expandem por si s\u00f3, e que aqueles libertados pelo amor de Cristo se tornam sens\u00edveis \u00e0s necessidades dos outros.<\/p>\n<p>Sentimos muito a morte do Papa que os ensinou a \u201cconstruir pontes, n\u00e3o muros\u201d. Ser\u00e1 dif\u00edcil esquecer o pont\u00edfice que virou do avesso a comunica\u00e7\u00e3o da Igreja e fez do mundo digital um terreno f\u00e9rtil para o an\u00fancio da Boa Nova.<\/p>\n<hr \/>\n<p><em>Frei Augusto Luiz Gabriel<\/em><\/p>\n","protected":false},"excerpt":{"rendered":"<p>Comunicador do Evangelho<\/p>\n","protected":false},"author":11,"featured_media":256194,"comment_status":"open","ping_status":"open","sticky":false,"template":"","format":"standard","meta":[],"categories":[1,1428],"tags":[2335,55],"acf":[],"yoast_head":"<!-- This site is optimized with the Yoast SEO plugin v19.2 - https:\/\/yoast.com\/wordpress\/plugins\/seo\/ -->\n<title>\u201cN\u00e3o tenhais medo de vos fazerdes cidad\u00e3os do mundo digital\u201d (Papa Francisco) - Not\u00edcias - Franciscanos<\/title>\n<meta name=\"robots\" content=\"index, follow, max-snippet:-1, max-image-preview:large, max-video-preview:-1\" \/>\n<link rel=\"canonical\" href=\"https:\/\/franciscanos.org.br\/noticias\/nao-tenhais-medo-de-vos-fazerdes-cidadaos-do-mundo-digital-papa-francisco.html\" \/>\n<meta property=\"og:locale\" content=\"pt_BR\" \/>\n<meta property=\"og:type\" content=\"article\" \/>\n<meta property=\"og:title\" content=\"\u201cN\u00e3o tenhais medo de vos fazerdes cidad\u00e3os do mundo digital\u201d (Papa Francisco) - Not\u00edcias - Franciscanos\" \/>\n<meta property=\"og:description\" content=\"Comunicador do Evangelho\" \/>\n<meta property=\"og:url\" content=\"https:\/\/franciscanos.org.br\/noticias\/nao-tenhais-medo-de-vos-fazerdes-cidadaos-do-mundo-digital-papa-francisco.html\" \/>\n<meta property=\"og:site_name\" content=\"Not\u00edcias - Franciscanos\" \/>\n<meta property=\"article:published_time\" content=\"2025-04-21T13:07:11+00:00\" \/>\n<meta property=\"article:modified_time\" content=\"2025-04-21T13:07:57+00:00\" \/>\n<meta property=\"og:image\" content=\"https:\/\/franciscanos.org.br\/noticias\/wp-content\/uploads\/2025\/04\/chamada-texto-frei-augusto.png\" \/>\n\t<meta property=\"og:image:width\" content=\"800\" \/>\n\t<meta property=\"og:image:height\" content=\"550\" \/>\n\t<meta property=\"og:image:type\" content=\"image\/png\" \/>\n<meta name=\"author\" content=\"Adriana Rabelo\" \/>\n<meta name=\"twitter:card\" content=\"summary_large_image\" \/>\n<meta name=\"twitter:label1\" content=\"Escrito por\" \/>\n\t<meta name=\"twitter:data1\" content=\"Adriana Rabelo\" \/>\n\t<meta name=\"twitter:label2\" content=\"Est. tempo de leitura\" \/>\n\t<meta name=\"twitter:data2\" content=\"4 minutos\" \/>\n<script type=\"application\/ld+json\" class=\"yoast-schema-graph\">{\"@context\":\"https:\/\/schema.org\",\"@graph\":[{\"@type\":\"WebSite\",\"@id\":\"https:\/\/franciscanos.org.br\/noticias\/#website\",\"url\":\"https:\/\/franciscanos.org.br\/noticias\/\",\"name\":\"Not\u00edcias - Franciscanos\",\"description\":\"Prov\u00edncia Franciscana da Imaculada Concei\u00e7\u00e3o do Brasil - Ordem dos Frades Menores - OFM\",\"potentialAction\":[{\"@type\":\"SearchAction\",\"target\":{\"@type\":\"EntryPoint\",\"urlTemplate\":\"https:\/\/franciscanos.org.br\/noticias\/?s={search_term_string}\"},\"query-input\":\"required name=search_term_string\"}],\"inLanguage\":\"pt-BR\"},{\"@type\":\"ImageObject\",\"inLanguage\":\"pt-BR\",\"@id\":\"https:\/\/franciscanos.org.br\/noticias\/nao-tenhais-medo-de-vos-fazerdes-cidadaos-do-mundo-digital-papa-francisco.html#primaryimage\",\"url\":\"https:\/\/franciscanos.org.br\/noticias\/wp-content\/uploads\/2025\/04\/chamada-texto-frei-augusto.png\",\"contentUrl\":\"https:\/\/franciscanos.org.br\/noticias\/wp-content\/uploads\/2025\/04\/chamada-texto-frei-augusto.png\",\"width\":800,\"height\":550},{\"@type\":\"WebPage\",\"@id\":\"https:\/\/franciscanos.org.br\/noticias\/nao-tenhais-medo-de-vos-fazerdes-cidadaos-do-mundo-digital-papa-francisco.html#webpage\",\"url\":\"https:\/\/franciscanos.org.br\/noticias\/nao-tenhais-medo-de-vos-fazerdes-cidadaos-do-mundo-digital-papa-francisco.html\",\"name\":\"\u201cN\u00e3o tenhais medo de vos fazerdes cidad\u00e3os do mundo digital\u201d (Papa Francisco) - Not\u00edcias - Franciscanos\",\"isPartOf\":{\"@id\":\"https:\/\/franciscanos.org.br\/noticias\/#website\"},\"primaryImageOfPage\":{\"@id\":\"https:\/\/franciscanos.org.br\/noticias\/nao-tenhais-medo-de-vos-fazerdes-cidadaos-do-mundo-digital-papa-francisco.html#primaryimage\"},\"datePublished\":\"2025-04-21T13:07:11+00:00\",\"dateModified\":\"2025-04-21T13:07:57+00:00\",\"author\":{\"@id\":\"https:\/\/franciscanos.org.br\/noticias\/#\/schema\/person\/d9422e83121c3ad3b0f423d195f5bb25\"},\"breadcrumb\":{\"@id\":\"https:\/\/franciscanos.org.br\/noticias\/nao-tenhais-medo-de-vos-fazerdes-cidadaos-do-mundo-digital-papa-francisco.html#breadcrumb\"},\"inLanguage\":\"pt-BR\",\"potentialAction\":[{\"@type\":\"ReadAction\",\"target\":[\"https:\/\/franciscanos.org.br\/noticias\/nao-tenhais-medo-de-vos-fazerdes-cidadaos-do-mundo-digital-papa-francisco.html\"]}]},{\"@type\":\"BreadcrumbList\",\"@id\":\"https:\/\/franciscanos.org.br\/noticias\/nao-tenhais-medo-de-vos-fazerdes-cidadaos-do-mundo-digital-papa-francisco.html#breadcrumb\",\"itemListElement\":[{\"@type\":\"ListItem\",\"position\":1,\"name\":\"Home\",\"item\":\"https:\/\/franciscanos.org.br\/noticias\"},{\"@type\":\"ListItem\",\"position\":2,\"name\":\"\u201cN\u00e3o tenhais medo de vos fazerdes cidad\u00e3os do mundo digital\u201d (Papa Francisco)\"}]},{\"@type\":\"Person\",\"@id\":\"https:\/\/franciscanos.org.br\/noticias\/#\/schema\/person\/d9422e83121c3ad3b0f423d195f5bb25\",\"name\":\"Adriana Rabelo\",\"image\":{\"@type\":\"ImageObject\",\"inLanguage\":\"pt-BR\",\"@id\":\"https:\/\/franciscanos.org.br\/noticias\/#\/schema\/person\/image\/\",\"url\":\"https:\/\/secure.gravatar.com\/avatar\/0a937b7500cd7df77540cfb8bede877d?s=96&d=mm&r=g\",\"contentUrl\":\"https:\/\/secure.gravatar.com\/avatar\/0a937b7500cd7df77540cfb8bede877d?s=96&d=mm&r=g\",\"caption\":\"Adriana Rabelo\"},\"url\":\"https:\/\/franciscanos.org.br\/noticias\/author\/adrianarabelo\"}]}<\/script>\n<!-- \/ Yoast SEO plugin. -->","yoast_head_json":{"title":"\u201cN\u00e3o tenhais medo de vos fazerdes cidad\u00e3os do mundo digital\u201d (Papa Francisco) - Not\u00edcias - Franciscanos","robots":{"index":"index","follow":"follow","max-snippet":"max-snippet:-1","max-image-preview":"max-image-preview:large","max-video-preview":"max-video-preview:-1"},"canonical":"https:\/\/franciscanos.org.br\/noticias\/nao-tenhais-medo-de-vos-fazerdes-cidadaos-do-mundo-digital-papa-francisco.html","og_locale":"pt_BR","og_type":"article","og_title":"\u201cN\u00e3o tenhais medo de vos fazerdes cidad\u00e3os do mundo digital\u201d (Papa Francisco) - Not\u00edcias - Franciscanos","og_description":"Comunicador do Evangelho","og_url":"https:\/\/franciscanos.org.br\/noticias\/nao-tenhais-medo-de-vos-fazerdes-cidadaos-do-mundo-digital-papa-francisco.html","og_site_name":"Not\u00edcias - Franciscanos","article_published_time":"2025-04-21T13:07:11+00:00","article_modified_time":"2025-04-21T13:07:57+00:00","og_image":[{"width":800,"height":550,"url":"https:\/\/franciscanos.org.br\/noticias\/wp-content\/uploads\/2025\/04\/chamada-texto-frei-augusto.png","type":"image\/png"}],"author":"Adriana Rabelo","twitter_card":"summary_large_image","twitter_misc":{"Escrito por":"Adriana Rabelo","Est. tempo de leitura":"4 minutos"},"schema":{"@context":"https:\/\/schema.org","@graph":[{"@type":"WebSite","@id":"https:\/\/franciscanos.org.br\/noticias\/#website","url":"https:\/\/franciscanos.org.br\/noticias\/","name":"Not\u00edcias - Franciscanos","description":"Prov\u00edncia Franciscana da Imaculada Concei\u00e7\u00e3o do Brasil - Ordem dos Frades Menores - OFM","potentialAction":[{"@type":"SearchAction","target":{"@type":"EntryPoint","urlTemplate":"https:\/\/franciscanos.org.br\/noticias\/?s={search_term_string}"},"query-input":"required name=search_term_string"}],"inLanguage":"pt-BR"},{"@type":"ImageObject","inLanguage":"pt-BR","@id":"https:\/\/franciscanos.org.br\/noticias\/nao-tenhais-medo-de-vos-fazerdes-cidadaos-do-mundo-digital-papa-francisco.html#primaryimage","url":"https:\/\/franciscanos.org.br\/noticias\/wp-content\/uploads\/2025\/04\/chamada-texto-frei-augusto.png","contentUrl":"https:\/\/franciscanos.org.br\/noticias\/wp-content\/uploads\/2025\/04\/chamada-texto-frei-augusto.png","width":800,"height":550},{"@type":"WebPage","@id":"https:\/\/franciscanos.org.br\/noticias\/nao-tenhais-medo-de-vos-fazerdes-cidadaos-do-mundo-digital-papa-francisco.html#webpage","url":"https:\/\/franciscanos.org.br\/noticias\/nao-tenhais-medo-de-vos-fazerdes-cidadaos-do-mundo-digital-papa-francisco.html","name":"\u201cN\u00e3o tenhais medo de vos fazerdes cidad\u00e3os do mundo digital\u201d (Papa Francisco) - Not\u00edcias - Franciscanos","isPartOf":{"@id":"https:\/\/franciscanos.org.br\/noticias\/#website"},"primaryImageOfPage":{"@id":"https:\/\/franciscanos.org.br\/noticias\/nao-tenhais-medo-de-vos-fazerdes-cidadaos-do-mundo-digital-papa-francisco.html#primaryimage"},"datePublished":"2025-04-21T13:07:11+00:00","dateModified":"2025-04-21T13:07:57+00:00","author":{"@id":"https:\/\/franciscanos.org.br\/noticias\/#\/schema\/person\/d9422e83121c3ad3b0f423d195f5bb25"},"breadcrumb":{"@id":"https:\/\/franciscanos.org.br\/noticias\/nao-tenhais-medo-de-vos-fazerdes-cidadaos-do-mundo-digital-papa-francisco.html#breadcrumb"},"inLanguage":"pt-BR","potentialAction":[{"@type":"ReadAction","target":["https:\/\/franciscanos.org.br\/noticias\/nao-tenhais-medo-de-vos-fazerdes-cidadaos-do-mundo-digital-papa-francisco.html"]}]},{"@type":"BreadcrumbList","@id":"https:\/\/franciscanos.org.br\/noticias\/nao-tenhais-medo-de-vos-fazerdes-cidadaos-do-mundo-digital-papa-francisco.html#breadcrumb","itemListElement":[{"@type":"ListItem","position":1,"name":"Home","item":"https:\/\/franciscanos.org.br\/noticias"},{"@type":"ListItem","position":2,"name":"\u201cN\u00e3o tenhais medo de vos fazerdes cidad\u00e3os do mundo digital\u201d (Papa Francisco)"}]},{"@type":"Person","@id":"https:\/\/franciscanos.org.br\/noticias\/#\/schema\/person\/d9422e83121c3ad3b0f423d195f5bb25","name":"Adriana Rabelo","image":{"@type":"ImageObject","inLanguage":"pt-BR","@id":"https:\/\/franciscanos.org.br\/noticias\/#\/schema\/person\/image\/","url":"https:\/\/secure.gravatar.com\/avatar\/0a937b7500cd7df77540cfb8bede877d?s=96&d=mm&r=g","contentUrl":"https:\/\/secure.gravatar.com\/avatar\/0a937b7500cd7df77540cfb8bede877d?s=96&d=mm&r=g","caption":"Adriana Rabelo"},"url":"https:\/\/franciscanos.org.br\/noticias\/author\/adrianarabelo"}]}},"_links":{"self":[{"href":"https:\/\/franciscanos.org.br\/noticias\/wp-json\/wp\/v2\/posts\/256192"}],"collection":[{"href":"https:\/\/franciscanos.org.br\/noticias\/wp-json\/wp\/v2\/posts"}],"about":[{"href":"https:\/\/franciscanos.org.br\/noticias\/wp-json\/wp\/v2\/types\/post"}],"author":[{"embeddable":true,"href":"https:\/\/franciscanos.org.br\/noticias\/wp-json\/wp\/v2\/users\/11"}],"replies":[{"embeddable":true,"href":"https:\/\/franciscanos.org.br\/noticias\/wp-json\/wp\/v2\/comments?post=256192"}],"version-history":[{"count":2,"href":"https:\/\/franciscanos.org.br\/noticias\/wp-json\/wp\/v2\/posts\/256192\/revisions"}],"predecessor-version":[{"id":256198,"href":"https:\/\/franciscanos.org.br\/noticias\/wp-json\/wp\/v2\/posts\/256192\/revisions\/256198"}],"wp:featuredmedia":[{"embeddable":true,"href":"https:\/\/franciscanos.org.br\/noticias\/wp-json\/wp\/v2\/media\/256194"}],"wp:attachment":[{"href":"https:\/\/franciscanos.org.br\/noticias\/wp-json\/wp\/v2\/media?parent=256192"}],"wp:term":[{"taxonomy":"category","embeddable":true,"href":"https:\/\/franciscanos.org.br\/noticias\/wp-json\/wp\/v2\/categories?post=256192"},{"taxonomy":"post_tag","embeddable":true,"href":"https:\/\/franciscanos.org.br\/noticias\/wp-json\/wp\/v2\/tags?post=256192"}],"curies":[{"name":"wp","href":"https:\/\/api.w.org\/{rel}","templated":true}]}}