{"id":256168,"date":"2025-04-21T05:57:57","date_gmt":"2025-04-21T08:57:57","guid":{"rendered":"https:\/\/franciscanos.org.br\/noticias\/?p=256168"},"modified":"2025-04-22T11:18:31","modified_gmt":"2025-04-22T14:18:31","slug":"morre-o-papa-francisco","status":"publish","type":"post","link":"https:\/\/franciscanos.org.br\/noticias\/morre-o-papa-francisco.html","title":{"rendered":"Morre o Papa Francisco"},"content":{"rendered":"<p><img loading=\"lazy\" class=\"aligncenter wp-image-256169 size-full\" src=\"https:\/\/franciscanos.org.br\/noticias\/wp-content\/uploads\/2025\/04\/MATERIA-24.png\" alt=\"\" width=\"1280\" height=\"720\" srcset=\"https:\/\/franciscanos.org.br\/noticias\/wp-content\/uploads\/2025\/04\/MATERIA-24.png 1280w, https:\/\/franciscanos.org.br\/noticias\/wp-content\/uploads\/2025\/04\/MATERIA-24-450x253.png 450w, https:\/\/franciscanos.org.br\/noticias\/wp-content\/uploads\/2025\/04\/MATERIA-24-1024x576.png 1024w, https:\/\/franciscanos.org.br\/noticias\/wp-content\/uploads\/2025\/04\/MATERIA-24-768x432.png 768w, https:\/\/franciscanos.org.br\/noticias\/wp-content\/uploads\/2025\/04\/MATERIA-24-150x84.png 150w\" sizes=\"(max-width: 1280px) 100vw, 1280px\" \/><\/p>\n<p>A Prov\u00edncia Franciscana da Imaculada Concei\u00e7\u00e3o do Brasil amanheceu tomada por profunda tristeza diante da not\u00edcia do falecimento do Papa Francisco.<\/p>\n<p>De acordo com o Vaticano, a morte do Pont\u00edfice, aos 88 anos, ocorreu \u00e0s 7h35 (hor\u00e1rio de Roma) desta segunda-feira, 21 de abril. O an\u00fancio foi feito, com pesar, diretamente da Capela da Casa Santa Marta, no Vaticano, por Sua Emin\u00eancia, o Cardeal Farrell, com as seguintes palavras:<\/p>\n<p>Jorge Mario Bergoglio nasceu em 17 de dezembro de 1936, em Buenos Aires, Argentina. Ele \u00e9 o primeiro Papa latino- americano e tamb\u00e9m o primeiro jesu\u00edta a ocupar o papado. Filho de imigrantes italianos, formou-se em qu\u00edmica antes de entrar para o semin\u00e1rio e ingressar na Companhia de Jesus (jesu\u00edtas) em 1958.<\/p>\n<p>Foi ordenado sacerdote em 1969 e sempre se destacou por sua simplicidade, dedica\u00e7\u00e3o pastoral e firmeza na defesa dos pobres. Tornou-se bispo auxiliar de Buenos Aires em 1992 e, posteriormente, arcebispo em 1998. Foi criado cardeal pelo Papa Jo\u00e3o Paulo II em 2001.<\/p>\n<p>Ap\u00f3s a ren\u00fancia do Papa Bento XVI, foi eleito Papa em 13 de mar\u00e7o de 2013, adotando o nome Francisco em homenagem a S\u00e3o Francisco de Assis, refletindo seu compromisso com a humildade, a paz e o cuidado com os pobres e com a cria\u00e7\u00e3o.<\/p>\n<p>Papa Francisco foi e ficar\u00e1 marcado na hist\u00f3ria da Igreja de Roma como voz influente em quest\u00f5es sociais, econ\u00f4micas e ambientais. Publicou enc\u00edclicas importantes como Laudato Si\u2019 (sobre o cuidado com a casa comum), que\u00a0 este ano completa 10 anos, e Fratelli Tutti (sobre fraternidade e amizade social). \u00c9 conhecido por seu estilo pastoral pr\u00f3ximo do povo, sua \u00eanfase na miseric\u00f3rdia e sua busca por uma Igreja mais sinodal e mission\u00e1ria.<\/p>\n<p>O Santo Padre nos ensinou a viver os valores do Evangelho com fidelidade, coragem e amor universal, especialmente em favor dos mais pobres e marginalizados.<\/p>\n<p><strong>\u00daltima mensagem<\/strong><\/p>\n<p>Neste domingo de P\u00e1scoa, 20 de abril, o Pont\u00edfice apareceu na sacada da Bas\u00edlica de S\u00e3o Pedro para a mensagem de P\u00e1scoa Urbi et Orbi, deixando sua \u00faltima fala para a Igreja e o mundo, lida pelo \u00a0Mons. Diego Ravelli, mestre das Celebra\u00e7\u00f5es Lit\u00fargicas Pontif\u00edcias. Seu \u00faltimo apelo foi pelo desarmamento.<\/p>\n<p>O Papa extendeu seus votos de paz a todo o Oriente M\u00e9dio, de modo especial ao L\u00edbano, \u00e0 S\u00edria e ao I\u00eamen. Paz tamb\u00e9m para o Sul do C\u00e1ucaso e aos povos africanos v\u00edtimas de viol\u00eancias, especialmente a Rep\u00fablica Democr\u00e1tica do Congo, o Sud\u00e3o, o Sud\u00e3o do Sul, o Chifre da \u00c1frica e a Regi\u00e3o dos Grandes Lagos. Na \u00c1sia, o pensamento de Francisco vai a Mianmar, que al\u00e9m do conflito armado sofre com as consequ\u00eancias do terremoto.<\/p>\n<p>&#8220;N\u00e3o \u00e9 poss\u00edvel haver paz sem um verdadeiro desarmamento! A necessidade que cada povo sente de garantir a sua pr\u00f3pria defesa n\u00e3o pode transformar-se numa corrida generalizada ao armamento&#8221;, acrescenta o Pont\u00edfice, que renova o pedido para que os recursos dispon\u00edveis sejam utilizados para ajudar os necessitados, combater a fome e promover iniciativas que favore\u00e7am o desenvolvimento. &#8220;Estas s\u00e3o as &#8216;armas&#8221; da paz: aquelas que constroem o futuro, em vez de espalhar morte!&#8221;, diz ainda o Papa, apelando que n\u00e3o se ceda \u00e0 l\u00f3gica do medo.<\/p>\n<p>&#8220;Que o princ\u00edpio da humanidade nunca deixe de ser o eixo do nosso agir quotidiano. Perante a crueldade dos conflitos que atingem civis indefesos, atacam escolas e hospitais e agentes humanit\u00e1rios, n\u00e3o podemos esquecer que n\u00e3o s\u00e3o atingidos alvos, mas pessoas com alma e dignidade.&#8221; Por fim, os votos de que neste ano jubilar\u00a0 a P\u00e1scoa seja uma ocasi\u00e3o para libertar os prisioneiros de guerra e os presos pol\u00edticos.<\/p>\n<p>Ao encerrar sua mensagem, Papa Francisco disse:<\/p>\n<p>\u201cQueridos irm\u00e3os e irm\u00e3s, na P\u00e1scoa do Senhor, a morte e a vida enfrentaram-se num admir\u00e1vel combate, mas agora o Senhor vive para sempre. Feliz P\u00e1scoa para todos!\u201d<\/p>\n<p>Com imensa gratid\u00e3o por seu exemplo como verdadeiro disc\u00edpulo do Senhor Jesus, recomendamos a alma do Papa Francisco ao infinito amor misericordioso do Deus Trino.<\/p>\n<hr \/>\n<p>Adriana Rabelo, com informa\u00e7\u00f5es do Vatican News<\/p>\n<p>Fonte:https:\/\/www.vaticannews.va\/pt\/papa\/news\/2025-04\/papa-francisco-morre-dia-21-abril-2025.html<\/p>\n","protected":false},"excerpt":{"rendered":"<p>Morre Papa Francisco<\/p>\n","protected":false},"author":11,"featured_media":256170,"comment_status":"open","ping_status":"open","sticky":false,"template":"","format":"standard","meta":[],"categories":[1,1428],"tags":[55],"acf":[],"yoast_head":"<!-- This site is optimized with the Yoast SEO plugin v19.2 - https:\/\/yoast.com\/wordpress\/plugins\/seo\/ -->\n<title>Morre o Papa Francisco - Not\u00edcias - Franciscanos<\/title>\n<meta name=\"robots\" content=\"index, follow, max-snippet:-1, max-image-preview:large, max-video-preview:-1\" \/>\n<link rel=\"canonical\" href=\"https:\/\/franciscanos.org.br\/noticias\/morre-o-papa-francisco.html\" \/>\n<meta property=\"og:locale\" content=\"pt_BR\" \/>\n<meta property=\"og:type\" content=\"article\" \/>\n<meta property=\"og:title\" content=\"Morre o Papa Francisco - Not\u00edcias - Franciscanos\" \/>\n<meta property=\"og:description\" content=\"Morre Papa Francisco\" \/>\n<meta property=\"og:url\" content=\"https:\/\/franciscanos.org.br\/noticias\/morre-o-papa-francisco.html\" \/>\n<meta property=\"og:site_name\" content=\"Not\u00edcias - Franciscanos\" \/>\n<meta property=\"article:published_time\" content=\"2025-04-21T08:57:57+00:00\" \/>\n<meta property=\"article:modified_time\" content=\"2025-04-22T14:18:31+00:00\" \/>\n<meta property=\"og:image\" content=\"https:\/\/franciscanos.org.br\/noticias\/wp-content\/uploads\/2025\/04\/chamada-2-1.png\" \/>\n\t<meta property=\"og:image:width\" content=\"800\" \/>\n\t<meta property=\"og:image:height\" content=\"550\" \/>\n\t<meta property=\"og:image:type\" content=\"image\/png\" \/>\n<meta name=\"author\" content=\"Adriana Rabelo\" \/>\n<meta name=\"twitter:card\" content=\"summary_large_image\" \/>\n<meta name=\"twitter:label1\" content=\"Escrito por\" \/>\n\t<meta name=\"twitter:data1\" content=\"Adriana Rabelo\" \/>\n\t<meta name=\"twitter:label2\" content=\"Est. tempo de leitura\" \/>\n\t<meta name=\"twitter:data2\" content=\"4 minutos\" \/>\n<script type=\"application\/ld+json\" class=\"yoast-schema-graph\">{\"@context\":\"https:\/\/schema.org\",\"@graph\":[{\"@type\":\"WebSite\",\"@id\":\"https:\/\/franciscanos.org.br\/noticias\/#website\",\"url\":\"https:\/\/franciscanos.org.br\/noticias\/\",\"name\":\"Not\u00edcias - Franciscanos\",\"description\":\"Prov\u00edncia Franciscana da Imaculada Concei\u00e7\u00e3o do Brasil - Ordem dos Frades Menores - OFM\",\"potentialAction\":[{\"@type\":\"SearchAction\",\"target\":{\"@type\":\"EntryPoint\",\"urlTemplate\":\"https:\/\/franciscanos.org.br\/noticias\/?s={search_term_string}\"},\"query-input\":\"required name=search_term_string\"}],\"inLanguage\":\"pt-BR\"},{\"@type\":\"ImageObject\",\"inLanguage\":\"pt-BR\",\"@id\":\"https:\/\/franciscanos.org.br\/noticias\/morre-o-papa-francisco.html#primaryimage\",\"url\":\"https:\/\/franciscanos.org.br\/noticias\/wp-content\/uploads\/2025\/04\/chamada-2-1.png\",\"contentUrl\":\"https:\/\/franciscanos.org.br\/noticias\/wp-content\/uploads\/2025\/04\/chamada-2-1.png\",\"width\":800,\"height\":550},{\"@type\":\"WebPage\",\"@id\":\"https:\/\/franciscanos.org.br\/noticias\/morre-o-papa-francisco.html#webpage\",\"url\":\"https:\/\/franciscanos.org.br\/noticias\/morre-o-papa-francisco.html\",\"name\":\"Morre o Papa Francisco - Not\u00edcias - Franciscanos\",\"isPartOf\":{\"@id\":\"https:\/\/franciscanos.org.br\/noticias\/#website\"},\"primaryImageOfPage\":{\"@id\":\"https:\/\/franciscanos.org.br\/noticias\/morre-o-papa-francisco.html#primaryimage\"},\"datePublished\":\"2025-04-21T08:57:57+00:00\",\"dateModified\":\"2025-04-22T14:18:31+00:00\",\"author\":{\"@id\":\"https:\/\/franciscanos.org.br\/noticias\/#\/schema\/person\/d9422e83121c3ad3b0f423d195f5bb25\"},\"breadcrumb\":{\"@id\":\"https:\/\/franciscanos.org.br\/noticias\/morre-o-papa-francisco.html#breadcrumb\"},\"inLanguage\":\"pt-BR\",\"potentialAction\":[{\"@type\":\"ReadAction\",\"target\":[\"https:\/\/franciscanos.org.br\/noticias\/morre-o-papa-francisco.html\"]}]},{\"@type\":\"BreadcrumbList\",\"@id\":\"https:\/\/franciscanos.org.br\/noticias\/morre-o-papa-francisco.html#breadcrumb\",\"itemListElement\":[{\"@type\":\"ListItem\",\"position\":1,\"name\":\"Home\",\"item\":\"https:\/\/franciscanos.org.br\/noticias\"},{\"@type\":\"ListItem\",\"position\":2,\"name\":\"Morre o Papa Francisco\"}]},{\"@type\":\"Person\",\"@id\":\"https:\/\/franciscanos.org.br\/noticias\/#\/schema\/person\/d9422e83121c3ad3b0f423d195f5bb25\",\"name\":\"Adriana Rabelo\",\"image\":{\"@type\":\"ImageObject\",\"inLanguage\":\"pt-BR\",\"@id\":\"https:\/\/franciscanos.org.br\/noticias\/#\/schema\/person\/image\/\",\"url\":\"https:\/\/secure.gravatar.com\/avatar\/0a937b7500cd7df77540cfb8bede877d?s=96&d=mm&r=g\",\"contentUrl\":\"https:\/\/secure.gravatar.com\/avatar\/0a937b7500cd7df77540cfb8bede877d?s=96&d=mm&r=g\",\"caption\":\"Adriana Rabelo\"},\"url\":\"https:\/\/franciscanos.org.br\/noticias\/author\/adrianarabelo\"}]}<\/script>\n<!-- \/ Yoast SEO plugin. -->","yoast_head_json":{"title":"Morre o Papa Francisco - Not\u00edcias - Franciscanos","robots":{"index":"index","follow":"follow","max-snippet":"max-snippet:-1","max-image-preview":"max-image-preview:large","max-video-preview":"max-video-preview:-1"},"canonical":"https:\/\/franciscanos.org.br\/noticias\/morre-o-papa-francisco.html","og_locale":"pt_BR","og_type":"article","og_title":"Morre o Papa Francisco - Not\u00edcias - Franciscanos","og_description":"Morre Papa Francisco","og_url":"https:\/\/franciscanos.org.br\/noticias\/morre-o-papa-francisco.html","og_site_name":"Not\u00edcias - Franciscanos","article_published_time":"2025-04-21T08:57:57+00:00","article_modified_time":"2025-04-22T14:18:31+00:00","og_image":[{"width":800,"height":550,"url":"https:\/\/franciscanos.org.br\/noticias\/wp-content\/uploads\/2025\/04\/chamada-2-1.png","type":"image\/png"}],"author":"Adriana Rabelo","twitter_card":"summary_large_image","twitter_misc":{"Escrito por":"Adriana Rabelo","Est. tempo de leitura":"4 minutos"},"schema":{"@context":"https:\/\/schema.org","@graph":[{"@type":"WebSite","@id":"https:\/\/franciscanos.org.br\/noticias\/#website","url":"https:\/\/franciscanos.org.br\/noticias\/","name":"Not\u00edcias - Franciscanos","description":"Prov\u00edncia Franciscana da Imaculada Concei\u00e7\u00e3o do Brasil - Ordem dos Frades Menores - OFM","potentialAction":[{"@type":"SearchAction","target":{"@type":"EntryPoint","urlTemplate":"https:\/\/franciscanos.org.br\/noticias\/?s={search_term_string}"},"query-input":"required name=search_term_string"}],"inLanguage":"pt-BR"},{"@type":"ImageObject","inLanguage":"pt-BR","@id":"https:\/\/franciscanos.org.br\/noticias\/morre-o-papa-francisco.html#primaryimage","url":"https:\/\/franciscanos.org.br\/noticias\/wp-content\/uploads\/2025\/04\/chamada-2-1.png","contentUrl":"https:\/\/franciscanos.org.br\/noticias\/wp-content\/uploads\/2025\/04\/chamada-2-1.png","width":800,"height":550},{"@type":"WebPage","@id":"https:\/\/franciscanos.org.br\/noticias\/morre-o-papa-francisco.html#webpage","url":"https:\/\/franciscanos.org.br\/noticias\/morre-o-papa-francisco.html","name":"Morre o Papa Francisco - Not\u00edcias - Franciscanos","isPartOf":{"@id":"https:\/\/franciscanos.org.br\/noticias\/#website"},"primaryImageOfPage":{"@id":"https:\/\/franciscanos.org.br\/noticias\/morre-o-papa-francisco.html#primaryimage"},"datePublished":"2025-04-21T08:57:57+00:00","dateModified":"2025-04-22T14:18:31+00:00","author":{"@id":"https:\/\/franciscanos.org.br\/noticias\/#\/schema\/person\/d9422e83121c3ad3b0f423d195f5bb25"},"breadcrumb":{"@id":"https:\/\/franciscanos.org.br\/noticias\/morre-o-papa-francisco.html#breadcrumb"},"inLanguage":"pt-BR","potentialAction":[{"@type":"ReadAction","target":["https:\/\/franciscanos.org.br\/noticias\/morre-o-papa-francisco.html"]}]},{"@type":"BreadcrumbList","@id":"https:\/\/franciscanos.org.br\/noticias\/morre-o-papa-francisco.html#breadcrumb","itemListElement":[{"@type":"ListItem","position":1,"name":"Home","item":"https:\/\/franciscanos.org.br\/noticias"},{"@type":"ListItem","position":2,"name":"Morre o Papa Francisco"}]},{"@type":"Person","@id":"https:\/\/franciscanos.org.br\/noticias\/#\/schema\/person\/d9422e83121c3ad3b0f423d195f5bb25","name":"Adriana Rabelo","image":{"@type":"ImageObject","inLanguage":"pt-BR","@id":"https:\/\/franciscanos.org.br\/noticias\/#\/schema\/person\/image\/","url":"https:\/\/secure.gravatar.com\/avatar\/0a937b7500cd7df77540cfb8bede877d?s=96&d=mm&r=g","contentUrl":"https:\/\/secure.gravatar.com\/avatar\/0a937b7500cd7df77540cfb8bede877d?s=96&d=mm&r=g","caption":"Adriana Rabelo"},"url":"https:\/\/franciscanos.org.br\/noticias\/author\/adrianarabelo"}]}},"_links":{"self":[{"href":"https:\/\/franciscanos.org.br\/noticias\/wp-json\/wp\/v2\/posts\/256168"}],"collection":[{"href":"https:\/\/franciscanos.org.br\/noticias\/wp-json\/wp\/v2\/posts"}],"about":[{"href":"https:\/\/franciscanos.org.br\/noticias\/wp-json\/wp\/v2\/types\/post"}],"author":[{"embeddable":true,"href":"https:\/\/franciscanos.org.br\/noticias\/wp-json\/wp\/v2\/users\/11"}],"replies":[{"embeddable":true,"href":"https:\/\/franciscanos.org.br\/noticias\/wp-json\/wp\/v2\/comments?post=256168"}],"version-history":[{"count":12,"href":"https:\/\/franciscanos.org.br\/noticias\/wp-json\/wp\/v2\/posts\/256168\/revisions"}],"predecessor-version":[{"id":256182,"href":"https:\/\/franciscanos.org.br\/noticias\/wp-json\/wp\/v2\/posts\/256168\/revisions\/256182"}],"wp:featuredmedia":[{"embeddable":true,"href":"https:\/\/franciscanos.org.br\/noticias\/wp-json\/wp\/v2\/media\/256170"}],"wp:attachment":[{"href":"https:\/\/franciscanos.org.br\/noticias\/wp-json\/wp\/v2\/media?parent=256168"}],"wp:term":[{"taxonomy":"category","embeddable":true,"href":"https:\/\/franciscanos.org.br\/noticias\/wp-json\/wp\/v2\/categories?post=256168"},{"taxonomy":"post_tag","embeddable":true,"href":"https:\/\/franciscanos.org.br\/noticias\/wp-json\/wp\/v2\/tags?post=256168"}],"curies":[{"name":"wp","href":"https:\/\/api.w.org\/{rel}","templated":true}]}}