{"id":256138,"date":"2025-04-21T00:29:46","date_gmt":"2025-04-21T03:29:46","guid":{"rendered":"https:\/\/franciscanos.org.br\/noticias\/?p=256138"},"modified":"2025-04-22T00:09:18","modified_gmt":"2025-04-22T03:09:18","slug":"campinho-lotado-de-tecelaes-da-esperanca-no-primeiro-dia-do-oitavario","status":"publish","type":"post","link":"https:\/\/franciscanos.org.br\/noticias\/campinho-lotado-de-tecelaes-da-esperanca-no-primeiro-dia-do-oitavario.html","title":{"rendered":"Campinho lotado de \u201ctecel\u00e3es\u201d da esperan\u00e7a no primeiro dia do Oitav\u00e1rio"},"content":{"rendered":"<p><img loading=\"lazy\" class=\"aligncenter wp-image-256144 size-full\" src=\"https:\/\/franciscanos.org.br\/noticias\/wp-content\/uploads\/2025\/04\/PENHA_200425_destaque5.jpg\" alt=\"\" width=\"1280\" height=\"720\" srcset=\"https:\/\/franciscanos.org.br\/noticias\/wp-content\/uploads\/2025\/04\/PENHA_200425_destaque5.jpg 1280w, https:\/\/franciscanos.org.br\/noticias\/wp-content\/uploads\/2025\/04\/PENHA_200425_destaque5-450x253.jpg 450w, https:\/\/franciscanos.org.br\/noticias\/wp-content\/uploads\/2025\/04\/PENHA_200425_destaque5-1024x576.jpg 1024w, https:\/\/franciscanos.org.br\/noticias\/wp-content\/uploads\/2025\/04\/PENHA_200425_destaque5-768x432.jpg 768w, https:\/\/franciscanos.org.br\/noticias\/wp-content\/uploads\/2025\/04\/PENHA_200425_destaque5-150x84.jpg 150w\" sizes=\"(max-width: 1280px) 100vw, 1280px\" \/><\/p>\n<p style=\"font-weight: 400;\"><strong>Vila Velha (ES) &#8211;<\/strong> Conforme a tradi\u00e7\u00e3o, que j\u00e1 se repete h\u00e1 455 anos, o Domingo de P\u00e1scoa marcou o in\u00edcio do Oitav\u00e1rio em honra a Nossa Senhora da Penha, com oito dias de prepara\u00e7\u00e3o para a Solenidade de Nossa Senhora das Alegrias, a Virgem da Penha, padroeira do Estado do Esp\u00edrito Santo, lotando o famoso \u201cCampinho\u201d aos p\u00e9s do Convento. Neste ano, a Festa traz consigo ainda as marcas do Jubileu da Esperan\u00e7a, dos 800 anos do C\u00e2ntico das Criaturas e dos 350 anos da Prov\u00edncia Franciscana da Imaculada Concei\u00e7\u00e3o do Brasil. O lema da Festa da Penha 2025 \u00e9 \u201cCom Maria, Peregrinos de Esperan\u00e7a\u201d.<\/p>\n<p style=\"font-weight: 400;\">Ap\u00f3s o almo\u00e7o, o Campinho come\u00e7ou a encher de peregrinos e devotos. Acolhidos pelo Guardi\u00e3o do Convento da Penha, Frei Gabriel Dellandrea, e pelo frade capixaba, atualmente membro da Fraternidade Nossa Senhora da Boa Viagem, na Rocinha, Rio de Janeiro, Frei Felipe Carretta, os fi\u00e9is come\u00e7aram a preparar o esp\u00edrito e o cora\u00e7\u00e3o para os momentos de f\u00e9 e devo\u00e7\u00e3o que viveriam a seguir. \u00c0s 14h, com o espa\u00e7o quase repleto, deu-se in\u00edcio \u00e0 ora\u00e7\u00e3o da Coroa das Sete Alegrias de Nossa Senhora, conhecida tamb\u00e9m como o \u201cTer\u00e7o Franciscano\u201d, que recorda, com um Pai-Nosso e Dez Ave-Marias as sete grandes alegrias de Nossa Senhora: a Anuncia\u00e7\u00e3o do Anjo, a Visita de Maria a Isabel, o Nascimento de Jesus, a Visita dos Magos ao Menino, o Reencontro do Menino Jesus no Templo, a Ressurrei\u00e7\u00e3o de Jesus e a Assun\u00e7\u00e3o e Coroa\u00e7\u00e3o de Maria no C\u00e9u. Participaram da condu\u00e7\u00e3o deste momento, al\u00e9m de Frei Felipe, Frei Leonardo Haag e Frei Fabr\u00edcio Martins, ambos da Fraternidade Franciscana S\u00e3o Boaventura, de Campo Largo, PR.<\/p>\n<p><img loading=\"lazy\" class=\"aligncenter wp-image-256140 size-full\" src=\"https:\/\/franciscanos.org.br\/noticias\/wp-content\/uploads\/2025\/04\/PENHA_200425_destaque1.jpg\" alt=\"\" width=\"1280\" height=\"720\" srcset=\"https:\/\/franciscanos.org.br\/noticias\/wp-content\/uploads\/2025\/04\/PENHA_200425_destaque1.jpg 1280w, https:\/\/franciscanos.org.br\/noticias\/wp-content\/uploads\/2025\/04\/PENHA_200425_destaque1-450x253.jpg 450w, https:\/\/franciscanos.org.br\/noticias\/wp-content\/uploads\/2025\/04\/PENHA_200425_destaque1-1024x576.jpg 1024w, https:\/\/franciscanos.org.br\/noticias\/wp-content\/uploads\/2025\/04\/PENHA_200425_destaque1-768x432.jpg 768w, https:\/\/franciscanos.org.br\/noticias\/wp-content\/uploads\/2025\/04\/PENHA_200425_destaque1-150x84.jpg 150w\" sizes=\"(max-width: 1280px) 100vw, 1280px\" \/><\/p>\n<p style=\"font-weight: 400;\">\u00c0s 15h, come\u00e7ou o momento devocional, conduzido pelos frades. Nesta hora, todos s\u00e3o convidados a louvar a Maria, a recordar a Hist\u00f3ria de Frei Pedro Pal\u00e1cios e do Convento, a meditar a Palavra de Deus e a dirigir seus pedidos e agradecimentos \u00e0 M\u00e3e das Alegrias. Num testemunho emocionado, o guardi\u00e3o, Frei Gabriel, partilhou com a multid\u00e3o atenta uma grande gra\u00e7a recebida poucas semanas depois de assumir o servi\u00e7o de Guardi\u00e3o do Convento. \u201cEu estava chegando e fui muito bem acolhido pela Fraternidade e pelo povo. Tamb\u00e9m comecei a perceber o tamanho da responsabilidade que teria pela frente, especialmente com rela\u00e7\u00e3o a todas as exig\u00eancias da Festa da Penha. Neste per\u00edodo, recebo a not\u00edcia de que alguns exames de sa\u00fade de um familiar muito pr\u00f3ximo estariam apontando alta probabilidade de uma doen\u00e7a complicada. Ainda precisaria um exame para confirmar, mas a chance era de 75 por cento para afirmativo e 25 por cento para negativo. Confesso que esta not\u00edcia me deu um certo des\u00e2nimo e at\u00e9 um pouco de revolta\u201d, admitiu Frei Gabriel para os fi\u00e9is que o escutavam. \u201cNo entanto, rezei muito a Nossa Senhora e pedi a ajuda dela. Quando chegou o dia de ver o resultado, eu, apesar de ter a senha e o site da internet para consultar, n\u00e3o tive coragem. E, num dia, bem cedo, quando iria celebrar a missa das 7h, recebo uma liga\u00e7\u00e3o de meu irm\u00e3o avisando que o exame era negativo\u201d, anunciou o guardi\u00e3o, recebendo os aplausos dos que acompanhavam seu testemunho. \u201cAli eu pude perceber o que significa ser amado\u201d, concluiu. O tema do primeiro dia do Oitav\u00e1rio foi a rela\u00e7\u00e3o entre a esperan\u00e7a e o amor. Para receber a b\u00ean\u00e7\u00e3o especial, os fi\u00e9is foram convidados a apresentar as chaves de suas casas, ve\u00edculos e locais de trabalho.<\/p>\n\n\t\t<style type=\"text\/css\">\n\t\t\t#gallery-1 {\n\t\t\t\tmargin: auto;\n\t\t\t}\n\t\t\t#gallery-1 .gallery-item {\n\t\t\t\tfloat: left;\n\t\t\t\tmargin-top: 10px;\n\t\t\t\ttext-align: center;\n\t\t\t\twidth: 20%;\n\t\t\t}\n\t\t\t#gallery-1 img {\n\t\t\t\tborder: 2px solid #cfcfcf;\n\t\t\t}\n\t\t\t#gallery-1 .gallery-caption {\n\t\t\t\tmargin-left: 0;\n\t\t\t}\n\t\t\t\/* see gallery_shortcode() in wp-includes\/media.php *\/\n\t\t<\/style>\n\t\t<div id='gallery-1' class='gallery galleryid-256138 gallery-columns-5 gallery-size-thumbnail'><dl class='gallery-item'>\n\t\t\t<dt class='gallery-icon landscape'>\n\t\t\t\t<a href='https:\/\/franciscanos.org.br\/noticias\/wp-content\/uploads\/2025\/04\/penha_2004_0.jpg'><img width=\"300\" height=\"300\" src=\"https:\/\/franciscanos.org.br\/noticias\/wp-content\/uploads\/2025\/04\/penha_2004_0-300x300.jpg\" class=\"attachment-thumbnail size-thumbnail\" alt=\"\" loading=\"lazy\" srcset=\"https:\/\/franciscanos.org.br\/noticias\/wp-content\/uploads\/2025\/04\/penha_2004_0-300x300.jpg 300w, https:\/\/franciscanos.org.br\/noticias\/wp-content\/uploads\/2025\/04\/penha_2004_0-100x100.jpg 100w\" sizes=\"(max-width: 300px) 100vw, 300px\" \/><\/a>\n\t\t\t<\/dt><\/dl><dl class='gallery-item'>\n\t\t\t<dt class='gallery-icon landscape'>\n\t\t\t\t<a href='https:\/\/franciscanos.org.br\/noticias\/wp-content\/uploads\/2025\/04\/penha_2004_1.jpg'><img width=\"300\" height=\"300\" src=\"https:\/\/franciscanos.org.br\/noticias\/wp-content\/uploads\/2025\/04\/penha_2004_1-300x300.jpg\" class=\"attachment-thumbnail size-thumbnail\" alt=\"\" loading=\"lazy\" srcset=\"https:\/\/franciscanos.org.br\/noticias\/wp-content\/uploads\/2025\/04\/penha_2004_1-300x300.jpg 300w, https:\/\/franciscanos.org.br\/noticias\/wp-content\/uploads\/2025\/04\/penha_2004_1-100x100.jpg 100w\" sizes=\"(max-width: 300px) 100vw, 300px\" \/><\/a>\n\t\t\t<\/dt><\/dl><dl class='gallery-item'>\n\t\t\t<dt class='gallery-icon landscape'>\n\t\t\t\t<a href='https:\/\/franciscanos.org.br\/noticias\/wp-content\/uploads\/2025\/04\/penha_2004_2.jpg'><img width=\"300\" height=\"300\" src=\"https:\/\/franciscanos.org.br\/noticias\/wp-content\/uploads\/2025\/04\/penha_2004_2-300x300.jpg\" class=\"attachment-thumbnail size-thumbnail\" alt=\"\" loading=\"lazy\" srcset=\"https:\/\/franciscanos.org.br\/noticias\/wp-content\/uploads\/2025\/04\/penha_2004_2-300x300.jpg 300w, https:\/\/franciscanos.org.br\/noticias\/wp-content\/uploads\/2025\/04\/penha_2004_2-100x100.jpg 100w\" sizes=\"(max-width: 300px) 100vw, 300px\" \/><\/a>\n\t\t\t<\/dt><\/dl><dl class='gallery-item'>\n\t\t\t<dt class='gallery-icon landscape'>\n\t\t\t\t<a href='https:\/\/franciscanos.org.br\/noticias\/wp-content\/uploads\/2025\/04\/penha_2004_3.jpg'><img width=\"300\" height=\"300\" src=\"https:\/\/franciscanos.org.br\/noticias\/wp-content\/uploads\/2025\/04\/penha_2004_3-300x300.jpg\" class=\"attachment-thumbnail size-thumbnail\" alt=\"\" loading=\"lazy\" srcset=\"https:\/\/franciscanos.org.br\/noticias\/wp-content\/uploads\/2025\/04\/penha_2004_3-300x300.jpg 300w, https:\/\/franciscanos.org.br\/noticias\/wp-content\/uploads\/2025\/04\/penha_2004_3-100x100.jpg 100w\" sizes=\"(max-width: 300px) 100vw, 300px\" \/><\/a>\n\t\t\t<\/dt><\/dl><dl class='gallery-item'>\n\t\t\t<dt class='gallery-icon landscape'>\n\t\t\t\t<a href='https:\/\/franciscanos.org.br\/noticias\/wp-content\/uploads\/2025\/04\/penha_2004_4.jpg'><img width=\"300\" height=\"300\" src=\"https:\/\/franciscanos.org.br\/noticias\/wp-content\/uploads\/2025\/04\/penha_2004_4-300x300.jpg\" class=\"attachment-thumbnail size-thumbnail\" alt=\"\" loading=\"lazy\" srcset=\"https:\/\/franciscanos.org.br\/noticias\/wp-content\/uploads\/2025\/04\/penha_2004_4-300x300.jpg 300w, https:\/\/franciscanos.org.br\/noticias\/wp-content\/uploads\/2025\/04\/penha_2004_4-100x100.jpg 100w\" sizes=\"(max-width: 300px) 100vw, 300px\" \/><\/a>\n\t\t\t<\/dt><\/dl><br style=\"clear: both\" \/>\n\t\t<\/div>\n\n<p style=\"font-weight: 400;\">A missa, \u00e0s 16h, contou com a anima\u00e7\u00e3o lit\u00fargica da \u00c1rea Pastoral de Vila Velha e foi presidida pelo Vig\u00e1rio Provincial, Frei Gustavo Wayand Medella. Na homilia, Frei Gustavo convidou a assembleia refletir com aten\u00e7\u00e3o sobre os panos encontrados na sepultura vazia de Jesus, conforme narra o Evangelho de Jo\u00e3o (Jo 20,1-9), especialmente o pano que cobria a cabe\u00e7a de Jesus. \u201cEste pano, diz a tradi\u00e7\u00e3o, \u00e9 conhecido como Santo Sud\u00e1rio e traz impressa a imagem da face e da silhueta do corpo do Crucificado. Est\u00e1 exposto na cidade de Turim, na It\u00e1lia, e muitos estudiosos ainda fazem pesquisa em busca de mais informa\u00e7\u00f5es sobre este fen\u00f4meno\u201d, explicou. Segundo o frade, o tecido em quest\u00e3o, que mostra a face de Jesus, \u00e9 uma bela representa\u00e7\u00e3o da Igreja: \u201cTecida pela gra\u00e7a de Deus, com a colabora\u00e7\u00e3o das m\u00e3os humanas, para apresentar a face do Ressuscitado ao mundo\u201d, recordou. Frei Gustavo frisou que, dentro a Igreja, o di\u00e1logo e a comunh\u00e3o entre as diferentes culturas e os diversos povos que comp\u00f5em o mosaico eclesial s\u00e3o atitudes de fundamental import\u00e2ncia e que garantem a fidelidade aos ensinamentos de Cristo. \u201cPor isso, palavras como intoler\u00e2ncia, exclus\u00e3o, julgamento e implic\u00e2ncia, que rasgam o tecido e deixam o Corpo de Cristo exposto de desprotegido, n\u00e3o podem fazer parte do dicion\u00e1rio do crist\u00e3o cat\u00f3lico. Nossa especialidade \u00e9 costurar e n\u00e3o rasgar\u201d, advertiu.<\/p>\n<p><img loading=\"lazy\" class=\"aligncenter wp-image-256141 size-full\" src=\"https:\/\/franciscanos.org.br\/noticias\/wp-content\/uploads\/2025\/04\/PENHA_200425_destaque2.jpg\" alt=\"\" width=\"1280\" height=\"720\" srcset=\"https:\/\/franciscanos.org.br\/noticias\/wp-content\/uploads\/2025\/04\/PENHA_200425_destaque2.jpg 1280w, https:\/\/franciscanos.org.br\/noticias\/wp-content\/uploads\/2025\/04\/PENHA_200425_destaque2-450x253.jpg 450w, https:\/\/franciscanos.org.br\/noticias\/wp-content\/uploads\/2025\/04\/PENHA_200425_destaque2-1024x576.jpg 1024w, https:\/\/franciscanos.org.br\/noticias\/wp-content\/uploads\/2025\/04\/PENHA_200425_destaque2-768x432.jpg 768w, https:\/\/franciscanos.org.br\/noticias\/wp-content\/uploads\/2025\/04\/PENHA_200425_destaque2-150x84.jpg 150w\" sizes=\"(max-width: 1280px) 100vw, 1280px\" \/><\/p>\n<p><img loading=\"lazy\" class=\"aligncenter wp-image-256143 size-full\" src=\"https:\/\/franciscanos.org.br\/noticias\/wp-content\/uploads\/2025\/04\/PENHA_200425_destaque4.jpg\" alt=\"\" width=\"1280\" height=\"720\" srcset=\"https:\/\/franciscanos.org.br\/noticias\/wp-content\/uploads\/2025\/04\/PENHA_200425_destaque4.jpg 1280w, https:\/\/franciscanos.org.br\/noticias\/wp-content\/uploads\/2025\/04\/PENHA_200425_destaque4-450x253.jpg 450w, https:\/\/franciscanos.org.br\/noticias\/wp-content\/uploads\/2025\/04\/PENHA_200425_destaque4-1024x576.jpg 1024w, https:\/\/franciscanos.org.br\/noticias\/wp-content\/uploads\/2025\/04\/PENHA_200425_destaque4-768x432.jpg 768w, https:\/\/franciscanos.org.br\/noticias\/wp-content\/uploads\/2025\/04\/PENHA_200425_destaque4-150x84.jpg 150w\" sizes=\"(max-width: 1280px) 100vw, 1280px\" \/><\/p>\n<p style=\"font-weight: 400;\">Na reflex\u00e3o, o presidente da celebra\u00e7\u00e3o mencionou ainda o jubileu dos 800 anos do C\u00e2ntico das Criatura e o lema da Campanha da Fraternidade, que neste ano abordou a tem\u00e1tica da Ecologia Integral: \u201cNo livro do G\u00eanesis, depois de criar tudo o que existe, como h\u00e1bil tecel\u00e3o, Deus viu que tudo era muito bom. Existe uma harmonia, uma beleza e uma verdade no conjunto da obra que Deus criou e por isso, com muita sabedoria, o Papa Francisco nos recorda, na Carta Enc\u00edclica <em>Laudato S\u00eci<\/em>, que \u2018tudo est\u00e1 interligado\u2019. Nesta mesma sabedoria, h\u00e1 exatos 800 anos, S\u00e3o Francisco comp\u00f4s o C\u00e2ntico das Criaturas, chamando de irm\u00e3o e irm\u00e3 cada ser criado por Deus: o Sol, a Lua, as estrelas, a \u00e1gua, o fogo, o vento, as flores e frutas, a nossa M\u00e3e Terra\u201d, recordou. Aproveitou ainda para chamar aten\u00e7\u00e3o sobre algumas posturas que precisam ser mudadas urgentemente: \u201cFaz parte, portanto, do an\u00fancio e do testemunho da f\u00e9 crist\u00e3, esta consci\u00eancia ecol\u00f3gica, de preservar e cuidar com carinho da nossa Casa Comum, de perceber que o sistema econ\u00f4mico predominante hoje na maioria dos pa\u00edses, onde o lucro, a explora\u00e7\u00e3o e a destrui\u00e7\u00e3o predominam, est\u00e1 nos levando para um desequil\u00edbrio perigoso, onde a vida das esp\u00e9cies, inclusive da esp\u00e9cie humana, est\u00e1 profundamente amea\u00e7ada. Tempos de longa estiagem seguidos por per\u00edodos de chuvas torrenciais, temperaturas muito mais elevadas do que no passado, aumento da incid\u00eancia de doen\u00e7as respirat\u00f3rias pela m\u00e1 qualidade do ar, crescimento do n\u00famero de pessoas em situa\u00e7\u00e3o de extrema pobreza e falta do b\u00e1sico necess\u00e1rio\u201d, alertou. Para concluir, convidou a todos os presentes para um trabalho coletivo, como verdadeiros \u201ctecel\u00e3es da esperan\u00e7a\u201d: \u201cVamos juntos, sob o comando do Divino Tecel\u00e3o, com o aux\u00edlio e os cuidados da Costureira de nossos Cora\u00e7\u00f5es, Maria Sant\u00edssima, tecer uma Festa da Penha inesquec\u00edvel, costurada ponto a ponto nas entranhas do nosso cora\u00e7\u00e3o\u201d.<\/p>\n\n\t\t<style type=\"text\/css\">\n\t\t\t#gallery-2 {\n\t\t\t\tmargin: auto;\n\t\t\t}\n\t\t\t#gallery-2 .gallery-item {\n\t\t\t\tfloat: left;\n\t\t\t\tmargin-top: 10px;\n\t\t\t\ttext-align: center;\n\t\t\t\twidth: 20%;\n\t\t\t}\n\t\t\t#gallery-2 img {\n\t\t\t\tborder: 2px solid #cfcfcf;\n\t\t\t}\n\t\t\t#gallery-2 .gallery-caption {\n\t\t\t\tmargin-left: 0;\n\t\t\t}\n\t\t\t\/* see gallery_shortcode() in wp-includes\/media.php *\/\n\t\t<\/style>\n\t\t<div id='gallery-2' class='gallery galleryid-256138 gallery-columns-5 gallery-size-thumbnail'><dl class='gallery-item'>\n\t\t\t<dt class='gallery-icon landscape'>\n\t\t\t\t<a href='https:\/\/franciscanos.org.br\/noticias\/wp-content\/uploads\/2025\/04\/penha_2004_6.jpg'><img width=\"300\" height=\"300\" src=\"https:\/\/franciscanos.org.br\/noticias\/wp-content\/uploads\/2025\/04\/penha_2004_6-300x300.jpg\" class=\"attachment-thumbnail size-thumbnail\" alt=\"\" loading=\"lazy\" srcset=\"https:\/\/franciscanos.org.br\/noticias\/wp-content\/uploads\/2025\/04\/penha_2004_6-300x300.jpg 300w, https:\/\/franciscanos.org.br\/noticias\/wp-content\/uploads\/2025\/04\/penha_2004_6-100x100.jpg 100w\" sizes=\"(max-width: 300px) 100vw, 300px\" \/><\/a>\n\t\t\t<\/dt><\/dl><dl class='gallery-item'>\n\t\t\t<dt class='gallery-icon landscape'>\n\t\t\t\t<a href='https:\/\/franciscanos.org.br\/noticias\/wp-content\/uploads\/2025\/04\/penha_2004_7.jpg'><img width=\"300\" height=\"300\" src=\"https:\/\/franciscanos.org.br\/noticias\/wp-content\/uploads\/2025\/04\/penha_2004_7-300x300.jpg\" class=\"attachment-thumbnail size-thumbnail\" alt=\"\" loading=\"lazy\" srcset=\"https:\/\/franciscanos.org.br\/noticias\/wp-content\/uploads\/2025\/04\/penha_2004_7-300x300.jpg 300w, https:\/\/franciscanos.org.br\/noticias\/wp-content\/uploads\/2025\/04\/penha_2004_7-100x100.jpg 100w\" sizes=\"(max-width: 300px) 100vw, 300px\" \/><\/a>\n\t\t\t<\/dt><\/dl><dl class='gallery-item'>\n\t\t\t<dt class='gallery-icon landscape'>\n\t\t\t\t<a href='https:\/\/franciscanos.org.br\/noticias\/wp-content\/uploads\/2025\/04\/penha_2004_8.jpg'><img width=\"300\" height=\"300\" src=\"https:\/\/franciscanos.org.br\/noticias\/wp-content\/uploads\/2025\/04\/penha_2004_8-300x300.jpg\" class=\"attachment-thumbnail size-thumbnail\" alt=\"\" loading=\"lazy\" srcset=\"https:\/\/franciscanos.org.br\/noticias\/wp-content\/uploads\/2025\/04\/penha_2004_8-300x300.jpg 300w, https:\/\/franciscanos.org.br\/noticias\/wp-content\/uploads\/2025\/04\/penha_2004_8-100x100.jpg 100w\" sizes=\"(max-width: 300px) 100vw, 300px\" \/><\/a>\n\t\t\t<\/dt><\/dl><dl class='gallery-item'>\n\t\t\t<dt class='gallery-icon landscape'>\n\t\t\t\t<a href='https:\/\/franciscanos.org.br\/noticias\/wp-content\/uploads\/2025\/04\/penha_2004_9.jpg'><img width=\"300\" height=\"300\" src=\"https:\/\/franciscanos.org.br\/noticias\/wp-content\/uploads\/2025\/04\/penha_2004_9-300x300.jpg\" class=\"attachment-thumbnail size-thumbnail\" alt=\"\" loading=\"lazy\" srcset=\"https:\/\/franciscanos.org.br\/noticias\/wp-content\/uploads\/2025\/04\/penha_2004_9-300x300.jpg 300w, https:\/\/franciscanos.org.br\/noticias\/wp-content\/uploads\/2025\/04\/penha_2004_9-100x100.jpg 100w\" sizes=\"(max-width: 300px) 100vw, 300px\" \/><\/a>\n\t\t\t<\/dt><\/dl><dl class='gallery-item'>\n\t\t\t<dt class='gallery-icon landscape'>\n\t\t\t\t<a href='https:\/\/franciscanos.org.br\/noticias\/wp-content\/uploads\/2025\/04\/penha_2004_10.jpg'><img width=\"300\" height=\"300\" src=\"https:\/\/franciscanos.org.br\/noticias\/wp-content\/uploads\/2025\/04\/penha_2004_10-300x300.jpg\" class=\"attachment-thumbnail size-thumbnail\" alt=\"\" loading=\"lazy\" srcset=\"https:\/\/franciscanos.org.br\/noticias\/wp-content\/uploads\/2025\/04\/penha_2004_10-300x300.jpg 300w, https:\/\/franciscanos.org.br\/noticias\/wp-content\/uploads\/2025\/04\/penha_2004_10-100x100.jpg 100w\" sizes=\"(max-width: 300px) 100vw, 300px\" \/><\/a>\n\t\t\t<\/dt><\/dl><br style=\"clear: both\" \/>\n\t\t<\/div>\n\n<p style=\"font-weight: 400;\">Em nome do Ministro Provincial, Frei Paulo Roberto Pereira, e dos 380 frades da Prov\u00edncia da Imaculada Concei\u00e7\u00e3o do Brasil, Frei Gustavo dirigiu uma ora\u00e7\u00e3o de gratid\u00e3o a Nossa Senhora da Penha, pelas b\u00ean\u00e7\u00e3os generosas derramadas sobre a entidade em seus 350 anos de Hist\u00f3ria, a se completar no dia 15 de julho deste ano. E tamb\u00e9m agradeceu pelo empenho e carinho da \u00c1rea Pastoral de Vila Velha em preparar a liturgia. Ao final, um grupo de meninas ofereceu uma bela homenagem a Nossa Senhora da Penha, com dan\u00e7as e rosas, ao som da can\u00e7\u00e3o \u201cM\u00e3e da Penha\u201d. A novidade deste ano foi a retransmiss\u00e3o na \u00edntegra do Oitav\u00e1rio pela TV Sudoeste, da Funda\u00e7\u00e3o Cultural Celinauta, de Pato Branco, PR.<\/p>\n<p style=\"font-weight: 400;\"><strong>Nossa Senhora da Penha iluminada em Cariacica, Serra e Vila Velha<\/strong><\/p>\n<p style=\"font-weight: 400;\">Como tradi\u00e7\u00e3o que est\u00e1 aos poucos se consolidando. Tr\u00eas imagens luminosas gigantes de Nossa Senhora da Penha, com 14 metros cada, foram acesas simultaneamente \u00e0s 19h na Nova Orla da Cariacica, no Parque da Cidade, na Serra, e na Praia da Costa, em Vila Velha. Nos tr\u00eas pontos os frades se fizeram presentes, aben\u00e7oando o povo e celebrando o brilho e a luz de Nossa Senhora das Alegrias, que ilumina e aquece o cora\u00e7\u00e3o do povo capixaba. Frei Pedro Oliveira, frade que viveu por seis anos no Convento da Penha e \u00e9 natural de Cariacica, participou do acendimento em sua terra natal e manifestou emo\u00e7\u00e3o e contentamento. Outros pontos fortes do primeiro dia da Festa da Penha foram a Corrida da Penha, que come\u00e7ou nas primeiras horas da manh\u00e3 e a retomada da Romaria do Cavaleiros, que contou com a b\u00ean\u00e7\u00e3o e a acolhida do decano da Fraternidade do Convento, Frei Pedro Engel. A programa\u00e7\u00e3o da Festa segue nesta ter\u00e7a-feira. A novidade ser\u00e1 a Visita da Imagem Peregrina de Nossa Senhora da Penha \u00e0s localidades de Flexal I e II, em Cariacica, com celebra\u00e7\u00e3o \u00e0s 7h30 na Matriz da Par\u00f3quia Nossa Senhora da Penha.<\/p>\n<hr \/>\n<p><strong>Equipe de comunica\u00e7\u00e3o da Festa da Penha:<\/strong><br \/>\n<em>Frei Augusto Luiz Gabriel, Frei Gustavo Medella, Frei Roger Strapazzon<\/em><\/p>\n\n\t\t<style type=\"text\/css\">\n\t\t\t#gallery-3 {\n\t\t\t\tmargin: auto;\n\t\t\t}\n\t\t\t#gallery-3 .gallery-item {\n\t\t\t\tfloat: left;\n\t\t\t\tmargin-top: 10px;\n\t\t\t\ttext-align: center;\n\t\t\t\twidth: 33%;\n\t\t\t}\n\t\t\t#gallery-3 img {\n\t\t\t\tborder: 2px solid #cfcfcf;\n\t\t\t}\n\t\t\t#gallery-3 .gallery-caption {\n\t\t\t\tmargin-left: 0;\n\t\t\t}\n\t\t\t\/* see gallery_shortcode() in wp-includes\/media.php *\/\n\t\t<\/style>\n\t\t<div id='gallery-3' class='gallery galleryid-256138 gallery-columns-3 gallery-size-thumbnail'><dl class='gallery-item'>\n\t\t\t<dt class='gallery-icon portrait'>\n\t\t\t\t<a href='https:\/\/franciscanos.org.br\/noticias\/wp-content\/uploads\/2025\/04\/penha_2004_14_danilo_lucca.jpg'><img width=\"300\" height=\"300\" src=\"https:\/\/franciscanos.org.br\/noticias\/wp-content\/uploads\/2025\/04\/penha_2004_14_danilo_lucca-300x300.jpg\" class=\"attachment-thumbnail size-thumbnail\" alt=\"\" loading=\"lazy\" aria-describedby=\"gallery-3-256159\" srcset=\"https:\/\/franciscanos.org.br\/noticias\/wp-content\/uploads\/2025\/04\/penha_2004_14_danilo_lucca-300x300.jpg 300w, https:\/\/franciscanos.org.br\/noticias\/wp-content\/uploads\/2025\/04\/penha_2004_14_danilo_lucca-100x100.jpg 100w\" sizes=\"(max-width: 300px) 100vw, 300px\" \/><\/a>\n\t\t\t<\/dt>\n\t\t\t\t<dd class='wp-caption-text gallery-caption' id='gallery-3-256159'>\n\t\t\t\tCr\u00e9ditos: Danilo Lucca\n\t\t\t\t<\/dd><\/dl><dl class='gallery-item'>\n\t\t\t<dt class='gallery-icon landscape'>\n\t\t\t\t<a href='https:\/\/franciscanos.org.br\/noticias\/wp-content\/uploads\/2025\/04\/penha_2004_13_fernando_madeira.jpg'><img width=\"300\" height=\"300\" src=\"https:\/\/franciscanos.org.br\/noticias\/wp-content\/uploads\/2025\/04\/penha_2004_13_fernando_madeira-300x300.jpg\" class=\"attachment-thumbnail size-thumbnail\" alt=\"\" loading=\"lazy\" aria-describedby=\"gallery-3-256158\" srcset=\"https:\/\/franciscanos.org.br\/noticias\/wp-content\/uploads\/2025\/04\/penha_2004_13_fernando_madeira-300x300.jpg 300w, https:\/\/franciscanos.org.br\/noticias\/wp-content\/uploads\/2025\/04\/penha_2004_13_fernando_madeira-100x100.jpg 100w\" sizes=\"(max-width: 300px) 100vw, 300px\" \/><\/a>\n\t\t\t<\/dt>\n\t\t\t\t<dd class='wp-caption-text gallery-caption' id='gallery-3-256158'>\n\t\t\t\tCr\u00e9ditos: Fernando Madeira\n\t\t\t\t<\/dd><\/dl><dl class='gallery-item'>\n\t\t\t<dt class='gallery-icon landscape'>\n\t\t\t\t<a href='https:\/\/franciscanos.org.br\/noticias\/wp-content\/uploads\/2025\/04\/penha_2004_5.jpg'><img width=\"300\" height=\"300\" src=\"https:\/\/franciscanos.org.br\/noticias\/wp-content\/uploads\/2025\/04\/penha_2004_5-300x300.jpg\" class=\"attachment-thumbnail size-thumbnail\" alt=\"\" loading=\"lazy\" srcset=\"https:\/\/franciscanos.org.br\/noticias\/wp-content\/uploads\/2025\/04\/penha_2004_5-300x300.jpg 300w, https:\/\/franciscanos.org.br\/noticias\/wp-content\/uploads\/2025\/04\/penha_2004_5-100x100.jpg 100w\" sizes=\"(max-width: 300px) 100vw, 300px\" \/><\/a>\n\t\t\t<\/dt><\/dl><br style=\"clear: both\" \/><dl class='gallery-item'>\n\t\t\t<dt class='gallery-icon landscape'>\n\t\t\t\t<a href='https:\/\/franciscanos.org.br\/noticias\/wp-content\/uploads\/2025\/04\/penha_2004_11.jpg'><img width=\"300\" height=\"300\" src=\"https:\/\/franciscanos.org.br\/noticias\/wp-content\/uploads\/2025\/04\/penha_2004_11-300x300.jpg\" class=\"attachment-thumbnail size-thumbnail\" alt=\"\" loading=\"lazy\" srcset=\"https:\/\/franciscanos.org.br\/noticias\/wp-content\/uploads\/2025\/04\/penha_2004_11-300x300.jpg 300w, https:\/\/franciscanos.org.br\/noticias\/wp-content\/uploads\/2025\/04\/penha_2004_11-100x100.jpg 100w\" sizes=\"(max-width: 300px) 100vw, 300px\" \/><\/a>\n\t\t\t<\/dt><\/dl><dl class='gallery-item'>\n\t\t\t<dt class='gallery-icon landscape'>\n\t\t\t\t<a href='https:\/\/franciscanos.org.br\/noticias\/wp-content\/uploads\/2025\/04\/penha_2004_12.jpg'><img width=\"300\" height=\"300\" src=\"https:\/\/franciscanos.org.br\/noticias\/wp-content\/uploads\/2025\/04\/penha_2004_12-300x300.jpg\" class=\"attachment-thumbnail size-thumbnail\" alt=\"\" loading=\"lazy\" srcset=\"https:\/\/franciscanos.org.br\/noticias\/wp-content\/uploads\/2025\/04\/penha_2004_12-300x300.jpg 300w, https:\/\/franciscanos.org.br\/noticias\/wp-content\/uploads\/2025\/04\/penha_2004_12-100x100.jpg 100w\" sizes=\"(max-width: 300px) 100vw, 300px\" \/><\/a>\n\t\t\t<\/dt><\/dl><dl class='gallery-item'>\n\t\t\t<dt class='gallery-icon portrait'>\n\t\t\t\t<a href='https:\/\/franciscanos.org.br\/noticias\/wp-content\/uploads\/2025\/04\/penha_2004_15.jpg'><img width=\"300\" height=\"300\" src=\"https:\/\/franciscanos.org.br\/noticias\/wp-content\/uploads\/2025\/04\/penha_2004_15-300x300.jpg\" class=\"attachment-thumbnail size-thumbnail\" alt=\"\" loading=\"lazy\" srcset=\"https:\/\/franciscanos.org.br\/noticias\/wp-content\/uploads\/2025\/04\/penha_2004_15-300x300.jpg 300w, https:\/\/franciscanos.org.br\/noticias\/wp-content\/uploads\/2025\/04\/penha_2004_15-100x100.jpg 100w\" sizes=\"(max-width: 300px) 100vw, 300px\" \/><\/a>\n\t\t\t<\/dt><\/dl><br style=\"clear: both\" \/>\n\t\t<\/div>\n\n<hr \/>\n<p><iframe loading=\"lazy\" title=\"YouTube video player\" src=\"https:\/\/www.youtube.com\/embed\/kH0W3JxdIb0?si=tc2MEdTdBBRpwePt\" width=\"100%\" height=\"480\" frameborder=\"0\" allowfullscreen=\"allowfullscreen\"><span data-mce-type=\"bookmark\" style=\"display: inline-block; width: 0px; overflow: hidden; line-height: 0;\" class=\"mce_SELRES_start\">\ufeff<\/span><\/iframe><\/p>\n<div style=\"width: 720px;\" class=\"wp-video\"><!--[if lt IE 9]><script>document.createElement('video');<\/script><![endif]-->\n<video class=\"wp-video-shortcode\" id=\"video-256138-1\" width=\"720\" height=\"1280\" poster=\"https:\/\/franciscanos.org.br\/noticias\/wp-content\/uploads\/2025\/04\/penha_2004_15.jpg\" preload=\"metadata\" controls=\"controls\"><source type=\"video\/mp4\" src=\"https:\/\/franciscanos.org.br\/noticias\/wp-content\/uploads\/2025\/04\/1o-Dia.mp4?_=1\" \/><a href=\"https:\/\/franciscanos.org.br\/noticias\/wp-content\/uploads\/2025\/04\/1o-Dia.mp4\">https:\/\/franciscanos.org.br\/noticias\/wp-content\/uploads\/2025\/04\/1o-Dia.mp4<\/a><\/video><\/div>\n","protected":false},"excerpt":{"rendered":"<p>Festa da Penha 2025<\/p>\n","protected":false},"author":5,"featured_media":256144,"comment_status":"open","ping_status":"open","sticky":false,"template":"","format":"standard","meta":[],"categories":[1],"tags":[2293],"acf":[],"yoast_head":"<!-- This site is optimized with the Yoast SEO plugin v19.2 - https:\/\/yoast.com\/wordpress\/plugins\/seo\/ -->\n<title>Campinho lotado de \u201ctecel\u00e3es\u201d da esperan\u00e7a no primeiro dia do Oitav\u00e1rio - Not\u00edcias - Franciscanos<\/title>\n<meta name=\"robots\" content=\"index, follow, max-snippet:-1, max-image-preview:large, max-video-preview:-1\" \/>\n<link rel=\"canonical\" href=\"https:\/\/franciscanos.org.br\/noticias\/campinho-lotado-de-tecelaes-da-esperanca-no-primeiro-dia-do-oitavario.html\" \/>\n<meta property=\"og:locale\" content=\"pt_BR\" \/>\n<meta property=\"og:type\" content=\"article\" \/>\n<meta property=\"og:title\" content=\"Campinho lotado de \u201ctecel\u00e3es\u201d da esperan\u00e7a no primeiro dia do Oitav\u00e1rio - Not\u00edcias - Franciscanos\" \/>\n<meta property=\"og:description\" content=\"Festa da Penha 2025\" \/>\n<meta property=\"og:url\" content=\"https:\/\/franciscanos.org.br\/noticias\/campinho-lotado-de-tecelaes-da-esperanca-no-primeiro-dia-do-oitavario.html\" \/>\n<meta property=\"og:site_name\" content=\"Not\u00edcias - Franciscanos\" \/>\n<meta property=\"article:published_time\" content=\"2025-04-21T03:29:46+00:00\" \/>\n<meta property=\"article:modified_time\" content=\"2025-04-22T03:09:18+00:00\" \/>\n<meta property=\"og:image\" content=\"https:\/\/franciscanos.org.br\/noticias\/wp-content\/uploads\/2025\/04\/PENHA_200425_destaque5.jpg\" \/>\n\t<meta property=\"og:image:width\" content=\"1280\" \/>\n\t<meta property=\"og:image:height\" content=\"720\" \/>\n\t<meta property=\"og:image:type\" content=\"image\/jpeg\" \/>\n<meta name=\"author\" content=\"freiaugusto\" \/>\n<meta name=\"twitter:card\" content=\"summary_large_image\" \/>\n<meta name=\"twitter:label1\" content=\"Escrito por\" \/>\n\t<meta name=\"twitter:data1\" content=\"freiaugusto\" \/>\n\t<meta name=\"twitter:label2\" content=\"Est. tempo de leitura\" \/>\n\t<meta name=\"twitter:data2\" content=\"9 minutos\" \/>\n<script type=\"application\/ld+json\" class=\"yoast-schema-graph\">{\"@context\":\"https:\/\/schema.org\",\"@graph\":[{\"@type\":\"WebSite\",\"@id\":\"https:\/\/franciscanos.org.br\/noticias\/#website\",\"url\":\"https:\/\/franciscanos.org.br\/noticias\/\",\"name\":\"Not\u00edcias - Franciscanos\",\"description\":\"Prov\u00edncia Franciscana da Imaculada Concei\u00e7\u00e3o do Brasil - Ordem dos Frades Menores - OFM\",\"potentialAction\":[{\"@type\":\"SearchAction\",\"target\":{\"@type\":\"EntryPoint\",\"urlTemplate\":\"https:\/\/franciscanos.org.br\/noticias\/?s={search_term_string}\"},\"query-input\":\"required name=search_term_string\"}],\"inLanguage\":\"pt-BR\"},{\"@type\":\"ImageObject\",\"inLanguage\":\"pt-BR\",\"@id\":\"https:\/\/franciscanos.org.br\/noticias\/campinho-lotado-de-tecelaes-da-esperanca-no-primeiro-dia-do-oitavario.html#primaryimage\",\"url\":\"https:\/\/franciscanos.org.br\/noticias\/wp-content\/uploads\/2025\/04\/PENHA_200425_destaque5.jpg\",\"contentUrl\":\"https:\/\/franciscanos.org.br\/noticias\/wp-content\/uploads\/2025\/04\/PENHA_200425_destaque5.jpg\",\"width\":1280,\"height\":720},{\"@type\":\"WebPage\",\"@id\":\"https:\/\/franciscanos.org.br\/noticias\/campinho-lotado-de-tecelaes-da-esperanca-no-primeiro-dia-do-oitavario.html#webpage\",\"url\":\"https:\/\/franciscanos.org.br\/noticias\/campinho-lotado-de-tecelaes-da-esperanca-no-primeiro-dia-do-oitavario.html\",\"name\":\"Campinho lotado de \u201ctecel\u00e3es\u201d da esperan\u00e7a no primeiro dia do Oitav\u00e1rio - Not\u00edcias - Franciscanos\",\"isPartOf\":{\"@id\":\"https:\/\/franciscanos.org.br\/noticias\/#website\"},\"primaryImageOfPage\":{\"@id\":\"https:\/\/franciscanos.org.br\/noticias\/campinho-lotado-de-tecelaes-da-esperanca-no-primeiro-dia-do-oitavario.html#primaryimage\"},\"datePublished\":\"2025-04-21T03:29:46+00:00\",\"dateModified\":\"2025-04-22T03:09:18+00:00\",\"author\":{\"@id\":\"https:\/\/franciscanos.org.br\/noticias\/#\/schema\/person\/37f88f0d111cd5358b12a6556a99eb91\"},\"breadcrumb\":{\"@id\":\"https:\/\/franciscanos.org.br\/noticias\/campinho-lotado-de-tecelaes-da-esperanca-no-primeiro-dia-do-oitavario.html#breadcrumb\"},\"inLanguage\":\"pt-BR\",\"potentialAction\":[{\"@type\":\"ReadAction\",\"target\":[\"https:\/\/franciscanos.org.br\/noticias\/campinho-lotado-de-tecelaes-da-esperanca-no-primeiro-dia-do-oitavario.html\"]}]},{\"@type\":\"BreadcrumbList\",\"@id\":\"https:\/\/franciscanos.org.br\/noticias\/campinho-lotado-de-tecelaes-da-esperanca-no-primeiro-dia-do-oitavario.html#breadcrumb\",\"itemListElement\":[{\"@type\":\"ListItem\",\"position\":1,\"name\":\"Home\",\"item\":\"https:\/\/franciscanos.org.br\/noticias\"},{\"@type\":\"ListItem\",\"position\":2,\"name\":\"Campinho lotado de \u201ctecel\u00e3es\u201d da esperan\u00e7a no primeiro dia do Oitav\u00e1rio\"}]},{\"@type\":\"Person\",\"@id\":\"https:\/\/franciscanos.org.br\/noticias\/#\/schema\/person\/37f88f0d111cd5358b12a6556a99eb91\",\"name\":\"freiaugusto\",\"image\":{\"@type\":\"ImageObject\",\"inLanguage\":\"pt-BR\",\"@id\":\"https:\/\/franciscanos.org.br\/noticias\/#\/schema\/person\/image\/\",\"url\":\"https:\/\/secure.gravatar.com\/avatar\/9840b940e621801b24f3e6b059efb4b7?s=96&d=mm&r=g\",\"contentUrl\":\"https:\/\/secure.gravatar.com\/avatar\/9840b940e621801b24f3e6b059efb4b7?s=96&d=mm&r=g\",\"caption\":\"freiaugusto\"},\"url\":\"https:\/\/franciscanos.org.br\/noticias\/author\/freiaugusto\"}]}<\/script>\n<!-- \/ Yoast SEO plugin. -->","yoast_head_json":{"title":"Campinho lotado de \u201ctecel\u00e3es\u201d da esperan\u00e7a no primeiro dia do Oitav\u00e1rio - Not\u00edcias - Franciscanos","robots":{"index":"index","follow":"follow","max-snippet":"max-snippet:-1","max-image-preview":"max-image-preview:large","max-video-preview":"max-video-preview:-1"},"canonical":"https:\/\/franciscanos.org.br\/noticias\/campinho-lotado-de-tecelaes-da-esperanca-no-primeiro-dia-do-oitavario.html","og_locale":"pt_BR","og_type":"article","og_title":"Campinho lotado de \u201ctecel\u00e3es\u201d da esperan\u00e7a no primeiro dia do Oitav\u00e1rio - Not\u00edcias - Franciscanos","og_description":"Festa da Penha 2025","og_url":"https:\/\/franciscanos.org.br\/noticias\/campinho-lotado-de-tecelaes-da-esperanca-no-primeiro-dia-do-oitavario.html","og_site_name":"Not\u00edcias - Franciscanos","article_published_time":"2025-04-21T03:29:46+00:00","article_modified_time":"2025-04-22T03:09:18+00:00","og_image":[{"width":1280,"height":720,"url":"https:\/\/franciscanos.org.br\/noticias\/wp-content\/uploads\/2025\/04\/PENHA_200425_destaque5.jpg","type":"image\/jpeg"}],"author":"freiaugusto","twitter_card":"summary_large_image","twitter_misc":{"Escrito por":"freiaugusto","Est. tempo de leitura":"9 minutos"},"schema":{"@context":"https:\/\/schema.org","@graph":[{"@type":"WebSite","@id":"https:\/\/franciscanos.org.br\/noticias\/#website","url":"https:\/\/franciscanos.org.br\/noticias\/","name":"Not\u00edcias - Franciscanos","description":"Prov\u00edncia Franciscana da Imaculada Concei\u00e7\u00e3o do Brasil - Ordem dos Frades Menores - OFM","potentialAction":[{"@type":"SearchAction","target":{"@type":"EntryPoint","urlTemplate":"https:\/\/franciscanos.org.br\/noticias\/?s={search_term_string}"},"query-input":"required name=search_term_string"}],"inLanguage":"pt-BR"},{"@type":"ImageObject","inLanguage":"pt-BR","@id":"https:\/\/franciscanos.org.br\/noticias\/campinho-lotado-de-tecelaes-da-esperanca-no-primeiro-dia-do-oitavario.html#primaryimage","url":"https:\/\/franciscanos.org.br\/noticias\/wp-content\/uploads\/2025\/04\/PENHA_200425_destaque5.jpg","contentUrl":"https:\/\/franciscanos.org.br\/noticias\/wp-content\/uploads\/2025\/04\/PENHA_200425_destaque5.jpg","width":1280,"height":720},{"@type":"WebPage","@id":"https:\/\/franciscanos.org.br\/noticias\/campinho-lotado-de-tecelaes-da-esperanca-no-primeiro-dia-do-oitavario.html#webpage","url":"https:\/\/franciscanos.org.br\/noticias\/campinho-lotado-de-tecelaes-da-esperanca-no-primeiro-dia-do-oitavario.html","name":"Campinho lotado de \u201ctecel\u00e3es\u201d da esperan\u00e7a no primeiro dia do Oitav\u00e1rio - Not\u00edcias - Franciscanos","isPartOf":{"@id":"https:\/\/franciscanos.org.br\/noticias\/#website"},"primaryImageOfPage":{"@id":"https:\/\/franciscanos.org.br\/noticias\/campinho-lotado-de-tecelaes-da-esperanca-no-primeiro-dia-do-oitavario.html#primaryimage"},"datePublished":"2025-04-21T03:29:46+00:00","dateModified":"2025-04-22T03:09:18+00:00","author":{"@id":"https:\/\/franciscanos.org.br\/noticias\/#\/schema\/person\/37f88f0d111cd5358b12a6556a99eb91"},"breadcrumb":{"@id":"https:\/\/franciscanos.org.br\/noticias\/campinho-lotado-de-tecelaes-da-esperanca-no-primeiro-dia-do-oitavario.html#breadcrumb"},"inLanguage":"pt-BR","potentialAction":[{"@type":"ReadAction","target":["https:\/\/franciscanos.org.br\/noticias\/campinho-lotado-de-tecelaes-da-esperanca-no-primeiro-dia-do-oitavario.html"]}]},{"@type":"BreadcrumbList","@id":"https:\/\/franciscanos.org.br\/noticias\/campinho-lotado-de-tecelaes-da-esperanca-no-primeiro-dia-do-oitavario.html#breadcrumb","itemListElement":[{"@type":"ListItem","position":1,"name":"Home","item":"https:\/\/franciscanos.org.br\/noticias"},{"@type":"ListItem","position":2,"name":"Campinho lotado de \u201ctecel\u00e3es\u201d da esperan\u00e7a no primeiro dia do Oitav\u00e1rio"}]},{"@type":"Person","@id":"https:\/\/franciscanos.org.br\/noticias\/#\/schema\/person\/37f88f0d111cd5358b12a6556a99eb91","name":"freiaugusto","image":{"@type":"ImageObject","inLanguage":"pt-BR","@id":"https:\/\/franciscanos.org.br\/noticias\/#\/schema\/person\/image\/","url":"https:\/\/secure.gravatar.com\/avatar\/9840b940e621801b24f3e6b059efb4b7?s=96&d=mm&r=g","contentUrl":"https:\/\/secure.gravatar.com\/avatar\/9840b940e621801b24f3e6b059efb4b7?s=96&d=mm&r=g","caption":"freiaugusto"},"url":"https:\/\/franciscanos.org.br\/noticias\/author\/freiaugusto"}]}},"_links":{"self":[{"href":"https:\/\/franciscanos.org.br\/noticias\/wp-json\/wp\/v2\/posts\/256138"}],"collection":[{"href":"https:\/\/franciscanos.org.br\/noticias\/wp-json\/wp\/v2\/posts"}],"about":[{"href":"https:\/\/franciscanos.org.br\/noticias\/wp-json\/wp\/v2\/types\/post"}],"author":[{"embeddable":true,"href":"https:\/\/franciscanos.org.br\/noticias\/wp-json\/wp\/v2\/users\/5"}],"replies":[{"embeddable":true,"href":"https:\/\/franciscanos.org.br\/noticias\/wp-json\/wp\/v2\/comments?post=256138"}],"version-history":[{"count":8,"href":"https:\/\/franciscanos.org.br\/noticias\/wp-json\/wp\/v2\/posts\/256138\/revisions"}],"predecessor-version":[{"id":257207,"href":"https:\/\/franciscanos.org.br\/noticias\/wp-json\/wp\/v2\/posts\/256138\/revisions\/257207"}],"wp:featuredmedia":[{"embeddable":true,"href":"https:\/\/franciscanos.org.br\/noticias\/wp-json\/wp\/v2\/media\/256144"}],"wp:attachment":[{"href":"https:\/\/franciscanos.org.br\/noticias\/wp-json\/wp\/v2\/media?parent=256138"}],"wp:term":[{"taxonomy":"category","embeddable":true,"href":"https:\/\/franciscanos.org.br\/noticias\/wp-json\/wp\/v2\/categories?post=256138"},{"taxonomy":"post_tag","embeddable":true,"href":"https:\/\/franciscanos.org.br\/noticias\/wp-json\/wp\/v2\/tags?post=256138"}],"curies":[{"name":"wp","href":"https:\/\/api.w.org\/{rel}","templated":true}]}}