{"id":256122,"date":"2025-04-18T10:49:26","date_gmt":"2025-04-18T13:49:26","guid":{"rendered":"https:\/\/franciscanos.org.br\/noticias\/?p=256122"},"modified":"2025-04-22T00:09:34","modified_gmt":"2025-04-22T03:09:34","slug":"programacao-oficial-da-festa-da-penha-2025","status":"publish","type":"post","link":"https:\/\/franciscanos.org.br\/noticias\/programacao-oficial-da-festa-da-penha-2025.html","title":{"rendered":"Programa\u00e7\u00e3o Oficial da Festa da Penha 2025"},"content":{"rendered":"<p><img loading=\"lazy\" class=\"aligncenter wp-image-256125 size-full\" src=\"https:\/\/franciscanos.org.br\/noticias\/wp-content\/uploads\/2025\/04\/programacao-oficial.jpg\" alt=\"\" width=\"1280\" height=\"720\" srcset=\"https:\/\/franciscanos.org.br\/noticias\/wp-content\/uploads\/2025\/04\/programacao-oficial.jpg 1280w, https:\/\/franciscanos.org.br\/noticias\/wp-content\/uploads\/2025\/04\/programacao-oficial-450x253.jpg 450w, https:\/\/franciscanos.org.br\/noticias\/wp-content\/uploads\/2025\/04\/programacao-oficial-1024x576.jpg 1024w, https:\/\/franciscanos.org.br\/noticias\/wp-content\/uploads\/2025\/04\/programacao-oficial-768x432.jpg 768w, https:\/\/franciscanos.org.br\/noticias\/wp-content\/uploads\/2025\/04\/programacao-oficial-150x84.jpg 150w\" sizes=\"(max-width: 1280px) 100vw, 1280px\" \/><\/p>\n<p style=\"font-weight: 400;\">Ao longo dos nove dias de celebra\u00e7\u00e3o em homenagem \u00e0 Padroeira do Esp\u00edrito Santo, est\u00e3o previstas mais de 50 missas e 14 romarias. A estimativa \u00e9 reunir milhares de fi\u00e9is entre 20 e 28 de abril no maior evento religioso do Estado e terceiro maior do Brasil.<\/p>\n<p style=\"font-weight: 400;\">A programa\u00e7\u00e3o contar\u00e1 com uma acolhida feita pelos frades franciscanos e a ora\u00e7\u00e3o da Coroa Franciscana das Sete Alegrias de Nossa Senhora, al\u00e9m do Devocional Oitav\u00e1rio.<\/p>\n<p style=\"font-weight: 400;\">Outra novidade \u00e9 que, na ter\u00e7a-feira, haver\u00e1 a recita\u00e7\u00e3o do ter\u00e7o no Campinho do Convento. Al\u00e9m disso, a Festa da Penha ter\u00e1 a celebra\u00e7\u00e3o \u00e0 noite. Tradicionalmente realizado \u00e0s 15h no Campinho do Convento, o Devocional agora ocorrer\u00e1 tamb\u00e9m \u00e0s 19h, permitindo a participa\u00e7\u00e3o daqueles que n\u00e3o podem comparecer \u00e0 tarde.<\/p>\n<p style=\"font-weight: 400;\"><strong>20 DE ABRIL (DOMINGO DE P\u00c1SCOA) &#8211; 1\u00ba DIA DO OITAV\u00c1RIO<\/strong><\/p>\n<p style=\"font-weight: 400;\"><strong>TEMA DO DIA: Com Maria, peregrinos do amor<\/strong><\/p>\n<p style=\"font-weight: 400;\">5h e 7h \u2013 Missas na Capela do Convento<\/p>\n<p style=\"font-weight: 400;\">7h30 \u2013 Corrida da Penha &#8211; In\u00edcio na Pra\u00e7a do Ciclista x Parque da Prainha<\/p>\n<p style=\"font-weight: 400;\">9h e 11h \u2013 Missas no Campinho do Convento<\/p>\n<p style=\"font-weight: 400;\">14h &#8211; Acolhida com os frades franciscanos e ora\u00e7\u00e3o da Coroa Franciscana das Sete Alegrias de Nossa Senhora &#8211; Campinho do Convento &#8211; transmiss\u00e3o ao vivo (tvs, r\u00e1dios, internet)<\/p>\n<p style=\"font-weight: 400;\">15h \u2013 Devocional &#8211; Campinho do Convento &#8211; transmiss\u00e3o ao vivo (tvs, r\u00e1dios, internet)<\/p>\n<p style=\"font-weight: 400;\">16h \u2013 Missa de abertura da Festa da Penha no Campinho do Convento &#8211; transmiss\u00e3o ao vivo (TVE Canal 2.2, tvs, r\u00e1dios, internet). \u00c1rea pastoral: Vila Velha<\/p>\n<p style=\"font-weight: 400;\">17h \u2013 Romaria dos Cavaleiros \u2013 concentra\u00e7\u00e3o na Avenida Carlos Lindemberg (viaduto Alfredo Copolilo) e \u00e0s 18h \u2013 sa\u00edda em dire\u00e7\u00e3o ao Parque da Prainha \u2013 Realiza\u00e7\u00e3o: Comitiva Pai &amp; Filho<\/p>\n<p style=\"font-weight: 400;\">19h \u2013 Acendimento da imagem iluminada em Vila Velha &#8211; Areia da Praia da Costa em Vila Velha \u2013 Dire\u00e7\u00e3o da Avenida Champagnat<\/p>\n<p style=\"font-weight: 400;\">19h \u2013 Acendimento da imagem iluminada em Cariacica \u2013 Nova Orla de Cariacica<\/p>\n<p style=\"font-weight: 400;\">19h \u2013 Acendimento da imagem iluminada em Serra \u2013 Parque da Cidade<\/p>\n<p style=\"font-weight: 400;\"><strong>21 DE ABRIL (SEGUNDA-FEIRA) \u2013 2\u00ba DIA DO OITAV\u00c1RIO<\/strong><\/p>\n<p style=\"font-weight: 400;\"><strong>TEMA DO DIA: Com Maria, peregrinos da caridade<\/strong><\/p>\n<p style=\"font-weight: 400;\">7h, 9h e 11h \u2013 Missas na Capela do Convento<\/p>\n<p style=\"font-weight: 400;\">14h &#8211; Acolhida com os frades franciscanos e ora\u00e7\u00e3o da Coroa Franciscana das Sete Alegrias de Nossa Senhora &#8211; Campinho do Convento &#8211; transmiss\u00e3o ao vivo (tvs, r\u00e1dios, internet)<\/p>\n<p style=\"font-weight: 400;\">15h \u2013 Devocional &#8211; Campinho do Convento &#8211; transmiss\u00e3o ao vivo (tvs, r\u00e1dios, internet)<\/p>\n<p style=\"font-weight: 400;\">16h \u2013 Missa 2\u00ba dia do Oitav\u00e1rio no Campinho do Convento &#8211; transmiss\u00e3o ao vivo (TVE Canal 2.2, tvs, r\u00e1dios, internet). \u00c1rea pastoral: Serrana<\/p>\n<p style=\"font-weight: 400;\">19h \u2013 Devocional &#8211; Campinho do Convento &#8211; transmiss\u00e3o ao vivo (tvs, r\u00e1dios, internet)<\/p>\n<p style=\"font-weight: 400;\">19h30 &#8211; B\u00ean\u00e7\u00e3o para os Casais no Campinho do Convento, com Eliana e Ricardo S\u00e1 e Padre \u00c9der Hoffman &#8211; transmiss\u00e3o ao vivo (tvs, r\u00e1dios, internet)<\/p>\n<p style=\"font-weight: 400;\"><strong>22 DE ABRIL (TER\u00c7A-FEIRA) \u2013 3\u00ba DIA DO OITAV\u00c1RIO<\/strong><\/p>\n<p style=\"font-weight: 400;\"><strong>TEMA DO DIA: Com Maria, peregrinos da f\u00e9<\/strong><\/p>\n<p style=\"font-weight: 400;\">7h, 9h e 11h \u2013 Missas na Capela do Convento<\/p>\n<p style=\"font-weight: 400;\">14h &#8211; Acolhida com os frades franciscanos e ora\u00e7\u00e3o da Coroa Franciscana das Sete Alegrias de Nossa Senhora &#8211; Campinho do Convento &#8211; transmiss\u00e3o ao vivo (tvs, r\u00e1dios, internet)<\/p>\n<p style=\"font-weight: 400;\">15h \u2013 Devocional &#8211; Campinho do Convento &#8211; transmiss\u00e3o ao vivo (tvs, r\u00e1dios, internet)<\/p>\n<p style=\"font-weight: 400;\">16h \u2013 Missa 3\u00ba dia do Oitav\u00e1rio no Campinho do Convento &#8211; transmiss\u00e3o ao vivo (TVE Canal 2.2, tvs, r\u00e1dios, internet). \u00c1rea pastoral: Cariacica\/Viana<\/p>\n<p style=\"font-weight: 400;\">19h \u2013 Devocional &#8211; Campinho do Convento &#8211; transmiss\u00e3o ao vivo (tvs, r\u00e1dios, internet)<\/p>\n<p style=\"font-weight: 400;\">19h30 &#8211; Toda Ter\u00e7a Tem Ter\u00e7o com Frei Paulo C\u00e9sar, Frei Jorge L\u00e1zaro e a Fraternidade Franciscana &#8211; transmiss\u00e3o ao vivo (tvs, r\u00e1dios, internet)<\/p>\n<p style=\"font-weight: 400;\"><strong>23 DE ABRIL (QUARTA-FEIRA) &#8211; 4\u00ba DIA DO OITAV\u00c1RIO<\/strong><\/p>\n<p style=\"font-weight: 400;\"><strong>TEMA DO DIA: Com Maria, peregrinos do cuidado<\/strong><\/p>\n<p style=\"font-weight: 400;\">7h, 9h e 11h \u2013 Missas na Capela do Convento<\/p>\n<p style=\"font-weight: 400;\">14h &#8211; Acolhida com os frades franciscanos e ora\u00e7\u00e3o da Coroa Franciscana das Sete Alegrias de Nossa Senhora &#8211; Campinho do Convento &#8211; transmiss\u00e3o ao vivo (tvs, r\u00e1dios, internet)<\/p>\n<p style=\"font-weight: 400;\">15h \u2013 Devocional &#8211; Campinho do Convento &#8211; transmiss\u00e3o ao vivo (tvs, r\u00e1dios, internet)<\/p>\n<p style=\"font-weight: 400;\">16h \u2013 Missa 4\u00ba dia do Oitav\u00e1rio no Campinho do Convento &#8211; transmiss\u00e3o ao vivo (TVE Canal 2.2, tvs, r\u00e1dios, internet). \u00c1rea pastoral: Benevente<\/p>\n<p style=\"font-weight: 400;\">19h \u2013 Devocional &#8211; Campinho do Convento &#8211; transmiss\u00e3o ao vivo (tvs, r\u00e1dios, internet)<\/p>\n<p style=\"font-weight: 400;\">19h30 \u2013 Noite Mariana com Adriana Arydes &#8211; Campinho do Convento &#8211; transmiss\u00e3o ao vivo (tvs, r\u00e1dios, internet)<\/p>\n<p style=\"font-weight: 400;\"><strong>24 DE ABRIL (QUINTA-FEIRA) &#8211; 5\u00ba DIA DO OITAV\u00c1RIO<\/strong><\/p>\n<p style=\"font-weight: 400;\"><strong>TEMA DO DIA: Com Maria, peregrinos da comunica\u00e7\u00e3o do Evangelho<\/strong><\/p>\n<p style=\"font-weight: 400;\">7h, 9h e 11h \u2013 Missas na Capela do Convento<\/p>\n<p style=\"font-weight: 400;\">14h &#8211; Acolhida com os frades franciscanos e ora\u00e7\u00e3o da Coroa Franciscana das Sete Alegrias de Nossa Senhora &#8211; Campinho do Convento &#8211; transmiss\u00e3o ao vivo (tvs, r\u00e1dios, internet)<\/p>\n<p style=\"font-weight: 400;\">15h \u2013 Devocional &#8211; Campinho do Convento &#8211; transmiss\u00e3o ao vivo (tvs, r\u00e1dios, internet)<\/p>\n<p style=\"font-weight: 400;\">16h \u2013 Missa 5\u00ba dia do Oitav\u00e1rio no Campinho do Convento &#8211; transmiss\u00e3o ao vivo (TVE Canal 2.2, tvs, r\u00e1dios, internet). \u00c1rea pastoral: Serra\/Fund\u00e3o<\/p>\n<p style=\"font-weight: 400;\">19h \u2013 Devocional &#8211; Campinho do Convento &#8211; transmiss\u00e3o ao vivo (tvs, r\u00e1dios, internet)<\/p>\n<p style=\"font-weight: 400;\">19h30 &#8211; Ora\u00e7\u00e3o em Can\u00e7\u00e3o com Davidson Silva e Padre Hadeleon Santana &#8211; Campinho do Convento &#8211; transmiss\u00e3o ao vivo (tvs, r\u00e1dios, internet)<\/p>\n<p style=\"font-weight: 400;\"><strong>25 DE ABRIL (SEXTA-FEIRA) &#8211; 6\u00ba DIA DO OITAV\u00c1RIO<\/strong><\/p>\n<p style=\"font-weight: 400;\"><strong>TEMA DO DIA: Com Maria, peregrinos da amizade<\/strong><\/p>\n<p style=\"font-weight: 400;\">7h, 9h e 11h \u2013 Missas na Capela do Convento<\/p>\n<p style=\"font-weight: 400;\">14h \u2013 Romaria dos Militares &#8211; sa\u00edda do port\u00e3o do Convento<\/p>\n<p style=\"font-weight: 400;\">14h &#8211; Acolhida com os frades franciscanos e ora\u00e7\u00e3o da Coroa Franciscana das Sete Alegrias de Nossa Senhora &#8211; Campinho do Convento &#8211; transmiss\u00e3o ao vivo (tvs, r\u00e1dios, internet)<\/p>\n<p style=\"font-weight: 400;\">15h \u2013 Devocional &#8211; Campinho do Convento &#8211; transmiss\u00e3o ao vivo (tvs, r\u00e1dios, internet)<\/p>\n<p style=\"font-weight: 400;\">16h \u2013 Missa 6\u00ba dia do Oitav\u00e1rio no Campinho do Convento &#8211; transmiss\u00e3o ao vivo (TVE Canal 2.2, tvs, r\u00e1dios, internet). \u00c1rea pastoral: Vit\u00f3ria<\/p>\n<p style=\"font-weight: 400;\">19h \u2013 Devocional \u2013 Parque da Prainha &#8211; transmiss\u00e3o ao vivo (tvs, r\u00e1dios, internet)<\/p>\n<p style=\"font-weight: 400;\">19h30 &#8211; Noite Oracional: M\u00e3es que Oram pelos Filhos com Salette Ferreira &#8211; Parque da Prainha &#8211; transmiss\u00e3o ao vivo (tvs, r\u00e1dios, internet)<\/p>\n<p style=\"font-weight: 400;\"><strong>26 DE ABRIL (S\u00c1BADO) &#8211; 7\u00ba DIA DO OITAV\u00c1RIO<\/strong><\/p>\n<p style=\"font-weight: 400;\"><strong>TEMA DO DIA: Com Maria, peregrinos da luz<\/strong><\/p>\n<p style=\"font-weight: 400;\">7h \u2013 Missa na Capela do Convento<\/p>\n<p style=\"font-weight: 400;\">8h \u2013 Romaria das Pessoas com Defici\u00eancia, sa\u00edda do Santu\u00e1rio de Vila Velha at\u00e9 a Igreja do Ros\u00e1rio, na Prainha, onde ser\u00e1 celebrada a Missa<\/p>\n<p style=\"font-weight: 400;\">8h \u2013 Missa com a Romaria da Diocese de S\u00e3o Mateus &#8211; Campinho do Convento &#8211; transmiss\u00e3o ao vivo (tvs, r\u00e1dios, internet)<\/p>\n<p style=\"font-weight: 400;\">10h \u2013 Romaria dos Adolescentes &#8211; sa\u00edda do Parque da Prainha<\/p>\n<p style=\"font-weight: 400;\">11h \u2013 Missa com Adolescentes no Campinho do Convento<\/p>\n<p style=\"font-weight: 400;\">15h \u2013 Devocional &#8211; Campinho do Convento &#8211; transmiss\u00e3o ao vivo (tvs, r\u00e1dios, internet)<\/p>\n<p style=\"font-weight: 400;\">16h \u2013 Missa 7\u00ba dia do Oitav\u00e1rio &#8211; Romaria da Diocese de Cachoeiro de Itapemirim no Campinho do Convento &#8211; transmiss\u00e3o ao vivo (TVE Canal 2.2, tvs, r\u00e1dios, internet)<\/p>\n<p style=\"font-weight: 400;\">18h \u2013 Romaria dos Homens &#8211; Missa de Envio &#8211; Catedral de Vit\u00f3ria &#8211; transmiss\u00e3o ao vivo (TVE, tvs, r\u00e1dios, internet)<\/p>\n<p style=\"font-weight: 400;\">19h \u2013 Romaria dos Homens &#8211; transmiss\u00e3o e apresenta\u00e7\u00e3o e especial Salve M\u00e3e das Alegrias com Laila Magesk, Frei Felipe Carretta, Padre Renato Criste, Coral ArcelorMittal e convidados no Parque da Prainha &#8211; transmiss\u00e3o ao vivo (TVE, tvs, r\u00e1dios, internet)<\/p>\n<p style=\"font-weight: 400;\">23h \u2013 Missa de Encerramento da Romaria dos Homens no Parque da Prainha &#8211; transmiss\u00e3o ao vivo (TVE, tvs, r\u00e1dios, internet)<\/p>\n<p style=\"font-weight: 400;\"><strong>27 DE ABRIL (DOMINGO) &#8211; 8\u00ba DIA DO OITAV\u00c1RIO<\/strong><\/p>\n<p style=\"font-weight: 400;\"><strong>TEMA DO DIA: Com Maria, peregrinos da Esperan\u00e7a<\/strong><\/p>\n<p style=\"font-weight: 400;\">5h e 7h \u2013 Missas na Capela do Convento<\/p>\n<p style=\"font-weight: 400;\">8h \u2013 Remaria, concentra\u00e7\u00e3o \u00e0s 7h30 na Praia do Ribeiro, Praia da Costa<\/p>\n<p style=\"font-weight: 400;\">8h \u2013 Concentra\u00e7\u00e3o Moto Romaria no Parque de exposi\u00e7\u00e3o de Viana. Sa\u00edda \u00e0s 9h em dire\u00e7\u00e3o \u00e0 Prainha \u2013 Realiza\u00e7\u00e3o: Pol\u00edcia Rodovi\u00e1ria Federal<\/p>\n<p style=\"font-weight: 400;\">9h \u2013 Missa com a Romaria da Diocese de Colatina no Campinho do Convento &#8211; transmiss\u00e3o ao vivo (tvs, r\u00e1dios, internet)<\/p>\n<p style=\"font-weight: 400;\">11h \u2013 Missa no Campinho do Convento<\/p>\n<p style=\"font-weight: 400;\">15h \u2013 Especial Salve M\u00e3e das Alegrias com Laila Magesk, Frei Felipe Carretta, Padre Renato Criste e convidados \u2013 no Parque da Prainha &#8211; transmiss\u00e3o ao vivo (tvs, r\u00e1dios, internet)<\/p>\n<p style=\"font-weight: 400;\">15h30 \u2013 Romaria das Mulheres &#8211; sa\u00edda do Santu\u00e1rio de Vila Velha &#8211; transmiss\u00e3o ao vivo (TVE, tvs, r\u00e1dios, internet)<\/p>\n<p style=\"font-weight: 400;\">16h30 \u2013 Devocional &#8211; Parque da Prainha &#8211; transmiss\u00e3o ao vivo (TVE, tvs, r\u00e1dios, internet)<\/p>\n<p style=\"font-weight: 400;\">17h \u2013 Missa de Encerramento da Romaria das Mulheres no Parque da Prainha &#8211; transmiss\u00e3o ao vivo (TVE, tvs, r\u00e1dios, internet)<\/p>\n<p style=\"font-weight: 400;\">19h \u2013 Coro Jovem Vale M\u00fasica canta Clube da Esquina com participa\u00e7\u00e3o de Fl\u00e1vio Venturini, no Parque da Prainha<\/p>\n<p style=\"font-weight: 400;\">22h \u2013 Missa de abertura da Vig\u00edlia Jovem &#8211; Campinho do Convento e logo ap\u00f3s, m\u00fasica e ora\u00e7\u00e3o com participa\u00e7\u00e3o de Nilton Junior<\/p>\n<p style=\"font-weight: 400;\"><strong>28 DE ABRIL (SEGUNDA-FEIRA)<\/strong><\/p>\n<p style=\"font-weight: 400;\"><strong>DIA DA PADROEIRA DO ESP\u00cdRITO SANTO<\/strong><\/p>\n<p style=\"font-weight: 400;\">0h, 1h, 2h, 3h, 4h, 5h, 6h e 9h \u2013 Missas na Capela do Convento<\/p>\n<p style=\"font-weight: 400;\">7h \u2013 Missa CRB e Semin\u00e1rio &#8211; Campinho do Convento &#8211; transmiss\u00e3o ao vivo (tvs, r\u00e1dios, internet)<\/p>\n<p style=\"font-weight: 400;\">7h \u2013 Romaria dos ciclistas de Vit\u00f3ria \u2013 sa\u00edda do Atl\u00e2ntica Parque, no final da orla de Camburi, em Jardim Camburi<\/p>\n<p style=\"font-weight: 400;\">8h \u2013 Romaria dos Conguistas, sa\u00edda do port\u00e3o do Convento em dire\u00e7\u00e3o ao Campinho<\/p>\n<p style=\"font-weight: 400;\">8h \u2013 Romaria dos Ciclistas de Vila Velha \u2013 sa\u00edda em frente \u00e0 pra\u00e7a Sebasti\u00e3o Cibien, em Cobil\u00e2ndia, Vila Velha<\/p>\n<p style=\"font-weight: 400;\">10h \u2013 Missa &#8211; Pastorais Sociais &#8211; Vicariato para A\u00e7\u00e3o Social &#8211; Campinho do Convento &#8211; transmiss\u00e3o ao vivo (tvs, r\u00e1dios, internet)<\/p>\n<p style=\"font-weight: 400;\">12h \u2013 Missa no Campinho do Convento<\/p>\n<p style=\"font-weight: 400;\">14h \u2013 Programa Especial Salve M\u00e3e das Alegrias com Laila Magesk, Frei Felipe Carretta, Padre Renato Criste e convidados no Parque da Prainha &#8211; transmiss\u00e3o ao vivo (tvs, r\u00e1dios, internet)<\/p>\n<p style=\"font-weight: 400;\">16h \u2013 Missa de encerramento da Festa da Penha no Parque da Prainha &#8211; transmitida pela TV Gazeta<\/p>\n<p style=\"font-weight: 400;\">18h30 \u2013 Show de encerramento da Festa da Penha com Padre Reginaldo Manzotti \u2013 Parque da Prainha<\/p>\n<p style=\"font-weight: 400;\">Ap\u00f3s o show de encerramento &#8211; despedida da Imagem de Nossa Senhora da Penha &#8211; os fi\u00e9is poder\u00e3o acompanhar at\u00e9 o port\u00e3o do Convento, onde haver\u00e1 b\u00ean\u00e7\u00e3o final e os freis subir\u00e3o com a imagem.<\/p>\n<hr \/>\n<p><strong>Equipe de comunica\u00e7\u00e3o da Festa da Penha:<\/strong><br \/>\n<em>Frei Augusto Luiz Gabriel, Frei Gustavo Medella, Frei Roger Strapazzon<\/em><\/p>\n","protected":false},"excerpt":{"rendered":"<p>Festa da Penha 2025<\/p>\n","protected":false},"author":5,"featured_media":256124,"comment_status":"open","ping_status":"open","sticky":false,"template":"","format":"standard","meta":[],"categories":[1],"tags":[2293],"acf":[],"yoast_head":"<!-- This site is optimized with the Yoast SEO plugin v19.2 - https:\/\/yoast.com\/wordpress\/plugins\/seo\/ -->\n<title>Programa\u00e7\u00e3o Oficial da Festa da Penha 2025 - Not\u00edcias - Franciscanos<\/title>\n<meta name=\"robots\" content=\"index, follow, max-snippet:-1, max-image-preview:large, max-video-preview:-1\" \/>\n<link rel=\"canonical\" href=\"https:\/\/franciscanos.org.br\/noticias\/programacao-oficial-da-festa-da-penha-2025.html\" \/>\n<meta property=\"og:locale\" content=\"pt_BR\" \/>\n<meta property=\"og:type\" content=\"article\" \/>\n<meta property=\"og:title\" content=\"Programa\u00e7\u00e3o Oficial da Festa da Penha 2025 - Not\u00edcias - Franciscanos\" \/>\n<meta property=\"og:description\" content=\"Festa da Penha 2025\" \/>\n<meta property=\"og:url\" content=\"https:\/\/franciscanos.org.br\/noticias\/programacao-oficial-da-festa-da-penha-2025.html\" \/>\n<meta property=\"og:site_name\" content=\"Not\u00edcias - Franciscanos\" \/>\n<meta property=\"article:published_time\" content=\"2025-04-18T13:49:26+00:00\" \/>\n<meta property=\"article:modified_time\" content=\"2025-04-22T03:09:34+00:00\" \/>\n<meta property=\"og:image\" content=\"https:\/\/franciscanos.org.br\/noticias\/wp-content\/uploads\/2025\/04\/programacao-oficial-1.jpg\" \/>\n\t<meta property=\"og:image:width\" content=\"800\" \/>\n\t<meta property=\"og:image:height\" content=\"550\" \/>\n\t<meta property=\"og:image:type\" content=\"image\/jpeg\" \/>\n<meta name=\"author\" content=\"freiaugusto\" \/>\n<meta name=\"twitter:card\" content=\"summary_large_image\" \/>\n<meta name=\"twitter:label1\" content=\"Escrito por\" \/>\n\t<meta name=\"twitter:data1\" content=\"freiaugusto\" \/>\n\t<meta name=\"twitter:label2\" content=\"Est. tempo de leitura\" \/>\n\t<meta name=\"twitter:data2\" content=\"9 minutos\" \/>\n<script type=\"application\/ld+json\" class=\"yoast-schema-graph\">{\"@context\":\"https:\/\/schema.org\",\"@graph\":[{\"@type\":\"WebSite\",\"@id\":\"https:\/\/franciscanos.org.br\/noticias\/#website\",\"url\":\"https:\/\/franciscanos.org.br\/noticias\/\",\"name\":\"Not\u00edcias - Franciscanos\",\"description\":\"Prov\u00edncia Franciscana da Imaculada Concei\u00e7\u00e3o do Brasil - Ordem dos Frades Menores - OFM\",\"potentialAction\":[{\"@type\":\"SearchAction\",\"target\":{\"@type\":\"EntryPoint\",\"urlTemplate\":\"https:\/\/franciscanos.org.br\/noticias\/?s={search_term_string}\"},\"query-input\":\"required name=search_term_string\"}],\"inLanguage\":\"pt-BR\"},{\"@type\":\"ImageObject\",\"inLanguage\":\"pt-BR\",\"@id\":\"https:\/\/franciscanos.org.br\/noticias\/programacao-oficial-da-festa-da-penha-2025.html#primaryimage\",\"url\":\"https:\/\/franciscanos.org.br\/noticias\/wp-content\/uploads\/2025\/04\/programacao-oficial-1.jpg\",\"contentUrl\":\"https:\/\/franciscanos.org.br\/noticias\/wp-content\/uploads\/2025\/04\/programacao-oficial-1.jpg\",\"width\":800,\"height\":550},{\"@type\":\"WebPage\",\"@id\":\"https:\/\/franciscanos.org.br\/noticias\/programacao-oficial-da-festa-da-penha-2025.html#webpage\",\"url\":\"https:\/\/franciscanos.org.br\/noticias\/programacao-oficial-da-festa-da-penha-2025.html\",\"name\":\"Programa\u00e7\u00e3o Oficial da Festa da Penha 2025 - Not\u00edcias - Franciscanos\",\"isPartOf\":{\"@id\":\"https:\/\/franciscanos.org.br\/noticias\/#website\"},\"primaryImageOfPage\":{\"@id\":\"https:\/\/franciscanos.org.br\/noticias\/programacao-oficial-da-festa-da-penha-2025.html#primaryimage\"},\"datePublished\":\"2025-04-18T13:49:26+00:00\",\"dateModified\":\"2025-04-22T03:09:34+00:00\",\"author\":{\"@id\":\"https:\/\/franciscanos.org.br\/noticias\/#\/schema\/person\/37f88f0d111cd5358b12a6556a99eb91\"},\"breadcrumb\":{\"@id\":\"https:\/\/franciscanos.org.br\/noticias\/programacao-oficial-da-festa-da-penha-2025.html#breadcrumb\"},\"inLanguage\":\"pt-BR\",\"potentialAction\":[{\"@type\":\"ReadAction\",\"target\":[\"https:\/\/franciscanos.org.br\/noticias\/programacao-oficial-da-festa-da-penha-2025.html\"]}]},{\"@type\":\"BreadcrumbList\",\"@id\":\"https:\/\/franciscanos.org.br\/noticias\/programacao-oficial-da-festa-da-penha-2025.html#breadcrumb\",\"itemListElement\":[{\"@type\":\"ListItem\",\"position\":1,\"name\":\"Home\",\"item\":\"https:\/\/franciscanos.org.br\/noticias\"},{\"@type\":\"ListItem\",\"position\":2,\"name\":\"Programa\u00e7\u00e3o Oficial da Festa da Penha 2025\"}]},{\"@type\":\"Person\",\"@id\":\"https:\/\/franciscanos.org.br\/noticias\/#\/schema\/person\/37f88f0d111cd5358b12a6556a99eb91\",\"name\":\"freiaugusto\",\"image\":{\"@type\":\"ImageObject\",\"inLanguage\":\"pt-BR\",\"@id\":\"https:\/\/franciscanos.org.br\/noticias\/#\/schema\/person\/image\/\",\"url\":\"https:\/\/secure.gravatar.com\/avatar\/9840b940e621801b24f3e6b059efb4b7?s=96&d=mm&r=g\",\"contentUrl\":\"https:\/\/secure.gravatar.com\/avatar\/9840b940e621801b24f3e6b059efb4b7?s=96&d=mm&r=g\",\"caption\":\"freiaugusto\"},\"url\":\"https:\/\/franciscanos.org.br\/noticias\/author\/freiaugusto\"}]}<\/script>\n<!-- \/ Yoast SEO plugin. -->","yoast_head_json":{"title":"Programa\u00e7\u00e3o Oficial da Festa da Penha 2025 - Not\u00edcias - Franciscanos","robots":{"index":"index","follow":"follow","max-snippet":"max-snippet:-1","max-image-preview":"max-image-preview:large","max-video-preview":"max-video-preview:-1"},"canonical":"https:\/\/franciscanos.org.br\/noticias\/programacao-oficial-da-festa-da-penha-2025.html","og_locale":"pt_BR","og_type":"article","og_title":"Programa\u00e7\u00e3o Oficial da Festa da Penha 2025 - Not\u00edcias - Franciscanos","og_description":"Festa da Penha 2025","og_url":"https:\/\/franciscanos.org.br\/noticias\/programacao-oficial-da-festa-da-penha-2025.html","og_site_name":"Not\u00edcias - Franciscanos","article_published_time":"2025-04-18T13:49:26+00:00","article_modified_time":"2025-04-22T03:09:34+00:00","og_image":[{"width":800,"height":550,"url":"https:\/\/franciscanos.org.br\/noticias\/wp-content\/uploads\/2025\/04\/programacao-oficial-1.jpg","type":"image\/jpeg"}],"author":"freiaugusto","twitter_card":"summary_large_image","twitter_misc":{"Escrito por":"freiaugusto","Est. tempo de leitura":"9 minutos"},"schema":{"@context":"https:\/\/schema.org","@graph":[{"@type":"WebSite","@id":"https:\/\/franciscanos.org.br\/noticias\/#website","url":"https:\/\/franciscanos.org.br\/noticias\/","name":"Not\u00edcias - Franciscanos","description":"Prov\u00edncia Franciscana da Imaculada Concei\u00e7\u00e3o do Brasil - Ordem dos Frades Menores - OFM","potentialAction":[{"@type":"SearchAction","target":{"@type":"EntryPoint","urlTemplate":"https:\/\/franciscanos.org.br\/noticias\/?s={search_term_string}"},"query-input":"required name=search_term_string"}],"inLanguage":"pt-BR"},{"@type":"ImageObject","inLanguage":"pt-BR","@id":"https:\/\/franciscanos.org.br\/noticias\/programacao-oficial-da-festa-da-penha-2025.html#primaryimage","url":"https:\/\/franciscanos.org.br\/noticias\/wp-content\/uploads\/2025\/04\/programacao-oficial-1.jpg","contentUrl":"https:\/\/franciscanos.org.br\/noticias\/wp-content\/uploads\/2025\/04\/programacao-oficial-1.jpg","width":800,"height":550},{"@type":"WebPage","@id":"https:\/\/franciscanos.org.br\/noticias\/programacao-oficial-da-festa-da-penha-2025.html#webpage","url":"https:\/\/franciscanos.org.br\/noticias\/programacao-oficial-da-festa-da-penha-2025.html","name":"Programa\u00e7\u00e3o Oficial da Festa da Penha 2025 - Not\u00edcias - Franciscanos","isPartOf":{"@id":"https:\/\/franciscanos.org.br\/noticias\/#website"},"primaryImageOfPage":{"@id":"https:\/\/franciscanos.org.br\/noticias\/programacao-oficial-da-festa-da-penha-2025.html#primaryimage"},"datePublished":"2025-04-18T13:49:26+00:00","dateModified":"2025-04-22T03:09:34+00:00","author":{"@id":"https:\/\/franciscanos.org.br\/noticias\/#\/schema\/person\/37f88f0d111cd5358b12a6556a99eb91"},"breadcrumb":{"@id":"https:\/\/franciscanos.org.br\/noticias\/programacao-oficial-da-festa-da-penha-2025.html#breadcrumb"},"inLanguage":"pt-BR","potentialAction":[{"@type":"ReadAction","target":["https:\/\/franciscanos.org.br\/noticias\/programacao-oficial-da-festa-da-penha-2025.html"]}]},{"@type":"BreadcrumbList","@id":"https:\/\/franciscanos.org.br\/noticias\/programacao-oficial-da-festa-da-penha-2025.html#breadcrumb","itemListElement":[{"@type":"ListItem","position":1,"name":"Home","item":"https:\/\/franciscanos.org.br\/noticias"},{"@type":"ListItem","position":2,"name":"Programa\u00e7\u00e3o Oficial da Festa da Penha 2025"}]},{"@type":"Person","@id":"https:\/\/franciscanos.org.br\/noticias\/#\/schema\/person\/37f88f0d111cd5358b12a6556a99eb91","name":"freiaugusto","image":{"@type":"ImageObject","inLanguage":"pt-BR","@id":"https:\/\/franciscanos.org.br\/noticias\/#\/schema\/person\/image\/","url":"https:\/\/secure.gravatar.com\/avatar\/9840b940e621801b24f3e6b059efb4b7?s=96&d=mm&r=g","contentUrl":"https:\/\/secure.gravatar.com\/avatar\/9840b940e621801b24f3e6b059efb4b7?s=96&d=mm&r=g","caption":"freiaugusto"},"url":"https:\/\/franciscanos.org.br\/noticias\/author\/freiaugusto"}]}},"_links":{"self":[{"href":"https:\/\/franciscanos.org.br\/noticias\/wp-json\/wp\/v2\/posts\/256122"}],"collection":[{"href":"https:\/\/franciscanos.org.br\/noticias\/wp-json\/wp\/v2\/posts"}],"about":[{"href":"https:\/\/franciscanos.org.br\/noticias\/wp-json\/wp\/v2\/types\/post"}],"author":[{"embeddable":true,"href":"https:\/\/franciscanos.org.br\/noticias\/wp-json\/wp\/v2\/users\/5"}],"replies":[{"embeddable":true,"href":"https:\/\/franciscanos.org.br\/noticias\/wp-json\/wp\/v2\/comments?post=256122"}],"version-history":[{"count":3,"href":"https:\/\/franciscanos.org.br\/noticias\/wp-json\/wp\/v2\/posts\/256122\/revisions"}],"predecessor-version":[{"id":256238,"href":"https:\/\/franciscanos.org.br\/noticias\/wp-json\/wp\/v2\/posts\/256122\/revisions\/256238"}],"wp:featuredmedia":[{"embeddable":true,"href":"https:\/\/franciscanos.org.br\/noticias\/wp-json\/wp\/v2\/media\/256124"}],"wp:attachment":[{"href":"https:\/\/franciscanos.org.br\/noticias\/wp-json\/wp\/v2\/media?parent=256122"}],"wp:term":[{"taxonomy":"category","embeddable":true,"href":"https:\/\/franciscanos.org.br\/noticias\/wp-json\/wp\/v2\/categories?post=256122"},{"taxonomy":"post_tag","embeddable":true,"href":"https:\/\/franciscanos.org.br\/noticias\/wp-json\/wp\/v2\/tags?post=256122"}],"curies":[{"name":"wp","href":"https:\/\/api.w.org\/{rel}","templated":true}]}}