{"id":256112,"date":"2025-04-19T17:45:40","date_gmt":"2025-04-19T20:45:40","guid":{"rendered":"https:\/\/franciscanos.org.br\/noticias\/?p=256112"},"modified":"2025-04-22T00:09:06","modified_gmt":"2025-04-22T03:09:06","slug":"entre-as-palmeiras-um-terco-de-esperanca-comeca-a-festa-da-penha-2025","status":"publish","type":"post","link":"https:\/\/franciscanos.org.br\/noticias\/entre-as-palmeiras-um-terco-de-esperanca-comeca-a-festa-da-penha-2025.html","title":{"rendered":"Entre as palmeiras, um ter\u00e7o de esperan\u00e7a! Come\u00e7a a Festa da Penha 2025"},"content":{"rendered":"<p><img loading=\"lazy\" class=\"aligncenter wp-image-256113 size-full\" src=\"https:\/\/franciscanos.org.br\/noticias\/wp-content\/uploads\/2025\/04\/terco_190425-2.jpg\" alt=\"\" width=\"1280\" height=\"720\" srcset=\"https:\/\/franciscanos.org.br\/noticias\/wp-content\/uploads\/2025\/04\/terco_190425-2.jpg 1280w, https:\/\/franciscanos.org.br\/noticias\/wp-content\/uploads\/2025\/04\/terco_190425-2-450x253.jpg 450w, https:\/\/franciscanos.org.br\/noticias\/wp-content\/uploads\/2025\/04\/terco_190425-2-1024x576.jpg 1024w, https:\/\/franciscanos.org.br\/noticias\/wp-content\/uploads\/2025\/04\/terco_190425-2-768x432.jpg 768w, https:\/\/franciscanos.org.br\/noticias\/wp-content\/uploads\/2025\/04\/terco_190425-2-150x84.jpg 150w\" sizes=\"(max-width: 1280px) 100vw, 1280px\" \/><\/p>\n<p style=\"font-weight: 400;\"><strong>Vila Velha (ES) &#8211;\u00a0<\/strong>N\u00e3o importa o \u00e2ngulo: quem olhar para o Convento da Penha a partir deste s\u00e1bado (19\/04) vai notar que as palmeiras imperiais j\u00e1 \u201cseguram\u201d o Ter\u00e7o Gigante da Festa da Penha, tradi\u00e7\u00e3o h\u00e1 27 anos. Feito totalmente por volunt\u00e1rios, o ter\u00e7o voltou a ser colorido e est\u00e1 adornado com flores de tecido, com um significado especial inspirado no Ano Jubilar da Igreja. A Festa da Penha come\u00e7a neste domingo, 20, e vai at\u00e9 28 de abril.<\/p>\n<p style=\"font-weight: 400;\">O ano de 2025 est\u00e1 sendo especial para a Igreja Cat\u00f3lica, pois marca o Jubileu da Esperan\u00e7a, convocado pelo Papa Francisco. Com o lema \u201cPeregrinos de Esperan\u00e7a\u201d, o Jubileu convida os crist\u00e3os a redescobrir e espalhar a esperan\u00e7a. Inspirada nessa mensagem, a Festa da Penha deste ano adotou o tema \u201cCom Maria, Peregrinos de Esperan\u00e7a\u201d.<\/p>\n<p style=\"font-weight: 400;\">A escolha das cores do ter\u00e7o foi inspirada na logo do Jubileu de 2025, que traz azul, verde, amarelo e vermelho. Para completar os cinco mist\u00e9rios, foi adicionada a cor rosa em refer\u00eancia a Nossa Senhora das Alegrias. No centro da cruz, est\u00e1 a logo do Jubileu da Esperan\u00e7a, al\u00e9m da men\u00e7\u00e3o \u00e0s sete alegrias de Maria.<\/p>\n<p style=\"font-weight: 400;\">O Campinho ficou lotado para assistir a b\u00ean\u00e7\u00e3o que Frei Gabriel Dellandrea, guardi\u00e3o do Convento, deu ao ter\u00e7o e aos volunt\u00e1rios que ajudaram na confec\u00e7\u00e3o. Muitos fi\u00e9is se emocionaram. A nova medalha de Nossa Senhora da Penha, com vista para a Ba\u00eda de Vit\u00f3ria, tamb\u00e9m foi aben\u00e7oada.<\/p>\n<p><img loading=\"lazy\" class=\"aligncenter wp-image-256114 size-full\" src=\"https:\/\/franciscanos.org.br\/noticias\/wp-content\/uploads\/2025\/04\/terco_190425-1.jpg\" alt=\"\" width=\"1280\" height=\"720\" srcset=\"https:\/\/franciscanos.org.br\/noticias\/wp-content\/uploads\/2025\/04\/terco_190425-1.jpg 1280w, https:\/\/franciscanos.org.br\/noticias\/wp-content\/uploads\/2025\/04\/terco_190425-1-450x253.jpg 450w, https:\/\/franciscanos.org.br\/noticias\/wp-content\/uploads\/2025\/04\/terco_190425-1-1024x576.jpg 1024w, https:\/\/franciscanos.org.br\/noticias\/wp-content\/uploads\/2025\/04\/terco_190425-1-768x432.jpg 768w, https:\/\/franciscanos.org.br\/noticias\/wp-content\/uploads\/2025\/04\/terco_190425-1-150x84.jpg 150w\" sizes=\"(max-width: 1280px) 100vw, 1280px\" \/><\/p>\n<p style=\"font-weight: 400;\">Para Frei Gabriel, esse momento marca o in\u00edcio das festividades da Padroeira do Estado do Esp\u00edrito Santo, Nossa Senhora da Penha. \u201cPor mais que tenhamos muitas reuni\u00f5es de prepara\u00e7\u00e3o, \u00e9 quando vemos o ter\u00e7o sendo erguido entre as palmeiras que a programa\u00e7\u00e3o sai do papel e ganha vida. Esta, que \u00e9 a edi\u00e7\u00e3o de n\u00famero 455, tem tudo para ser verdadeiramente linda\u201d.<\/p>\n<p style=\"font-weight: 400;\">Ele destacou tamb\u00e9m a import\u00e2ncia dos volunt\u00e1rios e o impacto social do evento: \u201cS\u00e3o mais de 500 pessoas envolvidas, trabalhando na liturgia, no apoio e na organiza\u00e7\u00e3o. Aqui, muitos desses volunt\u00e1rios v\u00eam renovar suas energias e seu compromisso de servir com ainda mais empenho. Al\u00e9m de promover momentos intensos de ora\u00e7\u00e3o, f\u00e9 e espiritualidade\u201d.<\/p>\n<p style=\"font-weight: 400;\">\u201cCada \u2018Ave Maria\u2019 \u00e9 como uma rosa que oferecemos \u00e0 Nossa Senhora. Hoje, no S\u00e1bado Santo, vivemos a vig\u00edlia da ressurrei\u00e7\u00e3o: em breve, proclamaremos \u2018Cristo ressuscitou! Aleluia!\u2019 e abra\u00e7aremos Maria sob o t\u00edtulo de Nossa Senhora da Alegria. Ainda estamos no tempo da esperan\u00e7a, mas, a cada conta deste ter\u00e7o gigante, renovamos a f\u00e9 e reconhecemos que, apesar de todo caos aparente, a vida sempre pode ser transformada\u201d, disse.<\/p>\n<p style=\"font-weight: 400;\">Osmar Sales, idealizador do Ter\u00e7o Gigante, tra\u00e7ou a trajet\u00f3ria dessa devo\u00e7\u00e3o que se renova h\u00e1 27 anos a partir de uma inspira\u00e7\u00e3o vivida no Encontro Mundial das Fam\u00edlias, no Rio de Janeiro, em 1997. \u201cFoi ali que vi pela primeira vez um ter\u00e7o suspenso, impressionante pela sua escala e pelo impacto visual, e logo percebi que aquela obra podia falar muito ao cora\u00e7\u00e3o das pessoas. Ap\u00f3s retornar ao Esp\u00edrito Santo, recebi o convite do Convento da Penha e de um grupo de mulheres dedicadas \u00e0 f\u00e9 para repetir a experi\u00eancia em Vila Velha. Desde ent\u00e3o, o Ter\u00e7o Gigante tornou\u2011se parte da nossa Festa da Penha, unindo gera\u00e7\u00f5es em torno de uma mesma ora\u00e7\u00e3o\u201d.<\/p>\n<p><img loading=\"lazy\" class=\"aligncenter wp-image-256115 size-full\" src=\"https:\/\/franciscanos.org.br\/noticias\/wp-content\/uploads\/2025\/04\/terco_190425.jpg\" alt=\"\" width=\"1280\" height=\"720\" srcset=\"https:\/\/franciscanos.org.br\/noticias\/wp-content\/uploads\/2025\/04\/terco_190425.jpg 1280w, https:\/\/franciscanos.org.br\/noticias\/wp-content\/uploads\/2025\/04\/terco_190425-450x253.jpg 450w, https:\/\/franciscanos.org.br\/noticias\/wp-content\/uploads\/2025\/04\/terco_190425-1024x576.jpg 1024w, https:\/\/franciscanos.org.br\/noticias\/wp-content\/uploads\/2025\/04\/terco_190425-768x432.jpg 768w, https:\/\/franciscanos.org.br\/noticias\/wp-content\/uploads\/2025\/04\/terco_190425-150x84.jpg 150w\" sizes=\"(max-width: 1280px) 100vw, 1280px\" \/><\/p>\n<p style=\"font-weight: 400;\">Relembrando as dificuldades do in\u00edcio, Osmar conta que a primeira tentativa de erguer o ter\u00e7o pelas amarras tradicionais \u2013 \u201cpelas barbas\u201d \u2013 revelou o peso excessivo da estrutura. \u201cTivemos de improvisar uma solu\u00e7\u00e3o pr\u00e1tica: optamos por instal\u00e1\u2011lo entre as duas palmeiras imperiais, aproveitando a altura e a resist\u00eancia natural das \u00e1rvores. A partir da\u00ed, descobrimos que aquele entrela\u00e7amento entre a arte e a natureza tinha tudo a ver com a devo\u00e7\u00e3o popular: o ter\u00e7o passa a flutuar, leve aos olhos de quem olha de baixo, convidando cada devoto a erguer o olhar, n\u00e3o apenas para um objeto, mas para o sagrado\u201d.<\/p>\n<p style=\"font-weight: 400;\">Ao longo das edi\u00e7\u00f5es, Osmar explica, o Ter\u00e7o Gigante foi se tornando uma tela viva, onde a criatividade encontra a espiritualidade. \u201cA cada ano, buscamos inovar: incorporamos cores, elementos gr\u00e1ficos e mensagens que dialogam com o tema da festa. Para o jubileu de 455 edi\u00e7\u00f5es, o texto das contas ficou ainda mais vibrante, em homenagem \u00e0 Nossa Senhora das Alegrias \u2013 t\u00edtulo que refor\u00e7a a celebra\u00e7\u00e3o da ressurrei\u00e7\u00e3o e da esperan\u00e7a. As cores escolhidas reproduzem o logo do jubileu e representam os quatro cantos da Terra, sinalizando que a f\u00e9 atravessa fronteiras e renova a confian\u00e7a no Ressuscitado\u201d.<\/p>\n<p style=\"font-weight: 400;\">Por fim, ele faz um convite caloroso a todos que desejam experimentar essa mistura \u00fanica de arte, f\u00e9 e comunidade: \u201cVenha ao Convento da Penha para ver de perto o Ter\u00e7o Gigante erguido entre as palmeiras, sentir a energia dos milhares de volunt\u00e1rios que o instalam e participar das ora\u00e7\u00f5es que ecoam em cada \u2018Ave Maria\u2019. \u00c9 uma oportunidade de renovar a pr\u00f3pria f\u00e9, fazer parte de uma tradi\u00e7\u00e3o secular e celebrar, em conjunto, a alegria de ser comunidade.\u201d<\/p>\n<p style=\"font-weight: 400;\"><strong>SOBRE A FESTA DA PENHA<\/strong><\/p>\n<p style=\"font-weight: 400;\">A Festa da Penha 2025 \u00e9 realizada pela Mitra Arquidiocesana de Vit\u00f3ria, Convento da Penha, Associa\u00e7\u00e3o dos Amigos do Convento da Penha. A correaliza\u00e7\u00e3o \u00e9 do Convention Bureau e Prefeitura Municipal de Vila Velha. O evento tem patroc\u00ednio da ArcelorMittal, Cesan, Banestes, Extrabom, Jav\u00e9 Construtora e LeCard. O copatroc\u00ednio \u00e9 da Unimed Vit\u00f3ria, Vale e Instituto Cultural Vale. O apoio \u00e9 da TVE, TV Gazeta e A Gazeta. O apoio institucional \u00e9 da Prefeitura Municipal da Serra, Prefeitura Municipal de Cariacica e Governo do Estado do Esp\u00edrito Santo.<\/p>\n<p style=\"font-weight: 400;\"><strong>PROGRAMA\u00c7\u00c3O DA FESTA DA PENHA<\/strong><\/p>\n<p style=\"font-weight: 400;\">Ao longo dos nove dias de celebra\u00e7\u00e3o em homenagem \u00e0 Padroeira do Esp\u00edrito Santo, est\u00e3o previstas mais de 50 missas e 14 romarias. A estimativa \u00e9 reunir milhares de fi\u00e9is entre 20 e 28 de abril no maior evento religioso do Estado e terceiro maior do Brasil.<\/p>\n<p style=\"font-weight: 400;\">A programa\u00e7\u00e3o contar\u00e1 com uma acolhida feita pelos frades franciscanos e a ora\u00e7\u00e3o da Coroa Franciscana das Sete Alegrias de Nossa Senhora, al\u00e9m do Devocional Oitav\u00e1rio.<\/p>\n<p style=\"font-weight: 400;\">Outra novidade \u00e9 que, na ter\u00e7a-feira, haver\u00e1 a recita\u00e7\u00e3o do ter\u00e7o no Campinho do Convento. Al\u00e9m disso, a Festa da Penha ter\u00e1 a celebra\u00e7\u00e3o \u00e0 noite. Tradicionalmente realizado \u00e0s 15h no Campinho do Convento, o Devocional agora ocorrer\u00e1 tamb\u00e9m \u00e0s 19h, permitindo a participa\u00e7\u00e3o daqueles que n\u00e3o podem comparecer \u00e0 tarde.<\/p>\n<div style=\"width: 720px;\" class=\"wp-video\"><!--[if lt IE 9]><script>document.createElement('video');<\/script><![endif]-->\n<video class=\"wp-video-shortcode\" id=\"video-256112-1\" width=\"720\" height=\"1280\" poster=\"https:\/\/franciscanos.org.br\/noticias\/wp-content\/uploads\/2025\/04\/terco_190425-4-scaled.jpg\" autoplay=\"1\" preload=\"metadata\" controls=\"controls\"><source type=\"video\/mp4\" src=\"https:\/\/franciscanos.org.br\/noticias\/wp-content\/uploads\/2025\/04\/Terco-Gigante.mp4?_=1\" \/><a href=\"https:\/\/franciscanos.org.br\/noticias\/wp-content\/uploads\/2025\/04\/Terco-Gigante.mp4\">https:\/\/franciscanos.org.br\/noticias\/wp-content\/uploads\/2025\/04\/Terco-Gigante.mp4<\/a><\/video><\/div>\n<hr \/>\n<p><strong>Equipe de comunica\u00e7\u00e3o da Festa da Penha:<\/strong><br \/>\n<em>Frei Augusto Luiz Gabriel, Frei Gustavo Medella, Frei Roger Strapazzon<\/em><\/p>\n<p><em>Fotos: Fernando Madeira | Divulga\u00e7\u00e3o da Festa da Penha<\/em><\/p>\n","protected":false},"excerpt":{"rendered":"<p>Festa da Penha 2025<\/p>\n","protected":false},"author":5,"featured_media":0,"comment_status":"open","ping_status":"open","sticky":false,"template":"","format":"standard","meta":[],"categories":[1],"tags":[2293],"acf":[],"yoast_head":"<!-- This site is optimized with the Yoast SEO plugin v19.2 - https:\/\/yoast.com\/wordpress\/plugins\/seo\/ -->\n<title>Entre as palmeiras, um ter\u00e7o de esperan\u00e7a! Come\u00e7a a Festa da Penha 2025 - Not\u00edcias - Franciscanos<\/title>\n<meta name=\"robots\" content=\"index, follow, max-snippet:-1, max-image-preview:large, max-video-preview:-1\" \/>\n<link rel=\"canonical\" href=\"https:\/\/franciscanos.org.br\/noticias\/entre-as-palmeiras-um-terco-de-esperanca-comeca-a-festa-da-penha-2025.html\" \/>\n<meta property=\"og:locale\" content=\"pt_BR\" \/>\n<meta property=\"og:type\" content=\"article\" \/>\n<meta property=\"og:title\" content=\"Entre as palmeiras, um ter\u00e7o de esperan\u00e7a! Come\u00e7a a Festa da Penha 2025 - Not\u00edcias - Franciscanos\" \/>\n<meta property=\"og:description\" content=\"Festa da Penha 2025\" \/>\n<meta property=\"og:url\" content=\"https:\/\/franciscanos.org.br\/noticias\/entre-as-palmeiras-um-terco-de-esperanca-comeca-a-festa-da-penha-2025.html\" \/>\n<meta property=\"og:site_name\" content=\"Not\u00edcias - Franciscanos\" \/>\n<meta property=\"article:published_time\" content=\"2025-04-19T20:45:40+00:00\" \/>\n<meta property=\"article:modified_time\" content=\"2025-04-22T03:09:06+00:00\" \/>\n<meta property=\"og:image\" content=\"https:\/\/franciscanos.org.br\/noticias\/wp-content\/uploads\/2025\/04\/terco_190425-2.jpg\" \/>\n<meta name=\"author\" content=\"freiaugusto\" \/>\n<meta name=\"twitter:card\" content=\"summary_large_image\" \/>\n<meta name=\"twitter:label1\" content=\"Escrito por\" \/>\n\t<meta name=\"twitter:data1\" content=\"freiaugusto\" \/>\n\t<meta name=\"twitter:label2\" content=\"Est. tempo de leitura\" \/>\n\t<meta name=\"twitter:data2\" content=\"7 minutos\" \/>\n<script type=\"application\/ld+json\" class=\"yoast-schema-graph\">{\"@context\":\"https:\/\/schema.org\",\"@graph\":[{\"@type\":\"WebSite\",\"@id\":\"https:\/\/franciscanos.org.br\/noticias\/#website\",\"url\":\"https:\/\/franciscanos.org.br\/noticias\/\",\"name\":\"Not\u00edcias - Franciscanos\",\"description\":\"Prov\u00edncia Franciscana da Imaculada Concei\u00e7\u00e3o do Brasil - Ordem dos Frades Menores - OFM\",\"potentialAction\":[{\"@type\":\"SearchAction\",\"target\":{\"@type\":\"EntryPoint\",\"urlTemplate\":\"https:\/\/franciscanos.org.br\/noticias\/?s={search_term_string}\"},\"query-input\":\"required name=search_term_string\"}],\"inLanguage\":\"pt-BR\"},{\"@type\":\"ImageObject\",\"inLanguage\":\"pt-BR\",\"@id\":\"https:\/\/franciscanos.org.br\/noticias\/entre-as-palmeiras-um-terco-de-esperanca-comeca-a-festa-da-penha-2025.html#primaryimage\",\"url\":\"https:\/\/franciscanos.org.br\/noticias\/wp-content\/uploads\/2025\/04\/terco_190425-2.jpg\",\"contentUrl\":\"https:\/\/franciscanos.org.br\/noticias\/wp-content\/uploads\/2025\/04\/terco_190425-2.jpg\",\"width\":1280,\"height\":720},{\"@type\":\"WebPage\",\"@id\":\"https:\/\/franciscanos.org.br\/noticias\/entre-as-palmeiras-um-terco-de-esperanca-comeca-a-festa-da-penha-2025.html#webpage\",\"url\":\"https:\/\/franciscanos.org.br\/noticias\/entre-as-palmeiras-um-terco-de-esperanca-comeca-a-festa-da-penha-2025.html\",\"name\":\"Entre as palmeiras, um ter\u00e7o de esperan\u00e7a! Come\u00e7a a Festa da Penha 2025 - Not\u00edcias - Franciscanos\",\"isPartOf\":{\"@id\":\"https:\/\/franciscanos.org.br\/noticias\/#website\"},\"primaryImageOfPage\":{\"@id\":\"https:\/\/franciscanos.org.br\/noticias\/entre-as-palmeiras-um-terco-de-esperanca-comeca-a-festa-da-penha-2025.html#primaryimage\"},\"datePublished\":\"2025-04-19T20:45:40+00:00\",\"dateModified\":\"2025-04-22T03:09:06+00:00\",\"author\":{\"@id\":\"https:\/\/franciscanos.org.br\/noticias\/#\/schema\/person\/37f88f0d111cd5358b12a6556a99eb91\"},\"breadcrumb\":{\"@id\":\"https:\/\/franciscanos.org.br\/noticias\/entre-as-palmeiras-um-terco-de-esperanca-comeca-a-festa-da-penha-2025.html#breadcrumb\"},\"inLanguage\":\"pt-BR\",\"potentialAction\":[{\"@type\":\"ReadAction\",\"target\":[\"https:\/\/franciscanos.org.br\/noticias\/entre-as-palmeiras-um-terco-de-esperanca-comeca-a-festa-da-penha-2025.html\"]}]},{\"@type\":\"BreadcrumbList\",\"@id\":\"https:\/\/franciscanos.org.br\/noticias\/entre-as-palmeiras-um-terco-de-esperanca-comeca-a-festa-da-penha-2025.html#breadcrumb\",\"itemListElement\":[{\"@type\":\"ListItem\",\"position\":1,\"name\":\"Home\",\"item\":\"https:\/\/franciscanos.org.br\/noticias\"},{\"@type\":\"ListItem\",\"position\":2,\"name\":\"Entre as palmeiras, um ter\u00e7o de esperan\u00e7a! Come\u00e7a a Festa da Penha 2025\"}]},{\"@type\":\"Person\",\"@id\":\"https:\/\/franciscanos.org.br\/noticias\/#\/schema\/person\/37f88f0d111cd5358b12a6556a99eb91\",\"name\":\"freiaugusto\",\"image\":{\"@type\":\"ImageObject\",\"inLanguage\":\"pt-BR\",\"@id\":\"https:\/\/franciscanos.org.br\/noticias\/#\/schema\/person\/image\/\",\"url\":\"https:\/\/secure.gravatar.com\/avatar\/9840b940e621801b24f3e6b059efb4b7?s=96&d=mm&r=g\",\"contentUrl\":\"https:\/\/secure.gravatar.com\/avatar\/9840b940e621801b24f3e6b059efb4b7?s=96&d=mm&r=g\",\"caption\":\"freiaugusto\"},\"url\":\"https:\/\/franciscanos.org.br\/noticias\/author\/freiaugusto\"}]}<\/script>\n<!-- \/ Yoast SEO plugin. -->","yoast_head_json":{"title":"Entre as palmeiras, um ter\u00e7o de esperan\u00e7a! Come\u00e7a a Festa da Penha 2025 - Not\u00edcias - Franciscanos","robots":{"index":"index","follow":"follow","max-snippet":"max-snippet:-1","max-image-preview":"max-image-preview:large","max-video-preview":"max-video-preview:-1"},"canonical":"https:\/\/franciscanos.org.br\/noticias\/entre-as-palmeiras-um-terco-de-esperanca-comeca-a-festa-da-penha-2025.html","og_locale":"pt_BR","og_type":"article","og_title":"Entre as palmeiras, um ter\u00e7o de esperan\u00e7a! Come\u00e7a a Festa da Penha 2025 - Not\u00edcias - Franciscanos","og_description":"Festa da Penha 2025","og_url":"https:\/\/franciscanos.org.br\/noticias\/entre-as-palmeiras-um-terco-de-esperanca-comeca-a-festa-da-penha-2025.html","og_site_name":"Not\u00edcias - Franciscanos","article_published_time":"2025-04-19T20:45:40+00:00","article_modified_time":"2025-04-22T03:09:06+00:00","og_image":[{"url":"https:\/\/franciscanos.org.br\/noticias\/wp-content\/uploads\/2025\/04\/terco_190425-2.jpg"}],"author":"freiaugusto","twitter_card":"summary_large_image","twitter_misc":{"Escrito por":"freiaugusto","Est. tempo de leitura":"7 minutos"},"schema":{"@context":"https:\/\/schema.org","@graph":[{"@type":"WebSite","@id":"https:\/\/franciscanos.org.br\/noticias\/#website","url":"https:\/\/franciscanos.org.br\/noticias\/","name":"Not\u00edcias - Franciscanos","description":"Prov\u00edncia Franciscana da Imaculada Concei\u00e7\u00e3o do Brasil - Ordem dos Frades Menores - OFM","potentialAction":[{"@type":"SearchAction","target":{"@type":"EntryPoint","urlTemplate":"https:\/\/franciscanos.org.br\/noticias\/?s={search_term_string}"},"query-input":"required name=search_term_string"}],"inLanguage":"pt-BR"},{"@type":"ImageObject","inLanguage":"pt-BR","@id":"https:\/\/franciscanos.org.br\/noticias\/entre-as-palmeiras-um-terco-de-esperanca-comeca-a-festa-da-penha-2025.html#primaryimage","url":"https:\/\/franciscanos.org.br\/noticias\/wp-content\/uploads\/2025\/04\/terco_190425-2.jpg","contentUrl":"https:\/\/franciscanos.org.br\/noticias\/wp-content\/uploads\/2025\/04\/terco_190425-2.jpg","width":1280,"height":720},{"@type":"WebPage","@id":"https:\/\/franciscanos.org.br\/noticias\/entre-as-palmeiras-um-terco-de-esperanca-comeca-a-festa-da-penha-2025.html#webpage","url":"https:\/\/franciscanos.org.br\/noticias\/entre-as-palmeiras-um-terco-de-esperanca-comeca-a-festa-da-penha-2025.html","name":"Entre as palmeiras, um ter\u00e7o de esperan\u00e7a! Come\u00e7a a Festa da Penha 2025 - Not\u00edcias - Franciscanos","isPartOf":{"@id":"https:\/\/franciscanos.org.br\/noticias\/#website"},"primaryImageOfPage":{"@id":"https:\/\/franciscanos.org.br\/noticias\/entre-as-palmeiras-um-terco-de-esperanca-comeca-a-festa-da-penha-2025.html#primaryimage"},"datePublished":"2025-04-19T20:45:40+00:00","dateModified":"2025-04-22T03:09:06+00:00","author":{"@id":"https:\/\/franciscanos.org.br\/noticias\/#\/schema\/person\/37f88f0d111cd5358b12a6556a99eb91"},"breadcrumb":{"@id":"https:\/\/franciscanos.org.br\/noticias\/entre-as-palmeiras-um-terco-de-esperanca-comeca-a-festa-da-penha-2025.html#breadcrumb"},"inLanguage":"pt-BR","potentialAction":[{"@type":"ReadAction","target":["https:\/\/franciscanos.org.br\/noticias\/entre-as-palmeiras-um-terco-de-esperanca-comeca-a-festa-da-penha-2025.html"]}]},{"@type":"BreadcrumbList","@id":"https:\/\/franciscanos.org.br\/noticias\/entre-as-palmeiras-um-terco-de-esperanca-comeca-a-festa-da-penha-2025.html#breadcrumb","itemListElement":[{"@type":"ListItem","position":1,"name":"Home","item":"https:\/\/franciscanos.org.br\/noticias"},{"@type":"ListItem","position":2,"name":"Entre as palmeiras, um ter\u00e7o de esperan\u00e7a! Come\u00e7a a Festa da Penha 2025"}]},{"@type":"Person","@id":"https:\/\/franciscanos.org.br\/noticias\/#\/schema\/person\/37f88f0d111cd5358b12a6556a99eb91","name":"freiaugusto","image":{"@type":"ImageObject","inLanguage":"pt-BR","@id":"https:\/\/franciscanos.org.br\/noticias\/#\/schema\/person\/image\/","url":"https:\/\/secure.gravatar.com\/avatar\/9840b940e621801b24f3e6b059efb4b7?s=96&d=mm&r=g","contentUrl":"https:\/\/secure.gravatar.com\/avatar\/9840b940e621801b24f3e6b059efb4b7?s=96&d=mm&r=g","caption":"freiaugusto"},"url":"https:\/\/franciscanos.org.br\/noticias\/author\/freiaugusto"}]}},"_links":{"self":[{"href":"https:\/\/franciscanos.org.br\/noticias\/wp-json\/wp\/v2\/posts\/256112"}],"collection":[{"href":"https:\/\/franciscanos.org.br\/noticias\/wp-json\/wp\/v2\/posts"}],"about":[{"href":"https:\/\/franciscanos.org.br\/noticias\/wp-json\/wp\/v2\/types\/post"}],"author":[{"embeddable":true,"href":"https:\/\/franciscanos.org.br\/noticias\/wp-json\/wp\/v2\/users\/5"}],"replies":[{"embeddable":true,"href":"https:\/\/franciscanos.org.br\/noticias\/wp-json\/wp\/v2\/comments?post=256112"}],"version-history":[{"count":8,"href":"https:\/\/franciscanos.org.br\/noticias\/wp-json\/wp\/v2\/posts\/256112\/revisions"}],"predecessor-version":[{"id":256235,"href":"https:\/\/franciscanos.org.br\/noticias\/wp-json\/wp\/v2\/posts\/256112\/revisions\/256235"}],"wp:attachment":[{"href":"https:\/\/franciscanos.org.br\/noticias\/wp-json\/wp\/v2\/media?parent=256112"}],"wp:term":[{"taxonomy":"category","embeddable":true,"href":"https:\/\/franciscanos.org.br\/noticias\/wp-json\/wp\/v2\/categories?post=256112"},{"taxonomy":"post_tag","embeddable":true,"href":"https:\/\/franciscanos.org.br\/noticias\/wp-json\/wp\/v2\/tags?post=256112"}],"curies":[{"name":"wp","href":"https:\/\/api.w.org\/{rel}","templated":true}]}}