{"id":256093,"date":"2025-04-17T16:50:51","date_gmt":"2025-04-17T19:50:51","guid":{"rendered":"https:\/\/franciscanos.org.br\/noticias\/?p=256093"},"modified":"2025-04-18T17:40:58","modified_gmt":"2025-04-18T20:40:58","slug":"santuario-frei-galvao-acolhe-com-reverencia-a-cruz-da-primeira-missa-celebrada-no-brasil","status":"publish","type":"post","link":"https:\/\/franciscanos.org.br\/noticias\/santuario-frei-galvao-acolhe-com-reverencia-a-cruz-da-primeira-missa-celebrada-no-brasil.html","title":{"rendered":"Santu\u00e1rio Frei Galv\u00e3o acolhe com rever\u00eancia a Cruz da primeira Missa celebrada no Brasil"},"content":{"rendered":"<p><span style=\"font-weight: 400;\"><img loading=\"lazy\" class=\"aligncenter wp-image-256095 size-full\" src=\"https:\/\/franciscanos.org.br\/noticias\/wp-content\/uploads\/2025\/04\/MATERIA-23.png\" alt=\"\" width=\"1280\" height=\"720\" srcset=\"https:\/\/franciscanos.org.br\/noticias\/wp-content\/uploads\/2025\/04\/MATERIA-23.png 1280w, https:\/\/franciscanos.org.br\/noticias\/wp-content\/uploads\/2025\/04\/MATERIA-23-450x253.png 450w, https:\/\/franciscanos.org.br\/noticias\/wp-content\/uploads\/2025\/04\/MATERIA-23-1024x576.png 1024w, https:\/\/franciscanos.org.br\/noticias\/wp-content\/uploads\/2025\/04\/MATERIA-23-768x432.png 768w, https:\/\/franciscanos.org.br\/noticias\/wp-content\/uploads\/2025\/04\/MATERIA-23-150x84.png 150w\" sizes=\"(max-width: 1280px) 100vw, 1280px\" \/><\/span><\/p>\n<p><span style=\"font-weight: 400;\">A Quarta-feira Santa foi marcada por momentos profundos de rever\u00eancia, espiritualidade, resgate hist\u00f3rico e adora\u00e7\u00e3o. O Santu\u00e1rio Frei Galv\u00e3o, em Guaratinguet\u00e1, foi um dos locais que teve a honra de receber a Cruz da primeira Missa celebrada no Brasil.<\/span><span style=\"font-weight: 400;\"><br \/>\n<\/span><\/p>\n<p><span style=\"font-weight: 400;\">Representando a fraternidade do Santu\u00e1rio Frei Galv\u00e3o, Frei Diego Melo, reitor, e Frei Roberto Ishara foram receber a carreata vinda do Santu\u00e1rio Nacional de Aparecida, na divisa entre os munic\u00edpios. Com solenidade, o cortejo percorreu as ruas de Guaratinguet\u00e1, em dire\u00e7\u00e3o ao Santu\u00e1rio Frei Galv\u00e3o, onde os fi\u00e9is esperavam com grande devo\u00e7\u00e3o.<\/span><span style=\"font-weight: 400;\"><br \/>\n<\/span><span style=\"font-weight: 400;\"><br \/>\n<\/span><\/p>\n\n\t\t<style type=\"text\/css\">\n\t\t\t#gallery-1 {\n\t\t\t\tmargin: auto;\n\t\t\t}\n\t\t\t#gallery-1 .gallery-item {\n\t\t\t\tfloat: left;\n\t\t\t\tmargin-top: 10px;\n\t\t\t\ttext-align: center;\n\t\t\t\twidth: 33%;\n\t\t\t}\n\t\t\t#gallery-1 img {\n\t\t\t\tborder: 2px solid #cfcfcf;\n\t\t\t}\n\t\t\t#gallery-1 .gallery-caption {\n\t\t\t\tmargin-left: 0;\n\t\t\t}\n\t\t\t\/* see gallery_shortcode() in wp-includes\/media.php *\/\n\t\t<\/style>\n\t\t<div id='gallery-1' class='gallery galleryid-256093 gallery-columns-3 gallery-size-thumbnail'><dl class='gallery-item'>\n\t\t\t<dt class='gallery-icon landscape'>\n\t\t\t\t<a href='https:\/\/franciscanos.org.br\/noticias\/wp-content\/uploads\/2025\/04\/6BB5C66E-0C49-4835-9C01-A85829ED19B5.jpeg'><img width=\"300\" height=\"300\" src=\"https:\/\/franciscanos.org.br\/noticias\/wp-content\/uploads\/2025\/04\/6BB5C66E-0C49-4835-9C01-A85829ED19B5-300x300.jpeg\" class=\"attachment-thumbnail size-thumbnail\" alt=\"\" loading=\"lazy\" srcset=\"https:\/\/franciscanos.org.br\/noticias\/wp-content\/uploads\/2025\/04\/6BB5C66E-0C49-4835-9C01-A85829ED19B5-300x300.jpeg 300w, https:\/\/franciscanos.org.br\/noticias\/wp-content\/uploads\/2025\/04\/6BB5C66E-0C49-4835-9C01-A85829ED19B5-100x100.jpeg 100w\" sizes=\"(max-width: 300px) 100vw, 300px\" \/><\/a>\n\t\t\t<\/dt><\/dl><dl class='gallery-item'>\n\t\t\t<dt class='gallery-icon landscape'>\n\t\t\t\t<a href='https:\/\/franciscanos.org.br\/noticias\/wp-content\/uploads\/2025\/04\/6EE09399-F614-4FD3-807A-E187C2AD7218.jpeg'><img width=\"300\" height=\"300\" src=\"https:\/\/franciscanos.org.br\/noticias\/wp-content\/uploads\/2025\/04\/6EE09399-F614-4FD3-807A-E187C2AD7218-300x300.jpeg\" class=\"attachment-thumbnail size-thumbnail\" alt=\"\" loading=\"lazy\" srcset=\"https:\/\/franciscanos.org.br\/noticias\/wp-content\/uploads\/2025\/04\/6EE09399-F614-4FD3-807A-E187C2AD7218-300x300.jpeg 300w, https:\/\/franciscanos.org.br\/noticias\/wp-content\/uploads\/2025\/04\/6EE09399-F614-4FD3-807A-E187C2AD7218-100x100.jpeg 100w\" sizes=\"(max-width: 300px) 100vw, 300px\" \/><\/a>\n\t\t\t<\/dt><\/dl><dl class='gallery-item'>\n\t\t\t<dt class='gallery-icon landscape'>\n\t\t\t\t<a href='https:\/\/franciscanos.org.br\/noticias\/wp-content\/uploads\/2025\/04\/6A00E495-5F7B-4FB0-A91A-558C8AD38FF6.jpeg'><img width=\"300\" height=\"300\" src=\"https:\/\/franciscanos.org.br\/noticias\/wp-content\/uploads\/2025\/04\/6A00E495-5F7B-4FB0-A91A-558C8AD38FF6-300x300.jpeg\" class=\"attachment-thumbnail size-thumbnail\" alt=\"\" loading=\"lazy\" srcset=\"https:\/\/franciscanos.org.br\/noticias\/wp-content\/uploads\/2025\/04\/6A00E495-5F7B-4FB0-A91A-558C8AD38FF6-300x300.jpeg 300w, https:\/\/franciscanos.org.br\/noticias\/wp-content\/uploads\/2025\/04\/6A00E495-5F7B-4FB0-A91A-558C8AD38FF6-100x100.jpeg 100w\" sizes=\"(max-width: 300px) 100vw, 300px\" \/><\/a>\n\t\t\t<\/dt><\/dl><br style=\"clear: both\" \/>\n\t\t<\/div>\n\n<p><span style=\"font-weight: 400;\">\u00c0s 15 horas, foi celebrada a Santa Missa com a presen\u00e7a da Cruz. Estiveram presentes na celebra\u00e7\u00e3o Padre Omar Raposo, reitor do Santu\u00e1rio Arquidiocesano do Cristo Redentor, no Rio de Janeiro (RJ), Frei Diego Melo, os frades do Santu\u00e1rio Frei Galv\u00e3o e do Semin\u00e1rio Frei Galv\u00e3o. A Cruz foi trazida em prociss\u00e3o pelos frades, num gesto simb\u00f3lico que rememorou aquela primeira Missa celebrada h\u00e1 525 anos em Santa Cruz Cabr\u00e1lia (BA). Tamb\u00e9m estiveram presentes na celebra\u00e7\u00e3o diversas autoridades civis, como o prefeito Junior Filippo e os secret\u00e1rios de governo, al\u00e9m do deputado estadual Danilo Balas.\u00a0<\/span><\/p>\n<p><span style=\"font-weight: 400;\"><img loading=\"lazy\" class=\"aligncenter wp-image-256100 size-full\" src=\"https:\/\/franciscanos.org.br\/noticias\/wp-content\/uploads\/2025\/04\/MATERIA-2-10.png\" alt=\"\" width=\"1280\" height=\"720\" srcset=\"https:\/\/franciscanos.org.br\/noticias\/wp-content\/uploads\/2025\/04\/MATERIA-2-10.png 1280w, https:\/\/franciscanos.org.br\/noticias\/wp-content\/uploads\/2025\/04\/MATERIA-2-10-450x253.png 450w, https:\/\/franciscanos.org.br\/noticias\/wp-content\/uploads\/2025\/04\/MATERIA-2-10-1024x576.png 1024w, https:\/\/franciscanos.org.br\/noticias\/wp-content\/uploads\/2025\/04\/MATERIA-2-10-768x432.png 768w, https:\/\/franciscanos.org.br\/noticias\/wp-content\/uploads\/2025\/04\/MATERIA-2-10-150x84.png 150w\" sizes=\"(max-width: 1280px) 100vw, 1280px\" \/><\/span><\/p>\n<p><span style=\"font-weight: 400;\">Em sua homilia, Frei Diego destacou que a cruz foi plantada como um sinal de salva\u00e7\u00e3o e n\u00e3o apenas como s\u00edmbolo religioso. Ela representa a presen\u00e7a viva de Cristo entre os povos do Brasil \u2014 tanto os colonizadores quanto os ind\u00edgenas, que mesmo sem entender a l\u00edngua, reconheceram o sagrado naquele primeiro momento.<\/span><\/p>\n<p><span style=\"font-weight: 400;\">O reitor tamb\u00e9m refor\u00e7ou o legado deixado pelos primeiros franciscanos, que viveram a espiritualidade da cruz com amor, compaix\u00e3o e dedica\u00e7\u00e3o aos mais necessitados. \u201cMais do que a mem\u00f3ria de um evento hist\u00f3rico ocorrido h\u00e1 exatos 525 anos, esta peregrina\u00e7\u00e3o nos faz lembrar que a Cruz de Cristo foi a bandeira primeira erguida em nossa terra. Esta cruz que esteve em terras rec\u00e9m conquistadas, esteve no primeiro altar do Brasil\u201d, afirmou Frei Diego. O pregador tamb\u00e9m tra\u00e7ou um paralelo com Frei Galv\u00e3o, primeiro santo brasileiro, nascido em Guaratinguet\u00e1. Frei Galv\u00e3o \u00e9 exaltado como fruto dessa evangeliza\u00e7\u00e3o e exemplo de f\u00e9, servi\u00e7o e milagres que continuam tocando o povo brasileiro at\u00e9 hoje.<\/span><\/p>\n<p><span style=\"font-weight: 400;\">\u201cHoje, mais do que nunca, ao contemplarmos esta cruz, somos interpelados a contemplar tamb\u00e9m os crucificados de nossos tempos. Os sofredores, os pobres, os abandonados, os desassistidos\u201d, convocou Frei Diego.<\/span><\/p>\n\n\t\t<style type=\"text\/css\">\n\t\t\t#gallery-2 {\n\t\t\t\tmargin: auto;\n\t\t\t}\n\t\t\t#gallery-2 .gallery-item {\n\t\t\t\tfloat: left;\n\t\t\t\tmargin-top: 10px;\n\t\t\t\ttext-align: center;\n\t\t\t\twidth: 33%;\n\t\t\t}\n\t\t\t#gallery-2 img {\n\t\t\t\tborder: 2px solid #cfcfcf;\n\t\t\t}\n\t\t\t#gallery-2 .gallery-caption {\n\t\t\t\tmargin-left: 0;\n\t\t\t}\n\t\t\t\/* see gallery_shortcode() in wp-includes\/media.php *\/\n\t\t<\/style>\n\t\t<div id='gallery-2' class='gallery galleryid-256093 gallery-columns-3 gallery-size-thumbnail'><dl class='gallery-item'>\n\t\t\t<dt class='gallery-icon landscape'>\n\t\t\t\t<a href='https:\/\/franciscanos.org.br\/noticias\/wp-content\/uploads\/2025\/04\/missa5.jpeg'><img width=\"300\" height=\"300\" src=\"https:\/\/franciscanos.org.br\/noticias\/wp-content\/uploads\/2025\/04\/missa5-300x300.jpeg\" class=\"attachment-thumbnail size-thumbnail\" alt=\"\" loading=\"lazy\" srcset=\"https:\/\/franciscanos.org.br\/noticias\/wp-content\/uploads\/2025\/04\/missa5-300x300.jpeg 300w, https:\/\/franciscanos.org.br\/noticias\/wp-content\/uploads\/2025\/04\/missa5-100x100.jpeg 100w\" sizes=\"(max-width: 300px) 100vw, 300px\" \/><\/a>\n\t\t\t<\/dt><\/dl><dl class='gallery-item'>\n\t\t\t<dt class='gallery-icon landscape'>\n\t\t\t\t<a href='https:\/\/franciscanos.org.br\/noticias\/wp-content\/uploads\/2025\/04\/missa9.jpeg'><img width=\"300\" height=\"300\" src=\"https:\/\/franciscanos.org.br\/noticias\/wp-content\/uploads\/2025\/04\/missa9-300x300.jpeg\" class=\"attachment-thumbnail size-thumbnail\" alt=\"\" loading=\"lazy\" srcset=\"https:\/\/franciscanos.org.br\/noticias\/wp-content\/uploads\/2025\/04\/missa9-300x300.jpeg 300w, https:\/\/franciscanos.org.br\/noticias\/wp-content\/uploads\/2025\/04\/missa9-100x100.jpeg 100w\" sizes=\"(max-width: 300px) 100vw, 300px\" \/><\/a>\n\t\t\t<\/dt><\/dl><dl class='gallery-item'>\n\t\t\t<dt class='gallery-icon landscape'>\n\t\t\t\t<a href='https:\/\/franciscanos.org.br\/noticias\/wp-content\/uploads\/2025\/04\/missa10.jpeg'><img width=\"300\" height=\"300\" src=\"https:\/\/franciscanos.org.br\/noticias\/wp-content\/uploads\/2025\/04\/missa10-300x300.jpeg\" class=\"attachment-thumbnail size-thumbnail\" alt=\"\" loading=\"lazy\" srcset=\"https:\/\/franciscanos.org.br\/noticias\/wp-content\/uploads\/2025\/04\/missa10-300x300.jpeg 300w, https:\/\/franciscanos.org.br\/noticias\/wp-content\/uploads\/2025\/04\/missa10-100x100.jpeg 100w\" sizes=\"(max-width: 300px) 100vw, 300px\" \/><\/a>\n\t\t\t<\/dt><\/dl><br style=\"clear: both\" \/>\n\t\t<\/div>\n\n<p><span style=\"font-weight: 400;\">Ainda de acordo com o frade, a cruz \u00e9 vista tamb\u00e9m como s\u00edmbolo de renova\u00e7\u00e3o e miss\u00e3o: a f\u00e9 crist\u00e3 que nasceu no Brasil floresceu e continua viva, sendo for\u00e7a que inspira novos santos e a\u00e7\u00f5es de caridade pelo pa\u00eds.<\/span><\/p>\n<p><span style=\"font-weight: 400;\">Frei Diego prestou ainda uma homenagem emocionada ao Padre Omar, respons\u00e1vel por trazer a cruz ao Brasil, que mesmo enfrentando o luto recente pela perda do pai, manteve sua miss\u00e3o, tornando-se exemplo de f\u00e9 e resili\u00eancia.<\/span><\/p>\n<p><span style=\"font-weight: 400;\"><img loading=\"lazy\" class=\"size-medium wp-image-256106 alignright\" src=\"https:\/\/franciscanos.org.br\/noticias\/wp-content\/uploads\/2025\/04\/69593BDF-4C46-41C8-BCC6-67EE105FBDBB-450x300.jpeg\" alt=\"\" width=\"450\" height=\"300\" srcset=\"https:\/\/franciscanos.org.br\/noticias\/wp-content\/uploads\/2025\/04\/69593BDF-4C46-41C8-BCC6-67EE105FBDBB-450x300.jpeg 450w, https:\/\/franciscanos.org.br\/noticias\/wp-content\/uploads\/2025\/04\/69593BDF-4C46-41C8-BCC6-67EE105FBDBB-1024x683.jpeg 1024w, https:\/\/franciscanos.org.br\/noticias\/wp-content\/uploads\/2025\/04\/69593BDF-4C46-41C8-BCC6-67EE105FBDBB-768x512.jpeg 768w, https:\/\/franciscanos.org.br\/noticias\/wp-content\/uploads\/2025\/04\/69593BDF-4C46-41C8-BCC6-67EE105FBDBB-150x100.jpeg 150w, https:\/\/franciscanos.org.br\/noticias\/wp-content\/uploads\/2025\/04\/69593BDF-4C46-41C8-BCC6-67EE105FBDBB.jpeg 1296w\" sizes=\"(max-width: 450px) 100vw, 450px\" \/>Ao final da celebra\u00e7\u00e3o, o presb\u00edtero agradeceu a acolhida e as palavras de Frei Diego sobre a perda de seu pai. \u201cEstava com o cora\u00e7\u00e3o apertado, com saudade do meu pai, e chego aqui, recebo esse abra\u00e7o de voc\u00eas. Isso mostra muito o carinho e a for\u00e7a espiritual, a fraternidade que existe entre n\u00f3s, somos Igreja\u201d, manifestou.<\/span><\/p>\n<p><span style=\"font-weight: 400;\">Ele relatou a simb\u00f3lica releitura da hist\u00f3ria: em vez dos portugueses trazerem a cruz, a comitiva brasileira foi at\u00e9 Portugal busc\u00e1-la \u2014 agora levando uma ind\u00edgena da tribo Patax\u00f3, Wilsa, representante dos povos origin\u00e1rios e colaboradora no Cristo Redentor.<\/span><\/p>\n<p><span style=\"font-weight: 400;\">Na sequ\u00eancia, Padre Omar convidou Wilsa para dirigir algumas palavras aos presentes. Ela compartilhou sua experi\u00eancia como integrante da comitiva que foi a Portugal e ressaltou a import\u00e2ncia do catolicismo em sua etnia e da conviv\u00eancia harmoniosa entre as tradi\u00e7\u00f5es ind\u00edgenas e a f\u00e9 crist\u00e3, colocando a cruz como s\u00edmbolo de uni\u00e3o entre povos.<\/span><\/p>\n<p><span style=\"font-weight: 400;\"><img loading=\"lazy\" class=\"size-medium wp-image-256105 alignleft\" src=\"https:\/\/franciscanos.org.br\/noticias\/wp-content\/uploads\/2025\/04\/1333707F-F022-4794-8CDF-0DB0779E8DD2-450x300.jpeg\" alt=\"\" width=\"450\" height=\"300\" srcset=\"https:\/\/franciscanos.org.br\/noticias\/wp-content\/uploads\/2025\/04\/1333707F-F022-4794-8CDF-0DB0779E8DD2-450x300.jpeg 450w, https:\/\/franciscanos.org.br\/noticias\/wp-content\/uploads\/2025\/04\/1333707F-F022-4794-8CDF-0DB0779E8DD2-1024x683.jpeg 1024w, https:\/\/franciscanos.org.br\/noticias\/wp-content\/uploads\/2025\/04\/1333707F-F022-4794-8CDF-0DB0779E8DD2-768x512.jpeg 768w, https:\/\/franciscanos.org.br\/noticias\/wp-content\/uploads\/2025\/04\/1333707F-F022-4794-8CDF-0DB0779E8DD2-150x100.jpeg 150w, https:\/\/franciscanos.org.br\/noticias\/wp-content\/uploads\/2025\/04\/1333707F-F022-4794-8CDF-0DB0779E8DD2.jpeg 1296w\" sizes=\"(max-width: 450px) 100vw, 450px\" \/>Para encerrar, Wilsa falou sobre a import\u00e2ncia da ecologia e sustentabilidade, recordando os ensinamentos do Papa Francisco na enc\u00edclica Laudato Si\u2019 e fazendo uma liga\u00e7\u00e3o com as pr\u00e1ticas dos povos ind\u00edgenas no cuidado com a Casa Comum.<\/span><\/p>\n<p><span style=\"font-weight: 400;\">Segundo relatos hist\u00f3ricos, a primeira Missa em solo brasileiro ocorreu em 26 de abril de 1500 e foi presidida por Frei Henrique de Soares Coimbra, para os presentes na esquadra de Pedro \u00c1lvares Cabral. Conforme relatou Pero Vaz de Caminha em sua carta, a celebra\u00e7\u00e3o foi um evento marcante da chegada dos portugueses ao novo territ\u00f3rio.<\/span><\/p>\n<p><span style=\"font-weight: 400;\">A cruz, atualmente preservada no Museu da S\u00e9 de Braga, em Portugal, representa mais do que um s\u00edmbolo religioso: ela carrega em si valores universais como a f\u00e9, a uni\u00e3o, o amor e a esperan\u00e7a. A chegada dessa cruz ao Brasil ocorre tamb\u00e9m em outro momento especial, quando s\u00e3o celebrados os 200 anos do estabelecimento de rela\u00e7\u00f5es diplom\u00e1ticas entre Brasil e Portugal, por meio do Tratado de Paz, Amizade e Alian\u00e7a, assinado em 1825. Este momento marcante foi organizado pelo Movimento Brasil com F\u00e9, o Santu\u00e1rio Arquidiocesano do Cristo Redentor e o Instituto Redemptor.<\/span><\/p>\n<hr \/>\n<p><em>\u00c9rika Augusto &#8211; Pascom Santu\u00e1rio Frei Galv\u00e3o \/ Fotos: Alexandre Mina (Missa) e Patrick Henrique (Carreata) &#8211; Pascom Santu\u00e1rio Frei Galv\u00e3o\u00a0<\/em><span style=\"font-weight: 400;\"><br \/>\n<\/span><\/p>\n","protected":false},"excerpt":{"rendered":"<p>525 anos da primeira Missa celebrada em Santa Cruz Cabr\u00e1lia <\/p>\n","protected":false},"author":11,"featured_media":256109,"comment_status":"open","ping_status":"open","sticky":false,"template":"","format":"standard","meta":[],"categories":[1],"tags":[1821],"acf":[],"yoast_head":"<!-- This site is optimized with the Yoast SEO plugin v19.2 - https:\/\/yoast.com\/wordpress\/plugins\/seo\/ -->\n<title>Santu\u00e1rio Frei Galv\u00e3o acolhe com rever\u00eancia a Cruz da primeira Missa celebrada no Brasil - Not\u00edcias - Franciscanos<\/title>\n<meta name=\"robots\" content=\"index, follow, max-snippet:-1, max-image-preview:large, max-video-preview:-1\" \/>\n<link rel=\"canonical\" href=\"https:\/\/franciscanos.org.br\/noticias\/santuario-frei-galvao-acolhe-com-reverencia-a-cruz-da-primeira-missa-celebrada-no-brasil.html\" \/>\n<meta property=\"og:locale\" content=\"pt_BR\" \/>\n<meta property=\"og:type\" content=\"article\" \/>\n<meta property=\"og:title\" content=\"Santu\u00e1rio Frei Galv\u00e3o acolhe com rever\u00eancia a Cruz da primeira Missa celebrada no Brasil - Not\u00edcias - Franciscanos\" \/>\n<meta property=\"og:description\" content=\"525 anos da primeira Missa celebrada em Santa Cruz Cabr\u00e1lia\" \/>\n<meta property=\"og:url\" content=\"https:\/\/franciscanos.org.br\/noticias\/santuario-frei-galvao-acolhe-com-reverencia-a-cruz-da-primeira-missa-celebrada-no-brasil.html\" \/>\n<meta property=\"og:site_name\" content=\"Not\u00edcias - Franciscanos\" \/>\n<meta property=\"article:published_time\" content=\"2025-04-17T19:50:51+00:00\" \/>\n<meta property=\"article:modified_time\" content=\"2025-04-18T20:40:58+00:00\" \/>\n<meta property=\"og:image\" content=\"https:\/\/franciscanos.org.br\/noticias\/wp-content\/uploads\/2025\/04\/CHAMADA-21.png\" \/>\n\t<meta property=\"og:image:width\" content=\"800\" \/>\n\t<meta property=\"og:image:height\" content=\"550\" \/>\n\t<meta property=\"og:image:type\" content=\"image\/png\" \/>\n<meta name=\"author\" content=\"Adriana Rabelo\" \/>\n<meta name=\"twitter:card\" content=\"summary_large_image\" \/>\n<meta name=\"twitter:label1\" content=\"Escrito por\" \/>\n\t<meta name=\"twitter:data1\" content=\"Adriana Rabelo\" \/>\n\t<meta name=\"twitter:label2\" content=\"Est. tempo de leitura\" \/>\n\t<meta name=\"twitter:data2\" content=\"5 minutos\" \/>\n<script type=\"application\/ld+json\" class=\"yoast-schema-graph\">{\"@context\":\"https:\/\/schema.org\",\"@graph\":[{\"@type\":\"WebSite\",\"@id\":\"https:\/\/franciscanos.org.br\/noticias\/#website\",\"url\":\"https:\/\/franciscanos.org.br\/noticias\/\",\"name\":\"Not\u00edcias - Franciscanos\",\"description\":\"Prov\u00edncia Franciscana da Imaculada Concei\u00e7\u00e3o do Brasil - Ordem dos Frades Menores - OFM\",\"potentialAction\":[{\"@type\":\"SearchAction\",\"target\":{\"@type\":\"EntryPoint\",\"urlTemplate\":\"https:\/\/franciscanos.org.br\/noticias\/?s={search_term_string}\"},\"query-input\":\"required name=search_term_string\"}],\"inLanguage\":\"pt-BR\"},{\"@type\":\"ImageObject\",\"inLanguage\":\"pt-BR\",\"@id\":\"https:\/\/franciscanos.org.br\/noticias\/santuario-frei-galvao-acolhe-com-reverencia-a-cruz-da-primeira-missa-celebrada-no-brasil.html#primaryimage\",\"url\":\"https:\/\/franciscanos.org.br\/noticias\/wp-content\/uploads\/2025\/04\/CHAMADA-21.png\",\"contentUrl\":\"https:\/\/franciscanos.org.br\/noticias\/wp-content\/uploads\/2025\/04\/CHAMADA-21.png\",\"width\":800,\"height\":550},{\"@type\":\"WebPage\",\"@id\":\"https:\/\/franciscanos.org.br\/noticias\/santuario-frei-galvao-acolhe-com-reverencia-a-cruz-da-primeira-missa-celebrada-no-brasil.html#webpage\",\"url\":\"https:\/\/franciscanos.org.br\/noticias\/santuario-frei-galvao-acolhe-com-reverencia-a-cruz-da-primeira-missa-celebrada-no-brasil.html\",\"name\":\"Santu\u00e1rio Frei Galv\u00e3o acolhe com rever\u00eancia a Cruz da primeira Missa celebrada no Brasil - Not\u00edcias - Franciscanos\",\"isPartOf\":{\"@id\":\"https:\/\/franciscanos.org.br\/noticias\/#website\"},\"primaryImageOfPage\":{\"@id\":\"https:\/\/franciscanos.org.br\/noticias\/santuario-frei-galvao-acolhe-com-reverencia-a-cruz-da-primeira-missa-celebrada-no-brasil.html#primaryimage\"},\"datePublished\":\"2025-04-17T19:50:51+00:00\",\"dateModified\":\"2025-04-18T20:40:58+00:00\",\"author\":{\"@id\":\"https:\/\/franciscanos.org.br\/noticias\/#\/schema\/person\/d9422e83121c3ad3b0f423d195f5bb25\"},\"breadcrumb\":{\"@id\":\"https:\/\/franciscanos.org.br\/noticias\/santuario-frei-galvao-acolhe-com-reverencia-a-cruz-da-primeira-missa-celebrada-no-brasil.html#breadcrumb\"},\"inLanguage\":\"pt-BR\",\"potentialAction\":[{\"@type\":\"ReadAction\",\"target\":[\"https:\/\/franciscanos.org.br\/noticias\/santuario-frei-galvao-acolhe-com-reverencia-a-cruz-da-primeira-missa-celebrada-no-brasil.html\"]}]},{\"@type\":\"BreadcrumbList\",\"@id\":\"https:\/\/franciscanos.org.br\/noticias\/santuario-frei-galvao-acolhe-com-reverencia-a-cruz-da-primeira-missa-celebrada-no-brasil.html#breadcrumb\",\"itemListElement\":[{\"@type\":\"ListItem\",\"position\":1,\"name\":\"Home\",\"item\":\"https:\/\/franciscanos.org.br\/noticias\"},{\"@type\":\"ListItem\",\"position\":2,\"name\":\"Santu\u00e1rio Frei Galv\u00e3o acolhe com rever\u00eancia a Cruz da primeira Missa celebrada no Brasil\"}]},{\"@type\":\"Person\",\"@id\":\"https:\/\/franciscanos.org.br\/noticias\/#\/schema\/person\/d9422e83121c3ad3b0f423d195f5bb25\",\"name\":\"Adriana Rabelo\",\"image\":{\"@type\":\"ImageObject\",\"inLanguage\":\"pt-BR\",\"@id\":\"https:\/\/franciscanos.org.br\/noticias\/#\/schema\/person\/image\/\",\"url\":\"https:\/\/secure.gravatar.com\/avatar\/0a937b7500cd7df77540cfb8bede877d?s=96&d=mm&r=g\",\"contentUrl\":\"https:\/\/secure.gravatar.com\/avatar\/0a937b7500cd7df77540cfb8bede877d?s=96&d=mm&r=g\",\"caption\":\"Adriana Rabelo\"},\"url\":\"https:\/\/franciscanos.org.br\/noticias\/author\/adrianarabelo\"}]}<\/script>\n<!-- \/ Yoast SEO plugin. -->","yoast_head_json":{"title":"Santu\u00e1rio Frei Galv\u00e3o acolhe com rever\u00eancia a Cruz da primeira Missa celebrada no Brasil - Not\u00edcias - Franciscanos","robots":{"index":"index","follow":"follow","max-snippet":"max-snippet:-1","max-image-preview":"max-image-preview:large","max-video-preview":"max-video-preview:-1"},"canonical":"https:\/\/franciscanos.org.br\/noticias\/santuario-frei-galvao-acolhe-com-reverencia-a-cruz-da-primeira-missa-celebrada-no-brasil.html","og_locale":"pt_BR","og_type":"article","og_title":"Santu\u00e1rio Frei Galv\u00e3o acolhe com rever\u00eancia a Cruz da primeira Missa celebrada no Brasil - Not\u00edcias - Franciscanos","og_description":"525 anos da primeira Missa celebrada em Santa Cruz Cabr\u00e1lia","og_url":"https:\/\/franciscanos.org.br\/noticias\/santuario-frei-galvao-acolhe-com-reverencia-a-cruz-da-primeira-missa-celebrada-no-brasil.html","og_site_name":"Not\u00edcias - Franciscanos","article_published_time":"2025-04-17T19:50:51+00:00","article_modified_time":"2025-04-18T20:40:58+00:00","og_image":[{"width":800,"height":550,"url":"https:\/\/franciscanos.org.br\/noticias\/wp-content\/uploads\/2025\/04\/CHAMADA-21.png","type":"image\/png"}],"author":"Adriana Rabelo","twitter_card":"summary_large_image","twitter_misc":{"Escrito por":"Adriana Rabelo","Est. tempo de leitura":"5 minutos"},"schema":{"@context":"https:\/\/schema.org","@graph":[{"@type":"WebSite","@id":"https:\/\/franciscanos.org.br\/noticias\/#website","url":"https:\/\/franciscanos.org.br\/noticias\/","name":"Not\u00edcias - Franciscanos","description":"Prov\u00edncia Franciscana da Imaculada Concei\u00e7\u00e3o do Brasil - Ordem dos Frades Menores - OFM","potentialAction":[{"@type":"SearchAction","target":{"@type":"EntryPoint","urlTemplate":"https:\/\/franciscanos.org.br\/noticias\/?s={search_term_string}"},"query-input":"required name=search_term_string"}],"inLanguage":"pt-BR"},{"@type":"ImageObject","inLanguage":"pt-BR","@id":"https:\/\/franciscanos.org.br\/noticias\/santuario-frei-galvao-acolhe-com-reverencia-a-cruz-da-primeira-missa-celebrada-no-brasil.html#primaryimage","url":"https:\/\/franciscanos.org.br\/noticias\/wp-content\/uploads\/2025\/04\/CHAMADA-21.png","contentUrl":"https:\/\/franciscanos.org.br\/noticias\/wp-content\/uploads\/2025\/04\/CHAMADA-21.png","width":800,"height":550},{"@type":"WebPage","@id":"https:\/\/franciscanos.org.br\/noticias\/santuario-frei-galvao-acolhe-com-reverencia-a-cruz-da-primeira-missa-celebrada-no-brasil.html#webpage","url":"https:\/\/franciscanos.org.br\/noticias\/santuario-frei-galvao-acolhe-com-reverencia-a-cruz-da-primeira-missa-celebrada-no-brasil.html","name":"Santu\u00e1rio Frei Galv\u00e3o acolhe com rever\u00eancia a Cruz da primeira Missa celebrada no Brasil - Not\u00edcias - Franciscanos","isPartOf":{"@id":"https:\/\/franciscanos.org.br\/noticias\/#website"},"primaryImageOfPage":{"@id":"https:\/\/franciscanos.org.br\/noticias\/santuario-frei-galvao-acolhe-com-reverencia-a-cruz-da-primeira-missa-celebrada-no-brasil.html#primaryimage"},"datePublished":"2025-04-17T19:50:51+00:00","dateModified":"2025-04-18T20:40:58+00:00","author":{"@id":"https:\/\/franciscanos.org.br\/noticias\/#\/schema\/person\/d9422e83121c3ad3b0f423d195f5bb25"},"breadcrumb":{"@id":"https:\/\/franciscanos.org.br\/noticias\/santuario-frei-galvao-acolhe-com-reverencia-a-cruz-da-primeira-missa-celebrada-no-brasil.html#breadcrumb"},"inLanguage":"pt-BR","potentialAction":[{"@type":"ReadAction","target":["https:\/\/franciscanos.org.br\/noticias\/santuario-frei-galvao-acolhe-com-reverencia-a-cruz-da-primeira-missa-celebrada-no-brasil.html"]}]},{"@type":"BreadcrumbList","@id":"https:\/\/franciscanos.org.br\/noticias\/santuario-frei-galvao-acolhe-com-reverencia-a-cruz-da-primeira-missa-celebrada-no-brasil.html#breadcrumb","itemListElement":[{"@type":"ListItem","position":1,"name":"Home","item":"https:\/\/franciscanos.org.br\/noticias"},{"@type":"ListItem","position":2,"name":"Santu\u00e1rio Frei Galv\u00e3o acolhe com rever\u00eancia a Cruz da primeira Missa celebrada no Brasil"}]},{"@type":"Person","@id":"https:\/\/franciscanos.org.br\/noticias\/#\/schema\/person\/d9422e83121c3ad3b0f423d195f5bb25","name":"Adriana Rabelo","image":{"@type":"ImageObject","inLanguage":"pt-BR","@id":"https:\/\/franciscanos.org.br\/noticias\/#\/schema\/person\/image\/","url":"https:\/\/secure.gravatar.com\/avatar\/0a937b7500cd7df77540cfb8bede877d?s=96&d=mm&r=g","contentUrl":"https:\/\/secure.gravatar.com\/avatar\/0a937b7500cd7df77540cfb8bede877d?s=96&d=mm&r=g","caption":"Adriana Rabelo"},"url":"https:\/\/franciscanos.org.br\/noticias\/author\/adrianarabelo"}]}},"_links":{"self":[{"href":"https:\/\/franciscanos.org.br\/noticias\/wp-json\/wp\/v2\/posts\/256093"}],"collection":[{"href":"https:\/\/franciscanos.org.br\/noticias\/wp-json\/wp\/v2\/posts"}],"about":[{"href":"https:\/\/franciscanos.org.br\/noticias\/wp-json\/wp\/v2\/types\/post"}],"author":[{"embeddable":true,"href":"https:\/\/franciscanos.org.br\/noticias\/wp-json\/wp\/v2\/users\/11"}],"replies":[{"embeddable":true,"href":"https:\/\/franciscanos.org.br\/noticias\/wp-json\/wp\/v2\/comments?post=256093"}],"version-history":[{"count":6,"href":"https:\/\/franciscanos.org.br\/noticias\/wp-json\/wp\/v2\/posts\/256093\/revisions"}],"predecessor-version":[{"id":256111,"href":"https:\/\/franciscanos.org.br\/noticias\/wp-json\/wp\/v2\/posts\/256093\/revisions\/256111"}],"wp:featuredmedia":[{"embeddable":true,"href":"https:\/\/franciscanos.org.br\/noticias\/wp-json\/wp\/v2\/media\/256109"}],"wp:attachment":[{"href":"https:\/\/franciscanos.org.br\/noticias\/wp-json\/wp\/v2\/media?parent=256093"}],"wp:term":[{"taxonomy":"category","embeddable":true,"href":"https:\/\/franciscanos.org.br\/noticias\/wp-json\/wp\/v2\/categories?post=256093"},{"taxonomy":"post_tag","embeddable":true,"href":"https:\/\/franciscanos.org.br\/noticias\/wp-json\/wp\/v2\/tags?post=256093"}],"curies":[{"name":"wp","href":"https:\/\/api.w.org\/{rel}","templated":true}]}}