{"id":256077,"date":"2025-04-16T15:12:48","date_gmt":"2025-04-16T18:12:48","guid":{"rendered":"https:\/\/franciscanos.org.br\/noticias\/?p=256077"},"modified":"2025-04-16T15:18:41","modified_gmt":"2025-04-16T18:18:41","slug":"a-paixao-de-cristo-na-espiritualidade-franciscana","status":"publish","type":"post","link":"https:\/\/franciscanos.org.br\/noticias\/a-paixao-de-cristo-na-espiritualidade-franciscana.html","title":{"rendered":"A Paix\u00e3o de Cristo na Espiritualidade Franciscana"},"content":{"rendered":"<p><img loading=\"lazy\" class=\"aligncenter wp-image-256078 size-full\" src=\"https:\/\/franciscanos.org.br\/noticias\/wp-content\/uploads\/2025\/04\/MATERIA-21.png\" alt=\"\" width=\"1280\" height=\"720\" srcset=\"https:\/\/franciscanos.org.br\/noticias\/wp-content\/uploads\/2025\/04\/MATERIA-21.png 1280w, https:\/\/franciscanos.org.br\/noticias\/wp-content\/uploads\/2025\/04\/MATERIA-21-450x253.png 450w, https:\/\/franciscanos.org.br\/noticias\/wp-content\/uploads\/2025\/04\/MATERIA-21-1024x576.png 1024w, https:\/\/franciscanos.org.br\/noticias\/wp-content\/uploads\/2025\/04\/MATERIA-21-768x432.png 768w, https:\/\/franciscanos.org.br\/noticias\/wp-content\/uploads\/2025\/04\/MATERIA-21-150x84.png 150w\" sizes=\"(max-width: 1280px) 100vw, 1280px\" \/><\/p>\n<p>A Prov\u00edncia Franciscana da Imaculada Concei\u00e7\u00e3o do Brasil est\u00e1 voltada para a celebra\u00e7\u00e3o da Semana Santa, em suas Fraternidades e demais espa\u00e7os onde se faz presente. Assim como S\u00e3o Francisco de Assis, a rela\u00e7\u00e3o dos frades franciscanos com o Crucificado \u00e9 muito forte e determina, inclusive, a forma de ver e agir perante as mazelas do mundo. Dos tempos da convers\u00e3o do Santo Ser\u00e1fico at\u00e9 a atualidade, s\u00e3o profundas as marcas deixadas na hist\u00f3ria da Ordem dos Frades Menores e de toda a Fam\u00edlia Franciscana.<\/p>\n<p>Francisco recebeu os estigmas em seu corpo como resultado da profunda entrega a Jesus Cristo, o Cordeiro de Deus, Filho de Deus Pai. Sua hist\u00f3ria tamb\u00e9m foi capaz de imprimir na espiritualidade e no carisma franciscano o que h\u00e1 de mais profundo no amor a todas as criaturas, bem como na forma como se relaciona com as dores da humanidade.<\/p>\n<p>Para os franciscanos, viver a Semana Santa tamb\u00e9m \u00e9 recordar a hist\u00f3ria de S\u00e3o Francisco, a partir de sua devo\u00e7\u00e3o, obedi\u00eancia e entrega \u00e0 sua miss\u00e3o como filho de Deus, que sentiu na carne, assim como o Crucificado, a humilha\u00e7\u00e3o e o desprezo, sem perder a capacidade de olhar com amor profundo para aqueles que sofrem e s\u00e3o crucificados todos os dias em nossa sociedade.<\/p>\n<p><img loading=\"lazy\" class=\"size-medium wp-image-256079 alignright\" src=\"https:\/\/franciscanos.org.br\/noticias\/wp-content\/uploads\/2025\/04\/cruz-450x318.jpg\" alt=\"\" width=\"450\" height=\"318\" srcset=\"https:\/\/franciscanos.org.br\/noticias\/wp-content\/uploads\/2025\/04\/cruz-450x318.jpg 450w, https:\/\/franciscanos.org.br\/noticias\/wp-content\/uploads\/2025\/04\/cruz-150x106.jpg 150w, https:\/\/franciscanos.org.br\/noticias\/wp-content\/uploads\/2025\/04\/cruz-460x325.jpg 460w, https:\/\/franciscanos.org.br\/noticias\/wp-content\/uploads\/2025\/04\/cruz.jpg 480w\" sizes=\"(max-width: 450px) 100vw, 450px\" \/>Frei Jo\u00e3o Mannes, no artigo \u201cO perfeito amor de S\u00e3o Francisco ao Crucificado\u201d, salienta que:<br \/>\n\u201cFoi ao ouvir o Evangelho acerca da miss\u00e3o dos ap\u00f3stolos (Mt 10, 7-13), que Francisco compreendeu o real significado da voz do Crucificado, e imediatamente exclamou: \u2018\u00c9 isto que eu quero, \u00e9 isto que eu procuro, \u00e9 isto que eu desejo fazer do \u00edntimo do cora\u00e7\u00e3o (1Cel 8,22)\u2019. Assim, sob o toque ou o apelo de uma afei\u00e7\u00e3o, come\u00e7ou devotadamente a colocar em pr\u00e1tica o que ouvira, isto \u00e9, distribuiu aos pobres todos os seus bens materiais, bem como renegou-se a si mesmo para que, exterior e interiormente livre, pudesse ir pelo mundo e anunciar aos homens a paz, a penit\u00eancia e, enfim, o amor n\u00e3o amado de Deus.\u201d<\/p>\n<p>Segundo ele, o amor que \u00e9 Deus realizou-se na sua profundeza, largura e altitude na pessoa de Jesus Cristo.<br \/>\n\u201cA encarna\u00e7\u00e3o, o est\u00e1bulo, o lava-p\u00e9s e a Eucaristia s\u00e3o express\u00f5es concretas do modo de amar como s\u00f3 o Deus de Jesus Cristo pode e sabe amar. Por\u00e9m, foi especialmente ao entregar incondicional e gratuitamente a sua vida na Cruz, que o Filho de Deus revelou \u00e0 humanidade que Deus \u00e9 essencialmente caridade perfeita.\u201d<\/p>\n<p>E, quando descreve o amor do Santo Ser\u00e1fico por todas as criaturas, assim como o fez Jesus Cristo, Frei Jo\u00e3o traz a seguinte argumenta\u00e7\u00e3o:<br \/>\n\u201cO Pobre de Assis, no seguimento de Jesus Cristo, perdeu a sua pr\u00f3pria vida, mas recuperou-a inteiramente em Deus, de acordo com a palavra do Evangelho: <em>Quem perder a sua vida por causa de mim vai encontr\u00e1-la<\/em> (Mt 12,25). Todavia, Francisco n\u00e3o somente reencontrou a si mesmo em Deus, como filho de Deus, mas a todos os seres do universo. O <em>C\u00e2ntico das Criaturas<\/em>, que comp\u00f4s pouco antes de sua morte corporal, \u00e9 express\u00e3o jubilosa dessa intensa experi\u00eancia ecoespiritual: <em>Louvado sejas, meu Senhor, com todas as tuas criaturas<\/em>.\u201d<\/p>\n<p>Diante de tanta inspira\u00e7\u00e3o motivada pela Semana Santa e pela vida de S\u00e3o Francisco de Assis, podemos compreender que viver a caminhada de Jesus Cristo ao Calv\u00e1rio \u00e9 o mesmo que reconhecer nossa pequenez diante do Filho de Deus que, assim como um cordeiro, foi imolado pela expia\u00e7\u00e3o dos nossos pecados. As marcas de Sua Paix\u00e3o s\u00e3o as mesmas que S\u00e3o Francisco recebeu e, na atualidade, s\u00e3o cravadas nos corpos de homens, mulheres, crian\u00e7as e idosos que sofrem com as guerras, com a fome e com a nega\u00e7\u00e3o da exist\u00eancia.<\/p>\n<p><img loading=\"lazy\" class=\"size-medium wp-image-256080 alignleft\" src=\"https:\/\/franciscanos.org.br\/noticias\/wp-content\/uploads\/2025\/04\/s-o-francisco-abra-ando-cristo-crucificado-batolom-esteb-n-murillo-red-iz427n7agq-290x450.webp\" alt=\"\" width=\"290\" height=\"450\" srcset=\"https:\/\/franciscanos.org.br\/noticias\/wp-content\/uploads\/2025\/04\/s-o-francisco-abra-ando-cristo-crucificado-batolom-esteb-n-murillo-red-iz427n7agq-290x450.webp 290w, https:\/\/franciscanos.org.br\/noticias\/wp-content\/uploads\/2025\/04\/s-o-francisco-abra-ando-cristo-crucificado-batolom-esteb-n-murillo-red-iz427n7agq-150x233.webp 150w, https:\/\/franciscanos.org.br\/noticias\/wp-content\/uploads\/2025\/04\/s-o-francisco-abra-ando-cristo-crucificado-batolom-esteb-n-murillo-red-iz427n7agq.webp 450w\" sizes=\"(max-width: 290px) 100vw, 290px\" \/>A cruz marca toda a vida de S\u00e3o Francisco de Assis. Est\u00e1 com ele no in\u00edcio de sua convers\u00e3o e no fim de sua vida, quando o santo experimentou o sofrimento de Jesus atrav\u00e9s de suas chagas. No <em>Dicion\u00e1rio Franciscano<\/em>, Ignacio Omaechevarr\u00eda diz que S\u00e3o Francisco foi um homem especialmente marcado pela cruz:<br \/>\n\u201cO mist\u00e9rio da cruz, vivido intensamente por Francisco, tornou-se a for\u00e7a da prega\u00e7\u00e3o de seus filhos e fonte de renova\u00e7\u00e3o para a Igreja. Merece men\u00e7\u00e3o o cap\u00edtulo 16 dos <em>Fioretti<\/em>, que n\u00e3o \u00e9 apenas uma bela p\u00e1gina liter\u00e1ria, mas encerra em suas linhas um profundo mist\u00e9rio. Eis a conclus\u00e3o do texto: \u2018Finalmente, terminada a prega\u00e7\u00e3o (aos passarinhos), S\u00e3o Francisco fez sobre eles o sinal-da-cruz e deu-lhes licen\u00e7a de partir; e ent\u00e3o todas aquelas aves em bando se levantaram no ar com maravilhosos cantos; e depois, seguindo a cruz que S\u00e3o Francisco fizera, dividiram-se em quatro grupos: um voou para o oriente e outro para o ocidente, o terceiro para o meio-dia, o quarto para o aquil\u00e3o, e cada bando cantava maravilhosamente; significando que, como por S\u00e3o Francisco, arauto da cruz de Cristo, lhes fora pregado e sobre eles feito o sinal-da-cruz, segundo o qual se dividiram, cantando pelas quatro partes do mundo; assim a prega\u00e7\u00e3o da cruz de Cristo, renovada por S\u00e3o Francisco, devia ser levada por ele e por seus irm\u00e3os a todo o mundo: os frades, como os p\u00e1ssaros, nada de pr\u00f3prio possuindo neste mundo, confiam a vida unicamente \u00e0 provid\u00eancia de Deus\u2019.\u201d<\/p>\n<p>Em artigo publicado no site Franciscanos, Frei Celso M\u00e1rcio Teixeira afirma que:<br \/>\n\u201cA devo\u00e7\u00e3o da Via-sacra ou <em>Via crucis<\/em> tem suas origens bem dentro da espiritualidade franciscana. \u00c9 de todos conhecida a intensidade com que Francisco meditava sobre a humanidade de Cristo: encarna\u00e7\u00e3o, Natal, paix\u00e3o e, dentro do mist\u00e9rio ken\u00f3tico do Filho de Deus, a Eucaristia, intimamente ligada \u00e0 encarna\u00e7\u00e3o. Tudo isto, evidentemente, sem anular a divindade de Cristo. Tom\u00e1s de Celano, ao narrar o encontro de Francisco com o crucifixo de S\u00e3o Dami\u00e3o, exprime-se com uma frase de intenso significado: \u2018Desde ent\u00e3o, grava-se na sua santa alma a compaix\u00e3o do Crucificado \u2026 , e no cora\u00e7\u00e3o dele s\u00e3o impressos mais profundamente os estigmas da vener\u00e1vel paix\u00e3o, embora ainda n\u00e3o na carne\u2019.\u201d<\/p>\n<p>O frade explica em seu texto que \u201c\u00e9 esta compaix\u00e3o que leva Francisco a chorar constantemente a Paix\u00e3o do Senhor. \u2018A partir daquela hora \u2013 continua o bi\u00f3grafo \u2013, esclareceu Frei Celso, ainda citando Celano, a alma dele se derreteu. Desde ent\u00e3o, n\u00e3o consegue conter o pranto, chora tamb\u00e9m em alta voz a Paix\u00e3o de Cristo \u2026 Enche de gemidos os caminhos, n\u00e3o admite qualquer consola\u00e7\u00e3o, ao recordar-se das chagas de Cristo\u2019.\u201d<\/p>\n<p>A adora\u00e7\u00e3o de S\u00e3o Francisco \u00e0 cruz e sua compaix\u00e3o o levaram \u00e0 reda\u00e7\u00e3o do <em>Of\u00edcio da Paix\u00e3o<\/em>, medita\u00e7\u00e3o que fazia dos salmos que rezava na \u00f3tica da Paix\u00e3o do Senhor. O frade explicou que Francisco lia certos vers\u00edculos do Salt\u00e9rio sempre ligados ao mist\u00e9rio da Paix\u00e3o de Cristo.<br \/>\n\u201cE deste conjunto de vers\u00edculos de diferentes salmos ele comp\u00f4s o <em>Of\u00edcio da Paix\u00e3o<\/em>, que rezava sempre como of\u00edcio votivo. E esta compaix\u00e3o vai conduzir Francisco a sofrer com o Cristo sofredor, pois que o identificar\u00e1 com Ele na cruz, imprimindo nele os estigmas no Monte Alverne.\u201d<\/p>\n<p>Que possamos, nesta Semana Santa, imergir no Evangelho e nos exemplos deixados por S\u00e3o Francisco para, de fato, vivenciar a Paix\u00e3o de Cristo e a sua Ressurrei\u00e7\u00e3o.<\/p>\n<p><strong>Feliz P\u00e1scoa!<\/strong><\/p>\n<p><strong><a href=\"https:\/\/franciscanos.org.br\/carisma\/oficio-da-paixao-do-senhor.html#gsc.tab=0\">Clique e acesse o Of\u00edcio da Paix\u00e3o do Senhor<\/a><\/strong><\/p>\n<hr \/>\n<p><em>Adriana Rabelo Rodrigues<\/em><\/p>\n","protected":false},"excerpt":{"rendered":"<p>Semana Santa 2025<\/p>\n","protected":false},"author":11,"featured_media":256084,"comment_status":"open","ping_status":"open","sticky":false,"template":"","format":"standard","meta":[],"categories":[1],"tags":[1233,1249,2331],"acf":[],"yoast_head":"<!-- This site is optimized with the Yoast SEO plugin v19.2 - https:\/\/yoast.com\/wordpress\/plugins\/seo\/ -->\n<title>A Paix\u00e3o de Cristo na Espiritualidade Franciscana - Not\u00edcias - Franciscanos<\/title>\n<meta name=\"robots\" content=\"index, follow, max-snippet:-1, max-image-preview:large, max-video-preview:-1\" \/>\n<link rel=\"canonical\" href=\"https:\/\/franciscanos.org.br\/noticias\/a-paixao-de-cristo-na-espiritualidade-franciscana.html\" \/>\n<meta property=\"og:locale\" content=\"pt_BR\" \/>\n<meta property=\"og:type\" content=\"article\" \/>\n<meta property=\"og:title\" content=\"A Paix\u00e3o de Cristo na Espiritualidade Franciscana - Not\u00edcias - Franciscanos\" \/>\n<meta property=\"og:description\" content=\"Semana Santa 2025\" \/>\n<meta property=\"og:url\" content=\"https:\/\/franciscanos.org.br\/noticias\/a-paixao-de-cristo-na-espiritualidade-franciscana.html\" \/>\n<meta property=\"og:site_name\" content=\"Not\u00edcias - Franciscanos\" \/>\n<meta property=\"article:published_time\" content=\"2025-04-16T18:12:48+00:00\" \/>\n<meta property=\"article:modified_time\" content=\"2025-04-16T18:18:41+00:00\" \/>\n<meta property=\"og:image\" content=\"https:\/\/franciscanos.org.br\/noticias\/wp-content\/uploads\/2025\/04\/CHAMADA-19.png\" \/>\n\t<meta property=\"og:image:width\" content=\"800\" \/>\n\t<meta property=\"og:image:height\" content=\"550\" \/>\n\t<meta property=\"og:image:type\" content=\"image\/png\" \/>\n<meta name=\"author\" content=\"Adriana Rabelo\" \/>\n<meta name=\"twitter:card\" content=\"summary_large_image\" \/>\n<meta name=\"twitter:label1\" content=\"Escrito por\" \/>\n\t<meta name=\"twitter:data1\" content=\"Adriana Rabelo\" \/>\n\t<meta name=\"twitter:label2\" content=\"Est. tempo de leitura\" \/>\n\t<meta name=\"twitter:data2\" content=\"6 minutos\" \/>\n<script type=\"application\/ld+json\" class=\"yoast-schema-graph\">{\"@context\":\"https:\/\/schema.org\",\"@graph\":[{\"@type\":\"WebSite\",\"@id\":\"https:\/\/franciscanos.org.br\/noticias\/#website\",\"url\":\"https:\/\/franciscanos.org.br\/noticias\/\",\"name\":\"Not\u00edcias - Franciscanos\",\"description\":\"Prov\u00edncia Franciscana da Imaculada Concei\u00e7\u00e3o do Brasil - Ordem dos Frades Menores - OFM\",\"potentialAction\":[{\"@type\":\"SearchAction\",\"target\":{\"@type\":\"EntryPoint\",\"urlTemplate\":\"https:\/\/franciscanos.org.br\/noticias\/?s={search_term_string}\"},\"query-input\":\"required name=search_term_string\"}],\"inLanguage\":\"pt-BR\"},{\"@type\":\"ImageObject\",\"inLanguage\":\"pt-BR\",\"@id\":\"https:\/\/franciscanos.org.br\/noticias\/a-paixao-de-cristo-na-espiritualidade-franciscana.html#primaryimage\",\"url\":\"https:\/\/franciscanos.org.br\/noticias\/wp-content\/uploads\/2025\/04\/CHAMADA-19.png\",\"contentUrl\":\"https:\/\/franciscanos.org.br\/noticias\/wp-content\/uploads\/2025\/04\/CHAMADA-19.png\",\"width\":800,\"height\":550},{\"@type\":\"WebPage\",\"@id\":\"https:\/\/franciscanos.org.br\/noticias\/a-paixao-de-cristo-na-espiritualidade-franciscana.html#webpage\",\"url\":\"https:\/\/franciscanos.org.br\/noticias\/a-paixao-de-cristo-na-espiritualidade-franciscana.html\",\"name\":\"A Paix\u00e3o de Cristo na Espiritualidade Franciscana - Not\u00edcias - Franciscanos\",\"isPartOf\":{\"@id\":\"https:\/\/franciscanos.org.br\/noticias\/#website\"},\"primaryImageOfPage\":{\"@id\":\"https:\/\/franciscanos.org.br\/noticias\/a-paixao-de-cristo-na-espiritualidade-franciscana.html#primaryimage\"},\"datePublished\":\"2025-04-16T18:12:48+00:00\",\"dateModified\":\"2025-04-16T18:18:41+00:00\",\"author\":{\"@id\":\"https:\/\/franciscanos.org.br\/noticias\/#\/schema\/person\/d9422e83121c3ad3b0f423d195f5bb25\"},\"breadcrumb\":{\"@id\":\"https:\/\/franciscanos.org.br\/noticias\/a-paixao-de-cristo-na-espiritualidade-franciscana.html#breadcrumb\"},\"inLanguage\":\"pt-BR\",\"potentialAction\":[{\"@type\":\"ReadAction\",\"target\":[\"https:\/\/franciscanos.org.br\/noticias\/a-paixao-de-cristo-na-espiritualidade-franciscana.html\"]}]},{\"@type\":\"BreadcrumbList\",\"@id\":\"https:\/\/franciscanos.org.br\/noticias\/a-paixao-de-cristo-na-espiritualidade-franciscana.html#breadcrumb\",\"itemListElement\":[{\"@type\":\"ListItem\",\"position\":1,\"name\":\"Home\",\"item\":\"https:\/\/franciscanos.org.br\/noticias\"},{\"@type\":\"ListItem\",\"position\":2,\"name\":\"A Paix\u00e3o de Cristo na Espiritualidade Franciscana\"}]},{\"@type\":\"Person\",\"@id\":\"https:\/\/franciscanos.org.br\/noticias\/#\/schema\/person\/d9422e83121c3ad3b0f423d195f5bb25\",\"name\":\"Adriana Rabelo\",\"image\":{\"@type\":\"ImageObject\",\"inLanguage\":\"pt-BR\",\"@id\":\"https:\/\/franciscanos.org.br\/noticias\/#\/schema\/person\/image\/\",\"url\":\"https:\/\/secure.gravatar.com\/avatar\/0a937b7500cd7df77540cfb8bede877d?s=96&d=mm&r=g\",\"contentUrl\":\"https:\/\/secure.gravatar.com\/avatar\/0a937b7500cd7df77540cfb8bede877d?s=96&d=mm&r=g\",\"caption\":\"Adriana Rabelo\"},\"url\":\"https:\/\/franciscanos.org.br\/noticias\/author\/adrianarabelo\"}]}<\/script>\n<!-- \/ Yoast SEO plugin. -->","yoast_head_json":{"title":"A Paix\u00e3o de Cristo na Espiritualidade Franciscana - Not\u00edcias - Franciscanos","robots":{"index":"index","follow":"follow","max-snippet":"max-snippet:-1","max-image-preview":"max-image-preview:large","max-video-preview":"max-video-preview:-1"},"canonical":"https:\/\/franciscanos.org.br\/noticias\/a-paixao-de-cristo-na-espiritualidade-franciscana.html","og_locale":"pt_BR","og_type":"article","og_title":"A Paix\u00e3o de Cristo na Espiritualidade Franciscana - Not\u00edcias - Franciscanos","og_description":"Semana Santa 2025","og_url":"https:\/\/franciscanos.org.br\/noticias\/a-paixao-de-cristo-na-espiritualidade-franciscana.html","og_site_name":"Not\u00edcias - Franciscanos","article_published_time":"2025-04-16T18:12:48+00:00","article_modified_time":"2025-04-16T18:18:41+00:00","og_image":[{"width":800,"height":550,"url":"https:\/\/franciscanos.org.br\/noticias\/wp-content\/uploads\/2025\/04\/CHAMADA-19.png","type":"image\/png"}],"author":"Adriana Rabelo","twitter_card":"summary_large_image","twitter_misc":{"Escrito por":"Adriana Rabelo","Est. tempo de leitura":"6 minutos"},"schema":{"@context":"https:\/\/schema.org","@graph":[{"@type":"WebSite","@id":"https:\/\/franciscanos.org.br\/noticias\/#website","url":"https:\/\/franciscanos.org.br\/noticias\/","name":"Not\u00edcias - Franciscanos","description":"Prov\u00edncia Franciscana da Imaculada Concei\u00e7\u00e3o do Brasil - Ordem dos Frades Menores - OFM","potentialAction":[{"@type":"SearchAction","target":{"@type":"EntryPoint","urlTemplate":"https:\/\/franciscanos.org.br\/noticias\/?s={search_term_string}"},"query-input":"required name=search_term_string"}],"inLanguage":"pt-BR"},{"@type":"ImageObject","inLanguage":"pt-BR","@id":"https:\/\/franciscanos.org.br\/noticias\/a-paixao-de-cristo-na-espiritualidade-franciscana.html#primaryimage","url":"https:\/\/franciscanos.org.br\/noticias\/wp-content\/uploads\/2025\/04\/CHAMADA-19.png","contentUrl":"https:\/\/franciscanos.org.br\/noticias\/wp-content\/uploads\/2025\/04\/CHAMADA-19.png","width":800,"height":550},{"@type":"WebPage","@id":"https:\/\/franciscanos.org.br\/noticias\/a-paixao-de-cristo-na-espiritualidade-franciscana.html#webpage","url":"https:\/\/franciscanos.org.br\/noticias\/a-paixao-de-cristo-na-espiritualidade-franciscana.html","name":"A Paix\u00e3o de Cristo na Espiritualidade Franciscana - Not\u00edcias - Franciscanos","isPartOf":{"@id":"https:\/\/franciscanos.org.br\/noticias\/#website"},"primaryImageOfPage":{"@id":"https:\/\/franciscanos.org.br\/noticias\/a-paixao-de-cristo-na-espiritualidade-franciscana.html#primaryimage"},"datePublished":"2025-04-16T18:12:48+00:00","dateModified":"2025-04-16T18:18:41+00:00","author":{"@id":"https:\/\/franciscanos.org.br\/noticias\/#\/schema\/person\/d9422e83121c3ad3b0f423d195f5bb25"},"breadcrumb":{"@id":"https:\/\/franciscanos.org.br\/noticias\/a-paixao-de-cristo-na-espiritualidade-franciscana.html#breadcrumb"},"inLanguage":"pt-BR","potentialAction":[{"@type":"ReadAction","target":["https:\/\/franciscanos.org.br\/noticias\/a-paixao-de-cristo-na-espiritualidade-franciscana.html"]}]},{"@type":"BreadcrumbList","@id":"https:\/\/franciscanos.org.br\/noticias\/a-paixao-de-cristo-na-espiritualidade-franciscana.html#breadcrumb","itemListElement":[{"@type":"ListItem","position":1,"name":"Home","item":"https:\/\/franciscanos.org.br\/noticias"},{"@type":"ListItem","position":2,"name":"A Paix\u00e3o de Cristo na Espiritualidade Franciscana"}]},{"@type":"Person","@id":"https:\/\/franciscanos.org.br\/noticias\/#\/schema\/person\/d9422e83121c3ad3b0f423d195f5bb25","name":"Adriana Rabelo","image":{"@type":"ImageObject","inLanguage":"pt-BR","@id":"https:\/\/franciscanos.org.br\/noticias\/#\/schema\/person\/image\/","url":"https:\/\/secure.gravatar.com\/avatar\/0a937b7500cd7df77540cfb8bede877d?s=96&d=mm&r=g","contentUrl":"https:\/\/secure.gravatar.com\/avatar\/0a937b7500cd7df77540cfb8bede877d?s=96&d=mm&r=g","caption":"Adriana Rabelo"},"url":"https:\/\/franciscanos.org.br\/noticias\/author\/adrianarabelo"}]}},"_links":{"self":[{"href":"https:\/\/franciscanos.org.br\/noticias\/wp-json\/wp\/v2\/posts\/256077"}],"collection":[{"href":"https:\/\/franciscanos.org.br\/noticias\/wp-json\/wp\/v2\/posts"}],"about":[{"href":"https:\/\/franciscanos.org.br\/noticias\/wp-json\/wp\/v2\/types\/post"}],"author":[{"embeddable":true,"href":"https:\/\/franciscanos.org.br\/noticias\/wp-json\/wp\/v2\/users\/11"}],"replies":[{"embeddable":true,"href":"https:\/\/franciscanos.org.br\/noticias\/wp-json\/wp\/v2\/comments?post=256077"}],"version-history":[{"count":6,"href":"https:\/\/franciscanos.org.br\/noticias\/wp-json\/wp\/v2\/posts\/256077\/revisions"}],"predecessor-version":[{"id":256087,"href":"https:\/\/franciscanos.org.br\/noticias\/wp-json\/wp\/v2\/posts\/256077\/revisions\/256087"}],"wp:featuredmedia":[{"embeddable":true,"href":"https:\/\/franciscanos.org.br\/noticias\/wp-json\/wp\/v2\/media\/256084"}],"wp:attachment":[{"href":"https:\/\/franciscanos.org.br\/noticias\/wp-json\/wp\/v2\/media?parent=256077"}],"wp:term":[{"taxonomy":"category","embeddable":true,"href":"https:\/\/franciscanos.org.br\/noticias\/wp-json\/wp\/v2\/categories?post=256077"},{"taxonomy":"post_tag","embeddable":true,"href":"https:\/\/franciscanos.org.br\/noticias\/wp-json\/wp\/v2\/tags?post=256077"}],"curies":[{"name":"wp","href":"https:\/\/api.w.org\/{rel}","templated":true}]}}