{"id":256071,"date":"2025-04-16T11:11:33","date_gmt":"2025-04-16T14:11:33","guid":{"rendered":"https:\/\/franciscanos.org.br\/noticias\/?p=256071"},"modified":"2025-04-16T11:11:33","modified_gmt":"2025-04-16T14:11:33","slug":"catequese-papa-francisco-pecamos-a-graca-de-reencontrar-o-caminho-rumo-a-deus","status":"publish","type":"post","link":"https:\/\/franciscanos.org.br\/noticias\/catequese-papa-francisco-pecamos-a-graca-de-reencontrar-o-caminho-rumo-a-deus.html","title":{"rendered":"Catequese Papa Francisco: pe\u00e7amos a gra\u00e7a de reencontrar o caminho rumo a Deus"},"content":{"rendered":"<div id=\"attachment_256072\" style=\"width: 1290px\" class=\"wp-caption alignnone\"><img aria-describedby=\"caption-attachment-256072\" loading=\"lazy\" class=\"wp-image-256072 size-full\" src=\"https:\/\/franciscanos.org.br\/noticias\/wp-content\/uploads\/2025\/04\/CATEQUESE-DO-PAPA-MATERIA-14.04.25.png\" alt=\"\" width=\"1280\" height=\"720\" srcset=\"https:\/\/franciscanos.org.br\/noticias\/wp-content\/uploads\/2025\/04\/CATEQUESE-DO-PAPA-MATERIA-14.04.25.png 1280w, https:\/\/franciscanos.org.br\/noticias\/wp-content\/uploads\/2025\/04\/CATEQUESE-DO-PAPA-MATERIA-14.04.25-450x253.png 450w, https:\/\/franciscanos.org.br\/noticias\/wp-content\/uploads\/2025\/04\/CATEQUESE-DO-PAPA-MATERIA-14.04.25-1024x576.png 1024w, https:\/\/franciscanos.org.br\/noticias\/wp-content\/uploads\/2025\/04\/CATEQUESE-DO-PAPA-MATERIA-14.04.25-768x432.png 768w, https:\/\/franciscanos.org.br\/noticias\/wp-content\/uploads\/2025\/04\/CATEQUESE-DO-PAPA-MATERIA-14.04.25-150x84.png 150w\" sizes=\"(max-width: 1280px) 100vw, 1280px\" \/><p id=\"caption-attachment-256072\" class=\"wp-caption-text\">Papa Francisco (VATICAN MEDIA Divisione Foto)<\/p><\/div>\n<p>O texto da catequese do Papa Francisco, preparado para a Audi\u00eancia Geral desta quarta-feira, 16 de abril, que est\u00e1 suspensa devido ao per\u00edodo de convalescen\u00e7a do Santo Padre, foi disponibilizado pela Sala de Imprensa da Santa S\u00e9. &#8220;Depois de ter meditado sobre os encontros de Jesus com alguns personagens do Evangelho&#8221;, introduz o Papa, &#8220;gostaria de refletir sobre algumas par\u00e1bolas&#8221;.<\/p>\n<p>A narrativa de Jesus sobre o Filho Pr\u00f3digo, talvez uma das mais conhecidas do Evangelho (cf. Lc 15, 1-3.11-32), que apresenta tamb\u00e9m a figura do filho mais velho e do pai misericordioso, foi escolhida por Francisco como tema da reflex\u00e3o, que logo no in\u00edcio convidou os fi\u00e9is a se colocarem pessoalmente dentro da narrativa: &#8216;onde estou eu nesta narra\u00e7\u00e3o?&#8221;.<\/p>\n<p><strong>Uma mensagem de esperan\u00e7a<\/strong><\/p>\n<p>Segundo o Pont\u00edfice, a par\u00e1bola, dirigida aos fariseus e escribas que criticavam Jesus por se aproximar dos pecadores, revela um n\u00facleo central do Novo Testamento: a miseric\u00f3rdia de Deus.<\/p>\n<p>&#8220;O Evangelho quer confiar-nos uma mensagem de esperan\u00e7a, porque nos diz que, onde quer que nos tenhamos perdido, seja como for que nos tenhamos perdido, Deus vem sempre \u00e0 nossa procura!&#8221;<\/p>\n<p>Francisco compara as formas como podemos nos perder na vida com os personagens das par\u00e1bolas: como a ovelha que se desvia por cansa\u00e7o, a moeda esquecida no ch\u00e3o ou os dois filhos \u2013 o mais novo, que abandona a casa por ego\u00edsmo, e o mais velho, que permanece por dever, mas sem amor verdadeiro.<\/p>\n<p><strong>A maturidade do amor<\/strong><\/p>\n<p>O Pont\u00edfice alerta sobre o risco de rela\u00e7\u00f5es superficiais, baseadas no ego\u00edsmo ou na ilus\u00e3o de autonomia. \u201cO filho mais novo [&#8230;] tem fome de afeto, quer ser amado. Mas o amor \u00e9 um dom precioso, deve ser tratado com cuidado\u201d, adverte. Por\u00e9m, em vez disso, ele o desperdi\u00e7a, tentando preencher o vazio com falsas promessas.<\/p>\n<p>\u201cO amor \u00e9 sempre um compromisso, h\u00e1 sempre algo que devemos perder para ir ao encontro do outro\u201d, afirmou, numa das passagens centrais da catequese. Essa entrega, segundo Francisco, \u00e9 a chave para viver relacionamentos verdadeiros \u2013 seja com o pr\u00f3ximo, seja com Deus.<\/p>\n<div id=\"attachment_256074\" style=\"width: 1290px\" class=\"wp-caption alignnone\"><img aria-describedby=\"caption-attachment-256074\" loading=\"lazy\" class=\"wp-image-256074 size-full\" src=\"https:\/\/franciscanos.org.br\/noticias\/wp-content\/uploads\/2025\/04\/CATEQUESE-DO-PAPA-16.04.25-PINTURA-MATERIA.png\" alt=\"\" width=\"1280\" height=\"720\" srcset=\"https:\/\/franciscanos.org.br\/noticias\/wp-content\/uploads\/2025\/04\/CATEQUESE-DO-PAPA-16.04.25-PINTURA-MATERIA.png 1280w, https:\/\/franciscanos.org.br\/noticias\/wp-content\/uploads\/2025\/04\/CATEQUESE-DO-PAPA-16.04.25-PINTURA-MATERIA-450x253.png 450w, https:\/\/franciscanos.org.br\/noticias\/wp-content\/uploads\/2025\/04\/CATEQUESE-DO-PAPA-16.04.25-PINTURA-MATERIA-1024x576.png 1024w, https:\/\/franciscanos.org.br\/noticias\/wp-content\/uploads\/2025\/04\/CATEQUESE-DO-PAPA-16.04.25-PINTURA-MATERIA-768x432.png 768w, https:\/\/franciscanos.org.br\/noticias\/wp-content\/uploads\/2025\/04\/CATEQUESE-DO-PAPA-16.04.25-PINTURA-MATERIA-150x84.png 150w\" sizes=\"(max-width: 1280px) 100vw, 1280px\" \/><p id=\"caption-attachment-256074\" class=\"wp-caption-text\">A pintura de Rembrandt citada pelo Papa<\/p><\/div>\n<p><strong>A verdadeira liberta\u00e7\u00e3o<\/strong><\/p>\n<p>Ao refletir sobre a volta do filho pr\u00f3digo, o Papa lembra a famosa pintura de Rembrandt, destacando dois detalhes simb\u00f3licos: a cabe\u00e7a rapada do filho, sinal de penit\u00eancia e renascimento, e as m\u00e3os do pai, uma masculina e outra feminina, expressando a for\u00e7a e a ternura do perd\u00e3o.<\/p>\n<p>Por fim, Francisco chama aten\u00e7\u00e3o para o filho mais velho, que, apesar de nunca ter sa\u00eddo de casa, estava distante do cora\u00e7\u00e3o do pai: ressentido, infeliz, incapaz de se alegrar com o retorno do irm\u00e3o. \u201c\u00c9 precisamente o filho mais velho que acaba por correr o risco de permanecer fora de casa, pois n\u00e3o partilha a alegria do pai\u201d, comentou. Mas o pai, imagem do pr\u00f3prio Deus, sai ao encontro dos dois. N\u00e3o for\u00e7a, n\u00e3o imp\u00f5e: apenas convida e deixa a porta aberta. \u201cCom efeito, esta \u00e9 a raz\u00e3o da esperan\u00e7a: podemos esperar, pois sabemos que o Pai nos espera, nos v\u00ea de longe e deixa sempre a porta aberta.\u201d E conclui:<\/p>\n<p>\u201cAmados irm\u00e3os e irm\u00e3s, perguntemo-nos ent\u00e3o onde nos encontramos nesta maravilhosa narra\u00e7\u00e3o. E pe\u00e7amos a Deus Pai a gra\u00e7a de poder, tamb\u00e9m n\u00f3s, encontrar o caminho de volta para casa.\u201d<\/p>\n<hr \/>\n<p><em>Thulio Fonseca \u2013 Vatican News<\/em><\/p>\n","protected":false},"excerpt":{"rendered":"<p>Semana Santa 2025<\/p>\n","protected":false},"author":11,"featured_media":256073,"comment_status":"open","ping_status":"open","sticky":false,"template":"","format":"standard","meta":[],"categories":[1,1428],"tags":[2326,55,2331],"acf":[],"yoast_head":"<!-- This site is optimized with the Yoast SEO plugin v19.2 - https:\/\/yoast.com\/wordpress\/plugins\/seo\/ -->\n<title>Catequese Papa Francisco: pe\u00e7amos a gra\u00e7a de reencontrar o caminho rumo a Deus - Not\u00edcias - Franciscanos<\/title>\n<meta name=\"robots\" content=\"index, follow, max-snippet:-1, max-image-preview:large, max-video-preview:-1\" \/>\n<link rel=\"canonical\" href=\"https:\/\/franciscanos.org.br\/noticias\/catequese-papa-francisco-pecamos-a-graca-de-reencontrar-o-caminho-rumo-a-deus.html\" \/>\n<meta property=\"og:locale\" content=\"pt_BR\" \/>\n<meta property=\"og:type\" content=\"article\" \/>\n<meta property=\"og:title\" content=\"Catequese Papa Francisco: pe\u00e7amos a gra\u00e7a de reencontrar o caminho rumo a Deus - Not\u00edcias - Franciscanos\" \/>\n<meta property=\"og:description\" content=\"Semana Santa 2025\" \/>\n<meta property=\"og:url\" content=\"https:\/\/franciscanos.org.br\/noticias\/catequese-papa-francisco-pecamos-a-graca-de-reencontrar-o-caminho-rumo-a-deus.html\" \/>\n<meta property=\"og:site_name\" content=\"Not\u00edcias - Franciscanos\" \/>\n<meta property=\"article:published_time\" content=\"2025-04-16T14:11:33+00:00\" \/>\n<meta property=\"og:image\" content=\"https:\/\/franciscanos.org.br\/noticias\/wp-content\/uploads\/2025\/04\/CATEQUESE-DO-PAPA-14.04.25-CHAMADA.png\" \/>\n\t<meta property=\"og:image:width\" content=\"800\" \/>\n\t<meta property=\"og:image:height\" content=\"550\" \/>\n\t<meta property=\"og:image:type\" content=\"image\/png\" \/>\n<meta name=\"author\" content=\"Adriana Rabelo\" \/>\n<meta name=\"twitter:card\" content=\"summary_large_image\" \/>\n<meta name=\"twitter:label1\" content=\"Escrito por\" \/>\n\t<meta name=\"twitter:data1\" content=\"Adriana Rabelo\" \/>\n\t<meta name=\"twitter:label2\" content=\"Est. tempo de leitura\" \/>\n\t<meta name=\"twitter:data2\" content=\"3 minutos\" \/>\n<script type=\"application\/ld+json\" class=\"yoast-schema-graph\">{\"@context\":\"https:\/\/schema.org\",\"@graph\":[{\"@type\":\"WebSite\",\"@id\":\"https:\/\/franciscanos.org.br\/noticias\/#website\",\"url\":\"https:\/\/franciscanos.org.br\/noticias\/\",\"name\":\"Not\u00edcias - Franciscanos\",\"description\":\"Prov\u00edncia Franciscana da Imaculada Concei\u00e7\u00e3o do Brasil - Ordem dos Frades Menores - OFM\",\"potentialAction\":[{\"@type\":\"SearchAction\",\"target\":{\"@type\":\"EntryPoint\",\"urlTemplate\":\"https:\/\/franciscanos.org.br\/noticias\/?s={search_term_string}\"},\"query-input\":\"required name=search_term_string\"}],\"inLanguage\":\"pt-BR\"},{\"@type\":\"ImageObject\",\"inLanguage\":\"pt-BR\",\"@id\":\"https:\/\/franciscanos.org.br\/noticias\/catequese-papa-francisco-pecamos-a-graca-de-reencontrar-o-caminho-rumo-a-deus.html#primaryimage\",\"url\":\"https:\/\/franciscanos.org.br\/noticias\/wp-content\/uploads\/2025\/04\/CATEQUESE-DO-PAPA-14.04.25-CHAMADA.png\",\"contentUrl\":\"https:\/\/franciscanos.org.br\/noticias\/wp-content\/uploads\/2025\/04\/CATEQUESE-DO-PAPA-14.04.25-CHAMADA.png\",\"width\":800,\"height\":550},{\"@type\":\"WebPage\",\"@id\":\"https:\/\/franciscanos.org.br\/noticias\/catequese-papa-francisco-pecamos-a-graca-de-reencontrar-o-caminho-rumo-a-deus.html#webpage\",\"url\":\"https:\/\/franciscanos.org.br\/noticias\/catequese-papa-francisco-pecamos-a-graca-de-reencontrar-o-caminho-rumo-a-deus.html\",\"name\":\"Catequese Papa Francisco: pe\u00e7amos a gra\u00e7a de reencontrar o caminho rumo a Deus - Not\u00edcias - Franciscanos\",\"isPartOf\":{\"@id\":\"https:\/\/franciscanos.org.br\/noticias\/#website\"},\"primaryImageOfPage\":{\"@id\":\"https:\/\/franciscanos.org.br\/noticias\/catequese-papa-francisco-pecamos-a-graca-de-reencontrar-o-caminho-rumo-a-deus.html#primaryimage\"},\"datePublished\":\"2025-04-16T14:11:33+00:00\",\"dateModified\":\"2025-04-16T14:11:33+00:00\",\"author\":{\"@id\":\"https:\/\/franciscanos.org.br\/noticias\/#\/schema\/person\/d9422e83121c3ad3b0f423d195f5bb25\"},\"breadcrumb\":{\"@id\":\"https:\/\/franciscanos.org.br\/noticias\/catequese-papa-francisco-pecamos-a-graca-de-reencontrar-o-caminho-rumo-a-deus.html#breadcrumb\"},\"inLanguage\":\"pt-BR\",\"potentialAction\":[{\"@type\":\"ReadAction\",\"target\":[\"https:\/\/franciscanos.org.br\/noticias\/catequese-papa-francisco-pecamos-a-graca-de-reencontrar-o-caminho-rumo-a-deus.html\"]}]},{\"@type\":\"BreadcrumbList\",\"@id\":\"https:\/\/franciscanos.org.br\/noticias\/catequese-papa-francisco-pecamos-a-graca-de-reencontrar-o-caminho-rumo-a-deus.html#breadcrumb\",\"itemListElement\":[{\"@type\":\"ListItem\",\"position\":1,\"name\":\"Home\",\"item\":\"https:\/\/franciscanos.org.br\/noticias\"},{\"@type\":\"ListItem\",\"position\":2,\"name\":\"Catequese Papa Francisco: pe\u00e7amos a gra\u00e7a de reencontrar o caminho rumo a Deus\"}]},{\"@type\":\"Person\",\"@id\":\"https:\/\/franciscanos.org.br\/noticias\/#\/schema\/person\/d9422e83121c3ad3b0f423d195f5bb25\",\"name\":\"Adriana Rabelo\",\"image\":{\"@type\":\"ImageObject\",\"inLanguage\":\"pt-BR\",\"@id\":\"https:\/\/franciscanos.org.br\/noticias\/#\/schema\/person\/image\/\",\"url\":\"https:\/\/secure.gravatar.com\/avatar\/0a937b7500cd7df77540cfb8bede877d?s=96&d=mm&r=g\",\"contentUrl\":\"https:\/\/secure.gravatar.com\/avatar\/0a937b7500cd7df77540cfb8bede877d?s=96&d=mm&r=g\",\"caption\":\"Adriana Rabelo\"},\"url\":\"https:\/\/franciscanos.org.br\/noticias\/author\/adrianarabelo\"}]}<\/script>\n<!-- \/ Yoast SEO plugin. -->","yoast_head_json":{"title":"Catequese Papa Francisco: pe\u00e7amos a gra\u00e7a de reencontrar o caminho rumo a Deus - Not\u00edcias - Franciscanos","robots":{"index":"index","follow":"follow","max-snippet":"max-snippet:-1","max-image-preview":"max-image-preview:large","max-video-preview":"max-video-preview:-1"},"canonical":"https:\/\/franciscanos.org.br\/noticias\/catequese-papa-francisco-pecamos-a-graca-de-reencontrar-o-caminho-rumo-a-deus.html","og_locale":"pt_BR","og_type":"article","og_title":"Catequese Papa Francisco: pe\u00e7amos a gra\u00e7a de reencontrar o caminho rumo a Deus - Not\u00edcias - Franciscanos","og_description":"Semana Santa 2025","og_url":"https:\/\/franciscanos.org.br\/noticias\/catequese-papa-francisco-pecamos-a-graca-de-reencontrar-o-caminho-rumo-a-deus.html","og_site_name":"Not\u00edcias - Franciscanos","article_published_time":"2025-04-16T14:11:33+00:00","og_image":[{"width":800,"height":550,"url":"https:\/\/franciscanos.org.br\/noticias\/wp-content\/uploads\/2025\/04\/CATEQUESE-DO-PAPA-14.04.25-CHAMADA.png","type":"image\/png"}],"author":"Adriana Rabelo","twitter_card":"summary_large_image","twitter_misc":{"Escrito por":"Adriana Rabelo","Est. tempo de leitura":"3 minutos"},"schema":{"@context":"https:\/\/schema.org","@graph":[{"@type":"WebSite","@id":"https:\/\/franciscanos.org.br\/noticias\/#website","url":"https:\/\/franciscanos.org.br\/noticias\/","name":"Not\u00edcias - Franciscanos","description":"Prov\u00edncia Franciscana da Imaculada Concei\u00e7\u00e3o do Brasil - Ordem dos Frades Menores - OFM","potentialAction":[{"@type":"SearchAction","target":{"@type":"EntryPoint","urlTemplate":"https:\/\/franciscanos.org.br\/noticias\/?s={search_term_string}"},"query-input":"required name=search_term_string"}],"inLanguage":"pt-BR"},{"@type":"ImageObject","inLanguage":"pt-BR","@id":"https:\/\/franciscanos.org.br\/noticias\/catequese-papa-francisco-pecamos-a-graca-de-reencontrar-o-caminho-rumo-a-deus.html#primaryimage","url":"https:\/\/franciscanos.org.br\/noticias\/wp-content\/uploads\/2025\/04\/CATEQUESE-DO-PAPA-14.04.25-CHAMADA.png","contentUrl":"https:\/\/franciscanos.org.br\/noticias\/wp-content\/uploads\/2025\/04\/CATEQUESE-DO-PAPA-14.04.25-CHAMADA.png","width":800,"height":550},{"@type":"WebPage","@id":"https:\/\/franciscanos.org.br\/noticias\/catequese-papa-francisco-pecamos-a-graca-de-reencontrar-o-caminho-rumo-a-deus.html#webpage","url":"https:\/\/franciscanos.org.br\/noticias\/catequese-papa-francisco-pecamos-a-graca-de-reencontrar-o-caminho-rumo-a-deus.html","name":"Catequese Papa Francisco: pe\u00e7amos a gra\u00e7a de reencontrar o caminho rumo a Deus - Not\u00edcias - Franciscanos","isPartOf":{"@id":"https:\/\/franciscanos.org.br\/noticias\/#website"},"primaryImageOfPage":{"@id":"https:\/\/franciscanos.org.br\/noticias\/catequese-papa-francisco-pecamos-a-graca-de-reencontrar-o-caminho-rumo-a-deus.html#primaryimage"},"datePublished":"2025-04-16T14:11:33+00:00","dateModified":"2025-04-16T14:11:33+00:00","author":{"@id":"https:\/\/franciscanos.org.br\/noticias\/#\/schema\/person\/d9422e83121c3ad3b0f423d195f5bb25"},"breadcrumb":{"@id":"https:\/\/franciscanos.org.br\/noticias\/catequese-papa-francisco-pecamos-a-graca-de-reencontrar-o-caminho-rumo-a-deus.html#breadcrumb"},"inLanguage":"pt-BR","potentialAction":[{"@type":"ReadAction","target":["https:\/\/franciscanos.org.br\/noticias\/catequese-papa-francisco-pecamos-a-graca-de-reencontrar-o-caminho-rumo-a-deus.html"]}]},{"@type":"BreadcrumbList","@id":"https:\/\/franciscanos.org.br\/noticias\/catequese-papa-francisco-pecamos-a-graca-de-reencontrar-o-caminho-rumo-a-deus.html#breadcrumb","itemListElement":[{"@type":"ListItem","position":1,"name":"Home","item":"https:\/\/franciscanos.org.br\/noticias"},{"@type":"ListItem","position":2,"name":"Catequese Papa Francisco: pe\u00e7amos a gra\u00e7a de reencontrar o caminho rumo a Deus"}]},{"@type":"Person","@id":"https:\/\/franciscanos.org.br\/noticias\/#\/schema\/person\/d9422e83121c3ad3b0f423d195f5bb25","name":"Adriana Rabelo","image":{"@type":"ImageObject","inLanguage":"pt-BR","@id":"https:\/\/franciscanos.org.br\/noticias\/#\/schema\/person\/image\/","url":"https:\/\/secure.gravatar.com\/avatar\/0a937b7500cd7df77540cfb8bede877d?s=96&d=mm&r=g","contentUrl":"https:\/\/secure.gravatar.com\/avatar\/0a937b7500cd7df77540cfb8bede877d?s=96&d=mm&r=g","caption":"Adriana Rabelo"},"url":"https:\/\/franciscanos.org.br\/noticias\/author\/adrianarabelo"}]}},"_links":{"self":[{"href":"https:\/\/franciscanos.org.br\/noticias\/wp-json\/wp\/v2\/posts\/256071"}],"collection":[{"href":"https:\/\/franciscanos.org.br\/noticias\/wp-json\/wp\/v2\/posts"}],"about":[{"href":"https:\/\/franciscanos.org.br\/noticias\/wp-json\/wp\/v2\/types\/post"}],"author":[{"embeddable":true,"href":"https:\/\/franciscanos.org.br\/noticias\/wp-json\/wp\/v2\/users\/11"}],"replies":[{"embeddable":true,"href":"https:\/\/franciscanos.org.br\/noticias\/wp-json\/wp\/v2\/comments?post=256071"}],"version-history":[{"count":2,"href":"https:\/\/franciscanos.org.br\/noticias\/wp-json\/wp\/v2\/posts\/256071\/revisions"}],"predecessor-version":[{"id":256076,"href":"https:\/\/franciscanos.org.br\/noticias\/wp-json\/wp\/v2\/posts\/256071\/revisions\/256076"}],"wp:featuredmedia":[{"embeddable":true,"href":"https:\/\/franciscanos.org.br\/noticias\/wp-json\/wp\/v2\/media\/256073"}],"wp:attachment":[{"href":"https:\/\/franciscanos.org.br\/noticias\/wp-json\/wp\/v2\/media?parent=256071"}],"wp:term":[{"taxonomy":"category","embeddable":true,"href":"https:\/\/franciscanos.org.br\/noticias\/wp-json\/wp\/v2\/categories?post=256071"},{"taxonomy":"post_tag","embeddable":true,"href":"https:\/\/franciscanos.org.br\/noticias\/wp-json\/wp\/v2\/tags?post=256071"}],"curies":[{"name":"wp","href":"https:\/\/api.w.org\/{rel}","templated":true}]}}