{"id":256043,"date":"2025-04-14T16:18:07","date_gmt":"2025-04-14T19:18:07","guid":{"rendered":"https:\/\/franciscanos.org.br\/noticias\/?p=256043"},"modified":"2025-04-15T10:41:50","modified_gmt":"2025-04-15T13:41:50","slug":"256043","status":"publish","type":"post","link":"https:\/\/franciscanos.org.br\/noticias\/256043.html","title":{"rendered":"Festa da Penha 2025: Com Maria, peregrinos de esperan\u00e7a"},"content":{"rendered":"<p><img loading=\"lazy\" class=\"aligncenter wp-image-256046 size-full\" src=\"https:\/\/franciscanos.org.br\/noticias\/wp-content\/uploads\/2025\/04\/MATERIA-20.png\" alt=\"\" width=\"1280\" height=\"720\" srcset=\"https:\/\/franciscanos.org.br\/noticias\/wp-content\/uploads\/2025\/04\/MATERIA-20.png 1280w, https:\/\/franciscanos.org.br\/noticias\/wp-content\/uploads\/2025\/04\/MATERIA-20-450x253.png 450w, https:\/\/franciscanos.org.br\/noticias\/wp-content\/uploads\/2025\/04\/MATERIA-20-1024x576.png 1024w, https:\/\/franciscanos.org.br\/noticias\/wp-content\/uploads\/2025\/04\/MATERIA-20-768x432.png 768w, https:\/\/franciscanos.org.br\/noticias\/wp-content\/uploads\/2025\/04\/MATERIA-20-150x84.png 150w\" sizes=\"(max-width: 1280px) 100vw, 1280px\" \/><\/p>\n<p>A 455\u00aa Festa da Penha est\u00e1 pr\u00f3xima. Com o tema <strong data-start=\"170\" data-end=\"210\">\u201cCom Maria, peregrinos de esperan\u00e7a\u201d<\/strong>, o terceiro maior evento cat\u00f3lico do Brasil espera reunir milhares de pessoas em Vila Velha (ES), entre os dias 20 e 28 de abril.<br data-start=\"340\" data-end=\"343\" \/>De acordo com informa\u00e7\u00f5es oficiais, ser\u00e3o mais de 14 romarias, que percorrer\u00e3o, juntas, cerca de 635 quil\u00f4metros \u2014 a p\u00e9, a cavalo, de moto, de bicicleta ou em embarca\u00e7\u00f5es.<\/p>\n<p>Al\u00e9m das romarias, os devotos tamb\u00e9m acompanham fervorosamente o Oitav\u00e1rio, momento devocional repleto de manifesta\u00e7\u00f5es de f\u00e9 e louvor \u00e0 padroeira do povo capixaba.\u00a0 Dentre as atividades\u00a0 previstas, a instala\u00e7\u00e3o do ter\u00e7o gigante, no dia 19, \u00e9 um momento que marca o in\u00edcio dos festejos no Campinho do Convento.<\/p>\n<p>Mas, a t\u00e3o aguardada divulga\u00e7\u00e3o da programa\u00e7\u00e3o completa\u00a0 aumenta ainda mais a expectativa e, recentemente, a organiza\u00e7\u00e3o da Festa da Penha disponibilizou esse importante itiner\u00e1rio da f\u00e9 do povo capixaba, que pode ser <a href=\"https:\/\/franciscanos.org.br\/banca\/wp-content\/uploads\/2025\/04\/PROGRAMACAO-FESTA-DA-PENHA-2025-Final.pdf\"><strong>acessado aqui<\/strong><\/a>.<\/p>\n<p>Essa festa se destaca pela capacidade de reunir os devotos de Nossa Senhora das Alegrias, a Virgem da Penha, agregando as diversas manifesta\u00e7\u00f5es de f\u00e9 sem questionamentos ou limita\u00e7\u00f5es. O tom acolhedor fica ainda mais evidente com a presen\u00e7a dos frades da Prov\u00edncia da Imaculada Concei\u00e7\u00e3o do Brasil, que refor\u00e7am, entre os peregrinos a presen\u00e7a do carisma e da espiritualidade franciscana.<\/p>\n\n\t\t<style type=\"text\/css\">\n\t\t\t#gallery-1 {\n\t\t\t\tmargin: auto;\n\t\t\t}\n\t\t\t#gallery-1 .gallery-item {\n\t\t\t\tfloat: left;\n\t\t\t\tmargin-top: 10px;\n\t\t\t\ttext-align: center;\n\t\t\t\twidth: 33%;\n\t\t\t}\n\t\t\t#gallery-1 img {\n\t\t\t\tborder: 2px solid #cfcfcf;\n\t\t\t}\n\t\t\t#gallery-1 .gallery-caption {\n\t\t\t\tmargin-left: 0;\n\t\t\t}\n\t\t\t\/* see gallery_shortcode() in wp-includes\/media.php *\/\n\t\t<\/style>\n\t\t<div id='gallery-1' class='gallery galleryid-256043 gallery-columns-3 gallery-size-thumbnail'><dl class='gallery-item'>\n\t\t\t<dt class='gallery-icon portrait'>\n\t\t\t\t<a href='https:\/\/franciscanos.org.br\/noticias\/wp-content\/uploads\/2025\/04\/WhatsApp-Image-2025-04-14-at-16.07.56-1.jpeg'><img width=\"300\" height=\"300\" src=\"https:\/\/franciscanos.org.br\/noticias\/wp-content\/uploads\/2025\/04\/WhatsApp-Image-2025-04-14-at-16.07.56-1-300x300.jpeg\" class=\"attachment-thumbnail size-thumbnail\" alt=\"\" loading=\"lazy\" aria-describedby=\"gallery-1-256047\" srcset=\"https:\/\/franciscanos.org.br\/noticias\/wp-content\/uploads\/2025\/04\/WhatsApp-Image-2025-04-14-at-16.07.56-1-300x300.jpeg 300w, https:\/\/franciscanos.org.br\/noticias\/wp-content\/uploads\/2025\/04\/WhatsApp-Image-2025-04-14-at-16.07.56-1-100x100.jpeg 100w\" sizes=\"(max-width: 300px) 100vw, 300px\" \/><\/a>\n\t\t\t<\/dt>\n\t\t\t\t<dd class='wp-caption-text gallery-caption' id='gallery-1-256047'>\n\t\t\t\tFotos da Festa da Penha 2024\n\t\t\t\t<\/dd><\/dl><dl class='gallery-item'>\n\t\t\t<dt class='gallery-icon portrait'>\n\t\t\t\t<a href='https:\/\/franciscanos.org.br\/noticias\/wp-content\/uploads\/2025\/04\/WhatsApp-Image-2025-04-14-at-16.07.56.jpeg'><img width=\"300\" height=\"300\" src=\"https:\/\/franciscanos.org.br\/noticias\/wp-content\/uploads\/2025\/04\/WhatsApp-Image-2025-04-14-at-16.07.56-300x300.jpeg\" class=\"attachment-thumbnail size-thumbnail\" alt=\"\" loading=\"lazy\" srcset=\"https:\/\/franciscanos.org.br\/noticias\/wp-content\/uploads\/2025\/04\/WhatsApp-Image-2025-04-14-at-16.07.56-300x300.jpeg 300w, https:\/\/franciscanos.org.br\/noticias\/wp-content\/uploads\/2025\/04\/WhatsApp-Image-2025-04-14-at-16.07.56-100x100.jpeg 100w\" sizes=\"(max-width: 300px) 100vw, 300px\" \/><\/a>\n\t\t\t<\/dt><\/dl><dl class='gallery-item'>\n\t\t\t<dt class='gallery-icon portrait'>\n\t\t\t\t<a href='https:\/\/franciscanos.org.br\/noticias\/wp-content\/uploads\/2025\/04\/WhatsApp-Image-2025-04-14-at-16.07.49-1.jpeg'><img width=\"300\" height=\"300\" src=\"https:\/\/franciscanos.org.br\/noticias\/wp-content\/uploads\/2025\/04\/WhatsApp-Image-2025-04-14-at-16.07.49-1-300x300.jpeg\" class=\"attachment-thumbnail size-thumbnail\" alt=\"\" loading=\"lazy\" srcset=\"https:\/\/franciscanos.org.br\/noticias\/wp-content\/uploads\/2025\/04\/WhatsApp-Image-2025-04-14-at-16.07.49-1-300x300.jpeg 300w, https:\/\/franciscanos.org.br\/noticias\/wp-content\/uploads\/2025\/04\/WhatsApp-Image-2025-04-14-at-16.07.49-1-100x100.jpeg 100w\" sizes=\"(max-width: 300px) 100vw, 300px\" \/><\/a>\n\t\t\t<\/dt><\/dl><br style=\"clear: both\" \/>\n\t\t<\/div>\n\n<p>Podemos afirmar que \u00e9 uma grande celebra\u00e7\u00e3o inclusiva. Como toda m\u00e3e que ama seus filhos incondicionalmente, a M\u00e3e da Penha respeita as diferen\u00e7as de seus devotos, que conseguem expressar o amor pela santa de devo\u00e7\u00e3o de forma livre, liberta de conven\u00e7\u00f5es, mas repleta de for\u00e7a espiritual, presente, por exemplo, no congo, no carregamento do mastro, na vig\u00edlia dos jovens, nas pessoas com defici\u00eancia ou na subida, muitas vezes solit\u00e1ria, pelo Morro da Penha. Sozinhos ou em grupos, os filhos e filhas de Deus t\u00eam duas caracter\u00edsticas em comum: o amor e o olhar de uma crian\u00e7a que pede colo \u00e0 m\u00e3e, na certeza de que ser\u00e1 atendida.<\/p>\n<p>Em entrevista ao Site Franciscanos, Frei Gabriel Dellandrea, guardi\u00e3o do Convento da Penha, falou sobre as expectativas e os preparativos finais para a festa 2025 de Nossa Senhora da Penha.<\/p>\n<p><strong><img loading=\"lazy\" class=\"size-medium wp-image-256050 alignright\" src=\"https:\/\/franciscanos.org.br\/noticias\/wp-content\/uploads\/2025\/04\/WhatsApp-Image-2025-04-14-at-16.07.55-2-338x450.jpeg\" alt=\"\" width=\"338\" height=\"450\" srcset=\"https:\/\/franciscanos.org.br\/noticias\/wp-content\/uploads\/2025\/04\/WhatsApp-Image-2025-04-14-at-16.07.55-2-338x450.jpeg 338w, https:\/\/franciscanos.org.br\/noticias\/wp-content\/uploads\/2025\/04\/WhatsApp-Image-2025-04-14-at-16.07.55-2-768x1024.jpeg 768w, https:\/\/franciscanos.org.br\/noticias\/wp-content\/uploads\/2025\/04\/WhatsApp-Image-2025-04-14-at-16.07.55-2-1152x1536.jpeg 1152w, https:\/\/franciscanos.org.br\/noticias\/wp-content\/uploads\/2025\/04\/WhatsApp-Image-2025-04-14-at-16.07.55-2-150x200.jpeg 150w, https:\/\/franciscanos.org.br\/noticias\/wp-content\/uploads\/2025\/04\/WhatsApp-Image-2025-04-14-at-16.07.55-2.jpeg 810w\" sizes=\"(max-width: 338px) 100vw, 338px\" \/>Site Franciscanos \u2013 Como est\u00e3o os preparativos para a Festa da Penha deste ano?<\/strong><\/p>\n<p><strong>Frei Gabriel Dellandrea\u2013<\/strong>\u00a0A Festa da Penha 2025 foi uma constru\u00e7\u00e3o bastante complexa. Ela, com certeza, iniciou a sua prepara\u00e7\u00e3o no ano de 2024, mas a comiss\u00e3o organizadora foi bastante modificada, uma vez que mudou o arcebispo de Vit\u00f3ria e o guardi\u00e3o do Convento. Assim, muitas decis\u00f5es ficaram suspensas. O lado bom \u00e9 que a P\u00e1scoa desse ano foi um pouco \u201cmais tarde\u201d, o que permitiu mais tempo h\u00e1bil para a prepara\u00e7\u00e3o. Al\u00e9m disso, a partir de todas as mudan\u00e7as, muitos ajustes no caminho foram necess\u00e1rios. Por\u00e9m, uma coisa me animava: uma festa de 455 anos \u2013 ou ela acontece ou ela acontece. N\u00e3o depende de uma pessoa. Ela tem vida pr\u00f3pria. Por isso, embora os preparativos estejam intensos, muitas coisas j\u00e1 seguem um rumo pr\u00f3prio!<\/p>\n<p><strong>Site Franciscanos \u2013\u00a0Quais as novidades da programa\u00e7\u00e3o dos festejos?<\/strong><\/p>\n<p><strong>Frei Gabriel \u2013<\/strong>\u00a0Neste ano buscaremos refor\u00e7ar ainda mais a presen\u00e7a franciscana na programa\u00e7\u00e3o. A ora\u00e7\u00e3o da Coroa Franciscana das Sete Alegrias de Nossa Senhora se far\u00e1 bem frequente nos dias do evento. Tamb\u00e9m o tradicional devocional, durante a maior parte dos dias do Oitav\u00e1rio, ser\u00e1 realizado tamb\u00e9m no per\u00edodo noturno, o que antes era s\u00f3 no vespertino. Os frades conduzir\u00e3o esse momento e contaremos tamb\u00e9m com a presen\u00e7a dos nossos irm\u00e3os professos tempor\u00e1rios para a anima\u00e7\u00e3o dos cantos. Tenho certeza que essa festa, al\u00e9m das tradicionais cores do Esp\u00edrito Santo (azul, branco e rosa), ser\u00e1 bem mais \u201cmarrom\u201d.<\/p>\n<p><strong>Site Franciscanos \u2013 O oitav\u00e1rio \u00e9 um dos momentos aguardados pelos devotos de Nossa Senhora da Penha. Como est\u00e3o os preparativos para esse momento do ponto de vista lit\u00fargico e de intera\u00e7\u00e3o com os devotos?<\/strong><\/p>\n<p><strong>Frei Gabriel \u2013<\/strong>\u00a0Revisitar a hist\u00f3ria para buscar dela o incentivo para os dias que vivemos. Isso que todo o Oitav\u00e1rio busca fazer, especialmente no momento devocional, antes da missa, que procura recontar a hist\u00f3ria do Convento da Penha, de Frei Pedro Pal\u00e1cios e da Festa da Penha em si. Frei Felipe Carretta, frade capixaba, ajudou nesse ano na produ\u00e7\u00e3o deste material. Especialista em Festa da Penha, ele indicou os caminhos de uma rota j\u00e1 existente na piedade popular, mas que passou por leves toques de reformula\u00e7\u00e3o para, assim, garantir mais assertividade para esse ano. E a ideia \u00e9 envolver ainda mais os peregrinos nesse momento, repetindo uma ideia do ano passado: para cada dia faremos a b\u00ean\u00e7\u00e3o de um objeto que as pessoas trar\u00e3o para a celebra\u00e7\u00e3o e v\u00e3o lembrar como lembran\u00e7a desse itiner\u00e1rio de f\u00e9. No primeiro dia vamos aben\u00e7oar as chaves das casas, uma vez que as pessoas j\u00e1 trazem consigo, pedindo a intercess\u00e3o da Virgem Maria sobre os lares. E para cada dia vamos sugerindo \u00e0s pessoas o que podem trazer para ser aben\u00e7oado no dia seguinte. Ah, e entre os objetos, vamos aben\u00e7oar at\u00e9 os celulares, para buscarmos sempre uma comunica\u00e7\u00e3o mais fraterna e dialogal.<\/p>\n<p><strong>Site Franciscanos \u2013 A participa\u00e7\u00e3o dos volunt\u00e1rios \u00e9 muito forte na Festa da Penha. Quantos j\u00e1 est\u00e3o envolvidos?\u00a0<\/strong><\/p>\n<p><strong>Frei Gabriel \u2013<\/strong>\u00a0 \u201cPovo organizado, milagre realizado\u201d: essa frase eu encontrei na casa de uma tia minha, muito envolvida na Igreja e que nunca esqueci. Acredito que isso \u00e9 um norte para como procuraremos trabalhar com os volunt\u00e1rios por aqui. S\u00e3o muitos, fazendo muita coisa. Por\u00e9m, pouco conhecemos sobre os n\u00fameros. Eles t\u00eam meio que \u201cvida pr\u00f3pria\u201d, e quando eu vejo as coisas j\u00e1 aconteceram. Aos poucos deixam claro o que fizeram n\u00e3o porque dizem, mas porque aparece feito. Mas, creio que teremos entre todos os volunt\u00e1rios cerca de 300. Para o pr\u00f3ximo ano pretendo, conversando com a fraternidade, unir mais esses irm\u00e3os, valorizando o trabalho deles. Mas enquanto isso, como estou chegando, n\u00e3o sei de tudo, mas sei que a festa vai acontecer por causa do trabalho deles na liturgia, na m\u00fasica, no apoio \u00e0 infraestrutura, na decora\u00e7\u00e3o, na limpeza, nos lanches, na organiza\u00e7\u00e3o geral, na comunica\u00e7\u00e3o, na coleta das doa\u00e7\u00f5es, na seguran\u00e7a, na acolhida, no cadastro de benfeitores para o Convento&#8230;<\/p>\n<p><strong>Site Franciscanos \u2013 Qual a import\u00e2ncia dos volunt\u00e1rios para a Festa da Penha?<\/strong><\/p>\n<p><strong>Frei Gabriel \u2013<\/strong> Maria foi a primeira volunt\u00e1ria. Ao dizer sim ao chamado do Senhor fez da vontade de Deus a sua. E ela inspira tantos outros irm\u00e3os que agora, em seu louvor, rendem honras e gl\u00f3rias atrav\u00e9s do trabalho exaustivo, mas recompensador. Os volunt\u00e1rios aqui s\u00e3o como a pedra embaixo do convento: sustentam a estrutura toda. Fazem aquela miss\u00e3o silenciosa e garantem a alegria da festa, como Maria nas Bodas de Can\u00e1, embora nem sempre aparecendo para mostrar a \u00e1gua transformada em vinho. Mas o mais importante \u00e9 que o volunt\u00e1rio faz parte do processo, mas o milagre vem do Cristo, que embriaga a todos com a sua presen\u00e7a renovadora e revigorante. Deus aben\u00e7oe os volunt\u00e1rios!<\/p>\n<p><strong>Site Franciscanos \u2013 Este \u00e9 o primeiro ano que o senhor est\u00e1 presente na Festa da Penha como guardi\u00e3o do Convento da Penha. O que representa esse momento para o senhor?<\/strong><\/p>\n<p><strong><img loading=\"lazy\" class=\"size-medium wp-image-256053 alignleft\" src=\"https:\/\/franciscanos.org.br\/noticias\/wp-content\/uploads\/2025\/04\/WhatsApp-Image-2025-04-14-at-16.07.49-3-338x450.jpeg\" alt=\"\" width=\"338\" height=\"450\" srcset=\"https:\/\/franciscanos.org.br\/noticias\/wp-content\/uploads\/2025\/04\/WhatsApp-Image-2025-04-14-at-16.07.49-3-338x450.jpeg 338w, https:\/\/franciscanos.org.br\/noticias\/wp-content\/uploads\/2025\/04\/WhatsApp-Image-2025-04-14-at-16.07.49-3-768x1024.jpeg 768w, https:\/\/franciscanos.org.br\/noticias\/wp-content\/uploads\/2025\/04\/WhatsApp-Image-2025-04-14-at-16.07.49-3-1152x1536.jpeg 1152w, https:\/\/franciscanos.org.br\/noticias\/wp-content\/uploads\/2025\/04\/WhatsApp-Image-2025-04-14-at-16.07.49-3-150x200.jpeg 150w, https:\/\/franciscanos.org.br\/noticias\/wp-content\/uploads\/2025\/04\/WhatsApp-Image-2025-04-14-at-16.07.49-3.jpeg 810w\" sizes=\"(max-width: 338px) 100vw, 338px\" \/>Frei Gabriel \u2013<\/strong> Estou aprendendo dentro de casa a li\u00e7\u00e3o de como ser um bom peregrino. As muitas reuni\u00f5es, por conta da festa, exigem diversas aus\u00eancias. E os irm\u00e3os, quando podem, me acompanham. Mas, embora seja a semana mais linda do Convento, o Convento n\u00e3o \u00e9 s\u00f3 festa, pois os atendimentos e servi\u00e7os diversos n\u00e3o param. Sendo assim, eu havia me escalado para ouvir as confiss\u00f5es numa semana e um confrade foi l\u00e1, riscou o meu nome e disse: \u201cvai se ocupar da sua fun\u00e7\u00e3o de guardi\u00e3o, que essa aqui seguramos para voc\u00ea\u201d. Outro confrade, vendo eu chegar de uma reuni\u00e3o cansado, me esperou com uma janta pronta para juntos partilharmos os sonhos e desafios. Ent\u00e3o, embora seja um grande desafio, em nenhum momento eu me senti sozinho. Al\u00e9m disso, muitos confrades toparam o desafio de vir ao Convento da Penha, no banho de povo que \u00e9 a Festa. E eu sei que a fraternidade ser\u00e1 um grande est\u00edmulo. Procuraremos aprender juntos como se faz Festa da Penha.<\/p>\n<p><strong>Site Franciscanos \u2013\u00a0Quais suas expectativas para a festa?<\/strong><\/p>\n<p><strong>Frei Gabriel \u2013<\/strong> Confesso que estou ansioso para saber o que Deus far\u00e1 com a programa\u00e7\u00e3o que preparamos a partir do que o Esp\u00edrito foi nos guiando. Me coloco na Festa como mais um romeiro, mais um peregrino. E, inclusive, fui aprendendo a viver a Festa. Pois uma coisa \u00e9 a pessoa que participa sem saber de nenhum detalhe. Tudo \u00e9 novidade. Ela se emociona, se encanta, se alegra com mais facilidade. Para n\u00f3s, que sabemos muitas coisas, \u00e0s vezes fica um pouco t\u00e9cnico. Ent\u00e3o, uma alegria repousa: n\u00e3o a da novidade de como ser\u00e1 cada momento do evento, mas de entender como Deus far\u00e1 cada momento acontecer. Al\u00e9m disso, agora descubro cada vez mais que a miss\u00e3o crist\u00e3 \u00e9 ser feliz fazendo os outros felizes. Ver as pessoas encantadas com a festa, animadas com o evento \u00e9, sem sombra de d\u00favidas, um combust\u00edvel puro para animar os motores desse trabalho t\u00e3o exigente.<\/p>\n<p><strong>Site Franciscanos \u2013 Como frade franciscano, o que sente estando \u00e0 frente de um dos importantes espa\u00e7os de devo\u00e7\u00e3o mariana do pa\u00eds?<\/strong><\/p>\n<p><strong><img loading=\"lazy\" class=\"size-medium wp-image-256056 alignright\" src=\"https:\/\/franciscanos.org.br\/noticias\/wp-content\/uploads\/2025\/04\/5o-Domingo-da-Quaresma-06-04-2025-49-1536x1024-1-450x300.jpg\" alt=\"\" width=\"450\" height=\"300\" srcset=\"https:\/\/franciscanos.org.br\/noticias\/wp-content\/uploads\/2025\/04\/5o-Domingo-da-Quaresma-06-04-2025-49-1536x1024-1-450x300.jpg 450w, https:\/\/franciscanos.org.br\/noticias\/wp-content\/uploads\/2025\/04\/5o-Domingo-da-Quaresma-06-04-2025-49-1536x1024-1-1024x683.jpg 1024w, https:\/\/franciscanos.org.br\/noticias\/wp-content\/uploads\/2025\/04\/5o-Domingo-da-Quaresma-06-04-2025-49-1536x1024-1-768x512.jpg 768w, https:\/\/franciscanos.org.br\/noticias\/wp-content\/uploads\/2025\/04\/5o-Domingo-da-Quaresma-06-04-2025-49-1536x1024-1-150x100.jpg 150w, https:\/\/franciscanos.org.br\/noticias\/wp-content\/uploads\/2025\/04\/5o-Domingo-da-Quaresma-06-04-2025-49-1536x1024-1.jpg 1536w\" sizes=\"(max-width: 450px) 100vw, 450px\" \/>Frei Gabriel \u2013<\/strong> Aprendi que \u00e9 Nossa Senhora quem manda aqui. Com Frei Pedro Pal\u00e1cios ela indicou onde queria morar. Comigo, quando cheguei, ela j\u00e1 mostrou sua preocupa\u00e7\u00e3o com a casa: embora eu tivesse decidido para mim mesmo (como se eu mandasse em algo aqui) que n\u00e3o pintar\u00edamos o convento para a Festa. No mesmo dia que pensei isso um doador veio e me disse que doaria toda a tinta para a pintura. Ali eu entendi: n\u00e3o sou eu quem decido, e ent\u00e3o s\u00f3 obede\u00e7o \u2013 vamos pintar! Ela n\u00e3o s\u00f3 quer receber aqui os seus filhos, mas quer que eles vejam uma bonita casa, para que a beleza do seu espa\u00e7o possa inspirar seus filhos e filhas em busca da Beleza do Filho, o Bom Pastor!<\/p>\n<p>Assim, afirmo que fiquei uns dois dias sem dormir depois da transfer\u00eancia para c\u00e1, preocupado. N\u00e3o que estivesse sem sono por causa dos aspectos financeiros, administrativos, fraternos&#8230; n\u00e3o. O que mais me ocupava a mente era: como corresponder \u00e0 miss\u00e3o num lugar t\u00e3o importante? Como ter a maturidade de guardar esse espa\u00e7o t\u00e3o sagrado apesar de ser um frade jovem? A\u00ed eu ouvi: \u201cser jovem n\u00e3o \u00e9 pecado\u201d. Isso me consola, pois com os irm\u00e3os mais experientes eu tento gastar a minha juventude fazendo o meu melhor.<\/p>\n<p>Apesar dos meus erros, tenho a consci\u00eancia tranquila, parafraseando Ariando Suassuna: com o pouco que sei, me entrego por inteiro. Aqui n\u00e3o me interessa muito se tem a faca e o queijo, sem a fome, nem adiantaria ter eles. Tamb\u00e9m entendi uma coisa: n\u00e3o se deve aproximar-se do sagrado sem a devida rever\u00eancia. Aqueles que, porventura, assim agiram, encontram n\u00e3o o castigo de Deus (ele tem mais o que fazer), mas a dor de perder a oportunidade de encontrar o Senhor em cada peregrino. As pessoas que aqui sobem t\u00eam por n\u00f3s franciscanos um carinho enorme, uma rever\u00eancia que me causa at\u00e9 espanto. Mas, se n\u00f3s n\u00e3o correspondemos elas at\u00e9 desanimam, mas n\u00e3o desistem. Porque\u00a0 sabem o que querem aqui, e isso n\u00e3o \u00e9 propriedade nossa: \u00e9 de Deus. Elas querem o revigoramento da f\u00e9, o extraordin\u00e1rio para seguirem rumo ao ordin\u00e1rio. O nosso trabalho \u00e9 s\u00f3 guardar, conduzir e se deixar encantar tamb\u00e9m pelos devotos que s\u00e3o o nosso alimento de f\u00e9. E todos os dias o Senhor me visita. E isso me anima muito. Agrade\u00e7o pela oportunidade de viver na casa sobre a rocha. Que ela me solidifique na f\u00e9!<\/p>\n<hr \/>\n<p><em>Texto e fotos: Adriana Rabelo Rodrigues<\/em><\/p>\n","protected":false},"excerpt":{"rendered":"<p>Presen\u00e7a franciscana<\/p>\n","protected":false},"author":11,"featured_media":256045,"comment_status":"open","ping_status":"open","sticky":false,"template":"","format":"standard","meta":[],"categories":[758,1],"tags":[2293,231],"acf":[],"yoast_head":"<!-- This site is optimized with the Yoast SEO plugin v19.2 - https:\/\/yoast.com\/wordpress\/plugins\/seo\/ -->\n<title>Festa da Penha 2025: Com Maria, peregrinos de esperan\u00e7a - Not\u00edcias - Franciscanos<\/title>\n<meta name=\"robots\" content=\"index, follow, max-snippet:-1, max-image-preview:large, max-video-preview:-1\" \/>\n<link rel=\"canonical\" href=\"https:\/\/franciscanos.org.br\/noticias\/256043.html\" \/>\n<meta property=\"og:locale\" content=\"pt_BR\" \/>\n<meta property=\"og:type\" content=\"article\" \/>\n<meta property=\"og:title\" content=\"Festa da Penha 2025: Com Maria, peregrinos de esperan\u00e7a - Not\u00edcias - Franciscanos\" \/>\n<meta property=\"og:description\" content=\"Presen\u00e7a franciscana\" \/>\n<meta property=\"og:url\" content=\"https:\/\/franciscanos.org.br\/noticias\/256043.html\" \/>\n<meta property=\"og:site_name\" content=\"Not\u00edcias - Franciscanos\" \/>\n<meta property=\"article:published_time\" content=\"2025-04-14T19:18:07+00:00\" \/>\n<meta property=\"article:modified_time\" content=\"2025-04-15T13:41:50+00:00\" \/>\n<meta property=\"og:image\" content=\"https:\/\/franciscanos.org.br\/noticias\/wp-content\/uploads\/2025\/04\/CHAMADA-18.png\" \/>\n\t<meta property=\"og:image:width\" content=\"800\" \/>\n\t<meta property=\"og:image:height\" content=\"550\" \/>\n\t<meta property=\"og:image:type\" content=\"image\/png\" \/>\n<meta name=\"author\" content=\"Adriana Rabelo\" \/>\n<meta name=\"twitter:card\" content=\"summary_large_image\" \/>\n<meta name=\"twitter:label1\" content=\"Escrito por\" \/>\n\t<meta name=\"twitter:data1\" content=\"Adriana Rabelo\" \/>\n\t<meta name=\"twitter:label2\" content=\"Est. tempo de leitura\" \/>\n\t<meta name=\"twitter:data2\" content=\"10 minutos\" \/>\n<script type=\"application\/ld+json\" class=\"yoast-schema-graph\">{\"@context\":\"https:\/\/schema.org\",\"@graph\":[{\"@type\":\"WebSite\",\"@id\":\"https:\/\/franciscanos.org.br\/noticias\/#website\",\"url\":\"https:\/\/franciscanos.org.br\/noticias\/\",\"name\":\"Not\u00edcias - Franciscanos\",\"description\":\"Prov\u00edncia Franciscana da Imaculada Concei\u00e7\u00e3o do Brasil - Ordem dos Frades Menores - OFM\",\"potentialAction\":[{\"@type\":\"SearchAction\",\"target\":{\"@type\":\"EntryPoint\",\"urlTemplate\":\"https:\/\/franciscanos.org.br\/noticias\/?s={search_term_string}\"},\"query-input\":\"required name=search_term_string\"}],\"inLanguage\":\"pt-BR\"},{\"@type\":\"ImageObject\",\"inLanguage\":\"pt-BR\",\"@id\":\"https:\/\/franciscanos.org.br\/noticias\/256043.html#primaryimage\",\"url\":\"https:\/\/franciscanos.org.br\/noticias\/wp-content\/uploads\/2025\/04\/CHAMADA-18.png\",\"contentUrl\":\"https:\/\/franciscanos.org.br\/noticias\/wp-content\/uploads\/2025\/04\/CHAMADA-18.png\",\"width\":800,\"height\":550},{\"@type\":\"WebPage\",\"@id\":\"https:\/\/franciscanos.org.br\/noticias\/256043.html#webpage\",\"url\":\"https:\/\/franciscanos.org.br\/noticias\/256043.html\",\"name\":\"Festa da Penha 2025: Com Maria, peregrinos de esperan\u00e7a - Not\u00edcias - Franciscanos\",\"isPartOf\":{\"@id\":\"https:\/\/franciscanos.org.br\/noticias\/#website\"},\"primaryImageOfPage\":{\"@id\":\"https:\/\/franciscanos.org.br\/noticias\/256043.html#primaryimage\"},\"datePublished\":\"2025-04-14T19:18:07+00:00\",\"dateModified\":\"2025-04-15T13:41:50+00:00\",\"author\":{\"@id\":\"https:\/\/franciscanos.org.br\/noticias\/#\/schema\/person\/d9422e83121c3ad3b0f423d195f5bb25\"},\"breadcrumb\":{\"@id\":\"https:\/\/franciscanos.org.br\/noticias\/256043.html#breadcrumb\"},\"inLanguage\":\"pt-BR\",\"potentialAction\":[{\"@type\":\"ReadAction\",\"target\":[\"https:\/\/franciscanos.org.br\/noticias\/256043.html\"]}]},{\"@type\":\"BreadcrumbList\",\"@id\":\"https:\/\/franciscanos.org.br\/noticias\/256043.html#breadcrumb\",\"itemListElement\":[{\"@type\":\"ListItem\",\"position\":1,\"name\":\"Home\",\"item\":\"https:\/\/franciscanos.org.br\/noticias\"},{\"@type\":\"ListItem\",\"position\":2,\"name\":\"Festa da Penha 2025: Com Maria, peregrinos de esperan\u00e7a\"}]},{\"@type\":\"Person\",\"@id\":\"https:\/\/franciscanos.org.br\/noticias\/#\/schema\/person\/d9422e83121c3ad3b0f423d195f5bb25\",\"name\":\"Adriana Rabelo\",\"image\":{\"@type\":\"ImageObject\",\"inLanguage\":\"pt-BR\",\"@id\":\"https:\/\/franciscanos.org.br\/noticias\/#\/schema\/person\/image\/\",\"url\":\"https:\/\/secure.gravatar.com\/avatar\/0a937b7500cd7df77540cfb8bede877d?s=96&d=mm&r=g\",\"contentUrl\":\"https:\/\/secure.gravatar.com\/avatar\/0a937b7500cd7df77540cfb8bede877d?s=96&d=mm&r=g\",\"caption\":\"Adriana Rabelo\"},\"url\":\"https:\/\/franciscanos.org.br\/noticias\/author\/adrianarabelo\"}]}<\/script>\n<!-- \/ Yoast SEO plugin. -->","yoast_head_json":{"title":"Festa da Penha 2025: Com Maria, peregrinos de esperan\u00e7a - Not\u00edcias - Franciscanos","robots":{"index":"index","follow":"follow","max-snippet":"max-snippet:-1","max-image-preview":"max-image-preview:large","max-video-preview":"max-video-preview:-1"},"canonical":"https:\/\/franciscanos.org.br\/noticias\/256043.html","og_locale":"pt_BR","og_type":"article","og_title":"Festa da Penha 2025: Com Maria, peregrinos de esperan\u00e7a - Not\u00edcias - Franciscanos","og_description":"Presen\u00e7a franciscana","og_url":"https:\/\/franciscanos.org.br\/noticias\/256043.html","og_site_name":"Not\u00edcias - Franciscanos","article_published_time":"2025-04-14T19:18:07+00:00","article_modified_time":"2025-04-15T13:41:50+00:00","og_image":[{"width":800,"height":550,"url":"https:\/\/franciscanos.org.br\/noticias\/wp-content\/uploads\/2025\/04\/CHAMADA-18.png","type":"image\/png"}],"author":"Adriana Rabelo","twitter_card":"summary_large_image","twitter_misc":{"Escrito por":"Adriana Rabelo","Est. tempo de leitura":"10 minutos"},"schema":{"@context":"https:\/\/schema.org","@graph":[{"@type":"WebSite","@id":"https:\/\/franciscanos.org.br\/noticias\/#website","url":"https:\/\/franciscanos.org.br\/noticias\/","name":"Not\u00edcias - Franciscanos","description":"Prov\u00edncia Franciscana da Imaculada Concei\u00e7\u00e3o do Brasil - Ordem dos Frades Menores - OFM","potentialAction":[{"@type":"SearchAction","target":{"@type":"EntryPoint","urlTemplate":"https:\/\/franciscanos.org.br\/noticias\/?s={search_term_string}"},"query-input":"required name=search_term_string"}],"inLanguage":"pt-BR"},{"@type":"ImageObject","inLanguage":"pt-BR","@id":"https:\/\/franciscanos.org.br\/noticias\/256043.html#primaryimage","url":"https:\/\/franciscanos.org.br\/noticias\/wp-content\/uploads\/2025\/04\/CHAMADA-18.png","contentUrl":"https:\/\/franciscanos.org.br\/noticias\/wp-content\/uploads\/2025\/04\/CHAMADA-18.png","width":800,"height":550},{"@type":"WebPage","@id":"https:\/\/franciscanos.org.br\/noticias\/256043.html#webpage","url":"https:\/\/franciscanos.org.br\/noticias\/256043.html","name":"Festa da Penha 2025: Com Maria, peregrinos de esperan\u00e7a - Not\u00edcias - Franciscanos","isPartOf":{"@id":"https:\/\/franciscanos.org.br\/noticias\/#website"},"primaryImageOfPage":{"@id":"https:\/\/franciscanos.org.br\/noticias\/256043.html#primaryimage"},"datePublished":"2025-04-14T19:18:07+00:00","dateModified":"2025-04-15T13:41:50+00:00","author":{"@id":"https:\/\/franciscanos.org.br\/noticias\/#\/schema\/person\/d9422e83121c3ad3b0f423d195f5bb25"},"breadcrumb":{"@id":"https:\/\/franciscanos.org.br\/noticias\/256043.html#breadcrumb"},"inLanguage":"pt-BR","potentialAction":[{"@type":"ReadAction","target":["https:\/\/franciscanos.org.br\/noticias\/256043.html"]}]},{"@type":"BreadcrumbList","@id":"https:\/\/franciscanos.org.br\/noticias\/256043.html#breadcrumb","itemListElement":[{"@type":"ListItem","position":1,"name":"Home","item":"https:\/\/franciscanos.org.br\/noticias"},{"@type":"ListItem","position":2,"name":"Festa da Penha 2025: Com Maria, peregrinos de esperan\u00e7a"}]},{"@type":"Person","@id":"https:\/\/franciscanos.org.br\/noticias\/#\/schema\/person\/d9422e83121c3ad3b0f423d195f5bb25","name":"Adriana Rabelo","image":{"@type":"ImageObject","inLanguage":"pt-BR","@id":"https:\/\/franciscanos.org.br\/noticias\/#\/schema\/person\/image\/","url":"https:\/\/secure.gravatar.com\/avatar\/0a937b7500cd7df77540cfb8bede877d?s=96&d=mm&r=g","contentUrl":"https:\/\/secure.gravatar.com\/avatar\/0a937b7500cd7df77540cfb8bede877d?s=96&d=mm&r=g","caption":"Adriana Rabelo"},"url":"https:\/\/franciscanos.org.br\/noticias\/author\/adrianarabelo"}]}},"_links":{"self":[{"href":"https:\/\/franciscanos.org.br\/noticias\/wp-json\/wp\/v2\/posts\/256043"}],"collection":[{"href":"https:\/\/franciscanos.org.br\/noticias\/wp-json\/wp\/v2\/posts"}],"about":[{"href":"https:\/\/franciscanos.org.br\/noticias\/wp-json\/wp\/v2\/types\/post"}],"author":[{"embeddable":true,"href":"https:\/\/franciscanos.org.br\/noticias\/wp-json\/wp\/v2\/users\/11"}],"replies":[{"embeddable":true,"href":"https:\/\/franciscanos.org.br\/noticias\/wp-json\/wp\/v2\/comments?post=256043"}],"version-history":[{"count":14,"href":"https:\/\/franciscanos.org.br\/noticias\/wp-json\/wp\/v2\/posts\/256043\/revisions"}],"predecessor-version":[{"id":256070,"href":"https:\/\/franciscanos.org.br\/noticias\/wp-json\/wp\/v2\/posts\/256043\/revisions\/256070"}],"wp:featuredmedia":[{"embeddable":true,"href":"https:\/\/franciscanos.org.br\/noticias\/wp-json\/wp\/v2\/media\/256045"}],"wp:attachment":[{"href":"https:\/\/franciscanos.org.br\/noticias\/wp-json\/wp\/v2\/media?parent=256043"}],"wp:term":[{"taxonomy":"category","embeddable":true,"href":"https:\/\/franciscanos.org.br\/noticias\/wp-json\/wp\/v2\/categories?post=256043"},{"taxonomy":"post_tag","embeddable":true,"href":"https:\/\/franciscanos.org.br\/noticias\/wp-json\/wp\/v2\/tags?post=256043"}],"curies":[{"name":"wp","href":"https:\/\/api.w.org\/{rel}","templated":true}]}}