{"id":256038,"date":"2025-04-14T11:34:03","date_gmt":"2025-04-14T14:34:03","guid":{"rendered":"https:\/\/franciscanos.org.br\/noticias\/?p=256038"},"modified":"2025-04-15T14:36:23","modified_gmt":"2025-04-15T17:36:23","slug":"conselho-de-evangelizacao-realiza-segunda-reuniao-do-trienio","status":"publish","type":"post","link":"https:\/\/franciscanos.org.br\/noticias\/conselho-de-evangelizacao-realiza-segunda-reuniao-do-trienio.html","title":{"rendered":"Conselho de Evangeliza\u00e7\u00e3o realiza segunda reuni\u00e3o do tri\u00eanio"},"content":{"rendered":"<p><img loading=\"lazy\" class=\"aligncenter wp-image-256041 size-full\" src=\"https:\/\/franciscanos.org.br\/noticias\/wp-content\/uploads\/2025\/04\/materia-frei-gustavo-2.png\" alt=\"\" width=\"1280\" height=\"720\" srcset=\"https:\/\/franciscanos.org.br\/noticias\/wp-content\/uploads\/2025\/04\/materia-frei-gustavo-2.png 1280w, https:\/\/franciscanos.org.br\/noticias\/wp-content\/uploads\/2025\/04\/materia-frei-gustavo-2-450x253.png 450w, https:\/\/franciscanos.org.br\/noticias\/wp-content\/uploads\/2025\/04\/materia-frei-gustavo-2-1024x576.png 1024w, https:\/\/franciscanos.org.br\/noticias\/wp-content\/uploads\/2025\/04\/materia-frei-gustavo-2-768x432.png 768w, https:\/\/franciscanos.org.br\/noticias\/wp-content\/uploads\/2025\/04\/materia-frei-gustavo-2-150x84.png 150w\" sizes=\"(max-width: 1280px) 100vw, 1280px\" \/><\/p>\n<p>No dia 10 de abril, o Conselho de Evangeliza\u00e7\u00e3o da Prov\u00edncia teve sua segunda reuni\u00e3o do tri\u00eanio, mais uma vez na modalidade virtual. Estiveram presentes: Frei Gustavo Wayand Medella, Secret\u00e1rio; Frei Evaldo Ludwig, Vice-secret\u00e1rio, Frei Alex Sandro Ciarnoscki e Frei Jorge Lazaro de Souza, ambos da Frente das Par\u00f3quias, Santu\u00e1rios e Centros de Acolhimento; Frei Leandro Costa Santos,\u00a0 da Frente da Comunica\u00e7\u00e3o; Frei Alvaci Mendes da Luz , da Frente da Educa\u00e7\u00e3o;\u00a0 Frei Robson Luiz Scudela, da Frente das Miss\u00f5es;\u00a0 Frei Jos\u00e9 Francisco de Cassia, da Frente da Solidariedade;\u00a0 Frei Thiago Alexandre Hayakawa , da JPIC;\u00a0 Frei Sandro Roberto da Costa, Secret\u00e1rio para Forma\u00e7\u00e3o e Estudos. A atividade tamb\u00e9m contou com a presen\u00e7a do Ministro provincial, Frei Paulo Roberto Pereira.<\/p>\n<p>O encontro come\u00e7ou com a leitura da Carta do Ministro Geral, Frei Massimo Fusarelli, com a Mensagem para P\u00e1scoa 2025: \u201cA ora\u00e7\u00e3o de Jesus e a nossa\u201d, na qual somos interpelados pelo Ministro Geral a rezar de maneira contemplativa, que nos aquiete no \u00edntimo do nosso ser e nos lance para as profundezas da nossa miss\u00e3o. Somente com essa via de a\u00e7\u00e3o poderemos ter os frutos para evangeliza\u00e7\u00e3o: homens que rezam e rezam a a\u00e7\u00e3o.<\/p>\n<p>O segundo passo da reuni\u00e3o foi dedicado a rever e atualizar a caminhada da Prov\u00edncia. Nesta dire\u00e7\u00e3o, o Ministro Provincial motivou os animadores das frentes de Evangeliza\u00e7ao a rever os respectivos planos de a\u00e7\u00e3o. \u201cEstamos na caminhada do tri\u00eanio e n\u00e3o no fim dele\u201d, recordou, propondo tamb\u00e9m uma maior articula\u00e7\u00e3o entre as frentes e uma disposi\u00e7\u00e3o clara e l\u00facida daquilo que devemos fazer agora. A hora do teste \u00e9 agora enfatizou o Ministro.<\/p>\n<p>Logo em seguida, cada animador atualizou os primeiros passos da referida frente. \u00c9 de conhecimento geral que estamos no in\u00edcio da caminhada e os ajustes necess\u00e1rios est\u00e3o acontecendo, bem como nomea\u00e7\u00f5es dos conselhos e diretorias das Frentes e das Institui\u00e7\u00f5es coligadas \u00e1 Prov\u00edncia. No entanto, cada animador manifestou seguran\u00e7a de fomentar a caminhada futura, sempre sinalizando a ajuda m\u00fatua e o apoio necess\u00e1rio e saud\u00e1vel de todos os confrades.<\/p>\n<p>O secretario do conselho partilhou a experi\u00eancia da participa\u00e7\u00e3o na Assembleia Ampliada da Confer\u00eancia dos Frades Menores do Brasil e do Cone Sul (CFMByConoSur), celebrada em C\u00f3rdoba, na Argentina, entre os dias 26 e 29 de mar\u00e7o. A nossa Prov\u00edncia foi representada pos Frei Paulo, Frei Gustavo, Frei Thiago, Frei Sandro e Frei Alvaci. Os frades relataram a frutuosa conviv\u00eancia fraterna, a partilha de projetos que cada institui\u00e7\u00e3o realiza e a comum preocupa\u00e7\u00e3o com a diminui\u00e7\u00e3o num\u00e9rica. Frei Gustavo acentuou o projeto da CFMByConoSur de realizar todos os anos uma Miss\u00e3o em uma realidade desafiadora. O Projeto teve in\u00edcio ano passado, com o planejamento de uma miss\u00e3o na Diocese de Cruzeiro do Sul, no Acre, a se realizatr entre 18 e 30 de junho deste ano. Da nossa Prov\u00edncia far\u00e3o parte Frei Gustavo e Frei Sandro.<\/p>\n<p>O Secretario para a Forma\u00e7\u00e3o e Estudos, Frei Sandro, apresentou a situa\u00e7\u00e3o atual da forma\u00e7\u00e3o. O caminho \u00e9 longo a ser percorrido para dinamizar o novo processo formativo da prov\u00edncia. Tudo est\u00e1 acontecendo como foi previsto e aprovado pelo Cap\u00edtulo Provincial. A etapa mais modificada, que \u00e9 o per\u00edodo da Profiss\u00e3o Tempor\u00e1ria, que acontece atualmente em Rondinha, est\u00e1 sendo bem executada com foco no discernimento vocacional e formativo. Ademais, a reuni\u00e3o teve alguns comunicados pr\u00e1ticos de a\u00e7\u00f5es de cada frente. A pr\u00f3xima reuni\u00e3o do Conselho ser\u00e1 presencial, na sede provincial, em S\u00e3o Paulo, dias 4 e 5 de julho.<\/p>\n<hr \/>\n<p>Frei Evaldo Ludwig \u2013 Vice-Secret\u00e1rio<\/p>\n","protected":false},"excerpt":{"rendered":"<p>Vida Franciscana<\/p>\n","protected":false},"author":11,"featured_media":256040,"comment_status":"open","ping_status":"open","sticky":false,"template":"","format":"standard","meta":[],"categories":[1],"tags":[2333,2332],"acf":[],"yoast_head":"<!-- This site is optimized with the Yoast SEO plugin v19.2 - https:\/\/yoast.com\/wordpress\/plugins\/seo\/ -->\n<title>Conselho de Evangeliza\u00e7\u00e3o realiza segunda reuni\u00e3o do tri\u00eanio - Not\u00edcias - Franciscanos<\/title>\n<meta name=\"robots\" content=\"index, follow, max-snippet:-1, max-image-preview:large, max-video-preview:-1\" \/>\n<link rel=\"canonical\" href=\"https:\/\/franciscanos.org.br\/noticias\/conselho-de-evangelizacao-realiza-segunda-reuniao-do-trienio.html\" \/>\n<meta property=\"og:locale\" content=\"pt_BR\" \/>\n<meta property=\"og:type\" content=\"article\" \/>\n<meta property=\"og:title\" content=\"Conselho de Evangeliza\u00e7\u00e3o realiza segunda reuni\u00e3o do tri\u00eanio - Not\u00edcias - Franciscanos\" \/>\n<meta property=\"og:description\" content=\"Vida Franciscana\" \/>\n<meta property=\"og:url\" content=\"https:\/\/franciscanos.org.br\/noticias\/conselho-de-evangelizacao-realiza-segunda-reuniao-do-trienio.html\" \/>\n<meta property=\"og:site_name\" content=\"Not\u00edcias - Franciscanos\" \/>\n<meta property=\"article:published_time\" content=\"2025-04-14T14:34:03+00:00\" \/>\n<meta property=\"article:modified_time\" content=\"2025-04-15T17:36:23+00:00\" \/>\n<meta property=\"og:image\" content=\"https:\/\/franciscanos.org.br\/noticias\/wp-content\/uploads\/2025\/04\/chamada-frei-gustavo.png\" \/>\n\t<meta property=\"og:image:width\" content=\"800\" \/>\n\t<meta property=\"og:image:height\" content=\"550\" \/>\n\t<meta property=\"og:image:type\" content=\"image\/png\" \/>\n<meta name=\"author\" content=\"Adriana Rabelo\" \/>\n<meta name=\"twitter:card\" content=\"summary_large_image\" \/>\n<meta name=\"twitter:label1\" content=\"Escrito por\" \/>\n\t<meta name=\"twitter:data1\" content=\"Adriana Rabelo\" \/>\n\t<meta name=\"twitter:label2\" content=\"Est. tempo de leitura\" \/>\n\t<meta name=\"twitter:data2\" content=\"3 minutos\" \/>\n<script type=\"application\/ld+json\" class=\"yoast-schema-graph\">{\"@context\":\"https:\/\/schema.org\",\"@graph\":[{\"@type\":\"WebSite\",\"@id\":\"https:\/\/franciscanos.org.br\/noticias\/#website\",\"url\":\"https:\/\/franciscanos.org.br\/noticias\/\",\"name\":\"Not\u00edcias - Franciscanos\",\"description\":\"Prov\u00edncia Franciscana da Imaculada Concei\u00e7\u00e3o do Brasil - Ordem dos Frades Menores - OFM\",\"potentialAction\":[{\"@type\":\"SearchAction\",\"target\":{\"@type\":\"EntryPoint\",\"urlTemplate\":\"https:\/\/franciscanos.org.br\/noticias\/?s={search_term_string}\"},\"query-input\":\"required name=search_term_string\"}],\"inLanguage\":\"pt-BR\"},{\"@type\":\"ImageObject\",\"inLanguage\":\"pt-BR\",\"@id\":\"https:\/\/franciscanos.org.br\/noticias\/conselho-de-evangelizacao-realiza-segunda-reuniao-do-trienio.html#primaryimage\",\"url\":\"https:\/\/franciscanos.org.br\/noticias\/wp-content\/uploads\/2025\/04\/chamada-frei-gustavo.png\",\"contentUrl\":\"https:\/\/franciscanos.org.br\/noticias\/wp-content\/uploads\/2025\/04\/chamada-frei-gustavo.png\",\"width\":800,\"height\":550},{\"@type\":\"WebPage\",\"@id\":\"https:\/\/franciscanos.org.br\/noticias\/conselho-de-evangelizacao-realiza-segunda-reuniao-do-trienio.html#webpage\",\"url\":\"https:\/\/franciscanos.org.br\/noticias\/conselho-de-evangelizacao-realiza-segunda-reuniao-do-trienio.html\",\"name\":\"Conselho de Evangeliza\u00e7\u00e3o realiza segunda reuni\u00e3o do tri\u00eanio - Not\u00edcias - Franciscanos\",\"isPartOf\":{\"@id\":\"https:\/\/franciscanos.org.br\/noticias\/#website\"},\"primaryImageOfPage\":{\"@id\":\"https:\/\/franciscanos.org.br\/noticias\/conselho-de-evangelizacao-realiza-segunda-reuniao-do-trienio.html#primaryimage\"},\"datePublished\":\"2025-04-14T14:34:03+00:00\",\"dateModified\":\"2025-04-15T17:36:23+00:00\",\"author\":{\"@id\":\"https:\/\/franciscanos.org.br\/noticias\/#\/schema\/person\/d9422e83121c3ad3b0f423d195f5bb25\"},\"breadcrumb\":{\"@id\":\"https:\/\/franciscanos.org.br\/noticias\/conselho-de-evangelizacao-realiza-segunda-reuniao-do-trienio.html#breadcrumb\"},\"inLanguage\":\"pt-BR\",\"potentialAction\":[{\"@type\":\"ReadAction\",\"target\":[\"https:\/\/franciscanos.org.br\/noticias\/conselho-de-evangelizacao-realiza-segunda-reuniao-do-trienio.html\"]}]},{\"@type\":\"BreadcrumbList\",\"@id\":\"https:\/\/franciscanos.org.br\/noticias\/conselho-de-evangelizacao-realiza-segunda-reuniao-do-trienio.html#breadcrumb\",\"itemListElement\":[{\"@type\":\"ListItem\",\"position\":1,\"name\":\"Home\",\"item\":\"https:\/\/franciscanos.org.br\/noticias\"},{\"@type\":\"ListItem\",\"position\":2,\"name\":\"Conselho de Evangeliza\u00e7\u00e3o realiza segunda reuni\u00e3o do tri\u00eanio\"}]},{\"@type\":\"Person\",\"@id\":\"https:\/\/franciscanos.org.br\/noticias\/#\/schema\/person\/d9422e83121c3ad3b0f423d195f5bb25\",\"name\":\"Adriana Rabelo\",\"image\":{\"@type\":\"ImageObject\",\"inLanguage\":\"pt-BR\",\"@id\":\"https:\/\/franciscanos.org.br\/noticias\/#\/schema\/person\/image\/\",\"url\":\"https:\/\/secure.gravatar.com\/avatar\/0a937b7500cd7df77540cfb8bede877d?s=96&d=mm&r=g\",\"contentUrl\":\"https:\/\/secure.gravatar.com\/avatar\/0a937b7500cd7df77540cfb8bede877d?s=96&d=mm&r=g\",\"caption\":\"Adriana Rabelo\"},\"url\":\"https:\/\/franciscanos.org.br\/noticias\/author\/adrianarabelo\"}]}<\/script>\n<!-- \/ Yoast SEO plugin. -->","yoast_head_json":{"title":"Conselho de Evangeliza\u00e7\u00e3o realiza segunda reuni\u00e3o do tri\u00eanio - Not\u00edcias - Franciscanos","robots":{"index":"index","follow":"follow","max-snippet":"max-snippet:-1","max-image-preview":"max-image-preview:large","max-video-preview":"max-video-preview:-1"},"canonical":"https:\/\/franciscanos.org.br\/noticias\/conselho-de-evangelizacao-realiza-segunda-reuniao-do-trienio.html","og_locale":"pt_BR","og_type":"article","og_title":"Conselho de Evangeliza\u00e7\u00e3o realiza segunda reuni\u00e3o do tri\u00eanio - Not\u00edcias - Franciscanos","og_description":"Vida Franciscana","og_url":"https:\/\/franciscanos.org.br\/noticias\/conselho-de-evangelizacao-realiza-segunda-reuniao-do-trienio.html","og_site_name":"Not\u00edcias - Franciscanos","article_published_time":"2025-04-14T14:34:03+00:00","article_modified_time":"2025-04-15T17:36:23+00:00","og_image":[{"width":800,"height":550,"url":"https:\/\/franciscanos.org.br\/noticias\/wp-content\/uploads\/2025\/04\/chamada-frei-gustavo.png","type":"image\/png"}],"author":"Adriana Rabelo","twitter_card":"summary_large_image","twitter_misc":{"Escrito por":"Adriana Rabelo","Est. tempo de leitura":"3 minutos"},"schema":{"@context":"https:\/\/schema.org","@graph":[{"@type":"WebSite","@id":"https:\/\/franciscanos.org.br\/noticias\/#website","url":"https:\/\/franciscanos.org.br\/noticias\/","name":"Not\u00edcias - Franciscanos","description":"Prov\u00edncia Franciscana da Imaculada Concei\u00e7\u00e3o do Brasil - Ordem dos Frades Menores - OFM","potentialAction":[{"@type":"SearchAction","target":{"@type":"EntryPoint","urlTemplate":"https:\/\/franciscanos.org.br\/noticias\/?s={search_term_string}"},"query-input":"required name=search_term_string"}],"inLanguage":"pt-BR"},{"@type":"ImageObject","inLanguage":"pt-BR","@id":"https:\/\/franciscanos.org.br\/noticias\/conselho-de-evangelizacao-realiza-segunda-reuniao-do-trienio.html#primaryimage","url":"https:\/\/franciscanos.org.br\/noticias\/wp-content\/uploads\/2025\/04\/chamada-frei-gustavo.png","contentUrl":"https:\/\/franciscanos.org.br\/noticias\/wp-content\/uploads\/2025\/04\/chamada-frei-gustavo.png","width":800,"height":550},{"@type":"WebPage","@id":"https:\/\/franciscanos.org.br\/noticias\/conselho-de-evangelizacao-realiza-segunda-reuniao-do-trienio.html#webpage","url":"https:\/\/franciscanos.org.br\/noticias\/conselho-de-evangelizacao-realiza-segunda-reuniao-do-trienio.html","name":"Conselho de Evangeliza\u00e7\u00e3o realiza segunda reuni\u00e3o do tri\u00eanio - Not\u00edcias - Franciscanos","isPartOf":{"@id":"https:\/\/franciscanos.org.br\/noticias\/#website"},"primaryImageOfPage":{"@id":"https:\/\/franciscanos.org.br\/noticias\/conselho-de-evangelizacao-realiza-segunda-reuniao-do-trienio.html#primaryimage"},"datePublished":"2025-04-14T14:34:03+00:00","dateModified":"2025-04-15T17:36:23+00:00","author":{"@id":"https:\/\/franciscanos.org.br\/noticias\/#\/schema\/person\/d9422e83121c3ad3b0f423d195f5bb25"},"breadcrumb":{"@id":"https:\/\/franciscanos.org.br\/noticias\/conselho-de-evangelizacao-realiza-segunda-reuniao-do-trienio.html#breadcrumb"},"inLanguage":"pt-BR","potentialAction":[{"@type":"ReadAction","target":["https:\/\/franciscanos.org.br\/noticias\/conselho-de-evangelizacao-realiza-segunda-reuniao-do-trienio.html"]}]},{"@type":"BreadcrumbList","@id":"https:\/\/franciscanos.org.br\/noticias\/conselho-de-evangelizacao-realiza-segunda-reuniao-do-trienio.html#breadcrumb","itemListElement":[{"@type":"ListItem","position":1,"name":"Home","item":"https:\/\/franciscanos.org.br\/noticias"},{"@type":"ListItem","position":2,"name":"Conselho de Evangeliza\u00e7\u00e3o realiza segunda reuni\u00e3o do tri\u00eanio"}]},{"@type":"Person","@id":"https:\/\/franciscanos.org.br\/noticias\/#\/schema\/person\/d9422e83121c3ad3b0f423d195f5bb25","name":"Adriana Rabelo","image":{"@type":"ImageObject","inLanguage":"pt-BR","@id":"https:\/\/franciscanos.org.br\/noticias\/#\/schema\/person\/image\/","url":"https:\/\/secure.gravatar.com\/avatar\/0a937b7500cd7df77540cfb8bede877d?s=96&d=mm&r=g","contentUrl":"https:\/\/secure.gravatar.com\/avatar\/0a937b7500cd7df77540cfb8bede877d?s=96&d=mm&r=g","caption":"Adriana Rabelo"},"url":"https:\/\/franciscanos.org.br\/noticias\/author\/adrianarabelo"}]}},"_links":{"self":[{"href":"https:\/\/franciscanos.org.br\/noticias\/wp-json\/wp\/v2\/posts\/256038"}],"collection":[{"href":"https:\/\/franciscanos.org.br\/noticias\/wp-json\/wp\/v2\/posts"}],"about":[{"href":"https:\/\/franciscanos.org.br\/noticias\/wp-json\/wp\/v2\/types\/post"}],"author":[{"embeddable":true,"href":"https:\/\/franciscanos.org.br\/noticias\/wp-json\/wp\/v2\/users\/11"}],"replies":[{"embeddable":true,"href":"https:\/\/franciscanos.org.br\/noticias\/wp-json\/wp\/v2\/comments?post=256038"}],"version-history":[{"count":1,"href":"https:\/\/franciscanos.org.br\/noticias\/wp-json\/wp\/v2\/posts\/256038\/revisions"}],"predecessor-version":[{"id":256042,"href":"https:\/\/franciscanos.org.br\/noticias\/wp-json\/wp\/v2\/posts\/256038\/revisions\/256042"}],"wp:featuredmedia":[{"embeddable":true,"href":"https:\/\/franciscanos.org.br\/noticias\/wp-json\/wp\/v2\/media\/256040"}],"wp:attachment":[{"href":"https:\/\/franciscanos.org.br\/noticias\/wp-json\/wp\/v2\/media?parent=256038"}],"wp:term":[{"taxonomy":"category","embeddable":true,"href":"https:\/\/franciscanos.org.br\/noticias\/wp-json\/wp\/v2\/categories?post=256038"},{"taxonomy":"post_tag","embeddable":true,"href":"https:\/\/franciscanos.org.br\/noticias\/wp-json\/wp\/v2\/tags?post=256038"}],"curies":[{"name":"wp","href":"https:\/\/api.w.org\/{rel}","templated":true}]}}