{"id":256007,"date":"2025-04-14T10:10:28","date_gmt":"2025-04-14T13:10:28","guid":{"rendered":"https:\/\/franciscanos.org.br\/noticias\/?p=256007"},"modified":"2025-04-14T10:10:28","modified_gmt":"2025-04-14T13:10:28","slug":"sefras-e-paroquia-santa-cruz-do-jardim-peri-participam-da-via-sacra-da-crianca-e-do-menor-da-arquidiocese-de-sao-paulo","status":"publish","type":"post","link":"https:\/\/franciscanos.org.br\/noticias\/sefras-e-paroquia-santa-cruz-do-jardim-peri-participam-da-via-sacra-da-crianca-e-do-menor-da-arquidiocese-de-sao-paulo.html","title":{"rendered":"SEFRAS e Par\u00f3quia Santa Cruz do Jardim Peri participam da Via-Sacra da Crian\u00e7a e do Menor da Arquidiocese de S\u00e3o Paulo"},"content":{"rendered":"<p><img loading=\"lazy\" class=\"aligncenter wp-image-256008 size-full\" src=\"https:\/\/franciscanos.org.br\/noticias\/wp-content\/uploads\/2025\/04\/MATERIA-1-1.png\" alt=\"\" width=\"1280\" height=\"720\" srcset=\"https:\/\/franciscanos.org.br\/noticias\/wp-content\/uploads\/2025\/04\/MATERIA-1-1.png 1280w, https:\/\/franciscanos.org.br\/noticias\/wp-content\/uploads\/2025\/04\/MATERIA-1-1-450x253.png 450w, https:\/\/franciscanos.org.br\/noticias\/wp-content\/uploads\/2025\/04\/MATERIA-1-1-1024x576.png 1024w, https:\/\/franciscanos.org.br\/noticias\/wp-content\/uploads\/2025\/04\/MATERIA-1-1-768x432.png 768w, https:\/\/franciscanos.org.br\/noticias\/wp-content\/uploads\/2025\/04\/MATERIA-1-1-150x84.png 150w\" sizes=\"(max-width: 1280px) 100vw, 1280px\" \/><\/p>\n<p>Na manh\u00e3 de sexta-feira, 11 de abril, o cora\u00e7\u00e3o da cidade de S\u00e3o Paulo foi cen\u00e1rio de uma comovente manifesta\u00e7\u00e3o de f\u00e9 e compromisso social: a Via-Sacra do Menor e da Crian\u00e7a. A atividade reuniu centenas de participantes \u2014 entre crian\u00e7as, adolescentes, educadores e religiosos \u2014 em uma jornada simb\u00f3lica pelas ruas do centro, marcada por ora\u00e7\u00f5es, encena\u00e7\u00f5es e reflex\u00f5es sobre os desafios enfrentados pela inf\u00e2ncia e juventude em situa\u00e7\u00e3o de vulnerabilidade.<\/p>\n<p>Esse tradicional ato ocorre h\u00e1 mais de quarenta anos e \u00e9 uma iniciativa promovida pela Pastoral do Menor da Arquidiocese, idealizada em seus prim\u00f3rdios por Dom Luciano Mendes, SJ, ent\u00e3o bispo auxiliar de S\u00e3o Paulo e respons\u00e1vel por essa pastoral. Todos os anos, ao final do per\u00edodo quaresmal, organiza\u00e7\u00f5es que lutam pelos direitos de crian\u00e7as, adolescentes e jovens percorrem as ruas do centro da maior cidade do pa\u00eds rezando a Paix\u00e3o de Nosso Senhor. De modo especial, a Via-Sacra deste ano refletiu sobre o tema da Campanha da Fraternidade.<\/p>\n<p><img loading=\"lazy\" class=\"aligncenter wp-image-256011 size-full\" src=\"https:\/\/franciscanos.org.br\/noticias\/wp-content\/uploads\/2025\/04\/MATERIA-2-9.png\" alt=\"\" width=\"1280\" height=\"720\" srcset=\"https:\/\/franciscanos.org.br\/noticias\/wp-content\/uploads\/2025\/04\/MATERIA-2-9.png 1280w, https:\/\/franciscanos.org.br\/noticias\/wp-content\/uploads\/2025\/04\/MATERIA-2-9-450x253.png 450w, https:\/\/franciscanos.org.br\/noticias\/wp-content\/uploads\/2025\/04\/MATERIA-2-9-1024x576.png 1024w, https:\/\/franciscanos.org.br\/noticias\/wp-content\/uploads\/2025\/04\/MATERIA-2-9-768x432.png 768w, https:\/\/franciscanos.org.br\/noticias\/wp-content\/uploads\/2025\/04\/MATERIA-2-9-150x84.png 150w\" sizes=\"(max-width: 1280px) 100vw, 1280px\" \/>A caminhada teve in\u00edcio \u00e0s 9h30, nas escadarias da Catedral da S\u00e9, com a anima\u00e7\u00e3o de Frei Marx Rodrigues dos Reis, p\u00e1roco da Par\u00f3quia Santa Cruz, do Jardim Peri Alto. Tamb\u00e9m esteve presente crian\u00e7as do servi\u00e7o Perfeita Alegria, do SEFRAS, da mesma localidade. Esse servi\u00e7o, voltado ao atendimento de crian\u00e7as e adolescentes, animou uma das esta\u00e7\u00f5es em frente ao hist\u00f3rico Convento S\u00e3o Francisco. Os jovens do projeto retrataram a devo\u00e7\u00e3o de S\u00e3o Francisco ao Crucificado e os 800 anos do &#8220;C\u00e2ntico das Criaturas&#8221;. Irm\u00e3 Joselma Anjos, da Congrega\u00e7\u00e3o das Franciscanas Ser\u00e1ficas e respons\u00e1vel pelo setor de espiritualidade do SEFRAS, acompanhou todo o percurso da Via-Sacra. Na parada diante do Convento S\u00e3o Francisco, o novo p\u00e1roco, Frei Laerte Farias dos Santos, dirigiu algumas palavras aos participantes desse ato, recordando que n\u00e3o estamos s\u00f3s em nossas caminhadas \u2014 por vezes dif\u00edceis e \u00e1rduas \u2014 e que, com f\u00e9 e esperan\u00e7a, seguimos firmes nos passos de Nosso Senhor.<\/p>\n<p>As centenas de participantes seguiram em prociss\u00e3o por pontos simb\u00f3licos do centro da cidade, encenando passagens b\u00edblicas ligadas \u00e0 Paix\u00e3o de Cristo, entremeadas por den\u00fancias sociais contempor\u00e2neas. Entre os temas retratados estavam trag\u00e9dias como os desastres ambientais em Mariana e Brumadinho, a chacina na escola de Suzano, al\u00e9m da ainda deficit\u00e1ria atua\u00e7\u00e3o do poder p\u00fablico em \u00e1reas como moradia, saneamento, sa\u00fade, educa\u00e7\u00e3o e seguran\u00e7a para a popula\u00e7\u00e3o infanto-juvenil.<\/p>\n<p><img loading=\"lazy\" class=\"aligncenter wp-image-256017 size-full\" src=\"https:\/\/franciscanos.org.br\/noticias\/wp-content\/uploads\/2025\/04\/materia-3-2.png\" alt=\"\" width=\"1280\" height=\"720\" srcset=\"https:\/\/franciscanos.org.br\/noticias\/wp-content\/uploads\/2025\/04\/materia-3-2.png 1280w, https:\/\/franciscanos.org.br\/noticias\/wp-content\/uploads\/2025\/04\/materia-3-2-450x253.png 450w, https:\/\/franciscanos.org.br\/noticias\/wp-content\/uploads\/2025\/04\/materia-3-2-1024x576.png 1024w, https:\/\/franciscanos.org.br\/noticias\/wp-content\/uploads\/2025\/04\/materia-3-2-768x432.png 768w, https:\/\/franciscanos.org.br\/noticias\/wp-content\/uploads\/2025\/04\/materia-3-2-150x84.png 150w\" sizes=\"(max-width: 1280px) 100vw, 1280px\" \/>Durante o percurso, Frei Marx ressaltou a import\u00e2ncia de escutar e cuidar das crian\u00e7as e adolescentes em situa\u00e7\u00e3o de exclus\u00e3o: \u201cSempre dizem que as crian\u00e7as s\u00e3o o futuro do pa\u00eds, mas para que isso se concretize, \u00e9 preciso investir hoje em pol\u00edticas de cuidado e dignidade para a vida no presente\u201d, afirmou.<\/p>\n<p><img loading=\"lazy\" class=\"alignnone wp-image-256010 size-full\" src=\"https:\/\/franciscanos.org.br\/noticias\/wp-content\/uploads\/2025\/04\/materia-5-2.png\" alt=\"\" width=\"1280\" height=\"720\" srcset=\"https:\/\/franciscanos.org.br\/noticias\/wp-content\/uploads\/2025\/04\/materia-5-2.png 1280w, https:\/\/franciscanos.org.br\/noticias\/wp-content\/uploads\/2025\/04\/materia-5-2-450x253.png 450w, https:\/\/franciscanos.org.br\/noticias\/wp-content\/uploads\/2025\/04\/materia-5-2-1024x576.png 1024w, https:\/\/franciscanos.org.br\/noticias\/wp-content\/uploads\/2025\/04\/materia-5-2-768x432.png 768w, https:\/\/franciscanos.org.br\/noticias\/wp-content\/uploads\/2025\/04\/materia-5-2-150x84.png 150w\" sizes=\"(max-width: 1280px) 100vw, 1280px\" \/>Ao retornarem \u00e0 Catedral da S\u00e9, os participantes encerraram a caminhada recordando, na Ressurrei\u00e7\u00e3o do Senhor, o sonho de um mundo transformado pelo cuidado e pelo respeito \u00e0 cria\u00e7\u00e3o e a todos os seres. Jovens e crian\u00e7as reafirmaram seu compromisso com a dignidade da vida e com a luta por um mundo mais justo e fraterno, no qual cada menor possa ter assegurado o horizonte dos sonhos e da esperan\u00e7a. Frei Marx, em sua fala final, lembrou que o Mist\u00e9rio Pascal do Senhor \u00e9 um convite a todos n\u00f3s para sermos anunciadores do desejo da cria\u00e7\u00e3o, expresso pelo Pai: e \u201cDeus viu que tudo era muito bom\u201d (Gn 1,31).<\/p>\n<hr \/>\n<p><em>Texto e fotos: Frei Jo\u00e3o Manoel Zechinatto<\/em><\/p>\n\n\t\t<style type=\"text\/css\">\n\t\t\t#gallery-1 {\n\t\t\t\tmargin: auto;\n\t\t\t}\n\t\t\t#gallery-1 .gallery-item {\n\t\t\t\tfloat: left;\n\t\t\t\tmargin-top: 10px;\n\t\t\t\ttext-align: center;\n\t\t\t\twidth: 33%;\n\t\t\t}\n\t\t\t#gallery-1 img {\n\t\t\t\tborder: 2px solid #cfcfcf;\n\t\t\t}\n\t\t\t#gallery-1 .gallery-caption {\n\t\t\t\tmargin-left: 0;\n\t\t\t}\n\t\t\t\/* see gallery_shortcode() in wp-includes\/media.php *\/\n\t\t<\/style>\n\t\t<div id='gallery-1' class='gallery galleryid-256007 gallery-columns-3 gallery-size-thumbnail'><dl class='gallery-item'>\n\t\t\t<dt class='gallery-icon landscape'>\n\t\t\t\t<a href='https:\/\/franciscanos.org.br\/noticias\/wp-content\/uploads\/2025\/04\/20250411_111357-scaled.jpg'><img width=\"300\" height=\"300\" src=\"https:\/\/franciscanos.org.br\/noticias\/wp-content\/uploads\/2025\/04\/20250411_111357-300x300.jpg\" class=\"attachment-thumbnail size-thumbnail\" alt=\"\" loading=\"lazy\" srcset=\"https:\/\/franciscanos.org.br\/noticias\/wp-content\/uploads\/2025\/04\/20250411_111357-300x300.jpg 300w, https:\/\/franciscanos.org.br\/noticias\/wp-content\/uploads\/2025\/04\/20250411_111357-100x100.jpg 100w\" sizes=\"(max-width: 300px) 100vw, 300px\" \/><\/a>\n\t\t\t<\/dt><\/dl><dl class='gallery-item'>\n\t\t\t<dt class='gallery-icon landscape'>\n\t\t\t\t<a href='https:\/\/franciscanos.org.br\/noticias\/wp-content\/uploads\/2025\/04\/20250411_104425-scaled.jpg'><img width=\"300\" height=\"300\" src=\"https:\/\/franciscanos.org.br\/noticias\/wp-content\/uploads\/2025\/04\/20250411_104425-300x300.jpg\" class=\"attachment-thumbnail size-thumbnail\" alt=\"\" loading=\"lazy\" srcset=\"https:\/\/franciscanos.org.br\/noticias\/wp-content\/uploads\/2025\/04\/20250411_104425-300x300.jpg 300w, https:\/\/franciscanos.org.br\/noticias\/wp-content\/uploads\/2025\/04\/20250411_104425-100x100.jpg 100w\" sizes=\"(max-width: 300px) 100vw, 300px\" \/><\/a>\n\t\t\t<\/dt><\/dl><dl class='gallery-item'>\n\t\t\t<dt class='gallery-icon landscape'>\n\t\t\t\t<a href='https:\/\/franciscanos.org.br\/noticias\/wp-content\/uploads\/2025\/04\/20250411_111702-scaled.jpg'><img width=\"300\" height=\"300\" src=\"https:\/\/franciscanos.org.br\/noticias\/wp-content\/uploads\/2025\/04\/20250411_111702-300x300.jpg\" class=\"attachment-thumbnail size-thumbnail\" alt=\"\" loading=\"lazy\" srcset=\"https:\/\/franciscanos.org.br\/noticias\/wp-content\/uploads\/2025\/04\/20250411_111702-300x300.jpg 300w, https:\/\/franciscanos.org.br\/noticias\/wp-content\/uploads\/2025\/04\/20250411_111702-100x100.jpg 100w\" sizes=\"(max-width: 300px) 100vw, 300px\" \/><\/a>\n\t\t\t<\/dt><\/dl><br style=\"clear: both\" \/><dl class='gallery-item'>\n\t\t\t<dt class='gallery-icon landscape'>\n\t\t\t\t<a href='https:\/\/franciscanos.org.br\/noticias\/wp-content\/uploads\/2025\/04\/20250411_103319-scaled.jpg'><img width=\"300\" height=\"300\" src=\"https:\/\/franciscanos.org.br\/noticias\/wp-content\/uploads\/2025\/04\/20250411_103319-300x300.jpg\" class=\"attachment-thumbnail size-thumbnail\" alt=\"\" loading=\"lazy\" srcset=\"https:\/\/franciscanos.org.br\/noticias\/wp-content\/uploads\/2025\/04\/20250411_103319-300x300.jpg 300w, https:\/\/franciscanos.org.br\/noticias\/wp-content\/uploads\/2025\/04\/20250411_103319-100x100.jpg 100w\" sizes=\"(max-width: 300px) 100vw, 300px\" \/><\/a>\n\t\t\t<\/dt><\/dl><dl class='gallery-item'>\n\t\t\t<dt class='gallery-icon landscape'>\n\t\t\t\t<a href='https:\/\/franciscanos.org.br\/noticias\/wp-content\/uploads\/2025\/04\/20250411_113421-scaled.jpg'><img width=\"300\" height=\"300\" src=\"https:\/\/franciscanos.org.br\/noticias\/wp-content\/uploads\/2025\/04\/20250411_113421-300x300.jpg\" class=\"attachment-thumbnail size-thumbnail\" alt=\"\" loading=\"lazy\" srcset=\"https:\/\/franciscanos.org.br\/noticias\/wp-content\/uploads\/2025\/04\/20250411_113421-300x300.jpg 300w, https:\/\/franciscanos.org.br\/noticias\/wp-content\/uploads\/2025\/04\/20250411_113421-100x100.jpg 100w\" sizes=\"(max-width: 300px) 100vw, 300px\" \/><\/a>\n\t\t\t<\/dt><\/dl><dl class='gallery-item'>\n\t\t\t<dt class='gallery-icon landscape'>\n\t\t\t\t<a href='https:\/\/franciscanos.org.br\/noticias\/wp-content\/uploads\/2025\/04\/20250411_115408-scaled.jpg'><img width=\"300\" height=\"300\" src=\"https:\/\/franciscanos.org.br\/noticias\/wp-content\/uploads\/2025\/04\/20250411_115408-300x300.jpg\" class=\"attachment-thumbnail size-thumbnail\" alt=\"\" loading=\"lazy\" srcset=\"https:\/\/franciscanos.org.br\/noticias\/wp-content\/uploads\/2025\/04\/20250411_115408-300x300.jpg 300w, https:\/\/franciscanos.org.br\/noticias\/wp-content\/uploads\/2025\/04\/20250411_115408-100x100.jpg 100w\" sizes=\"(max-width: 300px) 100vw, 300px\" \/><\/a>\n\t\t\t<\/dt><\/dl><br style=\"clear: both\" \/>\n\t\t<\/div>\n\n","protected":false},"excerpt":{"rendered":"<p>Semana Santa 2025<\/p>\n","protected":false},"author":11,"featured_media":256024,"comment_status":"open","ping_status":"open","sticky":false,"template":"","format":"standard","meta":[],"categories":[1],"tags":[228,2331],"acf":[],"yoast_head":"<!-- This site is optimized with the Yoast SEO plugin v19.2 - https:\/\/yoast.com\/wordpress\/plugins\/seo\/ -->\n<title>SEFRAS e Par\u00f3quia Santa Cruz do Jardim Peri participam da Via-Sacra da Crian\u00e7a e do Menor da Arquidiocese de S\u00e3o Paulo - Not\u00edcias - Franciscanos<\/title>\n<meta name=\"robots\" content=\"index, follow, max-snippet:-1, max-image-preview:large, max-video-preview:-1\" \/>\n<link rel=\"canonical\" href=\"https:\/\/franciscanos.org.br\/noticias\/sefras-e-paroquia-santa-cruz-do-jardim-peri-participam-da-via-sacra-da-crianca-e-do-menor-da-arquidiocese-de-sao-paulo.html\" \/>\n<meta property=\"og:locale\" content=\"pt_BR\" \/>\n<meta property=\"og:type\" content=\"article\" \/>\n<meta property=\"og:title\" content=\"SEFRAS e Par\u00f3quia Santa Cruz do Jardim Peri participam da Via-Sacra da Crian\u00e7a e do Menor da Arquidiocese de S\u00e3o Paulo - Not\u00edcias - Franciscanos\" \/>\n<meta property=\"og:description\" content=\"Semana Santa 2025\" \/>\n<meta property=\"og:url\" content=\"https:\/\/franciscanos.org.br\/noticias\/sefras-e-paroquia-santa-cruz-do-jardim-peri-participam-da-via-sacra-da-crianca-e-do-menor-da-arquidiocese-de-sao-paulo.html\" \/>\n<meta property=\"og:site_name\" content=\"Not\u00edcias - Franciscanos\" \/>\n<meta property=\"article:published_time\" content=\"2025-04-14T13:10:28+00:00\" \/>\n<meta property=\"og:image\" content=\"https:\/\/franciscanos.org.br\/noticias\/wp-content\/uploads\/2025\/04\/chamada-17.png\" \/>\n\t<meta property=\"og:image:width\" content=\"800\" \/>\n\t<meta property=\"og:image:height\" content=\"550\" \/>\n\t<meta property=\"og:image:type\" content=\"image\/png\" \/>\n<meta name=\"author\" content=\"Adriana Rabelo\" \/>\n<meta name=\"twitter:card\" content=\"summary_large_image\" \/>\n<meta name=\"twitter:label1\" content=\"Escrito por\" \/>\n\t<meta name=\"twitter:data1\" content=\"Adriana Rabelo\" \/>\n\t<meta name=\"twitter:label2\" content=\"Est. tempo de leitura\" \/>\n\t<meta name=\"twitter:data2\" content=\"3 minutos\" \/>\n<script type=\"application\/ld+json\" class=\"yoast-schema-graph\">{\"@context\":\"https:\/\/schema.org\",\"@graph\":[{\"@type\":\"WebSite\",\"@id\":\"https:\/\/franciscanos.org.br\/noticias\/#website\",\"url\":\"https:\/\/franciscanos.org.br\/noticias\/\",\"name\":\"Not\u00edcias - Franciscanos\",\"description\":\"Prov\u00edncia Franciscana da Imaculada Concei\u00e7\u00e3o do Brasil - Ordem dos Frades Menores - OFM\",\"potentialAction\":[{\"@type\":\"SearchAction\",\"target\":{\"@type\":\"EntryPoint\",\"urlTemplate\":\"https:\/\/franciscanos.org.br\/noticias\/?s={search_term_string}\"},\"query-input\":\"required name=search_term_string\"}],\"inLanguage\":\"pt-BR\"},{\"@type\":\"ImageObject\",\"inLanguage\":\"pt-BR\",\"@id\":\"https:\/\/franciscanos.org.br\/noticias\/sefras-e-paroquia-santa-cruz-do-jardim-peri-participam-da-via-sacra-da-crianca-e-do-menor-da-arquidiocese-de-sao-paulo.html#primaryimage\",\"url\":\"https:\/\/franciscanos.org.br\/noticias\/wp-content\/uploads\/2025\/04\/chamada-17.png\",\"contentUrl\":\"https:\/\/franciscanos.org.br\/noticias\/wp-content\/uploads\/2025\/04\/chamada-17.png\",\"width\":800,\"height\":550},{\"@type\":\"WebPage\",\"@id\":\"https:\/\/franciscanos.org.br\/noticias\/sefras-e-paroquia-santa-cruz-do-jardim-peri-participam-da-via-sacra-da-crianca-e-do-menor-da-arquidiocese-de-sao-paulo.html#webpage\",\"url\":\"https:\/\/franciscanos.org.br\/noticias\/sefras-e-paroquia-santa-cruz-do-jardim-peri-participam-da-via-sacra-da-crianca-e-do-menor-da-arquidiocese-de-sao-paulo.html\",\"name\":\"SEFRAS e Par\u00f3quia Santa Cruz do Jardim Peri participam da Via-Sacra da Crian\u00e7a e do Menor da Arquidiocese de S\u00e3o Paulo - Not\u00edcias - Franciscanos\",\"isPartOf\":{\"@id\":\"https:\/\/franciscanos.org.br\/noticias\/#website\"},\"primaryImageOfPage\":{\"@id\":\"https:\/\/franciscanos.org.br\/noticias\/sefras-e-paroquia-santa-cruz-do-jardim-peri-participam-da-via-sacra-da-crianca-e-do-menor-da-arquidiocese-de-sao-paulo.html#primaryimage\"},\"datePublished\":\"2025-04-14T13:10:28+00:00\",\"dateModified\":\"2025-04-14T13:10:28+00:00\",\"author\":{\"@id\":\"https:\/\/franciscanos.org.br\/noticias\/#\/schema\/person\/d9422e83121c3ad3b0f423d195f5bb25\"},\"breadcrumb\":{\"@id\":\"https:\/\/franciscanos.org.br\/noticias\/sefras-e-paroquia-santa-cruz-do-jardim-peri-participam-da-via-sacra-da-crianca-e-do-menor-da-arquidiocese-de-sao-paulo.html#breadcrumb\"},\"inLanguage\":\"pt-BR\",\"potentialAction\":[{\"@type\":\"ReadAction\",\"target\":[\"https:\/\/franciscanos.org.br\/noticias\/sefras-e-paroquia-santa-cruz-do-jardim-peri-participam-da-via-sacra-da-crianca-e-do-menor-da-arquidiocese-de-sao-paulo.html\"]}]},{\"@type\":\"BreadcrumbList\",\"@id\":\"https:\/\/franciscanos.org.br\/noticias\/sefras-e-paroquia-santa-cruz-do-jardim-peri-participam-da-via-sacra-da-crianca-e-do-menor-da-arquidiocese-de-sao-paulo.html#breadcrumb\",\"itemListElement\":[{\"@type\":\"ListItem\",\"position\":1,\"name\":\"Home\",\"item\":\"https:\/\/franciscanos.org.br\/noticias\"},{\"@type\":\"ListItem\",\"position\":2,\"name\":\"SEFRAS e Par\u00f3quia Santa Cruz do Jardim Peri participam da Via-Sacra da Crian\u00e7a e do Menor da Arquidiocese de S\u00e3o Paulo\"}]},{\"@type\":\"Person\",\"@id\":\"https:\/\/franciscanos.org.br\/noticias\/#\/schema\/person\/d9422e83121c3ad3b0f423d195f5bb25\",\"name\":\"Adriana Rabelo\",\"image\":{\"@type\":\"ImageObject\",\"inLanguage\":\"pt-BR\",\"@id\":\"https:\/\/franciscanos.org.br\/noticias\/#\/schema\/person\/image\/\",\"url\":\"https:\/\/secure.gravatar.com\/avatar\/0a937b7500cd7df77540cfb8bede877d?s=96&d=mm&r=g\",\"contentUrl\":\"https:\/\/secure.gravatar.com\/avatar\/0a937b7500cd7df77540cfb8bede877d?s=96&d=mm&r=g\",\"caption\":\"Adriana Rabelo\"},\"url\":\"https:\/\/franciscanos.org.br\/noticias\/author\/adrianarabelo\"}]}<\/script>\n<!-- \/ Yoast SEO plugin. -->","yoast_head_json":{"title":"SEFRAS e Par\u00f3quia Santa Cruz do Jardim Peri participam da Via-Sacra da Crian\u00e7a e do Menor da Arquidiocese de S\u00e3o Paulo - Not\u00edcias - Franciscanos","robots":{"index":"index","follow":"follow","max-snippet":"max-snippet:-1","max-image-preview":"max-image-preview:large","max-video-preview":"max-video-preview:-1"},"canonical":"https:\/\/franciscanos.org.br\/noticias\/sefras-e-paroquia-santa-cruz-do-jardim-peri-participam-da-via-sacra-da-crianca-e-do-menor-da-arquidiocese-de-sao-paulo.html","og_locale":"pt_BR","og_type":"article","og_title":"SEFRAS e Par\u00f3quia Santa Cruz do Jardim Peri participam da Via-Sacra da Crian\u00e7a e do Menor da Arquidiocese de S\u00e3o Paulo - Not\u00edcias - Franciscanos","og_description":"Semana Santa 2025","og_url":"https:\/\/franciscanos.org.br\/noticias\/sefras-e-paroquia-santa-cruz-do-jardim-peri-participam-da-via-sacra-da-crianca-e-do-menor-da-arquidiocese-de-sao-paulo.html","og_site_name":"Not\u00edcias - Franciscanos","article_published_time":"2025-04-14T13:10:28+00:00","og_image":[{"width":800,"height":550,"url":"https:\/\/franciscanos.org.br\/noticias\/wp-content\/uploads\/2025\/04\/chamada-17.png","type":"image\/png"}],"author":"Adriana Rabelo","twitter_card":"summary_large_image","twitter_misc":{"Escrito por":"Adriana Rabelo","Est. tempo de leitura":"3 minutos"},"schema":{"@context":"https:\/\/schema.org","@graph":[{"@type":"WebSite","@id":"https:\/\/franciscanos.org.br\/noticias\/#website","url":"https:\/\/franciscanos.org.br\/noticias\/","name":"Not\u00edcias - Franciscanos","description":"Prov\u00edncia Franciscana da Imaculada Concei\u00e7\u00e3o do Brasil - Ordem dos Frades Menores - OFM","potentialAction":[{"@type":"SearchAction","target":{"@type":"EntryPoint","urlTemplate":"https:\/\/franciscanos.org.br\/noticias\/?s={search_term_string}"},"query-input":"required name=search_term_string"}],"inLanguage":"pt-BR"},{"@type":"ImageObject","inLanguage":"pt-BR","@id":"https:\/\/franciscanos.org.br\/noticias\/sefras-e-paroquia-santa-cruz-do-jardim-peri-participam-da-via-sacra-da-crianca-e-do-menor-da-arquidiocese-de-sao-paulo.html#primaryimage","url":"https:\/\/franciscanos.org.br\/noticias\/wp-content\/uploads\/2025\/04\/chamada-17.png","contentUrl":"https:\/\/franciscanos.org.br\/noticias\/wp-content\/uploads\/2025\/04\/chamada-17.png","width":800,"height":550},{"@type":"WebPage","@id":"https:\/\/franciscanos.org.br\/noticias\/sefras-e-paroquia-santa-cruz-do-jardim-peri-participam-da-via-sacra-da-crianca-e-do-menor-da-arquidiocese-de-sao-paulo.html#webpage","url":"https:\/\/franciscanos.org.br\/noticias\/sefras-e-paroquia-santa-cruz-do-jardim-peri-participam-da-via-sacra-da-crianca-e-do-menor-da-arquidiocese-de-sao-paulo.html","name":"SEFRAS e Par\u00f3quia Santa Cruz do Jardim Peri participam da Via-Sacra da Crian\u00e7a e do Menor da Arquidiocese de S\u00e3o Paulo - Not\u00edcias - Franciscanos","isPartOf":{"@id":"https:\/\/franciscanos.org.br\/noticias\/#website"},"primaryImageOfPage":{"@id":"https:\/\/franciscanos.org.br\/noticias\/sefras-e-paroquia-santa-cruz-do-jardim-peri-participam-da-via-sacra-da-crianca-e-do-menor-da-arquidiocese-de-sao-paulo.html#primaryimage"},"datePublished":"2025-04-14T13:10:28+00:00","dateModified":"2025-04-14T13:10:28+00:00","author":{"@id":"https:\/\/franciscanos.org.br\/noticias\/#\/schema\/person\/d9422e83121c3ad3b0f423d195f5bb25"},"breadcrumb":{"@id":"https:\/\/franciscanos.org.br\/noticias\/sefras-e-paroquia-santa-cruz-do-jardim-peri-participam-da-via-sacra-da-crianca-e-do-menor-da-arquidiocese-de-sao-paulo.html#breadcrumb"},"inLanguage":"pt-BR","potentialAction":[{"@type":"ReadAction","target":["https:\/\/franciscanos.org.br\/noticias\/sefras-e-paroquia-santa-cruz-do-jardim-peri-participam-da-via-sacra-da-crianca-e-do-menor-da-arquidiocese-de-sao-paulo.html"]}]},{"@type":"BreadcrumbList","@id":"https:\/\/franciscanos.org.br\/noticias\/sefras-e-paroquia-santa-cruz-do-jardim-peri-participam-da-via-sacra-da-crianca-e-do-menor-da-arquidiocese-de-sao-paulo.html#breadcrumb","itemListElement":[{"@type":"ListItem","position":1,"name":"Home","item":"https:\/\/franciscanos.org.br\/noticias"},{"@type":"ListItem","position":2,"name":"SEFRAS e Par\u00f3quia Santa Cruz do Jardim Peri participam da Via-Sacra da Crian\u00e7a e do Menor da Arquidiocese de S\u00e3o Paulo"}]},{"@type":"Person","@id":"https:\/\/franciscanos.org.br\/noticias\/#\/schema\/person\/d9422e83121c3ad3b0f423d195f5bb25","name":"Adriana Rabelo","image":{"@type":"ImageObject","inLanguage":"pt-BR","@id":"https:\/\/franciscanos.org.br\/noticias\/#\/schema\/person\/image\/","url":"https:\/\/secure.gravatar.com\/avatar\/0a937b7500cd7df77540cfb8bede877d?s=96&d=mm&r=g","contentUrl":"https:\/\/secure.gravatar.com\/avatar\/0a937b7500cd7df77540cfb8bede877d?s=96&d=mm&r=g","caption":"Adriana Rabelo"},"url":"https:\/\/franciscanos.org.br\/noticias\/author\/adrianarabelo"}]}},"_links":{"self":[{"href":"https:\/\/franciscanos.org.br\/noticias\/wp-json\/wp\/v2\/posts\/256007"}],"collection":[{"href":"https:\/\/franciscanos.org.br\/noticias\/wp-json\/wp\/v2\/posts"}],"about":[{"href":"https:\/\/franciscanos.org.br\/noticias\/wp-json\/wp\/v2\/types\/post"}],"author":[{"embeddable":true,"href":"https:\/\/franciscanos.org.br\/noticias\/wp-json\/wp\/v2\/users\/11"}],"replies":[{"embeddable":true,"href":"https:\/\/franciscanos.org.br\/noticias\/wp-json\/wp\/v2\/comments?post=256007"}],"version-history":[{"count":11,"href":"https:\/\/franciscanos.org.br\/noticias\/wp-json\/wp\/v2\/posts\/256007\/revisions"}],"predecessor-version":[{"id":256035,"href":"https:\/\/franciscanos.org.br\/noticias\/wp-json\/wp\/v2\/posts\/256007\/revisions\/256035"}],"wp:featuredmedia":[{"embeddable":true,"href":"https:\/\/franciscanos.org.br\/noticias\/wp-json\/wp\/v2\/media\/256024"}],"wp:attachment":[{"href":"https:\/\/franciscanos.org.br\/noticias\/wp-json\/wp\/v2\/media?parent=256007"}],"wp:term":[{"taxonomy":"category","embeddable":true,"href":"https:\/\/franciscanos.org.br\/noticias\/wp-json\/wp\/v2\/categories?post=256007"},{"taxonomy":"post_tag","embeddable":true,"href":"https:\/\/franciscanos.org.br\/noticias\/wp-json\/wp\/v2\/tags?post=256007"}],"curies":[{"name":"wp","href":"https:\/\/api.w.org\/{rel}","templated":true}]}}