{"id":255953,"date":"2025-04-11T16:00:36","date_gmt":"2025-04-11T19:00:36","guid":{"rendered":"https:\/\/franciscanos.org.br\/noticias\/?p=255953"},"modified":"2025-04-13T05:28:43","modified_gmt":"2025-04-13T08:28:43","slug":"corais-dos-canarinhos-se-apresentam-na-semana-santa","status":"publish","type":"post","link":"https:\/\/franciscanos.org.br\/noticias\/corais-dos-canarinhos-se-apresentam-na-semana-santa.html","title":{"rendered":"Corais dos Canarinhos se apresentam na Semana Santa"},"content":{"rendered":"<p><img loading=\"lazy\" class=\"aligncenter wp-image-255954 size-full\" src=\"https:\/\/franciscanos.org.br\/noticias\/wp-content\/uploads\/2025\/04\/chamada-15.png\" alt=\"\" width=\"1280\" height=\"720\" srcset=\"https:\/\/franciscanos.org.br\/noticias\/wp-content\/uploads\/2025\/04\/chamada-15.png 1280w, https:\/\/franciscanos.org.br\/noticias\/wp-content\/uploads\/2025\/04\/chamada-15-450x253.png 450w, https:\/\/franciscanos.org.br\/noticias\/wp-content\/uploads\/2025\/04\/chamada-15-1024x576.png 1024w, https:\/\/franciscanos.org.br\/noticias\/wp-content\/uploads\/2025\/04\/chamada-15-768x432.png 768w, https:\/\/franciscanos.org.br\/noticias\/wp-content\/uploads\/2025\/04\/chamada-15-150x84.png 150w\" sizes=\"(max-width: 1280px) 100vw, 1280px\" \/><\/p>\n<p>Na Semana Santa, a Par\u00f3quia do Sagrado Cora\u00e7\u00e3o de Jesus, em Petr\u00f3polis (RJ), contar\u00e1 mais uma vez com a presen\u00e7a marcante dos Corais do Instituto dos Meninos Cantores de Petr\u00f3polis \u2013 os Canarinhos de Petr\u00f3polis e o Coral das Meninas dos Canarinhos. A participa\u00e7\u00e3o dos corais nas celebra\u00e7\u00f5es j\u00e1 se tornou uma tradi\u00e7\u00e3o que a cada ano vem ajudando a comunidade a rezar o centro do Mist\u00e9rio da f\u00e9: a Paix\u00e3o, Morte e Ressurrei\u00e7\u00e3o de Cristo.<\/p>\n<p>O centro do ano lit\u00fargico \u00e9 o \u00e1pice da vida crist\u00e3, e por isso mesmo \u00e9 preparado com muita dedica\u00e7\u00e3o, marca do Instituto dos Meninos Cantores de Petr\u00f3polis. J\u00e1 se ouve as vozes dos meninos e das meninas, nas salas do Instituto, dos ensaios para as celebra\u00e7\u00f5es. O Coral das Meninas dos Canarinhos participar\u00e1 no Domingo de Ramos e da Paix\u00e3o do Senhor (13\/04), na Quinta-feira Santa, na Missa da Ceia do Senhor (17\/04) e na Sexta-feira Santa, na celebra\u00e7\u00e3o lit\u00fargica da Paix\u00e3o (18\/04), conduzindo assim a melhor participa\u00e7\u00e3o da assembleia, por meio de cantos, do pr\u00f3prio do Tr\u00edduo Pascal.<\/p>\n<p><img loading=\"lazy\" class=\"aligncenter wp-image-255955 size-full\" src=\"https:\/\/franciscanos.org.br\/noticias\/wp-content\/uploads\/2025\/04\/chamda-2.png\" alt=\"\" width=\"800\" height=\"550\" srcset=\"https:\/\/franciscanos.org.br\/noticias\/wp-content\/uploads\/2025\/04\/chamda-2.png 800w, https:\/\/franciscanos.org.br\/noticias\/wp-content\/uploads\/2025\/04\/chamda-2-450x309.png 450w, https:\/\/franciscanos.org.br\/noticias\/wp-content\/uploads\/2025\/04\/chamda-2-768x528.png 768w, https:\/\/franciscanos.org.br\/noticias\/wp-content\/uploads\/2025\/04\/chamda-2-150x103.png 150w, https:\/\/franciscanos.org.br\/noticias\/wp-content\/uploads\/2025\/04\/chamda-2-320x220.png 320w\" sizes=\"(max-width: 800px) 100vw, 800px\" \/><\/p>\n<p>Inclusive, dentre as diversas m\u00fasicas do repert\u00f3rio, conta-se com umas bem conhecidas do Povo de Deus \u2013 \u201cHosana, ao Filho de Davi\u201d, \u201cJesus erguendo-se da ceia\u201d, \u201cProva de amor maior n\u00e3o h\u00e1\u201d \u2013 bem tradicionais e inconfund\u00edveis.<\/p>\n<p>J\u00e1 no Domingo de P\u00e1scoa (20\/04), ser\u00e1 a vez dos Canarinhos de Petr\u00f3polis celebrarem a Ressurrei\u00e7\u00e3o do Senhor com um repert\u00f3rio Solene. Neste ano, cantar\u00e3o o \u201cHaec est Dies\u201d e outras pe\u00e7as que expressam a alegria da vit\u00f3ria de Cristo sobre a morte e como ap\u00f3s-comunh\u00e3o o \u201cRegina C\u0153li\u201d, bem pr\u00f3prio do Tempo Pascal.<\/p>\n<p><img loading=\"lazy\" class=\"size-medium wp-image-255957 alignright\" src=\"https:\/\/franciscanos.org.br\/noticias\/wp-content\/uploads\/2025\/04\/IMG_8294-450x300.jpeg\" alt=\"\" width=\"450\" height=\"300\" srcset=\"https:\/\/franciscanos.org.br\/noticias\/wp-content\/uploads\/2025\/04\/IMG_8294-450x300.jpeg 450w, https:\/\/franciscanos.org.br\/noticias\/wp-content\/uploads\/2025\/04\/IMG_8294-1024x683.jpeg 1024w, https:\/\/franciscanos.org.br\/noticias\/wp-content\/uploads\/2025\/04\/IMG_8294-768x512.jpeg 768w, https:\/\/franciscanos.org.br\/noticias\/wp-content\/uploads\/2025\/04\/IMG_8294-1536x1024.jpeg 1536w, https:\/\/franciscanos.org.br\/noticias\/wp-content\/uploads\/2025\/04\/IMG_8294-2048x1365.jpeg 2048w, https:\/\/franciscanos.org.br\/noticias\/wp-content\/uploads\/2025\/04\/IMG_8294-150x100.jpeg 150w, https:\/\/franciscanos.org.br\/noticias\/wp-content\/uploads\/2025\/04\/IMG_8294-scaled.jpeg 1620w\" sizes=\"(max-width: 450px) 100vw, 450px\" \/>A presen\u00e7a dos Corais na Semana Santa refor\u00e7a uma tradi\u00e7\u00e3o que \u00e9 fruto de uma\u00a0 hist\u00f3ria marcada por gera\u00e7\u00f5es de coralistas que neste ano completar\u00e1 83 anos de exist\u00eancia, uma forma\u00e7\u00e3o n\u00e3o somente para o canto, mas para a vida. O Instituto dos Meninos Cantores de Petr\u00f3polis \u2013 um dos maiores s\u00edmbolos do Canto Coral do Brasil \u2013 tem como miss\u00e3o formar crian\u00e7as e adolescentes por meio da m\u00fasica.<\/p>\n<p>Os corais s\u00e3o frutos diretos deste trabalho, que \u00e9 constru\u00eddo por meio da dedica\u00e7\u00e3o, compromisso, fraternidade e excel\u00eancia musical. Al\u00e9m das apresenta\u00e7\u00f5es em concertos e outros eventos, os corais mant\u00eam forte v\u00ednculo com a liturgia da Igreja, ali\u00e1s o Coral nasceu com esse primeiro objetivo de participar semanalmente das celebra\u00e7\u00f5es na Par\u00f3quia do Sagrado Cora\u00e7\u00e3o de Jesus, atividade que permanece.<\/p>\n<p>A comunidade \u00e9 convidada a participar das celebra\u00e7\u00f5es com os corais que ajudam a rezar melhor os mist\u00e9rios centrais de nossa f\u00e9 atrav\u00e9s da liturgia, sendo sinal da presen\u00e7a de Deus e meio de evangeliza\u00e7\u00e3o. Que esta Semana Santa, acompanhada pelo canto desses meninos e meninas, ajude todos a viver mais intensamente o mist\u00e9rio pascal, na esperan\u00e7a da Ressurrei\u00e7\u00e3o.<\/p>\n<hr \/>\n<p>Textos e fotos: Frei Gabriel Nogueira<\/p>\n","protected":false},"excerpt":{"rendered":"<p>Semana Santa 2025<\/p>\n","protected":false},"author":11,"featured_media":255955,"comment_status":"open","ping_status":"open","sticky":false,"template":"","format":"standard","meta":[],"categories":[1],"tags":[1378,626],"acf":[],"yoast_head":"<!-- This site is optimized with the Yoast SEO plugin v19.2 - https:\/\/yoast.com\/wordpress\/plugins\/seo\/ -->\n<title>Corais dos Canarinhos se apresentam na Semana Santa - Not\u00edcias - Franciscanos<\/title>\n<meta name=\"robots\" content=\"index, follow, max-snippet:-1, max-image-preview:large, max-video-preview:-1\" \/>\n<link rel=\"canonical\" href=\"https:\/\/franciscanos.org.br\/noticias\/corais-dos-canarinhos-se-apresentam-na-semana-santa.html\" \/>\n<meta property=\"og:locale\" content=\"pt_BR\" \/>\n<meta property=\"og:type\" content=\"article\" \/>\n<meta property=\"og:title\" content=\"Corais dos Canarinhos se apresentam na Semana Santa - Not\u00edcias - Franciscanos\" \/>\n<meta property=\"og:description\" content=\"Semana Santa 2025\" \/>\n<meta property=\"og:url\" content=\"https:\/\/franciscanos.org.br\/noticias\/corais-dos-canarinhos-se-apresentam-na-semana-santa.html\" \/>\n<meta property=\"og:site_name\" content=\"Not\u00edcias - Franciscanos\" \/>\n<meta property=\"article:published_time\" content=\"2025-04-11T19:00:36+00:00\" \/>\n<meta property=\"article:modified_time\" content=\"2025-04-13T08:28:43+00:00\" \/>\n<meta property=\"og:image\" content=\"https:\/\/franciscanos.org.br\/noticias\/wp-content\/uploads\/2025\/04\/chamda-2.png\" \/>\n\t<meta property=\"og:image:width\" content=\"800\" \/>\n\t<meta property=\"og:image:height\" content=\"550\" \/>\n\t<meta property=\"og:image:type\" content=\"image\/png\" \/>\n<meta name=\"author\" content=\"Adriana Rabelo\" \/>\n<meta name=\"twitter:card\" content=\"summary_large_image\" \/>\n<meta name=\"twitter:label1\" content=\"Escrito por\" \/>\n\t<meta name=\"twitter:data1\" content=\"Adriana Rabelo\" \/>\n\t<meta name=\"twitter:label2\" content=\"Est. tempo de leitura\" \/>\n\t<meta name=\"twitter:data2\" content=\"3 minutos\" \/>\n<script type=\"application\/ld+json\" class=\"yoast-schema-graph\">{\"@context\":\"https:\/\/schema.org\",\"@graph\":[{\"@type\":\"WebSite\",\"@id\":\"https:\/\/franciscanos.org.br\/noticias\/#website\",\"url\":\"https:\/\/franciscanos.org.br\/noticias\/\",\"name\":\"Not\u00edcias - Franciscanos\",\"description\":\"Prov\u00edncia Franciscana da Imaculada Concei\u00e7\u00e3o do Brasil - Ordem dos Frades Menores - OFM\",\"potentialAction\":[{\"@type\":\"SearchAction\",\"target\":{\"@type\":\"EntryPoint\",\"urlTemplate\":\"https:\/\/franciscanos.org.br\/noticias\/?s={search_term_string}\"},\"query-input\":\"required name=search_term_string\"}],\"inLanguage\":\"pt-BR\"},{\"@type\":\"ImageObject\",\"inLanguage\":\"pt-BR\",\"@id\":\"https:\/\/franciscanos.org.br\/noticias\/corais-dos-canarinhos-se-apresentam-na-semana-santa.html#primaryimage\",\"url\":\"https:\/\/franciscanos.org.br\/noticias\/wp-content\/uploads\/2025\/04\/chamda-2.png\",\"contentUrl\":\"https:\/\/franciscanos.org.br\/noticias\/wp-content\/uploads\/2025\/04\/chamda-2.png\",\"width\":800,\"height\":550},{\"@type\":\"WebPage\",\"@id\":\"https:\/\/franciscanos.org.br\/noticias\/corais-dos-canarinhos-se-apresentam-na-semana-santa.html#webpage\",\"url\":\"https:\/\/franciscanos.org.br\/noticias\/corais-dos-canarinhos-se-apresentam-na-semana-santa.html\",\"name\":\"Corais dos Canarinhos se apresentam na Semana Santa - Not\u00edcias - Franciscanos\",\"isPartOf\":{\"@id\":\"https:\/\/franciscanos.org.br\/noticias\/#website\"},\"primaryImageOfPage\":{\"@id\":\"https:\/\/franciscanos.org.br\/noticias\/corais-dos-canarinhos-se-apresentam-na-semana-santa.html#primaryimage\"},\"datePublished\":\"2025-04-11T19:00:36+00:00\",\"dateModified\":\"2025-04-13T08:28:43+00:00\",\"author\":{\"@id\":\"https:\/\/franciscanos.org.br\/noticias\/#\/schema\/person\/d9422e83121c3ad3b0f423d195f5bb25\"},\"breadcrumb\":{\"@id\":\"https:\/\/franciscanos.org.br\/noticias\/corais-dos-canarinhos-se-apresentam-na-semana-santa.html#breadcrumb\"},\"inLanguage\":\"pt-BR\",\"potentialAction\":[{\"@type\":\"ReadAction\",\"target\":[\"https:\/\/franciscanos.org.br\/noticias\/corais-dos-canarinhos-se-apresentam-na-semana-santa.html\"]}]},{\"@type\":\"BreadcrumbList\",\"@id\":\"https:\/\/franciscanos.org.br\/noticias\/corais-dos-canarinhos-se-apresentam-na-semana-santa.html#breadcrumb\",\"itemListElement\":[{\"@type\":\"ListItem\",\"position\":1,\"name\":\"Home\",\"item\":\"https:\/\/franciscanos.org.br\/noticias\"},{\"@type\":\"ListItem\",\"position\":2,\"name\":\"Corais dos Canarinhos se apresentam na Semana Santa\"}]},{\"@type\":\"Person\",\"@id\":\"https:\/\/franciscanos.org.br\/noticias\/#\/schema\/person\/d9422e83121c3ad3b0f423d195f5bb25\",\"name\":\"Adriana Rabelo\",\"image\":{\"@type\":\"ImageObject\",\"inLanguage\":\"pt-BR\",\"@id\":\"https:\/\/franciscanos.org.br\/noticias\/#\/schema\/person\/image\/\",\"url\":\"https:\/\/secure.gravatar.com\/avatar\/0a937b7500cd7df77540cfb8bede877d?s=96&d=mm&r=g\",\"contentUrl\":\"https:\/\/secure.gravatar.com\/avatar\/0a937b7500cd7df77540cfb8bede877d?s=96&d=mm&r=g\",\"caption\":\"Adriana Rabelo\"},\"url\":\"https:\/\/franciscanos.org.br\/noticias\/author\/adrianarabelo\"}]}<\/script>\n<!-- \/ Yoast SEO plugin. -->","yoast_head_json":{"title":"Corais dos Canarinhos se apresentam na Semana Santa - Not\u00edcias - Franciscanos","robots":{"index":"index","follow":"follow","max-snippet":"max-snippet:-1","max-image-preview":"max-image-preview:large","max-video-preview":"max-video-preview:-1"},"canonical":"https:\/\/franciscanos.org.br\/noticias\/corais-dos-canarinhos-se-apresentam-na-semana-santa.html","og_locale":"pt_BR","og_type":"article","og_title":"Corais dos Canarinhos se apresentam na Semana Santa - Not\u00edcias - Franciscanos","og_description":"Semana Santa 2025","og_url":"https:\/\/franciscanos.org.br\/noticias\/corais-dos-canarinhos-se-apresentam-na-semana-santa.html","og_site_name":"Not\u00edcias - Franciscanos","article_published_time":"2025-04-11T19:00:36+00:00","article_modified_time":"2025-04-13T08:28:43+00:00","og_image":[{"width":800,"height":550,"url":"https:\/\/franciscanos.org.br\/noticias\/wp-content\/uploads\/2025\/04\/chamda-2.png","type":"image\/png"}],"author":"Adriana Rabelo","twitter_card":"summary_large_image","twitter_misc":{"Escrito por":"Adriana Rabelo","Est. tempo de leitura":"3 minutos"},"schema":{"@context":"https:\/\/schema.org","@graph":[{"@type":"WebSite","@id":"https:\/\/franciscanos.org.br\/noticias\/#website","url":"https:\/\/franciscanos.org.br\/noticias\/","name":"Not\u00edcias - Franciscanos","description":"Prov\u00edncia Franciscana da Imaculada Concei\u00e7\u00e3o do Brasil - Ordem dos Frades Menores - OFM","potentialAction":[{"@type":"SearchAction","target":{"@type":"EntryPoint","urlTemplate":"https:\/\/franciscanos.org.br\/noticias\/?s={search_term_string}"},"query-input":"required name=search_term_string"}],"inLanguage":"pt-BR"},{"@type":"ImageObject","inLanguage":"pt-BR","@id":"https:\/\/franciscanos.org.br\/noticias\/corais-dos-canarinhos-se-apresentam-na-semana-santa.html#primaryimage","url":"https:\/\/franciscanos.org.br\/noticias\/wp-content\/uploads\/2025\/04\/chamda-2.png","contentUrl":"https:\/\/franciscanos.org.br\/noticias\/wp-content\/uploads\/2025\/04\/chamda-2.png","width":800,"height":550},{"@type":"WebPage","@id":"https:\/\/franciscanos.org.br\/noticias\/corais-dos-canarinhos-se-apresentam-na-semana-santa.html#webpage","url":"https:\/\/franciscanos.org.br\/noticias\/corais-dos-canarinhos-se-apresentam-na-semana-santa.html","name":"Corais dos Canarinhos se apresentam na Semana Santa - Not\u00edcias - Franciscanos","isPartOf":{"@id":"https:\/\/franciscanos.org.br\/noticias\/#website"},"primaryImageOfPage":{"@id":"https:\/\/franciscanos.org.br\/noticias\/corais-dos-canarinhos-se-apresentam-na-semana-santa.html#primaryimage"},"datePublished":"2025-04-11T19:00:36+00:00","dateModified":"2025-04-13T08:28:43+00:00","author":{"@id":"https:\/\/franciscanos.org.br\/noticias\/#\/schema\/person\/d9422e83121c3ad3b0f423d195f5bb25"},"breadcrumb":{"@id":"https:\/\/franciscanos.org.br\/noticias\/corais-dos-canarinhos-se-apresentam-na-semana-santa.html#breadcrumb"},"inLanguage":"pt-BR","potentialAction":[{"@type":"ReadAction","target":["https:\/\/franciscanos.org.br\/noticias\/corais-dos-canarinhos-se-apresentam-na-semana-santa.html"]}]},{"@type":"BreadcrumbList","@id":"https:\/\/franciscanos.org.br\/noticias\/corais-dos-canarinhos-se-apresentam-na-semana-santa.html#breadcrumb","itemListElement":[{"@type":"ListItem","position":1,"name":"Home","item":"https:\/\/franciscanos.org.br\/noticias"},{"@type":"ListItem","position":2,"name":"Corais dos Canarinhos se apresentam na Semana Santa"}]},{"@type":"Person","@id":"https:\/\/franciscanos.org.br\/noticias\/#\/schema\/person\/d9422e83121c3ad3b0f423d195f5bb25","name":"Adriana Rabelo","image":{"@type":"ImageObject","inLanguage":"pt-BR","@id":"https:\/\/franciscanos.org.br\/noticias\/#\/schema\/person\/image\/","url":"https:\/\/secure.gravatar.com\/avatar\/0a937b7500cd7df77540cfb8bede877d?s=96&d=mm&r=g","contentUrl":"https:\/\/secure.gravatar.com\/avatar\/0a937b7500cd7df77540cfb8bede877d?s=96&d=mm&r=g","caption":"Adriana Rabelo"},"url":"https:\/\/franciscanos.org.br\/noticias\/author\/adrianarabelo"}]}},"_links":{"self":[{"href":"https:\/\/franciscanos.org.br\/noticias\/wp-json\/wp\/v2\/posts\/255953"}],"collection":[{"href":"https:\/\/franciscanos.org.br\/noticias\/wp-json\/wp\/v2\/posts"}],"about":[{"href":"https:\/\/franciscanos.org.br\/noticias\/wp-json\/wp\/v2\/types\/post"}],"author":[{"embeddable":true,"href":"https:\/\/franciscanos.org.br\/noticias\/wp-json\/wp\/v2\/users\/11"}],"replies":[{"embeddable":true,"href":"https:\/\/franciscanos.org.br\/noticias\/wp-json\/wp\/v2\/comments?post=255953"}],"version-history":[{"count":2,"href":"https:\/\/franciscanos.org.br\/noticias\/wp-json\/wp\/v2\/posts\/255953\/revisions"}],"predecessor-version":[{"id":255959,"href":"https:\/\/franciscanos.org.br\/noticias\/wp-json\/wp\/v2\/posts\/255953\/revisions\/255959"}],"wp:featuredmedia":[{"embeddable":true,"href":"https:\/\/franciscanos.org.br\/noticias\/wp-json\/wp\/v2\/media\/255955"}],"wp:attachment":[{"href":"https:\/\/franciscanos.org.br\/noticias\/wp-json\/wp\/v2\/media?parent=255953"}],"wp:term":[{"taxonomy":"category","embeddable":true,"href":"https:\/\/franciscanos.org.br\/noticias\/wp-json\/wp\/v2\/categories?post=255953"},{"taxonomy":"post_tag","embeddable":true,"href":"https:\/\/franciscanos.org.br\/noticias\/wp-json\/wp\/v2\/tags?post=255953"}],"curies":[{"name":"wp","href":"https:\/\/api.w.org\/{rel}","templated":true}]}}