{"id":255944,"date":"2025-04-10T09:01:45","date_gmt":"2025-04-10T12:01:45","guid":{"rendered":"https:\/\/franciscanos.org.br\/noticias\/?p=255944"},"modified":"2025-04-11T09:37:00","modified_gmt":"2025-04-11T12:37:00","slug":"contribua-com-a-coleta-da-sexta-feira-santa","status":"publish","type":"post","link":"https:\/\/franciscanos.org.br\/noticias\/contribua-com-a-coleta-da-sexta-feira-santa.html","title":{"rendered":"Contribua com a coleta da Sexta-feira Santa"},"content":{"rendered":"<p><img loading=\"lazy\" class=\"aligncenter wp-image-255945 size-full\" src=\"https:\/\/franciscanos.org.br\/noticias\/wp-content\/uploads\/2025\/04\/materia-2-6.png\" alt=\"\" width=\"1280\" height=\"720\" srcset=\"https:\/\/franciscanos.org.br\/noticias\/wp-content\/uploads\/2025\/04\/materia-2-6.png 1280w, https:\/\/franciscanos.org.br\/noticias\/wp-content\/uploads\/2025\/04\/materia-2-6-450x253.png 450w, https:\/\/franciscanos.org.br\/noticias\/wp-content\/uploads\/2025\/04\/materia-2-6-1024x576.png 1024w, https:\/\/franciscanos.org.br\/noticias\/wp-content\/uploads\/2025\/04\/materia-2-6-768x432.png 768w, https:\/\/franciscanos.org.br\/noticias\/wp-content\/uploads\/2025\/04\/materia-2-6-150x84.png 150w\" sizes=\"(max-width: 1280px) 100vw, 1280px\" \/><\/p>\n<p>Caros fi\u00e9is<\/p>\n<p>Paz e Bem!<\/p>\n<p>O Cust\u00f3dio da Terra Santa, Frei Francisco Patton, enviou a seguinte mensagem a todos os Comiss\u00e1rios da Terra, como segue:<\/p>\n<p>1. A experi\u00eancia deste \u00faltimo ano foi verdadeiramente dif\u00edcil para todos n\u00f3s que vivemos na Terra Santa. A guerra em suas m\u00faltiplas frentes n\u00e3o s\u00f3 trouxe morte e destrui\u00e7\u00e3o, mas tamb\u00e9m semeou ainda mais \u00f3dio entre povos vizinhos e irm\u00e3os. Muitas fam\u00edlias ficaram sem trabalho e tiveram dificuldades para levar os filhos para a escola, tamb\u00e9m para pagar os cuidados m\u00e9dicos dos seus entes queridos. Muitos casais jovens tiveram que adiar o sonho de come\u00e7ar uma fam\u00edlia e ter filhos.<\/p>\n<p>2. N\u00f3s mesmos temos lutado para pagar os sal\u00e1rios dos professores e colaboradores locais que nos ajudam nos santu\u00e1rios e em diversas obras sociais, bem como para fazer frente ao custo de vida que aumentou consideravelmente por causa da guerra. No entanto, gra\u00e7as \u00e0 Provid\u00eancia Divina que se manifestou atrav\u00e9s da solidariedade dos crist\u00e3os em todo o mundo, conseguimos honrar os numerosos compromissos econ\u00f4micos: caritativos e institucionais.<\/p>\n<p>3. Contudo, sentimos a necessidade de continuar estendendo a m\u00e3o no gesto mendicante de quem implora pelo amor dos pr\u00f3prios irm\u00e3os: sustentem-nos com a ora\u00e7\u00e3o; apoiem-nos retornando para visitar os lugares santos como peregrinos, de acordo com suas possibilidades; ajudem-nos financeiramente tamb\u00e9m, lembrando que tudo o que voc\u00ea doar, o Senhor lhe devolver\u00e1 cem vezes mais.<\/p>\n<p>4. Na Sexta-feira Santa, quando for feita a Coleta para os Lugares Santos em suas dioceses e par\u00f3quias, lembrem-se de n\u00f3s e sejam generosos. Exortem os seus p\u00e1rocos a n\u00e3o se esquecerem de n\u00f3s que, por mandato Papal, cuidamos dos santu\u00e1rios da Terra Santa e dos crist\u00e3os que vivem ao redor desses santu\u00e1rios. Incentivem os membros de suas comunidades a serem generosos e a lembrar o que o pr\u00f3prio Jesus nos disse: \u201cH\u00e1 mais alegria em dar do que em receber\u201d (Atos 20:35).<\/p>\n<p>5. Ser\u00e1 tamb\u00e9m gra\u00e7as a voc\u00ea e \u00e0 sua generosidade que poderemos continuar a cuidar dos lugares santos e a torn\u00e1-los lugares de ora\u00e7\u00e3o, a acolher os fi\u00e9is locais e os peregrinos, a criar obras educativas como escolas, obras sociais como cl\u00ednicas e dispens\u00e1rios, lares para idosos e crian\u00e7as, obras de promo\u00e7\u00e3o humana como o acolhimento de trabalhadores migrantes, deslocados e refugiados.<\/p>\n<p>6. A Coleta da Sexta-feira Santa ajuda a cobrir parte desses custos, gra\u00e7as \u00e0 generosidade dos fi\u00e9is do mundo inteiro, gra\u00e7as \u00e0 sua generosidade. Por favor, doe generosamente e com alegria. D\u00ea de acordo com a amplitude do seu cora\u00e7\u00e3o. Seremos simplesmente o canal atrav\u00e9s do qual chegar\u00e3o a sua benevol\u00eancia, a sua caridade e o seu amor ao pr\u00f3ximo.<\/p>\n<p>Ajude-nos a ajudar!<\/p>\n<p><em>Frei Francesco Patton, OFM<\/em><\/p>\n<p>&#8212;&#8212;&#8212;&#8212;&#8212;&#8212;&#8212;&#8212;&#8212;&#8212;&#8212;&#8212;&#8212;&#8212;&#8212;&#8212;&#8212;-<\/p>\n<p>Em base a este apelo do Cust\u00f3dio, gostaria de solicitar que voc\u00ea motivasse esta Coleta, na celebra\u00e7\u00e3o da Paix\u00e3o do Senhor (Sexta-Feira Santa). Os fi\u00e9is poder\u00e3o deixar sua contribui\u00e7\u00e3o no cestinho ao lado da Cruz, a ser beijada. Voc\u00ea tamb\u00e9m pode fazer a sua contribui\u00e7\u00e3o, diretamente do seu aplicativo, via PIX ou QR Code, abaixo:<\/p>\n<p><strong>Banco Bradesco<\/strong><\/p>\n<p><strong>Ag: 02643<br \/>\nCc: 0000022-1<\/strong><\/p>\n<p><strong>Prov\u00edncia Franciscana da Imaculada Concei\u00e7\u00e3o do Brasil (Comissariado\u00a0da\u00a0Terra\u00a0Santa)<\/strong><\/p>\n<p><strong>CNPJ: 62.340.203\/0039-57<\/strong><\/p>\n<p><strong>\u00a0<\/strong><strong>PIX: 62.340.203\/0039-57<\/strong><\/p>\n<p><img loading=\"lazy\" class=\"size-full wp-image-255951 aligncenter\" src=\"https:\/\/franciscanos.org.br\/noticias\/wp-content\/uploads\/2025\/04\/1a55c634-2fd2-4c0d-8d86-717ea78644ff.jpg\" alt=\"\" width=\"171\" height=\"166\" srcset=\"https:\/\/franciscanos.org.br\/noticias\/wp-content\/uploads\/2025\/04\/1a55c634-2fd2-4c0d-8d86-717ea78644ff.jpg 171w, https:\/\/franciscanos.org.br\/noticias\/wp-content\/uploads\/2025\/04\/1a55c634-2fd2-4c0d-8d86-717ea78644ff-150x146.jpg 150w\" sizes=\"(max-width: 171px) 100vw, 171px\" \/><\/p>\n<hr \/>\n<p>Fonte:\u00a0<a href=\"https:\/\/www.custodia.org\/pt-pt\/news\/ajude-nos-a-ajudar-um-apelo-para-preservar-a-terra-santa-e-apoiar-seu-povo\/\">(https:\/\/www.custodia.org\/pt-pt\/news\/ajude-nos-a-ajudar-um-apelo-para-preservar-a-terra-santa-e-apoiar-seu-povo\/, acesso: 10\/04\/25)<\/a><\/p>\n","protected":false},"excerpt":{"rendered":"<p>A Terra Santa clama por esperan\u00e7a e a sua doa\u00e7\u00e3o \u00e9 a resposta<\/p>\n","protected":false},"author":11,"featured_media":255946,"comment_status":"open","ping_status":"open","sticky":false,"template":"","format":"standard","meta":[],"categories":[1],"tags":[1433],"acf":[],"yoast_head":"<!-- This site is optimized with the Yoast SEO plugin v19.2 - https:\/\/yoast.com\/wordpress\/plugins\/seo\/ -->\n<title>Contribua com a coleta da Sexta-feira Santa - Not\u00edcias - Franciscanos<\/title>\n<meta name=\"robots\" content=\"index, follow, max-snippet:-1, max-image-preview:large, max-video-preview:-1\" \/>\n<link rel=\"canonical\" href=\"https:\/\/franciscanos.org.br\/noticias\/contribua-com-a-coleta-da-sexta-feira-santa.html\" \/>\n<meta property=\"og:locale\" content=\"pt_BR\" \/>\n<meta property=\"og:type\" content=\"article\" \/>\n<meta property=\"og:title\" content=\"Contribua com a coleta da Sexta-feira Santa - Not\u00edcias - Franciscanos\" \/>\n<meta property=\"og:description\" content=\"A Terra Santa clama por esperan\u00e7a e a sua doa\u00e7\u00e3o \u00e9 a resposta\" \/>\n<meta property=\"og:url\" content=\"https:\/\/franciscanos.org.br\/noticias\/contribua-com-a-coleta-da-sexta-feira-santa.html\" \/>\n<meta property=\"og:site_name\" content=\"Not\u00edcias - Franciscanos\" \/>\n<meta property=\"article:published_time\" content=\"2025-04-10T12:01:45+00:00\" \/>\n<meta property=\"article:modified_time\" content=\"2025-04-11T12:37:00+00:00\" \/>\n<meta property=\"og:image\" content=\"https:\/\/franciscanos.org.br\/noticias\/wp-content\/uploads\/2025\/04\/chamada-14.png\" \/>\n\t<meta property=\"og:image:width\" content=\"800\" \/>\n\t<meta property=\"og:image:height\" content=\"550\" \/>\n\t<meta property=\"og:image:type\" content=\"image\/png\" \/>\n<meta name=\"author\" content=\"Adriana Rabelo\" \/>\n<meta name=\"twitter:card\" content=\"summary_large_image\" \/>\n<meta name=\"twitter:label1\" content=\"Escrito por\" \/>\n\t<meta name=\"twitter:data1\" content=\"Adriana Rabelo\" \/>\n\t<meta name=\"twitter:label2\" content=\"Est. tempo de leitura\" \/>\n\t<meta name=\"twitter:data2\" content=\"3 minutos\" \/>\n<script type=\"application\/ld+json\" class=\"yoast-schema-graph\">{\"@context\":\"https:\/\/schema.org\",\"@graph\":[{\"@type\":\"WebSite\",\"@id\":\"https:\/\/franciscanos.org.br\/noticias\/#website\",\"url\":\"https:\/\/franciscanos.org.br\/noticias\/\",\"name\":\"Not\u00edcias - Franciscanos\",\"description\":\"Prov\u00edncia Franciscana da Imaculada Concei\u00e7\u00e3o do Brasil - Ordem dos Frades Menores - OFM\",\"potentialAction\":[{\"@type\":\"SearchAction\",\"target\":{\"@type\":\"EntryPoint\",\"urlTemplate\":\"https:\/\/franciscanos.org.br\/noticias\/?s={search_term_string}\"},\"query-input\":\"required name=search_term_string\"}],\"inLanguage\":\"pt-BR\"},{\"@type\":\"ImageObject\",\"inLanguage\":\"pt-BR\",\"@id\":\"https:\/\/franciscanos.org.br\/noticias\/contribua-com-a-coleta-da-sexta-feira-santa.html#primaryimage\",\"url\":\"https:\/\/franciscanos.org.br\/noticias\/wp-content\/uploads\/2025\/04\/chamada-14.png\",\"contentUrl\":\"https:\/\/franciscanos.org.br\/noticias\/wp-content\/uploads\/2025\/04\/chamada-14.png\",\"width\":800,\"height\":550},{\"@type\":\"WebPage\",\"@id\":\"https:\/\/franciscanos.org.br\/noticias\/contribua-com-a-coleta-da-sexta-feira-santa.html#webpage\",\"url\":\"https:\/\/franciscanos.org.br\/noticias\/contribua-com-a-coleta-da-sexta-feira-santa.html\",\"name\":\"Contribua com a coleta da Sexta-feira Santa - Not\u00edcias - Franciscanos\",\"isPartOf\":{\"@id\":\"https:\/\/franciscanos.org.br\/noticias\/#website\"},\"primaryImageOfPage\":{\"@id\":\"https:\/\/franciscanos.org.br\/noticias\/contribua-com-a-coleta-da-sexta-feira-santa.html#primaryimage\"},\"datePublished\":\"2025-04-10T12:01:45+00:00\",\"dateModified\":\"2025-04-11T12:37:00+00:00\",\"author\":{\"@id\":\"https:\/\/franciscanos.org.br\/noticias\/#\/schema\/person\/d9422e83121c3ad3b0f423d195f5bb25\"},\"breadcrumb\":{\"@id\":\"https:\/\/franciscanos.org.br\/noticias\/contribua-com-a-coleta-da-sexta-feira-santa.html#breadcrumb\"},\"inLanguage\":\"pt-BR\",\"potentialAction\":[{\"@type\":\"ReadAction\",\"target\":[\"https:\/\/franciscanos.org.br\/noticias\/contribua-com-a-coleta-da-sexta-feira-santa.html\"]}]},{\"@type\":\"BreadcrumbList\",\"@id\":\"https:\/\/franciscanos.org.br\/noticias\/contribua-com-a-coleta-da-sexta-feira-santa.html#breadcrumb\",\"itemListElement\":[{\"@type\":\"ListItem\",\"position\":1,\"name\":\"Home\",\"item\":\"https:\/\/franciscanos.org.br\/noticias\"},{\"@type\":\"ListItem\",\"position\":2,\"name\":\"Contribua com a coleta da Sexta-feira Santa\"}]},{\"@type\":\"Person\",\"@id\":\"https:\/\/franciscanos.org.br\/noticias\/#\/schema\/person\/d9422e83121c3ad3b0f423d195f5bb25\",\"name\":\"Adriana Rabelo\",\"image\":{\"@type\":\"ImageObject\",\"inLanguage\":\"pt-BR\",\"@id\":\"https:\/\/franciscanos.org.br\/noticias\/#\/schema\/person\/image\/\",\"url\":\"https:\/\/secure.gravatar.com\/avatar\/0a937b7500cd7df77540cfb8bede877d?s=96&d=mm&r=g\",\"contentUrl\":\"https:\/\/secure.gravatar.com\/avatar\/0a937b7500cd7df77540cfb8bede877d?s=96&d=mm&r=g\",\"caption\":\"Adriana Rabelo\"},\"url\":\"https:\/\/franciscanos.org.br\/noticias\/author\/adrianarabelo\"}]}<\/script>\n<!-- \/ Yoast SEO plugin. -->","yoast_head_json":{"title":"Contribua com a coleta da Sexta-feira Santa - Not\u00edcias - Franciscanos","robots":{"index":"index","follow":"follow","max-snippet":"max-snippet:-1","max-image-preview":"max-image-preview:large","max-video-preview":"max-video-preview:-1"},"canonical":"https:\/\/franciscanos.org.br\/noticias\/contribua-com-a-coleta-da-sexta-feira-santa.html","og_locale":"pt_BR","og_type":"article","og_title":"Contribua com a coleta da Sexta-feira Santa - Not\u00edcias - Franciscanos","og_description":"A Terra Santa clama por esperan\u00e7a e a sua doa\u00e7\u00e3o \u00e9 a resposta","og_url":"https:\/\/franciscanos.org.br\/noticias\/contribua-com-a-coleta-da-sexta-feira-santa.html","og_site_name":"Not\u00edcias - Franciscanos","article_published_time":"2025-04-10T12:01:45+00:00","article_modified_time":"2025-04-11T12:37:00+00:00","og_image":[{"width":800,"height":550,"url":"https:\/\/franciscanos.org.br\/noticias\/wp-content\/uploads\/2025\/04\/chamada-14.png","type":"image\/png"}],"author":"Adriana Rabelo","twitter_card":"summary_large_image","twitter_misc":{"Escrito por":"Adriana Rabelo","Est. tempo de leitura":"3 minutos"},"schema":{"@context":"https:\/\/schema.org","@graph":[{"@type":"WebSite","@id":"https:\/\/franciscanos.org.br\/noticias\/#website","url":"https:\/\/franciscanos.org.br\/noticias\/","name":"Not\u00edcias - Franciscanos","description":"Prov\u00edncia Franciscana da Imaculada Concei\u00e7\u00e3o do Brasil - Ordem dos Frades Menores - OFM","potentialAction":[{"@type":"SearchAction","target":{"@type":"EntryPoint","urlTemplate":"https:\/\/franciscanos.org.br\/noticias\/?s={search_term_string}"},"query-input":"required name=search_term_string"}],"inLanguage":"pt-BR"},{"@type":"ImageObject","inLanguage":"pt-BR","@id":"https:\/\/franciscanos.org.br\/noticias\/contribua-com-a-coleta-da-sexta-feira-santa.html#primaryimage","url":"https:\/\/franciscanos.org.br\/noticias\/wp-content\/uploads\/2025\/04\/chamada-14.png","contentUrl":"https:\/\/franciscanos.org.br\/noticias\/wp-content\/uploads\/2025\/04\/chamada-14.png","width":800,"height":550},{"@type":"WebPage","@id":"https:\/\/franciscanos.org.br\/noticias\/contribua-com-a-coleta-da-sexta-feira-santa.html#webpage","url":"https:\/\/franciscanos.org.br\/noticias\/contribua-com-a-coleta-da-sexta-feira-santa.html","name":"Contribua com a coleta da Sexta-feira Santa - Not\u00edcias - Franciscanos","isPartOf":{"@id":"https:\/\/franciscanos.org.br\/noticias\/#website"},"primaryImageOfPage":{"@id":"https:\/\/franciscanos.org.br\/noticias\/contribua-com-a-coleta-da-sexta-feira-santa.html#primaryimage"},"datePublished":"2025-04-10T12:01:45+00:00","dateModified":"2025-04-11T12:37:00+00:00","author":{"@id":"https:\/\/franciscanos.org.br\/noticias\/#\/schema\/person\/d9422e83121c3ad3b0f423d195f5bb25"},"breadcrumb":{"@id":"https:\/\/franciscanos.org.br\/noticias\/contribua-com-a-coleta-da-sexta-feira-santa.html#breadcrumb"},"inLanguage":"pt-BR","potentialAction":[{"@type":"ReadAction","target":["https:\/\/franciscanos.org.br\/noticias\/contribua-com-a-coleta-da-sexta-feira-santa.html"]}]},{"@type":"BreadcrumbList","@id":"https:\/\/franciscanos.org.br\/noticias\/contribua-com-a-coleta-da-sexta-feira-santa.html#breadcrumb","itemListElement":[{"@type":"ListItem","position":1,"name":"Home","item":"https:\/\/franciscanos.org.br\/noticias"},{"@type":"ListItem","position":2,"name":"Contribua com a coleta da Sexta-feira Santa"}]},{"@type":"Person","@id":"https:\/\/franciscanos.org.br\/noticias\/#\/schema\/person\/d9422e83121c3ad3b0f423d195f5bb25","name":"Adriana Rabelo","image":{"@type":"ImageObject","inLanguage":"pt-BR","@id":"https:\/\/franciscanos.org.br\/noticias\/#\/schema\/person\/image\/","url":"https:\/\/secure.gravatar.com\/avatar\/0a937b7500cd7df77540cfb8bede877d?s=96&d=mm&r=g","contentUrl":"https:\/\/secure.gravatar.com\/avatar\/0a937b7500cd7df77540cfb8bede877d?s=96&d=mm&r=g","caption":"Adriana Rabelo"},"url":"https:\/\/franciscanos.org.br\/noticias\/author\/adrianarabelo"}]}},"_links":{"self":[{"href":"https:\/\/franciscanos.org.br\/noticias\/wp-json\/wp\/v2\/posts\/255944"}],"collection":[{"href":"https:\/\/franciscanos.org.br\/noticias\/wp-json\/wp\/v2\/posts"}],"about":[{"href":"https:\/\/franciscanos.org.br\/noticias\/wp-json\/wp\/v2\/types\/post"}],"author":[{"embeddable":true,"href":"https:\/\/franciscanos.org.br\/noticias\/wp-json\/wp\/v2\/users\/11"}],"replies":[{"embeddable":true,"href":"https:\/\/franciscanos.org.br\/noticias\/wp-json\/wp\/v2\/comments?post=255944"}],"version-history":[{"count":5,"href":"https:\/\/franciscanos.org.br\/noticias\/wp-json\/wp\/v2\/posts\/255944\/revisions"}],"predecessor-version":[{"id":255952,"href":"https:\/\/franciscanos.org.br\/noticias\/wp-json\/wp\/v2\/posts\/255944\/revisions\/255952"}],"wp:featuredmedia":[{"embeddable":true,"href":"https:\/\/franciscanos.org.br\/noticias\/wp-json\/wp\/v2\/media\/255946"}],"wp:attachment":[{"href":"https:\/\/franciscanos.org.br\/noticias\/wp-json\/wp\/v2\/media?parent=255944"}],"wp:term":[{"taxonomy":"category","embeddable":true,"href":"https:\/\/franciscanos.org.br\/noticias\/wp-json\/wp\/v2\/categories?post=255944"},{"taxonomy":"post_tag","embeddable":true,"href":"https:\/\/franciscanos.org.br\/noticias\/wp-json\/wp\/v2\/tags?post=255944"}],"curies":[{"name":"wp","href":"https:\/\/api.w.org\/{rel}","templated":true}]}}