{"id":255937,"date":"2025-04-08T07:00:22","date_gmt":"2025-04-08T10:00:22","guid":{"rendered":"https:\/\/franciscanos.org.br\/noticias\/?p=255937"},"modified":"2025-04-10T15:38:56","modified_gmt":"2025-04-10T18:38:56","slug":"usf-apresenta-os-resultados-dos-projetos-para-integracao-de-pesquisadores-refugiados","status":"publish","type":"post","link":"https:\/\/franciscanos.org.br\/noticias\/usf-apresenta-os-resultados-dos-projetos-para-integracao-de-pesquisadores-refugiados.html","title":{"rendered":"USF apresenta os resultados dos projetos para integra\u00e7\u00e3o de pesquisadores refugiados"},"content":{"rendered":"<p><img loading=\"lazy\" class=\"aligncenter wp-image-255938 size-full\" src=\"https:\/\/franciscanos.org.br\/noticias\/wp-content\/uploads\/2025\/04\/materia-16.png\" alt=\"\" width=\"1280\" height=\"720\" srcset=\"https:\/\/franciscanos.org.br\/noticias\/wp-content\/uploads\/2025\/04\/materia-16.png 1280w, https:\/\/franciscanos.org.br\/noticias\/wp-content\/uploads\/2025\/04\/materia-16-450x253.png 450w, https:\/\/franciscanos.org.br\/noticias\/wp-content\/uploads\/2025\/04\/materia-16-1024x576.png 1024w, https:\/\/franciscanos.org.br\/noticias\/wp-content\/uploads\/2025\/04\/materia-16-768x432.png 768w, https:\/\/franciscanos.org.br\/noticias\/wp-content\/uploads\/2025\/04\/materia-16-150x84.png 150w\" sizes=\"(max-width: 1280px) 100vw, 1280px\" \/><\/p>\n<p>Os projetos \u201cFortalecimento das atividades de pesquisa e forma\u00e7\u00e3o de recursos humanos do Programa de P\u00f3s-Gradua\u00e7\u00e3o Stricto Sensu (PPGSS) em Ci\u00eancias da Sa\u00fade da Universidade S\u00e3o Francisco (USF)\u201d e \u201cSolidariedade Acad\u00eamica: Educa\u00e7\u00e3o e Forma\u00e7\u00e3o Humana\u201d do PPGSS em Educa\u00e7\u00e3o foram duas das 24 propostas contempladas no edital do Programa de Desenvolvimento da P\u00f3s-Gradua\u00e7\u00e3o (PDPG) Emergencial de Solidariedade Acad\u00eamica, lan\u00e7ado pela Coordena\u00e7\u00e3o de Aperfei\u00e7oamento de N\u00edvel Superior (CAPES) em 2022.<\/p>\n<p>Com resultados positivos, a USF foi uma das poucas institui\u00e7\u00f5es comunit\u00e1rias com duas bolsas destinadas a pesquisadores em situa\u00e7\u00e3o de ref\u00fagio. Outras duas bolsas foram concedidas a pesquisadores brasileiros para realiza\u00e7\u00e3o do p\u00f3s-doutorado, acolhimento e realiza\u00e7\u00e3o das atividades de pesquisa. No Mestrado e Doutorado em Ci\u00eancias da Sa\u00fade, o projeto foi desenvolvido pela professora visitante, Karen Yumaira Sanchez Luquez, da Venezuela, acompanhada pelo p\u00f3s-doutorando, Salvador Sanchez Vinces. No PPGSS em Educa\u00e7\u00e3o participaram o professor visitante, Frank Jose Gutierrez Sivira, tamb\u00e9m da Venezuela e o p\u00f3s-doc e atual docente do programa, Daniel Novaes Gomes Pereira.<\/p>\n<p>Os projetos foram idealizados pelas coordena\u00e7\u00f5es do programa com apoio institucional da Pr\u00f3- reitoria de Ensino Pesquisa e Extens\u00e3o, Pr\u00f3-Reitoria de Planejamento e Administra\u00e7\u00e3o e gest\u00e3o do N\u00facleo de P\u00f3s-Gradua\u00e7\u00e3o Stricto Sensu (NPS). No dia 05 de abril, os professores visitantes foram recebidos na reitoria para apresentar seus resultados de pesquisa e compartilhar suas conquistas. A oportunidade para professores com experi\u00eancia do ref\u00fagio tem fortalecido as rela\u00e7\u00f5es humanas e incentivado novas formas de aprender e conviver de modo pac\u00edfico. Todo processo teve aux\u00edlio da coordena\u00e7\u00e3o do Alto Comissariado das Na\u00e7\u00f5es Unidas para Refugiados (ACNUR) em coopera\u00e7\u00e3o com a CAPES e USF. &amp;quot; Ao acolher pesquisadores em situa\u00e7\u00e3o de ref\u00fagio e fomentar a produ\u00e7\u00e3o acad\u00eamica, reafirmamos nosso compromisso com uma educa\u00e7\u00e3o transformadora e solid\u00e1ria. Esses projetos, conduzidos com excel\u00eancia pelos programas de p\u00f3s-gradua\u00e7\u00e3o em Ci\u00eancias da Sa\u00fade e Educa\u00e7\u00e3o, n\u00e3o apenas ampliam o alcance da nossa pesquisa, mas tamb\u00e9m concretizam o ideal franciscano de cuidar do outro com empatia, generosidade e profundo respeito \u00e0 diversidade humana\u201d, comentou o Reitor da USF, Frei Alvaci Mendes da Luz.<\/p>\n<p>A USF reafirma seu compromisso com a educa\u00e7\u00e3o transformadora e com a constru\u00e7\u00e3o de uma sociedade mais justa e solid\u00e1ria ao acolher pesquisadores em situa\u00e7\u00e3o de ref\u00fagio. A iniciativa fortalece o papel da Universidade como espa\u00e7o de inclus\u00e3o e di\u00e1logo entre culturas. \u201cEsta proposta reafirma o papel da USF como institui\u00e7\u00e3o comprometida com a forma\u00e7\u00e3o acad\u00eamica de excel\u00eancia e, sobretudo, com a valoriza\u00e7\u00e3o da dignidade humana. Acolher pesquisadores em situa\u00e7\u00e3o de ref\u00fagio \u00e9 um gesto de solidariedade, mas tamb\u00e9m um ato pedag\u00f3gico, que enriquece nossa comunidade com experi\u00eancias de supera\u00e7\u00e3o, diversidade e coopera\u00e7\u00e3o internacional\u201d, afirmou o pr\u00f3-reitor Prof. Dilnei Lorenzi.<\/p>\n<p>A presen\u00e7a de docentes com trajet\u00f3rias marcadas pelo ref\u00fagio refor\u00e7a essa miss\u00e3o e enriquece o ambiente acad\u00eamico com novos olhares e experi\u00eancias de vida. \u201cAo abrir as portas a docentes com viv\u00eancias marcadas pelo ref\u00fagio, estamos solidificando nosso compromisso com forma\u00e7\u00e3o integral do ser humano, com a justi\u00e7a social e com a constru\u00e7\u00e3o de um ambiente acad\u00eamico plural, sens\u00edvel \u00e0s realidades contempor\u00e2neas\u201d, explicou a professora Iara, coordenadora do NPS.<\/p>\n<hr \/>\n<p><em>Ana Paula Moreira- Assessoria USF<\/em><\/p>\n","protected":false},"excerpt":{"rendered":"<p>Parceria ACNUR<\/p>\n","protected":false},"author":11,"featured_media":255939,"comment_status":"open","ping_status":"open","sticky":false,"template":"","format":"standard","meta":[],"categories":[1],"tags":[2330,354],"acf":[],"yoast_head":"<!-- This site is optimized with the Yoast SEO plugin v19.2 - https:\/\/yoast.com\/wordpress\/plugins\/seo\/ -->\n<title>USF apresenta os resultados dos projetos para integra\u00e7\u00e3o de pesquisadores refugiados - Not\u00edcias - Franciscanos<\/title>\n<meta name=\"robots\" content=\"index, follow, max-snippet:-1, max-image-preview:large, max-video-preview:-1\" \/>\n<link rel=\"canonical\" href=\"https:\/\/franciscanos.org.br\/noticias\/usf-apresenta-os-resultados-dos-projetos-para-integracao-de-pesquisadores-refugiados.html\" \/>\n<meta property=\"og:locale\" content=\"pt_BR\" \/>\n<meta property=\"og:type\" content=\"article\" \/>\n<meta property=\"og:title\" content=\"USF apresenta os resultados dos projetos para integra\u00e7\u00e3o de pesquisadores refugiados - Not\u00edcias - Franciscanos\" \/>\n<meta property=\"og:description\" content=\"Parceria ACNUR\" \/>\n<meta property=\"og:url\" content=\"https:\/\/franciscanos.org.br\/noticias\/usf-apresenta-os-resultados-dos-projetos-para-integracao-de-pesquisadores-refugiados.html\" \/>\n<meta property=\"og:site_name\" content=\"Not\u00edcias - Franciscanos\" \/>\n<meta property=\"article:published_time\" content=\"2025-04-08T10:00:22+00:00\" \/>\n<meta property=\"article:modified_time\" content=\"2025-04-10T18:38:56+00:00\" \/>\n<meta property=\"og:image\" content=\"https:\/\/franciscanos.org.br\/noticias\/wp-content\/uploads\/2025\/04\/chamada-13.png\" \/>\n\t<meta property=\"og:image:width\" content=\"800\" \/>\n\t<meta property=\"og:image:height\" content=\"550\" \/>\n\t<meta property=\"og:image:type\" content=\"image\/png\" \/>\n<meta name=\"author\" content=\"Adriana Rabelo\" \/>\n<meta name=\"twitter:card\" content=\"summary_large_image\" \/>\n<meta name=\"twitter:label1\" content=\"Escrito por\" \/>\n\t<meta name=\"twitter:data1\" content=\"Adriana Rabelo\" \/>\n\t<meta name=\"twitter:label2\" content=\"Est. tempo de leitura\" \/>\n\t<meta name=\"twitter:data2\" content=\"3 minutos\" \/>\n<script type=\"application\/ld+json\" class=\"yoast-schema-graph\">{\"@context\":\"https:\/\/schema.org\",\"@graph\":[{\"@type\":\"WebSite\",\"@id\":\"https:\/\/franciscanos.org.br\/noticias\/#website\",\"url\":\"https:\/\/franciscanos.org.br\/noticias\/\",\"name\":\"Not\u00edcias - Franciscanos\",\"description\":\"Prov\u00edncia Franciscana da Imaculada Concei\u00e7\u00e3o do Brasil - Ordem dos Frades Menores - OFM\",\"potentialAction\":[{\"@type\":\"SearchAction\",\"target\":{\"@type\":\"EntryPoint\",\"urlTemplate\":\"https:\/\/franciscanos.org.br\/noticias\/?s={search_term_string}\"},\"query-input\":\"required name=search_term_string\"}],\"inLanguage\":\"pt-BR\"},{\"@type\":\"ImageObject\",\"inLanguage\":\"pt-BR\",\"@id\":\"https:\/\/franciscanos.org.br\/noticias\/usf-apresenta-os-resultados-dos-projetos-para-integracao-de-pesquisadores-refugiados.html#primaryimage\",\"url\":\"https:\/\/franciscanos.org.br\/noticias\/wp-content\/uploads\/2025\/04\/chamada-13.png\",\"contentUrl\":\"https:\/\/franciscanos.org.br\/noticias\/wp-content\/uploads\/2025\/04\/chamada-13.png\",\"width\":800,\"height\":550},{\"@type\":\"WebPage\",\"@id\":\"https:\/\/franciscanos.org.br\/noticias\/usf-apresenta-os-resultados-dos-projetos-para-integracao-de-pesquisadores-refugiados.html#webpage\",\"url\":\"https:\/\/franciscanos.org.br\/noticias\/usf-apresenta-os-resultados-dos-projetos-para-integracao-de-pesquisadores-refugiados.html\",\"name\":\"USF apresenta os resultados dos projetos para integra\u00e7\u00e3o de pesquisadores refugiados - Not\u00edcias - Franciscanos\",\"isPartOf\":{\"@id\":\"https:\/\/franciscanos.org.br\/noticias\/#website\"},\"primaryImageOfPage\":{\"@id\":\"https:\/\/franciscanos.org.br\/noticias\/usf-apresenta-os-resultados-dos-projetos-para-integracao-de-pesquisadores-refugiados.html#primaryimage\"},\"datePublished\":\"2025-04-08T10:00:22+00:00\",\"dateModified\":\"2025-04-10T18:38:56+00:00\",\"author\":{\"@id\":\"https:\/\/franciscanos.org.br\/noticias\/#\/schema\/person\/d9422e83121c3ad3b0f423d195f5bb25\"},\"breadcrumb\":{\"@id\":\"https:\/\/franciscanos.org.br\/noticias\/usf-apresenta-os-resultados-dos-projetos-para-integracao-de-pesquisadores-refugiados.html#breadcrumb\"},\"inLanguage\":\"pt-BR\",\"potentialAction\":[{\"@type\":\"ReadAction\",\"target\":[\"https:\/\/franciscanos.org.br\/noticias\/usf-apresenta-os-resultados-dos-projetos-para-integracao-de-pesquisadores-refugiados.html\"]}]},{\"@type\":\"BreadcrumbList\",\"@id\":\"https:\/\/franciscanos.org.br\/noticias\/usf-apresenta-os-resultados-dos-projetos-para-integracao-de-pesquisadores-refugiados.html#breadcrumb\",\"itemListElement\":[{\"@type\":\"ListItem\",\"position\":1,\"name\":\"Home\",\"item\":\"https:\/\/franciscanos.org.br\/noticias\"},{\"@type\":\"ListItem\",\"position\":2,\"name\":\"USF apresenta os resultados dos projetos para integra\u00e7\u00e3o de pesquisadores refugiados\"}]},{\"@type\":\"Person\",\"@id\":\"https:\/\/franciscanos.org.br\/noticias\/#\/schema\/person\/d9422e83121c3ad3b0f423d195f5bb25\",\"name\":\"Adriana Rabelo\",\"image\":{\"@type\":\"ImageObject\",\"inLanguage\":\"pt-BR\",\"@id\":\"https:\/\/franciscanos.org.br\/noticias\/#\/schema\/person\/image\/\",\"url\":\"https:\/\/secure.gravatar.com\/avatar\/0a937b7500cd7df77540cfb8bede877d?s=96&d=mm&r=g\",\"contentUrl\":\"https:\/\/secure.gravatar.com\/avatar\/0a937b7500cd7df77540cfb8bede877d?s=96&d=mm&r=g\",\"caption\":\"Adriana Rabelo\"},\"url\":\"https:\/\/franciscanos.org.br\/noticias\/author\/adrianarabelo\"}]}<\/script>\n<!-- \/ Yoast SEO plugin. -->","yoast_head_json":{"title":"USF apresenta os resultados dos projetos para integra\u00e7\u00e3o de pesquisadores refugiados - Not\u00edcias - Franciscanos","robots":{"index":"index","follow":"follow","max-snippet":"max-snippet:-1","max-image-preview":"max-image-preview:large","max-video-preview":"max-video-preview:-1"},"canonical":"https:\/\/franciscanos.org.br\/noticias\/usf-apresenta-os-resultados-dos-projetos-para-integracao-de-pesquisadores-refugiados.html","og_locale":"pt_BR","og_type":"article","og_title":"USF apresenta os resultados dos projetos para integra\u00e7\u00e3o de pesquisadores refugiados - Not\u00edcias - Franciscanos","og_description":"Parceria ACNUR","og_url":"https:\/\/franciscanos.org.br\/noticias\/usf-apresenta-os-resultados-dos-projetos-para-integracao-de-pesquisadores-refugiados.html","og_site_name":"Not\u00edcias - Franciscanos","article_published_time":"2025-04-08T10:00:22+00:00","article_modified_time":"2025-04-10T18:38:56+00:00","og_image":[{"width":800,"height":550,"url":"https:\/\/franciscanos.org.br\/noticias\/wp-content\/uploads\/2025\/04\/chamada-13.png","type":"image\/png"}],"author":"Adriana Rabelo","twitter_card":"summary_large_image","twitter_misc":{"Escrito por":"Adriana Rabelo","Est. tempo de leitura":"3 minutos"},"schema":{"@context":"https:\/\/schema.org","@graph":[{"@type":"WebSite","@id":"https:\/\/franciscanos.org.br\/noticias\/#website","url":"https:\/\/franciscanos.org.br\/noticias\/","name":"Not\u00edcias - Franciscanos","description":"Prov\u00edncia Franciscana da Imaculada Concei\u00e7\u00e3o do Brasil - Ordem dos Frades Menores - OFM","potentialAction":[{"@type":"SearchAction","target":{"@type":"EntryPoint","urlTemplate":"https:\/\/franciscanos.org.br\/noticias\/?s={search_term_string}"},"query-input":"required name=search_term_string"}],"inLanguage":"pt-BR"},{"@type":"ImageObject","inLanguage":"pt-BR","@id":"https:\/\/franciscanos.org.br\/noticias\/usf-apresenta-os-resultados-dos-projetos-para-integracao-de-pesquisadores-refugiados.html#primaryimage","url":"https:\/\/franciscanos.org.br\/noticias\/wp-content\/uploads\/2025\/04\/chamada-13.png","contentUrl":"https:\/\/franciscanos.org.br\/noticias\/wp-content\/uploads\/2025\/04\/chamada-13.png","width":800,"height":550},{"@type":"WebPage","@id":"https:\/\/franciscanos.org.br\/noticias\/usf-apresenta-os-resultados-dos-projetos-para-integracao-de-pesquisadores-refugiados.html#webpage","url":"https:\/\/franciscanos.org.br\/noticias\/usf-apresenta-os-resultados-dos-projetos-para-integracao-de-pesquisadores-refugiados.html","name":"USF apresenta os resultados dos projetos para integra\u00e7\u00e3o de pesquisadores refugiados - Not\u00edcias - Franciscanos","isPartOf":{"@id":"https:\/\/franciscanos.org.br\/noticias\/#website"},"primaryImageOfPage":{"@id":"https:\/\/franciscanos.org.br\/noticias\/usf-apresenta-os-resultados-dos-projetos-para-integracao-de-pesquisadores-refugiados.html#primaryimage"},"datePublished":"2025-04-08T10:00:22+00:00","dateModified":"2025-04-10T18:38:56+00:00","author":{"@id":"https:\/\/franciscanos.org.br\/noticias\/#\/schema\/person\/d9422e83121c3ad3b0f423d195f5bb25"},"breadcrumb":{"@id":"https:\/\/franciscanos.org.br\/noticias\/usf-apresenta-os-resultados-dos-projetos-para-integracao-de-pesquisadores-refugiados.html#breadcrumb"},"inLanguage":"pt-BR","potentialAction":[{"@type":"ReadAction","target":["https:\/\/franciscanos.org.br\/noticias\/usf-apresenta-os-resultados-dos-projetos-para-integracao-de-pesquisadores-refugiados.html"]}]},{"@type":"BreadcrumbList","@id":"https:\/\/franciscanos.org.br\/noticias\/usf-apresenta-os-resultados-dos-projetos-para-integracao-de-pesquisadores-refugiados.html#breadcrumb","itemListElement":[{"@type":"ListItem","position":1,"name":"Home","item":"https:\/\/franciscanos.org.br\/noticias"},{"@type":"ListItem","position":2,"name":"USF apresenta os resultados dos projetos para integra\u00e7\u00e3o de pesquisadores refugiados"}]},{"@type":"Person","@id":"https:\/\/franciscanos.org.br\/noticias\/#\/schema\/person\/d9422e83121c3ad3b0f423d195f5bb25","name":"Adriana Rabelo","image":{"@type":"ImageObject","inLanguage":"pt-BR","@id":"https:\/\/franciscanos.org.br\/noticias\/#\/schema\/person\/image\/","url":"https:\/\/secure.gravatar.com\/avatar\/0a937b7500cd7df77540cfb8bede877d?s=96&d=mm&r=g","contentUrl":"https:\/\/secure.gravatar.com\/avatar\/0a937b7500cd7df77540cfb8bede877d?s=96&d=mm&r=g","caption":"Adriana Rabelo"},"url":"https:\/\/franciscanos.org.br\/noticias\/author\/adrianarabelo"}]}},"_links":{"self":[{"href":"https:\/\/franciscanos.org.br\/noticias\/wp-json\/wp\/v2\/posts\/255937"}],"collection":[{"href":"https:\/\/franciscanos.org.br\/noticias\/wp-json\/wp\/v2\/posts"}],"about":[{"href":"https:\/\/franciscanos.org.br\/noticias\/wp-json\/wp\/v2\/types\/post"}],"author":[{"embeddable":true,"href":"https:\/\/franciscanos.org.br\/noticias\/wp-json\/wp\/v2\/users\/11"}],"replies":[{"embeddable":true,"href":"https:\/\/franciscanos.org.br\/noticias\/wp-json\/wp\/v2\/comments?post=255937"}],"version-history":[{"count":1,"href":"https:\/\/franciscanos.org.br\/noticias\/wp-json\/wp\/v2\/posts\/255937\/revisions"}],"predecessor-version":[{"id":255940,"href":"https:\/\/franciscanos.org.br\/noticias\/wp-json\/wp\/v2\/posts\/255937\/revisions\/255940"}],"wp:featuredmedia":[{"embeddable":true,"href":"https:\/\/franciscanos.org.br\/noticias\/wp-json\/wp\/v2\/media\/255939"}],"wp:attachment":[{"href":"https:\/\/franciscanos.org.br\/noticias\/wp-json\/wp\/v2\/media?parent=255937"}],"wp:term":[{"taxonomy":"category","embeddable":true,"href":"https:\/\/franciscanos.org.br\/noticias\/wp-json\/wp\/v2\/categories?post=255937"},{"taxonomy":"post_tag","embeddable":true,"href":"https:\/\/franciscanos.org.br\/noticias\/wp-json\/wp\/v2\/tags?post=255937"}],"curies":[{"name":"wp","href":"https:\/\/api.w.org\/{rel}","templated":true}]}}