{"id":255930,"date":"2025-04-09T15:25:47","date_gmt":"2025-04-09T18:25:47","guid":{"rendered":"https:\/\/franciscanos.org.br\/noticias\/?p=255930"},"modified":"2025-04-10T15:26:44","modified_gmt":"2025-04-10T18:26:44","slug":"usf-da-continuidade-a-formacao-de-liderancas-inspirada-no-carisma-franciscano","status":"publish","type":"post","link":"https:\/\/franciscanos.org.br\/noticias\/usf-da-continuidade-a-formacao-de-liderancas-inspirada-no-carisma-franciscano.html","title":{"rendered":"USF d\u00e1 continuidade \u00e0 forma\u00e7\u00e3o de lideran\u00e7as inspirada no carisma franciscano"},"content":{"rendered":"<p><img loading=\"lazy\" class=\"aligncenter wp-image-255931 size-full\" src=\"https:\/\/franciscanos.org.br\/noticias\/wp-content\/uploads\/2025\/04\/materia-15.png\" alt=\"\" width=\"1280\" height=\"720\" srcset=\"https:\/\/franciscanos.org.br\/noticias\/wp-content\/uploads\/2025\/04\/materia-15.png 1280w, https:\/\/franciscanos.org.br\/noticias\/wp-content\/uploads\/2025\/04\/materia-15-450x253.png 450w, https:\/\/franciscanos.org.br\/noticias\/wp-content\/uploads\/2025\/04\/materia-15-1024x576.png 1024w, https:\/\/franciscanos.org.br\/noticias\/wp-content\/uploads\/2025\/04\/materia-15-768x432.png 768w, https:\/\/franciscanos.org.br\/noticias\/wp-content\/uploads\/2025\/04\/materia-15-150x84.png 150w\" sizes=\"(max-width: 1280px) 100vw, 1280px\" \/><\/p>\n<p>No dia 7 de abril, a Universidade S\u00e3o Francisco (USF) reuniu colaboradores de suas equipes administrativas no C\u00e2mpus Bragan\u00e7a Paulista para dar in\u00edcio ao segundo ciclo da forma\u00e7\u00e3o \u201cLideran\u00e7a na Perspectiva Franciscana\u201d. A proposta \u00e9 fortalecer, os valores de S\u00e3o Francisco de Assis, o trabalho daqueles que atuam na gest\u00e3o da institui\u00e7\u00e3o, promovendo um ambiente mais humano, acolhedor e comprometido com o bem comum.<\/p>\n<p>O encontro foi conduzido pela coordenadora do Programa CHAVE (Conhecimento, Habilidade, Atitude Valores e \u00c9tica), professora M\u00e1rcia Aparecida Ant\u00f4nio, e contou com a presen\u00e7a do Reitor da USF e Vice-Presidente da Mantenedora, Frei Alvaci Mendes da Luz, do Pr\u00f3-Reitor de Ensino, Pesquisa e Extens\u00e3o, professor Dilnei Lorenzi, e do Pr\u00f3-Reitor de Administra\u00e7\u00e3o e Planejamento, Adriel Moura Cabral. Tamb\u00e9m participou Frei Vitorio Mazzuco, Coordenador do N\u00facleo de Pastoral Universit\u00e1ria, que apresentou aos participantes a Campanha da Fraternidade de 2025, com o tema \u201cFraternidade e Ecologia Integral\u201d e o lema \u201cDeus viu que tudo era muito bom\u201d (Gn 1,31).<\/p>\n<p>Durante sua fala, Frei Vit\u00f3rio destacou a import\u00e2ncia da responsabilidade compartilhada pela &#8220;casa comum&#8221;. \u201cMinha vida me torna respons\u00e1vel por essa casa comum \u2014 o planeta Terra. E ela n\u00e3o tem uma g\u00eamea. \u00c9 \u00fanica. Isso me torna correspons\u00e1vel por esse lar compartilhado, que abriga n\u00e3o apenas seres humanos, mas todas as criaturas de Deus. A Quaresma nos convida a refletir sobre a exist\u00eancia como um todo, promovendo a conscientiza\u00e7\u00e3o e o cuidado, pilares da ecologia integral\u201d, explicou.<\/p>\n\n\t\t<style type=\"text\/css\">\n\t\t\t#gallery-1 {\n\t\t\t\tmargin: auto;\n\t\t\t}\n\t\t\t#gallery-1 .gallery-item {\n\t\t\t\tfloat: left;\n\t\t\t\tmargin-top: 10px;\n\t\t\t\ttext-align: center;\n\t\t\t\twidth: 50%;\n\t\t\t}\n\t\t\t#gallery-1 img {\n\t\t\t\tborder: 2px solid #cfcfcf;\n\t\t\t}\n\t\t\t#gallery-1 .gallery-caption {\n\t\t\t\tmargin-left: 0;\n\t\t\t}\n\t\t\t\/* see gallery_shortcode() in wp-includes\/media.php *\/\n\t\t<\/style>\n\t\t<div id='gallery-1' class='gallery galleryid-255930 gallery-columns-2 gallery-size-thumbnail'><dl class='gallery-item'>\n\t\t\t<dt class='gallery-icon landscape'>\n\t\t\t\t<a href='https:\/\/franciscanos.org.br\/noticias\/wp-content\/uploads\/2025\/04\/IC4A4405-scaled.jpg'><img width=\"300\" height=\"300\" src=\"https:\/\/franciscanos.org.br\/noticias\/wp-content\/uploads\/2025\/04\/IC4A4405-300x300.jpg\" class=\"attachment-thumbnail size-thumbnail\" alt=\"\" loading=\"lazy\" aria-describedby=\"gallery-1-255932\" srcset=\"https:\/\/franciscanos.org.br\/noticias\/wp-content\/uploads\/2025\/04\/IC4A4405-300x300.jpg 300w, https:\/\/franciscanos.org.br\/noticias\/wp-content\/uploads\/2025\/04\/IC4A4405-100x100.jpg 100w\" sizes=\"(max-width: 300px) 100vw, 300px\" \/><\/a>\n\t\t\t<\/dt>\n\t\t\t\t<dd class='wp-caption-text gallery-caption' id='gallery-1-255932'>\n\t\t\t\tFrei Vitorio\n\t\t\t\t<\/dd><\/dl><dl class='gallery-item'>\n\t\t\t<dt class='gallery-icon landscape'>\n\t\t\t\t<a href='https:\/\/franciscanos.org.br\/noticias\/wp-content\/uploads\/2025\/04\/IMG_6488-scaled.jpeg'><img width=\"300\" height=\"300\" src=\"https:\/\/franciscanos.org.br\/noticias\/wp-content\/uploads\/2025\/04\/IMG_6488-300x300.jpeg\" class=\"attachment-thumbnail size-thumbnail\" alt=\"\" loading=\"lazy\" aria-describedby=\"gallery-1-255933\" srcset=\"https:\/\/franciscanos.org.br\/noticias\/wp-content\/uploads\/2025\/04\/IMG_6488-300x300.jpeg 300w, https:\/\/franciscanos.org.br\/noticias\/wp-content\/uploads\/2025\/04\/IMG_6488-100x100.jpeg 100w\" sizes=\"(max-width: 300px) 100vw, 300px\" \/><\/a>\n\t\t\t<\/dt>\n\t\t\t\t<dd class='wp-caption-text gallery-caption' id='gallery-1-255933'>\n\t\t\t\tFrei Alvaci\n\t\t\t\t<\/dd><\/dl><br style=\"clear: both\" \/>\n\t\t<\/div>\n\n<p>Rec\u00e9m-empossado como Reitor da USF, Frei Alvaci refor\u00e7ou a import\u00e2ncia de assumir a fun\u00e7\u00e3o em um momento t\u00e3o positivo para a Institui\u00e7\u00e3o. \u201cNo ano que vem, a USF completar\u00e1 50 anos \u2014 meio s\u00e9culo de hist\u00f3ria constru\u00edda com bases s\u00f3lidas na regi\u00e3o Bragantina. Chegamos a esse marco com um corpo docente e administrativo comprometido, e \u00e9 uma grande alegria poder assumir a Reitoria justamente nessa fase promissora\u201d, ressaltou.<\/p>\n<p>O professor Adriel Moura Cabral, por sua vez, destacou o diferencial da USF e o papel das lideran\u00e7as. \u201cN\u00f3s fazemos educa\u00e7\u00e3o como muitas outras institui\u00e7\u00f5es, mas o nosso diferencial est\u00e1 no porqu\u00ea fazemos o que fazemos. Nosso prop\u00f3sito precisa estar claro e presente em tudo o que entregamos. E voc\u00eas, como lideran\u00e7as, s\u00e3o fundamentais para que isso se concretize junto aos nossos alunos e suas fam\u00edlias\u201d, disse.<\/p>\n<p>Ele tamb\u00e9m destacou que a USF ultrapassou a marca de 27 mil estudantes, o que a coloca entre as maiores institui\u00e7\u00f5es comunit\u00e1rias e religiosas do Brasil, fora dos grandes grupos de mercado.<\/p>\n<p><img loading=\"lazy\" class=\"aligncenter wp-image-255934 size-full\" src=\"https:\/\/franciscanos.org.br\/noticias\/wp-content\/uploads\/2025\/04\/materia-2-5.png\" alt=\"\" width=\"1280\" height=\"720\" srcset=\"https:\/\/franciscanos.org.br\/noticias\/wp-content\/uploads\/2025\/04\/materia-2-5.png 1280w, https:\/\/franciscanos.org.br\/noticias\/wp-content\/uploads\/2025\/04\/materia-2-5-450x253.png 450w, https:\/\/franciscanos.org.br\/noticias\/wp-content\/uploads\/2025\/04\/materia-2-5-1024x576.png 1024w, https:\/\/franciscanos.org.br\/noticias\/wp-content\/uploads\/2025\/04\/materia-2-5-768x432.png 768w, https:\/\/franciscanos.org.br\/noticias\/wp-content\/uploads\/2025\/04\/materia-2-5-150x84.png 150w\" sizes=\"(max-width: 1280px) 100vw, 1280px\" \/><\/p>\n<p>J\u00e1 o professor Dilnei Lorenzi enfatizou o valor da forma\u00e7\u00e3o n\u00e3o apenas profissional, mas pessoal e humana aos colaboradores da Universidade. \u201cQueremos oferecer a cada um de voc\u00eas a oportunidade de crescimento, que vai al\u00e9m da atua\u00e7\u00e3o no trabalho. Um crescimento pessoal que transborda para a institui\u00e7\u00e3o, para a vida familiar e para os relacionamentos do dia a dia. O conhecimento \u00e9 uma ferramenta poderosa nesse processo de autorrealiza\u00e7\u00e3o\u201d, destacou.<\/p>\n<p>No segundo momento, Frei Alvaci trouxe reflex\u00f5es sobre a <strong>ecologia integral<\/strong>, relacionando a tem\u00e1tica ao fato de o Brasil sediar a <strong>COP 30<\/strong>, que acontecer\u00e1 em Bel\u00e9m, no Par\u00e1, em 2025 \u2014 um marco importante, pois \u00e9 a primeira vez que a Confer\u00eancia da ONU sobre mudan\u00e7as clim\u00e1ticas ser\u00e1 realizada na Amaz\u00f4nia. O evento coloca o pa\u00eds e, especialmente, a regi\u00e3o amaz\u00f4nica no centro do debate global sobre meio ambiente, justi\u00e7a clim\u00e1tica e sustentabilidade. Frei Alvaci destacou que a <strong>ecologia integral<\/strong>, proposta pela <strong>Enc\u00edclica Laudato Si\u2019<\/strong>, do Papa Francisco, convida a humanidade a repensar sua rela\u00e7\u00e3o com a natureza, com os outros seres humanos e com Deus, promovendo uma convers\u00e3o ecol\u00f3gica que una cuidado ambiental, justi\u00e7a social e espiritualidade. \u201cEm algum momento, a humanidade quis separar o que \u00e9 evolu\u00e7\u00e3o, o que \u00e9 tecnologia, o que \u00e9 dinheiro \u2014 daquilo que \u00e9 natureza, daquilo que \u00e9 ecologia, daquilo que \u00e9 o planeta Terra, daquilo que extra\u00edmos como fontes naturais\u201d, afirmou.<\/p>\n<p>No total, 100 profissionais integram este novo ciclo, com oferta de atividades mensais, com encontros presenciais e atividades online.<\/p>\n<hr \/>\n<p><em>Ana Paula Moreira- Assessoria USF<\/em><\/p>\n","protected":false},"excerpt":{"rendered":"<p>Campanha da Fraternidade 2025<\/p>\n","protected":false},"author":11,"featured_media":255935,"comment_status":"open","ping_status":"open","sticky":false,"template":"","format":"standard","meta":[],"categories":[1],"tags":[2232,354],"acf":[],"yoast_head":"<!-- This site is optimized with the Yoast SEO plugin v19.2 - https:\/\/yoast.com\/wordpress\/plugins\/seo\/ -->\n<title>USF d\u00e1 continuidade \u00e0 forma\u00e7\u00e3o de lideran\u00e7as inspirada no carisma franciscano - Not\u00edcias - Franciscanos<\/title>\n<meta name=\"robots\" content=\"index, follow, max-snippet:-1, max-image-preview:large, max-video-preview:-1\" \/>\n<link rel=\"canonical\" href=\"https:\/\/franciscanos.org.br\/noticias\/usf-da-continuidade-a-formacao-de-liderancas-inspirada-no-carisma-franciscano.html\" \/>\n<meta property=\"og:locale\" content=\"pt_BR\" \/>\n<meta property=\"og:type\" content=\"article\" \/>\n<meta property=\"og:title\" content=\"USF d\u00e1 continuidade \u00e0 forma\u00e7\u00e3o de lideran\u00e7as inspirada no carisma franciscano - Not\u00edcias - Franciscanos\" \/>\n<meta property=\"og:description\" content=\"Campanha da Fraternidade 2025\" \/>\n<meta property=\"og:url\" content=\"https:\/\/franciscanos.org.br\/noticias\/usf-da-continuidade-a-formacao-de-liderancas-inspirada-no-carisma-franciscano.html\" \/>\n<meta property=\"og:site_name\" content=\"Not\u00edcias - Franciscanos\" \/>\n<meta property=\"article:published_time\" content=\"2025-04-09T18:25:47+00:00\" \/>\n<meta property=\"article:modified_time\" content=\"2025-04-10T18:26:44+00:00\" \/>\n<meta property=\"og:image\" content=\"https:\/\/franciscanos.org.br\/noticias\/wp-content\/uploads\/2025\/04\/chamada-12.png\" \/>\n\t<meta property=\"og:image:width\" content=\"800\" \/>\n\t<meta property=\"og:image:height\" content=\"550\" \/>\n\t<meta property=\"og:image:type\" content=\"image\/png\" \/>\n<meta name=\"author\" content=\"Adriana Rabelo\" \/>\n<meta name=\"twitter:card\" content=\"summary_large_image\" \/>\n<meta name=\"twitter:label1\" content=\"Escrito por\" \/>\n\t<meta name=\"twitter:data1\" content=\"Adriana Rabelo\" \/>\n\t<meta name=\"twitter:label2\" content=\"Est. tempo de leitura\" \/>\n\t<meta name=\"twitter:data2\" content=\"4 minutos\" \/>\n<script type=\"application\/ld+json\" class=\"yoast-schema-graph\">{\"@context\":\"https:\/\/schema.org\",\"@graph\":[{\"@type\":\"WebSite\",\"@id\":\"https:\/\/franciscanos.org.br\/noticias\/#website\",\"url\":\"https:\/\/franciscanos.org.br\/noticias\/\",\"name\":\"Not\u00edcias - Franciscanos\",\"description\":\"Prov\u00edncia Franciscana da Imaculada Concei\u00e7\u00e3o do Brasil - Ordem dos Frades Menores - OFM\",\"potentialAction\":[{\"@type\":\"SearchAction\",\"target\":{\"@type\":\"EntryPoint\",\"urlTemplate\":\"https:\/\/franciscanos.org.br\/noticias\/?s={search_term_string}\"},\"query-input\":\"required name=search_term_string\"}],\"inLanguage\":\"pt-BR\"},{\"@type\":\"ImageObject\",\"inLanguage\":\"pt-BR\",\"@id\":\"https:\/\/franciscanos.org.br\/noticias\/usf-da-continuidade-a-formacao-de-liderancas-inspirada-no-carisma-franciscano.html#primaryimage\",\"url\":\"https:\/\/franciscanos.org.br\/noticias\/wp-content\/uploads\/2025\/04\/chamada-12.png\",\"contentUrl\":\"https:\/\/franciscanos.org.br\/noticias\/wp-content\/uploads\/2025\/04\/chamada-12.png\",\"width\":800,\"height\":550},{\"@type\":\"WebPage\",\"@id\":\"https:\/\/franciscanos.org.br\/noticias\/usf-da-continuidade-a-formacao-de-liderancas-inspirada-no-carisma-franciscano.html#webpage\",\"url\":\"https:\/\/franciscanos.org.br\/noticias\/usf-da-continuidade-a-formacao-de-liderancas-inspirada-no-carisma-franciscano.html\",\"name\":\"USF d\u00e1 continuidade \u00e0 forma\u00e7\u00e3o de lideran\u00e7as inspirada no carisma franciscano - Not\u00edcias - Franciscanos\",\"isPartOf\":{\"@id\":\"https:\/\/franciscanos.org.br\/noticias\/#website\"},\"primaryImageOfPage\":{\"@id\":\"https:\/\/franciscanos.org.br\/noticias\/usf-da-continuidade-a-formacao-de-liderancas-inspirada-no-carisma-franciscano.html#primaryimage\"},\"datePublished\":\"2025-04-09T18:25:47+00:00\",\"dateModified\":\"2025-04-10T18:26:44+00:00\",\"author\":{\"@id\":\"https:\/\/franciscanos.org.br\/noticias\/#\/schema\/person\/d9422e83121c3ad3b0f423d195f5bb25\"},\"breadcrumb\":{\"@id\":\"https:\/\/franciscanos.org.br\/noticias\/usf-da-continuidade-a-formacao-de-liderancas-inspirada-no-carisma-franciscano.html#breadcrumb\"},\"inLanguage\":\"pt-BR\",\"potentialAction\":[{\"@type\":\"ReadAction\",\"target\":[\"https:\/\/franciscanos.org.br\/noticias\/usf-da-continuidade-a-formacao-de-liderancas-inspirada-no-carisma-franciscano.html\"]}]},{\"@type\":\"BreadcrumbList\",\"@id\":\"https:\/\/franciscanos.org.br\/noticias\/usf-da-continuidade-a-formacao-de-liderancas-inspirada-no-carisma-franciscano.html#breadcrumb\",\"itemListElement\":[{\"@type\":\"ListItem\",\"position\":1,\"name\":\"Home\",\"item\":\"https:\/\/franciscanos.org.br\/noticias\"},{\"@type\":\"ListItem\",\"position\":2,\"name\":\"USF d\u00e1 continuidade \u00e0 forma\u00e7\u00e3o de lideran\u00e7as inspirada no carisma franciscano\"}]},{\"@type\":\"Person\",\"@id\":\"https:\/\/franciscanos.org.br\/noticias\/#\/schema\/person\/d9422e83121c3ad3b0f423d195f5bb25\",\"name\":\"Adriana Rabelo\",\"image\":{\"@type\":\"ImageObject\",\"inLanguage\":\"pt-BR\",\"@id\":\"https:\/\/franciscanos.org.br\/noticias\/#\/schema\/person\/image\/\",\"url\":\"https:\/\/secure.gravatar.com\/avatar\/0a937b7500cd7df77540cfb8bede877d?s=96&d=mm&r=g\",\"contentUrl\":\"https:\/\/secure.gravatar.com\/avatar\/0a937b7500cd7df77540cfb8bede877d?s=96&d=mm&r=g\",\"caption\":\"Adriana Rabelo\"},\"url\":\"https:\/\/franciscanos.org.br\/noticias\/author\/adrianarabelo\"}]}<\/script>\n<!-- \/ Yoast SEO plugin. -->","yoast_head_json":{"title":"USF d\u00e1 continuidade \u00e0 forma\u00e7\u00e3o de lideran\u00e7as inspirada no carisma franciscano - Not\u00edcias - Franciscanos","robots":{"index":"index","follow":"follow","max-snippet":"max-snippet:-1","max-image-preview":"max-image-preview:large","max-video-preview":"max-video-preview:-1"},"canonical":"https:\/\/franciscanos.org.br\/noticias\/usf-da-continuidade-a-formacao-de-liderancas-inspirada-no-carisma-franciscano.html","og_locale":"pt_BR","og_type":"article","og_title":"USF d\u00e1 continuidade \u00e0 forma\u00e7\u00e3o de lideran\u00e7as inspirada no carisma franciscano - Not\u00edcias - Franciscanos","og_description":"Campanha da Fraternidade 2025","og_url":"https:\/\/franciscanos.org.br\/noticias\/usf-da-continuidade-a-formacao-de-liderancas-inspirada-no-carisma-franciscano.html","og_site_name":"Not\u00edcias - Franciscanos","article_published_time":"2025-04-09T18:25:47+00:00","article_modified_time":"2025-04-10T18:26:44+00:00","og_image":[{"width":800,"height":550,"url":"https:\/\/franciscanos.org.br\/noticias\/wp-content\/uploads\/2025\/04\/chamada-12.png","type":"image\/png"}],"author":"Adriana Rabelo","twitter_card":"summary_large_image","twitter_misc":{"Escrito por":"Adriana Rabelo","Est. tempo de leitura":"4 minutos"},"schema":{"@context":"https:\/\/schema.org","@graph":[{"@type":"WebSite","@id":"https:\/\/franciscanos.org.br\/noticias\/#website","url":"https:\/\/franciscanos.org.br\/noticias\/","name":"Not\u00edcias - Franciscanos","description":"Prov\u00edncia Franciscana da Imaculada Concei\u00e7\u00e3o do Brasil - Ordem dos Frades Menores - OFM","potentialAction":[{"@type":"SearchAction","target":{"@type":"EntryPoint","urlTemplate":"https:\/\/franciscanos.org.br\/noticias\/?s={search_term_string}"},"query-input":"required name=search_term_string"}],"inLanguage":"pt-BR"},{"@type":"ImageObject","inLanguage":"pt-BR","@id":"https:\/\/franciscanos.org.br\/noticias\/usf-da-continuidade-a-formacao-de-liderancas-inspirada-no-carisma-franciscano.html#primaryimage","url":"https:\/\/franciscanos.org.br\/noticias\/wp-content\/uploads\/2025\/04\/chamada-12.png","contentUrl":"https:\/\/franciscanos.org.br\/noticias\/wp-content\/uploads\/2025\/04\/chamada-12.png","width":800,"height":550},{"@type":"WebPage","@id":"https:\/\/franciscanos.org.br\/noticias\/usf-da-continuidade-a-formacao-de-liderancas-inspirada-no-carisma-franciscano.html#webpage","url":"https:\/\/franciscanos.org.br\/noticias\/usf-da-continuidade-a-formacao-de-liderancas-inspirada-no-carisma-franciscano.html","name":"USF d\u00e1 continuidade \u00e0 forma\u00e7\u00e3o de lideran\u00e7as inspirada no carisma franciscano - Not\u00edcias - Franciscanos","isPartOf":{"@id":"https:\/\/franciscanos.org.br\/noticias\/#website"},"primaryImageOfPage":{"@id":"https:\/\/franciscanos.org.br\/noticias\/usf-da-continuidade-a-formacao-de-liderancas-inspirada-no-carisma-franciscano.html#primaryimage"},"datePublished":"2025-04-09T18:25:47+00:00","dateModified":"2025-04-10T18:26:44+00:00","author":{"@id":"https:\/\/franciscanos.org.br\/noticias\/#\/schema\/person\/d9422e83121c3ad3b0f423d195f5bb25"},"breadcrumb":{"@id":"https:\/\/franciscanos.org.br\/noticias\/usf-da-continuidade-a-formacao-de-liderancas-inspirada-no-carisma-franciscano.html#breadcrumb"},"inLanguage":"pt-BR","potentialAction":[{"@type":"ReadAction","target":["https:\/\/franciscanos.org.br\/noticias\/usf-da-continuidade-a-formacao-de-liderancas-inspirada-no-carisma-franciscano.html"]}]},{"@type":"BreadcrumbList","@id":"https:\/\/franciscanos.org.br\/noticias\/usf-da-continuidade-a-formacao-de-liderancas-inspirada-no-carisma-franciscano.html#breadcrumb","itemListElement":[{"@type":"ListItem","position":1,"name":"Home","item":"https:\/\/franciscanos.org.br\/noticias"},{"@type":"ListItem","position":2,"name":"USF d\u00e1 continuidade \u00e0 forma\u00e7\u00e3o de lideran\u00e7as inspirada no carisma franciscano"}]},{"@type":"Person","@id":"https:\/\/franciscanos.org.br\/noticias\/#\/schema\/person\/d9422e83121c3ad3b0f423d195f5bb25","name":"Adriana Rabelo","image":{"@type":"ImageObject","inLanguage":"pt-BR","@id":"https:\/\/franciscanos.org.br\/noticias\/#\/schema\/person\/image\/","url":"https:\/\/secure.gravatar.com\/avatar\/0a937b7500cd7df77540cfb8bede877d?s=96&d=mm&r=g","contentUrl":"https:\/\/secure.gravatar.com\/avatar\/0a937b7500cd7df77540cfb8bede877d?s=96&d=mm&r=g","caption":"Adriana Rabelo"},"url":"https:\/\/franciscanos.org.br\/noticias\/author\/adrianarabelo"}]}},"_links":{"self":[{"href":"https:\/\/franciscanos.org.br\/noticias\/wp-json\/wp\/v2\/posts\/255930"}],"collection":[{"href":"https:\/\/franciscanos.org.br\/noticias\/wp-json\/wp\/v2\/posts"}],"about":[{"href":"https:\/\/franciscanos.org.br\/noticias\/wp-json\/wp\/v2\/types\/post"}],"author":[{"embeddable":true,"href":"https:\/\/franciscanos.org.br\/noticias\/wp-json\/wp\/v2\/users\/11"}],"replies":[{"embeddable":true,"href":"https:\/\/franciscanos.org.br\/noticias\/wp-json\/wp\/v2\/comments?post=255930"}],"version-history":[{"count":1,"href":"https:\/\/franciscanos.org.br\/noticias\/wp-json\/wp\/v2\/posts\/255930\/revisions"}],"predecessor-version":[{"id":255936,"href":"https:\/\/franciscanos.org.br\/noticias\/wp-json\/wp\/v2\/posts\/255930\/revisions\/255936"}],"wp:featuredmedia":[{"embeddable":true,"href":"https:\/\/franciscanos.org.br\/noticias\/wp-json\/wp\/v2\/media\/255935"}],"wp:attachment":[{"href":"https:\/\/franciscanos.org.br\/noticias\/wp-json\/wp\/v2\/media?parent=255930"}],"wp:term":[{"taxonomy":"category","embeddable":true,"href":"https:\/\/franciscanos.org.br\/noticias\/wp-json\/wp\/v2\/categories?post=255930"},{"taxonomy":"post_tag","embeddable":true,"href":"https:\/\/franciscanos.org.br\/noticias\/wp-json\/wp\/v2\/tags?post=255930"}],"curies":[{"name":"wp","href":"https:\/\/api.w.org\/{rel}","templated":true}]}}