{"id":255878,"date":"2025-04-09T12:32:27","date_gmt":"2025-04-09T15:32:27","guid":{"rendered":"https:\/\/franciscanos.org.br\/noticias\/?p=255878"},"modified":"2025-04-09T12:33:13","modified_gmt":"2025-04-09T15:33:13","slug":"catequese-do-papa-o-amor-de-jesus-e-gratuito-nao-se-compra-nem-se-mendiga","status":"publish","type":"post","link":"https:\/\/franciscanos.org.br\/noticias\/catequese-do-papa-o-amor-de-jesus-e-gratuito-nao-se-compra-nem-se-mendiga.html","title":{"rendered":"Catequese do Papa: O amor de Jesus \u00e9 gratuito, n\u00e3o se compra nem se mendiga"},"content":{"rendered":"<div id=\"attachment_255879\" style=\"width: 760px\" class=\"wp-caption alignnone\"><img aria-describedby=\"caption-attachment-255879\" loading=\"lazy\" class=\"wp-image-255879 size-full\" src=\"https:\/\/franciscanos.org.br\/noticias\/wp-content\/uploads\/2025\/04\/CATEQUESE-09.04.jpeg\" alt=\"\" width=\"750\" height=\"422\" srcset=\"https:\/\/franciscanos.org.br\/noticias\/wp-content\/uploads\/2025\/04\/CATEQUESE-09.04.jpeg 750w, https:\/\/franciscanos.org.br\/noticias\/wp-content\/uploads\/2025\/04\/CATEQUESE-09.04-450x253.jpeg 450w, https:\/\/franciscanos.org.br\/noticias\/wp-content\/uploads\/2025\/04\/CATEQUESE-09.04-150x84.jpeg 150w\" sizes=\"(max-width: 750px) 100vw, 750px\" \/><p id=\"caption-attachment-255879\" class=\"wp-caption-text\">Pra\u00e7a S\u00e3o Pedro (VATICAN MEDIA Divisione Foto)<\/p><\/div>\n<p><em>Na catequese desta quarta-feira (09\/04), dentro do ciclo dedicado a \u201cA vida de Jesus. Os encontros\u201d, o Papa Francisco refletiu sobre o epis\u00f3dio do jovem rico narrado pelo evangelista Marcos. \u201cJesus nos convida a largar os pesos que nos impedem de caminhar e a redescobrir a beleza de uma vida vivida no amor gratuito\u201d, afirmou o Pont\u00edfice. O olhar de Jesus, cheio de ternura, revela a nossa sede mais profunda: ser amados por aquilo que somos.<\/em><\/p>\n<p>&#8212;&#8212;&#8212;&#8212;&#8212;&#8212;&#8212;&#8212;&#8212;&#8212;&#8212;&#8212;&#8212;&#8211;<\/p>\n<p>Dando continuidade ao caminho de reflex\u00f5es para o Jubileu 2025 com o tema &#8220;Jesus Cristo, nossa Esperan\u00e7a&#8221;, o Papa dedicou sua catequese semanal a um encontro marcante do Evangelho: o de Jesus com o jovem rico, tal como narrado em Marcos 10,17-22.<\/p>\n<p>Francisco, no texto publicado pela Sala de Imprensa da Santa S\u00e9, abordou o drama de quem, mesmo tendo uma vida moralmente correta, sente que algo ainda falta. &#8220;Este homem \u2014 sublinha o Papa \u2014 desde jovem observava os mandamentos, mas ainda n\u00e3o havia encontrado o sentido profundo da vida. Ele carrega dentro de si uma inquieta\u00e7\u00e3o, uma sede, uma car\u00eancia que n\u00e3o se resolve apenas com o cumprimento da Lei.&#8221;<\/p>\n<p><strong>Jesus v\u00ea o cora\u00e7\u00e3o<\/strong><\/p>\n<p>O Evangelho apresenta este homem como algu\u00e9m que corre ao encontro de Jesus, se ajoelha e pergunta: \u201cBom Mestre, que devo fazer para alcan\u00e7ar a vida eterna?\u201d. A pergunta revela uma l\u00f3gica de m\u00e9rito: como se a salva\u00e7\u00e3o fosse uma conquista, um pr\u00eamio por boa conduta. \u201cMas Jesus \u2014 explica o Pont\u00edfice \u2014 vai al\u00e9m da pergunta. Ele n\u00e3o se limita a escutar palavras, Ele olha o cora\u00e7\u00e3o.\u201d<\/p>\n<p>O verbo usado por Marcos \u00e9 expressivo: \u201cfitando o olhar, sentiu afei\u00e7\u00e3o por ele\u201d. Jesus v\u00ea al\u00e9m das apar\u00eancias, v\u00ea a fragilidade e, ao mesmo tempo, o desejo profundo de ser amado:<\/p>\n<p>&#8220;Somos verdadeiramente felizes quando nos damos conta de que somos amados assim, gratuitamente, pela gra\u00e7a. E isto vale tamb\u00e9m nas rela\u00e7\u00f5es entre n\u00f3s: enquanto procurarmos comprar o amor ou mendigar o afeto, essas rela\u00e7\u00f5es nunca nos far\u00e3o sentir felizes.&#8221;<\/p>\n<p><strong>A proposta de uma vida nova<\/strong><\/p>\n<p>Jesus prop\u00f5e ao jovem algo radical: \u201cVai, vende tudo o que tens, d\u00e1 aos pobres e ter\u00e1s um tesouro no c\u00e9u; depois, vem e segue-me\u201d. Trata-se de um convite \u00e0 liberdade interior, a desatar os n\u00f3s que nos prendem ao porto da autossufici\u00eancia. \u201cA imagem do navio \u00e9 iluminadora: podemos ter uma embarca\u00e7\u00e3o perfeita, mas se os lastros n\u00e3o forem puxados, ela nunca partir\u00e1\u201d, comentou o Papa. \u201cAssim acontece conosco: pensamos que estamos bem, mas algo nos impede de avan\u00e7ar. E por vezes, o que julgamos ser uma seguran\u00e7a, \u00e9 apenas um peso.\u201d<\/p>\n<p>Jesus n\u00e3o chama o jovem \u00e0 solid\u00e3o, mas \u00e0 rela\u00e7\u00e3o. O seguimento de Cristo \u00e9 um convite a viver em comunh\u00e3o, a sair do anonimato. &#8220;Na cultura do individualismo em que vivemos, corremos o risco de perder at\u00e9 mesmo o som do nosso nome. S\u00f3 em uma rela\u00e7\u00e3o de amor gratuito \u00e9 que escutamos algu\u00e9m nos chamar, e ent\u00e3o sabemos quem somos.&#8221;<\/p>\n<p><strong>Acolher o amor de Deus<\/strong><\/p>\n<p>O jovem, por\u00e9m, se afasta triste. \u201c\u00c9 a tristeza de quem n\u00e3o consegue desapegar-se, de quem permanece preso \u00e0s suas seguran\u00e7as\u201d, lamenta o Papa. &#8220;Quantas vezes confundimos riquezas com felicidade, e nos esquecemos que o amor n\u00e3o se compra, n\u00e3o se exige: o amor se acolhe.&#8221;<\/p>\n<p>O Santo Padre concluiu convidando a todos a confiar ao Cora\u00e7\u00e3o de Jesus as pessoas que se sentem tristes, indecisas, bloqueadas em suas escolhas. &#8220;Pe\u00e7amos que cada um possa sentir o olhar de Jesus, cheio de ternura, que nos ama assim como somos e nos chama a levantar \u00e2ncora, a largar o porto e a navegar para o largo da esperan\u00e7a.&#8221;<\/p>\n<hr \/>\n<p><em>Thulio Fonseca &#8211; Vatican News<\/em><\/p>\n","protected":false},"excerpt":{"rendered":"<p>Papa Francisco<\/p>\n","protected":false},"author":11,"featured_media":255880,"comment_status":"open","ping_status":"open","sticky":false,"template":"","format":"standard","meta":[],"categories":[1,1428],"tags":[487,2326,55],"acf":[],"yoast_head":"<!-- This site is optimized with the Yoast SEO plugin v19.2 - https:\/\/yoast.com\/wordpress\/plugins\/seo\/ -->\n<title>Catequese do Papa: O amor de Jesus \u00e9 gratuito, n\u00e3o se compra nem se mendiga - Not\u00edcias - Franciscanos<\/title>\n<meta name=\"robots\" content=\"index, follow, max-snippet:-1, max-image-preview:large, max-video-preview:-1\" \/>\n<link rel=\"canonical\" href=\"https:\/\/franciscanos.org.br\/noticias\/catequese-do-papa-o-amor-de-jesus-e-gratuito-nao-se-compra-nem-se-mendiga.html\" \/>\n<meta property=\"og:locale\" content=\"pt_BR\" \/>\n<meta property=\"og:type\" content=\"article\" \/>\n<meta property=\"og:title\" content=\"Catequese do Papa: O amor de Jesus \u00e9 gratuito, n\u00e3o se compra nem se mendiga - Not\u00edcias - Franciscanos\" \/>\n<meta property=\"og:description\" content=\"Papa Francisco\" \/>\n<meta property=\"og:url\" content=\"https:\/\/franciscanos.org.br\/noticias\/catequese-do-papa-o-amor-de-jesus-e-gratuito-nao-se-compra-nem-se-mendiga.html\" \/>\n<meta property=\"og:site_name\" content=\"Not\u00edcias - Franciscanos\" \/>\n<meta property=\"article:published_time\" content=\"2025-04-09T15:32:27+00:00\" \/>\n<meta property=\"article:modified_time\" content=\"2025-04-09T15:33:13+00:00\" \/>\n<meta property=\"og:image\" content=\"https:\/\/franciscanos.org.br\/noticias\/wp-content\/uploads\/2025\/04\/chamada-catequese.png\" \/>\n\t<meta property=\"og:image:width\" content=\"800\" \/>\n\t<meta property=\"og:image:height\" content=\"550\" \/>\n\t<meta property=\"og:image:type\" content=\"image\/png\" \/>\n<meta name=\"author\" content=\"Adriana Rabelo\" \/>\n<meta name=\"twitter:card\" content=\"summary_large_image\" \/>\n<meta name=\"twitter:label1\" content=\"Escrito por\" \/>\n\t<meta name=\"twitter:data1\" content=\"Adriana Rabelo\" \/>\n\t<meta name=\"twitter:label2\" content=\"Est. tempo de leitura\" \/>\n\t<meta name=\"twitter:data2\" content=\"3 minutos\" \/>\n<script type=\"application\/ld+json\" class=\"yoast-schema-graph\">{\"@context\":\"https:\/\/schema.org\",\"@graph\":[{\"@type\":\"WebSite\",\"@id\":\"https:\/\/franciscanos.org.br\/noticias\/#website\",\"url\":\"https:\/\/franciscanos.org.br\/noticias\/\",\"name\":\"Not\u00edcias - Franciscanos\",\"description\":\"Prov\u00edncia Franciscana da Imaculada Concei\u00e7\u00e3o do Brasil - Ordem dos Frades Menores - OFM\",\"potentialAction\":[{\"@type\":\"SearchAction\",\"target\":{\"@type\":\"EntryPoint\",\"urlTemplate\":\"https:\/\/franciscanos.org.br\/noticias\/?s={search_term_string}\"},\"query-input\":\"required name=search_term_string\"}],\"inLanguage\":\"pt-BR\"},{\"@type\":\"ImageObject\",\"inLanguage\":\"pt-BR\",\"@id\":\"https:\/\/franciscanos.org.br\/noticias\/catequese-do-papa-o-amor-de-jesus-e-gratuito-nao-se-compra-nem-se-mendiga.html#primaryimage\",\"url\":\"https:\/\/franciscanos.org.br\/noticias\/wp-content\/uploads\/2025\/04\/chamada-catequese.png\",\"contentUrl\":\"https:\/\/franciscanos.org.br\/noticias\/wp-content\/uploads\/2025\/04\/chamada-catequese.png\",\"width\":800,\"height\":550},{\"@type\":\"WebPage\",\"@id\":\"https:\/\/franciscanos.org.br\/noticias\/catequese-do-papa-o-amor-de-jesus-e-gratuito-nao-se-compra-nem-se-mendiga.html#webpage\",\"url\":\"https:\/\/franciscanos.org.br\/noticias\/catequese-do-papa-o-amor-de-jesus-e-gratuito-nao-se-compra-nem-se-mendiga.html\",\"name\":\"Catequese do Papa: O amor de Jesus \u00e9 gratuito, n\u00e3o se compra nem se mendiga - Not\u00edcias - Franciscanos\",\"isPartOf\":{\"@id\":\"https:\/\/franciscanos.org.br\/noticias\/#website\"},\"primaryImageOfPage\":{\"@id\":\"https:\/\/franciscanos.org.br\/noticias\/catequese-do-papa-o-amor-de-jesus-e-gratuito-nao-se-compra-nem-se-mendiga.html#primaryimage\"},\"datePublished\":\"2025-04-09T15:32:27+00:00\",\"dateModified\":\"2025-04-09T15:33:13+00:00\",\"author\":{\"@id\":\"https:\/\/franciscanos.org.br\/noticias\/#\/schema\/person\/d9422e83121c3ad3b0f423d195f5bb25\"},\"breadcrumb\":{\"@id\":\"https:\/\/franciscanos.org.br\/noticias\/catequese-do-papa-o-amor-de-jesus-e-gratuito-nao-se-compra-nem-se-mendiga.html#breadcrumb\"},\"inLanguage\":\"pt-BR\",\"potentialAction\":[{\"@type\":\"ReadAction\",\"target\":[\"https:\/\/franciscanos.org.br\/noticias\/catequese-do-papa-o-amor-de-jesus-e-gratuito-nao-se-compra-nem-se-mendiga.html\"]}]},{\"@type\":\"BreadcrumbList\",\"@id\":\"https:\/\/franciscanos.org.br\/noticias\/catequese-do-papa-o-amor-de-jesus-e-gratuito-nao-se-compra-nem-se-mendiga.html#breadcrumb\",\"itemListElement\":[{\"@type\":\"ListItem\",\"position\":1,\"name\":\"Home\",\"item\":\"https:\/\/franciscanos.org.br\/noticias\"},{\"@type\":\"ListItem\",\"position\":2,\"name\":\"Catequese do Papa: O amor de Jesus \u00e9 gratuito, n\u00e3o se compra nem se mendiga\"}]},{\"@type\":\"Person\",\"@id\":\"https:\/\/franciscanos.org.br\/noticias\/#\/schema\/person\/d9422e83121c3ad3b0f423d195f5bb25\",\"name\":\"Adriana Rabelo\",\"image\":{\"@type\":\"ImageObject\",\"inLanguage\":\"pt-BR\",\"@id\":\"https:\/\/franciscanos.org.br\/noticias\/#\/schema\/person\/image\/\",\"url\":\"https:\/\/secure.gravatar.com\/avatar\/0a937b7500cd7df77540cfb8bede877d?s=96&d=mm&r=g\",\"contentUrl\":\"https:\/\/secure.gravatar.com\/avatar\/0a937b7500cd7df77540cfb8bede877d?s=96&d=mm&r=g\",\"caption\":\"Adriana Rabelo\"},\"url\":\"https:\/\/franciscanos.org.br\/noticias\/author\/adrianarabelo\"}]}<\/script>\n<!-- \/ Yoast SEO plugin. -->","yoast_head_json":{"title":"Catequese do Papa: O amor de Jesus \u00e9 gratuito, n\u00e3o se compra nem se mendiga - Not\u00edcias - Franciscanos","robots":{"index":"index","follow":"follow","max-snippet":"max-snippet:-1","max-image-preview":"max-image-preview:large","max-video-preview":"max-video-preview:-1"},"canonical":"https:\/\/franciscanos.org.br\/noticias\/catequese-do-papa-o-amor-de-jesus-e-gratuito-nao-se-compra-nem-se-mendiga.html","og_locale":"pt_BR","og_type":"article","og_title":"Catequese do Papa: O amor de Jesus \u00e9 gratuito, n\u00e3o se compra nem se mendiga - Not\u00edcias - Franciscanos","og_description":"Papa Francisco","og_url":"https:\/\/franciscanos.org.br\/noticias\/catequese-do-papa-o-amor-de-jesus-e-gratuito-nao-se-compra-nem-se-mendiga.html","og_site_name":"Not\u00edcias - Franciscanos","article_published_time":"2025-04-09T15:32:27+00:00","article_modified_time":"2025-04-09T15:33:13+00:00","og_image":[{"width":800,"height":550,"url":"https:\/\/franciscanos.org.br\/noticias\/wp-content\/uploads\/2025\/04\/chamada-catequese.png","type":"image\/png"}],"author":"Adriana Rabelo","twitter_card":"summary_large_image","twitter_misc":{"Escrito por":"Adriana Rabelo","Est. tempo de leitura":"3 minutos"},"schema":{"@context":"https:\/\/schema.org","@graph":[{"@type":"WebSite","@id":"https:\/\/franciscanos.org.br\/noticias\/#website","url":"https:\/\/franciscanos.org.br\/noticias\/","name":"Not\u00edcias - Franciscanos","description":"Prov\u00edncia Franciscana da Imaculada Concei\u00e7\u00e3o do Brasil - Ordem dos Frades Menores - OFM","potentialAction":[{"@type":"SearchAction","target":{"@type":"EntryPoint","urlTemplate":"https:\/\/franciscanos.org.br\/noticias\/?s={search_term_string}"},"query-input":"required name=search_term_string"}],"inLanguage":"pt-BR"},{"@type":"ImageObject","inLanguage":"pt-BR","@id":"https:\/\/franciscanos.org.br\/noticias\/catequese-do-papa-o-amor-de-jesus-e-gratuito-nao-se-compra-nem-se-mendiga.html#primaryimage","url":"https:\/\/franciscanos.org.br\/noticias\/wp-content\/uploads\/2025\/04\/chamada-catequese.png","contentUrl":"https:\/\/franciscanos.org.br\/noticias\/wp-content\/uploads\/2025\/04\/chamada-catequese.png","width":800,"height":550},{"@type":"WebPage","@id":"https:\/\/franciscanos.org.br\/noticias\/catequese-do-papa-o-amor-de-jesus-e-gratuito-nao-se-compra-nem-se-mendiga.html#webpage","url":"https:\/\/franciscanos.org.br\/noticias\/catequese-do-papa-o-amor-de-jesus-e-gratuito-nao-se-compra-nem-se-mendiga.html","name":"Catequese do Papa: O amor de Jesus \u00e9 gratuito, n\u00e3o se compra nem se mendiga - Not\u00edcias - Franciscanos","isPartOf":{"@id":"https:\/\/franciscanos.org.br\/noticias\/#website"},"primaryImageOfPage":{"@id":"https:\/\/franciscanos.org.br\/noticias\/catequese-do-papa-o-amor-de-jesus-e-gratuito-nao-se-compra-nem-se-mendiga.html#primaryimage"},"datePublished":"2025-04-09T15:32:27+00:00","dateModified":"2025-04-09T15:33:13+00:00","author":{"@id":"https:\/\/franciscanos.org.br\/noticias\/#\/schema\/person\/d9422e83121c3ad3b0f423d195f5bb25"},"breadcrumb":{"@id":"https:\/\/franciscanos.org.br\/noticias\/catequese-do-papa-o-amor-de-jesus-e-gratuito-nao-se-compra-nem-se-mendiga.html#breadcrumb"},"inLanguage":"pt-BR","potentialAction":[{"@type":"ReadAction","target":["https:\/\/franciscanos.org.br\/noticias\/catequese-do-papa-o-amor-de-jesus-e-gratuito-nao-se-compra-nem-se-mendiga.html"]}]},{"@type":"BreadcrumbList","@id":"https:\/\/franciscanos.org.br\/noticias\/catequese-do-papa-o-amor-de-jesus-e-gratuito-nao-se-compra-nem-se-mendiga.html#breadcrumb","itemListElement":[{"@type":"ListItem","position":1,"name":"Home","item":"https:\/\/franciscanos.org.br\/noticias"},{"@type":"ListItem","position":2,"name":"Catequese do Papa: O amor de Jesus \u00e9 gratuito, n\u00e3o se compra nem se mendiga"}]},{"@type":"Person","@id":"https:\/\/franciscanos.org.br\/noticias\/#\/schema\/person\/d9422e83121c3ad3b0f423d195f5bb25","name":"Adriana Rabelo","image":{"@type":"ImageObject","inLanguage":"pt-BR","@id":"https:\/\/franciscanos.org.br\/noticias\/#\/schema\/person\/image\/","url":"https:\/\/secure.gravatar.com\/avatar\/0a937b7500cd7df77540cfb8bede877d?s=96&d=mm&r=g","contentUrl":"https:\/\/secure.gravatar.com\/avatar\/0a937b7500cd7df77540cfb8bede877d?s=96&d=mm&r=g","caption":"Adriana Rabelo"},"url":"https:\/\/franciscanos.org.br\/noticias\/author\/adrianarabelo"}]}},"_links":{"self":[{"href":"https:\/\/franciscanos.org.br\/noticias\/wp-json\/wp\/v2\/posts\/255878"}],"collection":[{"href":"https:\/\/franciscanos.org.br\/noticias\/wp-json\/wp\/v2\/posts"}],"about":[{"href":"https:\/\/franciscanos.org.br\/noticias\/wp-json\/wp\/v2\/types\/post"}],"author":[{"embeddable":true,"href":"https:\/\/franciscanos.org.br\/noticias\/wp-json\/wp\/v2\/users\/11"}],"replies":[{"embeddable":true,"href":"https:\/\/franciscanos.org.br\/noticias\/wp-json\/wp\/v2\/comments?post=255878"}],"version-history":[{"count":2,"href":"https:\/\/franciscanos.org.br\/noticias\/wp-json\/wp\/v2\/posts\/255878\/revisions"}],"predecessor-version":[{"id":255882,"href":"https:\/\/franciscanos.org.br\/noticias\/wp-json\/wp\/v2\/posts\/255878\/revisions\/255882"}],"wp:featuredmedia":[{"embeddable":true,"href":"https:\/\/franciscanos.org.br\/noticias\/wp-json\/wp\/v2\/media\/255880"}],"wp:attachment":[{"href":"https:\/\/franciscanos.org.br\/noticias\/wp-json\/wp\/v2\/media?parent=255878"}],"wp:term":[{"taxonomy":"category","embeddable":true,"href":"https:\/\/franciscanos.org.br\/noticias\/wp-json\/wp\/v2\/categories?post=255878"},{"taxonomy":"post_tag","embeddable":true,"href":"https:\/\/franciscanos.org.br\/noticias\/wp-json\/wp\/v2\/tags?post=255878"}],"curies":[{"name":"wp","href":"https:\/\/api.w.org\/{rel}","templated":true}]}}