{"id":255869,"date":"2025-04-07T11:09:43","date_gmt":"2025-04-07T14:09:43","guid":{"rendered":"https:\/\/franciscanos.org.br\/noticias\/?p=255869"},"modified":"2025-04-23T16:06:27","modified_gmt":"2025-04-23T19:06:27","slug":"paroquia-santa-clara-de-imbarie-celebra-32-anos-de-instalacao-canonica-e-39-anos-de-presenca-das-irmas-catequistas-franciscanas","status":"publish","type":"post","link":"https:\/\/franciscanos.org.br\/noticias\/paroquia-santa-clara-de-imbarie-celebra-32-anos-de-instalacao-canonica-e-39-anos-de-presenca-das-irmas-catequistas-franciscanas.html","title":{"rendered":"Par\u00f3quia Santa Clara de Imbari\u00ea celebra 32 anos de Instala\u00e7\u00e3o Can\u00f4nica e 39 anos de Presen\u00e7a das Irm\u00e3s Catequistas Franciscanas"},"content":{"rendered":"<p><img loading=\"lazy\" class=\"aligncenter wp-image-255870 size-full\" src=\"https:\/\/franciscanos.org.br\/noticias\/wp-content\/uploads\/2025\/04\/MATERIA-11.png\" alt=\"\" width=\"1280\" height=\"720\" srcset=\"https:\/\/franciscanos.org.br\/noticias\/wp-content\/uploads\/2025\/04\/MATERIA-11.png 1280w, https:\/\/franciscanos.org.br\/noticias\/wp-content\/uploads\/2025\/04\/MATERIA-11-450x253.png 450w, https:\/\/franciscanos.org.br\/noticias\/wp-content\/uploads\/2025\/04\/MATERIA-11-1024x576.png 1024w, https:\/\/franciscanos.org.br\/noticias\/wp-content\/uploads\/2025\/04\/MATERIA-11-768x432.png 768w, https:\/\/franciscanos.org.br\/noticias\/wp-content\/uploads\/2025\/04\/MATERIA-11-150x84.png 150w\" sizes=\"(max-width: 1280px) 100vw, 1280px\" \/><\/p>\n<p>Na noite chuvosa do dia 4 de abril de 2025, as comunidades que comp\u00f5em a Par\u00f3quia Santa Clara de Assis de Imbari\u00ea, em Duque de Caxias (RJ), juntamente com todo o povo de Deus, reuniram-se no Centro Paroquial Paz e Bem para a celebra\u00e7\u00e3o de a\u00e7\u00e3o de gra\u00e7as pelos 32 anos de instala\u00e7\u00e3o can\u00f4nica da Par\u00f3quia e tamb\u00e9m pelos 39 anos de presen\u00e7a das Irm\u00e3s Catequistas Franciscanas.<\/p>\n<p><img loading=\"lazy\" class=\"size-medium wp-image-255876 alignright\" src=\"https:\/\/franciscanos.org.br\/noticias\/wp-content\/uploads\/2025\/04\/14-337x450.jpg\" alt=\"\" width=\"337\" height=\"450\" srcset=\"https:\/\/franciscanos.org.br\/noticias\/wp-content\/uploads\/2025\/04\/14-337x450.jpg 337w, https:\/\/franciscanos.org.br\/noticias\/wp-content\/uploads\/2025\/04\/14-150x200.jpg 150w, https:\/\/franciscanos.org.br\/noticias\/wp-content\/uploads\/2025\/04\/14.jpg 419w\" sizes=\"(max-width: 337px) 100vw, 337px\" \/>Na mesma data, em 1993, Dom Mauro Morelli, bispo diocesano da rec\u00e9m-criada Diocese de Duque de Caxias, na celebra\u00e7\u00e3o do Domingo de Ramos, instaurou canonicamente a par\u00f3quia recebeu o nome da \u201cPlantinha\u201d do Ser\u00e1fico Pai, devido a forte presen\u00e7a feminina nas comunidades que a compunham.<\/p>\n<p>As comemora\u00e7\u00f5es come\u00e7aram, \u00e0s 19h, com a ora\u00e7\u00e3o devocional da Via-Sacra, um forte momento de espiritualidade e viv\u00eancia dentro do Tempo Quaresmal, seguida pela celebra\u00e7\u00e3o eucar\u00edstica da sexta-feira da 4\u00aa semana da Quaresma. Frei Jean Carlos Ajluni Oliveira e Frei Jeferson Palandi Broca, p\u00e1roco e vig\u00e1rio, respectivamente, conduziram as celebra\u00e7\u00f5es, que contaram com excelente participa\u00e7\u00e3o, apesar das previs\u00f5es de fortes chuvas no estado do Rio de Janeiro.<\/p>\n<p>Em sua reflex\u00e3o durante a Celebra\u00e7\u00e3o Eucar\u00edstica, Frei Jean Carlos destacou a import\u00e2ncia da simplicidade e da for\u00e7a de um povo de caminhada e luta. Relembrando aspectos da liturgia do\u00a0 dia, enfatizou: &#8220;\u00c9 necess\u00e1rio caminharmos juntos, de m\u00e3os dadas, acolhendo e distribuindo sorrisos, pedindo perd\u00e3o e oferecendo perd\u00e3o. N\u00e3o devemos buscar as honras dos p\u00falpitos e microfones, que, por vezes, tornam o caminhar das nossas comunidades de f\u00e9 espa\u00e7os de dif\u00edcil acesso e estradas esburacadas. Busquemos, com a for\u00e7a daquelas mulheres que h\u00e1 mais de 32 anos fizeram nossa par\u00f3quia crescer e nascer, com a prote\u00e7\u00e3o e intercess\u00e3o de Santa Clara, inspirar as novas gera\u00e7\u00f5es, para que possam dar continuidade \u00e0 miss\u00e3o de ser Igreja viva e atuante em nossa regi\u00e3o de Imbari\u00ea.\u201d<\/p>\n\n\t\t<style type=\"text\/css\">\n\t\t\t#gallery-1 {\n\t\t\t\tmargin: auto;\n\t\t\t}\n\t\t\t#gallery-1 .gallery-item {\n\t\t\t\tfloat: left;\n\t\t\t\tmargin-top: 10px;\n\t\t\t\ttext-align: center;\n\t\t\t\twidth: 33%;\n\t\t\t}\n\t\t\t#gallery-1 img {\n\t\t\t\tborder: 2px solid #cfcfcf;\n\t\t\t}\n\t\t\t#gallery-1 .gallery-caption {\n\t\t\t\tmargin-left: 0;\n\t\t\t}\n\t\t\t\/* see gallery_shortcode() in wp-includes\/media.php *\/\n\t\t<\/style>\n\t\t<div id='gallery-1' class='gallery galleryid-255869 gallery-columns-3 gallery-size-thumbnail'><dl class='gallery-item'>\n\t\t\t<dt class='gallery-icon portrait'>\n\t\t\t\t<a href='https:\/\/franciscanos.org.br\/noticias\/wp-content\/uploads\/2025\/04\/4.jpg'><img width=\"300\" height=\"300\" src=\"https:\/\/franciscanos.org.br\/noticias\/wp-content\/uploads\/2025\/04\/4-300x300.jpg\" class=\"attachment-thumbnail size-thumbnail\" alt=\"\" loading=\"lazy\" srcset=\"https:\/\/franciscanos.org.br\/noticias\/wp-content\/uploads\/2025\/04\/4-300x300.jpg 300w, https:\/\/franciscanos.org.br\/noticias\/wp-content\/uploads\/2025\/04\/4-100x100.jpg 100w\" sizes=\"(max-width: 300px) 100vw, 300px\" \/><\/a>\n\t\t\t<\/dt><\/dl><dl class='gallery-item'>\n\t\t\t<dt class='gallery-icon portrait'>\n\t\t\t\t<a href='https:\/\/franciscanos.org.br\/noticias\/wp-content\/uploads\/2025\/04\/2-1.jpg'><img width=\"300\" height=\"300\" src=\"https:\/\/franciscanos.org.br\/noticias\/wp-content\/uploads\/2025\/04\/2-1-300x300.jpg\" class=\"attachment-thumbnail size-thumbnail\" alt=\"\" loading=\"lazy\" srcset=\"https:\/\/franciscanos.org.br\/noticias\/wp-content\/uploads\/2025\/04\/2-1-300x300.jpg 300w, https:\/\/franciscanos.org.br\/noticias\/wp-content\/uploads\/2025\/04\/2-1-100x100.jpg 100w\" sizes=\"(max-width: 300px) 100vw, 300px\" \/><\/a>\n\t\t\t<\/dt><\/dl><dl class='gallery-item'>\n\t\t\t<dt class='gallery-icon portrait'>\n\t\t\t\t<a href='https:\/\/franciscanos.org.br\/noticias\/wp-content\/uploads\/2025\/04\/3.jpg'><img width=\"300\" height=\"300\" src=\"https:\/\/franciscanos.org.br\/noticias\/wp-content\/uploads\/2025\/04\/3-300x300.jpg\" class=\"attachment-thumbnail size-thumbnail\" alt=\"\" loading=\"lazy\" srcset=\"https:\/\/franciscanos.org.br\/noticias\/wp-content\/uploads\/2025\/04\/3-300x300.jpg 300w, https:\/\/franciscanos.org.br\/noticias\/wp-content\/uploads\/2025\/04\/3-100x100.jpg 100w\" sizes=\"(max-width: 300px) 100vw, 300px\" \/><\/a>\n\t\t\t<\/dt><\/dl><br style=\"clear: both\" \/>\n\t\t<\/div>\n\n<p>Antes de finalizar a celebra\u00e7\u00e3o, o p\u00e1roco convidou as Irm\u00e3s Catequistas Franciscanas presentes a se dirigirem \u00e0 frente para relembrar um pouco da presen\u00e7a da Congrega\u00e7\u00e3o na Baixada Fluminense e, mais especificamente, no terceiro distrito de Duque de Caxias. Atualmente, comp\u00f5em a fraternidade das Irm\u00e3s Catequistas Franciscanas em Imbari\u00ea: Irm\u00e3 Clarice Berri, Irm\u00e3 Terezinha Boni, Irm\u00e3 Ana Claudia de Carvalho Rocha e Irm\u00e3 Eva Teresinha dos Santos. Em tom de agradecimento, as irm\u00e3s rezaram pelo povo por meio da b\u00ean\u00e7\u00e3o de Santa Clara, cantada e tradicionalmente puxada pela Irm\u00e3 Terezinha Boni. Em seguida, os frades concederam a B\u00ean\u00e7\u00e3o de S\u00e3o Francisco.<\/p>\n<p>As comemora\u00e7\u00f5es terminaram na cantina paroquial, com a venda de past\u00e9is e refrigerantes em prol da manuten\u00e7\u00e3o do Centro Paroquial e demais necessidades do local.<\/p>\n<hr \/>\n<p><em>Texto: Frei Franklin Matheus\/ <\/em><em>Fotos: Pascom Par\u00f3quia Sta. Clara de Imbari\u00ea<\/em><\/p>\n","protected":false},"excerpt":{"rendered":"<p>Presen\u00e7a franciscana<\/p>\n","protected":false},"author":11,"featured_media":255871,"comment_status":"open","ping_status":"open","sticky":false,"template":"","format":"standard","meta":[],"categories":[1],"tags":[185,2325],"acf":[],"yoast_head":"<!-- This site is optimized with the Yoast SEO plugin v19.2 - https:\/\/yoast.com\/wordpress\/plugins\/seo\/ -->\n<title>Par\u00f3quia Santa Clara de Imbari\u00ea celebra 32 anos de Instala\u00e7\u00e3o Can\u00f4nica e 39 anos de Presen\u00e7a das Irm\u00e3s Catequistas Franciscanas - Not\u00edcias - Franciscanos<\/title>\n<meta name=\"robots\" content=\"index, follow, max-snippet:-1, max-image-preview:large, max-video-preview:-1\" \/>\n<link rel=\"canonical\" href=\"https:\/\/franciscanos.org.br\/noticias\/paroquia-santa-clara-de-imbarie-celebra-32-anos-de-instalacao-canonica-e-39-anos-de-presenca-das-irmas-catequistas-franciscanas.html\" \/>\n<meta property=\"og:locale\" content=\"pt_BR\" \/>\n<meta property=\"og:type\" content=\"article\" \/>\n<meta property=\"og:title\" content=\"Par\u00f3quia Santa Clara de Imbari\u00ea celebra 32 anos de Instala\u00e7\u00e3o Can\u00f4nica e 39 anos de Presen\u00e7a das Irm\u00e3s Catequistas Franciscanas - Not\u00edcias - Franciscanos\" \/>\n<meta property=\"og:description\" content=\"Presen\u00e7a franciscana\" \/>\n<meta property=\"og:url\" content=\"https:\/\/franciscanos.org.br\/noticias\/paroquia-santa-clara-de-imbarie-celebra-32-anos-de-instalacao-canonica-e-39-anos-de-presenca-das-irmas-catequistas-franciscanas.html\" \/>\n<meta property=\"og:site_name\" content=\"Not\u00edcias - Franciscanos\" \/>\n<meta property=\"article:published_time\" content=\"2025-04-07T14:09:43+00:00\" \/>\n<meta property=\"article:modified_time\" content=\"2025-04-23T19:06:27+00:00\" \/>\n<meta property=\"og:image\" content=\"https:\/\/franciscanos.org.br\/noticias\/wp-content\/uploads\/2025\/04\/CHAMADA-9.png\" \/>\n\t<meta property=\"og:image:width\" content=\"800\" \/>\n\t<meta property=\"og:image:height\" content=\"550\" \/>\n\t<meta property=\"og:image:type\" content=\"image\/png\" \/>\n<meta name=\"author\" content=\"Adriana Rabelo\" \/>\n<meta name=\"twitter:card\" content=\"summary_large_image\" \/>\n<meta name=\"twitter:label1\" content=\"Escrito por\" \/>\n\t<meta name=\"twitter:data1\" content=\"Adriana Rabelo\" \/>\n\t<meta name=\"twitter:label2\" content=\"Est. tempo de leitura\" \/>\n\t<meta name=\"twitter:data2\" content=\"2 minutos\" \/>\n<script type=\"application\/ld+json\" class=\"yoast-schema-graph\">{\"@context\":\"https:\/\/schema.org\",\"@graph\":[{\"@type\":\"WebSite\",\"@id\":\"https:\/\/franciscanos.org.br\/noticias\/#website\",\"url\":\"https:\/\/franciscanos.org.br\/noticias\/\",\"name\":\"Not\u00edcias - Franciscanos\",\"description\":\"Prov\u00edncia Franciscana da Imaculada Concei\u00e7\u00e3o do Brasil - Ordem dos Frades Menores - OFM\",\"potentialAction\":[{\"@type\":\"SearchAction\",\"target\":{\"@type\":\"EntryPoint\",\"urlTemplate\":\"https:\/\/franciscanos.org.br\/noticias\/?s={search_term_string}\"},\"query-input\":\"required name=search_term_string\"}],\"inLanguage\":\"pt-BR\"},{\"@type\":\"ImageObject\",\"inLanguage\":\"pt-BR\",\"@id\":\"https:\/\/franciscanos.org.br\/noticias\/paroquia-santa-clara-de-imbarie-celebra-32-anos-de-instalacao-canonica-e-39-anos-de-presenca-das-irmas-catequistas-franciscanas.html#primaryimage\",\"url\":\"https:\/\/franciscanos.org.br\/noticias\/wp-content\/uploads\/2025\/04\/CHAMADA-9.png\",\"contentUrl\":\"https:\/\/franciscanos.org.br\/noticias\/wp-content\/uploads\/2025\/04\/CHAMADA-9.png\",\"width\":800,\"height\":550},{\"@type\":\"WebPage\",\"@id\":\"https:\/\/franciscanos.org.br\/noticias\/paroquia-santa-clara-de-imbarie-celebra-32-anos-de-instalacao-canonica-e-39-anos-de-presenca-das-irmas-catequistas-franciscanas.html#webpage\",\"url\":\"https:\/\/franciscanos.org.br\/noticias\/paroquia-santa-clara-de-imbarie-celebra-32-anos-de-instalacao-canonica-e-39-anos-de-presenca-das-irmas-catequistas-franciscanas.html\",\"name\":\"Par\u00f3quia Santa Clara de Imbari\u00ea celebra 32 anos de Instala\u00e7\u00e3o Can\u00f4nica e 39 anos de Presen\u00e7a das Irm\u00e3s Catequistas Franciscanas - Not\u00edcias - Franciscanos\",\"isPartOf\":{\"@id\":\"https:\/\/franciscanos.org.br\/noticias\/#website\"},\"primaryImageOfPage\":{\"@id\":\"https:\/\/franciscanos.org.br\/noticias\/paroquia-santa-clara-de-imbarie-celebra-32-anos-de-instalacao-canonica-e-39-anos-de-presenca-das-irmas-catequistas-franciscanas.html#primaryimage\"},\"datePublished\":\"2025-04-07T14:09:43+00:00\",\"dateModified\":\"2025-04-23T19:06:27+00:00\",\"author\":{\"@id\":\"https:\/\/franciscanos.org.br\/noticias\/#\/schema\/person\/d9422e83121c3ad3b0f423d195f5bb25\"},\"breadcrumb\":{\"@id\":\"https:\/\/franciscanos.org.br\/noticias\/paroquia-santa-clara-de-imbarie-celebra-32-anos-de-instalacao-canonica-e-39-anos-de-presenca-das-irmas-catequistas-franciscanas.html#breadcrumb\"},\"inLanguage\":\"pt-BR\",\"potentialAction\":[{\"@type\":\"ReadAction\",\"target\":[\"https:\/\/franciscanos.org.br\/noticias\/paroquia-santa-clara-de-imbarie-celebra-32-anos-de-instalacao-canonica-e-39-anos-de-presenca-das-irmas-catequistas-franciscanas.html\"]}]},{\"@type\":\"BreadcrumbList\",\"@id\":\"https:\/\/franciscanos.org.br\/noticias\/paroquia-santa-clara-de-imbarie-celebra-32-anos-de-instalacao-canonica-e-39-anos-de-presenca-das-irmas-catequistas-franciscanas.html#breadcrumb\",\"itemListElement\":[{\"@type\":\"ListItem\",\"position\":1,\"name\":\"Home\",\"item\":\"https:\/\/franciscanos.org.br\/noticias\"},{\"@type\":\"ListItem\",\"position\":2,\"name\":\"Par\u00f3quia Santa Clara de Imbari\u00ea celebra 32 anos de Instala\u00e7\u00e3o Can\u00f4nica e 39 anos de Presen\u00e7a das Irm\u00e3s Catequistas Franciscanas\"}]},{\"@type\":\"Person\",\"@id\":\"https:\/\/franciscanos.org.br\/noticias\/#\/schema\/person\/d9422e83121c3ad3b0f423d195f5bb25\",\"name\":\"Adriana Rabelo\",\"image\":{\"@type\":\"ImageObject\",\"inLanguage\":\"pt-BR\",\"@id\":\"https:\/\/franciscanos.org.br\/noticias\/#\/schema\/person\/image\/\",\"url\":\"https:\/\/secure.gravatar.com\/avatar\/0a937b7500cd7df77540cfb8bede877d?s=96&d=mm&r=g\",\"contentUrl\":\"https:\/\/secure.gravatar.com\/avatar\/0a937b7500cd7df77540cfb8bede877d?s=96&d=mm&r=g\",\"caption\":\"Adriana Rabelo\"},\"url\":\"https:\/\/franciscanos.org.br\/noticias\/author\/adrianarabelo\"}]}<\/script>\n<!-- \/ Yoast SEO plugin. -->","yoast_head_json":{"title":"Par\u00f3quia Santa Clara de Imbari\u00ea celebra 32 anos de Instala\u00e7\u00e3o Can\u00f4nica e 39 anos de Presen\u00e7a das Irm\u00e3s Catequistas Franciscanas - Not\u00edcias - Franciscanos","robots":{"index":"index","follow":"follow","max-snippet":"max-snippet:-1","max-image-preview":"max-image-preview:large","max-video-preview":"max-video-preview:-1"},"canonical":"https:\/\/franciscanos.org.br\/noticias\/paroquia-santa-clara-de-imbarie-celebra-32-anos-de-instalacao-canonica-e-39-anos-de-presenca-das-irmas-catequistas-franciscanas.html","og_locale":"pt_BR","og_type":"article","og_title":"Par\u00f3quia Santa Clara de Imbari\u00ea celebra 32 anos de Instala\u00e7\u00e3o Can\u00f4nica e 39 anos de Presen\u00e7a das Irm\u00e3s Catequistas Franciscanas - Not\u00edcias - Franciscanos","og_description":"Presen\u00e7a franciscana","og_url":"https:\/\/franciscanos.org.br\/noticias\/paroquia-santa-clara-de-imbarie-celebra-32-anos-de-instalacao-canonica-e-39-anos-de-presenca-das-irmas-catequistas-franciscanas.html","og_site_name":"Not\u00edcias - Franciscanos","article_published_time":"2025-04-07T14:09:43+00:00","article_modified_time":"2025-04-23T19:06:27+00:00","og_image":[{"width":800,"height":550,"url":"https:\/\/franciscanos.org.br\/noticias\/wp-content\/uploads\/2025\/04\/CHAMADA-9.png","type":"image\/png"}],"author":"Adriana Rabelo","twitter_card":"summary_large_image","twitter_misc":{"Escrito por":"Adriana Rabelo","Est. tempo de leitura":"2 minutos"},"schema":{"@context":"https:\/\/schema.org","@graph":[{"@type":"WebSite","@id":"https:\/\/franciscanos.org.br\/noticias\/#website","url":"https:\/\/franciscanos.org.br\/noticias\/","name":"Not\u00edcias - Franciscanos","description":"Prov\u00edncia Franciscana da Imaculada Concei\u00e7\u00e3o do Brasil - Ordem dos Frades Menores - OFM","potentialAction":[{"@type":"SearchAction","target":{"@type":"EntryPoint","urlTemplate":"https:\/\/franciscanos.org.br\/noticias\/?s={search_term_string}"},"query-input":"required name=search_term_string"}],"inLanguage":"pt-BR"},{"@type":"ImageObject","inLanguage":"pt-BR","@id":"https:\/\/franciscanos.org.br\/noticias\/paroquia-santa-clara-de-imbarie-celebra-32-anos-de-instalacao-canonica-e-39-anos-de-presenca-das-irmas-catequistas-franciscanas.html#primaryimage","url":"https:\/\/franciscanos.org.br\/noticias\/wp-content\/uploads\/2025\/04\/CHAMADA-9.png","contentUrl":"https:\/\/franciscanos.org.br\/noticias\/wp-content\/uploads\/2025\/04\/CHAMADA-9.png","width":800,"height":550},{"@type":"WebPage","@id":"https:\/\/franciscanos.org.br\/noticias\/paroquia-santa-clara-de-imbarie-celebra-32-anos-de-instalacao-canonica-e-39-anos-de-presenca-das-irmas-catequistas-franciscanas.html#webpage","url":"https:\/\/franciscanos.org.br\/noticias\/paroquia-santa-clara-de-imbarie-celebra-32-anos-de-instalacao-canonica-e-39-anos-de-presenca-das-irmas-catequistas-franciscanas.html","name":"Par\u00f3quia Santa Clara de Imbari\u00ea celebra 32 anos de Instala\u00e7\u00e3o Can\u00f4nica e 39 anos de Presen\u00e7a das Irm\u00e3s Catequistas Franciscanas - Not\u00edcias - Franciscanos","isPartOf":{"@id":"https:\/\/franciscanos.org.br\/noticias\/#website"},"primaryImageOfPage":{"@id":"https:\/\/franciscanos.org.br\/noticias\/paroquia-santa-clara-de-imbarie-celebra-32-anos-de-instalacao-canonica-e-39-anos-de-presenca-das-irmas-catequistas-franciscanas.html#primaryimage"},"datePublished":"2025-04-07T14:09:43+00:00","dateModified":"2025-04-23T19:06:27+00:00","author":{"@id":"https:\/\/franciscanos.org.br\/noticias\/#\/schema\/person\/d9422e83121c3ad3b0f423d195f5bb25"},"breadcrumb":{"@id":"https:\/\/franciscanos.org.br\/noticias\/paroquia-santa-clara-de-imbarie-celebra-32-anos-de-instalacao-canonica-e-39-anos-de-presenca-das-irmas-catequistas-franciscanas.html#breadcrumb"},"inLanguage":"pt-BR","potentialAction":[{"@type":"ReadAction","target":["https:\/\/franciscanos.org.br\/noticias\/paroquia-santa-clara-de-imbarie-celebra-32-anos-de-instalacao-canonica-e-39-anos-de-presenca-das-irmas-catequistas-franciscanas.html"]}]},{"@type":"BreadcrumbList","@id":"https:\/\/franciscanos.org.br\/noticias\/paroquia-santa-clara-de-imbarie-celebra-32-anos-de-instalacao-canonica-e-39-anos-de-presenca-das-irmas-catequistas-franciscanas.html#breadcrumb","itemListElement":[{"@type":"ListItem","position":1,"name":"Home","item":"https:\/\/franciscanos.org.br\/noticias"},{"@type":"ListItem","position":2,"name":"Par\u00f3quia Santa Clara de Imbari\u00ea celebra 32 anos de Instala\u00e7\u00e3o Can\u00f4nica e 39 anos de Presen\u00e7a das Irm\u00e3s Catequistas Franciscanas"}]},{"@type":"Person","@id":"https:\/\/franciscanos.org.br\/noticias\/#\/schema\/person\/d9422e83121c3ad3b0f423d195f5bb25","name":"Adriana Rabelo","image":{"@type":"ImageObject","inLanguage":"pt-BR","@id":"https:\/\/franciscanos.org.br\/noticias\/#\/schema\/person\/image\/","url":"https:\/\/secure.gravatar.com\/avatar\/0a937b7500cd7df77540cfb8bede877d?s=96&d=mm&r=g","contentUrl":"https:\/\/secure.gravatar.com\/avatar\/0a937b7500cd7df77540cfb8bede877d?s=96&d=mm&r=g","caption":"Adriana Rabelo"},"url":"https:\/\/franciscanos.org.br\/noticias\/author\/adrianarabelo"}]}},"_links":{"self":[{"href":"https:\/\/franciscanos.org.br\/noticias\/wp-json\/wp\/v2\/posts\/255869"}],"collection":[{"href":"https:\/\/franciscanos.org.br\/noticias\/wp-json\/wp\/v2\/posts"}],"about":[{"href":"https:\/\/franciscanos.org.br\/noticias\/wp-json\/wp\/v2\/types\/post"}],"author":[{"embeddable":true,"href":"https:\/\/franciscanos.org.br\/noticias\/wp-json\/wp\/v2\/users\/11"}],"replies":[{"embeddable":true,"href":"https:\/\/franciscanos.org.br\/noticias\/wp-json\/wp\/v2\/comments?post=255869"}],"version-history":[{"count":2,"href":"https:\/\/franciscanos.org.br\/noticias\/wp-json\/wp\/v2\/posts\/255869\/revisions"}],"predecessor-version":[{"id":256308,"href":"https:\/\/franciscanos.org.br\/noticias\/wp-json\/wp\/v2\/posts\/255869\/revisions\/256308"}],"wp:featuredmedia":[{"embeddable":true,"href":"https:\/\/franciscanos.org.br\/noticias\/wp-json\/wp\/v2\/media\/255871"}],"wp:attachment":[{"href":"https:\/\/franciscanos.org.br\/noticias\/wp-json\/wp\/v2\/media?parent=255869"}],"wp:term":[{"taxonomy":"category","embeddable":true,"href":"https:\/\/franciscanos.org.br\/noticias\/wp-json\/wp\/v2\/categories?post=255869"},{"taxonomy":"post_tag","embeddable":true,"href":"https:\/\/franciscanos.org.br\/noticias\/wp-json\/wp\/v2\/tags?post=255869"}],"curies":[{"name":"wp","href":"https:\/\/api.w.org\/{rel}","templated":true}]}}