{"id":255860,"date":"2025-04-09T08:50:37","date_gmt":"2025-04-09T11:50:37","guid":{"rendered":"https:\/\/franciscanos.org.br\/noticias\/?p=255860"},"modified":"2025-04-09T11:07:32","modified_gmt":"2025-04-09T14:07:32","slug":"fundacoes-celinauta-e-frei-rogerio-unem-forcas-pela-evangelizacao-na-comunicacao-franciscana","status":"publish","type":"post","link":"https:\/\/franciscanos.org.br\/noticias\/fundacoes-celinauta-e-frei-rogerio-unem-forcas-pela-evangelizacao-na-comunicacao-franciscana.html","title":{"rendered":"Funda\u00e7\u00f5es Celinauta e Frei Rog\u00e9rio unem for\u00e7as pela evangeliza\u00e7\u00e3o na comunica\u00e7\u00e3o franciscana"},"content":{"rendered":"<p><img loading=\"lazy\" class=\"aligncenter wp-image-255861 size-full\" src=\"https:\/\/franciscanos.org.br\/noticias\/wp-content\/uploads\/2025\/04\/MATERIA-10.png\" alt=\"\" width=\"1280\" height=\"720\" srcset=\"https:\/\/franciscanos.org.br\/noticias\/wp-content\/uploads\/2025\/04\/MATERIA-10.png 1280w, https:\/\/franciscanos.org.br\/noticias\/wp-content\/uploads\/2025\/04\/MATERIA-10-450x253.png 450w, https:\/\/franciscanos.org.br\/noticias\/wp-content\/uploads\/2025\/04\/MATERIA-10-1024x576.png 1024w, https:\/\/franciscanos.org.br\/noticias\/wp-content\/uploads\/2025\/04\/MATERIA-10-768x432.png 768w, https:\/\/franciscanos.org.br\/noticias\/wp-content\/uploads\/2025\/04\/MATERIA-10-150x84.png 150w\" sizes=\"(max-width: 1280px) 100vw, 1280px\" \/><\/p>\n<p><span style=\"font-weight: 400;\">H\u00e1 exatamente um m\u00eas ap\u00f3s a inaugura\u00e7\u00e3o da R\u00e1dio Frei Galv\u00e3o, em Guaratinguet\u00e1 (SP), uma emissora da Funda\u00e7\u00e3o Frei Rog\u00e9rio de Curitibanos (SC), os frades desta diretoria, juntamente com os da Funda\u00e7\u00e3o Celinauta de Pato Branco (PR), reuniram-se na ter\u00e7a-feira, 8 de abril de 2025, na Fraternidade Nossa Senhora do Ros\u00e1rio, em Conc\u00f3rdia (SC), para a primeira reuni\u00e3o do ano entre as duas funda\u00e7\u00f5es, respons\u00e1veis por cinco emissoras de r\u00e1dio e um canal de televis\u00e3o, a TV Sudoeste.<\/span><span style=\"font-weight: 400;\">\u200b<\/span><\/p>\n<p><span style=\"font-weight: 400;\">As Funda\u00e7\u00f5es Celinauta e Frei Rog\u00e9rio t\u00eam como slogans <strong>\u201cEmissoras a servi\u00e7o da Paz e do Bem\u201d<\/strong> e <strong>\u201cComunica\u00e7\u00e3o para a Paz\u201d<\/strong>, respectivamente.<\/span> <span style=\"font-weight: 400;\">Essas institui\u00e7\u00f5es empregam diversas pessoas comprometidas em divulgar o carisma franciscano, a vida da Igreja, os assuntos e servi\u00e7os de interesse das cidades, estados e do Brasil em geral. S\u00e3o milhares de indiv\u00edduos, lares e institui\u00e7\u00f5es que de alguma forma s\u00e3o tocados pela miss\u00e3o evangelizadora dos frades franciscanos da Prov\u00edncia da Imaculada Concei\u00e7\u00e3o do Brasil. \u201cEvangelizar \u00e9, essencialmente, comunica\u00e7\u00e3o\u201d, afirma o Ministro provincial desta institui\u00e7\u00e3o, Frei Paulo Roberto Pereira.<\/span><\/p>\n<p><span style=\"font-weight: 400;\">\u00a0<\/span><span style=\"font-weight: 400;\">Durante a reuni\u00e3o, foram discutidos diversos pontos importantes: a partilha fraterna sobre o mandato recebido por cada frade no Congresso Capitular, visando alinhar as a\u00e7\u00f5es das funda\u00e7\u00f5es com os objetivos estabelecidos; a atualiza\u00e7\u00e3o dos Estatutos Sociais, buscando adequ\u00e1-los \u00e0s necessidades atuais da Prov\u00edncia; a an\u00e1lise do desempenho financeiro de 2024, preparando o relat\u00f3rio cont\u00e1bil para avalia\u00e7\u00e3o e aprova\u00e7\u00e3o pelo Conselho Fiscal; a discuss\u00e3o de poss\u00edveis colabora\u00e7\u00f5es e projetos conjuntos entre as funda\u00e7\u00f5es, visando otimizar recursos e ampliar o alcance das iniciativas; a aprecia\u00e7\u00e3o do desempenho da R\u00e1dio Frei Galv\u00e3o e outros temas adicionais, conforme as necessidades e interesses das funda\u00e7\u00f5es e da prov\u00edncia.<\/span><\/p>\n<p><span style=\"font-weight: 400;\">Segundo Frei Diego Melo, que acumula o servi\u00e7o de Definidor Provincial e membro da diretoria da Funda\u00e7\u00e3o Frei Rog\u00e9rio, a reuni\u00e3o foi um verdadeiro reflexo do carisma e do modo franciscano de evangelizar: \u201cUma das marcas do nosso carisma franciscano e do nosso modo de evangelizar \u00e9 a fraternidade. Nas palavras do Papa Francisco, \u00e9 a sinodalidade, a capacidade de trabalhar em comunh\u00e3o. Nesse sentido, esta reuni\u00e3o das diretorias das funda\u00e7\u00f5es Celinauta e Frei Rog\u00e9rio \u00e9 uma express\u00e3o, \u00e9 um gesto concreto de trabalho em comunh\u00e3o. Foi um dia muito intenso, de muita partilha, muita reflex\u00e3o, avalia\u00e7\u00e3o e, acima de tudo, de buscar caminhos de comunh\u00e3o para que possamos desenvolver um bom trabalho de comunica\u00e7\u00e3o da nossa Prov\u00edncia, estando alinhados, estando unidos. De certa forma, com os mesmos objetivos. Quando caminhamos juntos, nos tornamos muito mais fortes, mais eficientes e, sem d\u00favida, em termos de comunica\u00e7\u00e3o, trabalhar em rede, trabalhar em comunh\u00e3o, em sinodalidade, \u00e9 a garantia de que faremos um bom trabalho\u201d.<\/span><\/p>\n<p><span style=\"font-weight: 400;\"><img loading=\"lazy\" class=\"aligncenter wp-image-255863 size-full\" src=\"https:\/\/franciscanos.org.br\/noticias\/wp-content\/uploads\/2025\/04\/MATERIA2.png\" alt=\"\" width=\"1280\" height=\"720\" srcset=\"https:\/\/franciscanos.org.br\/noticias\/wp-content\/uploads\/2025\/04\/MATERIA2.png 1280w, https:\/\/franciscanos.org.br\/noticias\/wp-content\/uploads\/2025\/04\/MATERIA2-450x253.png 450w, https:\/\/franciscanos.org.br\/noticias\/wp-content\/uploads\/2025\/04\/MATERIA2-1024x576.png 1024w, https:\/\/franciscanos.org.br\/noticias\/wp-content\/uploads\/2025\/04\/MATERIA2-768x432.png 768w, https:\/\/franciscanos.org.br\/noticias\/wp-content\/uploads\/2025\/04\/MATERIA2-150x84.png 150w\" sizes=\"(max-width: 1280px) 100vw, 1280px\" \/><\/span><\/p>\n<p><span style=\"font-weight: 400;\">Uma das novidades anunciadas foi a exibi\u00e7\u00e3o, pela TV Sudoeste, da Festa da Penha 2025, que ter\u00e1 in\u00edcio a partir do dia 20 de abril, com transmiss\u00e3o ao vivo diretamente do Convento da Penha, em Vila Velha (ES). Seguidamente, de segunda a sexta, ser\u00e3o exibidas a novena perp\u00e9tua e a missa de Frei Galv\u00e3o, transmitidas diretamente do Santu\u00e1rio Frei Galv\u00e3o de Guaratinguet\u00e1. Outra inova\u00e7\u00e3o \u00e9 a inclus\u00e3o de pautas sociais na programa\u00e7\u00e3o da R\u00e1dio Frei Galv\u00e3o, ampliando o conte\u00fado de interesse para a comunidade. Em junho, entre os dias 2 e 4, ser\u00e1 celebrada a trajet\u00f3ria da R\u00e1dio Coroado, que completa 70 anos, e da Movimento FM de Curitibanos, que completa 35 anos. Ainda, na semana do dia 16 de junho, a TV Sudoeste passar\u00e1 a se chamar TV Celinauta e promover\u00e1 uma intensa semana de programa\u00e7\u00f5es tem\u00e1ticas. Al\u00e9m dessas novidades, a cobertura dos eventos provinciais e a produ\u00e7\u00e3o de mat\u00e9rias tem\u00e1ticas continuar\u00e3o a compor a grade das r\u00e1dios e da TV, reafirmando o compromisso das funda\u00e7\u00f5es com a comunica\u00e7\u00e3o e a miss\u00e3o de evangeliza\u00e7\u00e3o.<\/span><\/p>\n<p><b>Sobre as Funda\u00e7\u00f5es Frei Rog\u00e9rio e Celinauta<\/b><\/p>\n<p><span style=\"font-weight: 400;\">A Funda\u00e7\u00e3o Frei Rog\u00e9rio est\u00e1 presente em Curitibanos (SC), com as r\u00e1dios Movimento FM e Coroado FM e em Guaratinguet\u00e1 com a R\u00e1dio Frei Galv\u00e3o FM. Atualmente, a funda\u00e7\u00e3o \u00e9 gerida pelos frades: Frei Augusto Luiz Gabriel (presidente), Frei Alex Sandro Ciarnoski (vice-presidente), Frei Diego (diretor assistente), Frei Alan Leal de Mattos (diretor assistente).<\/span><\/p>\n<p><span style=\"font-weight: 400;\">A Funda\u00e7\u00e3o Cultural Celinauta, respons\u00e1vel pela Rede Celinauta de Comunica\u00e7\u00e3o, re\u00fane a R\u00e1dio Celinauta, R\u00e1dio Movimento FM e a TV Sudoeste. A gest\u00e3o \u00e9 feita por Frei M\u00e1rio Luiz Tagliari (presidente), Frei Augusto (vice-presidente); Frei Leandro Ferreira Silva (diretor assistente), Frei Raimundo Justiniano de Oliveira Castro (diretor assistente).<\/span><\/p>\n<hr \/>\n<p><em><span style=\"font-weight: 400;\">Frei Augusto Luiz Gabriel<\/span><\/em><\/p>\n","protected":false},"excerpt":{"rendered":"<p>Evangelizar \u00e9, essencialmente, comunica\u00e7\u00e3o<\/p>\n","protected":false},"author":11,"featured_media":255868,"comment_status":"open","ping_status":"open","sticky":false,"template":"","format":"standard","meta":[],"categories":[1],"tags":[2293,2003,1168],"acf":[],"yoast_head":"<!-- This site is optimized with the Yoast SEO plugin v19.2 - https:\/\/yoast.com\/wordpress\/plugins\/seo\/ -->\n<title>Funda\u00e7\u00f5es Celinauta e Frei Rog\u00e9rio unem for\u00e7as pela evangeliza\u00e7\u00e3o na comunica\u00e7\u00e3o franciscana - Not\u00edcias - Franciscanos<\/title>\n<meta name=\"robots\" content=\"index, follow, max-snippet:-1, max-image-preview:large, max-video-preview:-1\" \/>\n<link rel=\"canonical\" href=\"https:\/\/franciscanos.org.br\/noticias\/fundacoes-celinauta-e-frei-rogerio-unem-forcas-pela-evangelizacao-na-comunicacao-franciscana.html\" \/>\n<meta property=\"og:locale\" content=\"pt_BR\" \/>\n<meta property=\"og:type\" content=\"article\" \/>\n<meta property=\"og:title\" content=\"Funda\u00e7\u00f5es Celinauta e Frei Rog\u00e9rio unem for\u00e7as pela evangeliza\u00e7\u00e3o na comunica\u00e7\u00e3o franciscana - Not\u00edcias - Franciscanos\" \/>\n<meta property=\"og:description\" content=\"Evangelizar \u00e9, essencialmente, comunica\u00e7\u00e3o\" \/>\n<meta property=\"og:url\" content=\"https:\/\/franciscanos.org.br\/noticias\/fundacoes-celinauta-e-frei-rogerio-unem-forcas-pela-evangelizacao-na-comunicacao-franciscana.html\" \/>\n<meta property=\"og:site_name\" content=\"Not\u00edcias - Franciscanos\" \/>\n<meta property=\"article:published_time\" content=\"2025-04-09T11:50:37+00:00\" \/>\n<meta property=\"article:modified_time\" content=\"2025-04-09T14:07:32+00:00\" \/>\n<meta property=\"og:image\" content=\"https:\/\/franciscanos.org.br\/noticias\/wp-content\/uploads\/2025\/04\/CHAMADA-8.png\" \/>\n\t<meta property=\"og:image:width\" content=\"800\" \/>\n\t<meta property=\"og:image:height\" content=\"550\" \/>\n\t<meta property=\"og:image:type\" content=\"image\/png\" \/>\n<meta name=\"author\" content=\"Adriana Rabelo\" \/>\n<meta name=\"twitter:card\" content=\"summary_large_image\" \/>\n<meta name=\"twitter:label1\" content=\"Escrito por\" \/>\n\t<meta name=\"twitter:data1\" content=\"Adriana Rabelo\" \/>\n\t<meta name=\"twitter:label2\" content=\"Est. tempo de leitura\" \/>\n\t<meta name=\"twitter:data2\" content=\"4 minutos\" \/>\n<script type=\"application\/ld+json\" class=\"yoast-schema-graph\">{\"@context\":\"https:\/\/schema.org\",\"@graph\":[{\"@type\":\"WebSite\",\"@id\":\"https:\/\/franciscanos.org.br\/noticias\/#website\",\"url\":\"https:\/\/franciscanos.org.br\/noticias\/\",\"name\":\"Not\u00edcias - Franciscanos\",\"description\":\"Prov\u00edncia Franciscana da Imaculada Concei\u00e7\u00e3o do Brasil - Ordem dos Frades Menores - OFM\",\"potentialAction\":[{\"@type\":\"SearchAction\",\"target\":{\"@type\":\"EntryPoint\",\"urlTemplate\":\"https:\/\/franciscanos.org.br\/noticias\/?s={search_term_string}\"},\"query-input\":\"required name=search_term_string\"}],\"inLanguage\":\"pt-BR\"},{\"@type\":\"ImageObject\",\"inLanguage\":\"pt-BR\",\"@id\":\"https:\/\/franciscanos.org.br\/noticias\/fundacoes-celinauta-e-frei-rogerio-unem-forcas-pela-evangelizacao-na-comunicacao-franciscana.html#primaryimage\",\"url\":\"https:\/\/franciscanos.org.br\/noticias\/wp-content\/uploads\/2025\/04\/CHAMADA-8.png\",\"contentUrl\":\"https:\/\/franciscanos.org.br\/noticias\/wp-content\/uploads\/2025\/04\/CHAMADA-8.png\",\"width\":800,\"height\":550},{\"@type\":\"WebPage\",\"@id\":\"https:\/\/franciscanos.org.br\/noticias\/fundacoes-celinauta-e-frei-rogerio-unem-forcas-pela-evangelizacao-na-comunicacao-franciscana.html#webpage\",\"url\":\"https:\/\/franciscanos.org.br\/noticias\/fundacoes-celinauta-e-frei-rogerio-unem-forcas-pela-evangelizacao-na-comunicacao-franciscana.html\",\"name\":\"Funda\u00e7\u00f5es Celinauta e Frei Rog\u00e9rio unem for\u00e7as pela evangeliza\u00e7\u00e3o na comunica\u00e7\u00e3o franciscana - Not\u00edcias - Franciscanos\",\"isPartOf\":{\"@id\":\"https:\/\/franciscanos.org.br\/noticias\/#website\"},\"primaryImageOfPage\":{\"@id\":\"https:\/\/franciscanos.org.br\/noticias\/fundacoes-celinauta-e-frei-rogerio-unem-forcas-pela-evangelizacao-na-comunicacao-franciscana.html#primaryimage\"},\"datePublished\":\"2025-04-09T11:50:37+00:00\",\"dateModified\":\"2025-04-09T14:07:32+00:00\",\"author\":{\"@id\":\"https:\/\/franciscanos.org.br\/noticias\/#\/schema\/person\/d9422e83121c3ad3b0f423d195f5bb25\"},\"breadcrumb\":{\"@id\":\"https:\/\/franciscanos.org.br\/noticias\/fundacoes-celinauta-e-frei-rogerio-unem-forcas-pela-evangelizacao-na-comunicacao-franciscana.html#breadcrumb\"},\"inLanguage\":\"pt-BR\",\"potentialAction\":[{\"@type\":\"ReadAction\",\"target\":[\"https:\/\/franciscanos.org.br\/noticias\/fundacoes-celinauta-e-frei-rogerio-unem-forcas-pela-evangelizacao-na-comunicacao-franciscana.html\"]}]},{\"@type\":\"BreadcrumbList\",\"@id\":\"https:\/\/franciscanos.org.br\/noticias\/fundacoes-celinauta-e-frei-rogerio-unem-forcas-pela-evangelizacao-na-comunicacao-franciscana.html#breadcrumb\",\"itemListElement\":[{\"@type\":\"ListItem\",\"position\":1,\"name\":\"Home\",\"item\":\"https:\/\/franciscanos.org.br\/noticias\"},{\"@type\":\"ListItem\",\"position\":2,\"name\":\"Funda\u00e7\u00f5es Celinauta e Frei Rog\u00e9rio unem for\u00e7as pela evangeliza\u00e7\u00e3o na comunica\u00e7\u00e3o franciscana\"}]},{\"@type\":\"Person\",\"@id\":\"https:\/\/franciscanos.org.br\/noticias\/#\/schema\/person\/d9422e83121c3ad3b0f423d195f5bb25\",\"name\":\"Adriana Rabelo\",\"image\":{\"@type\":\"ImageObject\",\"inLanguage\":\"pt-BR\",\"@id\":\"https:\/\/franciscanos.org.br\/noticias\/#\/schema\/person\/image\/\",\"url\":\"https:\/\/secure.gravatar.com\/avatar\/0a937b7500cd7df77540cfb8bede877d?s=96&d=mm&r=g\",\"contentUrl\":\"https:\/\/secure.gravatar.com\/avatar\/0a937b7500cd7df77540cfb8bede877d?s=96&d=mm&r=g\",\"caption\":\"Adriana Rabelo\"},\"url\":\"https:\/\/franciscanos.org.br\/noticias\/author\/adrianarabelo\"}]}<\/script>\n<!-- \/ Yoast SEO plugin. -->","yoast_head_json":{"title":"Funda\u00e7\u00f5es Celinauta e Frei Rog\u00e9rio unem for\u00e7as pela evangeliza\u00e7\u00e3o na comunica\u00e7\u00e3o franciscana - Not\u00edcias - Franciscanos","robots":{"index":"index","follow":"follow","max-snippet":"max-snippet:-1","max-image-preview":"max-image-preview:large","max-video-preview":"max-video-preview:-1"},"canonical":"https:\/\/franciscanos.org.br\/noticias\/fundacoes-celinauta-e-frei-rogerio-unem-forcas-pela-evangelizacao-na-comunicacao-franciscana.html","og_locale":"pt_BR","og_type":"article","og_title":"Funda\u00e7\u00f5es Celinauta e Frei Rog\u00e9rio unem for\u00e7as pela evangeliza\u00e7\u00e3o na comunica\u00e7\u00e3o franciscana - Not\u00edcias - Franciscanos","og_description":"Evangelizar \u00e9, essencialmente, comunica\u00e7\u00e3o","og_url":"https:\/\/franciscanos.org.br\/noticias\/fundacoes-celinauta-e-frei-rogerio-unem-forcas-pela-evangelizacao-na-comunicacao-franciscana.html","og_site_name":"Not\u00edcias - Franciscanos","article_published_time":"2025-04-09T11:50:37+00:00","article_modified_time":"2025-04-09T14:07:32+00:00","og_image":[{"width":800,"height":550,"url":"https:\/\/franciscanos.org.br\/noticias\/wp-content\/uploads\/2025\/04\/CHAMADA-8.png","type":"image\/png"}],"author":"Adriana Rabelo","twitter_card":"summary_large_image","twitter_misc":{"Escrito por":"Adriana Rabelo","Est. tempo de leitura":"4 minutos"},"schema":{"@context":"https:\/\/schema.org","@graph":[{"@type":"WebSite","@id":"https:\/\/franciscanos.org.br\/noticias\/#website","url":"https:\/\/franciscanos.org.br\/noticias\/","name":"Not\u00edcias - Franciscanos","description":"Prov\u00edncia Franciscana da Imaculada Concei\u00e7\u00e3o do Brasil - Ordem dos Frades Menores - OFM","potentialAction":[{"@type":"SearchAction","target":{"@type":"EntryPoint","urlTemplate":"https:\/\/franciscanos.org.br\/noticias\/?s={search_term_string}"},"query-input":"required name=search_term_string"}],"inLanguage":"pt-BR"},{"@type":"ImageObject","inLanguage":"pt-BR","@id":"https:\/\/franciscanos.org.br\/noticias\/fundacoes-celinauta-e-frei-rogerio-unem-forcas-pela-evangelizacao-na-comunicacao-franciscana.html#primaryimage","url":"https:\/\/franciscanos.org.br\/noticias\/wp-content\/uploads\/2025\/04\/CHAMADA-8.png","contentUrl":"https:\/\/franciscanos.org.br\/noticias\/wp-content\/uploads\/2025\/04\/CHAMADA-8.png","width":800,"height":550},{"@type":"WebPage","@id":"https:\/\/franciscanos.org.br\/noticias\/fundacoes-celinauta-e-frei-rogerio-unem-forcas-pela-evangelizacao-na-comunicacao-franciscana.html#webpage","url":"https:\/\/franciscanos.org.br\/noticias\/fundacoes-celinauta-e-frei-rogerio-unem-forcas-pela-evangelizacao-na-comunicacao-franciscana.html","name":"Funda\u00e7\u00f5es Celinauta e Frei Rog\u00e9rio unem for\u00e7as pela evangeliza\u00e7\u00e3o na comunica\u00e7\u00e3o franciscana - Not\u00edcias - Franciscanos","isPartOf":{"@id":"https:\/\/franciscanos.org.br\/noticias\/#website"},"primaryImageOfPage":{"@id":"https:\/\/franciscanos.org.br\/noticias\/fundacoes-celinauta-e-frei-rogerio-unem-forcas-pela-evangelizacao-na-comunicacao-franciscana.html#primaryimage"},"datePublished":"2025-04-09T11:50:37+00:00","dateModified":"2025-04-09T14:07:32+00:00","author":{"@id":"https:\/\/franciscanos.org.br\/noticias\/#\/schema\/person\/d9422e83121c3ad3b0f423d195f5bb25"},"breadcrumb":{"@id":"https:\/\/franciscanos.org.br\/noticias\/fundacoes-celinauta-e-frei-rogerio-unem-forcas-pela-evangelizacao-na-comunicacao-franciscana.html#breadcrumb"},"inLanguage":"pt-BR","potentialAction":[{"@type":"ReadAction","target":["https:\/\/franciscanos.org.br\/noticias\/fundacoes-celinauta-e-frei-rogerio-unem-forcas-pela-evangelizacao-na-comunicacao-franciscana.html"]}]},{"@type":"BreadcrumbList","@id":"https:\/\/franciscanos.org.br\/noticias\/fundacoes-celinauta-e-frei-rogerio-unem-forcas-pela-evangelizacao-na-comunicacao-franciscana.html#breadcrumb","itemListElement":[{"@type":"ListItem","position":1,"name":"Home","item":"https:\/\/franciscanos.org.br\/noticias"},{"@type":"ListItem","position":2,"name":"Funda\u00e7\u00f5es Celinauta e Frei Rog\u00e9rio unem for\u00e7as pela evangeliza\u00e7\u00e3o na comunica\u00e7\u00e3o franciscana"}]},{"@type":"Person","@id":"https:\/\/franciscanos.org.br\/noticias\/#\/schema\/person\/d9422e83121c3ad3b0f423d195f5bb25","name":"Adriana Rabelo","image":{"@type":"ImageObject","inLanguage":"pt-BR","@id":"https:\/\/franciscanos.org.br\/noticias\/#\/schema\/person\/image\/","url":"https:\/\/secure.gravatar.com\/avatar\/0a937b7500cd7df77540cfb8bede877d?s=96&d=mm&r=g","contentUrl":"https:\/\/secure.gravatar.com\/avatar\/0a937b7500cd7df77540cfb8bede877d?s=96&d=mm&r=g","caption":"Adriana Rabelo"},"url":"https:\/\/franciscanos.org.br\/noticias\/author\/adrianarabelo"}]}},"_links":{"self":[{"href":"https:\/\/franciscanos.org.br\/noticias\/wp-json\/wp\/v2\/posts\/255860"}],"collection":[{"href":"https:\/\/franciscanos.org.br\/noticias\/wp-json\/wp\/v2\/posts"}],"about":[{"href":"https:\/\/franciscanos.org.br\/noticias\/wp-json\/wp\/v2\/types\/post"}],"author":[{"embeddable":true,"href":"https:\/\/franciscanos.org.br\/noticias\/wp-json\/wp\/v2\/users\/11"}],"replies":[{"embeddable":true,"href":"https:\/\/franciscanos.org.br\/noticias\/wp-json\/wp\/v2\/comments?post=255860"}],"version-history":[{"count":1,"href":"https:\/\/franciscanos.org.br\/noticias\/wp-json\/wp\/v2\/posts\/255860\/revisions"}],"predecessor-version":[{"id":255864,"href":"https:\/\/franciscanos.org.br\/noticias\/wp-json\/wp\/v2\/posts\/255860\/revisions\/255864"}],"wp:featuredmedia":[{"embeddable":true,"href":"https:\/\/franciscanos.org.br\/noticias\/wp-json\/wp\/v2\/media\/255868"}],"wp:attachment":[{"href":"https:\/\/franciscanos.org.br\/noticias\/wp-json\/wp\/v2\/media?parent=255860"}],"wp:term":[{"taxonomy":"category","embeddable":true,"href":"https:\/\/franciscanos.org.br\/noticias\/wp-json\/wp\/v2\/categories?post=255860"},{"taxonomy":"post_tag","embeddable":true,"href":"https:\/\/franciscanos.org.br\/noticias\/wp-json\/wp\/v2\/tags?post=255860"}],"curies":[{"name":"wp","href":"https:\/\/api.w.org\/{rel}","templated":true}]}}