{"id":255847,"date":"2025-04-08T17:15:33","date_gmt":"2025-04-08T20:15:33","guid":{"rendered":"https:\/\/franciscanos.org.br\/noticias\/?p=255847"},"modified":"2025-04-10T12:58:56","modified_gmt":"2025-04-10T15:58:56","slug":"255847","status":"publish","type":"post","link":"https:\/\/franciscanos.org.br\/noticias\/255847.html","title":{"rendered":"Frei Ervino Girardi completa 100 anos de vida"},"content":{"rendered":"<div id=\"attachment_255848\" style=\"width: 1290px\" class=\"wp-caption alignnone\"><img aria-describedby=\"caption-attachment-255848\" loading=\"lazy\" class=\"wp-image-255848 size-full\" src=\"https:\/\/franciscanos.org.br\/noticias\/wp-content\/uploads\/2025\/04\/materia-9.png\" alt=\"\" width=\"1280\" height=\"720\" srcset=\"https:\/\/franciscanos.org.br\/noticias\/wp-content\/uploads\/2025\/04\/materia-9.png 1280w, https:\/\/franciscanos.org.br\/noticias\/wp-content\/uploads\/2025\/04\/materia-9-450x253.png 450w, https:\/\/franciscanos.org.br\/noticias\/wp-content\/uploads\/2025\/04\/materia-9-1024x576.png 1024w, https:\/\/franciscanos.org.br\/noticias\/wp-content\/uploads\/2025\/04\/materia-9-768x432.png 768w, https:\/\/franciscanos.org.br\/noticias\/wp-content\/uploads\/2025\/04\/materia-9-150x84.png 150w\" sizes=\"(max-width: 1280px) 100vw, 1280px\" \/><p id=\"caption-attachment-255848\" class=\"wp-caption-text\">Foto: Mauro Maciel \/ Folha da Serra<\/p><\/div>\n<p>\u201cH\u00e1 um passado no meu presente, o sol bem quente l\u00e1 no meu quintal<strong>\u201d. <\/strong>O trecho da m\u00fasica <em>Bola de meia, Bola de gude<\/em>, de Milton Nascimento, d\u00e1 a impress\u00e3o de que foi feito sob medida para Frei Ervino Girardi, que neste dia 9 de abril completa 100 anos de vida.<\/p>\n<p>Esse frade centen\u00e1rio, que transborda lucidez e vontade de viver, nasceu em 1925,\u00a0 em\u00a0Benedito Novo (SC). Ele chega a esse momento t\u00e3o especial da vida no ano em que a Prov\u00edncia Franciscana da Imaculada Concei\u00e7\u00e3o do Brasil completa 350 anos de hist\u00f3ria e a Ordem dos Frades Menores celebra os 800 anos do C\u00e2ntico das Criaturas.<\/p>\n<p>Certamente, Irm\u00e3o Sol, Irm\u00e3 Lua, Irm\u00e3o Vento, Irm\u00e3 \u00c1gua, Irm\u00e3o Fogo, M\u00e3e Terra e todas as outras criaturas est\u00e3o felizes por este irm\u00e3o, que tamb\u00e9m olha com carinho para a Irm\u00e3 Morte, pois, como servo fiel de Deus, que segue ainda firme os passos de S\u00e3o Francisco de Assis, cr\u00ea na vida eterna e vive em paz com isso.<\/p>\n<p>No livro <em>As Confiss\u00f5es<\/em>, traduzido por Frederico Ozanam Pessoa de Barros, Santo Agostinho diz:<\/p>\n<p>\u201cMas o que agora parece claro e manifesto \u00e9 que nem o futuro, nem o passado existem, e nem se pode dizer com propriedade, que h\u00e1 tr\u00eas tempos: o passado, o presente e o futuro. Talvez fosse mais certo dizer-se: h\u00e1 tr\u00eas tempos: o presente do passado, o presente do presente e o presente do futuro, porque essas tr\u00eas esp\u00e9cies de tempos existem em nosso esp\u00edrito e n\u00e3o as vejo em outra parte. O presente do passado \u00e9 a mem\u00f3ria; o presente do presente \u00e9 a intui\u00e7\u00e3o direta; o presente do futuro \u00e9 a esperan\u00e7a\u201d.<\/p>\n<p>Neste Ano Jubilar, podemos dizer que Frei Ervino \u00e9 exemplo de esperan\u00e7a, pois abra\u00e7ou sua vida religiosa com alegria, com o prop\u00f3sito de evangelizar e propagar a Palavra de Deus por meio de seus exemplos e atitudes.<\/p>\n<p>O frade catarinense chegou a Lages (SC), em 1992, e, em 2019, passou a morar na Fraternidade do Patroc\u00ednio de S\u00e3o Jos\u00e9, onde ainda reside. No entanto, sua caminhada longa refor\u00e7a a miss\u00e3o que assumiu desde muito jovem, quando j\u00e1 se sentia atra\u00eddo pelo carisma e pela espiritualidade franciscana.<\/p>\n<p>Com a ajuda de Frei Laurindo Lauro da Silva J\u00fanior, guardi\u00e3o da casa, Frei Ervino concedeu uma entrevista para o site <em>Franciscanos<\/em>, na qual falou sobre sua vida religiosa e suas expectativas.<\/p>\n<div id=\"attachment_255851\" style=\"width: 310px\" class=\"wp-caption alignright\"><img aria-describedby=\"caption-attachment-255851\" loading=\"lazy\" class=\"wp-image-255851 size-medium\" src=\"https:\/\/franciscanos.org.br\/noticias\/wp-content\/uploads\/2025\/04\/Frei-Ervino-4-300x450.jpg\" alt=\"\" width=\"300\" height=\"450\" srcset=\"https:\/\/franciscanos.org.br\/noticias\/wp-content\/uploads\/2025\/04\/Frei-Ervino-4-300x450.jpg 300w, https:\/\/franciscanos.org.br\/noticias\/wp-content\/uploads\/2025\/04\/Frei-Ervino-4-683x1024.jpg 683w, https:\/\/franciscanos.org.br\/noticias\/wp-content\/uploads\/2025\/04\/Frei-Ervino-4-768x1152.jpg 768w, https:\/\/franciscanos.org.br\/noticias\/wp-content\/uploads\/2025\/04\/Frei-Ervino-4-1024x1536.jpg 1024w, https:\/\/franciscanos.org.br\/noticias\/wp-content\/uploads\/2025\/04\/Frei-Ervino-4-1365x2048.jpg 1365w, https:\/\/franciscanos.org.br\/noticias\/wp-content\/uploads\/2025\/04\/Frei-Ervino-4-150x225.jpg 150w, https:\/\/franciscanos.org.br\/noticias\/wp-content\/uploads\/2025\/04\/Frei-Ervino-4-scaled.jpg 720w\" sizes=\"(max-width: 300px) 100vw, 300px\" \/><p id=\"caption-attachment-255851\" class=\"wp-caption-text\">Foto: Mauro Maciel \/ Folha da Serra<\/p><\/div>\n<p>\u201cNasci pr\u00f3ximo de uma capela que era visitada pelos franciscanos da par\u00f3quia de Rodeio. Deste modo, desde crian\u00e7a sou influenciado pelos franciscanos. Mesmo na escola, onde estudei e aprendi a ler e escrever, n\u00e3o eram professoras estranhas, eram as Irm\u00e3s Franciscanas Catequistas de Rodeio. Os franciscanos vinham para Santa Maria a cavalo, quando eu era crian\u00e7a. Eles sempre costumavam deixar o cavalo, a mula, no pasto do papai, e assim eu tinha muito contato com esses frades. Conheci muito bem, antes de ir para o semin\u00e1rio, o Frei Bruno, o Frei Agnelo, o Frei Tassiano e outro que era o Frei Andr\u00e9, que era surdo do ouvido direito. Todos eles eram amigos l\u00e1 de casa\u201d.<\/p>\n<p>Nesse passado t\u00e3o presente na vida de Frei Ervino, algumas hist\u00f3rias marcaram sua trajet\u00f3ria, como \u00e9 o caso de alguns momentos de suas transfer\u00eancias, mostrando que sempre estava pronto para viver sua itiner\u00e2ncia franciscana. \u201cNunca reclamei e sempre aceitei. Lembro quando fui transferido de Caxias para Jabor\u00e1&#8221;.<\/p>\n<p>O frade contou que tamb\u00e9m saiu do Rio de Janeiro e de l\u00e1 foi para Joinville (SC), passou por Navegantes e depois foi para Joa\u00e7aba (SC). \u201cL\u00e1 me levaram para o convento. Quando cheguei no convento, quem me recebeu foi Frei Bruno. Depois veio a ordem do Provincial de que eu iria para Rio Negro (PR), no Semin\u00e1rio de S\u00e3o Lu\u00eds de Tolosa\u201d.<\/p>\n<p>A obedi\u00eancia deste homem centen\u00e1rio revela que o tempo n\u00e3o apagou de sua mem\u00f3ria sua miss\u00e3o franciscana de fidelidade. Mas, como um bom filho de Deus, tamb\u00e9m apreciava seus momentos de lazer em fraternidade, nos momentos de pescaria e de trabalhos na horta. \u201cQuando tinha uma folguinha, gostava de pescar e mexer com a horta, principalmente na par\u00f3quia de Rio Negro, Santo Amaro e Lages, pescava. Em quase toda segunda-feira, eu e Frei Benjamim, com os companheiros daqui, gost\u00e1vamos de pescar de manh\u00e3 e no final da tarde\u201d.<\/p>\n<p>Perguntado sobre o significado dos 100 anos em sua vida, Frei Ervino, com muito bom humor, uma de suas marcas mais presentes, respondeu:<\/p>\n<p>\u201cOlha, eu n\u00e3o sei como \u00e9 que passei 100 anos, como \u00e9 que passaram t\u00e3o depressa. 100 anos, ser\u00e1 poss\u00edvel mesmo? (risos). E outro ponto: vou me recordar que agora em dezembro, por exemplo, dia 14, far\u00e3o 79 anos que recebi o h\u00e1bito. No dia 1\u00ba de julho, 73 anos que fui ordenado padre. E em dezembro de 2027, ser\u00e3o 88 anos que sa\u00ed de casa, que entrei no col\u00e9gio para querer ser franciscano\u201d.<\/p>\n<p>O frade n\u00e3o poupou palavras, nem \u00e2nimo, para falar de sua felicidade neste momento de sua vida:<\/p>\n<p><img loading=\"lazy\" class=\"aligncenter wp-image-255858 size-full\" src=\"https:\/\/franciscanos.org.br\/noticias\/wp-content\/uploads\/2025\/04\/materia-2-1.png\" alt=\"\" width=\"1280\" height=\"720\" srcset=\"https:\/\/franciscanos.org.br\/noticias\/wp-content\/uploads\/2025\/04\/materia-2-1.png 1280w, https:\/\/franciscanos.org.br\/noticias\/wp-content\/uploads\/2025\/04\/materia-2-1-450x253.png 450w, https:\/\/franciscanos.org.br\/noticias\/wp-content\/uploads\/2025\/04\/materia-2-1-1024x576.png 1024w, https:\/\/franciscanos.org.br\/noticias\/wp-content\/uploads\/2025\/04\/materia-2-1-768x432.png 768w, https:\/\/franciscanos.org.br\/noticias\/wp-content\/uploads\/2025\/04\/materia-2-1-150x84.png 150w\" sizes=\"(max-width: 1280px) 100vw, 1280px\" \/><\/p>\n<p>\u201cMe sinto felic\u00edssimo. N\u00e3o sei como \u00e9 que passou todo esse tempo, porque, olhando a minha vida, trabalhando nas par\u00f3quias, geralmente eu cuidava das capelas, s\u00e1bado e domingo.<br \/>\nDurante a semana, na par\u00f3quia, ajudando o p\u00e1roco em todo o servi\u00e7o, atendendo doentes, enterros, b\u00ean\u00e7\u00e3o de carro e confiss\u00f5es. Aos finais de semana, estava no interior.<br \/>\nN\u00e3o sei como \u00e9 que tive a sorte de visitar tantas capelas, centenas delas durante a minha vida. Nunca me senti doente, sempre ia\u201d.<\/p>\n<p>Frei Ervino ainda comentou que as poucas vezes em que n\u00e3o foi \u00e0s capelas foi porque o mau tempo n\u00e3o permitiu. Mas sempre assumia o compromisso e cumpria.\u00a0 Em sua fala, confessou: \u201cAgora, aqui, nos \u00faltimos anos que estou no convento, estou mais parado. M\u00e9dicos e opera\u00e7\u00f5es, mas ainda n\u00e3o estou \u2018entre\u2019, n\u00e3o\u201d.<\/p>\n<p><strong>Sonhos e esperan\u00e7a<\/strong><\/p>\n<p>Esse frade, que est\u00e1 prestes a completar 100 anos, tem sonhos carregados de esperan\u00e7a. A resposta come\u00e7ou com uma boa gargalhada:<\/p>\n<p>\u201cDisseram que agora eu seria transferido para um cemit\u00e9rio. \u00c9 brincadeira! (risos) Meu sonho \u00e9 continuar at\u00e9 que Deus me d\u00ea vida, na companhia de todos confrades t\u00e3o bons. Meu Deus, voc\u00ea n\u00e3o sabe quantos confrades bons eu tenho aqui no convento de Lages\u201d.<\/p>\n<p>Em suas palavras de afeto, o frade recordou o quanto seus irm\u00e3os confrades o acolheram nos momentos de recupera\u00e7\u00e3o das cirurgias, refor\u00e7ando que a vida fraterna \u00e9 uma importante caracter\u00edstica franciscana. \u201cDevo agradecer a Deus, porque aqui \u00e9 um pequeno verdadeiro para\u00edso aqui na Terra\u201d.<\/p>\n<p>Vida em comunh\u00e3o, em fraternidade, em caminhada guiada pelos ensinamentos de S\u00e3o Francisco de Assis no seguimento de Jesus Cristo. Assim, o frade alegre e cheio de esperan\u00e7a refor\u00e7a que o tempo \u00e9 o grande aliado da sabedoria e da perseveran\u00e7a.<\/p>\n<p>Para celebrar o anivers\u00e1rio natal\u00edcio de Frei Ervino, haver\u00e1 uma Santa Missa no dia 12 de abril, na Par\u00f3quia Nossa Senhora do Navio, em Lages. Ap\u00f3s a celebra\u00e7\u00e3o, a comunidade participar\u00e1 de um almo\u00e7o comemorativo.<\/p>\n<p><strong>Caminhada de vida<\/strong><\/p>\n<p>Frei Ervino \u00e9 filho de Eug\u00eanio Luiz Girardi e de Rosa Tambosi Girardi. Nasceu no dia 09 de abril de 1925, na localidade de Santa Maria, munic\u00edpio de Benedito Novo (SC). De uma fam\u00edlia de 9 irm\u00e3os , 5 homens e 4 mulheres, sentindo-se chamado \u00e0 vida religiosa e sacerdotal, ingressou em janeiro de 1937 no semin\u00e1rio Ser\u00e1fico S\u00e3o Lu\u00eds de Tolosa, em Rio Negro (PR).<\/p>\n<p>Em dezembro de 1946 ingressou no noviciado franciscano em Rodeio (SC). De 1948 a 1949 cursou Filosofia no Convento Bom Jesus, em Curitiba (PR).<\/p>\n<p>De 1950 a 1955 fez o curso de Teologia no Instituto Teol\u00f3gico em Petr\u00f3polis (RJ), onde foi ordenado sacerdote no dia 01 de julho de 1953, e l\u00e1 trabalhou at\u00e9 janeiro de 1955.<\/p>\n<p>De janeiro de 1955 a mar\u00e7o de 1959, trabalhou em Duque de Caxias, Baixada Fluminense (RJ).<\/p>\n<p>De mar\u00e7o de 1959 a abril de 1962, trabalhou no semin\u00e1rio Ser\u00e1fico S\u00e3o Lu\u00eds de Tolosa, em Rio Negro (PR).<\/p>\n<p>De abril de 1962 a janeiro de 1966, residiu em S\u00e3o Francisco do Sul (SC).<\/p>\n<p>De janeiro de 1966 a fevereiro de 1974, exerceu seu minist\u00e9rio sacerdotal em Santo Amaro da Imperatriz (SC).<\/p>\n<p>De fevereiro de 1974 a janeiro de 1986, regressou para Rio Negro (PR), trabalhando nas par\u00f3quias Senhor Bom Jesus da Coluna e Nossa Senhora Aparecida.<\/p>\n<p>De janeiro de 1986 a fevereiro de 1992, esteve em Coronel Freitas (SC).<\/p>\n<p>Em fevereiro de 1992, recebeu transfer\u00eancia para Lages, como vig\u00e1rio paroquial na Par\u00f3quia Nossa Senhora Aparecida do Navio e, em mar\u00e7o de 2019, foi para o Convento Franciscano do Patroc\u00ednio de S\u00e3o Jos\u00e9, onde se encontra at\u00e9 hoje.<\/p>\n<hr \/>\n<p><em>Adriana Rabelo Rodrigues<\/em><\/p>\n","protected":false},"excerpt":{"rendered":"<p>Frade centen\u00e1rio<\/p>\n","protected":false},"author":11,"featured_media":255849,"comment_status":"open","ping_status":"open","sticky":false,"template":"","format":"standard","meta":[],"categories":[1],"tags":[2324,2323,166],"acf":[],"yoast_head":"<!-- This site is optimized with the Yoast SEO plugin v19.2 - https:\/\/yoast.com\/wordpress\/plugins\/seo\/ -->\n<title>Frei Ervino Girardi completa 100 anos de vida - Not\u00edcias - Franciscanos<\/title>\n<meta name=\"robots\" content=\"index, follow, max-snippet:-1, max-image-preview:large, max-video-preview:-1\" \/>\n<link rel=\"canonical\" href=\"https:\/\/franciscanos.org.br\/noticias\/255847.html\" \/>\n<meta property=\"og:locale\" content=\"pt_BR\" \/>\n<meta property=\"og:type\" content=\"article\" \/>\n<meta property=\"og:title\" content=\"Frei Ervino Girardi completa 100 anos de vida - Not\u00edcias - Franciscanos\" \/>\n<meta property=\"og:description\" content=\"Frade centen\u00e1rio\" \/>\n<meta property=\"og:url\" content=\"https:\/\/franciscanos.org.br\/noticias\/255847.html\" \/>\n<meta property=\"og:site_name\" content=\"Not\u00edcias - Franciscanos\" \/>\n<meta property=\"article:published_time\" content=\"2025-04-08T20:15:33+00:00\" \/>\n<meta property=\"article:modified_time\" content=\"2025-04-10T15:58:56+00:00\" \/>\n<meta property=\"og:image\" content=\"https:\/\/franciscanos.org.br\/noticias\/wp-content\/uploads\/2025\/04\/chamada-7.png\" \/>\n\t<meta property=\"og:image:width\" content=\"800\" \/>\n\t<meta property=\"og:image:height\" content=\"550\" \/>\n\t<meta property=\"og:image:type\" content=\"image\/png\" \/>\n<meta name=\"author\" content=\"Adriana Rabelo\" \/>\n<meta name=\"twitter:card\" content=\"summary_large_image\" \/>\n<meta name=\"twitter:label1\" content=\"Escrito por\" \/>\n\t<meta name=\"twitter:data1\" content=\"Adriana Rabelo\" \/>\n\t<meta name=\"twitter:label2\" content=\"Est. tempo de leitura\" \/>\n\t<meta name=\"twitter:data2\" content=\"8 minutos\" \/>\n<script type=\"application\/ld+json\" class=\"yoast-schema-graph\">{\"@context\":\"https:\/\/schema.org\",\"@graph\":[{\"@type\":\"WebSite\",\"@id\":\"https:\/\/franciscanos.org.br\/noticias\/#website\",\"url\":\"https:\/\/franciscanos.org.br\/noticias\/\",\"name\":\"Not\u00edcias - Franciscanos\",\"description\":\"Prov\u00edncia Franciscana da Imaculada Concei\u00e7\u00e3o do Brasil - Ordem dos Frades Menores - OFM\",\"potentialAction\":[{\"@type\":\"SearchAction\",\"target\":{\"@type\":\"EntryPoint\",\"urlTemplate\":\"https:\/\/franciscanos.org.br\/noticias\/?s={search_term_string}\"},\"query-input\":\"required name=search_term_string\"}],\"inLanguage\":\"pt-BR\"},{\"@type\":\"ImageObject\",\"inLanguage\":\"pt-BR\",\"@id\":\"https:\/\/franciscanos.org.br\/noticias\/255847.html#primaryimage\",\"url\":\"https:\/\/franciscanos.org.br\/noticias\/wp-content\/uploads\/2025\/04\/chamada-7.png\",\"contentUrl\":\"https:\/\/franciscanos.org.br\/noticias\/wp-content\/uploads\/2025\/04\/chamada-7.png\",\"width\":800,\"height\":550},{\"@type\":\"WebPage\",\"@id\":\"https:\/\/franciscanos.org.br\/noticias\/255847.html#webpage\",\"url\":\"https:\/\/franciscanos.org.br\/noticias\/255847.html\",\"name\":\"Frei Ervino Girardi completa 100 anos de vida - Not\u00edcias - Franciscanos\",\"isPartOf\":{\"@id\":\"https:\/\/franciscanos.org.br\/noticias\/#website\"},\"primaryImageOfPage\":{\"@id\":\"https:\/\/franciscanos.org.br\/noticias\/255847.html#primaryimage\"},\"datePublished\":\"2025-04-08T20:15:33+00:00\",\"dateModified\":\"2025-04-10T15:58:56+00:00\",\"author\":{\"@id\":\"https:\/\/franciscanos.org.br\/noticias\/#\/schema\/person\/d9422e83121c3ad3b0f423d195f5bb25\"},\"breadcrumb\":{\"@id\":\"https:\/\/franciscanos.org.br\/noticias\/255847.html#breadcrumb\"},\"inLanguage\":\"pt-BR\",\"potentialAction\":[{\"@type\":\"ReadAction\",\"target\":[\"https:\/\/franciscanos.org.br\/noticias\/255847.html\"]}]},{\"@type\":\"BreadcrumbList\",\"@id\":\"https:\/\/franciscanos.org.br\/noticias\/255847.html#breadcrumb\",\"itemListElement\":[{\"@type\":\"ListItem\",\"position\":1,\"name\":\"Home\",\"item\":\"https:\/\/franciscanos.org.br\/noticias\"},{\"@type\":\"ListItem\",\"position\":2,\"name\":\"Frei Ervino Girardi completa 100 anos de vida\"}]},{\"@type\":\"Person\",\"@id\":\"https:\/\/franciscanos.org.br\/noticias\/#\/schema\/person\/d9422e83121c3ad3b0f423d195f5bb25\",\"name\":\"Adriana Rabelo\",\"image\":{\"@type\":\"ImageObject\",\"inLanguage\":\"pt-BR\",\"@id\":\"https:\/\/franciscanos.org.br\/noticias\/#\/schema\/person\/image\/\",\"url\":\"https:\/\/secure.gravatar.com\/avatar\/0a937b7500cd7df77540cfb8bede877d?s=96&d=mm&r=g\",\"contentUrl\":\"https:\/\/secure.gravatar.com\/avatar\/0a937b7500cd7df77540cfb8bede877d?s=96&d=mm&r=g\",\"caption\":\"Adriana Rabelo\"},\"url\":\"https:\/\/franciscanos.org.br\/noticias\/author\/adrianarabelo\"}]}<\/script>\n<!-- \/ Yoast SEO plugin. -->","yoast_head_json":{"title":"Frei Ervino Girardi completa 100 anos de vida - Not\u00edcias - Franciscanos","robots":{"index":"index","follow":"follow","max-snippet":"max-snippet:-1","max-image-preview":"max-image-preview:large","max-video-preview":"max-video-preview:-1"},"canonical":"https:\/\/franciscanos.org.br\/noticias\/255847.html","og_locale":"pt_BR","og_type":"article","og_title":"Frei Ervino Girardi completa 100 anos de vida - Not\u00edcias - Franciscanos","og_description":"Frade centen\u00e1rio","og_url":"https:\/\/franciscanos.org.br\/noticias\/255847.html","og_site_name":"Not\u00edcias - Franciscanos","article_published_time":"2025-04-08T20:15:33+00:00","article_modified_time":"2025-04-10T15:58:56+00:00","og_image":[{"width":800,"height":550,"url":"https:\/\/franciscanos.org.br\/noticias\/wp-content\/uploads\/2025\/04\/chamada-7.png","type":"image\/png"}],"author":"Adriana Rabelo","twitter_card":"summary_large_image","twitter_misc":{"Escrito por":"Adriana Rabelo","Est. tempo de leitura":"8 minutos"},"schema":{"@context":"https:\/\/schema.org","@graph":[{"@type":"WebSite","@id":"https:\/\/franciscanos.org.br\/noticias\/#website","url":"https:\/\/franciscanos.org.br\/noticias\/","name":"Not\u00edcias - Franciscanos","description":"Prov\u00edncia Franciscana da Imaculada Concei\u00e7\u00e3o do Brasil - Ordem dos Frades Menores - OFM","potentialAction":[{"@type":"SearchAction","target":{"@type":"EntryPoint","urlTemplate":"https:\/\/franciscanos.org.br\/noticias\/?s={search_term_string}"},"query-input":"required name=search_term_string"}],"inLanguage":"pt-BR"},{"@type":"ImageObject","inLanguage":"pt-BR","@id":"https:\/\/franciscanos.org.br\/noticias\/255847.html#primaryimage","url":"https:\/\/franciscanos.org.br\/noticias\/wp-content\/uploads\/2025\/04\/chamada-7.png","contentUrl":"https:\/\/franciscanos.org.br\/noticias\/wp-content\/uploads\/2025\/04\/chamada-7.png","width":800,"height":550},{"@type":"WebPage","@id":"https:\/\/franciscanos.org.br\/noticias\/255847.html#webpage","url":"https:\/\/franciscanos.org.br\/noticias\/255847.html","name":"Frei Ervino Girardi completa 100 anos de vida - Not\u00edcias - Franciscanos","isPartOf":{"@id":"https:\/\/franciscanos.org.br\/noticias\/#website"},"primaryImageOfPage":{"@id":"https:\/\/franciscanos.org.br\/noticias\/255847.html#primaryimage"},"datePublished":"2025-04-08T20:15:33+00:00","dateModified":"2025-04-10T15:58:56+00:00","author":{"@id":"https:\/\/franciscanos.org.br\/noticias\/#\/schema\/person\/d9422e83121c3ad3b0f423d195f5bb25"},"breadcrumb":{"@id":"https:\/\/franciscanos.org.br\/noticias\/255847.html#breadcrumb"},"inLanguage":"pt-BR","potentialAction":[{"@type":"ReadAction","target":["https:\/\/franciscanos.org.br\/noticias\/255847.html"]}]},{"@type":"BreadcrumbList","@id":"https:\/\/franciscanos.org.br\/noticias\/255847.html#breadcrumb","itemListElement":[{"@type":"ListItem","position":1,"name":"Home","item":"https:\/\/franciscanos.org.br\/noticias"},{"@type":"ListItem","position":2,"name":"Frei Ervino Girardi completa 100 anos de vida"}]},{"@type":"Person","@id":"https:\/\/franciscanos.org.br\/noticias\/#\/schema\/person\/d9422e83121c3ad3b0f423d195f5bb25","name":"Adriana Rabelo","image":{"@type":"ImageObject","inLanguage":"pt-BR","@id":"https:\/\/franciscanos.org.br\/noticias\/#\/schema\/person\/image\/","url":"https:\/\/secure.gravatar.com\/avatar\/0a937b7500cd7df77540cfb8bede877d?s=96&d=mm&r=g","contentUrl":"https:\/\/secure.gravatar.com\/avatar\/0a937b7500cd7df77540cfb8bede877d?s=96&d=mm&r=g","caption":"Adriana Rabelo"},"url":"https:\/\/franciscanos.org.br\/noticias\/author\/adrianarabelo"}]}},"_links":{"self":[{"href":"https:\/\/franciscanos.org.br\/noticias\/wp-json\/wp\/v2\/posts\/255847"}],"collection":[{"href":"https:\/\/franciscanos.org.br\/noticias\/wp-json\/wp\/v2\/posts"}],"about":[{"href":"https:\/\/franciscanos.org.br\/noticias\/wp-json\/wp\/v2\/types\/post"}],"author":[{"embeddable":true,"href":"https:\/\/franciscanos.org.br\/noticias\/wp-json\/wp\/v2\/users\/11"}],"replies":[{"embeddable":true,"href":"https:\/\/franciscanos.org.br\/noticias\/wp-json\/wp\/v2\/comments?post=255847"}],"version-history":[{"count":6,"href":"https:\/\/franciscanos.org.br\/noticias\/wp-json\/wp\/v2\/posts\/255847\/revisions"}],"predecessor-version":[{"id":255862,"href":"https:\/\/franciscanos.org.br\/noticias\/wp-json\/wp\/v2\/posts\/255847\/revisions\/255862"}],"wp:featuredmedia":[{"embeddable":true,"href":"https:\/\/franciscanos.org.br\/noticias\/wp-json\/wp\/v2\/media\/255849"}],"wp:attachment":[{"href":"https:\/\/franciscanos.org.br\/noticias\/wp-json\/wp\/v2\/media?parent=255847"}],"wp:term":[{"taxonomy":"category","embeddable":true,"href":"https:\/\/franciscanos.org.br\/noticias\/wp-json\/wp\/v2\/categories?post=255847"},{"taxonomy":"post_tag","embeddable":true,"href":"https:\/\/franciscanos.org.br\/noticias\/wp-json\/wp\/v2\/tags?post=255847"}],"curies":[{"name":"wp","href":"https:\/\/api.w.org\/{rel}","templated":true}]}}