{"id":255814,"date":"2025-04-07T17:11:20","date_gmt":"2025-04-07T20:11:20","guid":{"rendered":"https:\/\/franciscanos.org.br\/noticias\/?p=255814"},"modified":"2025-04-08T12:14:56","modified_gmt":"2025-04-08T15:14:56","slug":"o-agir-coletivo-do-texto-base-as-praticas-em-comunidade","status":"publish","type":"post","link":"https:\/\/franciscanos.org.br\/noticias\/o-agir-coletivo-do-texto-base-as-praticas-em-comunidade.html","title":{"rendered":"O agir coletivo do Texto-Base \u00e0s pr\u00e1ticas em comunidade"},"content":{"rendered":"<p><img loading=\"lazy\" class=\"aligncenter wp-image-255816 size-full\" src=\"https:\/\/franciscanos.org.br\/noticias\/wp-content\/uploads\/2025\/04\/banner-site-0.2-11.png\" alt=\"\" width=\"1280\" height=\"720\" srcset=\"https:\/\/franciscanos.org.br\/noticias\/wp-content\/uploads\/2025\/04\/banner-site-0.2-11.png 1280w, https:\/\/franciscanos.org.br\/noticias\/wp-content\/uploads\/2025\/04\/banner-site-0.2-11-450x253.png 450w, https:\/\/franciscanos.org.br\/noticias\/wp-content\/uploads\/2025\/04\/banner-site-0.2-11-1024x576.png 1024w, https:\/\/franciscanos.org.br\/noticias\/wp-content\/uploads\/2025\/04\/banner-site-0.2-11-768x432.png 768w, https:\/\/franciscanos.org.br\/noticias\/wp-content\/uploads\/2025\/04\/banner-site-0.2-11-150x84.png 150w\" sizes=\"(max-width: 1280px) 100vw, 1280px\" \/><\/p>\n<p>&#8220;O Cristo-Deus se fez humano nesta terra e \u00e0s criaturas deu valor e aten\u00e7\u00e3o. A vida plena, que no mundo j\u00e1 se espera, ganha sentido com a nossa reden\u00e7\u00e3o. Ao entregar o Para\u00edso ao ser humano, Deus contemplou sua beleza e seus dons. Louvado seja nosso Pai, o Criador: &#8216;Deus viu que tudo, tudo era muito bom!'&#8221;<\/p>\n<p>O hino da Campanha da Fraternidade 2025 \u00e9 um convite para uma importante reflex\u00e3o, iniciada neste tempo da Quaresma, quando somos chamados a voltar nossos cora\u00e7\u00f5es e pr\u00e1ticas para uma rela\u00e7\u00e3o integral com Deus e com o meio ambiente que nos cerca, partindo do princ\u00edpio de que tudo est\u00e1 interligado, pois tamb\u00e9m somos natureza.<\/p>\n<p>Em seus 61 anos de hist\u00f3ria, esta \u00e9 a 9\u00aa vez que a tem\u00e1tica ambiental \u00e9 abordada. Mas, desta vez, a Igreja traz \u00e0 luz a quest\u00e3o ambiental em tempos de urgente crise socioambiental, para um &#8220;processo de convers\u00e3o integral, ouvindo o grito dos pobres e da Terra&#8221; (Objetivo Geral da CF 2025).<\/p>\n<p>A partir do tema: \u201cFraternidade e Ecologia Integral\u201d e do lema: \u201cDeus viu que tudo era muito bom\u201d (Gn 1,31), a CNBB (Confer\u00eancia Nacional dos Bispos do Brasil), em parceria com pesquisadores e religiosos, definiu a Campanha com o prop\u00f3sito de motivar os crist\u00e3os \u2014 e todos aqueles que desejam promover o bem comum e a preserva\u00e7\u00e3o da Casa Comum \u2014, tendo como base o reconhecimento do caminho percorrido e das a\u00e7\u00f5es j\u00e1 iniciadas com a Enc\u00edclica <em>Laudato si\u2019<\/em> (LS) e o S\u00ednodo da Amaz\u00f4nia, em vista de seu fortalecimento e continuidade.<\/p>\n<p><img loading=\"lazy\" class=\"size-medium wp-image-255819 alignright\" src=\"https:\/\/franciscanos.org.br\/noticias\/wp-content\/uploads\/2025\/04\/WhatsApp-Image-2024-08-02-at-12.57.26-500x708-1-318x450.jpeg\" alt=\"\" width=\"318\" height=\"450\" srcset=\"https:\/\/franciscanos.org.br\/noticias\/wp-content\/uploads\/2025\/04\/WhatsApp-Image-2024-08-02-at-12.57.26-500x708-1-318x450.jpeg 318w, https:\/\/franciscanos.org.br\/noticias\/wp-content\/uploads\/2025\/04\/WhatsApp-Image-2024-08-02-at-12.57.26-500x708-1-150x212.jpeg 150w, https:\/\/franciscanos.org.br\/noticias\/wp-content\/uploads\/2025\/04\/WhatsApp-Image-2024-08-02-at-12.57.26-500x708-1.jpeg 500w\" sizes=\"(max-width: 318px) 100vw, 318px\" \/>Por meio dessa profunda reflex\u00e3o, com olhar especial para as diferentes realidades do pa\u00eds e do mundo, dentre os objetivos espec\u00edficos definidos, est\u00e1 a den\u00fancia dos males que o modo de vida atual imp\u00f5e ao planeta e que t\u00eam gerado uma \u201ccomplexa crise socioambiental\u201d (LS 135), dado que, em nossa Casa Comum, &#8220;tudo est\u00e1 interligado&#8221; (LS 16). Assim como apontar as causas da grave crise clim\u00e1tica global, a urg\u00eancia de uma altera\u00e7\u00e3o profunda em nossos modos de vida e as &#8220;falsas solu\u00e7\u00f5es&#8221; (LS 54) fomentadas em nome da transi\u00e7\u00e3o energ\u00e9tica.<\/p>\n<p>Al\u00e9m das quest\u00f5es abordadas e apontadas inicialmente neste texto, a Campanha da Fraternidade deste ano tem a miss\u00e3o de promover o despertar e o sentimento de urg\u00eancia diante dos fatos negativos que adoecem a exist\u00eancia de todas as criaturas (animais, vegetais e humanas), evidenciando que todos somos um, somos natureza e frutos da cria\u00e7\u00e3o de Deus.<\/p>\n<p>Por isso, a urg\u00eancia de uma ecologia integral, apresentada na Enc\u00edclica <em>Laudato si&#8217;<\/em>, do Papa Francisco, e na Exorta\u00e7\u00e3o Apost\u00f3lica <em>Laudate Deum<\/em>, ganha for\u00e7a com este documento que completa 10 anos.<\/p>\n<p><strong>Elabora\u00e7\u00e3o do Texto-Base<\/strong><\/p>\n<p>Toda Campanha da Fraternidade \u00e9 executada a partir de um Texto-Base, documento principal de orienta\u00e7\u00e3o e aprofundamento da tem\u00e1tica proposta pela CNBB. Esse material \u00e9 um instrumento formativo e pastoral que tem como objetivo favorecer a reflex\u00e3o sobre o tema e o lema da Campanha, sendo um guia para comunidades, par\u00f3quias, dioceses e pastorais desenvolverem encontros, celebra\u00e7\u00f5es, a\u00e7\u00f5es concretas e momentos de espiritualidade durante a Quaresma. O texto oferece subs\u00eddios teol\u00f3gicos, b\u00edblicos, sociais e pastorais, sempre contextualizados \u00e0 luz da Doutrina Social da Igreja.<\/p>\n<p>De acordo com o site da CNBB, o Texto-Base da Campanha deste ano evoca a inter-rela\u00e7\u00e3o entre o Criador e toda a cria\u00e7\u00e3o, destacando o ser humano como protagonista do cuidado. A ele foi dada a miss\u00e3o de guardi\u00e3o respons\u00e1vel pela Casa Comum, na qual, dentro de uma cosmovis\u00e3o integradora, se devem conjugar as dimens\u00f5es ambiental, antropol\u00f3gica e teol\u00f3gica.<\/p>\n<p>A convite da CNBB, em um processo coletivo que contou com a participa\u00e7\u00e3o de pesquisadores, professores e religiosos de diversos saberes e posi\u00e7\u00f5es da sociedade, em janeiro de 2024, o material da Campanha da Fraternidade passou a ser desenvolvido.<\/p>\n<p>O trabalho coletivo envolveu uma equipe qualificada, com cientistas como as professoras e pesquisadoras Ima C\u00e9lia Guimar\u00e3es Vieira e M\u00e1rcia Maria de Oliveira; o padre Josaf\u00e1 Carlos de Siqueira, bi\u00f3logo; al\u00e9m de Matthias Grenzer, professor de Teologia da PUC-SP, Moema Maria Marques de Miranda e Dom Jos\u00e9 Altevir da Silva, que contribu\u00edram com a abordagem espiritual, na perspectiva do conjunto dos saberes. O grupo teve como miss\u00e3o trabalhar a dimens\u00e3o do <em>iluminar<\/em> da Campanha da Fraternidade, integrando a perspectiva b\u00edblica, dos Padres da Igreja, da Doutrina Social da Igreja e, ao mesmo tempo, o conhecimento e a sabedoria dos povos ancestrais e das ci\u00eancias \u2014 quest\u00f5es consideradas pelo Papa Francisco na Enc\u00edclica <em>Laudato si&#8217;.<\/em><\/p>\n<div id=\"attachment_255822\" style=\"width: 460px\" class=\"wp-caption alignright\"><img aria-describedby=\"caption-attachment-255822\" loading=\"lazy\" class=\"wp-image-255822 size-medium\" src=\"https:\/\/franciscanos.org.br\/noticias\/wp-content\/uploads\/2025\/04\/WhatsApp-Image-2025-04-04-at-15.33.58-2-450x300.jpeg\" alt=\"\" width=\"450\" height=\"300\" srcset=\"https:\/\/franciscanos.org.br\/noticias\/wp-content\/uploads\/2025\/04\/WhatsApp-Image-2025-04-04-at-15.33.58-2-450x300.jpeg 450w, https:\/\/franciscanos.org.br\/noticias\/wp-content\/uploads\/2025\/04\/WhatsApp-Image-2025-04-04-at-15.33.58-2-768x512.jpeg 768w, https:\/\/franciscanos.org.br\/noticias\/wp-content\/uploads\/2025\/04\/WhatsApp-Image-2025-04-04-at-15.33.58-2-150x100.jpeg 150w, https:\/\/franciscanos.org.br\/noticias\/wp-content\/uploads\/2025\/04\/WhatsApp-Image-2025-04-04-at-15.33.58-2.jpeg 1024w\" sizes=\"(max-width: 450px) 100vw, 450px\" \/><p id=\"caption-attachment-255822\" class=\"wp-caption-text\">Profa. Moema<\/p><\/div>\n<p>Em entrevista ao site Franciscanos, Moema Miranda, franciscana OFS (Ordem Franciscana Secular), professora do Instituto Teol\u00f3gico Franciscano e assessora da Comiss\u00e3o Episcopal Especial de Ecologia Integral e Minera\u00e7\u00e3o da CNBB, falou sobre sua satisfa\u00e7\u00e3o em participar da elabora\u00e7\u00e3o do documento:<br \/>\n&#8220;Foi uma alegria e um trabalho de muita fraternidade, conduzido de uma maneira muito gentil e competente pelo padre Jean Poul, que \u00e9 o coordenador das Campanhas da Fraternidade. O tema deste ano foi sugerido pela Comiss\u00e3o Especial Eclesial de Ecologia Integral e Minera\u00e7\u00e3o da Confer\u00eancia Nacional dos Bispos do Brasil, onde n\u00f3s atuamos como assessores&#8221;.<\/p>\n<p>Al\u00e9m da professora, Frei Rodrigo P\u00e9ret, da Cust\u00f3dia do Sagrado Cora\u00e7\u00e3o de Jesus, localizada em Franca (SP),\u00a0 tamb\u00e9m integra a Comiss\u00e3o. H\u00e1 dois anos o grupo j\u00e1 havia percebido que a quest\u00e3o ambiental estaria em destaque neste ano, devido \u00e0 realiza\u00e7\u00e3o da COP 30 no Brasil, \u00e0 comemora\u00e7\u00e3o dos dez anos do lan\u00e7amento da Enc\u00edclica <em>Laudato si\u2019<\/em> e aos 800 anos da celebra\u00e7\u00e3o do C\u00e2ntico das Criaturas.<\/p>\n<p>&#8220;Embora j\u00e1 tivesse tratado do tema da ecologia em outras oportunidades, era urgente a abordagem deste ano sob a perspectiva da ecologia integral. Como franciscana, foi um trabalho muito gratificante perceber o quanto a espiritualidade de S\u00e3o Francisco e de Santa Clara de Assis tem hoje uma atualidade talvez maior do que em qualquer outro momento da hist\u00f3ria da humanidade no planeta Terra&#8221;, salientou.<\/p>\n<p>Segundo ela, a motiva\u00e7\u00e3o para participar do grupo respons\u00e1vel pelo Texto-Base da Campanha da Fraternidade veio tamb\u00e9m da chance que teria de levar a perspectiva franciscana e clariana, bem como a vis\u00e3o trabalhada na Comiss\u00e3o Especial de Ecologia Integral e Minera\u00e7\u00e3o, de tal forma que ele pudesse ter, al\u00e9m de uma abordagem consistente e abrangente, a ilumina\u00e7\u00e3o e a compreens\u00e3o caracter\u00edsticas do franciscanismo.<\/p>\n<p>&#8220;\u00c9 muito gratificante perceber que a nossa pr\u00e1tica da espiritualidade franciscana e clariana seja reconhecida como algo que pode contribuir com a Igreja do Brasil. \u00c9 uma possibilidade de estarmos presentes com nossa humildade, sendo reconhecidos e sabendo que podemos contribuir com nosso conhecimento parcial para a t\u00e3o importante convers\u00e3o \u00e0 qual o Papa Francisco nos chama. Talvez o elemento mais importante seja essa convers\u00e3o presente na <em>Laudato si\u2019<\/em>, para que possamos romper com a perspectiva antropoc\u00eantrica \u2014 como se n\u00f3s, seres humanos, f\u00f4ssemos o centro absoluto da cria\u00e7\u00e3o, um reino dentro de outro reino \u2014 e compreender, como S\u00e3o Francisco j\u00e1 nos convida, que somos partes, somos irm\u00e3os e irm\u00e3s dos seres n\u00e3o humanos, das florestas, dos rios, das \u00e1guas \u2014 parte da cria\u00e7\u00e3o infinita de Deus&#8221;, explicou Moema.<\/p>\n<p><strong>Abordagens integradas e franciscanas<\/strong><\/p>\n<p>Voltando a falar sobre a ideia de a Campanha da Fraternidade abordar a ecologia integral, das m\u00faltiplas dimens\u00f5es da ecologia, como a humana, a social e a ambiental, no sentido da inter-rela\u00e7\u00e3o no planeta Terra com todos os aspectos que levam \u00e0 vida \u2014 a hidrosfera, a atmosfera, todas essas dimens\u00f5es que comp\u00f5em a biosfera, a esfera da vida \u2014, segundo Moema, podemos inclusive relacionar \u00e0 dimens\u00e3o da teosfera, a esfera do amor de Deus.<br \/>\n&#8220;Na ora\u00e7\u00e3o final da <em>Laudato si\u2019<\/em>, o Papa Francisco fala desse onipotente Senhor que est\u00e1 presente em todo o universo e na mais pequenina das suas criaturas. Ent\u00e3o, talvez esse seja o diferencial que a abordagem da Enc\u00edclica <em>Laudato Si\u2019<\/em> traz, o que j\u00e1 era um percurso da Igreja, anterior ao atual Pont\u00edfice&#8221;.<\/p>\n<p>Seguindo a linha de reflex\u00e3o proposta pelo Papa Francisco, a professora ainda refor\u00e7ou a import\u00e2ncia das dimens\u00f5es da vida e da f\u00e9 estarem integradas com as dimens\u00f5es cient\u00edfica e pol\u00edtica, justamente para que possamos buscar alternativas. E o Texto-Base nos oferece, segundo ela, a dimens\u00e3o do <em>agir<\/em>:<br \/>\n&#8220;Tomada essa consci\u00eancia, precisamos atuar como comunidade \u2014 no nosso plano pessoal, sim \u2014, mas precisamos atuar coletivamente. A dimens\u00e3o do problema n\u00e3o nos permite uma atua\u00e7\u00e3o somente intimista. Ela exige uma participa\u00e7\u00e3o de compromisso com a causa da Casa Comum. O Texto-Base contribui com esses elementos e com uma leitura consistente que, por meio de infinitas formas de forma\u00e7\u00e3o, divulga\u00e7\u00e3o e atividades preparat\u00f3rias comoventes, contribuem com o processo de forma\u00e7\u00e3o&#8221;.<\/p>\n<p>Citando Byung-Chul Han, no livro <em>O esp\u00edrito da esperan\u00e7a: contra a sociedade do medo<\/em>, no qual ele fala da diferen\u00e7a entre esperan\u00e7a e otimismo, Moema afirma que, em meio a um mundo de crises muito s\u00e9rias, necessitamos ter um olhar que nos d\u00ea total consci\u00eancia da gravidade da situa\u00e7\u00e3o e, ao mesmo tempo, precisamos cultivar a confian\u00e7a de que \u00e9 poss\u00edvel mudar \u2014 porque a causa da crise est\u00e1 vinculada \u00e0 a\u00e7\u00e3o humana.<br \/>\n\u201cSe n\u00f3s fizemos, podemos desfazer. O ap\u00f3stolo Jo\u00e3o nos convida a, no meio do caos, enxergar o caminho da luz conduzidos pelo Cordeiro, aquele que traz a marca da degola, que, sofrendo a viol\u00eancia, atua pela paz, n\u00e3o revida na mesma moeda, mas nos conduz para um caminho de vida, e de vida em abund\u00e2ncia. Essa dimens\u00e3o da esperan\u00e7a \u00e9 aquela que cresce nos momentos de trag\u00e9dia e de dificuldade, como vimos com a Covid. \u00c9 essa esperan\u00e7a, como crist\u00e3os e crist\u00e3s, que nos conduz e que pode garantir que sejamos, como Jesus nos convida: sal da terra e luz do mundo. Paz e bem!\u201d<\/p>\n<hr \/>\n<p><em>Adriana Rabelo<\/em><\/p>\n","protected":false},"excerpt":{"rendered":"<p>O criar e o agir para a Campanha da Fraternidade 2025<\/p>\n","protected":false},"author":11,"featured_media":255815,"comment_status":"open","ping_status":"open","sticky":false,"template":"","format":"standard","meta":[],"categories":[1],"tags":[2232],"acf":[],"yoast_head":"<!-- This site is optimized with the Yoast SEO plugin v19.2 - https:\/\/yoast.com\/wordpress\/plugins\/seo\/ -->\n<title>O agir coletivo do Texto-Base \u00e0s pr\u00e1ticas em comunidade - Not\u00edcias - Franciscanos<\/title>\n<meta name=\"robots\" content=\"index, follow, max-snippet:-1, max-image-preview:large, max-video-preview:-1\" \/>\n<link rel=\"canonical\" href=\"https:\/\/franciscanos.org.br\/noticias\/o-agir-coletivo-do-texto-base-as-praticas-em-comunidade.html\" \/>\n<meta property=\"og:locale\" content=\"pt_BR\" \/>\n<meta property=\"og:type\" content=\"article\" \/>\n<meta property=\"og:title\" content=\"O agir coletivo do Texto-Base \u00e0s pr\u00e1ticas em comunidade - Not\u00edcias - Franciscanos\" \/>\n<meta property=\"og:description\" content=\"O criar e o agir para a Campanha da Fraternidade 2025\" \/>\n<meta property=\"og:url\" content=\"https:\/\/franciscanos.org.br\/noticias\/o-agir-coletivo-do-texto-base-as-praticas-em-comunidade.html\" \/>\n<meta property=\"og:site_name\" content=\"Not\u00edcias - Franciscanos\" \/>\n<meta property=\"article:published_time\" content=\"2025-04-07T20:11:20+00:00\" \/>\n<meta property=\"article:modified_time\" content=\"2025-04-08T15:14:56+00:00\" \/>\n<meta property=\"og:image\" content=\"https:\/\/franciscanos.org.br\/noticias\/wp-content\/uploads\/2025\/04\/banner-site-0.1-7.png\" \/>\n\t<meta property=\"og:image:width\" content=\"800\" \/>\n\t<meta property=\"og:image:height\" content=\"550\" \/>\n\t<meta property=\"og:image:type\" content=\"image\/png\" \/>\n<meta name=\"author\" content=\"Adriana Rabelo\" \/>\n<meta name=\"twitter:card\" content=\"summary_large_image\" \/>\n<meta name=\"twitter:label1\" content=\"Escrito por\" \/>\n\t<meta name=\"twitter:data1\" content=\"Adriana Rabelo\" \/>\n\t<meta name=\"twitter:label2\" content=\"Est. tempo de leitura\" \/>\n\t<meta name=\"twitter:data2\" content=\"9 minutos\" \/>\n<script type=\"application\/ld+json\" class=\"yoast-schema-graph\">{\"@context\":\"https:\/\/schema.org\",\"@graph\":[{\"@type\":\"WebSite\",\"@id\":\"https:\/\/franciscanos.org.br\/noticias\/#website\",\"url\":\"https:\/\/franciscanos.org.br\/noticias\/\",\"name\":\"Not\u00edcias - Franciscanos\",\"description\":\"Prov\u00edncia Franciscana da Imaculada Concei\u00e7\u00e3o do Brasil - Ordem dos Frades Menores - OFM\",\"potentialAction\":[{\"@type\":\"SearchAction\",\"target\":{\"@type\":\"EntryPoint\",\"urlTemplate\":\"https:\/\/franciscanos.org.br\/noticias\/?s={search_term_string}\"},\"query-input\":\"required name=search_term_string\"}],\"inLanguage\":\"pt-BR\"},{\"@type\":\"ImageObject\",\"inLanguage\":\"pt-BR\",\"@id\":\"https:\/\/franciscanos.org.br\/noticias\/o-agir-coletivo-do-texto-base-as-praticas-em-comunidade.html#primaryimage\",\"url\":\"https:\/\/franciscanos.org.br\/noticias\/wp-content\/uploads\/2025\/04\/banner-site-0.1-7.png\",\"contentUrl\":\"https:\/\/franciscanos.org.br\/noticias\/wp-content\/uploads\/2025\/04\/banner-site-0.1-7.png\",\"width\":800,\"height\":550},{\"@type\":\"WebPage\",\"@id\":\"https:\/\/franciscanos.org.br\/noticias\/o-agir-coletivo-do-texto-base-as-praticas-em-comunidade.html#webpage\",\"url\":\"https:\/\/franciscanos.org.br\/noticias\/o-agir-coletivo-do-texto-base-as-praticas-em-comunidade.html\",\"name\":\"O agir coletivo do Texto-Base \u00e0s pr\u00e1ticas em comunidade - Not\u00edcias - Franciscanos\",\"isPartOf\":{\"@id\":\"https:\/\/franciscanos.org.br\/noticias\/#website\"},\"primaryImageOfPage\":{\"@id\":\"https:\/\/franciscanos.org.br\/noticias\/o-agir-coletivo-do-texto-base-as-praticas-em-comunidade.html#primaryimage\"},\"datePublished\":\"2025-04-07T20:11:20+00:00\",\"dateModified\":\"2025-04-08T15:14:56+00:00\",\"author\":{\"@id\":\"https:\/\/franciscanos.org.br\/noticias\/#\/schema\/person\/d9422e83121c3ad3b0f423d195f5bb25\"},\"breadcrumb\":{\"@id\":\"https:\/\/franciscanos.org.br\/noticias\/o-agir-coletivo-do-texto-base-as-praticas-em-comunidade.html#breadcrumb\"},\"inLanguage\":\"pt-BR\",\"potentialAction\":[{\"@type\":\"ReadAction\",\"target\":[\"https:\/\/franciscanos.org.br\/noticias\/o-agir-coletivo-do-texto-base-as-praticas-em-comunidade.html\"]}]},{\"@type\":\"BreadcrumbList\",\"@id\":\"https:\/\/franciscanos.org.br\/noticias\/o-agir-coletivo-do-texto-base-as-praticas-em-comunidade.html#breadcrumb\",\"itemListElement\":[{\"@type\":\"ListItem\",\"position\":1,\"name\":\"Home\",\"item\":\"https:\/\/franciscanos.org.br\/noticias\"},{\"@type\":\"ListItem\",\"position\":2,\"name\":\"O agir coletivo do Texto-Base \u00e0s pr\u00e1ticas em comunidade\"}]},{\"@type\":\"Person\",\"@id\":\"https:\/\/franciscanos.org.br\/noticias\/#\/schema\/person\/d9422e83121c3ad3b0f423d195f5bb25\",\"name\":\"Adriana Rabelo\",\"image\":{\"@type\":\"ImageObject\",\"inLanguage\":\"pt-BR\",\"@id\":\"https:\/\/franciscanos.org.br\/noticias\/#\/schema\/person\/image\/\",\"url\":\"https:\/\/secure.gravatar.com\/avatar\/0a937b7500cd7df77540cfb8bede877d?s=96&d=mm&r=g\",\"contentUrl\":\"https:\/\/secure.gravatar.com\/avatar\/0a937b7500cd7df77540cfb8bede877d?s=96&d=mm&r=g\",\"caption\":\"Adriana Rabelo\"},\"url\":\"https:\/\/franciscanos.org.br\/noticias\/author\/adrianarabelo\"}]}<\/script>\n<!-- \/ Yoast SEO plugin. -->","yoast_head_json":{"title":"O agir coletivo do Texto-Base \u00e0s pr\u00e1ticas em comunidade - Not\u00edcias - Franciscanos","robots":{"index":"index","follow":"follow","max-snippet":"max-snippet:-1","max-image-preview":"max-image-preview:large","max-video-preview":"max-video-preview:-1"},"canonical":"https:\/\/franciscanos.org.br\/noticias\/o-agir-coletivo-do-texto-base-as-praticas-em-comunidade.html","og_locale":"pt_BR","og_type":"article","og_title":"O agir coletivo do Texto-Base \u00e0s pr\u00e1ticas em comunidade - Not\u00edcias - Franciscanos","og_description":"O criar e o agir para a Campanha da Fraternidade 2025","og_url":"https:\/\/franciscanos.org.br\/noticias\/o-agir-coletivo-do-texto-base-as-praticas-em-comunidade.html","og_site_name":"Not\u00edcias - Franciscanos","article_published_time":"2025-04-07T20:11:20+00:00","article_modified_time":"2025-04-08T15:14:56+00:00","og_image":[{"width":800,"height":550,"url":"https:\/\/franciscanos.org.br\/noticias\/wp-content\/uploads\/2025\/04\/banner-site-0.1-7.png","type":"image\/png"}],"author":"Adriana Rabelo","twitter_card":"summary_large_image","twitter_misc":{"Escrito por":"Adriana Rabelo","Est. tempo de leitura":"9 minutos"},"schema":{"@context":"https:\/\/schema.org","@graph":[{"@type":"WebSite","@id":"https:\/\/franciscanos.org.br\/noticias\/#website","url":"https:\/\/franciscanos.org.br\/noticias\/","name":"Not\u00edcias - Franciscanos","description":"Prov\u00edncia Franciscana da Imaculada Concei\u00e7\u00e3o do Brasil - Ordem dos Frades Menores - OFM","potentialAction":[{"@type":"SearchAction","target":{"@type":"EntryPoint","urlTemplate":"https:\/\/franciscanos.org.br\/noticias\/?s={search_term_string}"},"query-input":"required name=search_term_string"}],"inLanguage":"pt-BR"},{"@type":"ImageObject","inLanguage":"pt-BR","@id":"https:\/\/franciscanos.org.br\/noticias\/o-agir-coletivo-do-texto-base-as-praticas-em-comunidade.html#primaryimage","url":"https:\/\/franciscanos.org.br\/noticias\/wp-content\/uploads\/2025\/04\/banner-site-0.1-7.png","contentUrl":"https:\/\/franciscanos.org.br\/noticias\/wp-content\/uploads\/2025\/04\/banner-site-0.1-7.png","width":800,"height":550},{"@type":"WebPage","@id":"https:\/\/franciscanos.org.br\/noticias\/o-agir-coletivo-do-texto-base-as-praticas-em-comunidade.html#webpage","url":"https:\/\/franciscanos.org.br\/noticias\/o-agir-coletivo-do-texto-base-as-praticas-em-comunidade.html","name":"O agir coletivo do Texto-Base \u00e0s pr\u00e1ticas em comunidade - Not\u00edcias - Franciscanos","isPartOf":{"@id":"https:\/\/franciscanos.org.br\/noticias\/#website"},"primaryImageOfPage":{"@id":"https:\/\/franciscanos.org.br\/noticias\/o-agir-coletivo-do-texto-base-as-praticas-em-comunidade.html#primaryimage"},"datePublished":"2025-04-07T20:11:20+00:00","dateModified":"2025-04-08T15:14:56+00:00","author":{"@id":"https:\/\/franciscanos.org.br\/noticias\/#\/schema\/person\/d9422e83121c3ad3b0f423d195f5bb25"},"breadcrumb":{"@id":"https:\/\/franciscanos.org.br\/noticias\/o-agir-coletivo-do-texto-base-as-praticas-em-comunidade.html#breadcrumb"},"inLanguage":"pt-BR","potentialAction":[{"@type":"ReadAction","target":["https:\/\/franciscanos.org.br\/noticias\/o-agir-coletivo-do-texto-base-as-praticas-em-comunidade.html"]}]},{"@type":"BreadcrumbList","@id":"https:\/\/franciscanos.org.br\/noticias\/o-agir-coletivo-do-texto-base-as-praticas-em-comunidade.html#breadcrumb","itemListElement":[{"@type":"ListItem","position":1,"name":"Home","item":"https:\/\/franciscanos.org.br\/noticias"},{"@type":"ListItem","position":2,"name":"O agir coletivo do Texto-Base \u00e0s pr\u00e1ticas em comunidade"}]},{"@type":"Person","@id":"https:\/\/franciscanos.org.br\/noticias\/#\/schema\/person\/d9422e83121c3ad3b0f423d195f5bb25","name":"Adriana Rabelo","image":{"@type":"ImageObject","inLanguage":"pt-BR","@id":"https:\/\/franciscanos.org.br\/noticias\/#\/schema\/person\/image\/","url":"https:\/\/secure.gravatar.com\/avatar\/0a937b7500cd7df77540cfb8bede877d?s=96&d=mm&r=g","contentUrl":"https:\/\/secure.gravatar.com\/avatar\/0a937b7500cd7df77540cfb8bede877d?s=96&d=mm&r=g","caption":"Adriana Rabelo"},"url":"https:\/\/franciscanos.org.br\/noticias\/author\/adrianarabelo"}]}},"_links":{"self":[{"href":"https:\/\/franciscanos.org.br\/noticias\/wp-json\/wp\/v2\/posts\/255814"}],"collection":[{"href":"https:\/\/franciscanos.org.br\/noticias\/wp-json\/wp\/v2\/posts"}],"about":[{"href":"https:\/\/franciscanos.org.br\/noticias\/wp-json\/wp\/v2\/types\/post"}],"author":[{"embeddable":true,"href":"https:\/\/franciscanos.org.br\/noticias\/wp-json\/wp\/v2\/users\/11"}],"replies":[{"embeddable":true,"href":"https:\/\/franciscanos.org.br\/noticias\/wp-json\/wp\/v2\/comments?post=255814"}],"version-history":[{"count":17,"href":"https:\/\/franciscanos.org.br\/noticias\/wp-json\/wp\/v2\/posts\/255814\/revisions"}],"predecessor-version":[{"id":255846,"href":"https:\/\/franciscanos.org.br\/noticias\/wp-json\/wp\/v2\/posts\/255814\/revisions\/255846"}],"wp:featuredmedia":[{"embeddable":true,"href":"https:\/\/franciscanos.org.br\/noticias\/wp-json\/wp\/v2\/media\/255815"}],"wp:attachment":[{"href":"https:\/\/franciscanos.org.br\/noticias\/wp-json\/wp\/v2\/media?parent=255814"}],"wp:term":[{"taxonomy":"category","embeddable":true,"href":"https:\/\/franciscanos.org.br\/noticias\/wp-json\/wp\/v2\/categories?post=255814"},{"taxonomy":"post_tag","embeddable":true,"href":"https:\/\/franciscanos.org.br\/noticias\/wp-json\/wp\/v2\/tags?post=255814"}],"curies":[{"name":"wp","href":"https:\/\/api.w.org\/{rel}","templated":true}]}}