{"id":255784,"date":"2025-04-01T08:00:28","date_gmt":"2025-04-01T11:00:28","guid":{"rendered":"https:\/\/franciscanos.org.br\/noticias\/?p=255784"},"modified":"2025-04-04T08:19:59","modified_gmt":"2025-04-04T11:19:59","slug":"santuario-frei-galvao-faz-investidura-de-43-coroinhas-e-19-acolitos","status":"publish","type":"post","link":"https:\/\/franciscanos.org.br\/noticias\/santuario-frei-galvao-faz-investidura-de-43-coroinhas-e-19-acolitos.html","title":{"rendered":"Santu\u00e1rio Frei Galv\u00e3o faz investidura de 43 coroinhas e 19 ac\u00f3litos"},"content":{"rendered":"<p><img loading=\"lazy\" class=\"aligncenter wp-image-255785 size-full\" src=\"https:\/\/franciscanos.org.br\/noticias\/wp-content\/uploads\/2025\/04\/MATERIA-6.png\" alt=\"\" width=\"1280\" height=\"720\" srcset=\"https:\/\/franciscanos.org.br\/noticias\/wp-content\/uploads\/2025\/04\/MATERIA-6.png 1280w, https:\/\/franciscanos.org.br\/noticias\/wp-content\/uploads\/2025\/04\/MATERIA-6-450x253.png 450w, https:\/\/franciscanos.org.br\/noticias\/wp-content\/uploads\/2025\/04\/MATERIA-6-1024x576.png 1024w, https:\/\/franciscanos.org.br\/noticias\/wp-content\/uploads\/2025\/04\/MATERIA-6-768x432.png 768w, https:\/\/franciscanos.org.br\/noticias\/wp-content\/uploads\/2025\/04\/MATERIA-6-150x84.png 150w\" sizes=\"(max-width: 1280px) 100vw, 1280px\" \/><\/p>\n<p>No \u00faltimo s\u00e1bado, 29 de mar\u00e7o, o Santu\u00e1rio Frei Galv\u00e3o, em Guaratinguet\u00e1 (SP), viveu um momento de grande alegria e espiritualidade com a celebra\u00e7\u00e3o de envio de 43 coroinhas e 19 ac\u00f3litos. A cerim\u00f4nia, repleta de emo\u00e7\u00e3o e significado, contou com a presen\u00e7a de familiares, padrinhos e madrinhas dos novos servidores do altar, que os acompanharam nessa caminhada de f\u00e9 e compromisso.<\/p>\n<p>Ap\u00f3s seis dias de intensa forma\u00e7\u00e3o, ministrados pelo coordenador Johnnatha Yamanaka e sua equipe, os novos coroinhas e ac\u00f3litos receberam suas vestes lit\u00fargicas e foram oficialmente apresentados \u00e0 comunidade, assumindo o compromisso de servir no altar com dedica\u00e7\u00e3o e devo\u00e7\u00e3o.<\/p>\n\n\t\t<style type=\"text\/css\">\n\t\t\t#gallery-1 {\n\t\t\t\tmargin: auto;\n\t\t\t}\n\t\t\t#gallery-1 .gallery-item {\n\t\t\t\tfloat: left;\n\t\t\t\tmargin-top: 10px;\n\t\t\t\ttext-align: center;\n\t\t\t\twidth: 50%;\n\t\t\t}\n\t\t\t#gallery-1 img {\n\t\t\t\tborder: 2px solid #cfcfcf;\n\t\t\t}\n\t\t\t#gallery-1 .gallery-caption {\n\t\t\t\tmargin-left: 0;\n\t\t\t}\n\t\t\t\/* see gallery_shortcode() in wp-includes\/media.php *\/\n\t\t<\/style>\n\t\t<div id='gallery-1' class='gallery galleryid-255784 gallery-columns-2 gallery-size-thumbnail'><dl class='gallery-item'>\n\t\t\t<dt class='gallery-icon landscape'>\n\t\t\t\t<a href='https:\/\/franciscanos.org.br\/noticias\/wp-content\/uploads\/2025\/04\/A127B500-8DE0-4E67-A716-0E7F69CBAA2F_67ec2234d206d.jpeg'><img width=\"300\" height=\"300\" src=\"https:\/\/franciscanos.org.br\/noticias\/wp-content\/uploads\/2025\/04\/A127B500-8DE0-4E67-A716-0E7F69CBAA2F_67ec2234d206d-300x300.jpeg\" class=\"attachment-thumbnail size-thumbnail\" alt=\"\" loading=\"lazy\" srcset=\"https:\/\/franciscanos.org.br\/noticias\/wp-content\/uploads\/2025\/04\/A127B500-8DE0-4E67-A716-0E7F69CBAA2F_67ec2234d206d-300x300.jpeg 300w, https:\/\/franciscanos.org.br\/noticias\/wp-content\/uploads\/2025\/04\/A127B500-8DE0-4E67-A716-0E7F69CBAA2F_67ec2234d206d-100x100.jpeg 100w\" sizes=\"(max-width: 300px) 100vw, 300px\" \/><\/a>\n\t\t\t<\/dt><\/dl><dl class='gallery-item'>\n\t\t\t<dt class='gallery-icon landscape'>\n\t\t\t\t<a href='https:\/\/franciscanos.org.br\/noticias\/wp-content\/uploads\/2025\/04\/CCF85089-6249-45FC-8183-3CEDAFAAEB48_67ec220f7de83.jpeg'><img width=\"300\" height=\"300\" src=\"https:\/\/franciscanos.org.br\/noticias\/wp-content\/uploads\/2025\/04\/CCF85089-6249-45FC-8183-3CEDAFAAEB48_67ec220f7de83-300x300.jpeg\" class=\"attachment-thumbnail size-thumbnail\" alt=\"\" loading=\"lazy\" srcset=\"https:\/\/franciscanos.org.br\/noticias\/wp-content\/uploads\/2025\/04\/CCF85089-6249-45FC-8183-3CEDAFAAEB48_67ec220f7de83-300x300.jpeg 300w, https:\/\/franciscanos.org.br\/noticias\/wp-content\/uploads\/2025\/04\/CCF85089-6249-45FC-8183-3CEDAFAAEB48_67ec220f7de83-100x100.jpeg 100w\" sizes=\"(max-width: 300px) 100vw, 300px\" \/><\/a>\n\t\t\t<\/dt><\/dl><br style=\"clear: both\" \/>\n\t\t<\/div>\n\n<p>A Santa Missa foi presidida por Frei Roberto Ishara, tendo como concelebrante o Padre Jos\u00e9 Carlos de Melo, convidado para a celebra\u00e7\u00e3o. Durante a homilia, Frei Roberto refletiu sobre a par\u00e1bola do Filho Pr\u00f3digo, destacando a alegria do pai ao ver o filho retornar para casa e comparando esse momento com a miss\u00e3o dos novos coroinhas e ac\u00f3litos. &#8220;Assim como o pai acolhe o filho com novas vestes, voc\u00eas hoje recebem uma nova miss\u00e3o. Suas vestes representam o compromisso de servir a Cristo e \u00e0 Igreja&#8221;, afirmou.<\/p>\n<div>\n<p><img loading=\"lazy\" class=\"alignright wp-image-255788 size-medium\" src=\"https:\/\/franciscanos.org.br\/noticias\/wp-content\/uploads\/2025\/04\/63D46512-2709-44F8-A776-E56C831BE2AA_67ec21b2843ac-450x300.jpeg\" alt=\"\" width=\"450\" height=\"300\" srcset=\"https:\/\/franciscanos.org.br\/noticias\/wp-content\/uploads\/2025\/04\/63D46512-2709-44F8-A776-E56C831BE2AA_67ec21b2843ac-450x300.jpeg 450w, https:\/\/franciscanos.org.br\/noticias\/wp-content\/uploads\/2025\/04\/63D46512-2709-44F8-A776-E56C831BE2AA_67ec21b2843ac-1024x683.jpeg 1024w, https:\/\/franciscanos.org.br\/noticias\/wp-content\/uploads\/2025\/04\/63D46512-2709-44F8-A776-E56C831BE2AA_67ec21b2843ac-768x512.jpeg 768w, https:\/\/franciscanos.org.br\/noticias\/wp-content\/uploads\/2025\/04\/63D46512-2709-44F8-A776-E56C831BE2AA_67ec21b2843ac-150x100.jpeg 150w, https:\/\/franciscanos.org.br\/noticias\/wp-content\/uploads\/2025\/04\/63D46512-2709-44F8-A776-E56C831BE2AA_67ec21b2843ac.jpeg 1296w\" sizes=\"(max-width: 450px) 100vw, 450px\" \/><\/p>\n<p>A primeira leitura, do Livro de Josu\u00e9, recordou a passagem em que Deus retira a vergonha do Egito dos israelitas, trazendo uma nova fase para seu povo. J\u00e1 a segunda leitura, da Segunda Carta de S\u00e3o Paulo aos Cor\u00edntios, refor\u00e7ou que &#8220;se algu\u00e9m est\u00e1 em Cristo, \u00e9 uma nova criatura&#8221;, destacando o chamado \u00e0 convers\u00e3o e \u00e0 miss\u00e3o.<\/p>\n<p>A celebra\u00e7\u00e3o foi marcada por momentos de profunda espiritualidade, ora\u00e7\u00e3o e emo\u00e7\u00e3o. Familiares e padrinhos, com olhares cheios de orgulho e f\u00e9, acompanharam de perto esse passo importante na caminhada crist\u00e3 de seus filhos e afilhados. Ao final da Missa, os novos coroinhas e ac\u00f3litos receberam uma b\u00ean\u00e7\u00e3o especial, sendo enviados para desempenhar seu minist\u00e9rio com zelo e amor.<\/p>\n<\/div>\n<div>\n\n\t\t<style type=\"text\/css\">\n\t\t\t#gallery-2 {\n\t\t\t\tmargin: auto;\n\t\t\t}\n\t\t\t#gallery-2 .gallery-item {\n\t\t\t\tfloat: left;\n\t\t\t\tmargin-top: 10px;\n\t\t\t\ttext-align: center;\n\t\t\t\twidth: 50%;\n\t\t\t}\n\t\t\t#gallery-2 img {\n\t\t\t\tborder: 2px solid #cfcfcf;\n\t\t\t}\n\t\t\t#gallery-2 .gallery-caption {\n\t\t\t\tmargin-left: 0;\n\t\t\t}\n\t\t\t\/* see gallery_shortcode() in wp-includes\/media.php *\/\n\t\t<\/style>\n\t\t<div id='gallery-2' class='gallery galleryid-255784 gallery-columns-2 gallery-size-thumbnail'><dl class='gallery-item'>\n\t\t\t<dt class='gallery-icon landscape'>\n\t\t\t\t<a href='https:\/\/franciscanos.org.br\/noticias\/wp-content\/uploads\/2025\/04\/55C1F742-DCCF-4A86-86C8-519B6C1805FC_67ec218c61895.jpeg'><img width=\"300\" height=\"300\" src=\"https:\/\/franciscanos.org.br\/noticias\/wp-content\/uploads\/2025\/04\/55C1F742-DCCF-4A86-86C8-519B6C1805FC_67ec218c61895-300x300.jpeg\" class=\"attachment-thumbnail size-thumbnail\" alt=\"\" loading=\"lazy\" srcset=\"https:\/\/franciscanos.org.br\/noticias\/wp-content\/uploads\/2025\/04\/55C1F742-DCCF-4A86-86C8-519B6C1805FC_67ec218c61895-300x300.jpeg 300w, https:\/\/franciscanos.org.br\/noticias\/wp-content\/uploads\/2025\/04\/55C1F742-DCCF-4A86-86C8-519B6C1805FC_67ec218c61895-100x100.jpeg 100w\" sizes=\"(max-width: 300px) 100vw, 300px\" \/><\/a>\n\t\t\t<\/dt><\/dl><dl class='gallery-item'>\n\t\t\t<dt class='gallery-icon landscape'>\n\t\t\t\t<a href='https:\/\/franciscanos.org.br\/noticias\/wp-content\/uploads\/2025\/04\/EB0CAB88-CCC7-43F2-BFC0-18D2F3723A60_67ec21e35b36f.jpeg'><img width=\"300\" height=\"300\" src=\"https:\/\/franciscanos.org.br\/noticias\/wp-content\/uploads\/2025\/04\/EB0CAB88-CCC7-43F2-BFC0-18D2F3723A60_67ec21e35b36f-300x300.jpeg\" class=\"attachment-thumbnail size-thumbnail\" alt=\"\" loading=\"lazy\" srcset=\"https:\/\/franciscanos.org.br\/noticias\/wp-content\/uploads\/2025\/04\/EB0CAB88-CCC7-43F2-BFC0-18D2F3723A60_67ec21e35b36f-300x300.jpeg 300w, https:\/\/franciscanos.org.br\/noticias\/wp-content\/uploads\/2025\/04\/EB0CAB88-CCC7-43F2-BFC0-18D2F3723A60_67ec21e35b36f-100x100.jpeg 100w\" sizes=\"(max-width: 300px) 100vw, 300px\" \/><\/a>\n\t\t\t<\/dt><\/dl><br style=\"clear: both\" \/>\n\t\t<\/div>\n\n<p>Frei Roberto Ishara concluiu a celebra\u00e7\u00e3o agradecendo a presen\u00e7a de todos e incentivando os novos servidores do altar a perseverarem na f\u00e9. &#8220;Que essa miss\u00e3o fortale\u00e7a o cora\u00e7\u00e3o de cada um de voc\u00eas. Servir no altar \u00e9 estar mais pr\u00f3ximo de Deus, e isso se reflete em todas as \u00e1reas da nossa vida&#8221;, destacou.<\/p>\n<p>O evento foi encerrado com um momento de confraterniza\u00e7\u00e3o e registros fotogr\u00e1ficos, marcando para sempre esse dia especial na vida dos novos coroinhas e ac\u00f3litos e de suas fam\u00edlias.<\/p>\n<p>Que Deus aben\u00e7oe a caminhada de cada um, fortalecendo sempre sua voca\u00e7\u00e3o ao servi\u00e7o e \u00e0 f\u00e9!<\/p>\n<hr \/>\n<p>Texto: Bruno Henrique Guimar\u00e3es Goldar (Pascom Santu\u00e1rio Frei Galv\u00e3o)<\/p>\n<\/div>\n<div>\n<div>Imagens: Patrick (Pascom Santu\u00e1rio Frei Galv\u00e3o)<\/div>\n<\/div>\n","protected":false},"excerpt":{"rendered":"<p>Novos Coroinhas e Ac\u00f3litos<\/p>\n","protected":false},"author":11,"featured_media":255792,"comment_status":"open","ping_status":"open","sticky":false,"template":"","format":"standard","meta":[],"categories":[1],"tags":[161,1821],"acf":[],"yoast_head":"<!-- This site is optimized with the Yoast SEO plugin v19.2 - https:\/\/yoast.com\/wordpress\/plugins\/seo\/ -->\n<title>Santu\u00e1rio Frei Galv\u00e3o faz investidura de 43 coroinhas e 19 ac\u00f3litos - Not\u00edcias - Franciscanos<\/title>\n<meta name=\"robots\" content=\"index, follow, max-snippet:-1, max-image-preview:large, max-video-preview:-1\" \/>\n<link rel=\"canonical\" href=\"https:\/\/franciscanos.org.br\/noticias\/santuario-frei-galvao-faz-investidura-de-43-coroinhas-e-19-acolitos.html\" \/>\n<meta property=\"og:locale\" content=\"pt_BR\" \/>\n<meta property=\"og:type\" content=\"article\" \/>\n<meta property=\"og:title\" content=\"Santu\u00e1rio Frei Galv\u00e3o faz investidura de 43 coroinhas e 19 ac\u00f3litos - Not\u00edcias - Franciscanos\" \/>\n<meta property=\"og:description\" content=\"Novos Coroinhas e Ac\u00f3litos\" \/>\n<meta property=\"og:url\" content=\"https:\/\/franciscanos.org.br\/noticias\/santuario-frei-galvao-faz-investidura-de-43-coroinhas-e-19-acolitos.html\" \/>\n<meta property=\"og:site_name\" content=\"Not\u00edcias - Franciscanos\" \/>\n<meta property=\"article:published_time\" content=\"2025-04-01T11:00:28+00:00\" \/>\n<meta property=\"article:modified_time\" content=\"2025-04-04T11:19:59+00:00\" \/>\n<meta property=\"og:image\" content=\"https:\/\/franciscanos.org.br\/noticias\/wp-content\/uploads\/2025\/04\/CHAMADA-4.png\" \/>\n\t<meta property=\"og:image:width\" content=\"800\" \/>\n\t<meta property=\"og:image:height\" content=\"550\" \/>\n\t<meta property=\"og:image:type\" content=\"image\/png\" \/>\n<meta name=\"author\" content=\"Adriana Rabelo\" \/>\n<meta name=\"twitter:card\" content=\"summary_large_image\" \/>\n<meta name=\"twitter:label1\" content=\"Escrito por\" \/>\n\t<meta name=\"twitter:data1\" content=\"Adriana Rabelo\" \/>\n\t<meta name=\"twitter:label2\" content=\"Est. tempo de leitura\" \/>\n\t<meta name=\"twitter:data2\" content=\"2 minutos\" \/>\n<script type=\"application\/ld+json\" class=\"yoast-schema-graph\">{\"@context\":\"https:\/\/schema.org\",\"@graph\":[{\"@type\":\"WebSite\",\"@id\":\"https:\/\/franciscanos.org.br\/noticias\/#website\",\"url\":\"https:\/\/franciscanos.org.br\/noticias\/\",\"name\":\"Not\u00edcias - Franciscanos\",\"description\":\"Prov\u00edncia Franciscana da Imaculada Concei\u00e7\u00e3o do Brasil - Ordem dos Frades Menores - OFM\",\"potentialAction\":[{\"@type\":\"SearchAction\",\"target\":{\"@type\":\"EntryPoint\",\"urlTemplate\":\"https:\/\/franciscanos.org.br\/noticias\/?s={search_term_string}\"},\"query-input\":\"required name=search_term_string\"}],\"inLanguage\":\"pt-BR\"},{\"@type\":\"ImageObject\",\"inLanguage\":\"pt-BR\",\"@id\":\"https:\/\/franciscanos.org.br\/noticias\/santuario-frei-galvao-faz-investidura-de-43-coroinhas-e-19-acolitos.html#primaryimage\",\"url\":\"https:\/\/franciscanos.org.br\/noticias\/wp-content\/uploads\/2025\/04\/CHAMADA-4.png\",\"contentUrl\":\"https:\/\/franciscanos.org.br\/noticias\/wp-content\/uploads\/2025\/04\/CHAMADA-4.png\",\"width\":800,\"height\":550},{\"@type\":\"WebPage\",\"@id\":\"https:\/\/franciscanos.org.br\/noticias\/santuario-frei-galvao-faz-investidura-de-43-coroinhas-e-19-acolitos.html#webpage\",\"url\":\"https:\/\/franciscanos.org.br\/noticias\/santuario-frei-galvao-faz-investidura-de-43-coroinhas-e-19-acolitos.html\",\"name\":\"Santu\u00e1rio Frei Galv\u00e3o faz investidura de 43 coroinhas e 19 ac\u00f3litos - Not\u00edcias - Franciscanos\",\"isPartOf\":{\"@id\":\"https:\/\/franciscanos.org.br\/noticias\/#website\"},\"primaryImageOfPage\":{\"@id\":\"https:\/\/franciscanos.org.br\/noticias\/santuario-frei-galvao-faz-investidura-de-43-coroinhas-e-19-acolitos.html#primaryimage\"},\"datePublished\":\"2025-04-01T11:00:28+00:00\",\"dateModified\":\"2025-04-04T11:19:59+00:00\",\"author\":{\"@id\":\"https:\/\/franciscanos.org.br\/noticias\/#\/schema\/person\/d9422e83121c3ad3b0f423d195f5bb25\"},\"breadcrumb\":{\"@id\":\"https:\/\/franciscanos.org.br\/noticias\/santuario-frei-galvao-faz-investidura-de-43-coroinhas-e-19-acolitos.html#breadcrumb\"},\"inLanguage\":\"pt-BR\",\"potentialAction\":[{\"@type\":\"ReadAction\",\"target\":[\"https:\/\/franciscanos.org.br\/noticias\/santuario-frei-galvao-faz-investidura-de-43-coroinhas-e-19-acolitos.html\"]}]},{\"@type\":\"BreadcrumbList\",\"@id\":\"https:\/\/franciscanos.org.br\/noticias\/santuario-frei-galvao-faz-investidura-de-43-coroinhas-e-19-acolitos.html#breadcrumb\",\"itemListElement\":[{\"@type\":\"ListItem\",\"position\":1,\"name\":\"Home\",\"item\":\"https:\/\/franciscanos.org.br\/noticias\"},{\"@type\":\"ListItem\",\"position\":2,\"name\":\"Santu\u00e1rio Frei Galv\u00e3o faz investidura de 43 coroinhas e 19 ac\u00f3litos\"}]},{\"@type\":\"Person\",\"@id\":\"https:\/\/franciscanos.org.br\/noticias\/#\/schema\/person\/d9422e83121c3ad3b0f423d195f5bb25\",\"name\":\"Adriana Rabelo\",\"image\":{\"@type\":\"ImageObject\",\"inLanguage\":\"pt-BR\",\"@id\":\"https:\/\/franciscanos.org.br\/noticias\/#\/schema\/person\/image\/\",\"url\":\"https:\/\/secure.gravatar.com\/avatar\/0a937b7500cd7df77540cfb8bede877d?s=96&d=mm&r=g\",\"contentUrl\":\"https:\/\/secure.gravatar.com\/avatar\/0a937b7500cd7df77540cfb8bede877d?s=96&d=mm&r=g\",\"caption\":\"Adriana Rabelo\"},\"url\":\"https:\/\/franciscanos.org.br\/noticias\/author\/adrianarabelo\"}]}<\/script>\n<!-- \/ Yoast SEO plugin. -->","yoast_head_json":{"title":"Santu\u00e1rio Frei Galv\u00e3o faz investidura de 43 coroinhas e 19 ac\u00f3litos - Not\u00edcias - Franciscanos","robots":{"index":"index","follow":"follow","max-snippet":"max-snippet:-1","max-image-preview":"max-image-preview:large","max-video-preview":"max-video-preview:-1"},"canonical":"https:\/\/franciscanos.org.br\/noticias\/santuario-frei-galvao-faz-investidura-de-43-coroinhas-e-19-acolitos.html","og_locale":"pt_BR","og_type":"article","og_title":"Santu\u00e1rio Frei Galv\u00e3o faz investidura de 43 coroinhas e 19 ac\u00f3litos - Not\u00edcias - Franciscanos","og_description":"Novos Coroinhas e Ac\u00f3litos","og_url":"https:\/\/franciscanos.org.br\/noticias\/santuario-frei-galvao-faz-investidura-de-43-coroinhas-e-19-acolitos.html","og_site_name":"Not\u00edcias - Franciscanos","article_published_time":"2025-04-01T11:00:28+00:00","article_modified_time":"2025-04-04T11:19:59+00:00","og_image":[{"width":800,"height":550,"url":"https:\/\/franciscanos.org.br\/noticias\/wp-content\/uploads\/2025\/04\/CHAMADA-4.png","type":"image\/png"}],"author":"Adriana Rabelo","twitter_card":"summary_large_image","twitter_misc":{"Escrito por":"Adriana Rabelo","Est. tempo de leitura":"2 minutos"},"schema":{"@context":"https:\/\/schema.org","@graph":[{"@type":"WebSite","@id":"https:\/\/franciscanos.org.br\/noticias\/#website","url":"https:\/\/franciscanos.org.br\/noticias\/","name":"Not\u00edcias - Franciscanos","description":"Prov\u00edncia Franciscana da Imaculada Concei\u00e7\u00e3o do Brasil - Ordem dos Frades Menores - OFM","potentialAction":[{"@type":"SearchAction","target":{"@type":"EntryPoint","urlTemplate":"https:\/\/franciscanos.org.br\/noticias\/?s={search_term_string}"},"query-input":"required name=search_term_string"}],"inLanguage":"pt-BR"},{"@type":"ImageObject","inLanguage":"pt-BR","@id":"https:\/\/franciscanos.org.br\/noticias\/santuario-frei-galvao-faz-investidura-de-43-coroinhas-e-19-acolitos.html#primaryimage","url":"https:\/\/franciscanos.org.br\/noticias\/wp-content\/uploads\/2025\/04\/CHAMADA-4.png","contentUrl":"https:\/\/franciscanos.org.br\/noticias\/wp-content\/uploads\/2025\/04\/CHAMADA-4.png","width":800,"height":550},{"@type":"WebPage","@id":"https:\/\/franciscanos.org.br\/noticias\/santuario-frei-galvao-faz-investidura-de-43-coroinhas-e-19-acolitos.html#webpage","url":"https:\/\/franciscanos.org.br\/noticias\/santuario-frei-galvao-faz-investidura-de-43-coroinhas-e-19-acolitos.html","name":"Santu\u00e1rio Frei Galv\u00e3o faz investidura de 43 coroinhas e 19 ac\u00f3litos - Not\u00edcias - Franciscanos","isPartOf":{"@id":"https:\/\/franciscanos.org.br\/noticias\/#website"},"primaryImageOfPage":{"@id":"https:\/\/franciscanos.org.br\/noticias\/santuario-frei-galvao-faz-investidura-de-43-coroinhas-e-19-acolitos.html#primaryimage"},"datePublished":"2025-04-01T11:00:28+00:00","dateModified":"2025-04-04T11:19:59+00:00","author":{"@id":"https:\/\/franciscanos.org.br\/noticias\/#\/schema\/person\/d9422e83121c3ad3b0f423d195f5bb25"},"breadcrumb":{"@id":"https:\/\/franciscanos.org.br\/noticias\/santuario-frei-galvao-faz-investidura-de-43-coroinhas-e-19-acolitos.html#breadcrumb"},"inLanguage":"pt-BR","potentialAction":[{"@type":"ReadAction","target":["https:\/\/franciscanos.org.br\/noticias\/santuario-frei-galvao-faz-investidura-de-43-coroinhas-e-19-acolitos.html"]}]},{"@type":"BreadcrumbList","@id":"https:\/\/franciscanos.org.br\/noticias\/santuario-frei-galvao-faz-investidura-de-43-coroinhas-e-19-acolitos.html#breadcrumb","itemListElement":[{"@type":"ListItem","position":1,"name":"Home","item":"https:\/\/franciscanos.org.br\/noticias"},{"@type":"ListItem","position":2,"name":"Santu\u00e1rio Frei Galv\u00e3o faz investidura de 43 coroinhas e 19 ac\u00f3litos"}]},{"@type":"Person","@id":"https:\/\/franciscanos.org.br\/noticias\/#\/schema\/person\/d9422e83121c3ad3b0f423d195f5bb25","name":"Adriana Rabelo","image":{"@type":"ImageObject","inLanguage":"pt-BR","@id":"https:\/\/franciscanos.org.br\/noticias\/#\/schema\/person\/image\/","url":"https:\/\/secure.gravatar.com\/avatar\/0a937b7500cd7df77540cfb8bede877d?s=96&d=mm&r=g","contentUrl":"https:\/\/secure.gravatar.com\/avatar\/0a937b7500cd7df77540cfb8bede877d?s=96&d=mm&r=g","caption":"Adriana Rabelo"},"url":"https:\/\/franciscanos.org.br\/noticias\/author\/adrianarabelo"}]}},"_links":{"self":[{"href":"https:\/\/franciscanos.org.br\/noticias\/wp-json\/wp\/v2\/posts\/255784"}],"collection":[{"href":"https:\/\/franciscanos.org.br\/noticias\/wp-json\/wp\/v2\/posts"}],"about":[{"href":"https:\/\/franciscanos.org.br\/noticias\/wp-json\/wp\/v2\/types\/post"}],"author":[{"embeddable":true,"href":"https:\/\/franciscanos.org.br\/noticias\/wp-json\/wp\/v2\/users\/11"}],"replies":[{"embeddable":true,"href":"https:\/\/franciscanos.org.br\/noticias\/wp-json\/wp\/v2\/comments?post=255784"}],"version-history":[{"count":3,"href":"https:\/\/franciscanos.org.br\/noticias\/wp-json\/wp\/v2\/posts\/255784\/revisions"}],"predecessor-version":[{"id":255794,"href":"https:\/\/franciscanos.org.br\/noticias\/wp-json\/wp\/v2\/posts\/255784\/revisions\/255794"}],"wp:featuredmedia":[{"embeddable":true,"href":"https:\/\/franciscanos.org.br\/noticias\/wp-json\/wp\/v2\/media\/255792"}],"wp:attachment":[{"href":"https:\/\/franciscanos.org.br\/noticias\/wp-json\/wp\/v2\/media?parent=255784"}],"wp:term":[{"taxonomy":"category","embeddable":true,"href":"https:\/\/franciscanos.org.br\/noticias\/wp-json\/wp\/v2\/categories?post=255784"},{"taxonomy":"post_tag","embeddable":true,"href":"https:\/\/franciscanos.org.br\/noticias\/wp-json\/wp\/v2\/tags?post=255784"}],"curies":[{"name":"wp","href":"https:\/\/api.w.org\/{rel}","templated":true}]}}