{"id":255750,"date":"2025-04-02T07:45:22","date_gmt":"2025-04-02T10:45:22","guid":{"rendered":"https:\/\/franciscanos.org.br\/noticias\/?p=255750"},"modified":"2025-04-02T11:54:56","modified_gmt":"2025-04-02T14:54:56","slug":"jesus-desce-ao-inferno-de-hoje-das-guerras-e-da-dor-dos-inocentes","status":"publish","type":"post","link":"https:\/\/franciscanos.org.br\/noticias\/jesus-desce-ao-inferno-de-hoje-das-guerras-e-da-dor-dos-inocentes.html","title":{"rendered":"Jesus desce ao inferno de hoje das guerras e da dor dos inocentes"},"content":{"rendered":"<div id=\"attachment_255751\" style=\"width: 1290px\" class=\"wp-caption alignnone\"><img aria-describedby=\"caption-attachment-255751\" loading=\"lazy\" class=\"wp-image-255751 size-full\" src=\"https:\/\/franciscanos.org.br\/noticias\/wp-content\/uploads\/2025\/04\/MATERIA-AUDIENCIA-GERAL-02.04.25jpg.png\" alt=\"\" width=\"1280\" height=\"720\" srcset=\"https:\/\/franciscanos.org.br\/noticias\/wp-content\/uploads\/2025\/04\/MATERIA-AUDIENCIA-GERAL-02.04.25jpg.png 1280w, https:\/\/franciscanos.org.br\/noticias\/wp-content\/uploads\/2025\/04\/MATERIA-AUDIENCIA-GERAL-02.04.25jpg-450x253.png 450w, https:\/\/franciscanos.org.br\/noticias\/wp-content\/uploads\/2025\/04\/MATERIA-AUDIENCIA-GERAL-02.04.25jpg-1024x576.png 1024w, https:\/\/franciscanos.org.br\/noticias\/wp-content\/uploads\/2025\/04\/MATERIA-AUDIENCIA-GERAL-02.04.25jpg-768x432.png 768w, https:\/\/franciscanos.org.br\/noticias\/wp-content\/uploads\/2025\/04\/MATERIA-AUDIENCIA-GERAL-02.04.25jpg-150x84.png 150w\" sizes=\"(max-width: 1280px) 100vw, 1280px\" \/><p id=\"caption-attachment-255751\" class=\"wp-caption-text\">Audi\u00eancia Geral na Pra\u00e7a S\u00e3o Pedro (foto de arquivo) (Vatican Media)<\/p><\/div>\n<p>O Papa Francisco dedicou sua reflex\u00e3o, nesta quarta-feira (02\/04), a Zaqueu dentro da sequ\u00eancia &#8220;A vida de Jesus. Os Encontros&#8221;, no \u00e2mbito do Ciclo de Catequeses para este Jubileu 2025 sobre o tema &#8220;Jesus Cristo nossa Esperan\u00e7a&#8221;.<\/p>\n<p>Nos encontros de Jesus com alguns personagens do Evangelho, Zaqueu ocupa um lugar especial na viagem espiritual do Pont\u00edfice.<\/p>\n<p>&#8220;O Evangelho de Lucas apresenta Zaqueu como algu\u00e9m que parece irremediavelmente perdido. Talvez, por vezes, tamb\u00e9m nos sintamos assim: sem esperan\u00e7a. Zaqueu, em vez disso, descobrir\u00e1 que o Senhor j\u00e1 o procurava&#8221;, escreve o Papa.<\/p>\n<p><strong>Jesus continua descendo ao inferno de hoje<\/strong><\/p>\n<p>De acordo com Francisco, &#8220;Jesus desceu at\u00e9 Jeric\u00f3, uma cidade situada abaixo do n\u00edvel do mar, considerada uma imagem do inferno, onde Jesus quer ir em busca daqueles que se sentem perdidos&#8221;.<\/p>\n<p>\u201cNa realidade, o Senhor Ressuscitado continua descendo ao inferno de hoje, aos lugares de guerra, de dor dos inocentes, nos cora\u00e7\u00f5es das m\u00e3es que veem morrer seus filhos, na fome dos pobres.\u201d<\/p>\n<p>&#8220;Num certo sentido, Zaqueu est\u00e1 perdido; talvez tenha feito algumas m\u00e1s escolhas ou talvez a vida o tenha colocado em situa\u00e7\u00f5es das quais tem dificuldade de escapar. Lucas insiste em descrever as caracter\u00edsticas deste homem: n\u00e3o \u00e9 apenas um publicano, isto \u00e9, algu\u00e9m que cobra impostos aos seus concidad\u00e3os para os invasores romanos, mas \u00e9 o chefe dos publicanos, como se dissesse que o seu pecado \u00e9 multiplicado.&#8221;<\/p>\n<p><strong>Lidar com as limita\u00e7\u00f5es que temos<\/strong><\/p>\n<p>O Papa escreve que &#8220;Lucas acrescenta ent\u00e3o que Zaqueu \u00e9 rico, insinuando que enriqueceu \u00e0s custas dos outros, abusando da sua posi\u00e7\u00e3o. Mas tudo isto tem consequ\u00eancias: Zaqueu sente-se provavelmente exclu\u00eddo, desprezado por todos&#8221;.<\/p>\n<p>&#8220;Ao ouvir que Jesus passava pela cidade, Zaqueu sente o desejo de O ver. N\u00e3o se atreve a imaginar um encontro, bastaria apenas observ\u00e1-Lo de longe. Mas os nossos desejos tamb\u00e9m encontram obst\u00e1culos e n\u00e3o se realizam automaticamente: Zaqueu \u00e9 de baixa estatura!\u00a0<b>\u00c9 a nossa realidade, temos limita\u00e7\u00f5es com as quais temos de lidar.<\/b>\u00a0Depois h\u00e1 os outros, que \u00e0s vezes n\u00e3o nos ajudam: a multid\u00e3o impede Zaqueu de ver Jesus. Talvez seja tamb\u00e9m um pouco de vingan\u00e7a&#8221;, ressalta o Pont\u00edfice.<\/p>\n<p><strong>Com o Senhor o inesperado acontece sempre<\/strong><\/p>\n<p>&#8220;Mas quando temos um desejo forte, n\u00e3o nos desanimamos. Encontramos uma solu\u00e7\u00e3o.\u00a0<b>Mas \u00e9 preciso ter coragem e n\u00e3o ter vergonha, \u00e9 preciso ter um pouco da simplicidade das crian\u00e7as e n\u00e3o nos preocuparmos tanto com a imagem<\/b>&#8220;, escreve Francisco. &#8220;Zaqueu, como uma crian\u00e7a, sobe numa \u00e1rvore. Tinha de ser um bom ponto de observa\u00e7\u00e3o, principalmente para observar sem ser visto, escondendo-se atr\u00e1s da folhagem&#8221;, ressalta.<\/p>\n<p>&#8220;Mas\u00a0<b>com o Senhor o inesperado acontece sempre<\/b>: Jesus, quando se aproxima, olha para cima. Zaqueu sente-se exposto e provavelmente espera uma repreens\u00e3o p\u00fablica. O povo talvez assim esperasse, mas fica desiludido: Jesus pede a Zaqueu que des\u00e7a imediatamente, quase surpreendido ao v\u00ea-lo na \u00e1rvore, e diz-lhe: \u00abHoje \u00e9 necess\u00e1rio que eu fique em tua casa\u00bb. Deus n\u00e3o pode passar sem procurar os perdidos.&#8221;<\/p>\n<p><strong>O olhar de Jesus \u00e9 de miseric\u00f3rdia<\/strong><\/p>\n<p>O evangelista Lucas &#8220;destaca a alegria do cora\u00e7\u00e3o de Zaqueu. \u00c9 a alegria de quem se sente visto, reconhecido e, sobretudo, perdoado&#8221;.<\/p>\n<p>\u201cO olhar de Jesus n\u00e3o \u00e9 de reprova\u00e7\u00e3o, mas de miseric\u00f3rdia. \u00c9 aquela miseric\u00f3rdia que, por vezes, temos dificuldade em aceitar, especialmente quando Deus perdoa aqueles que achamos que n\u00e3o a merecem. Murmuramos porque gostar\u00edamos de colocar limites no amor de Deus.\u201d<\/p>\n<p><strong>Assumir um compromisso<\/strong><\/p>\n<p>Depois de ouvir as palavras de perd\u00e3o de Jesus, Zaqueu &#8220;<b>se levanta, como se tivesse ressuscitado da sua condi\u00e7\u00e3o de morto. E levanta-se para assumir um compromisso: devolver o qu\u00e1druplo do que roubou. N\u00e3o \u00e9 um pre\u00e7o a pagar, porque o perd\u00e3o de Deus \u00e9 gratuito, mas \u00e9 o desejo de imitar Aquele que o fez sentir-se amado<\/b>. Zaqueu assume um compromisso que n\u00e3o era obrigado a assumir, mas o faz porque entende que essa \u00e9 a sua forma de amar. Faz isso reunindo tanto a legisla\u00e7\u00e3o romana sobre o roubo quanto a legisla\u00e7\u00e3o rab\u00ednica sobre a penit\u00eancia. Zaqueu n\u00e3o \u00e9 apenas um homem de desejo, \u00e9 tamb\u00e9m algu\u00e9m que sabe dar passos concretos. O seu prop\u00f3sito n\u00e3o \u00e9 gen\u00e9rico ou abstrato, mas parte da sua pr\u00f3pria hist\u00f3ria:\u00a0<b>olhou para a sua vida e identificou o ponto por onde come\u00e7ar a sua mudan\u00e7a<\/b>&#8220;.<\/p>\n<p>Francisco conclui o texto, convidando a aprender &#8220;com Zaqueu a n\u00e3o perder a esperan\u00e7a, mesmo quando nos sentimos exclu\u00eddos ou incapazes de mudar. Cultivemos o nosso desejo de ver Jesus e, sobretudo,\u00a0<b>deixemo-nos encontrar pela miseric\u00f3rdia de Deus que sempre vem nos procurar, em qualquer situa\u00e7\u00e3o em que estejamos perdidos<\/b>&#8220;.<\/p>\n<hr \/>\n<p><em>Vatican News<\/em><\/p>\n","protected":false},"excerpt":{"rendered":"<p>Papa Francisco<\/p>\n","protected":false},"author":11,"featured_media":255752,"comment_status":"open","ping_status":"open","sticky":false,"template":"","format":"standard","meta":[],"categories":[1,1428],"tags":[487,55],"acf":[],"yoast_head":"<!-- This site is optimized with the Yoast SEO plugin v19.2 - https:\/\/yoast.com\/wordpress\/plugins\/seo\/ -->\n<title>Jesus desce ao inferno de hoje das guerras e da dor dos inocentes - Not\u00edcias - Franciscanos<\/title>\n<meta name=\"robots\" content=\"index, follow, max-snippet:-1, max-image-preview:large, max-video-preview:-1\" \/>\n<link rel=\"canonical\" href=\"https:\/\/franciscanos.org.br\/noticias\/jesus-desce-ao-inferno-de-hoje-das-guerras-e-da-dor-dos-inocentes.html\" \/>\n<meta property=\"og:locale\" content=\"pt_BR\" \/>\n<meta property=\"og:type\" content=\"article\" \/>\n<meta property=\"og:title\" content=\"Jesus desce ao inferno de hoje das guerras e da dor dos inocentes - Not\u00edcias - Franciscanos\" \/>\n<meta property=\"og:description\" content=\"Papa Francisco\" \/>\n<meta property=\"og:url\" content=\"https:\/\/franciscanos.org.br\/noticias\/jesus-desce-ao-inferno-de-hoje-das-guerras-e-da-dor-dos-inocentes.html\" \/>\n<meta property=\"og:site_name\" content=\"Not\u00edcias - Franciscanos\" \/>\n<meta property=\"article:published_time\" content=\"2025-04-02T10:45:22+00:00\" \/>\n<meta property=\"article:modified_time\" content=\"2025-04-02T14:54:56+00:00\" \/>\n<meta property=\"og:image\" content=\"https:\/\/franciscanos.org.br\/noticias\/wp-content\/uploads\/2025\/04\/CHAMADA-AUDIENCIA-GERAL-02.04.25.png\" \/>\n\t<meta property=\"og:image:width\" content=\"800\" \/>\n\t<meta property=\"og:image:height\" content=\"550\" \/>\n\t<meta property=\"og:image:type\" content=\"image\/png\" \/>\n<meta name=\"author\" content=\"Adriana Rabelo\" \/>\n<meta name=\"twitter:card\" content=\"summary_large_image\" \/>\n<meta name=\"twitter:label1\" content=\"Escrito por\" \/>\n\t<meta name=\"twitter:data1\" content=\"Adriana Rabelo\" \/>\n\t<meta name=\"twitter:label2\" content=\"Est. tempo de leitura\" \/>\n\t<meta name=\"twitter:data2\" content=\"4 minutos\" \/>\n<script type=\"application\/ld+json\" class=\"yoast-schema-graph\">{\"@context\":\"https:\/\/schema.org\",\"@graph\":[{\"@type\":\"WebSite\",\"@id\":\"https:\/\/franciscanos.org.br\/noticias\/#website\",\"url\":\"https:\/\/franciscanos.org.br\/noticias\/\",\"name\":\"Not\u00edcias - Franciscanos\",\"description\":\"Prov\u00edncia Franciscana da Imaculada Concei\u00e7\u00e3o do Brasil - Ordem dos Frades Menores - OFM\",\"potentialAction\":[{\"@type\":\"SearchAction\",\"target\":{\"@type\":\"EntryPoint\",\"urlTemplate\":\"https:\/\/franciscanos.org.br\/noticias\/?s={search_term_string}\"},\"query-input\":\"required name=search_term_string\"}],\"inLanguage\":\"pt-BR\"},{\"@type\":\"ImageObject\",\"inLanguage\":\"pt-BR\",\"@id\":\"https:\/\/franciscanos.org.br\/noticias\/jesus-desce-ao-inferno-de-hoje-das-guerras-e-da-dor-dos-inocentes.html#primaryimage\",\"url\":\"https:\/\/franciscanos.org.br\/noticias\/wp-content\/uploads\/2025\/04\/CHAMADA-AUDIENCIA-GERAL-02.04.25.png\",\"contentUrl\":\"https:\/\/franciscanos.org.br\/noticias\/wp-content\/uploads\/2025\/04\/CHAMADA-AUDIENCIA-GERAL-02.04.25.png\",\"width\":800,\"height\":550},{\"@type\":\"WebPage\",\"@id\":\"https:\/\/franciscanos.org.br\/noticias\/jesus-desce-ao-inferno-de-hoje-das-guerras-e-da-dor-dos-inocentes.html#webpage\",\"url\":\"https:\/\/franciscanos.org.br\/noticias\/jesus-desce-ao-inferno-de-hoje-das-guerras-e-da-dor-dos-inocentes.html\",\"name\":\"Jesus desce ao inferno de hoje das guerras e da dor dos inocentes - Not\u00edcias - Franciscanos\",\"isPartOf\":{\"@id\":\"https:\/\/franciscanos.org.br\/noticias\/#website\"},\"primaryImageOfPage\":{\"@id\":\"https:\/\/franciscanos.org.br\/noticias\/jesus-desce-ao-inferno-de-hoje-das-guerras-e-da-dor-dos-inocentes.html#primaryimage\"},\"datePublished\":\"2025-04-02T10:45:22+00:00\",\"dateModified\":\"2025-04-02T14:54:56+00:00\",\"author\":{\"@id\":\"https:\/\/franciscanos.org.br\/noticias\/#\/schema\/person\/d9422e83121c3ad3b0f423d195f5bb25\"},\"breadcrumb\":{\"@id\":\"https:\/\/franciscanos.org.br\/noticias\/jesus-desce-ao-inferno-de-hoje-das-guerras-e-da-dor-dos-inocentes.html#breadcrumb\"},\"inLanguage\":\"pt-BR\",\"potentialAction\":[{\"@type\":\"ReadAction\",\"target\":[\"https:\/\/franciscanos.org.br\/noticias\/jesus-desce-ao-inferno-de-hoje-das-guerras-e-da-dor-dos-inocentes.html\"]}]},{\"@type\":\"BreadcrumbList\",\"@id\":\"https:\/\/franciscanos.org.br\/noticias\/jesus-desce-ao-inferno-de-hoje-das-guerras-e-da-dor-dos-inocentes.html#breadcrumb\",\"itemListElement\":[{\"@type\":\"ListItem\",\"position\":1,\"name\":\"Home\",\"item\":\"https:\/\/franciscanos.org.br\/noticias\"},{\"@type\":\"ListItem\",\"position\":2,\"name\":\"Jesus desce ao inferno de hoje das guerras e da dor dos inocentes\"}]},{\"@type\":\"Person\",\"@id\":\"https:\/\/franciscanos.org.br\/noticias\/#\/schema\/person\/d9422e83121c3ad3b0f423d195f5bb25\",\"name\":\"Adriana Rabelo\",\"image\":{\"@type\":\"ImageObject\",\"inLanguage\":\"pt-BR\",\"@id\":\"https:\/\/franciscanos.org.br\/noticias\/#\/schema\/person\/image\/\",\"url\":\"https:\/\/secure.gravatar.com\/avatar\/0a937b7500cd7df77540cfb8bede877d?s=96&d=mm&r=g\",\"contentUrl\":\"https:\/\/secure.gravatar.com\/avatar\/0a937b7500cd7df77540cfb8bede877d?s=96&d=mm&r=g\",\"caption\":\"Adriana Rabelo\"},\"url\":\"https:\/\/franciscanos.org.br\/noticias\/author\/adrianarabelo\"}]}<\/script>\n<!-- \/ Yoast SEO plugin. -->","yoast_head_json":{"title":"Jesus desce ao inferno de hoje das guerras e da dor dos inocentes - Not\u00edcias - Franciscanos","robots":{"index":"index","follow":"follow","max-snippet":"max-snippet:-1","max-image-preview":"max-image-preview:large","max-video-preview":"max-video-preview:-1"},"canonical":"https:\/\/franciscanos.org.br\/noticias\/jesus-desce-ao-inferno-de-hoje-das-guerras-e-da-dor-dos-inocentes.html","og_locale":"pt_BR","og_type":"article","og_title":"Jesus desce ao inferno de hoje das guerras e da dor dos inocentes - Not\u00edcias - Franciscanos","og_description":"Papa Francisco","og_url":"https:\/\/franciscanos.org.br\/noticias\/jesus-desce-ao-inferno-de-hoje-das-guerras-e-da-dor-dos-inocentes.html","og_site_name":"Not\u00edcias - Franciscanos","article_published_time":"2025-04-02T10:45:22+00:00","article_modified_time":"2025-04-02T14:54:56+00:00","og_image":[{"width":800,"height":550,"url":"https:\/\/franciscanos.org.br\/noticias\/wp-content\/uploads\/2025\/04\/CHAMADA-AUDIENCIA-GERAL-02.04.25.png","type":"image\/png"}],"author":"Adriana Rabelo","twitter_card":"summary_large_image","twitter_misc":{"Escrito por":"Adriana Rabelo","Est. tempo de leitura":"4 minutos"},"schema":{"@context":"https:\/\/schema.org","@graph":[{"@type":"WebSite","@id":"https:\/\/franciscanos.org.br\/noticias\/#website","url":"https:\/\/franciscanos.org.br\/noticias\/","name":"Not\u00edcias - Franciscanos","description":"Prov\u00edncia Franciscana da Imaculada Concei\u00e7\u00e3o do Brasil - Ordem dos Frades Menores - OFM","potentialAction":[{"@type":"SearchAction","target":{"@type":"EntryPoint","urlTemplate":"https:\/\/franciscanos.org.br\/noticias\/?s={search_term_string}"},"query-input":"required name=search_term_string"}],"inLanguage":"pt-BR"},{"@type":"ImageObject","inLanguage":"pt-BR","@id":"https:\/\/franciscanos.org.br\/noticias\/jesus-desce-ao-inferno-de-hoje-das-guerras-e-da-dor-dos-inocentes.html#primaryimage","url":"https:\/\/franciscanos.org.br\/noticias\/wp-content\/uploads\/2025\/04\/CHAMADA-AUDIENCIA-GERAL-02.04.25.png","contentUrl":"https:\/\/franciscanos.org.br\/noticias\/wp-content\/uploads\/2025\/04\/CHAMADA-AUDIENCIA-GERAL-02.04.25.png","width":800,"height":550},{"@type":"WebPage","@id":"https:\/\/franciscanos.org.br\/noticias\/jesus-desce-ao-inferno-de-hoje-das-guerras-e-da-dor-dos-inocentes.html#webpage","url":"https:\/\/franciscanos.org.br\/noticias\/jesus-desce-ao-inferno-de-hoje-das-guerras-e-da-dor-dos-inocentes.html","name":"Jesus desce ao inferno de hoje das guerras e da dor dos inocentes - Not\u00edcias - Franciscanos","isPartOf":{"@id":"https:\/\/franciscanos.org.br\/noticias\/#website"},"primaryImageOfPage":{"@id":"https:\/\/franciscanos.org.br\/noticias\/jesus-desce-ao-inferno-de-hoje-das-guerras-e-da-dor-dos-inocentes.html#primaryimage"},"datePublished":"2025-04-02T10:45:22+00:00","dateModified":"2025-04-02T14:54:56+00:00","author":{"@id":"https:\/\/franciscanos.org.br\/noticias\/#\/schema\/person\/d9422e83121c3ad3b0f423d195f5bb25"},"breadcrumb":{"@id":"https:\/\/franciscanos.org.br\/noticias\/jesus-desce-ao-inferno-de-hoje-das-guerras-e-da-dor-dos-inocentes.html#breadcrumb"},"inLanguage":"pt-BR","potentialAction":[{"@type":"ReadAction","target":["https:\/\/franciscanos.org.br\/noticias\/jesus-desce-ao-inferno-de-hoje-das-guerras-e-da-dor-dos-inocentes.html"]}]},{"@type":"BreadcrumbList","@id":"https:\/\/franciscanos.org.br\/noticias\/jesus-desce-ao-inferno-de-hoje-das-guerras-e-da-dor-dos-inocentes.html#breadcrumb","itemListElement":[{"@type":"ListItem","position":1,"name":"Home","item":"https:\/\/franciscanos.org.br\/noticias"},{"@type":"ListItem","position":2,"name":"Jesus desce ao inferno de hoje das guerras e da dor dos inocentes"}]},{"@type":"Person","@id":"https:\/\/franciscanos.org.br\/noticias\/#\/schema\/person\/d9422e83121c3ad3b0f423d195f5bb25","name":"Adriana Rabelo","image":{"@type":"ImageObject","inLanguage":"pt-BR","@id":"https:\/\/franciscanos.org.br\/noticias\/#\/schema\/person\/image\/","url":"https:\/\/secure.gravatar.com\/avatar\/0a937b7500cd7df77540cfb8bede877d?s=96&d=mm&r=g","contentUrl":"https:\/\/secure.gravatar.com\/avatar\/0a937b7500cd7df77540cfb8bede877d?s=96&d=mm&r=g","caption":"Adriana Rabelo"},"url":"https:\/\/franciscanos.org.br\/noticias\/author\/adrianarabelo"}]}},"_links":{"self":[{"href":"https:\/\/franciscanos.org.br\/noticias\/wp-json\/wp\/v2\/posts\/255750"}],"collection":[{"href":"https:\/\/franciscanos.org.br\/noticias\/wp-json\/wp\/v2\/posts"}],"about":[{"href":"https:\/\/franciscanos.org.br\/noticias\/wp-json\/wp\/v2\/types\/post"}],"author":[{"embeddable":true,"href":"https:\/\/franciscanos.org.br\/noticias\/wp-json\/wp\/v2\/users\/11"}],"replies":[{"embeddable":true,"href":"https:\/\/franciscanos.org.br\/noticias\/wp-json\/wp\/v2\/comments?post=255750"}],"version-history":[{"count":1,"href":"https:\/\/franciscanos.org.br\/noticias\/wp-json\/wp\/v2\/posts\/255750\/revisions"}],"predecessor-version":[{"id":255753,"href":"https:\/\/franciscanos.org.br\/noticias\/wp-json\/wp\/v2\/posts\/255750\/revisions\/255753"}],"wp:featuredmedia":[{"embeddable":true,"href":"https:\/\/franciscanos.org.br\/noticias\/wp-json\/wp\/v2\/media\/255752"}],"wp:attachment":[{"href":"https:\/\/franciscanos.org.br\/noticias\/wp-json\/wp\/v2\/media?parent=255750"}],"wp:term":[{"taxonomy":"category","embeddable":true,"href":"https:\/\/franciscanos.org.br\/noticias\/wp-json\/wp\/v2\/categories?post=255750"},{"taxonomy":"post_tag","embeddable":true,"href":"https:\/\/franciscanos.org.br\/noticias\/wp-json\/wp\/v2\/tags?post=255750"}],"curies":[{"name":"wp","href":"https:\/\/api.w.org\/{rel}","templated":true}]}}