{"id":255726,"date":"2025-04-02T10:41:21","date_gmt":"2025-04-02T13:41:21","guid":{"rendered":"https:\/\/franciscanos.org.br\/noticias\/?p=255726"},"modified":"2025-04-02T13:49:46","modified_gmt":"2025-04-02T16:49:46","slug":"coral-dos-meninos-dos-canarinhos-busca-apoio-para-representar-o-brasil-na-alemanha","status":"publish","type":"post","link":"https:\/\/franciscanos.org.br\/noticias\/coral-dos-meninos-dos-canarinhos-busca-apoio-para-representar-o-brasil-na-alemanha.html","title":{"rendered":"Coral dos Meninos dos Canarinhos busca apoio para representar o Brasil na Alemanha"},"content":{"rendered":"<p><img loading=\"lazy\" class=\"aligncenter wp-image-255734 size-full\" src=\"https:\/\/franciscanos.org.br\/noticias\/wp-content\/uploads\/2025\/04\/materia-1.png\" alt=\"\" width=\"1280\" height=\"720\" srcset=\"https:\/\/franciscanos.org.br\/noticias\/wp-content\/uploads\/2025\/04\/materia-1.png 1280w, https:\/\/franciscanos.org.br\/noticias\/wp-content\/uploads\/2025\/04\/materia-1-450x253.png 450w, https:\/\/franciscanos.org.br\/noticias\/wp-content\/uploads\/2025\/04\/materia-1-1024x576.png 1024w, https:\/\/franciscanos.org.br\/noticias\/wp-content\/uploads\/2025\/04\/materia-1-768x432.png 768w, https:\/\/franciscanos.org.br\/noticias\/wp-content\/uploads\/2025\/04\/materia-1-150x84.png 150w\" sizes=\"(max-width: 1280px) 100vw, 1280px\" \/><\/p>\n<p>O Coral dos Meninos dos Canarinhos de Petr\u00f3polis, refer\u00eancia na m\u00fasica coral brasileira, est\u00e1 em busca de apoiadores que possam ajudar a realizar o sonho de participar do <strong>Congresso Internacional Pueri Cantores 2025<\/strong>, que ser\u00e1 realizado em Munique, na Alemanha, entre os dias 12 e 20 de julho deste ano. O importante evento reunir\u00e1 cerca de 3 mil jovens coralistas de diversos pa\u00edses em uma celebra\u00e7\u00e3o de m\u00fasica, f\u00e9 e interc\u00e2mbio cultural.<\/p>\n<p><img loading=\"lazy\" class=\"size-medium wp-image-255738 alignright\" src=\"https:\/\/franciscanos.org.br\/noticias\/wp-content\/uploads\/2025\/04\/WhatsApp-Image-2025-04-02-at-10.02.58-372x450.jpeg\" alt=\"\" width=\"372\" height=\"450\" srcset=\"https:\/\/franciscanos.org.br\/noticias\/wp-content\/uploads\/2025\/04\/WhatsApp-Image-2025-04-02-at-10.02.58-372x450.jpeg 372w, https:\/\/franciscanos.org.br\/noticias\/wp-content\/uploads\/2025\/04\/WhatsApp-Image-2025-04-02-at-10.02.58-847x1024.jpeg 847w, https:\/\/franciscanos.org.br\/noticias\/wp-content\/uploads\/2025\/04\/WhatsApp-Image-2025-04-02-at-10.02.58-768x928.jpeg 768w, https:\/\/franciscanos.org.br\/noticias\/wp-content\/uploads\/2025\/04\/WhatsApp-Image-2025-04-02-at-10.02.58-150x181.jpeg 150w, https:\/\/franciscanos.org.br\/noticias\/wp-content\/uploads\/2025\/04\/WhatsApp-Image-2025-04-02-at-10.02.58.jpeg 894w\" sizes=\"(max-width: 372px) 100vw, 372px\" \/>Considerado um dos mais prestigiados encontros de m\u00fasica coral juvenil no mundo,\u00a0 o congresso re\u00fane, a cada 5 anos, milhares de jovens cantores de diversas na\u00e7\u00f5es. O evento promove a uni\u00e3o por meio da m\u00fasica, incentivando a compreens\u00e3o intercultural, o desenvolvimento art\u00edstico e o fortalecimento de la\u00e7os entre coros de diferentes origens.<\/p>\n<p>Para possibilitar a participa\u00e7\u00e3o do coral no congresso, foi criada a <strong>Campanha &#8220;Canarinhos pelo Mundo&#8221;<\/strong>, que visa arrecadar valores para cobrir custos como passagens a\u00e9reas, inscri\u00e7\u00e3o no evento, alimenta\u00e7\u00e3o, transporte Rio-Petr\u00f3polis, material gr\u00e1fico, camisetas, seguro viagem e hospedagem no congresso, al\u00e9m do transporte local.<\/p>\n<p>\u201cA participa\u00e7\u00e3o dos Canarinhos no Congresso n\u00e3o \u00e9 apenas uma conquista musical, mas tamb\u00e9m uma forma de representar o Brasil no cen\u00e1rio internacional, mostrando a riqueza da nossa cultura. Participar deste congresso \u00e9 uma oportunidade transformadora para os jovens coralistas, que vivenciam experi\u00eancias enriquecedoras tanto no aspecto t\u00e9cnico quanto humano, al\u00e9m de compartilhar o palco com grupos renomados e explorar novos repert\u00f3rios sob a reg\u00eancia de maestros reconhecidos mundialmente\u201d, destacou Frei Marcos Ant\u00f4nio de Andrade, presidente do Instituto dos Meninos Cantores de Petr\u00f3polis.<\/p>\n<p>As empresas que apoiadoras do projeto ter\u00e3o benef\u00edcios como a inclus\u00e3o de suas marcas em materiais de divulga\u00e7\u00e3o da turn\u00ea, como banners, camisetas e folders, al\u00e9m da possibilidade de utilizar fotos e v\u00eddeos exclusivos da viagem para campanhas de marketing e relat\u00f3rios institucionais. Os apoiadores tamb\u00e9m ser\u00e3o mencionados nos releases e a\u00e7\u00f5es de m\u00eddia, refor\u00e7ando seu compromisso com a cultura e a educa\u00e7\u00e3o, e poder\u00e3o contar com uma apresenta\u00e7\u00e3o exclusiva do Coral dos Canarinhos, sem custos art\u00edsticos. O projeto est\u00e1 aprovado na Lei Rouanet PRONAC 2416984.<\/p>\n<p><img loading=\"lazy\" class=\"aligncenter wp-image-255735 size-full\" src=\"https:\/\/franciscanos.org.br\/noticias\/wp-content\/uploads\/2025\/04\/materia-3.png\" alt=\"\" width=\"1280\" height=\"720\" srcset=\"https:\/\/franciscanos.org.br\/noticias\/wp-content\/uploads\/2025\/04\/materia-3.png 1280w, https:\/\/franciscanos.org.br\/noticias\/wp-content\/uploads\/2025\/04\/materia-3-450x253.png 450w, https:\/\/franciscanos.org.br\/noticias\/wp-content\/uploads\/2025\/04\/materia-3-1024x576.png 1024w, https:\/\/franciscanos.org.br\/noticias\/wp-content\/uploads\/2025\/04\/materia-3-768x432.png 768w, https:\/\/franciscanos.org.br\/noticias\/wp-content\/uploads\/2025\/04\/materia-3-150x84.png 150w\" sizes=\"(max-width: 1280px) 100vw, 1280px\" \/>Para al\u00e9m dos apoiadores, as contribui\u00e7\u00f5es individuais tamb\u00e9m s\u00e3o bem-vindas e podem ser feitas <strong>via Pix atrav\u00e9s da chave 2499926-1820<\/strong>. Todo valor \u00e9 bem-vindo e ser\u00e1 destinado exclusivamente para os custos relacionados \u00e0 viagem.<\/p>\n<p>De acrodo com o maestro Marco Aur\u00e9lio Lischt, que est\u00e1 \u00e0 frente do Coral desde 1998, o congresso ser\u00e1 uma experi\u00eancia \u00fanica e transformadora. \u201cEssa viagem \u00e9 uma oportunidade extraordin\u00e1ria de crescimento musical, art\u00edstico e pessoal. Cantar ao lado de coros de todo o mundo em locais hist\u00f3ricos, como a Marienplatz, ser\u00e1 um marco inesquec\u00edvel para os nossos jovens\u201d, afirmou.<\/p>\n<p>A presen\u00e7a no Congresso Internacional Pueri Cantores reafirma o compromisso dos Canarinhos de Petr\u00f3polis em levar a m\u00fasica brasileira a palcos internacionais, fortalecendo la\u00e7os culturais e emocionando plateias ao redor do mundo.<\/p>\n<p><strong>M\u00e3os \u00e0 obra<\/strong><\/p>\n<p>Com o objetivo de fazer do sonho de participar do Congresso Internacional Pueri Cantores uma realidade, os \u00faltimos meses foram de muito trabalho e dedica\u00e7\u00e3o, por parte de familiares dos meninos coralistas, do Instituto dos Meninos Cantores de Petr\u00f3polis, da Fraternidade do Sagrado Cora\u00e7\u00e3o de Jesus e da comunidade local.<\/p>\n<p>&nbsp;<\/p>\n\n\t\t<style type=\"text\/css\">\n\t\t\t#gallery-1 {\n\t\t\t\tmargin: auto;\n\t\t\t}\n\t\t\t#gallery-1 .gallery-item {\n\t\t\t\tfloat: left;\n\t\t\t\tmargin-top: 10px;\n\t\t\t\ttext-align: center;\n\t\t\t\twidth: 50%;\n\t\t\t}\n\t\t\t#gallery-1 img {\n\t\t\t\tborder: 2px solid #cfcfcf;\n\t\t\t}\n\t\t\t#gallery-1 .gallery-caption {\n\t\t\t\tmargin-left: 0;\n\t\t\t}\n\t\t\t\/* see gallery_shortcode() in wp-includes\/media.php *\/\n\t\t<\/style>\n\t\t<div id='gallery-1' class='gallery galleryid-255726 gallery-columns-2 gallery-size-medium'><dl class='gallery-item'>\n\t\t\t<dt class='gallery-icon landscape'>\n\t\t\t\t<a href='https:\/\/franciscanos.org.br\/noticias\/wp-content\/uploads\/2025\/04\/feijo3-scaled.jpg'><img width=\"450\" height=\"300\" src=\"https:\/\/franciscanos.org.br\/noticias\/wp-content\/uploads\/2025\/04\/feijo3-450x300.jpg\" class=\"attachment-medium size-medium\" alt=\"\" loading=\"lazy\" srcset=\"https:\/\/franciscanos.org.br\/noticias\/wp-content\/uploads\/2025\/04\/feijo3-450x300.jpg 450w, https:\/\/franciscanos.org.br\/noticias\/wp-content\/uploads\/2025\/04\/feijo3-1024x683.jpg 1024w, https:\/\/franciscanos.org.br\/noticias\/wp-content\/uploads\/2025\/04\/feijo3-768x512.jpg 768w, https:\/\/franciscanos.org.br\/noticias\/wp-content\/uploads\/2025\/04\/feijo3-1536x1024.jpg 1536w, https:\/\/franciscanos.org.br\/noticias\/wp-content\/uploads\/2025\/04\/feijo3-2048x1365.jpg 2048w, https:\/\/franciscanos.org.br\/noticias\/wp-content\/uploads\/2025\/04\/feijo3-150x100.jpg 150w, https:\/\/franciscanos.org.br\/noticias\/wp-content\/uploads\/2025\/04\/feijo3-scaled.jpg 1620w\" sizes=\"(max-width: 450px) 100vw, 450px\" \/><\/a>\n\t\t\t<\/dt><\/dl><dl class='gallery-item'>\n\t\t\t<dt class='gallery-icon landscape'>\n\t\t\t\t<a href='https:\/\/franciscanos.org.br\/noticias\/wp-content\/uploads\/2025\/04\/feijo2-scaled.jpg'><img width=\"450\" height=\"300\" src=\"https:\/\/franciscanos.org.br\/noticias\/wp-content\/uploads\/2025\/04\/feijo2-450x300.jpg\" class=\"attachment-medium size-medium\" alt=\"\" loading=\"lazy\" srcset=\"https:\/\/franciscanos.org.br\/noticias\/wp-content\/uploads\/2025\/04\/feijo2-450x300.jpg 450w, https:\/\/franciscanos.org.br\/noticias\/wp-content\/uploads\/2025\/04\/feijo2-1024x683.jpg 1024w, https:\/\/franciscanos.org.br\/noticias\/wp-content\/uploads\/2025\/04\/feijo2-768x512.jpg 768w, https:\/\/franciscanos.org.br\/noticias\/wp-content\/uploads\/2025\/04\/feijo2-1536x1024.jpg 1536w, https:\/\/franciscanos.org.br\/noticias\/wp-content\/uploads\/2025\/04\/feijo2-2048x1365.jpg 2048w, https:\/\/franciscanos.org.br\/noticias\/wp-content\/uploads\/2025\/04\/feijo2-150x100.jpg 150w, https:\/\/franciscanos.org.br\/noticias\/wp-content\/uploads\/2025\/04\/feijo2-scaled.jpg 1620w\" sizes=\"(max-width: 450px) 100vw, 450px\" \/><\/a>\n\t\t\t<\/dt><\/dl><br style=\"clear: both\" \/>\n\t\t<\/div>\n\n<p>Em fevereiro, foi realizada a &#8220;Feijoada Solid\u00e1ria&#8221;, no Sal\u00e3o Frei Luiz \u2013 a primeira sede do Coral dos Canarinhos \u2013, localizado junto \u00e0 Par\u00f3quia do Sagrado Cora\u00e7\u00e3o de Jesus, em Petr\u00f3polis (RJ). O evento, promovido pelo grupo, contou com m\u00fasica ao vivo e reuniu amigos, familiares e Canarinhos de diversas gera\u00e7\u00f5es, fortalecendo os la\u00e7os entre todos os envolvidos. Al\u00e9m de contribuir para a viagem a Munique, a Feijoada possibilitou o conv\u00edvio e a partilha desse sonho comum.<\/p>\n\n\t\t<style type=\"text\/css\">\n\t\t\t#gallery-2 {\n\t\t\t\tmargin: auto;\n\t\t\t}\n\t\t\t#gallery-2 .gallery-item {\n\t\t\t\tfloat: left;\n\t\t\t\tmargin-top: 10px;\n\t\t\t\ttext-align: center;\n\t\t\t\twidth: 33%;\n\t\t\t}\n\t\t\t#gallery-2 img {\n\t\t\t\tborder: 2px solid #cfcfcf;\n\t\t\t}\n\t\t\t#gallery-2 .gallery-caption {\n\t\t\t\tmargin-left: 0;\n\t\t\t}\n\t\t\t\/* see gallery_shortcode() in wp-includes\/media.php *\/\n\t\t<\/style>\n\t\t<div id='gallery-2' class='gallery galleryid-255726 gallery-columns-3 gallery-size-thumbnail'><dl class='gallery-item'>\n\t\t\t<dt class='gallery-icon landscape'>\n\t\t\t\t<a href='https:\/\/franciscanos.org.br\/noticias\/wp-content\/uploads\/2025\/04\/pastel2-scaled.jpg'><img width=\"300\" height=\"300\" src=\"https:\/\/franciscanos.org.br\/noticias\/wp-content\/uploads\/2025\/04\/pastel2-300x300.jpg\" class=\"attachment-thumbnail size-thumbnail\" alt=\"\" loading=\"lazy\" srcset=\"https:\/\/franciscanos.org.br\/noticias\/wp-content\/uploads\/2025\/04\/pastel2-300x300.jpg 300w, https:\/\/franciscanos.org.br\/noticias\/wp-content\/uploads\/2025\/04\/pastel2-100x100.jpg 100w\" sizes=\"(max-width: 300px) 100vw, 300px\" \/><\/a>\n\t\t\t<\/dt><\/dl><dl class='gallery-item'>\n\t\t\t<dt class='gallery-icon landscape'>\n\t\t\t\t<a href='https:\/\/franciscanos.org.br\/noticias\/wp-content\/uploads\/2025\/04\/pastel1-scaled.jpg'><img width=\"300\" height=\"300\" src=\"https:\/\/franciscanos.org.br\/noticias\/wp-content\/uploads\/2025\/04\/pastel1-300x300.jpg\" class=\"attachment-thumbnail size-thumbnail\" alt=\"\" loading=\"lazy\" srcset=\"https:\/\/franciscanos.org.br\/noticias\/wp-content\/uploads\/2025\/04\/pastel1-300x300.jpg 300w, https:\/\/franciscanos.org.br\/noticias\/wp-content\/uploads\/2025\/04\/pastel1-100x100.jpg 100w\" sizes=\"(max-width: 300px) 100vw, 300px\" \/><\/a>\n\t\t\t<\/dt><\/dl><dl class='gallery-item'>\n\t\t\t<dt class='gallery-icon landscape'>\n\t\t\t\t<a href='https:\/\/franciscanos.org.br\/noticias\/wp-content\/uploads\/2025\/04\/pastel5-scaled.jpg'><img width=\"300\" height=\"300\" src=\"https:\/\/franciscanos.org.br\/noticias\/wp-content\/uploads\/2025\/04\/pastel5-300x300.jpg\" class=\"attachment-thumbnail size-thumbnail\" alt=\"\" loading=\"lazy\" srcset=\"https:\/\/franciscanos.org.br\/noticias\/wp-content\/uploads\/2025\/04\/pastel5-300x300.jpg 300w, https:\/\/franciscanos.org.br\/noticias\/wp-content\/uploads\/2025\/04\/pastel5-100x100.jpg 100w\" sizes=\"(max-width: 300px) 100vw, 300px\" \/><\/a>\n\t\t\t<\/dt><\/dl><br style=\"clear: both\" \/>\n\t\t<\/div>\n\n<p>J\u00e1 em mar\u00e7o, o Festival do Pastel, movimentou a atual sede do Coral. O evento teve grande ades\u00e3o e envolvimento, tanto na organiza\u00e7\u00e3o quanto na participa\u00e7\u00e3o do p\u00fablico. Os visitantes puderam degustar cinco sabores diferentes de past\u00e9is, todos muito saborosos, e acompanhar uma apresenta\u00e7\u00e3o especial do coral, que encantou todos os presentes.<\/p>\n<p><strong>Uma trajet\u00f3ria de excel\u00eancia e transforma\u00e7\u00e3o social<\/strong><\/p>\n<p>Fundado em 15 de agosto de 1942 por Frei Leto Bienias, o Coral dos Meninos dos Canarinhos \u00e9 o coro de meninos mais antigo do Brasil ainda em atividade, com 82 anos de hist\u00f3ria. Ao longo das d\u00e9cadas, o grupo tornou-se um s\u00edmbolo de excel\u00eancia art\u00edstica e de transforma\u00e7\u00e3o social, oferecendo ensino musical gratuito, forma\u00e7\u00e3o humana e alimenta\u00e7\u00e3o saud\u00e1vel a meninos de diversas classes sociais.<\/p>\n<p>Com uma discografia que inclui 18 \u00e1lbuns e um repert\u00f3rio que valoriza tanto a m\u00fasica sacra brasileira quanto obras internacionais, o Coral j\u00e1 realizou turn\u00eas em pa\u00edses como Alemanha, Estados Unidos, Venezuela e Argentina. Seus concertos para o Papa Jo\u00e3o Paulo II e performances de obras-primas como \u201cA Paix\u00e3o Segundo S\u00e3o Jo\u00e3o\u201d e a Nona Sinfonia de Beethoven solidificam sua reputa\u00e7\u00e3o como um dos mais importantes grupos corais do pa\u00eds.<\/p>\n<hr \/>\n<p>Texto: Frei Gabriel Nogueira Alves e Raphaela Cordeiro<\/p>\n<p>Fotos dos eventos: Frei Bruno Cez\u00e1rio, Frei Gabriel\u00a0 e Frei Jo\u00e3o Manoel Zechinatto<\/p>\n","protected":false},"excerpt":{"rendered":"<p>Campanha &#8220;Canarinhos pelo Mundo&#8221;<\/p>\n","protected":false},"author":11,"featured_media":255740,"comment_status":"open","ping_status":"open","sticky":false,"template":"","format":"standard","meta":[],"categories":[1],"tags":[2321],"acf":[],"yoast_head":"<!-- This site is optimized with the Yoast SEO plugin v19.2 - https:\/\/yoast.com\/wordpress\/plugins\/seo\/ -->\n<title>Coral dos Meninos dos Canarinhos busca apoio para representar o Brasil na Alemanha - Not\u00edcias - Franciscanos<\/title>\n<meta name=\"robots\" content=\"index, follow, max-snippet:-1, max-image-preview:large, max-video-preview:-1\" \/>\n<link rel=\"canonical\" href=\"https:\/\/franciscanos.org.br\/noticias\/coral-dos-meninos-dos-canarinhos-busca-apoio-para-representar-o-brasil-na-alemanha.html\" \/>\n<meta property=\"og:locale\" content=\"pt_BR\" \/>\n<meta property=\"og:type\" content=\"article\" \/>\n<meta property=\"og:title\" content=\"Coral dos Meninos dos Canarinhos busca apoio para representar o Brasil na Alemanha - Not\u00edcias - Franciscanos\" \/>\n<meta property=\"og:description\" content=\"Campanha &quot;Canarinhos pelo Mundo&quot;\" \/>\n<meta property=\"og:url\" content=\"https:\/\/franciscanos.org.br\/noticias\/coral-dos-meninos-dos-canarinhos-busca-apoio-para-representar-o-brasil-na-alemanha.html\" \/>\n<meta property=\"og:site_name\" content=\"Not\u00edcias - Franciscanos\" \/>\n<meta property=\"article:published_time\" content=\"2025-04-02T13:41:21+00:00\" \/>\n<meta property=\"article:modified_time\" content=\"2025-04-02T16:49:46+00:00\" \/>\n<meta property=\"og:image\" content=\"https:\/\/franciscanos.org.br\/noticias\/wp-content\/uploads\/2025\/04\/chamada-1.png\" \/>\n\t<meta property=\"og:image:width\" content=\"800\" \/>\n\t<meta property=\"og:image:height\" content=\"550\" \/>\n\t<meta property=\"og:image:type\" content=\"image\/png\" \/>\n<meta name=\"author\" content=\"Adriana Rabelo\" \/>\n<meta name=\"twitter:card\" content=\"summary_large_image\" \/>\n<meta name=\"twitter:label1\" content=\"Escrito por\" \/>\n\t<meta name=\"twitter:data1\" content=\"Adriana Rabelo\" \/>\n\t<meta name=\"twitter:label2\" content=\"Est. tempo de leitura\" \/>\n\t<meta name=\"twitter:data2\" content=\"5 minutos\" \/>\n<script type=\"application\/ld+json\" class=\"yoast-schema-graph\">{\"@context\":\"https:\/\/schema.org\",\"@graph\":[{\"@type\":\"WebSite\",\"@id\":\"https:\/\/franciscanos.org.br\/noticias\/#website\",\"url\":\"https:\/\/franciscanos.org.br\/noticias\/\",\"name\":\"Not\u00edcias - Franciscanos\",\"description\":\"Prov\u00edncia Franciscana da Imaculada Concei\u00e7\u00e3o do Brasil - Ordem dos Frades Menores - OFM\",\"potentialAction\":[{\"@type\":\"SearchAction\",\"target\":{\"@type\":\"EntryPoint\",\"urlTemplate\":\"https:\/\/franciscanos.org.br\/noticias\/?s={search_term_string}\"},\"query-input\":\"required name=search_term_string\"}],\"inLanguage\":\"pt-BR\"},{\"@type\":\"ImageObject\",\"inLanguage\":\"pt-BR\",\"@id\":\"https:\/\/franciscanos.org.br\/noticias\/coral-dos-meninos-dos-canarinhos-busca-apoio-para-representar-o-brasil-na-alemanha.html#primaryimage\",\"url\":\"https:\/\/franciscanos.org.br\/noticias\/wp-content\/uploads\/2025\/04\/chamada-1.png\",\"contentUrl\":\"https:\/\/franciscanos.org.br\/noticias\/wp-content\/uploads\/2025\/04\/chamada-1.png\",\"width\":800,\"height\":550},{\"@type\":\"WebPage\",\"@id\":\"https:\/\/franciscanos.org.br\/noticias\/coral-dos-meninos-dos-canarinhos-busca-apoio-para-representar-o-brasil-na-alemanha.html#webpage\",\"url\":\"https:\/\/franciscanos.org.br\/noticias\/coral-dos-meninos-dos-canarinhos-busca-apoio-para-representar-o-brasil-na-alemanha.html\",\"name\":\"Coral dos Meninos dos Canarinhos busca apoio para representar o Brasil na Alemanha - Not\u00edcias - Franciscanos\",\"isPartOf\":{\"@id\":\"https:\/\/franciscanos.org.br\/noticias\/#website\"},\"primaryImageOfPage\":{\"@id\":\"https:\/\/franciscanos.org.br\/noticias\/coral-dos-meninos-dos-canarinhos-busca-apoio-para-representar-o-brasil-na-alemanha.html#primaryimage\"},\"datePublished\":\"2025-04-02T13:41:21+00:00\",\"dateModified\":\"2025-04-02T16:49:46+00:00\",\"author\":{\"@id\":\"https:\/\/franciscanos.org.br\/noticias\/#\/schema\/person\/d9422e83121c3ad3b0f423d195f5bb25\"},\"breadcrumb\":{\"@id\":\"https:\/\/franciscanos.org.br\/noticias\/coral-dos-meninos-dos-canarinhos-busca-apoio-para-representar-o-brasil-na-alemanha.html#breadcrumb\"},\"inLanguage\":\"pt-BR\",\"potentialAction\":[{\"@type\":\"ReadAction\",\"target\":[\"https:\/\/franciscanos.org.br\/noticias\/coral-dos-meninos-dos-canarinhos-busca-apoio-para-representar-o-brasil-na-alemanha.html\"]}]},{\"@type\":\"BreadcrumbList\",\"@id\":\"https:\/\/franciscanos.org.br\/noticias\/coral-dos-meninos-dos-canarinhos-busca-apoio-para-representar-o-brasil-na-alemanha.html#breadcrumb\",\"itemListElement\":[{\"@type\":\"ListItem\",\"position\":1,\"name\":\"Home\",\"item\":\"https:\/\/franciscanos.org.br\/noticias\"},{\"@type\":\"ListItem\",\"position\":2,\"name\":\"Coral dos Meninos dos Canarinhos busca apoio para representar o Brasil na Alemanha\"}]},{\"@type\":\"Person\",\"@id\":\"https:\/\/franciscanos.org.br\/noticias\/#\/schema\/person\/d9422e83121c3ad3b0f423d195f5bb25\",\"name\":\"Adriana Rabelo\",\"image\":{\"@type\":\"ImageObject\",\"inLanguage\":\"pt-BR\",\"@id\":\"https:\/\/franciscanos.org.br\/noticias\/#\/schema\/person\/image\/\",\"url\":\"https:\/\/secure.gravatar.com\/avatar\/0a937b7500cd7df77540cfb8bede877d?s=96&d=mm&r=g\",\"contentUrl\":\"https:\/\/secure.gravatar.com\/avatar\/0a937b7500cd7df77540cfb8bede877d?s=96&d=mm&r=g\",\"caption\":\"Adriana Rabelo\"},\"url\":\"https:\/\/franciscanos.org.br\/noticias\/author\/adrianarabelo\"}]}<\/script>\n<!-- \/ Yoast SEO plugin. -->","yoast_head_json":{"title":"Coral dos Meninos dos Canarinhos busca apoio para representar o Brasil na Alemanha - Not\u00edcias - Franciscanos","robots":{"index":"index","follow":"follow","max-snippet":"max-snippet:-1","max-image-preview":"max-image-preview:large","max-video-preview":"max-video-preview:-1"},"canonical":"https:\/\/franciscanos.org.br\/noticias\/coral-dos-meninos-dos-canarinhos-busca-apoio-para-representar-o-brasil-na-alemanha.html","og_locale":"pt_BR","og_type":"article","og_title":"Coral dos Meninos dos Canarinhos busca apoio para representar o Brasil na Alemanha - Not\u00edcias - Franciscanos","og_description":"Campanha \"Canarinhos pelo Mundo\"","og_url":"https:\/\/franciscanos.org.br\/noticias\/coral-dos-meninos-dos-canarinhos-busca-apoio-para-representar-o-brasil-na-alemanha.html","og_site_name":"Not\u00edcias - Franciscanos","article_published_time":"2025-04-02T13:41:21+00:00","article_modified_time":"2025-04-02T16:49:46+00:00","og_image":[{"width":800,"height":550,"url":"https:\/\/franciscanos.org.br\/noticias\/wp-content\/uploads\/2025\/04\/chamada-1.png","type":"image\/png"}],"author":"Adriana Rabelo","twitter_card":"summary_large_image","twitter_misc":{"Escrito por":"Adriana Rabelo","Est. tempo de leitura":"5 minutos"},"schema":{"@context":"https:\/\/schema.org","@graph":[{"@type":"WebSite","@id":"https:\/\/franciscanos.org.br\/noticias\/#website","url":"https:\/\/franciscanos.org.br\/noticias\/","name":"Not\u00edcias - Franciscanos","description":"Prov\u00edncia Franciscana da Imaculada Concei\u00e7\u00e3o do Brasil - Ordem dos Frades Menores - OFM","potentialAction":[{"@type":"SearchAction","target":{"@type":"EntryPoint","urlTemplate":"https:\/\/franciscanos.org.br\/noticias\/?s={search_term_string}"},"query-input":"required name=search_term_string"}],"inLanguage":"pt-BR"},{"@type":"ImageObject","inLanguage":"pt-BR","@id":"https:\/\/franciscanos.org.br\/noticias\/coral-dos-meninos-dos-canarinhos-busca-apoio-para-representar-o-brasil-na-alemanha.html#primaryimage","url":"https:\/\/franciscanos.org.br\/noticias\/wp-content\/uploads\/2025\/04\/chamada-1.png","contentUrl":"https:\/\/franciscanos.org.br\/noticias\/wp-content\/uploads\/2025\/04\/chamada-1.png","width":800,"height":550},{"@type":"WebPage","@id":"https:\/\/franciscanos.org.br\/noticias\/coral-dos-meninos-dos-canarinhos-busca-apoio-para-representar-o-brasil-na-alemanha.html#webpage","url":"https:\/\/franciscanos.org.br\/noticias\/coral-dos-meninos-dos-canarinhos-busca-apoio-para-representar-o-brasil-na-alemanha.html","name":"Coral dos Meninos dos Canarinhos busca apoio para representar o Brasil na Alemanha - Not\u00edcias - Franciscanos","isPartOf":{"@id":"https:\/\/franciscanos.org.br\/noticias\/#website"},"primaryImageOfPage":{"@id":"https:\/\/franciscanos.org.br\/noticias\/coral-dos-meninos-dos-canarinhos-busca-apoio-para-representar-o-brasil-na-alemanha.html#primaryimage"},"datePublished":"2025-04-02T13:41:21+00:00","dateModified":"2025-04-02T16:49:46+00:00","author":{"@id":"https:\/\/franciscanos.org.br\/noticias\/#\/schema\/person\/d9422e83121c3ad3b0f423d195f5bb25"},"breadcrumb":{"@id":"https:\/\/franciscanos.org.br\/noticias\/coral-dos-meninos-dos-canarinhos-busca-apoio-para-representar-o-brasil-na-alemanha.html#breadcrumb"},"inLanguage":"pt-BR","potentialAction":[{"@type":"ReadAction","target":["https:\/\/franciscanos.org.br\/noticias\/coral-dos-meninos-dos-canarinhos-busca-apoio-para-representar-o-brasil-na-alemanha.html"]}]},{"@type":"BreadcrumbList","@id":"https:\/\/franciscanos.org.br\/noticias\/coral-dos-meninos-dos-canarinhos-busca-apoio-para-representar-o-brasil-na-alemanha.html#breadcrumb","itemListElement":[{"@type":"ListItem","position":1,"name":"Home","item":"https:\/\/franciscanos.org.br\/noticias"},{"@type":"ListItem","position":2,"name":"Coral dos Meninos dos Canarinhos busca apoio para representar o Brasil na Alemanha"}]},{"@type":"Person","@id":"https:\/\/franciscanos.org.br\/noticias\/#\/schema\/person\/d9422e83121c3ad3b0f423d195f5bb25","name":"Adriana Rabelo","image":{"@type":"ImageObject","inLanguage":"pt-BR","@id":"https:\/\/franciscanos.org.br\/noticias\/#\/schema\/person\/image\/","url":"https:\/\/secure.gravatar.com\/avatar\/0a937b7500cd7df77540cfb8bede877d?s=96&d=mm&r=g","contentUrl":"https:\/\/secure.gravatar.com\/avatar\/0a937b7500cd7df77540cfb8bede877d?s=96&d=mm&r=g","caption":"Adriana Rabelo"},"url":"https:\/\/franciscanos.org.br\/noticias\/author\/adrianarabelo"}]}},"_links":{"self":[{"href":"https:\/\/franciscanos.org.br\/noticias\/wp-json\/wp\/v2\/posts\/255726"}],"collection":[{"href":"https:\/\/franciscanos.org.br\/noticias\/wp-json\/wp\/v2\/posts"}],"about":[{"href":"https:\/\/franciscanos.org.br\/noticias\/wp-json\/wp\/v2\/types\/post"}],"author":[{"embeddable":true,"href":"https:\/\/franciscanos.org.br\/noticias\/wp-json\/wp\/v2\/users\/11"}],"replies":[{"embeddable":true,"href":"https:\/\/franciscanos.org.br\/noticias\/wp-json\/wp\/v2\/comments?post=255726"}],"version-history":[{"count":10,"href":"https:\/\/franciscanos.org.br\/noticias\/wp-json\/wp\/v2\/posts\/255726\/revisions"}],"predecessor-version":[{"id":255764,"href":"https:\/\/franciscanos.org.br\/noticias\/wp-json\/wp\/v2\/posts\/255726\/revisions\/255764"}],"wp:featuredmedia":[{"embeddable":true,"href":"https:\/\/franciscanos.org.br\/noticias\/wp-json\/wp\/v2\/media\/255740"}],"wp:attachment":[{"href":"https:\/\/franciscanos.org.br\/noticias\/wp-json\/wp\/v2\/media?parent=255726"}],"wp:term":[{"taxonomy":"category","embeddable":true,"href":"https:\/\/franciscanos.org.br\/noticias\/wp-json\/wp\/v2\/categories?post=255726"},{"taxonomy":"post_tag","embeddable":true,"href":"https:\/\/franciscanos.org.br\/noticias\/wp-json\/wp\/v2\/tags?post=255726"}],"curies":[{"name":"wp","href":"https:\/\/api.w.org\/{rel}","templated":true}]}}