{"id":255725,"date":"2025-03-24T08:34:40","date_gmt":"2025-03-24T11:34:40","guid":{"rendered":"https:\/\/franciscanos.org.br\/noticias\/?p=255725"},"modified":"2025-08-26T15:52:56","modified_gmt":"2025-08-26T18:52:56","slug":"dia-de-encontro-formacao-e-partilha-na-assembleia-do-sav-2025","status":"publish","type":"post","link":"https:\/\/franciscanos.org.br\/noticias\/dia-de-encontro-formacao-e-partilha-na-assembleia-do-sav-2025.html","title":{"rendered":"Dia de encontro, forma\u00e7\u00e3o e partilha na Assembleia do SAV 2025"},"content":{"rendered":"<p><img loading=\"lazy\" class=\"aligncenter wp-image-255746 size-full\" src=\"https:\/\/franciscanos.org.br\/noticias\/wp-content\/uploads\/2025\/04\/materia-4.png\" alt=\"\" width=\"1280\" height=\"720\" srcset=\"https:\/\/franciscanos.org.br\/noticias\/wp-content\/uploads\/2025\/04\/materia-4.png 1280w, https:\/\/franciscanos.org.br\/noticias\/wp-content\/uploads\/2025\/04\/materia-4-450x253.png 450w, https:\/\/franciscanos.org.br\/noticias\/wp-content\/uploads\/2025\/04\/materia-4-1024x576.png 1024w, https:\/\/franciscanos.org.br\/noticias\/wp-content\/uploads\/2025\/04\/materia-4-768x432.png 768w, https:\/\/franciscanos.org.br\/noticias\/wp-content\/uploads\/2025\/04\/materia-4-150x84.png 150w\" sizes=\"(max-width: 1280px) 100vw, 1280px\" \/><\/p>\n<p>No dia 20 de mar\u00e7o, o Servi\u00e7o de Anima\u00e7\u00e3o Vocacional da Prov\u00edncia Franciscana da Imaculada Concei\u00e7\u00e3o, realizou sua Assembleia Provincial anual.<\/p>\n<p>O encontro dos frades nomeados pelo governo provincial, para ser refer\u00eancia deste servi\u00e7o nas fraternidades, ocorreu na modalidade online.<\/p>\n<p>O Ministro provincial, Frei Paulo Roberto Pereira, motivou a todos indicando o testemunho de vida como a grande \u2018propaganda vocacional\u2019. Tamb\u00e9m afirmou que todos os frades s\u00e3o animadores vocacionais e n\u00e3o s\u00f3 os nomeados. Com palavras de incentivo agradeceu a todos os confrades pelo empenho dedicado ao servi\u00e7o prestado a toda fraternidade provincial.<\/p>\n<p>Logo em seguida Frei Je\u00e2 Paulo Andrade, animador provincial do SAV, dedicou algum tempo para a explana\u00e7\u00e3o e explica\u00e7\u00e3o sobre o Projeto Formativo Provincial, no que se refere a anima\u00e7\u00e3o vocacional e esbo\u00e7ou a reestrutura do SAV Provincial, que conta com um frade animador pela gest\u00e3o provincial da anima\u00e7\u00e3o e um vice animador em cada estado que comp\u00f5e o territ\u00f3rio provincial.<\/p>\n<p>Em um segundo momento da assembleia, outros frades foram convidados para tomarem a palavra e tratarem alguns pontos de extrema necessidade para o acompanhamento de vocacionados. Frei Gabriel Dellandrea discorreu sobre algumas diretrizes no que tange a um acompanhamento mais personalizado dentro da anima\u00e7\u00e3o vocacional, tendo como base e experi\u00eancia sua passagem no tri\u00eanio passado neste servi\u00e7o provincial.<\/p>\n<p>Frei Leandro Costa Santos, trouxe uma importante reflex\u00e3o sobre as redes sociais e internet efetivando nossa presen\u00e7a nas a\u00e7\u00f5es de anima\u00e7\u00e3o vocacional no espa\u00e7o digital.<\/p>\n<p>Um momento importante da assembleia fora dedicado \u00e0 orienta\u00e7\u00f5es e cuidados que cada animador vocacional deve atentar-se na rela\u00e7\u00e3o animador e vocacionado. O momento foi conduzido por Frei Rodrigo da Silva Santos. Mais uma vez, a comunh\u00e3o entre as frentes de evangeliza\u00e7\u00e3o de nossa prov\u00edncia foi reafirmada.<\/p>\n<p>A frente das Par\u00f3quias e Santu\u00e1rios, representada por Frei Jos\u00e9 Raimundo de Souza que tamb\u00e9m \u00e9 animador vocacional, acolheu as sugest\u00f5es dos frades nas sugest\u00f5es de como a referida frente pode ajudar e contribuir com o SAV, tendo em vista que os espa\u00e7os de ora\u00e7\u00e3o e devo\u00e7\u00e3o comportam um grande n\u00famero de presen\u00e7a franciscana e podem ser o cart\u00e3o de visita de muitos futuros vocacionados.<\/p>\n<p>Frei Marcos Prado dos Santos partilhou com os confrades o andamento da FAV-Ituporanga. Os vocacionados acolhidos neste ano demonstram grande interesse pela nossa vida e nota-se um entrosamento saud\u00e1vel entre eles, apesar que n\u00e3o est\u00e3o sendo mais configurados como turma, e sim em um acompanhamento mais personalizado, visando sempre a forma\u00e7\u00e3o da identidade do frade menor. Por fim, os confrades puderam expor atividades vocacionais nas fraternidades e partilhar desafios e alegrias.<\/p>\n<p>Na certeza de que Deus sempre suscita novas voca\u00e7\u00f5es para a vida religiosa franciscana, os frades rezaram ao Senhor da Messe para que nos de santas e novas voca\u00e7\u00f5es.<\/p>\n<hr \/>\n<p><em>Equipe de Anima\u00e7\u00e3o Vocacional<\/em><\/p>\n","protected":false},"excerpt":{"rendered":"<p>Servi\u00e7o de Anima\u00e7\u00e3o Vocacional<\/p>\n","protected":false},"author":11,"featured_media":255747,"comment_status":"open","ping_status":"open","sticky":false,"template":"","format":"standard","meta":[],"categories":[1],"tags":[552,2092,2056],"acf":[],"yoast_head":"<!-- This site is optimized with the Yoast SEO plugin v19.2 - https:\/\/yoast.com\/wordpress\/plugins\/seo\/ -->\n<title>Dia de encontro, forma\u00e7\u00e3o e partilha na Assembleia do SAV 2025 - Not\u00edcias - Franciscanos<\/title>\n<meta name=\"robots\" content=\"index, follow, max-snippet:-1, max-image-preview:large, max-video-preview:-1\" \/>\n<link rel=\"canonical\" href=\"https:\/\/franciscanos.org.br\/noticias\/dia-de-encontro-formacao-e-partilha-na-assembleia-do-sav-2025.html\" \/>\n<meta property=\"og:locale\" content=\"pt_BR\" \/>\n<meta property=\"og:type\" content=\"article\" \/>\n<meta property=\"og:title\" content=\"Dia de encontro, forma\u00e7\u00e3o e partilha na Assembleia do SAV 2025 - Not\u00edcias - Franciscanos\" \/>\n<meta property=\"og:description\" content=\"Servi\u00e7o de Anima\u00e7\u00e3o Vocacional\" \/>\n<meta property=\"og:url\" content=\"https:\/\/franciscanos.org.br\/noticias\/dia-de-encontro-formacao-e-partilha-na-assembleia-do-sav-2025.html\" \/>\n<meta property=\"og:site_name\" content=\"Not\u00edcias - Franciscanos\" \/>\n<meta property=\"article:published_time\" content=\"2025-03-24T11:34:40+00:00\" \/>\n<meta property=\"article:modified_time\" content=\"2025-08-26T18:52:56+00:00\" \/>\n<meta property=\"og:image\" content=\"https:\/\/franciscanos.org.br\/noticias\/wp-content\/uploads\/2025\/04\/CHAMADA-2.png\" \/>\n\t<meta property=\"og:image:width\" content=\"800\" \/>\n\t<meta property=\"og:image:height\" content=\"550\" \/>\n\t<meta property=\"og:image:type\" content=\"image\/png\" \/>\n<meta name=\"author\" content=\"Adriana Rabelo\" \/>\n<meta name=\"twitter:card\" content=\"summary_large_image\" \/>\n<meta name=\"twitter:label1\" content=\"Escrito por\" \/>\n\t<meta name=\"twitter:data1\" content=\"Adriana Rabelo\" \/>\n\t<meta name=\"twitter:label2\" content=\"Est. tempo de leitura\" \/>\n\t<meta name=\"twitter:data2\" content=\"3 minutos\" \/>\n<script type=\"application\/ld+json\" class=\"yoast-schema-graph\">{\"@context\":\"https:\/\/schema.org\",\"@graph\":[{\"@type\":\"WebSite\",\"@id\":\"https:\/\/franciscanos.org.br\/noticias\/#website\",\"url\":\"https:\/\/franciscanos.org.br\/noticias\/\",\"name\":\"Not\u00edcias - Franciscanos\",\"description\":\"Prov\u00edncia Franciscana da Imaculada Concei\u00e7\u00e3o do Brasil - Ordem dos Frades Menores - OFM\",\"potentialAction\":[{\"@type\":\"SearchAction\",\"target\":{\"@type\":\"EntryPoint\",\"urlTemplate\":\"https:\/\/franciscanos.org.br\/noticias\/?s={search_term_string}\"},\"query-input\":\"required name=search_term_string\"}],\"inLanguage\":\"pt-BR\"},{\"@type\":\"ImageObject\",\"inLanguage\":\"pt-BR\",\"@id\":\"https:\/\/franciscanos.org.br\/noticias\/dia-de-encontro-formacao-e-partilha-na-assembleia-do-sav-2025.html#primaryimage\",\"url\":\"https:\/\/franciscanos.org.br\/noticias\/wp-content\/uploads\/2025\/04\/CHAMADA-2.png\",\"contentUrl\":\"https:\/\/franciscanos.org.br\/noticias\/wp-content\/uploads\/2025\/04\/CHAMADA-2.png\",\"width\":800,\"height\":550},{\"@type\":\"WebPage\",\"@id\":\"https:\/\/franciscanos.org.br\/noticias\/dia-de-encontro-formacao-e-partilha-na-assembleia-do-sav-2025.html#webpage\",\"url\":\"https:\/\/franciscanos.org.br\/noticias\/dia-de-encontro-formacao-e-partilha-na-assembleia-do-sav-2025.html\",\"name\":\"Dia de encontro, forma\u00e7\u00e3o e partilha na Assembleia do SAV 2025 - Not\u00edcias - Franciscanos\",\"isPartOf\":{\"@id\":\"https:\/\/franciscanos.org.br\/noticias\/#website\"},\"primaryImageOfPage\":{\"@id\":\"https:\/\/franciscanos.org.br\/noticias\/dia-de-encontro-formacao-e-partilha-na-assembleia-do-sav-2025.html#primaryimage\"},\"datePublished\":\"2025-03-24T11:34:40+00:00\",\"dateModified\":\"2025-08-26T18:52:56+00:00\",\"author\":{\"@id\":\"https:\/\/franciscanos.org.br\/noticias\/#\/schema\/person\/d9422e83121c3ad3b0f423d195f5bb25\"},\"breadcrumb\":{\"@id\":\"https:\/\/franciscanos.org.br\/noticias\/dia-de-encontro-formacao-e-partilha-na-assembleia-do-sav-2025.html#breadcrumb\"},\"inLanguage\":\"pt-BR\",\"potentialAction\":[{\"@type\":\"ReadAction\",\"target\":[\"https:\/\/franciscanos.org.br\/noticias\/dia-de-encontro-formacao-e-partilha-na-assembleia-do-sav-2025.html\"]}]},{\"@type\":\"BreadcrumbList\",\"@id\":\"https:\/\/franciscanos.org.br\/noticias\/dia-de-encontro-formacao-e-partilha-na-assembleia-do-sav-2025.html#breadcrumb\",\"itemListElement\":[{\"@type\":\"ListItem\",\"position\":1,\"name\":\"Home\",\"item\":\"https:\/\/franciscanos.org.br\/noticias\"},{\"@type\":\"ListItem\",\"position\":2,\"name\":\"Dia de encontro, forma\u00e7\u00e3o e partilha na Assembleia do SAV 2025\"}]},{\"@type\":\"Person\",\"@id\":\"https:\/\/franciscanos.org.br\/noticias\/#\/schema\/person\/d9422e83121c3ad3b0f423d195f5bb25\",\"name\":\"Adriana Rabelo\",\"image\":{\"@type\":\"ImageObject\",\"inLanguage\":\"pt-BR\",\"@id\":\"https:\/\/franciscanos.org.br\/noticias\/#\/schema\/person\/image\/\",\"url\":\"https:\/\/secure.gravatar.com\/avatar\/0a937b7500cd7df77540cfb8bede877d?s=96&d=mm&r=g\",\"contentUrl\":\"https:\/\/secure.gravatar.com\/avatar\/0a937b7500cd7df77540cfb8bede877d?s=96&d=mm&r=g\",\"caption\":\"Adriana Rabelo\"},\"url\":\"https:\/\/franciscanos.org.br\/noticias\/author\/adrianarabelo\"}]}<\/script>\n<!-- \/ Yoast SEO plugin. -->","yoast_head_json":{"title":"Dia de encontro, forma\u00e7\u00e3o e partilha na Assembleia do SAV 2025 - Not\u00edcias - Franciscanos","robots":{"index":"index","follow":"follow","max-snippet":"max-snippet:-1","max-image-preview":"max-image-preview:large","max-video-preview":"max-video-preview:-1"},"canonical":"https:\/\/franciscanos.org.br\/noticias\/dia-de-encontro-formacao-e-partilha-na-assembleia-do-sav-2025.html","og_locale":"pt_BR","og_type":"article","og_title":"Dia de encontro, forma\u00e7\u00e3o e partilha na Assembleia do SAV 2025 - Not\u00edcias - Franciscanos","og_description":"Servi\u00e7o de Anima\u00e7\u00e3o Vocacional","og_url":"https:\/\/franciscanos.org.br\/noticias\/dia-de-encontro-formacao-e-partilha-na-assembleia-do-sav-2025.html","og_site_name":"Not\u00edcias - Franciscanos","article_published_time":"2025-03-24T11:34:40+00:00","article_modified_time":"2025-08-26T18:52:56+00:00","og_image":[{"width":800,"height":550,"url":"https:\/\/franciscanos.org.br\/noticias\/wp-content\/uploads\/2025\/04\/CHAMADA-2.png","type":"image\/png"}],"author":"Adriana Rabelo","twitter_card":"summary_large_image","twitter_misc":{"Escrito por":"Adriana Rabelo","Est. tempo de leitura":"3 minutos"},"schema":{"@context":"https:\/\/schema.org","@graph":[{"@type":"WebSite","@id":"https:\/\/franciscanos.org.br\/noticias\/#website","url":"https:\/\/franciscanos.org.br\/noticias\/","name":"Not\u00edcias - Franciscanos","description":"Prov\u00edncia Franciscana da Imaculada Concei\u00e7\u00e3o do Brasil - Ordem dos Frades Menores - OFM","potentialAction":[{"@type":"SearchAction","target":{"@type":"EntryPoint","urlTemplate":"https:\/\/franciscanos.org.br\/noticias\/?s={search_term_string}"},"query-input":"required name=search_term_string"}],"inLanguage":"pt-BR"},{"@type":"ImageObject","inLanguage":"pt-BR","@id":"https:\/\/franciscanos.org.br\/noticias\/dia-de-encontro-formacao-e-partilha-na-assembleia-do-sav-2025.html#primaryimage","url":"https:\/\/franciscanos.org.br\/noticias\/wp-content\/uploads\/2025\/04\/CHAMADA-2.png","contentUrl":"https:\/\/franciscanos.org.br\/noticias\/wp-content\/uploads\/2025\/04\/CHAMADA-2.png","width":800,"height":550},{"@type":"WebPage","@id":"https:\/\/franciscanos.org.br\/noticias\/dia-de-encontro-formacao-e-partilha-na-assembleia-do-sav-2025.html#webpage","url":"https:\/\/franciscanos.org.br\/noticias\/dia-de-encontro-formacao-e-partilha-na-assembleia-do-sav-2025.html","name":"Dia de encontro, forma\u00e7\u00e3o e partilha na Assembleia do SAV 2025 - Not\u00edcias - Franciscanos","isPartOf":{"@id":"https:\/\/franciscanos.org.br\/noticias\/#website"},"primaryImageOfPage":{"@id":"https:\/\/franciscanos.org.br\/noticias\/dia-de-encontro-formacao-e-partilha-na-assembleia-do-sav-2025.html#primaryimage"},"datePublished":"2025-03-24T11:34:40+00:00","dateModified":"2025-08-26T18:52:56+00:00","author":{"@id":"https:\/\/franciscanos.org.br\/noticias\/#\/schema\/person\/d9422e83121c3ad3b0f423d195f5bb25"},"breadcrumb":{"@id":"https:\/\/franciscanos.org.br\/noticias\/dia-de-encontro-formacao-e-partilha-na-assembleia-do-sav-2025.html#breadcrumb"},"inLanguage":"pt-BR","potentialAction":[{"@type":"ReadAction","target":["https:\/\/franciscanos.org.br\/noticias\/dia-de-encontro-formacao-e-partilha-na-assembleia-do-sav-2025.html"]}]},{"@type":"BreadcrumbList","@id":"https:\/\/franciscanos.org.br\/noticias\/dia-de-encontro-formacao-e-partilha-na-assembleia-do-sav-2025.html#breadcrumb","itemListElement":[{"@type":"ListItem","position":1,"name":"Home","item":"https:\/\/franciscanos.org.br\/noticias"},{"@type":"ListItem","position":2,"name":"Dia de encontro, forma\u00e7\u00e3o e partilha na Assembleia do SAV 2025"}]},{"@type":"Person","@id":"https:\/\/franciscanos.org.br\/noticias\/#\/schema\/person\/d9422e83121c3ad3b0f423d195f5bb25","name":"Adriana Rabelo","image":{"@type":"ImageObject","inLanguage":"pt-BR","@id":"https:\/\/franciscanos.org.br\/noticias\/#\/schema\/person\/image\/","url":"https:\/\/secure.gravatar.com\/avatar\/0a937b7500cd7df77540cfb8bede877d?s=96&d=mm&r=g","contentUrl":"https:\/\/secure.gravatar.com\/avatar\/0a937b7500cd7df77540cfb8bede877d?s=96&d=mm&r=g","caption":"Adriana Rabelo"},"url":"https:\/\/franciscanos.org.br\/noticias\/author\/adrianarabelo"}]}},"_links":{"self":[{"href":"https:\/\/franciscanos.org.br\/noticias\/wp-json\/wp\/v2\/posts\/255725"}],"collection":[{"href":"https:\/\/franciscanos.org.br\/noticias\/wp-json\/wp\/v2\/posts"}],"about":[{"href":"https:\/\/franciscanos.org.br\/noticias\/wp-json\/wp\/v2\/types\/post"}],"author":[{"embeddable":true,"href":"https:\/\/franciscanos.org.br\/noticias\/wp-json\/wp\/v2\/users\/11"}],"replies":[{"embeddable":true,"href":"https:\/\/franciscanos.org.br\/noticias\/wp-json\/wp\/v2\/comments?post=255725"}],"version-history":[{"count":1,"href":"https:\/\/franciscanos.org.br\/noticias\/wp-json\/wp\/v2\/posts\/255725\/revisions"}],"predecessor-version":[{"id":255748,"href":"https:\/\/franciscanos.org.br\/noticias\/wp-json\/wp\/v2\/posts\/255725\/revisions\/255748"}],"wp:featuredmedia":[{"embeddable":true,"href":"https:\/\/franciscanos.org.br\/noticias\/wp-json\/wp\/v2\/media\/255747"}],"wp:attachment":[{"href":"https:\/\/franciscanos.org.br\/noticias\/wp-json\/wp\/v2\/media?parent=255725"}],"wp:term":[{"taxonomy":"category","embeddable":true,"href":"https:\/\/franciscanos.org.br\/noticias\/wp-json\/wp\/v2\/categories?post=255725"},{"taxonomy":"post_tag","embeddable":true,"href":"https:\/\/franciscanos.org.br\/noticias\/wp-json\/wp\/v2\/tags?post=255725"}],"curies":[{"name":"wp","href":"https:\/\/api.w.org\/{rel}","templated":true}]}}