{"id":255719,"date":"2025-03-25T08:31:32","date_gmt":"2025-03-25T11:31:32","guid":{"rendered":"https:\/\/franciscanos.org.br\/noticias\/?p=255719"},"modified":"2025-04-02T08:32:41","modified_gmt":"2025-04-02T11:32:41","slug":"encontro-anual-do-regional-rio-de-janeiro-em-petropolis","status":"publish","type":"post","link":"https:\/\/franciscanos.org.br\/noticias\/encontro-anual-do-regional-rio-de-janeiro-em-petropolis.html","title":{"rendered":"Encontro anual do Regional Rio de Janeiro em Petr\u00f3polis"},"content":{"rendered":"<p><img loading=\"lazy\" class=\"aligncenter wp-image-255720 size-full\" src=\"https:\/\/franciscanos.org.br\/noticias\/wp-content\/uploads\/2025\/04\/MATERIA.png\" alt=\"\" width=\"1280\" height=\"720\" srcset=\"https:\/\/franciscanos.org.br\/noticias\/wp-content\/uploads\/2025\/04\/MATERIA.png 1280w, https:\/\/franciscanos.org.br\/noticias\/wp-content\/uploads\/2025\/04\/MATERIA-450x253.png 450w, https:\/\/franciscanos.org.br\/noticias\/wp-content\/uploads\/2025\/04\/MATERIA-1024x576.png 1024w, https:\/\/franciscanos.org.br\/noticias\/wp-content\/uploads\/2025\/04\/MATERIA-768x432.png 768w, https:\/\/franciscanos.org.br\/noticias\/wp-content\/uploads\/2025\/04\/MATERIA-150x84.png 150w\" sizes=\"(max-width: 1280px) 100vw, 1280px\" \/><\/p>\n<p>Alegres e sorridentes, com um forte e profundo esp\u00edrito de confraterniza\u00e7\u00e3o, os frades das Fraternidades da Baixada Fluminense, Rio de Janeiro e Niter\u00f3i se reuniram para o primeiro encontro anual do Regional Rio de Janeiro. Nos dias 21 e 22 de mar\u00e7o, a Fraternidade do Sagrado Cora\u00e7\u00e3o de Jesus, em Petr\u00f3polis (RJ), foi o palco deste momento que contou com a presen\u00e7a de frades das diversas fraternidades do regional, al\u00e9m do Frei Gustavo Wayand Medella, Vig\u00e1rio provincial, e do Definidor, Frei Volney Jos\u00e9 Berkenbrock, que presidiu o encontro.<\/p>\n<p><img loading=\"lazy\" class=\"size-medium wp-image-255722 alignright\" src=\"https:\/\/franciscanos.org.br\/noticias\/wp-content\/uploads\/2025\/04\/foto_02-1-450x338.jpeg\" alt=\"\" width=\"450\" height=\"338\" srcset=\"https:\/\/franciscanos.org.br\/noticias\/wp-content\/uploads\/2025\/04\/foto_02-1-450x338.jpeg 450w, https:\/\/franciscanos.org.br\/noticias\/wp-content\/uploads\/2025\/04\/foto_02-1-1024x768.jpeg 1024w, https:\/\/franciscanos.org.br\/noticias\/wp-content\/uploads\/2025\/04\/foto_02-1-768x576.jpeg 768w, https:\/\/franciscanos.org.br\/noticias\/wp-content\/uploads\/2025\/04\/foto_02-1-1536x1152.jpeg 1536w, https:\/\/franciscanos.org.br\/noticias\/wp-content\/uploads\/2025\/04\/foto_02-1-2048x1536.jpeg 2048w, https:\/\/franciscanos.org.br\/noticias\/wp-content\/uploads\/2025\/04\/foto_02-1-150x113.jpeg 150w, https:\/\/franciscanos.org.br\/noticias\/wp-content\/uploads\/2025\/04\/foto_02-1-600x450.jpeg 600w, https:\/\/franciscanos.org.br\/noticias\/wp-content\/uploads\/2025\/04\/foto_02-1-scaled.jpeg 1440w\" sizes=\"(max-width: 450px) 100vw, 450px\" \/>O clima de comunh\u00e3o fraterna e espiritualidade marcou os dois dias de atividades, que foram repletos de momentos significativos de ora\u00e7\u00e3o e partilha. Frei Volney trouxe \u00e0 tona a atual situa\u00e7\u00e3o do Regional, destacando os avan\u00e7os na recomposi\u00e7\u00e3o das fraternidades, ap\u00f3s o Cap\u00edtulo Provincial realizado em novembro do ano passado. &#8220;Estamos caminhando em bom ritmo, com um clima de esperan\u00e7a e comunh\u00e3o entre os frades&#8221;, afirmou, ressaltando a import\u00e2ncia dos encontros regionais para fortalecer la\u00e7os de fraternidade, partilha do carisma e acolhimento de projetos comuns. Dentre os momentos que mais tocaram os participantes, a presen\u00e7a de Dom Frei Diamantino Prata de Carvalho, foi especialmente mencionada, sendo lembrada por todos como um s\u00edmbolo simplicidade franciscana, cordialidade, uni\u00e3o e fraternidade.<\/p>\n<p>No segundo dia de atividades, o encontro proporcionou um espa\u00e7o para relatos compartilhados sobre a vida fraterna das nove fraternidades que comp\u00f5em o regional. Cada fraternidade teve a oportunidade de apresentar atualiza\u00e7\u00f5es sobre sua miss\u00e3o, desafios e especificidades, promovendo um rico interc\u00e2mbio de experi\u00eancias.<\/p>\n<p>A leitura e reflex\u00e3o do texto \u201cIrm\u00e3o e menores, hoje: A Ordem neste tempo\u201d, do Ministro geral, Frei Massimo Fusarelli, motivou os frades a refletirem sobre o papel da Ordem nos dias atuais. A pauta do encontro tamb\u00e9m incluiu a elei\u00e7\u00e3o da nova equipe de coordena\u00e7\u00e3o do Regional, que ficou assim composta: Frei Francisco Mor\u00e1s (coordenador,); Frei Tiago Hayakawa (vice-coordenador); Frei Jos\u00e9 Antonio dos Santos (secret\u00e1rio); e Frei Jo\u00e3o Fernandes Reinert (vice-secret\u00e1rio).<\/p>\n<p>O pr\u00f3ximo encontro do Regional est\u00e1 agendado para o dia 20 de setembro, na Fraternidade de S\u00e3o Jo\u00e3o do Meriti. O evento foi encerrado com uma ora\u00e7\u00e3o conduzida pelo guardi\u00e3o da casa, Frei Marcos Andrade, e a b\u00ean\u00e7\u00e3o de Dom Diamantino, que precedeu um almo\u00e7o fraterno entre os participantes. Este encontro n\u00e3o apenas fortaleceu os la\u00e7os entre as fraternidades, mas tamb\u00e9m renovou o compromisso dos frades em sua miss\u00e3o de servi\u00e7o e fraternidade, apontando para um futuro promissor no Regional Rio de Janeiro.<\/p>\n<hr \/>\n<p><em>Frei Jos\u00e9 Antonio dos Santos<\/em><\/p>\n","protected":false},"excerpt":{"rendered":"<p>Primeiro encontro anual<\/p>\n","protected":false},"author":11,"featured_media":255723,"comment_status":"open","ping_status":"open","sticky":false,"template":"","format":"standard","meta":[],"categories":[1],"tags":[2249,2320],"acf":[],"yoast_head":"<!-- This site is optimized with the Yoast SEO plugin v19.2 - https:\/\/yoast.com\/wordpress\/plugins\/seo\/ -->\n<title>Encontro anual do Regional Rio de Janeiro em Petr\u00f3polis - Not\u00edcias - Franciscanos<\/title>\n<meta name=\"robots\" content=\"index, follow, max-snippet:-1, max-image-preview:large, max-video-preview:-1\" \/>\n<link rel=\"canonical\" href=\"https:\/\/franciscanos.org.br\/noticias\/encontro-anual-do-regional-rio-de-janeiro-em-petropolis.html\" \/>\n<meta property=\"og:locale\" content=\"pt_BR\" \/>\n<meta property=\"og:type\" content=\"article\" \/>\n<meta property=\"og:title\" content=\"Encontro anual do Regional Rio de Janeiro em Petr\u00f3polis - Not\u00edcias - Franciscanos\" \/>\n<meta property=\"og:description\" content=\"Primeiro encontro anual\" \/>\n<meta property=\"og:url\" content=\"https:\/\/franciscanos.org.br\/noticias\/encontro-anual-do-regional-rio-de-janeiro-em-petropolis.html\" \/>\n<meta property=\"og:site_name\" content=\"Not\u00edcias - Franciscanos\" \/>\n<meta property=\"article:published_time\" content=\"2025-03-25T11:31:32+00:00\" \/>\n<meta property=\"article:modified_time\" content=\"2025-04-02T11:32:41+00:00\" \/>\n<meta property=\"og:image\" content=\"https:\/\/franciscanos.org.br\/noticias\/wp-content\/uploads\/2025\/04\/CHAMADA.png\" \/>\n\t<meta property=\"og:image:width\" content=\"800\" \/>\n\t<meta property=\"og:image:height\" content=\"550\" \/>\n\t<meta property=\"og:image:type\" content=\"image\/png\" \/>\n<meta name=\"author\" content=\"Adriana Rabelo\" \/>\n<meta name=\"twitter:card\" content=\"summary_large_image\" \/>\n<meta name=\"twitter:label1\" content=\"Escrito por\" \/>\n\t<meta name=\"twitter:data1\" content=\"Adriana Rabelo\" \/>\n\t<meta name=\"twitter:label2\" content=\"Est. tempo de leitura\" \/>\n\t<meta name=\"twitter:data2\" content=\"2 minutos\" \/>\n<script type=\"application\/ld+json\" class=\"yoast-schema-graph\">{\"@context\":\"https:\/\/schema.org\",\"@graph\":[{\"@type\":\"WebSite\",\"@id\":\"https:\/\/franciscanos.org.br\/noticias\/#website\",\"url\":\"https:\/\/franciscanos.org.br\/noticias\/\",\"name\":\"Not\u00edcias - Franciscanos\",\"description\":\"Prov\u00edncia Franciscana da Imaculada Concei\u00e7\u00e3o do Brasil - Ordem dos Frades Menores - OFM\",\"potentialAction\":[{\"@type\":\"SearchAction\",\"target\":{\"@type\":\"EntryPoint\",\"urlTemplate\":\"https:\/\/franciscanos.org.br\/noticias\/?s={search_term_string}\"},\"query-input\":\"required name=search_term_string\"}],\"inLanguage\":\"pt-BR\"},{\"@type\":\"ImageObject\",\"inLanguage\":\"pt-BR\",\"@id\":\"https:\/\/franciscanos.org.br\/noticias\/encontro-anual-do-regional-rio-de-janeiro-em-petropolis.html#primaryimage\",\"url\":\"https:\/\/franciscanos.org.br\/noticias\/wp-content\/uploads\/2025\/04\/CHAMADA.png\",\"contentUrl\":\"https:\/\/franciscanos.org.br\/noticias\/wp-content\/uploads\/2025\/04\/CHAMADA.png\",\"width\":800,\"height\":550},{\"@type\":\"WebPage\",\"@id\":\"https:\/\/franciscanos.org.br\/noticias\/encontro-anual-do-regional-rio-de-janeiro-em-petropolis.html#webpage\",\"url\":\"https:\/\/franciscanos.org.br\/noticias\/encontro-anual-do-regional-rio-de-janeiro-em-petropolis.html\",\"name\":\"Encontro anual do Regional Rio de Janeiro em Petr\u00f3polis - Not\u00edcias - Franciscanos\",\"isPartOf\":{\"@id\":\"https:\/\/franciscanos.org.br\/noticias\/#website\"},\"primaryImageOfPage\":{\"@id\":\"https:\/\/franciscanos.org.br\/noticias\/encontro-anual-do-regional-rio-de-janeiro-em-petropolis.html#primaryimage\"},\"datePublished\":\"2025-03-25T11:31:32+00:00\",\"dateModified\":\"2025-04-02T11:32:41+00:00\",\"author\":{\"@id\":\"https:\/\/franciscanos.org.br\/noticias\/#\/schema\/person\/d9422e83121c3ad3b0f423d195f5bb25\"},\"breadcrumb\":{\"@id\":\"https:\/\/franciscanos.org.br\/noticias\/encontro-anual-do-regional-rio-de-janeiro-em-petropolis.html#breadcrumb\"},\"inLanguage\":\"pt-BR\",\"potentialAction\":[{\"@type\":\"ReadAction\",\"target\":[\"https:\/\/franciscanos.org.br\/noticias\/encontro-anual-do-regional-rio-de-janeiro-em-petropolis.html\"]}]},{\"@type\":\"BreadcrumbList\",\"@id\":\"https:\/\/franciscanos.org.br\/noticias\/encontro-anual-do-regional-rio-de-janeiro-em-petropolis.html#breadcrumb\",\"itemListElement\":[{\"@type\":\"ListItem\",\"position\":1,\"name\":\"Home\",\"item\":\"https:\/\/franciscanos.org.br\/noticias\"},{\"@type\":\"ListItem\",\"position\":2,\"name\":\"Encontro anual do Regional Rio de Janeiro em Petr\u00f3polis\"}]},{\"@type\":\"Person\",\"@id\":\"https:\/\/franciscanos.org.br\/noticias\/#\/schema\/person\/d9422e83121c3ad3b0f423d195f5bb25\",\"name\":\"Adriana Rabelo\",\"image\":{\"@type\":\"ImageObject\",\"inLanguage\":\"pt-BR\",\"@id\":\"https:\/\/franciscanos.org.br\/noticias\/#\/schema\/person\/image\/\",\"url\":\"https:\/\/secure.gravatar.com\/avatar\/0a937b7500cd7df77540cfb8bede877d?s=96&d=mm&r=g\",\"contentUrl\":\"https:\/\/secure.gravatar.com\/avatar\/0a937b7500cd7df77540cfb8bede877d?s=96&d=mm&r=g\",\"caption\":\"Adriana Rabelo\"},\"url\":\"https:\/\/franciscanos.org.br\/noticias\/author\/adrianarabelo\"}]}<\/script>\n<!-- \/ Yoast SEO plugin. -->","yoast_head_json":{"title":"Encontro anual do Regional Rio de Janeiro em Petr\u00f3polis - Not\u00edcias - Franciscanos","robots":{"index":"index","follow":"follow","max-snippet":"max-snippet:-1","max-image-preview":"max-image-preview:large","max-video-preview":"max-video-preview:-1"},"canonical":"https:\/\/franciscanos.org.br\/noticias\/encontro-anual-do-regional-rio-de-janeiro-em-petropolis.html","og_locale":"pt_BR","og_type":"article","og_title":"Encontro anual do Regional Rio de Janeiro em Petr\u00f3polis - Not\u00edcias - Franciscanos","og_description":"Primeiro encontro anual","og_url":"https:\/\/franciscanos.org.br\/noticias\/encontro-anual-do-regional-rio-de-janeiro-em-petropolis.html","og_site_name":"Not\u00edcias - Franciscanos","article_published_time":"2025-03-25T11:31:32+00:00","article_modified_time":"2025-04-02T11:32:41+00:00","og_image":[{"width":800,"height":550,"url":"https:\/\/franciscanos.org.br\/noticias\/wp-content\/uploads\/2025\/04\/CHAMADA.png","type":"image\/png"}],"author":"Adriana Rabelo","twitter_card":"summary_large_image","twitter_misc":{"Escrito por":"Adriana Rabelo","Est. tempo de leitura":"2 minutos"},"schema":{"@context":"https:\/\/schema.org","@graph":[{"@type":"WebSite","@id":"https:\/\/franciscanos.org.br\/noticias\/#website","url":"https:\/\/franciscanos.org.br\/noticias\/","name":"Not\u00edcias - Franciscanos","description":"Prov\u00edncia Franciscana da Imaculada Concei\u00e7\u00e3o do Brasil - Ordem dos Frades Menores - OFM","potentialAction":[{"@type":"SearchAction","target":{"@type":"EntryPoint","urlTemplate":"https:\/\/franciscanos.org.br\/noticias\/?s={search_term_string}"},"query-input":"required name=search_term_string"}],"inLanguage":"pt-BR"},{"@type":"ImageObject","inLanguage":"pt-BR","@id":"https:\/\/franciscanos.org.br\/noticias\/encontro-anual-do-regional-rio-de-janeiro-em-petropolis.html#primaryimage","url":"https:\/\/franciscanos.org.br\/noticias\/wp-content\/uploads\/2025\/04\/CHAMADA.png","contentUrl":"https:\/\/franciscanos.org.br\/noticias\/wp-content\/uploads\/2025\/04\/CHAMADA.png","width":800,"height":550},{"@type":"WebPage","@id":"https:\/\/franciscanos.org.br\/noticias\/encontro-anual-do-regional-rio-de-janeiro-em-petropolis.html#webpage","url":"https:\/\/franciscanos.org.br\/noticias\/encontro-anual-do-regional-rio-de-janeiro-em-petropolis.html","name":"Encontro anual do Regional Rio de Janeiro em Petr\u00f3polis - Not\u00edcias - Franciscanos","isPartOf":{"@id":"https:\/\/franciscanos.org.br\/noticias\/#website"},"primaryImageOfPage":{"@id":"https:\/\/franciscanos.org.br\/noticias\/encontro-anual-do-regional-rio-de-janeiro-em-petropolis.html#primaryimage"},"datePublished":"2025-03-25T11:31:32+00:00","dateModified":"2025-04-02T11:32:41+00:00","author":{"@id":"https:\/\/franciscanos.org.br\/noticias\/#\/schema\/person\/d9422e83121c3ad3b0f423d195f5bb25"},"breadcrumb":{"@id":"https:\/\/franciscanos.org.br\/noticias\/encontro-anual-do-regional-rio-de-janeiro-em-petropolis.html#breadcrumb"},"inLanguage":"pt-BR","potentialAction":[{"@type":"ReadAction","target":["https:\/\/franciscanos.org.br\/noticias\/encontro-anual-do-regional-rio-de-janeiro-em-petropolis.html"]}]},{"@type":"BreadcrumbList","@id":"https:\/\/franciscanos.org.br\/noticias\/encontro-anual-do-regional-rio-de-janeiro-em-petropolis.html#breadcrumb","itemListElement":[{"@type":"ListItem","position":1,"name":"Home","item":"https:\/\/franciscanos.org.br\/noticias"},{"@type":"ListItem","position":2,"name":"Encontro anual do Regional Rio de Janeiro em Petr\u00f3polis"}]},{"@type":"Person","@id":"https:\/\/franciscanos.org.br\/noticias\/#\/schema\/person\/d9422e83121c3ad3b0f423d195f5bb25","name":"Adriana Rabelo","image":{"@type":"ImageObject","inLanguage":"pt-BR","@id":"https:\/\/franciscanos.org.br\/noticias\/#\/schema\/person\/image\/","url":"https:\/\/secure.gravatar.com\/avatar\/0a937b7500cd7df77540cfb8bede877d?s=96&d=mm&r=g","contentUrl":"https:\/\/secure.gravatar.com\/avatar\/0a937b7500cd7df77540cfb8bede877d?s=96&d=mm&r=g","caption":"Adriana Rabelo"},"url":"https:\/\/franciscanos.org.br\/noticias\/author\/adrianarabelo"}]}},"_links":{"self":[{"href":"https:\/\/franciscanos.org.br\/noticias\/wp-json\/wp\/v2\/posts\/255719"}],"collection":[{"href":"https:\/\/franciscanos.org.br\/noticias\/wp-json\/wp\/v2\/posts"}],"about":[{"href":"https:\/\/franciscanos.org.br\/noticias\/wp-json\/wp\/v2\/types\/post"}],"author":[{"embeddable":true,"href":"https:\/\/franciscanos.org.br\/noticias\/wp-json\/wp\/v2\/users\/11"}],"replies":[{"embeddable":true,"href":"https:\/\/franciscanos.org.br\/noticias\/wp-json\/wp\/v2\/comments?post=255719"}],"version-history":[{"count":1,"href":"https:\/\/franciscanos.org.br\/noticias\/wp-json\/wp\/v2\/posts\/255719\/revisions"}],"predecessor-version":[{"id":255724,"href":"https:\/\/franciscanos.org.br\/noticias\/wp-json\/wp\/v2\/posts\/255719\/revisions\/255724"}],"wp:featuredmedia":[{"embeddable":true,"href":"https:\/\/franciscanos.org.br\/noticias\/wp-json\/wp\/v2\/media\/255723"}],"wp:attachment":[{"href":"https:\/\/franciscanos.org.br\/noticias\/wp-json\/wp\/v2\/media?parent=255719"}],"wp:term":[{"taxonomy":"category","embeddable":true,"href":"https:\/\/franciscanos.org.br\/noticias\/wp-json\/wp\/v2\/categories?post=255719"},{"taxonomy":"post_tag","embeddable":true,"href":"https:\/\/franciscanos.org.br\/noticias\/wp-json\/wp\/v2\/tags?post=255719"}],"curies":[{"name":"wp","href":"https:\/\/api.w.org\/{rel}","templated":true}]}}