{"id":255701,"date":"2025-04-01T16:06:44","date_gmt":"2025-04-01T19:06:44","guid":{"rendered":"https:\/\/franciscanos.org.br\/noticias\/?p=255701"},"modified":"2025-08-26T15:53:32","modified_gmt":"2025-08-26T18:53:32","slug":"animacao-vocacional-uma-oportunidade-de-descoberta-e-amadurecimento","status":"publish","type":"post","link":"https:\/\/franciscanos.org.br\/noticias\/animacao-vocacional-uma-oportunidade-de-descoberta-e-amadurecimento.html","title":{"rendered":"Anima\u00e7\u00e3o vocacional, uma oportunidade de descoberta e amadurecimento"},"content":{"rendered":"<p><img loading=\"lazy\" class=\"aligncenter wp-image-255703 size-full\" src=\"https:\/\/franciscanos.org.br\/noticias\/wp-content\/uploads\/2025\/04\/MATERIA.jpg\" alt=\"\" width=\"1280\" height=\"720\" srcset=\"https:\/\/franciscanos.org.br\/noticias\/wp-content\/uploads\/2025\/04\/MATERIA.jpg 1280w, https:\/\/franciscanos.org.br\/noticias\/wp-content\/uploads\/2025\/04\/MATERIA-450x253.jpg 450w, https:\/\/franciscanos.org.br\/noticias\/wp-content\/uploads\/2025\/04\/MATERIA-1024x576.jpg 1024w, https:\/\/franciscanos.org.br\/noticias\/wp-content\/uploads\/2025\/04\/MATERIA-768x432.jpg 768w, https:\/\/franciscanos.org.br\/noticias\/wp-content\/uploads\/2025\/04\/MATERIA-150x84.jpg 150w\" sizes=\"(max-width: 1280px) 100vw, 1280px\" \/><\/p>\n<p>\u201cA voca\u00e7\u00e3o \u00e9 um dom precioso que Deus semeia nos cora\u00e7\u00f5es, uma chamada a sair de si mesmo para trilhar um caminho de amor e servi\u00e7o. E cada voca\u00e7\u00e3o na Igreja \u2013 seja laical, seja ao minist\u00e9rio ordenado, seja \u00e0 vida consagrada \u2013 \u00e9 sinal da esperan\u00e7a que Deus nutre pelo mundo e por cada um dos seus filhos\u201d.<\/p>\n<p>O trecho acima, da mensagem do Papa Francisco para o 62\u00ba Dia Mundial das Voca\u00e7\u00f5es, que celebraremos neste Ano Jubilar, \u00e9 uma s\u00edntese do que representa o chamado de Deus para uma vida de doa\u00e7\u00e3o.<\/p>\n<p>Para percorrer esse caminho \u00e9 necess\u00e1rio lucidez, esclarecimentos e experi\u00eancias que ser\u00e3o determinantes para compreender o caminho que se pretende seguir na Igreja. Na Ordem dos Frades Menores, os vocacionados s\u00e3o convidados a percorrer uma trilha, seguindo os passos de Francisco, um jovem que viu nas criaturas de Deus e no Evangelho sua principal raz\u00e3o se ser e estar neste mundo. Ele abandonou sua vida de nobreza para entregar-se \u00e0 vida em minoridade, baseada na humildade e na fraternidade.<\/p>\n<p>Frei Massimo Fusarelli, Ministro geral da Ordem dos Frades Menores, no livro \u201cFrancisco de Assis, uma vida inquieta\u201d, aborda os desafios de Francisco durante sua caminhada de santidade, revelando o jeito de ser do Santo Ser\u00e1fico no seu encontro especial com Deus. \u201cFrancisco come\u00e7a ent\u00e3o a enxergar de maneira diferente a realidade das coisas. Poder\u00edamos dizer que ele abre a porta para a inquietude, a deixa entrar e habitar dentro de si, exatamente como sua m\u00e3e havia feito quando o trazia no ventre. N\u00e3o sabia ainda como canaliz\u00e1-la. Mas ficou mais atento aos pobres e sente uma verdadeira compaix\u00e3o por eles.&#8221;<\/p>\n<p>Os jovens inquietos que chegam para viver a experi\u00eancia franciscana oferecida pela Prov\u00edncia da Imaculada Concei\u00e7\u00e3o do Brasil, s\u00e3o acolhidos pelos frades respons\u00e1veis pelo Servi\u00e7o de Anima\u00e7\u00e3o Vocacional (SAV), hoje composto por: Frei Edvaldo Batista Soares, Frei Evaldo Ludwig, Frei Felipe Medeiros Carretta, Frei Laurindo Lauro da Silva J\u00fanior e Frei Marcos Prado dos Santos, Frei Gabriel Dellandrea e Frei Je\u00e2 Paulo de Andrade, que conversou com o Site Franciscanos sobre esse importante momento do jovem vocacionado.<\/p>\n\n\t\t<style type=\"text\/css\">\n\t\t\t#gallery-1 {\n\t\t\t\tmargin: auto;\n\t\t\t}\n\t\t\t#gallery-1 .gallery-item {\n\t\t\t\tfloat: left;\n\t\t\t\tmargin-top: 10px;\n\t\t\t\ttext-align: center;\n\t\t\t\twidth: 33%;\n\t\t\t}\n\t\t\t#gallery-1 img {\n\t\t\t\tborder: 2px solid #cfcfcf;\n\t\t\t}\n\t\t\t#gallery-1 .gallery-caption {\n\t\t\t\tmargin-left: 0;\n\t\t\t}\n\t\t\t\/* see gallery_shortcode() in wp-includes\/media.php *\/\n\t\t<\/style>\n\t\t<div id='gallery-1' class='gallery galleryid-255701 gallery-columns-3 gallery-size-thumbnail'><dl class='gallery-item'>\n\t\t\t<dt class='gallery-icon landscape'>\n\t\t\t\t<a href='https:\/\/franciscanos.org.br\/noticias\/wp-content\/uploads\/2025\/04\/IMG_20240623_141241-scaled.jpg'><img width=\"300\" height=\"300\" src=\"https:\/\/franciscanos.org.br\/noticias\/wp-content\/uploads\/2025\/04\/IMG_20240623_141241-300x300.jpg\" class=\"attachment-thumbnail size-thumbnail\" alt=\"\" loading=\"lazy\" srcset=\"https:\/\/franciscanos.org.br\/noticias\/wp-content\/uploads\/2025\/04\/IMG_20240623_141241-300x300.jpg 300w, https:\/\/franciscanos.org.br\/noticias\/wp-content\/uploads\/2025\/04\/IMG_20240623_141241-100x100.jpg 100w\" sizes=\"(max-width: 300px) 100vw, 300px\" \/><\/a>\n\t\t\t<\/dt><\/dl><dl class='gallery-item'>\n\t\t\t<dt class='gallery-icon landscape'>\n\t\t\t\t<a href='https:\/\/franciscanos.org.br\/noticias\/wp-content\/uploads\/2025\/04\/IMG_20240727_112143-1-scaled.jpg'><img width=\"300\" height=\"300\" src=\"https:\/\/franciscanos.org.br\/noticias\/wp-content\/uploads\/2025\/04\/IMG_20240727_112143-1-300x300.jpg\" class=\"attachment-thumbnail size-thumbnail\" alt=\"\" loading=\"lazy\" srcset=\"https:\/\/franciscanos.org.br\/noticias\/wp-content\/uploads\/2025\/04\/IMG_20240727_112143-1-300x300.jpg 300w, https:\/\/franciscanos.org.br\/noticias\/wp-content\/uploads\/2025\/04\/IMG_20240727_112143-1-100x100.jpg 100w\" sizes=\"(max-width: 300px) 100vw, 300px\" \/><\/a>\n\t\t\t<\/dt><\/dl><dl class='gallery-item'>\n\t\t\t<dt class='gallery-icon landscape'>\n\t\t\t\t<a href='https:\/\/franciscanos.org.br\/noticias\/wp-content\/uploads\/2025\/04\/IMG20240812104344-scaled.jpg'><img width=\"300\" height=\"300\" src=\"https:\/\/franciscanos.org.br\/noticias\/wp-content\/uploads\/2025\/04\/IMG20240812104344-300x300.jpg\" class=\"attachment-thumbnail size-thumbnail\" alt=\"\" loading=\"lazy\" srcset=\"https:\/\/franciscanos.org.br\/noticias\/wp-content\/uploads\/2025\/04\/IMG20240812104344-300x300.jpg 300w, https:\/\/franciscanos.org.br\/noticias\/wp-content\/uploads\/2025\/04\/IMG20240812104344-100x100.jpg 100w\" sizes=\"(max-width: 300px) 100vw, 300px\" \/><\/a>\n\t\t\t<\/dt><\/dl><br style=\"clear: both\" \/>\n\t\t<\/div>\n\n<p>Segundo o frade, coordenador do Servi\u00e7o de Anima\u00e7\u00e3o Vocacional desde 2022, a anima\u00e7\u00e3o vocacional sempre foi priorizada na Prov\u00edncia. \u201cH\u00e1 um cuidado para que os jovens que nos procuram sintam uma boa acolhida e possam ser ajudados no processo de discernimento vocacional\u201d.<\/p>\n<p>Ele explicou que trabalha em parceria com os demais frades do SAV que est\u00e3o em lugares estrat\u00e9gicos do territ\u00f3rio provincial (S\u00e3o Paulo, Rio de Janeiro, Esp\u00edrito Santo, Santa Catarina e Paran\u00e1), especialmente nas capitais e locais onde tem surgido mais voca\u00e7\u00f5es. Frei Je\u00e2 ainda esclareceu que, al\u00e9m dos vice-coordenadores, cada Fraternidade provincial tem um respons\u00e1vel para acompanhar localmente os jovens que manifestam o desejo de conhecer a Ordem.<\/p>\n<p><strong>Passos fraternos<\/strong><\/p>\n<p>Para o despertar da voca\u00e7\u00e3o religiosa as Fraternidade desenvolvem a\u00e7\u00f5es pastorais, a partir do testemunho de vida franciscana, individual e comunit\u00e1ria, a fim de que cada crist\u00e3o siga o seu pr\u00f3prio chamado espec\u00edfico na Igreja e, de maneira especial, na proposta do carisma de S\u00e3o Francisco de Assis, como um projeto de vida. \u201cA Anima\u00e7\u00e3o Vocacional contempla a miss\u00e3o provincial de testemunho do carisma franciscano por parte de cada frade e de cada fraternidade, na viv\u00eancia em fidelidade e integralidade do estado de vida religiosa na Ordem dos Frades Menores, que assumem em sua permanente forma\u00e7\u00e3o e na evangeliza\u00e7\u00e3o, por meio das cinco Frentes de Evangeliza\u00e7\u00e3o, al\u00e9m das atividades e eventos do SAV e das etapas do acompanhamento e anima\u00e7\u00e3o vocacional (FAVs e Ensino M\u00e9dio) desenvolvendo a promo\u00e7\u00e3o vocacional, a presen\u00e7a entre os jovens, as miss\u00f5es vocacionais e a prepara\u00e7\u00e3o de profiss\u00f5es e ordena\u00e7\u00f5es\u201d, esclareceu.<\/p>\n\n\t\t<style type=\"text\/css\">\n\t\t\t#gallery-2 {\n\t\t\t\tmargin: auto;\n\t\t\t}\n\t\t\t#gallery-2 .gallery-item {\n\t\t\t\tfloat: left;\n\t\t\t\tmargin-top: 10px;\n\t\t\t\ttext-align: center;\n\t\t\t\twidth: 50%;\n\t\t\t}\n\t\t\t#gallery-2 img {\n\t\t\t\tborder: 2px solid #cfcfcf;\n\t\t\t}\n\t\t\t#gallery-2 .gallery-caption {\n\t\t\t\tmargin-left: 0;\n\t\t\t}\n\t\t\t\/* see gallery_shortcode() in wp-includes\/media.php *\/\n\t\t<\/style>\n\t\t<div id='gallery-2' class='gallery galleryid-255701 gallery-columns-2 gallery-size-thumbnail'><dl class='gallery-item'>\n\t\t\t<dt class='gallery-icon landscape'>\n\t\t\t\t<a href='https:\/\/franciscanos.org.br\/noticias\/wp-content\/uploads\/2025\/04\/WhatsApp-Image-2025-04-01-at-20.34.03-1.jpeg'><img width=\"300\" height=\"300\" src=\"https:\/\/franciscanos.org.br\/noticias\/wp-content\/uploads\/2025\/04\/WhatsApp-Image-2025-04-01-at-20.34.03-1-300x300.jpeg\" class=\"attachment-thumbnail size-thumbnail\" alt=\"\" loading=\"lazy\" aria-describedby=\"gallery-2-255761\" srcset=\"https:\/\/franciscanos.org.br\/noticias\/wp-content\/uploads\/2025\/04\/WhatsApp-Image-2025-04-01-at-20.34.03-1-300x300.jpeg 300w, https:\/\/franciscanos.org.br\/noticias\/wp-content\/uploads\/2025\/04\/WhatsApp-Image-2025-04-01-at-20.34.03-1-100x100.jpeg 100w\" sizes=\"(max-width: 300px) 100vw, 300px\" \/><\/a>\n\t\t\t<\/dt>\n\t\t\t\t<dd class='wp-caption-text gallery-caption' id='gallery-2-255761'>\n\t\t\t\tFrei Je\u00e2 Paulo de Andrade\n\t\t\t\t<\/dd><\/dl><dl class='gallery-item'>\n\t\t\t<dt class='gallery-icon landscape'>\n\t\t\t\t<a href='https:\/\/franciscanos.org.br\/noticias\/wp-content\/uploads\/2025\/04\/IMG_20240720_195037-1-scaled.jpg'><img width=\"300\" height=\"300\" src=\"https:\/\/franciscanos.org.br\/noticias\/wp-content\/uploads\/2025\/04\/IMG_20240720_195037-1-300x300.jpg\" class=\"attachment-thumbnail size-thumbnail\" alt=\"\" loading=\"lazy\" srcset=\"https:\/\/franciscanos.org.br\/noticias\/wp-content\/uploads\/2025\/04\/IMG_20240720_195037-1-300x300.jpg 300w, https:\/\/franciscanos.org.br\/noticias\/wp-content\/uploads\/2025\/04\/IMG_20240720_195037-1-100x100.jpg 100w\" sizes=\"(max-width: 300px) 100vw, 300px\" \/><\/a>\n\t\t\t<\/dt><\/dl><br style=\"clear: both\" \/>\n\t\t<\/div>\n\n<p>Nesse ambiente de inclus\u00e3o e valoriza\u00e7\u00e3o da voca\u00e7\u00f5es, os jovens s\u00e3o envolvidos em diversas atividades com a finalidade de fomentar a reflex\u00e3o vocacional. No entanto, algumas a\u00e7\u00f5es s\u00e3o comuns a todos os frades envolvidos com a anima\u00e7\u00e3o vocacional:<\/p>\n<p>1- Cria\u00e7\u00e3o e manuten\u00e7\u00e3o de formas eficientes de contato para que os jovens possam manifestar sua inten\u00e7\u00e3o de acompanhamento ou serem suscitados ao discernimento pessoal vocacional.<\/p>\n<p>O est\u00edmulo para a viv\u00eancia tamb\u00e9m ocorre por meio da divulga\u00e7\u00e3o vocacional nas m\u00eddias sociais (Facebook, Instagram, X e YouTube), canais institucionais da Prov\u00edncia, par\u00f3quias (Pascom) e obras (r\u00e1dios, emissora de TV, editoras, col\u00e9gios e universidades). Tamb\u00e9m pelos perfis pessoais dos frades. O objetivo \u00e9 promover os valores franciscanos que falam mais alto aos jovens, salientando os princ\u00edpios e dimens\u00f5es do carisma franciscano mais atrativos ou que chamem mais a aten\u00e7\u00e3o dos vocacionados;<\/p>\n<p>2- \u00a0Promo\u00e7\u00e3o vocacional local nas fraternidades e presen\u00e7as evangelizadoras, fomentando a ora\u00e7\u00e3o pelas voca\u00e7\u00f5es nas fam\u00edlias, nas celebra\u00e7\u00f5es e encontros; criando um espa\u00e7o para distribui\u00e7\u00e3o de materiais vocacionais e divulga\u00e7\u00e3o do contato com as equipes vocacionais; promovendo celebra\u00e7\u00f5es vocacionais; propondo ativamente aos adolescentes, jovens e adultos o convite ao acompanhamento vocacional; acompanhando aqueles que demonstram interesse em fazer seu discernimento vocacional;<\/p>\n<p>3- Trabalho em equipe com leigos das atividades evangelizadoras, colaboradores, volunt\u00e1rios, catequistas, casais, jovens, religiosos (as) e irm\u00e3os (\u00e3s) da OFS. Promo\u00e7\u00e3o de di\u00e1logos com a equipe de anima\u00e7\u00e3o vocacional das dioceses e congrega\u00e7\u00f5es para que se somem for\u00e7as e se abra espa\u00e7o para a divulga\u00e7\u00e3o do carisma franciscano em feiras vocacionais promovidas pela Igreja local;<\/p>\n<p>4- Presen\u00e7a dos frades entre os jovens, promovendo localmente a cria\u00e7\u00e3o ou aproxima\u00e7\u00e3o de grupos de juventude por meio de atividades de servi\u00e7o e evangeliza\u00e7\u00e3o, al\u00e9m de encontros formativos ou celebrativos. Est\u00edmulo \u00e0 participa\u00e7\u00e3o dos jovens nas atividades provinciais da Evangeliza\u00e7\u00e3o com as Juventudes (Miss\u00f5es Franciscanas das Juventudes, Caminhadas Franciscanas das Juventudes, Encontros Monte Alverne&#8230;), em parceria com a equipe provincial designada para este servi\u00e7o;<\/p>\n<p>5- Miss\u00f5es vocacionais, promovendo oportunamente atividades das presen\u00e7as evangelizadoras voltadas aos adolescentes e jovens e em miss\u00f5es vocacionais nas escolas;<\/p>\n<p>6- Amplia\u00e7\u00e3o da presen\u00e7a dos frades nos lugares onde os jovens est\u00e3o presentes, como em escolas, universidades, periferias, entre outros espa\u00e7os;<\/p>\n<p>7- \u00a0Prepara\u00e7\u00e3o de Profiss\u00f5es Solenes e Ordena\u00e7\u00f5es, intermediando os preparativos destas celebra\u00e7\u00f5es nas par\u00f3quias onde ser\u00e3o realizadas as cerim\u00f4nias, de modo que sejam marcadas pela identidade franciscana e sejam melhor compreendidas pela comunidade eclesial local. Nesse per\u00edodo, os frades organizam atividades mission\u00e1rias de promo\u00e7\u00e3o do carisma nas inst\u00e2ncias eclesiais e civis, especialmente aquelas onde h\u00e1 atividades voltadas aos adolescentes e jovens.<\/p>\n\n\t\t<style type=\"text\/css\">\n\t\t\t#gallery-3 {\n\t\t\t\tmargin: auto;\n\t\t\t}\n\t\t\t#gallery-3 .gallery-item {\n\t\t\t\tfloat: left;\n\t\t\t\tmargin-top: 10px;\n\t\t\t\ttext-align: center;\n\t\t\t\twidth: 33%;\n\t\t\t}\n\t\t\t#gallery-3 img {\n\t\t\t\tborder: 2px solid #cfcfcf;\n\t\t\t}\n\t\t\t#gallery-3 .gallery-caption {\n\t\t\t\tmargin-left: 0;\n\t\t\t}\n\t\t\t\/* see gallery_shortcode() in wp-includes\/media.php *\/\n\t\t<\/style>\n\t\t<div id='gallery-3' class='gallery galleryid-255701 gallery-columns-3 gallery-size-thumbnail'><dl class='gallery-item'>\n\t\t\t<dt class='gallery-icon landscape'>\n\t\t\t\t<a href='https:\/\/franciscanos.org.br\/noticias\/wp-content\/uploads\/2025\/04\/IMG_20250215_124415-scaled.jpg'><img width=\"300\" height=\"300\" src=\"https:\/\/franciscanos.org.br\/noticias\/wp-content\/uploads\/2025\/04\/IMG_20250215_124415-300x300.jpg\" class=\"attachment-thumbnail size-thumbnail\" alt=\"\" loading=\"lazy\" srcset=\"https:\/\/franciscanos.org.br\/noticias\/wp-content\/uploads\/2025\/04\/IMG_20250215_124415-300x300.jpg 300w, https:\/\/franciscanos.org.br\/noticias\/wp-content\/uploads\/2025\/04\/IMG_20250215_124415-100x100.jpg 100w\" sizes=\"(max-width: 300px) 100vw, 300px\" \/><\/a>\n\t\t\t<\/dt><\/dl><dl class='gallery-item'>\n\t\t\t<dt class='gallery-icon landscape'>\n\t\t\t\t<a href='https:\/\/franciscanos.org.br\/noticias\/wp-content\/uploads\/2025\/04\/IMG20250315074123-scaled.jpg'><img width=\"300\" height=\"300\" src=\"https:\/\/franciscanos.org.br\/noticias\/wp-content\/uploads\/2025\/04\/IMG20250315074123-300x300.jpg\" class=\"attachment-thumbnail size-thumbnail\" alt=\"\" loading=\"lazy\" srcset=\"https:\/\/franciscanos.org.br\/noticias\/wp-content\/uploads\/2025\/04\/IMG20250315074123-300x300.jpg 300w, https:\/\/franciscanos.org.br\/noticias\/wp-content\/uploads\/2025\/04\/IMG20250315074123-100x100.jpg 100w\" sizes=\"(max-width: 300px) 100vw, 300px\" \/><\/a>\n\t\t\t<\/dt><\/dl><dl class='gallery-item'>\n\t\t\t<dt class='gallery-icon landscape'>\n\t\t\t\t<a href='https:\/\/franciscanos.org.br\/noticias\/wp-content\/uploads\/2025\/04\/IMG20250215114620-scaled.jpg'><img width=\"300\" height=\"300\" src=\"https:\/\/franciscanos.org.br\/noticias\/wp-content\/uploads\/2025\/04\/IMG20250215114620-300x300.jpg\" class=\"attachment-thumbnail size-thumbnail\" alt=\"\" loading=\"lazy\" srcset=\"https:\/\/franciscanos.org.br\/noticias\/wp-content\/uploads\/2025\/04\/IMG20250215114620-300x300.jpg 300w, https:\/\/franciscanos.org.br\/noticias\/wp-content\/uploads\/2025\/04\/IMG20250215114620-100x100.jpg 100w\" sizes=\"(max-width: 300px) 100vw, 300px\" \/><\/a>\n\t\t\t<\/dt><\/dl><br style=\"clear: both\" \/>\n\t\t<\/div>\n\n<p><strong>Olhar de acolhida e incentivo<\/strong><\/p>\n<p>Frei Je\u00e2 relatou que os jovens chegam at\u00e9 os frades espontaneamente. \u201cO testemunho de vida dos irm\u00e3os \u00e9 a principal propaganda vocacional. Os jovens vendo nosso modo de vida em fraternidade localmente e aquilo que tamb\u00e9m compartilhamos no nosso site e redes sociais acabam chamando aten\u00e7\u00e3o. A maioria sente um carinho pela vida de S\u00e3o Francisco e ao estudar e pesquisar sobre a vida do santo chegam aos frades franciscanos. Al\u00e9m disso, os encontros e eventos com as juventudes da Prov\u00edncia suscitam a curiosidade e o desejo dos jovens se juntarem \u00e0 n\u00f3s\u201d.<\/p>\n<p>Quando perguntado sobre o perfil do vocacionado, o frade esclareceu que existem dois grupos de jovens que podem iniciar acompanhamento vocacional:<\/p>\n<p>\u201cPrimeiro temos os vocacionados adolescentes com idade m\u00ednima de 14 anos e, no m\u00e1ximo, 17 anos, que ainda n\u00e3o tenham conclu\u00eddo o Ensino M\u00e9dio. Para vocacionados deste grupo n\u00e3o h\u00e1 exig\u00eancias para iniciarem o acompanhamento peri\u00f3dico nas fraternidades pr\u00f3ximas de suas casas. Tamb\u00e9m a eles s\u00e3o propostos per\u00edodos intensivos de conviv\u00eancia e forma\u00e7\u00e3o, especialmente em per\u00edodos de f\u00e9rias em alguma fraternidade da Prov\u00edncia. Um segundo grupo de vocacionados s\u00e3o os jovens e adultos, at\u00e9 35 anos. S\u00e3o aqueles que j\u00e1 conclu\u00edram o Ensino M\u00e9dio, est\u00e3o fazendo gradua\u00e7\u00e3o e j\u00e1 inseridos no mercado de trabalho. O jovem que deseja ser acompanhado precisa entrar em contato por email, WhatsApp ou diretamente com o SAV falar com algum frade e manifestar o interesse\u201d.<\/p>\n<p><img loading=\"lazy\" class=\"size-medium wp-image-255708 alignleft\" src=\"https:\/\/franciscanos.org.br\/noticias\/wp-content\/uploads\/2025\/04\/IMG_20250129_125558-2-321x450.jpg\" alt=\"\" width=\"321\" height=\"450\" srcset=\"https:\/\/franciscanos.org.br\/noticias\/wp-content\/uploads\/2025\/04\/IMG_20250129_125558-2-321x450.jpg 321w, https:\/\/franciscanos.org.br\/noticias\/wp-content\/uploads\/2025\/04\/IMG_20250129_125558-2-730x1024.jpg 730w, https:\/\/franciscanos.org.br\/noticias\/wp-content\/uploads\/2025\/04\/IMG_20250129_125558-2-768x1077.jpg 768w, https:\/\/franciscanos.org.br\/noticias\/wp-content\/uploads\/2025\/04\/IMG_20250129_125558-2-1096x1536.jpg 1096w, https:\/\/franciscanos.org.br\/noticias\/wp-content\/uploads\/2025\/04\/IMG_20250129_125558-2-1461x2048.jpg 1461w, https:\/\/franciscanos.org.br\/noticias\/wp-content\/uploads\/2025\/04\/IMG_20250129_125558-2-150x210.jpg 150w, https:\/\/franciscanos.org.br\/noticias\/wp-content\/uploads\/2025\/04\/IMG_20250129_125558-2-scaled.jpg 771w\" sizes=\"(max-width: 321px) 100vw, 321px\" \/>No caso do vocacionado que est\u00e1 cursando o ensino m\u00e9dio, ainda partilha da viv\u00eancia familiar e n\u00e3o tenha uma Fraternidade local que possa acompanh\u00e1-lo, s\u00e3o criadas formas de contato virtual, de forma que ele possa ser inserido em um grupo com situa\u00e7\u00e3o semelhante. Na medida do poss\u00edvel, os candidatos acompanham a vida da Prov\u00edncia, com o prop\u00f3sito de manter vivo o interesse pelo discernimento vocacional. Esse trabalho \u00e9 realizado at\u00e9 o jovem concluir o<br \/>\nensino m\u00e9dio.<\/p>\n<p>Nessa etapa, tamb\u00e9m \u00e9 feito acompanhamento peri\u00f3dico, presencial ou virtual. O Servi\u00e7o de Anima\u00e7\u00e3o Vocacional promove as experi\u00eancias dos Tempos Fortes, per\u00edodos nos quais os vocacionados s\u00e3o reunidos em uma fraternidade para terem momentos de reflex\u00e3o, conv\u00edvio fraterno com os frades e outros vocacionados. Nesses encontros, todos participam de atividades de lazer, forma\u00e7\u00e3o franciscana, humana e intelectual e atividades de evangeliza\u00e7\u00e3o. Sob a avalia\u00e7\u00e3o do SAV, cada vocacionado \u00e9 avaliado individualmente, considerando sua aptid\u00e3o e idoneidade para ser admitido ao Postulantado ou se deve continuar a anima\u00e7\u00e3o vocacional, passando ao grupo dos Jovens e Adultos.<\/p>\n<p>\u201cO vocacionado jovem e adulto, ap\u00f3s a manifesta\u00e7\u00e3o do interesse de ser acompanhado em seu discernimento vocacional, \u00e9 encaminhado, ou, se vier de nossas presen\u00e7as, pede acompanhamento vocacional a um dos Animadores Vocacionais Locais, que deve organizar visitas peri\u00f3dicas e um olhar de perto e sistem\u00e1tico do vocacionado na fraternidade. Como o in\u00edcio desta etapa n\u00e3o possui uma data espec\u00edfica e \u00e9 realizada a partir do primeiro contato entre o vocacionado e o Animador Vocacional Local, sua dura\u00e7\u00e3o depende da avalia\u00e7\u00e3o individual, que ser\u00e1 submetida ao julgamento do Animador Vocacional e do Servi\u00e7o de Anima\u00e7\u00e3o Vocacional provincial. Entretanto, consideramos o tempo de um ano como ideal para o vocacionado nos conhecer, e a Prov\u00edncia orientar da melhor maneira poss\u00edvel\u201d, detalhou.<\/p>\n<p><strong>Luzes para percorrer a estrada das voca\u00e7\u00f5es<\/strong><\/p>\n<p>Durante a etapa de acompanhamento vocacional, s\u00e3o propostas diferentes oportunidades para uma verdadeira imers\u00e3o na vida franciscana:<\/p>\n<ul>\n<li>Momentos de forma\u00e7\u00e3o e reflex\u00e3o vocacional comunit\u00e1rios;<\/li>\n<li>Sugest\u00e3o de livros e filmes que ajudem no amadurecimento da decis\u00e3o vocacional, da consci\u00eancia de Igreja e Povo de Deus, e da vida de S\u00e3o Francisco de Assis;<\/li>\n<li>Di\u00e1logos pessoais com o Animador Vocacional Local;<\/li>\n<li>Conviv\u00eancia com a fraternidade local, seja em refei\u00e7\u00f5es seja em outras atividades convenientes;<\/li>\n<li>Participa\u00e7\u00e3o de momentos celebrativos importantes da Ordem junto \u00e0 comunidade eclesial local ou na fraternidade;<\/li>\n<li>Participa\u00e7\u00e3o em atividades pastorais ou de evangeliza\u00e7\u00e3o, com o povo, com a possibilidade de colabora\u00e7\u00e3o na organiza\u00e7\u00e3o, mas n\u00e3o na coordena\u00e7\u00e3o;<\/li>\n<li>Momentos de di\u00e1logo e apresenta\u00e7\u00e3o da realidade provincial, com a diversidade de atividades evangelizadoras, presen\u00e7as e realidades eclesiais nas quais interagimos. De forma concreta, haja orienta\u00e7\u00f5es aos vocacionados quanto \u00e0 vida interna de uma fraternidade local, com seus poss\u00edveis desafios e riquezas, evidenciando as posturas esperadas e alertando quanto aos cuidados necess\u00e1rios;<\/li>\n<li>Di\u00e1logo aberto com os vocacionados sobre as espiritualidades e experi\u00eancias eclesiol\u00f3gicas que, possivelmente, n\u00e3o coadunem com o carisma franciscano; no entanto, manifestando respeito por tudo aquilo que tenha constru\u00eddo a personalidade e voca\u00e7\u00e3o do jovem at\u00e9 ali, e que precisa ser trabalhado em vista de um novo estado de vida e carisma a serem abra\u00e7ados;<\/li>\n<li>Atividades de intera\u00e7\u00e3o e trabalho comum entre os vocacionados, de modo que as diferen\u00e7as possam ser percebidas e eles sejam auxiliados a reconhecer em quais aspectos devem cultivar maior paci\u00eancia, senso de miseric\u00f3rdia, esp\u00edrito de fraternidade e compreens\u00e3o;<\/li>\n<li>Momentos conduzidos por profissionais da \u00e1rea de psicologia e\/ ou pedagogia que possam verificar, atrav\u00e9s do contato, di\u00e1logo e testes, poss\u00edveis condicionamentos ou perfis psicol\u00f3gicos dos vocacionados, para ajud\u00e1-los em suas necessidades espec\u00edficas;<\/li>\n<li>Momentos de partilha em grupo da pr\u00f3pria experi\u00eancia familiar, vocacional e de f\u00e9, e escuta do outro, de modo a reconhecer os elementos comuns da hist\u00f3ria sagrada de cada um.<\/li>\n<\/ul>\n\n\t\t<style type=\"text\/css\">\n\t\t\t#gallery-4 {\n\t\t\t\tmargin: auto;\n\t\t\t}\n\t\t\t#gallery-4 .gallery-item {\n\t\t\t\tfloat: left;\n\t\t\t\tmargin-top: 10px;\n\t\t\t\ttext-align: center;\n\t\t\t\twidth: 33%;\n\t\t\t}\n\t\t\t#gallery-4 img {\n\t\t\t\tborder: 2px solid #cfcfcf;\n\t\t\t}\n\t\t\t#gallery-4 .gallery-caption {\n\t\t\t\tmargin-left: 0;\n\t\t\t}\n\t\t\t\/* see gallery_shortcode() in wp-includes\/media.php *\/\n\t\t<\/style>\n\t\t<div id='gallery-4' class='gallery galleryid-255701 gallery-columns-3 gallery-size-thumbnail'><dl class='gallery-item'>\n\t\t\t<dt class='gallery-icon landscape'>\n\t\t\t\t<a href='https:\/\/franciscanos.org.br\/noticias\/wp-content\/uploads\/2025\/04\/IMG_20250129_182751-2-scaled.jpg'><img width=\"300\" height=\"300\" src=\"https:\/\/franciscanos.org.br\/noticias\/wp-content\/uploads\/2025\/04\/IMG_20250129_182751-2-300x300.jpg\" class=\"attachment-thumbnail size-thumbnail\" alt=\"\" loading=\"lazy\" srcset=\"https:\/\/franciscanos.org.br\/noticias\/wp-content\/uploads\/2025\/04\/IMG_20250129_182751-2-300x300.jpg 300w, https:\/\/franciscanos.org.br\/noticias\/wp-content\/uploads\/2025\/04\/IMG_20250129_182751-2-100x100.jpg 100w\" sizes=\"(max-width: 300px) 100vw, 300px\" \/><\/a>\n\t\t\t<\/dt><\/dl><dl class='gallery-item'>\n\t\t\t<dt class='gallery-icon landscape'>\n\t\t\t\t<a href='https:\/\/franciscanos.org.br\/noticias\/wp-content\/uploads\/2025\/04\/IMG_20240616_164740-scaled.jpg'><img width=\"300\" height=\"300\" src=\"https:\/\/franciscanos.org.br\/noticias\/wp-content\/uploads\/2025\/04\/IMG_20240616_164740-300x300.jpg\" class=\"attachment-thumbnail size-thumbnail\" alt=\"\" loading=\"lazy\" srcset=\"https:\/\/franciscanos.org.br\/noticias\/wp-content\/uploads\/2025\/04\/IMG_20240616_164740-300x300.jpg 300w, https:\/\/franciscanos.org.br\/noticias\/wp-content\/uploads\/2025\/04\/IMG_20240616_164740-100x100.jpg 100w\" sizes=\"(max-width: 300px) 100vw, 300px\" \/><\/a>\n\t\t\t<\/dt><\/dl><dl class='gallery-item'>\n\t\t\t<dt class='gallery-icon landscape'>\n\t\t\t\t<a href='https:\/\/franciscanos.org.br\/noticias\/wp-content\/uploads\/2025\/04\/IMG_20250129_182829-2-scaled.jpg'><img width=\"300\" height=\"300\" src=\"https:\/\/franciscanos.org.br\/noticias\/wp-content\/uploads\/2025\/04\/IMG_20250129_182829-2-300x300.jpg\" class=\"attachment-thumbnail size-thumbnail\" alt=\"\" loading=\"lazy\" srcset=\"https:\/\/franciscanos.org.br\/noticias\/wp-content\/uploads\/2025\/04\/IMG_20250129_182829-2-300x300.jpg 300w, https:\/\/franciscanos.org.br\/noticias\/wp-content\/uploads\/2025\/04\/IMG_20250129_182829-2-100x100.jpg 100w\" sizes=\"(max-width: 300px) 100vw, 300px\" \/><\/a>\n\t\t\t<\/dt><\/dl><br style=\"clear: both\" \/>\n\t\t<\/div>\n\n<p><strong>Desafios dos tempos<\/strong><\/p>\n<p>O rel\u00f3gio do mundo gira freneticamente, dando ao tempo muita velocidade que, nem sempre, \u00e9 poss\u00edvel acompanhar com tanta precis\u00e3o. O tempo passa e os jovens s\u00e3o impactados pelo desenvolvimento tecnol\u00f3gico e pelas mudan\u00e7as sociais. Diante disso, como o SAV se adapta?<\/p>\n<p>\u201cRecentemente tivemos a Assembleia do Servi\u00e7o de Anima\u00e7\u00e3o Vocacional. Percebemos que os perfis dos vocacionados sempre mudam ano ap\u00f3s ano. Avaliamos que os frades precisam estar se atualizando sempre para poder responder de maneira eficaz as quest\u00f5es que os jovens nos apresentam\u201d, disse Frei Je\u00e2.<\/p>\n<p>Diante de tantas mudan\u00e7as e necessidades de adapta\u00e7\u00f5es ao tempo e aos momentos de nossa sociedade, o Servi\u00e7o de Anima\u00e7\u00e3o Vocacional permanece atento em sua miss\u00e3o de depertar novas voca\u00e7\u00f5es e mostrar o caminho para jovens que desejam seguir os passos de S\u00e3o Francisco de Assis como frades menores.<\/p>\n<p>\u201cO vocacionado considerado apto para aprofundamento da experi\u00eancia de conhecimento e viv\u00eancia do carisma franciscano, ap\u00f3s o acompanhamento local, \u00e9 acolhido para morar em uma das Fraternidades de Acolhimento Vocacional (FAVs), fazendo a experi\u00eancia do \u201cVinde e Vede\u201d, em comunh\u00e3o com os frades daquela fraternidade. N\u00e3o h\u00e1 uma fraternidade definida, mas o vocacionado poder\u00e1 viver em uma das 40 fraternidades da Prov\u00edncia. As FAVs oferecem aos vocacionados espa\u00e7os de aprofundamento da f\u00e9 crist\u00e3, viv\u00eancia da espiritualidade franciscana, conviv\u00eancia fraterna, servi\u00e7o aos irm\u00e3os e ao povo, assim como oportunidades para evangelizar e serem evangelizados\u201d, salientou o frade coordenador do SAV.<\/p>\n<p><strong>Desafios dos tempos<\/strong><\/p>\n<p>Diante das mudan\u00e7as nas estruturas familiares, do impacto das novas tecnologias que apresentam formas variadas e muitas vezes deturpadas de ver e sentir o mundo, as voca\u00e7\u00f5es tamb\u00e9m s\u00e3o impactadas, mas a esperan\u00e7a se mant\u00eam firme e confiante, conforme explicou Frei Je\u00e2.<\/p>\n<p>\u201cA anima\u00e7\u00e3o vocacional franciscana enfrenta desafios e oportunidades em nossa atualidade. Vivemos um tempo em que os jovens est\u00e3o em constante busca de sentido para a vida, mas tamb\u00e9m s\u00e3o influenciados por um mundo que valoriza a instantaneidade e a superficialidade. Nossa miss\u00e3o, como frades animadores vocacionais, \u00e9 apresentar o carisma franciscano de forma aut\u00eantica e acess\u00edvel, demonstrando que a vida fraterna, a simplicidade e a entrega a Deus ainda s\u00e3o caminhos v\u00e1lidos e profundamente realizadores. A internet e as redes sociais s\u00e3o hoje um campo f\u00e9rtil para a evangeliza\u00e7\u00e3o e promo\u00e7\u00e3o vocacional, permitindo que alcancemos jovens que, de outra forma, talvez nunca tivessem contato com nossa espiritualidade. No entanto, nada substitui o testemunho de vida e o contato pessoal, que s\u00e3o as maiores for\u00e7as da anima\u00e7\u00e3o vocacional. Por isso, precisamos estar pr\u00f3ximos, acolhendo, escutando e caminhando junto aos jovens que batem \u00e0 nossa porta.<\/p>\n<p>Ao final da entrevista, foi solicitado a Frei Je\u00e2 que deixasse uma mensagem aos vocacionados, imaginando que estivesse diante de um deles:<\/p>\n<p>\u201cSe sente no cora\u00e7\u00e3o um desejo de seguir Cristo no caminho de S\u00e3o Francisco, n\u00e3o tenha medo. O chamado de Deus \u00e9 sempre um convite ao amor e \u00e0 liberdade, nunca uma imposi\u00e7\u00e3o. O discernimento vocacional n\u00e3o \u00e9 um peso, mas uma oportunidade de descoberta e amadurecimento. Deus n\u00e3o escolhe os perfeitos, mas aqueles que est\u00e3o dispostos a caminhar e se deixar moldar por Ele. Se o desejo de seguir a vida franciscana ressoa dentro de voc\u00ea, d\u00ea um passo adiante, abra-se \u00e0 experi\u00eancia, conhe\u00e7a a fraternidade, mergulhe na ora\u00e7\u00e3o e no servi\u00e7o aos irm\u00e3os. S\u00f3 assim poder\u00e1 descobrir se esse \u00e9 o caminho que Deus sonhou para voc\u00ea. N\u00e3o tenha medo de confiar. S\u00e3o Francisco dizia: \u2018O Senhor me deu irm\u00e3os\u2019; tenho certeza que nesse caminho, o vocacionado nunca estar\u00e1 sozinho\u201d.<\/p>\n<p><img loading=\"lazy\" class=\"size-medium wp-image-255712 alignright\" src=\"https:\/\/franciscanos.org.br\/noticias\/wp-content\/uploads\/2025\/04\/01-No-Dia-da-Amizade-os-ensinamentos-de-Sao-Francisco-de-Assis-450x338.png\" alt=\"\" width=\"450\" height=\"338\" srcset=\"https:\/\/franciscanos.org.br\/noticias\/wp-content\/uploads\/2025\/04\/01-No-Dia-da-Amizade-os-ensinamentos-de-Sao-Francisco-de-Assis-450x338.png 450w, https:\/\/franciscanos.org.br\/noticias\/wp-content\/uploads\/2025\/04\/01-No-Dia-da-Amizade-os-ensinamentos-de-Sao-Francisco-de-Assis-1024x768.png 1024w, https:\/\/franciscanos.org.br\/noticias\/wp-content\/uploads\/2025\/04\/01-No-Dia-da-Amizade-os-ensinamentos-de-Sao-Francisco-de-Assis-768x576.png 768w, https:\/\/franciscanos.org.br\/noticias\/wp-content\/uploads\/2025\/04\/01-No-Dia-da-Amizade-os-ensinamentos-de-Sao-Francisco-de-Assis-1536x1152.png 1536w, https:\/\/franciscanos.org.br\/noticias\/wp-content\/uploads\/2025\/04\/01-No-Dia-da-Amizade-os-ensinamentos-de-Sao-Francisco-de-Assis-150x113.png 150w, https:\/\/franciscanos.org.br\/noticias\/wp-content\/uploads\/2025\/04\/01-No-Dia-da-Amizade-os-ensinamentos-de-Sao-Francisco-de-Assis-600x450.png 600w, https:\/\/franciscanos.org.br\/noticias\/wp-content\/uploads\/2025\/04\/01-No-Dia-da-Amizade-os-ensinamentos-de-Sao-Francisco-de-Assis.png 1600w\" sizes=\"(max-width: 450px) 100vw, 450px\" \/>Seguindo a linha de reflex\u00e3o de Frei Je\u00e2, e as experi\u00eancia oferecidas ao vocacionados pela Prov\u00edncia da Imaculada Concei\u00e7\u00e3o citdas no texto, voltamos novamente ao livro de autoria do Ministro geral, quando ele descreve o encontro de Francisco com a sua voca\u00e7\u00e3o:<\/p>\n<p>\u201cFrancisco v\u00ea agora que naquele contato com os pobres havia come\u00e7ado a perceber dentro de si os sinais de uma presen\u00e7a que i atrai sempre mais. A sua companheira, aquela inquietude que lhe \u00e9 familiar, o toma pela m\u00e3o e o leva ao encontro com os humilhados, e com eles em dire\u00e7\u00e3o a Algu\u00e9m que ele ainda n\u00e3o pode dizer que conhece pessoalmente\u201d.<\/p>\n<p>Que a inquietude dos vocacionados franciscanos seja sempre o combust\u00edvel para conhecer profundamente o carisma e a espiritualidade franciscana, para que, assim como Francisco, percorram a caminhada religiosa ao encontro daqueles que desejam construir uma rela\u00e7\u00e3o de profunda intimidade com Deus.<\/p>\n<hr \/>\n<p><em>Adriana Rabelo Rodrigues<\/em><\/p>\n","protected":false},"excerpt":{"rendered":"<p>Servi\u00e7o de Anima\u00e7\u00e3o Vocacional<\/p>\n","protected":false},"author":11,"featured_media":255702,"comment_status":"open","ping_status":"open","sticky":false,"template":"","format":"standard","meta":[],"categories":[1],"tags":[552,2092,2284,2056],"acf":[],"yoast_head":"<!-- This site is optimized with the Yoast SEO plugin v19.2 - https:\/\/yoast.com\/wordpress\/plugins\/seo\/ -->\n<title>Anima\u00e7\u00e3o vocacional, uma oportunidade de descoberta e amadurecimento - Not\u00edcias - Franciscanos<\/title>\n<meta name=\"robots\" content=\"index, follow, max-snippet:-1, max-image-preview:large, max-video-preview:-1\" \/>\n<link rel=\"canonical\" href=\"https:\/\/franciscanos.org.br\/noticias\/animacao-vocacional-uma-oportunidade-de-descoberta-e-amadurecimento.html\" \/>\n<meta property=\"og:locale\" content=\"pt_BR\" \/>\n<meta property=\"og:type\" content=\"article\" \/>\n<meta property=\"og:title\" content=\"Anima\u00e7\u00e3o vocacional, uma oportunidade de descoberta e amadurecimento - Not\u00edcias - Franciscanos\" \/>\n<meta property=\"og:description\" content=\"Servi\u00e7o de Anima\u00e7\u00e3o Vocacional\" \/>\n<meta property=\"og:url\" content=\"https:\/\/franciscanos.org.br\/noticias\/animacao-vocacional-uma-oportunidade-de-descoberta-e-amadurecimento.html\" \/>\n<meta property=\"og:site_name\" content=\"Not\u00edcias - Franciscanos\" \/>\n<meta property=\"article:published_time\" content=\"2025-04-01T19:06:44+00:00\" \/>\n<meta property=\"article:modified_time\" content=\"2025-08-26T18:53:32+00:00\" \/>\n<meta property=\"og:image\" content=\"https:\/\/franciscanos.org.br\/noticias\/wp-content\/uploads\/2025\/04\/CHAMADA.jpg\" \/>\n\t<meta property=\"og:image:width\" content=\"800\" \/>\n\t<meta property=\"og:image:height\" content=\"550\" \/>\n\t<meta property=\"og:image:type\" content=\"image\/jpeg\" \/>\n<meta name=\"author\" content=\"Adriana Rabelo\" \/>\n<meta name=\"twitter:card\" content=\"summary_large_image\" \/>\n<meta name=\"twitter:label1\" content=\"Escrito por\" \/>\n\t<meta name=\"twitter:data1\" content=\"Adriana Rabelo\" \/>\n\t<meta name=\"twitter:label2\" content=\"Est. tempo de leitura\" \/>\n\t<meta name=\"twitter:data2\" content=\"16 minutos\" \/>\n<script type=\"application\/ld+json\" class=\"yoast-schema-graph\">{\"@context\":\"https:\/\/schema.org\",\"@graph\":[{\"@type\":\"WebSite\",\"@id\":\"https:\/\/franciscanos.org.br\/noticias\/#website\",\"url\":\"https:\/\/franciscanos.org.br\/noticias\/\",\"name\":\"Not\u00edcias - Franciscanos\",\"description\":\"Prov\u00edncia Franciscana da Imaculada Concei\u00e7\u00e3o do Brasil - Ordem dos Frades Menores - OFM\",\"potentialAction\":[{\"@type\":\"SearchAction\",\"target\":{\"@type\":\"EntryPoint\",\"urlTemplate\":\"https:\/\/franciscanos.org.br\/noticias\/?s={search_term_string}\"},\"query-input\":\"required name=search_term_string\"}],\"inLanguage\":\"pt-BR\"},{\"@type\":\"ImageObject\",\"inLanguage\":\"pt-BR\",\"@id\":\"https:\/\/franciscanos.org.br\/noticias\/animacao-vocacional-uma-oportunidade-de-descoberta-e-amadurecimento.html#primaryimage\",\"url\":\"https:\/\/franciscanos.org.br\/noticias\/wp-content\/uploads\/2025\/04\/CHAMADA.jpg\",\"contentUrl\":\"https:\/\/franciscanos.org.br\/noticias\/wp-content\/uploads\/2025\/04\/CHAMADA.jpg\",\"width\":800,\"height\":550},{\"@type\":\"WebPage\",\"@id\":\"https:\/\/franciscanos.org.br\/noticias\/animacao-vocacional-uma-oportunidade-de-descoberta-e-amadurecimento.html#webpage\",\"url\":\"https:\/\/franciscanos.org.br\/noticias\/animacao-vocacional-uma-oportunidade-de-descoberta-e-amadurecimento.html\",\"name\":\"Anima\u00e7\u00e3o vocacional, uma oportunidade de descoberta e amadurecimento - Not\u00edcias - Franciscanos\",\"isPartOf\":{\"@id\":\"https:\/\/franciscanos.org.br\/noticias\/#website\"},\"primaryImageOfPage\":{\"@id\":\"https:\/\/franciscanos.org.br\/noticias\/animacao-vocacional-uma-oportunidade-de-descoberta-e-amadurecimento.html#primaryimage\"},\"datePublished\":\"2025-04-01T19:06:44+00:00\",\"dateModified\":\"2025-08-26T18:53:32+00:00\",\"author\":{\"@id\":\"https:\/\/franciscanos.org.br\/noticias\/#\/schema\/person\/d9422e83121c3ad3b0f423d195f5bb25\"},\"breadcrumb\":{\"@id\":\"https:\/\/franciscanos.org.br\/noticias\/animacao-vocacional-uma-oportunidade-de-descoberta-e-amadurecimento.html#breadcrumb\"},\"inLanguage\":\"pt-BR\",\"potentialAction\":[{\"@type\":\"ReadAction\",\"target\":[\"https:\/\/franciscanos.org.br\/noticias\/animacao-vocacional-uma-oportunidade-de-descoberta-e-amadurecimento.html\"]}]},{\"@type\":\"BreadcrumbList\",\"@id\":\"https:\/\/franciscanos.org.br\/noticias\/animacao-vocacional-uma-oportunidade-de-descoberta-e-amadurecimento.html#breadcrumb\",\"itemListElement\":[{\"@type\":\"ListItem\",\"position\":1,\"name\":\"Home\",\"item\":\"https:\/\/franciscanos.org.br\/noticias\"},{\"@type\":\"ListItem\",\"position\":2,\"name\":\"Anima\u00e7\u00e3o vocacional, uma oportunidade de descoberta e amadurecimento\"}]},{\"@type\":\"Person\",\"@id\":\"https:\/\/franciscanos.org.br\/noticias\/#\/schema\/person\/d9422e83121c3ad3b0f423d195f5bb25\",\"name\":\"Adriana Rabelo\",\"image\":{\"@type\":\"ImageObject\",\"inLanguage\":\"pt-BR\",\"@id\":\"https:\/\/franciscanos.org.br\/noticias\/#\/schema\/person\/image\/\",\"url\":\"https:\/\/secure.gravatar.com\/avatar\/0a937b7500cd7df77540cfb8bede877d?s=96&d=mm&r=g\",\"contentUrl\":\"https:\/\/secure.gravatar.com\/avatar\/0a937b7500cd7df77540cfb8bede877d?s=96&d=mm&r=g\",\"caption\":\"Adriana Rabelo\"},\"url\":\"https:\/\/franciscanos.org.br\/noticias\/author\/adrianarabelo\"}]}<\/script>\n<!-- \/ Yoast SEO plugin. -->","yoast_head_json":{"title":"Anima\u00e7\u00e3o vocacional, uma oportunidade de descoberta e amadurecimento - Not\u00edcias - Franciscanos","robots":{"index":"index","follow":"follow","max-snippet":"max-snippet:-1","max-image-preview":"max-image-preview:large","max-video-preview":"max-video-preview:-1"},"canonical":"https:\/\/franciscanos.org.br\/noticias\/animacao-vocacional-uma-oportunidade-de-descoberta-e-amadurecimento.html","og_locale":"pt_BR","og_type":"article","og_title":"Anima\u00e7\u00e3o vocacional, uma oportunidade de descoberta e amadurecimento - Not\u00edcias - Franciscanos","og_description":"Servi\u00e7o de Anima\u00e7\u00e3o Vocacional","og_url":"https:\/\/franciscanos.org.br\/noticias\/animacao-vocacional-uma-oportunidade-de-descoberta-e-amadurecimento.html","og_site_name":"Not\u00edcias - Franciscanos","article_published_time":"2025-04-01T19:06:44+00:00","article_modified_time":"2025-08-26T18:53:32+00:00","og_image":[{"width":800,"height":550,"url":"https:\/\/franciscanos.org.br\/noticias\/wp-content\/uploads\/2025\/04\/CHAMADA.jpg","type":"image\/jpeg"}],"author":"Adriana Rabelo","twitter_card":"summary_large_image","twitter_misc":{"Escrito por":"Adriana Rabelo","Est. tempo de leitura":"16 minutos"},"schema":{"@context":"https:\/\/schema.org","@graph":[{"@type":"WebSite","@id":"https:\/\/franciscanos.org.br\/noticias\/#website","url":"https:\/\/franciscanos.org.br\/noticias\/","name":"Not\u00edcias - Franciscanos","description":"Prov\u00edncia Franciscana da Imaculada Concei\u00e7\u00e3o do Brasil - Ordem dos Frades Menores - OFM","potentialAction":[{"@type":"SearchAction","target":{"@type":"EntryPoint","urlTemplate":"https:\/\/franciscanos.org.br\/noticias\/?s={search_term_string}"},"query-input":"required name=search_term_string"}],"inLanguage":"pt-BR"},{"@type":"ImageObject","inLanguage":"pt-BR","@id":"https:\/\/franciscanos.org.br\/noticias\/animacao-vocacional-uma-oportunidade-de-descoberta-e-amadurecimento.html#primaryimage","url":"https:\/\/franciscanos.org.br\/noticias\/wp-content\/uploads\/2025\/04\/CHAMADA.jpg","contentUrl":"https:\/\/franciscanos.org.br\/noticias\/wp-content\/uploads\/2025\/04\/CHAMADA.jpg","width":800,"height":550},{"@type":"WebPage","@id":"https:\/\/franciscanos.org.br\/noticias\/animacao-vocacional-uma-oportunidade-de-descoberta-e-amadurecimento.html#webpage","url":"https:\/\/franciscanos.org.br\/noticias\/animacao-vocacional-uma-oportunidade-de-descoberta-e-amadurecimento.html","name":"Anima\u00e7\u00e3o vocacional, uma oportunidade de descoberta e amadurecimento - Not\u00edcias - Franciscanos","isPartOf":{"@id":"https:\/\/franciscanos.org.br\/noticias\/#website"},"primaryImageOfPage":{"@id":"https:\/\/franciscanos.org.br\/noticias\/animacao-vocacional-uma-oportunidade-de-descoberta-e-amadurecimento.html#primaryimage"},"datePublished":"2025-04-01T19:06:44+00:00","dateModified":"2025-08-26T18:53:32+00:00","author":{"@id":"https:\/\/franciscanos.org.br\/noticias\/#\/schema\/person\/d9422e83121c3ad3b0f423d195f5bb25"},"breadcrumb":{"@id":"https:\/\/franciscanos.org.br\/noticias\/animacao-vocacional-uma-oportunidade-de-descoberta-e-amadurecimento.html#breadcrumb"},"inLanguage":"pt-BR","potentialAction":[{"@type":"ReadAction","target":["https:\/\/franciscanos.org.br\/noticias\/animacao-vocacional-uma-oportunidade-de-descoberta-e-amadurecimento.html"]}]},{"@type":"BreadcrumbList","@id":"https:\/\/franciscanos.org.br\/noticias\/animacao-vocacional-uma-oportunidade-de-descoberta-e-amadurecimento.html#breadcrumb","itemListElement":[{"@type":"ListItem","position":1,"name":"Home","item":"https:\/\/franciscanos.org.br\/noticias"},{"@type":"ListItem","position":2,"name":"Anima\u00e7\u00e3o vocacional, uma oportunidade de descoberta e amadurecimento"}]},{"@type":"Person","@id":"https:\/\/franciscanos.org.br\/noticias\/#\/schema\/person\/d9422e83121c3ad3b0f423d195f5bb25","name":"Adriana Rabelo","image":{"@type":"ImageObject","inLanguage":"pt-BR","@id":"https:\/\/franciscanos.org.br\/noticias\/#\/schema\/person\/image\/","url":"https:\/\/secure.gravatar.com\/avatar\/0a937b7500cd7df77540cfb8bede877d?s=96&d=mm&r=g","contentUrl":"https:\/\/secure.gravatar.com\/avatar\/0a937b7500cd7df77540cfb8bede877d?s=96&d=mm&r=g","caption":"Adriana Rabelo"},"url":"https:\/\/franciscanos.org.br\/noticias\/author\/adrianarabelo"}]}},"_links":{"self":[{"href":"https:\/\/franciscanos.org.br\/noticias\/wp-json\/wp\/v2\/posts\/255701"}],"collection":[{"href":"https:\/\/franciscanos.org.br\/noticias\/wp-json\/wp\/v2\/posts"}],"about":[{"href":"https:\/\/franciscanos.org.br\/noticias\/wp-json\/wp\/v2\/types\/post"}],"author":[{"embeddable":true,"href":"https:\/\/franciscanos.org.br\/noticias\/wp-json\/wp\/v2\/users\/11"}],"replies":[{"embeddable":true,"href":"https:\/\/franciscanos.org.br\/noticias\/wp-json\/wp\/v2\/comments?post=255701"}],"version-history":[{"count":10,"href":"https:\/\/franciscanos.org.br\/noticias\/wp-json\/wp\/v2\/posts\/255701\/revisions"}],"predecessor-version":[{"id":256307,"href":"https:\/\/franciscanos.org.br\/noticias\/wp-json\/wp\/v2\/posts\/255701\/revisions\/256307"}],"wp:featuredmedia":[{"embeddable":true,"href":"https:\/\/franciscanos.org.br\/noticias\/wp-json\/wp\/v2\/media\/255702"}],"wp:attachment":[{"href":"https:\/\/franciscanos.org.br\/noticias\/wp-json\/wp\/v2\/media?parent=255701"}],"wp:term":[{"taxonomy":"category","embeddable":true,"href":"https:\/\/franciscanos.org.br\/noticias\/wp-json\/wp\/v2\/categories?post=255701"},{"taxonomy":"post_tag","embeddable":true,"href":"https:\/\/franciscanos.org.br\/noticias\/wp-json\/wp\/v2\/tags?post=255701"}],"curies":[{"name":"wp","href":"https:\/\/api.w.org\/{rel}","templated":true}]}}