{"id":255651,"date":"2025-03-31T09:07:41","date_gmt":"2025-03-31T12:07:41","guid":{"rendered":"https:\/\/franciscanos.org.br\/noticias\/?p=255651"},"modified":"2025-03-31T09:07:41","modified_gmt":"2025-03-31T12:07:41","slug":"conferencia-do-brasil-e-cone-sul-celebra-2a-assembleia-ampliada","status":"publish","type":"post","link":"https:\/\/franciscanos.org.br\/noticias\/conferencia-do-brasil-e-cone-sul-celebra-2a-assembleia-ampliada.html","title":{"rendered":"Confer\u00eancia do Brasil e Cone Sul celebra 2\u00aa Assembleia ampliada"},"content":{"rendered":"<p><img loading=\"lazy\" class=\"aligncenter wp-image-255652 size-full\" src=\"https:\/\/franciscanos.org.br\/noticias\/wp-content\/uploads\/2025\/03\/MATERIA-2.png\" alt=\"\" width=\"1280\" height=\"720\" srcset=\"https:\/\/franciscanos.org.br\/noticias\/wp-content\/uploads\/2025\/03\/MATERIA-2.png 1280w, https:\/\/franciscanos.org.br\/noticias\/wp-content\/uploads\/2025\/03\/MATERIA-2-450x253.png 450w, https:\/\/franciscanos.org.br\/noticias\/wp-content\/uploads\/2025\/03\/MATERIA-2-1024x576.png 1024w, https:\/\/franciscanos.org.br\/noticias\/wp-content\/uploads\/2025\/03\/MATERIA-2-768x432.png 768w, https:\/\/franciscanos.org.br\/noticias\/wp-content\/uploads\/2025\/03\/MATERIA-2-150x84.png 150w\" sizes=\"(max-width: 1280px) 100vw, 1280px\" \/><\/p>\n<p>A 2\u00aa Assembleia ampliada da Confer\u00eancia dos Frades Menores do Brasil e do Cone Sul reuniu 82 frades de doze entidades da Ordem dos Frades Menores presentes na Argentina, Brasil, Chile e Paraguai. O encontro ocorreu entre os dias 25 e 28 de mar\u00e7o de 2025, em San Antonio de Arredondo, em C\u00f3rdoba, na Argentina. Com o lema \u201cIrm\u00e3os Menores, Peregrinos de Esperan\u00e7a\u201d, a reuni\u00e3o trouxe \u00e0 Argentina os Ministros e Cust\u00f3dios das entidades participantes, al\u00e9m dos frades respons\u00e1veis pelos Servi\u00e7os de Evangeliza\u00e7\u00e3o e Miss\u00e3o, de Justi\u00e7a, Paz e Integridade da Cria\u00e7\u00e3o, Pastoral Educativa e tamb\u00e9m pela Forma\u00e7\u00e3o e os Estudos, a Forma\u00e7\u00e3o Permanente e o Servi\u00e7o de Anima\u00e7\u00e3o Vocacional. Neste ano, tamb\u00e9m foram convocados os Secret\u00e1rios de cada entidade. Estiveram presentes e acompanharam todo o encontro o Definidor para a Am\u00e9rica Latina, Frei C\u00e9sar K\u00fclkamp, e o Secret\u00e1rio Geral da Ordem dos Frades Menores, Frei Antonio Maria Iacona, que vieram de Roma, It\u00e1lia.<\/p>\n\n\t\t<style type=\"text\/css\">\n\t\t\t#gallery-1 {\n\t\t\t\tmargin: auto;\n\t\t\t}\n\t\t\t#gallery-1 .gallery-item {\n\t\t\t\tfloat: left;\n\t\t\t\tmargin-top: 10px;\n\t\t\t\ttext-align: center;\n\t\t\t\twidth: 50%;\n\t\t\t}\n\t\t\t#gallery-1 img {\n\t\t\t\tborder: 2px solid #cfcfcf;\n\t\t\t}\n\t\t\t#gallery-1 .gallery-caption {\n\t\t\t\tmargin-left: 0;\n\t\t\t}\n\t\t\t\/* see gallery_shortcode() in wp-includes\/media.php *\/\n\t\t<\/style>\n\t\t<div id='gallery-1' class='gallery galleryid-255651 gallery-columns-2 gallery-size-medium'><dl class='gallery-item'>\n\t\t\t<dt class='gallery-icon landscape'>\n\t\t\t\t<a href='https:\/\/franciscanos.org.br\/noticias\/wp-content\/uploads\/2025\/03\/WhatsApp-Image-2025-03-30-at-10.27.41-4.jpeg'><img width=\"450\" height=\"253\" src=\"https:\/\/franciscanos.org.br\/noticias\/wp-content\/uploads\/2025\/03\/WhatsApp-Image-2025-03-30-at-10.27.41-4-450x253.jpeg\" class=\"attachment-medium size-medium\" alt=\"\" loading=\"lazy\" srcset=\"https:\/\/franciscanos.org.br\/noticias\/wp-content\/uploads\/2025\/03\/WhatsApp-Image-2025-03-30-at-10.27.41-4-450x253.jpeg 450w, https:\/\/franciscanos.org.br\/noticias\/wp-content\/uploads\/2025\/03\/WhatsApp-Image-2025-03-30-at-10.27.41-4-1024x576.jpeg 1024w, https:\/\/franciscanos.org.br\/noticias\/wp-content\/uploads\/2025\/03\/WhatsApp-Image-2025-03-30-at-10.27.41-4-768x432.jpeg 768w, https:\/\/franciscanos.org.br\/noticias\/wp-content\/uploads\/2025\/03\/WhatsApp-Image-2025-03-30-at-10.27.41-4-1536x864.jpeg 1536w, https:\/\/franciscanos.org.br\/noticias\/wp-content\/uploads\/2025\/03\/WhatsApp-Image-2025-03-30-at-10.27.41-4-150x84.jpeg 150w, https:\/\/franciscanos.org.br\/noticias\/wp-content\/uploads\/2025\/03\/WhatsApp-Image-2025-03-30-at-10.27.41-4.jpeg 1600w\" sizes=\"(max-width: 450px) 100vw, 450px\" \/><\/a>\n\t\t\t<\/dt><\/dl><dl class='gallery-item'>\n\t\t\t<dt class='gallery-icon landscape'>\n\t\t\t\t<a href='https:\/\/franciscanos.org.br\/noticias\/wp-content\/uploads\/2025\/03\/WhatsApp-Image-2025-03-30-at-10.27.41-3.jpeg'><img width=\"450\" height=\"253\" src=\"https:\/\/franciscanos.org.br\/noticias\/wp-content\/uploads\/2025\/03\/WhatsApp-Image-2025-03-30-at-10.27.41-3-450x253.jpeg\" class=\"attachment-medium size-medium\" alt=\"\" loading=\"lazy\" srcset=\"https:\/\/franciscanos.org.br\/noticias\/wp-content\/uploads\/2025\/03\/WhatsApp-Image-2025-03-30-at-10.27.41-3-450x253.jpeg 450w, https:\/\/franciscanos.org.br\/noticias\/wp-content\/uploads\/2025\/03\/WhatsApp-Image-2025-03-30-at-10.27.41-3-1024x576.jpeg 1024w, https:\/\/franciscanos.org.br\/noticias\/wp-content\/uploads\/2025\/03\/WhatsApp-Image-2025-03-30-at-10.27.41-3-768x432.jpeg 768w, https:\/\/franciscanos.org.br\/noticias\/wp-content\/uploads\/2025\/03\/WhatsApp-Image-2025-03-30-at-10.27.41-3-1536x864.jpeg 1536w, https:\/\/franciscanos.org.br\/noticias\/wp-content\/uploads\/2025\/03\/WhatsApp-Image-2025-03-30-at-10.27.41-3-150x84.jpeg 150w, https:\/\/franciscanos.org.br\/noticias\/wp-content\/uploads\/2025\/03\/WhatsApp-Image-2025-03-30-at-10.27.41-3.jpeg 1600w\" sizes=\"(max-width: 450px) 100vw, 450px\" \/><\/a>\n\t\t\t<\/dt><\/dl><br style=\"clear: both\" \/>\n\t\t<\/div>\n\n<p>Al\u00e9m de ser ocasi\u00e3o especial para o encontro entre os irm\u00e3os envolvidos nos diversos servi\u00e7os, a Assembleia \u00e9 momento de ora\u00e7\u00e3o, reflex\u00e3o, presta\u00e7\u00e3o de contas das atividades realizadas e da apresenta\u00e7\u00e3o de propostas e planos para o futuro. Num primeiro momento de partilha e apresenta\u00e7\u00e3o, cada uma das entidades teve a oportunidade de apresentar a pr\u00f3pria miss\u00e3o evangelizadora a partir da chave das for\u00e7as, fraquezas e desafios. Oportunidade de fomentar a esperan\u00e7a a partir da troca de experi\u00eancias, partilhando as alegrias e tamb\u00e9m as preocupa\u00e7\u00f5es. Dentre os desafios comuns identificados, destacaram-se a diminui\u00e7\u00e3o num\u00e9rica, a sustentabilidade econ\u00f4mica das fraternidades e da miss\u00e3o, o redimensionamento e a reestrutura\u00e7\u00e3o, o acompanhamento das entidades e a quest\u00e3o do enfraquecimento do sentido da miss\u00e3o e do senso de perten\u00e7a \u00e0 fraternidade.<\/p>\n<p>Falando via videoconfer\u00eancia diretamente de Roma, o Ministro geral, Frei Massimo Fusarelli, ressaltou que a \u201cAm\u00e9rica Latina, com todos os seus desafios, continua sendo uma terra de esperan\u00e7a para a Igreja e a Ordem\u201d, onde o carisma franciscano \u201cpode florescer com fei\u00e7\u00f5es pr\u00f3prias, contribuindo para o mosaico mundial de nossa fraternidade\u201d. O Ministro animou os frades para estarem atentos aos apelos do momento presente, levando em conta o Jubileu 2025 e o Oitavo Centen\u00e1rio do C\u00e2ntico das Criaturas.<\/p>\n\n\t\t<style type=\"text\/css\">\n\t\t\t#gallery-2 {\n\t\t\t\tmargin: auto;\n\t\t\t}\n\t\t\t#gallery-2 .gallery-item {\n\t\t\t\tfloat: left;\n\t\t\t\tmargin-top: 10px;\n\t\t\t\ttext-align: center;\n\t\t\t\twidth: 33%;\n\t\t\t}\n\t\t\t#gallery-2 img {\n\t\t\t\tborder: 2px solid #cfcfcf;\n\t\t\t}\n\t\t\t#gallery-2 .gallery-caption {\n\t\t\t\tmargin-left: 0;\n\t\t\t}\n\t\t\t\/* see gallery_shortcode() in wp-includes\/media.php *\/\n\t\t<\/style>\n\t\t<div id='gallery-2' class='gallery galleryid-255651 gallery-columns-3 gallery-size-thumbnail'><dl class='gallery-item'>\n\t\t\t<dt class='gallery-icon landscape'>\n\t\t\t\t<a href='https:\/\/franciscanos.org.br\/noticias\/wp-content\/uploads\/2025\/03\/WhatsApp-Image-2025-03-30-at-10.27.41-5.jpeg'><img width=\"300\" height=\"300\" src=\"https:\/\/franciscanos.org.br\/noticias\/wp-content\/uploads\/2025\/03\/WhatsApp-Image-2025-03-30-at-10.27.41-5-300x300.jpeg\" class=\"attachment-thumbnail size-thumbnail\" alt=\"\" loading=\"lazy\" srcset=\"https:\/\/franciscanos.org.br\/noticias\/wp-content\/uploads\/2025\/03\/WhatsApp-Image-2025-03-30-at-10.27.41-5-300x300.jpeg 300w, https:\/\/franciscanos.org.br\/noticias\/wp-content\/uploads\/2025\/03\/WhatsApp-Image-2025-03-30-at-10.27.41-5-100x100.jpeg 100w\" sizes=\"(max-width: 300px) 100vw, 300px\" \/><\/a>\n\t\t\t<\/dt><\/dl><dl class='gallery-item'>\n\t\t\t<dt class='gallery-icon landscape'>\n\t\t\t\t<a href='https:\/\/franciscanos.org.br\/noticias\/wp-content\/uploads\/2025\/03\/WhatsApp-Image-2025-03-30-at-10.27.42.jpeg'><img width=\"300\" height=\"300\" src=\"https:\/\/franciscanos.org.br\/noticias\/wp-content\/uploads\/2025\/03\/WhatsApp-Image-2025-03-30-at-10.27.42-300x300.jpeg\" class=\"attachment-thumbnail size-thumbnail\" alt=\"\" loading=\"lazy\" srcset=\"https:\/\/franciscanos.org.br\/noticias\/wp-content\/uploads\/2025\/03\/WhatsApp-Image-2025-03-30-at-10.27.42-300x300.jpeg 300w, https:\/\/franciscanos.org.br\/noticias\/wp-content\/uploads\/2025\/03\/WhatsApp-Image-2025-03-30-at-10.27.42-100x100.jpeg 100w\" sizes=\"(max-width: 300px) 100vw, 300px\" \/><\/a>\n\t\t\t<\/dt><\/dl><dl class='gallery-item'>\n\t\t\t<dt class='gallery-icon landscape'>\n\t\t\t\t<a href='https:\/\/franciscanos.org.br\/noticias\/wp-content\/uploads\/2025\/03\/WhatsApp-Image-2025-03-30-at-10.27.42-1.jpeg'><img width=\"300\" height=\"300\" src=\"https:\/\/franciscanos.org.br\/noticias\/wp-content\/uploads\/2025\/03\/WhatsApp-Image-2025-03-30-at-10.27.42-1-300x300.jpeg\" class=\"attachment-thumbnail size-thumbnail\" alt=\"\" loading=\"lazy\" srcset=\"https:\/\/franciscanos.org.br\/noticias\/wp-content\/uploads\/2025\/03\/WhatsApp-Image-2025-03-30-at-10.27.42-1-300x300.jpeg 300w, https:\/\/franciscanos.org.br\/noticias\/wp-content\/uploads\/2025\/03\/WhatsApp-Image-2025-03-30-at-10.27.42-1-100x100.jpeg 100w\" sizes=\"(max-width: 300px) 100vw, 300px\" \/><\/a>\n\t\t\t<\/dt><\/dl><br style=\"clear: both\" \/>\n\t\t<\/div>\n\n<p>Recordando a caminhada da Ordem, o Ministro apresentou ainda alguns caminhos concretos para o fortalecimento da Confer\u00eancia: 1) Promover mais a colabora\u00e7\u00e3o interprovincial; 2) Simplificar as estruturas; 3) Renovar a Forma\u00e7\u00e3o; 4) Escutar as novas gera\u00e7\u00f5es; 5) Fortalecer a dimens\u00e3o social do Carisma e 6) Revitalizar a sinodalidade franciscana. Tamb\u00e9m dirigiram mensagem via videoconfer\u00eancia \u00e0 assembleia reunida o Secret\u00e1rio Geral para a Forma\u00e7\u00e3o e os Estudos, Frei Darko Tepert, o Secret\u00e1rio Geral para a Miss\u00e3o e Evangeliza\u00e7\u00e3o, Frei Francisco G\u00f3mez, e os Respons\u00e1veis dos Escrit\u00f3rios Gerais para Justi\u00e7a, Paz e Integridade da Cria\u00e7\u00e3o, Frei Daniel Rodr\u00edguez Blanco, e para a Tutela dos Menores, Frei Yuri Senko.<\/p>\n<p><img loading=\"lazy\" class=\"size-medium wp-image-255658 alignright\" src=\"https:\/\/franciscanos.org.br\/noticias\/wp-content\/uploads\/2025\/03\/WhatsApp-Image-2025-03-30-at-10.27.38-2-450x253.jpeg\" alt=\"\" width=\"450\" height=\"253\" srcset=\"https:\/\/franciscanos.org.br\/noticias\/wp-content\/uploads\/2025\/03\/WhatsApp-Image-2025-03-30-at-10.27.38-2-450x253.jpeg 450w, https:\/\/franciscanos.org.br\/noticias\/wp-content\/uploads\/2025\/03\/WhatsApp-Image-2025-03-30-at-10.27.38-2-1024x576.jpeg 1024w, https:\/\/franciscanos.org.br\/noticias\/wp-content\/uploads\/2025\/03\/WhatsApp-Image-2025-03-30-at-10.27.38-2-768x432.jpeg 768w, https:\/\/franciscanos.org.br\/noticias\/wp-content\/uploads\/2025\/03\/WhatsApp-Image-2025-03-30-at-10.27.38-2-1536x864.jpeg 1536w, https:\/\/franciscanos.org.br\/noticias\/wp-content\/uploads\/2025\/03\/WhatsApp-Image-2025-03-30-at-10.27.38-2-150x84.jpeg 150w, https:\/\/franciscanos.org.br\/noticias\/wp-content\/uploads\/2025\/03\/WhatsApp-Image-2025-03-30-at-10.27.38-2.jpeg 1600w\" sizes=\"(max-width: 450px) 100vw, 450px\" \/>No encontro por espa\u00e7os de anima\u00e7\u00e3o, os distintos servi\u00e7os se reuniram para avaliar a caminhada do tri\u00eanio e projetar os passos do futuro. Tamb\u00e9m escolheram os animadores para coordenar a caminhada da Confer\u00eancia no pr\u00f3ximo tri\u00eanio. Foram eleitos para os servi\u00e7os da Confer\u00eancia no pr\u00f3ximo tri\u00eanio os seguintes irm\u00e3os: Presidente \u2013 Frei Fernando Aparecido dos Santos (Cust\u00f3dia do Sagrado Cora\u00e7\u00e3o de Jesus,); Vice-presidente \u2013 Frei Lino Miranda Casta\u00f1eda (Prov\u00edncia da Sant\u00edssima Trindade, Chile); Secret\u00e1rio \u2013 Frei Rog\u00e9rio Lopes da Costa (Prov\u00edncia Santo Ant\u00f4nio); Servi\u00e7o para a Forma\u00e7\u00e3o e os Estudos &#8211; Frei Sandro Roberto da Costa\u00a0 (Prov\u00edncia da Imaculada Concei\u00e7\u00e3o do Brasil); Vice &#8211; Ronen Esposito Strauss (Prov\u00edncia da Assun\u00e7\u00e3o, Argentina-Paraguai); Servi\u00e7o para a Evangeliza\u00e7\u00e3o e Miss\u00e3o \u2013 Frei Eduardo Schiel (Cust\u00f3dia do Sagrado Cora\u00e7\u00e3o de Jesus); Vice-Secret\u00e1rio Frei Luis Alberto Nahuelanca (Sant\u00edssima Trindade). Frei Robson Luiz Scudela, da Prov\u00edncia Franciscana da Imaculada Concei\u00e7\u00e3o do Brasil, foi eleito Ec\u00f4nomo da Confer\u00eancia, e Frei Paulo Roberto Pereira, Ministro Provincial, foi nomeado como Ministro referencial para a Economia da entidade.<img loading=\"lazy\" class=\"alignnone wp-image-255661 size-full\" src=\"https:\/\/franciscanos.org.br\/noticias\/wp-content\/uploads\/2025\/03\/materia-2-1.png\" alt=\"\" width=\"1280\" height=\"720\" srcset=\"https:\/\/franciscanos.org.br\/noticias\/wp-content\/uploads\/2025\/03\/materia-2-1.png 1280w, https:\/\/franciscanos.org.br\/noticias\/wp-content\/uploads\/2025\/03\/materia-2-1-450x253.png 450w, https:\/\/franciscanos.org.br\/noticias\/wp-content\/uploads\/2025\/03\/materia-2-1-1024x576.png 1024w, https:\/\/franciscanos.org.br\/noticias\/wp-content\/uploads\/2025\/03\/materia-2-1-768x432.png 768w, https:\/\/franciscanos.org.br\/noticias\/wp-content\/uploads\/2025\/03\/materia-2-1-150x84.png 150w\" sizes=\"(max-width: 1280px) 100vw, 1280px\" \/><\/p>\n<p>Para o presidente eleito, Frei Fernando Aparecido, a Confer\u00eancia, institu\u00edda h\u00e1 tr\u00eas anos, vai, aos poucos se adaptando \u00e0 nova realidade internacional, marcada pela diferen\u00e7a dos idiomas, portugu\u00eas e espanhol, e pela integra\u00e7\u00e3o cultural entre os diferentes pa\u00edses que a comp\u00f5em. \u201cDaremos prosseguimento ao que j\u00e1 foi iniciado, fomentando na Confer\u00eancia um espa\u00e7o de anima\u00e7\u00e3o, de coopera\u00e7\u00e3o, de comunh\u00e3o e, sobretudo, de responder aos apelos do nosso carisma nestas realidades que nos s\u00e3o confiadas tanto no Cone Sul quanto no Brasil\u201d, destacou Frei Fernando. \u00a0O Definidor geral para a Am\u00e9rica Latina, Frei C\u00e9sar K\u00fclkamp, recorda que as Confer\u00eancias, que no mundo s\u00e3o 15, no total, representam uma importante inst\u00e2ncia de anima\u00e7\u00e3o para a vida das entidades da Ordem dos Frades Menores. \u201cA Ordem que as Confer\u00eancias cres\u00e7am sempre mais em participa\u00e7\u00e3o e esp\u00edrito de comunh\u00e3o, para que a miss\u00e3o de toda a Ordem possa se fazer mais presente a partir do testemunho de cada irm\u00e3o que vive em diferentes partes de nosso mundo\u201d, frisou.<\/p>\n<p>Da Prov\u00edncia Franciscana da Imaculada Concei\u00e7\u00e3o do Brasil participaram:<\/p>\n<p>Frei Paulo Roberto Pereira \u2013 Ministro provincial<\/p>\n<p>Frei Gustavo Wayand Medella \u2013 Vig\u00e1rio provincial e Secret\u00e1rio para a Evangeliza\u00e7\u00e3o e Miss\u00e3o<\/p>\n<p>Frei Sandro Roberto da Costa \u2013 Secret\u00e1rio para a Forma\u00e7\u00e3o e os Estudos<\/p>\n<p>Frei Rodrigo da Silva Santos \u2013 Secret\u00e1rio provincial e Moderador da Forma\u00e7\u00e3o Permanente<\/p>\n<p>Frei Je\u00e2 Paulo Andrade \u2013 Animador do Servi\u00e7o de Anima\u00e7\u00e3o Vocacional<\/p>\n<p>Frei Thiago Alexanre Hayakaw \u2013 Animador do Servi\u00e7o de Justi\u00e7a, Paz e Integridade da Cria\u00e7\u00e3o (JPIC)<\/p>\n<p>Frei Alvaci Mendes da Luz \u2013 Animador da Frente de Evangeliza\u00e7\u00e3o da Comunica\u00e7\u00e3o<\/p>\n<p><img loading=\"lazy\" class=\"aligncenter wp-image-255662 size-full\" src=\"https:\/\/franciscanos.org.br\/noticias\/wp-content\/uploads\/2025\/03\/WhatsApp-Image-2025-03-30-at-10.27.38.jpeg\" alt=\"\" width=\"1600\" height=\"899\" srcset=\"https:\/\/franciscanos.org.br\/noticias\/wp-content\/uploads\/2025\/03\/WhatsApp-Image-2025-03-30-at-10.27.38.jpeg 1600w, https:\/\/franciscanos.org.br\/noticias\/wp-content\/uploads\/2025\/03\/WhatsApp-Image-2025-03-30-at-10.27.38-450x253.jpeg 450w, https:\/\/franciscanos.org.br\/noticias\/wp-content\/uploads\/2025\/03\/WhatsApp-Image-2025-03-30-at-10.27.38-1024x575.jpeg 1024w, https:\/\/franciscanos.org.br\/noticias\/wp-content\/uploads\/2025\/03\/WhatsApp-Image-2025-03-30-at-10.27.38-768x432.jpeg 768w, https:\/\/franciscanos.org.br\/noticias\/wp-content\/uploads\/2025\/03\/WhatsApp-Image-2025-03-30-at-10.27.38-1536x863.jpeg 1536w, https:\/\/franciscanos.org.br\/noticias\/wp-content\/uploads\/2025\/03\/WhatsApp-Image-2025-03-30-at-10.27.38-150x84.jpeg 150w\" sizes=\"(max-width: 1600px) 100vw, 1600px\" \/>Fazem parte da Confer\u00eancia dos Frades Menores do Brasil e do Cone Sul as seguintes entidades: Brasil &#8211; Prov\u00edncia de Santo Ant\u00f4nio do Brasil (Nordeste), Prov\u00edncia da Imaculada Concei\u00e7\u00e3o do Brasil (ES, RJ, SP, PR, SC e Angola), Prov\u00edncia de Santa Cruz (MG), Prov\u00edncia do Sant\u00edssimo Nome de Jesus (GO, DF e TO), Prov\u00edncia Nossa Senhora da Assun\u00e7\u00e3o (MA e PI), Prov\u00edncia Santa Cruz (MG), Cust\u00f3dia das Sete Alegrias de Nossa Senhora (MS e MT), Cust\u00f3dia de S\u00e3o Benedito (Amaz\u00f4nia) e Cust\u00f3dia do Sagrado Cora\u00e7\u00e3o de Jesus (Interior de SP e Tri\u00e2ngulo Mineiro); Prov\u00edncia Nossa Senhora da Assun\u00e7\u00e3o do Rio da Prata (Argentina e Paraguai); Prov\u00edncia S\u00e3o Francisco Solano (Argentina); Prov\u00edncia da Sant\u00edssima Trindade (Chile). Comp\u00f5em estas entidades 920 frades.<\/p>\n<hr \/>\n<p><em>Frei Gustavo Wayand Medella<\/em><\/p>\n","protected":false},"excerpt":{"rendered":"<p>Encontro latino-americano<\/p>\n","protected":false},"author":11,"featured_media":255653,"comment_status":"open","ping_status":"open","sticky":false,"template":"","format":"standard","meta":[],"categories":[1],"tags":[2127,2318],"acf":[],"yoast_head":"<!-- This site is optimized with the Yoast SEO plugin v19.2 - https:\/\/yoast.com\/wordpress\/plugins\/seo\/ -->\n<title>Confer\u00eancia do Brasil e Cone Sul celebra 2\u00aa Assembleia ampliada - Not\u00edcias - Franciscanos<\/title>\n<meta name=\"robots\" content=\"index, follow, max-snippet:-1, max-image-preview:large, max-video-preview:-1\" \/>\n<link rel=\"canonical\" href=\"https:\/\/franciscanos.org.br\/noticias\/conferencia-do-brasil-e-cone-sul-celebra-2a-assembleia-ampliada.html\" \/>\n<meta property=\"og:locale\" content=\"pt_BR\" \/>\n<meta property=\"og:type\" content=\"article\" \/>\n<meta property=\"og:title\" content=\"Confer\u00eancia do Brasil e Cone Sul celebra 2\u00aa Assembleia ampliada - Not\u00edcias - Franciscanos\" \/>\n<meta property=\"og:description\" content=\"Encontro latino-americano\" \/>\n<meta property=\"og:url\" content=\"https:\/\/franciscanos.org.br\/noticias\/conferencia-do-brasil-e-cone-sul-celebra-2a-assembleia-ampliada.html\" \/>\n<meta property=\"og:site_name\" content=\"Not\u00edcias - Franciscanos\" \/>\n<meta property=\"article:published_time\" content=\"2025-03-31T12:07:41+00:00\" \/>\n<meta property=\"og:image\" content=\"https:\/\/franciscanos.org.br\/noticias\/wp-content\/uploads\/2025\/03\/CHAMADA-1.png\" \/>\n\t<meta property=\"og:image:width\" content=\"800\" \/>\n\t<meta property=\"og:image:height\" content=\"550\" \/>\n\t<meta property=\"og:image:type\" content=\"image\/png\" \/>\n<meta name=\"author\" content=\"Adriana Rabelo\" \/>\n<meta name=\"twitter:card\" content=\"summary_large_image\" \/>\n<meta name=\"twitter:label1\" content=\"Escrito por\" \/>\n\t<meta name=\"twitter:data1\" content=\"Adriana Rabelo\" \/>\n\t<meta name=\"twitter:label2\" content=\"Est. tempo de leitura\" \/>\n\t<meta name=\"twitter:data2\" content=\"6 minutos\" \/>\n<script type=\"application\/ld+json\" class=\"yoast-schema-graph\">{\"@context\":\"https:\/\/schema.org\",\"@graph\":[{\"@type\":\"WebSite\",\"@id\":\"https:\/\/franciscanos.org.br\/noticias\/#website\",\"url\":\"https:\/\/franciscanos.org.br\/noticias\/\",\"name\":\"Not\u00edcias - Franciscanos\",\"description\":\"Prov\u00edncia Franciscana da Imaculada Concei\u00e7\u00e3o do Brasil - Ordem dos Frades Menores - OFM\",\"potentialAction\":[{\"@type\":\"SearchAction\",\"target\":{\"@type\":\"EntryPoint\",\"urlTemplate\":\"https:\/\/franciscanos.org.br\/noticias\/?s={search_term_string}\"},\"query-input\":\"required name=search_term_string\"}],\"inLanguage\":\"pt-BR\"},{\"@type\":\"ImageObject\",\"inLanguage\":\"pt-BR\",\"@id\":\"https:\/\/franciscanos.org.br\/noticias\/conferencia-do-brasil-e-cone-sul-celebra-2a-assembleia-ampliada.html#primaryimage\",\"url\":\"https:\/\/franciscanos.org.br\/noticias\/wp-content\/uploads\/2025\/03\/CHAMADA-1.png\",\"contentUrl\":\"https:\/\/franciscanos.org.br\/noticias\/wp-content\/uploads\/2025\/03\/CHAMADA-1.png\",\"width\":800,\"height\":550},{\"@type\":\"WebPage\",\"@id\":\"https:\/\/franciscanos.org.br\/noticias\/conferencia-do-brasil-e-cone-sul-celebra-2a-assembleia-ampliada.html#webpage\",\"url\":\"https:\/\/franciscanos.org.br\/noticias\/conferencia-do-brasil-e-cone-sul-celebra-2a-assembleia-ampliada.html\",\"name\":\"Confer\u00eancia do Brasil e Cone Sul celebra 2\u00aa Assembleia ampliada - Not\u00edcias - Franciscanos\",\"isPartOf\":{\"@id\":\"https:\/\/franciscanos.org.br\/noticias\/#website\"},\"primaryImageOfPage\":{\"@id\":\"https:\/\/franciscanos.org.br\/noticias\/conferencia-do-brasil-e-cone-sul-celebra-2a-assembleia-ampliada.html#primaryimage\"},\"datePublished\":\"2025-03-31T12:07:41+00:00\",\"dateModified\":\"2025-03-31T12:07:41+00:00\",\"author\":{\"@id\":\"https:\/\/franciscanos.org.br\/noticias\/#\/schema\/person\/d9422e83121c3ad3b0f423d195f5bb25\"},\"breadcrumb\":{\"@id\":\"https:\/\/franciscanos.org.br\/noticias\/conferencia-do-brasil-e-cone-sul-celebra-2a-assembleia-ampliada.html#breadcrumb\"},\"inLanguage\":\"pt-BR\",\"potentialAction\":[{\"@type\":\"ReadAction\",\"target\":[\"https:\/\/franciscanos.org.br\/noticias\/conferencia-do-brasil-e-cone-sul-celebra-2a-assembleia-ampliada.html\"]}]},{\"@type\":\"BreadcrumbList\",\"@id\":\"https:\/\/franciscanos.org.br\/noticias\/conferencia-do-brasil-e-cone-sul-celebra-2a-assembleia-ampliada.html#breadcrumb\",\"itemListElement\":[{\"@type\":\"ListItem\",\"position\":1,\"name\":\"Home\",\"item\":\"https:\/\/franciscanos.org.br\/noticias\"},{\"@type\":\"ListItem\",\"position\":2,\"name\":\"Confer\u00eancia do Brasil e Cone Sul celebra 2\u00aa Assembleia ampliada\"}]},{\"@type\":\"Person\",\"@id\":\"https:\/\/franciscanos.org.br\/noticias\/#\/schema\/person\/d9422e83121c3ad3b0f423d195f5bb25\",\"name\":\"Adriana Rabelo\",\"image\":{\"@type\":\"ImageObject\",\"inLanguage\":\"pt-BR\",\"@id\":\"https:\/\/franciscanos.org.br\/noticias\/#\/schema\/person\/image\/\",\"url\":\"https:\/\/secure.gravatar.com\/avatar\/0a937b7500cd7df77540cfb8bede877d?s=96&d=mm&r=g\",\"contentUrl\":\"https:\/\/secure.gravatar.com\/avatar\/0a937b7500cd7df77540cfb8bede877d?s=96&d=mm&r=g\",\"caption\":\"Adriana Rabelo\"},\"url\":\"https:\/\/franciscanos.org.br\/noticias\/author\/adrianarabelo\"}]}<\/script>\n<!-- \/ Yoast SEO plugin. -->","yoast_head_json":{"title":"Confer\u00eancia do Brasil e Cone Sul celebra 2\u00aa Assembleia ampliada - Not\u00edcias - Franciscanos","robots":{"index":"index","follow":"follow","max-snippet":"max-snippet:-1","max-image-preview":"max-image-preview:large","max-video-preview":"max-video-preview:-1"},"canonical":"https:\/\/franciscanos.org.br\/noticias\/conferencia-do-brasil-e-cone-sul-celebra-2a-assembleia-ampliada.html","og_locale":"pt_BR","og_type":"article","og_title":"Confer\u00eancia do Brasil e Cone Sul celebra 2\u00aa Assembleia ampliada - Not\u00edcias - Franciscanos","og_description":"Encontro latino-americano","og_url":"https:\/\/franciscanos.org.br\/noticias\/conferencia-do-brasil-e-cone-sul-celebra-2a-assembleia-ampliada.html","og_site_name":"Not\u00edcias - Franciscanos","article_published_time":"2025-03-31T12:07:41+00:00","og_image":[{"width":800,"height":550,"url":"https:\/\/franciscanos.org.br\/noticias\/wp-content\/uploads\/2025\/03\/CHAMADA-1.png","type":"image\/png"}],"author":"Adriana Rabelo","twitter_card":"summary_large_image","twitter_misc":{"Escrito por":"Adriana Rabelo","Est. tempo de leitura":"6 minutos"},"schema":{"@context":"https:\/\/schema.org","@graph":[{"@type":"WebSite","@id":"https:\/\/franciscanos.org.br\/noticias\/#website","url":"https:\/\/franciscanos.org.br\/noticias\/","name":"Not\u00edcias - Franciscanos","description":"Prov\u00edncia Franciscana da Imaculada Concei\u00e7\u00e3o do Brasil - Ordem dos Frades Menores - OFM","potentialAction":[{"@type":"SearchAction","target":{"@type":"EntryPoint","urlTemplate":"https:\/\/franciscanos.org.br\/noticias\/?s={search_term_string}"},"query-input":"required name=search_term_string"}],"inLanguage":"pt-BR"},{"@type":"ImageObject","inLanguage":"pt-BR","@id":"https:\/\/franciscanos.org.br\/noticias\/conferencia-do-brasil-e-cone-sul-celebra-2a-assembleia-ampliada.html#primaryimage","url":"https:\/\/franciscanos.org.br\/noticias\/wp-content\/uploads\/2025\/03\/CHAMADA-1.png","contentUrl":"https:\/\/franciscanos.org.br\/noticias\/wp-content\/uploads\/2025\/03\/CHAMADA-1.png","width":800,"height":550},{"@type":"WebPage","@id":"https:\/\/franciscanos.org.br\/noticias\/conferencia-do-brasil-e-cone-sul-celebra-2a-assembleia-ampliada.html#webpage","url":"https:\/\/franciscanos.org.br\/noticias\/conferencia-do-brasil-e-cone-sul-celebra-2a-assembleia-ampliada.html","name":"Confer\u00eancia do Brasil e Cone Sul celebra 2\u00aa Assembleia ampliada - Not\u00edcias - Franciscanos","isPartOf":{"@id":"https:\/\/franciscanos.org.br\/noticias\/#website"},"primaryImageOfPage":{"@id":"https:\/\/franciscanos.org.br\/noticias\/conferencia-do-brasil-e-cone-sul-celebra-2a-assembleia-ampliada.html#primaryimage"},"datePublished":"2025-03-31T12:07:41+00:00","dateModified":"2025-03-31T12:07:41+00:00","author":{"@id":"https:\/\/franciscanos.org.br\/noticias\/#\/schema\/person\/d9422e83121c3ad3b0f423d195f5bb25"},"breadcrumb":{"@id":"https:\/\/franciscanos.org.br\/noticias\/conferencia-do-brasil-e-cone-sul-celebra-2a-assembleia-ampliada.html#breadcrumb"},"inLanguage":"pt-BR","potentialAction":[{"@type":"ReadAction","target":["https:\/\/franciscanos.org.br\/noticias\/conferencia-do-brasil-e-cone-sul-celebra-2a-assembleia-ampliada.html"]}]},{"@type":"BreadcrumbList","@id":"https:\/\/franciscanos.org.br\/noticias\/conferencia-do-brasil-e-cone-sul-celebra-2a-assembleia-ampliada.html#breadcrumb","itemListElement":[{"@type":"ListItem","position":1,"name":"Home","item":"https:\/\/franciscanos.org.br\/noticias"},{"@type":"ListItem","position":2,"name":"Confer\u00eancia do Brasil e Cone Sul celebra 2\u00aa Assembleia ampliada"}]},{"@type":"Person","@id":"https:\/\/franciscanos.org.br\/noticias\/#\/schema\/person\/d9422e83121c3ad3b0f423d195f5bb25","name":"Adriana Rabelo","image":{"@type":"ImageObject","inLanguage":"pt-BR","@id":"https:\/\/franciscanos.org.br\/noticias\/#\/schema\/person\/image\/","url":"https:\/\/secure.gravatar.com\/avatar\/0a937b7500cd7df77540cfb8bede877d?s=96&d=mm&r=g","contentUrl":"https:\/\/secure.gravatar.com\/avatar\/0a937b7500cd7df77540cfb8bede877d?s=96&d=mm&r=g","caption":"Adriana Rabelo"},"url":"https:\/\/franciscanos.org.br\/noticias\/author\/adrianarabelo"}]}},"_links":{"self":[{"href":"https:\/\/franciscanos.org.br\/noticias\/wp-json\/wp\/v2\/posts\/255651"}],"collection":[{"href":"https:\/\/franciscanos.org.br\/noticias\/wp-json\/wp\/v2\/posts"}],"about":[{"href":"https:\/\/franciscanos.org.br\/noticias\/wp-json\/wp\/v2\/types\/post"}],"author":[{"embeddable":true,"href":"https:\/\/franciscanos.org.br\/noticias\/wp-json\/wp\/v2\/users\/11"}],"replies":[{"embeddable":true,"href":"https:\/\/franciscanos.org.br\/noticias\/wp-json\/wp\/v2\/comments?post=255651"}],"version-history":[{"count":5,"href":"https:\/\/franciscanos.org.br\/noticias\/wp-json\/wp\/v2\/posts\/255651\/revisions"}],"predecessor-version":[{"id":255667,"href":"https:\/\/franciscanos.org.br\/noticias\/wp-json\/wp\/v2\/posts\/255651\/revisions\/255667"}],"wp:featuredmedia":[{"embeddable":true,"href":"https:\/\/franciscanos.org.br\/noticias\/wp-json\/wp\/v2\/media\/255653"}],"wp:attachment":[{"href":"https:\/\/franciscanos.org.br\/noticias\/wp-json\/wp\/v2\/media?parent=255651"}],"wp:term":[{"taxonomy":"category","embeddable":true,"href":"https:\/\/franciscanos.org.br\/noticias\/wp-json\/wp\/v2\/categories?post=255651"},{"taxonomy":"post_tag","embeddable":true,"href":"https:\/\/franciscanos.org.br\/noticias\/wp-json\/wp\/v2\/tags?post=255651"}],"curies":[{"name":"wp","href":"https:\/\/api.w.org\/{rel}","templated":true}]}}