{"id":255628,"date":"2025-03-26T16:21:42","date_gmt":"2025-03-26T19:21:42","guid":{"rendered":"https:\/\/franciscanos.org.br\/noticias\/?p=255628"},"modified":"2025-04-01T10:17:41","modified_gmt":"2025-04-01T13:17:41","slug":"papo-franciscano-ponte-entre-a-teologia-e-a-vida-cotidiana","status":"publish","type":"post","link":"https:\/\/franciscanos.org.br\/noticias\/papo-franciscano-ponte-entre-a-teologia-e-a-vida-cotidiana.html","title":{"rendered":"Papo Franciscano: Ponte entre a Teologia e a Vida Cotidiana"},"content":{"rendered":"<p><img loading=\"lazy\" class=\"aligncenter wp-image-255630 size-full\" src=\"https:\/\/franciscanos.org.br\/noticias\/wp-content\/uploads\/2025\/03\/MATERIA-PAPO-FRANCISCANO.png\" alt=\"\" width=\"1280\" height=\"720\" srcset=\"https:\/\/franciscanos.org.br\/noticias\/wp-content\/uploads\/2025\/03\/MATERIA-PAPO-FRANCISCANO.png 1280w, https:\/\/franciscanos.org.br\/noticias\/wp-content\/uploads\/2025\/03\/MATERIA-PAPO-FRANCISCANO-450x253.png 450w, https:\/\/franciscanos.org.br\/noticias\/wp-content\/uploads\/2025\/03\/MATERIA-PAPO-FRANCISCANO-1024x576.png 1024w, https:\/\/franciscanos.org.br\/noticias\/wp-content\/uploads\/2025\/03\/MATERIA-PAPO-FRANCISCANO-768x432.png 768w, https:\/\/franciscanos.org.br\/noticias\/wp-content\/uploads\/2025\/03\/MATERIA-PAPO-FRANCISCANO-150x84.png 150w\" sizes=\"(max-width: 1280px) 100vw, 1280px\" \/><\/p>\n<p>Nada melhor do que uma boa conversa para esclarecer e aproximar as pessoas. \u00c9 justamente dessa forma que o podcast Papo Franciscano compartilha com a comunidade temas que contribuem para a constru\u00e7\u00e3o do conhecimento a partir do carisma franciscano.<\/p>\n<p>Esse projeto do Instituto Teol\u00f3gico Franciscano (ITF), refer\u00eancia no ensino teol\u00f3gico no Brasil desde 1899, localizado em Petr\u00f3polis (RJ), foi iniciado em 7 de agosto de 2024 com o objetivo de ampliar sua visibilidade, fortalecer sua presen\u00e7a no meio teol\u00f3gico e acad\u00eamico e divulgar sua miss\u00e3o, vis\u00e3o e valores institucionais. Al\u00e9m disso, o projeto visa promover sua estrutura f\u00edsica e humana, destacando seu valioso corpo docente e discente.<\/p>\n<p>De acordo com o idealizador do podcast, Maicon da Silva Carreiro, ao longo de sua trajet\u00f3ria, o ITF tem sido protagonista em diversas constru\u00e7\u00f5es intelectuais no universo teol\u00f3gico. Esse ambiente de forma\u00e7\u00e3o se destacou pela participa\u00e7\u00e3o e recep\u00e7\u00e3o do Conc\u00edlio Vaticano II, pela contribui\u00e7\u00e3o na reforma lit\u00fargica no Brasil e pela percep\u00e7\u00e3o da necessidade de uma nova tradu\u00e7\u00e3o da B\u00edblia, entre outros marcos. \u201cDe fato, os professores do ITF sempre estiveram envolvidos em decis\u00f5es importantes na hist\u00f3ria recente da Igreja\u201d, ressaltou.<\/p>\n<p>Al\u00e9m de Maicon, o podcast tamb\u00e9m \u00e9 apresentado por Neuci Lopes da Silva, ambos funcion\u00e1rios do ITF. Com periodicidade mensal, a dupla j\u00e1 conduziu 9 epis\u00f3dios, todos gravados no audit\u00f3rio da Biblioteca da institui\u00e7\u00e3o, em um espa\u00e7o preparado com isolamento ac\u00fastico para garantir a qualidade da produ\u00e7\u00e3o.<\/p>\n<p><img loading=\"lazy\" class=\"size-medium wp-image-255634 alignright\" src=\"https:\/\/franciscanos.org.br\/noticias\/wp-content\/uploads\/2025\/03\/PAPO-FRANCISCANO-5-450x255.jpg\" alt=\"\" width=\"450\" height=\"255\" srcset=\"https:\/\/franciscanos.org.br\/noticias\/wp-content\/uploads\/2025\/03\/PAPO-FRANCISCANO-5-450x255.jpg 450w, https:\/\/franciscanos.org.br\/noticias\/wp-content\/uploads\/2025\/03\/PAPO-FRANCISCANO-5-150x85.jpg 150w, https:\/\/franciscanos.org.br\/noticias\/wp-content\/uploads\/2025\/03\/PAPO-FRANCISCANO-5.jpg 670w\" sizes=\"(max-width: 450px) 100vw, 450px\" \/>Em um ambiente descontra\u00eddo, os apresentadores recebem convidados que dominam temas variados, desde forma\u00e7\u00e3o acad\u00eamica at\u00e9 quest\u00f5es pastorais e culturais. \u201cPapo Franciscano\u201d \u00e9 uma conversa informal com um ou mais convidados sobre um tema de seu interesse e dom\u00ednio. \u201cAbordamos assuntos referentes \u00e0 forma\u00e7\u00e3o acad\u00eamica e ao conte\u00fado dos cursos ministrados pelo convidado, quando este \u00e9 um docente da casa\u201d, explicou Maicon. Ele tamb\u00e9m mencionou que, eventualmente, alguns epis\u00f3dios focam em datas espec\u00edficas, como os especiais dedicados ao Natal.<\/p>\n<p>\u201cConsiderando especificamente o formato de podcast, essa produ\u00e7\u00e3o \u00e9 uma forma acess\u00edvel e flex\u00edvel de comunicar e oferecer conte\u00fado. Um podcast pode ser ouvido enquanto a pessoa est\u00e1 ocupada com outras atividades, dirigindo, praticando exerc\u00edcios f\u00edsicos, cozinhando, etc. \u00c9 poss\u00edvel criar podcasts sobre diversos assuntos, abrangendo uma ampla gama de ouvintes. Essa forma de comunica\u00e7\u00e3o tamb\u00e9m gera uma certa proximidade e intimidade entre o entrevistado e o ouvinte, e pode ter v\u00e1rios formatos, desde a explana\u00e7\u00e3o de um assunto por uma s\u00f3 pessoa at\u00e9 um debate, com discuss\u00e3o de ideias de forma mais profunda, com mais pessoas, sobre temas de maior relev\u00e2ncia\u201d, afirmou Frei Sandro Roberto da Costa, diretor e professor do ITF.<\/p>\n<p>O frade acredita que o carisma franciscano \u00e9 muito rico e tem variadas formas de se expressar. \u201cFrancisco de Assis foi um homem da comunica\u00e7\u00e3o. Ele se comunicava n\u00e3o s\u00f3 atrav\u00e9s das palavras, mas tamb\u00e9m por meio da poesia, dos s\u00edmbolos, dos gestos. O Tau franciscano, o C\u00e2ntico das Criaturas, a Ben\u00e7\u00e3o a frei Le\u00e3o, o crucifixo de S\u00e3o Dami\u00e3o, o h\u00e1bito franciscano, a sauda\u00e7\u00e3o Paz e Bem, o pres\u00e9pio de Gr\u00e9cio, o desnudamento diante do pai e do bispo, o encontro com o sult\u00e3o, a prega\u00e7\u00e3o aos p\u00e1ssaros, o beijo no leproso, s\u00e3o alguns exemplos do modo como Francisco comunicava suas ideias, principalmente seu amor ao evangelho\u201d, enfatizou.<\/p>\n<p><img loading=\"lazy\" class=\"size-medium wp-image-255632 alignleft\" src=\"https:\/\/franciscanos.org.br\/noticias\/wp-content\/uploads\/2025\/03\/PAPO-FRANCISCANO-450x243.jpg\" alt=\"\" width=\"450\" height=\"243\" srcset=\"https:\/\/franciscanos.org.br\/noticias\/wp-content\/uploads\/2025\/03\/PAPO-FRANCISCANO-450x243.jpg 450w, https:\/\/franciscanos.org.br\/noticias\/wp-content\/uploads\/2025\/03\/PAPO-FRANCISCANO-150x81.jpg 150w, https:\/\/franciscanos.org.br\/noticias\/wp-content\/uploads\/2025\/03\/PAPO-FRANCISCANO.jpg 702w\" sizes=\"(max-width: 450px) 100vw, 450px\" \/>De acordo com Frei Sandro, na atualidade, franciscanos e franciscans t\u00eam \u00e0 disposi\u00e7\u00e3o uma imensa gama de possibilidades, atrav\u00e9s dos modernos meios oferecidos pelas m\u00eddias sociais e pela tecnologia, para difundir os ideais evang\u00e9licos vividos e pregados por Francisco de Assis. \u201cOs valores difundidos por ele atrav\u00e9s desses gestos e s\u00edmbolos nos remetem a urg\u00eancias muito atuais: o amor ao pr\u00f3ximo, o respeito \u00e0s diferen\u00e7as, a viv\u00eancia do projeto evang\u00e9lico de Jesus de Nazar\u00e9, o di\u00e1logo, o perd\u00e3o, o despojamento e a simplicidade, o amor e o cuidado a todas as criaturas. O recurso ao podcast \u00e9 uma possibilidade atual, moderna e r\u00e1pida de difundir esses valores do carisma franciscano, pelos quais pautamos nossa vida.\u201d<\/p>\n<p>Os aspectos destacados pelo diretor do Instituto Franciscano Teol\u00f3gico v\u00e3o ao encontro das repercuss\u00f5es do Papo Franciscano descritas por Maicon. Segundo ele, o epis\u00f3dio de maior repercuss\u00e3o at\u00e9 o momento foi protagonizado por Frei Ludovico Garmus, ex-professor do ITF e coordenador da tradu\u00e7\u00e3o da B\u00edblia Vozes. O idealizador do projeto contou que, nesse epis\u00f3dio, o frade destacou a import\u00e2ncia de contemplar e meditar a Palavra de Deus, ressaltando que essa pr\u00e1tica nos permite \u201ccome\u00e7ar a ver o mundo em que voc\u00ea est\u00e1, as pessoas como est\u00e3o vivendo, de certa forma, com os olhos de Deus.\u201d<\/p>\n<p>Dentre os conte\u00fados mais acessados, destacaram-se os epis\u00f3dios \u201cPai Nosso rezado em grego\u201d, com Frei Jean Carlos Alunji Oliveira; \u201cMulher e Teologia\u201d, com Frei Sandro; \u201cArqueologia B\u00edblica\u201d, com o Prof. Carlos Frederico Schlaepfer; \u201cMariologia\u201d, com a Prof. Maria Suzana Figueiredo Assis Macedo; e o especial de Natal, com Frei Marcos Antonio de Andrade.<\/p>\n<p>Al\u00e9m de estar dispon\u00edvel nas principais plataformas de streaming, como YouTube e Spotify, o <strong>Papo Franciscano<\/strong> tamb\u00e9m marca presen\u00e7a nas redes sociais, com trechos selecionados das entrevistas divulgados no Instagram e Facebook.<\/p>\n<hr \/>\n<p><em>Adriana Rabelo<\/em><\/p>\n","protected":false},"excerpt":{"rendered":"<p>Podcast Papo Franciscano<\/p>\n","protected":false},"author":11,"featured_media":255629,"comment_status":"open","ping_status":"open","sticky":false,"template":"","format":"standard","meta":[],"categories":[1],"tags":[189,1368],"acf":[],"yoast_head":"<!-- This site is optimized with the Yoast SEO plugin v19.2 - https:\/\/yoast.com\/wordpress\/plugins\/seo\/ -->\n<title>Papo Franciscano: Ponte entre a Teologia e a Vida Cotidiana - Not\u00edcias - Franciscanos<\/title>\n<meta name=\"robots\" content=\"index, follow, max-snippet:-1, max-image-preview:large, max-video-preview:-1\" \/>\n<link rel=\"canonical\" href=\"https:\/\/franciscanos.org.br\/noticias\/papo-franciscano-ponte-entre-a-teologia-e-a-vida-cotidiana.html\" \/>\n<meta property=\"og:locale\" content=\"pt_BR\" \/>\n<meta property=\"og:type\" content=\"article\" \/>\n<meta property=\"og:title\" content=\"Papo Franciscano: Ponte entre a Teologia e a Vida Cotidiana - Not\u00edcias - Franciscanos\" \/>\n<meta property=\"og:description\" content=\"Podcast Papo Franciscano\" \/>\n<meta property=\"og:url\" content=\"https:\/\/franciscanos.org.br\/noticias\/papo-franciscano-ponte-entre-a-teologia-e-a-vida-cotidiana.html\" \/>\n<meta property=\"og:site_name\" content=\"Not\u00edcias - Franciscanos\" \/>\n<meta property=\"article:published_time\" content=\"2025-03-26T19:21:42+00:00\" \/>\n<meta property=\"article:modified_time\" content=\"2025-04-01T13:17:41+00:00\" \/>\n<meta property=\"og:image\" content=\"https:\/\/franciscanos.org.br\/noticias\/wp-content\/uploads\/2025\/03\/PAPO-FRANCISCANO-CHAMADA.png\" \/>\n\t<meta property=\"og:image:width\" content=\"800\" \/>\n\t<meta property=\"og:image:height\" content=\"550\" \/>\n\t<meta property=\"og:image:type\" content=\"image\/png\" \/>\n<meta name=\"author\" content=\"Adriana Rabelo\" \/>\n<meta name=\"twitter:card\" content=\"summary_large_image\" \/>\n<meta name=\"twitter:label1\" content=\"Escrito por\" \/>\n\t<meta name=\"twitter:data1\" content=\"Adriana Rabelo\" \/>\n\t<meta name=\"twitter:label2\" content=\"Est. tempo de leitura\" \/>\n\t<meta name=\"twitter:data2\" content=\"5 minutos\" \/>\n<script type=\"application\/ld+json\" class=\"yoast-schema-graph\">{\"@context\":\"https:\/\/schema.org\",\"@graph\":[{\"@type\":\"WebSite\",\"@id\":\"https:\/\/franciscanos.org.br\/noticias\/#website\",\"url\":\"https:\/\/franciscanos.org.br\/noticias\/\",\"name\":\"Not\u00edcias - Franciscanos\",\"description\":\"Prov\u00edncia Franciscana da Imaculada Concei\u00e7\u00e3o do Brasil - Ordem dos Frades Menores - OFM\",\"potentialAction\":[{\"@type\":\"SearchAction\",\"target\":{\"@type\":\"EntryPoint\",\"urlTemplate\":\"https:\/\/franciscanos.org.br\/noticias\/?s={search_term_string}\"},\"query-input\":\"required name=search_term_string\"}],\"inLanguage\":\"pt-BR\"},{\"@type\":\"ImageObject\",\"inLanguage\":\"pt-BR\",\"@id\":\"https:\/\/franciscanos.org.br\/noticias\/papo-franciscano-ponte-entre-a-teologia-e-a-vida-cotidiana.html#primaryimage\",\"url\":\"https:\/\/franciscanos.org.br\/noticias\/wp-content\/uploads\/2025\/03\/PAPO-FRANCISCANO-CHAMADA.png\",\"contentUrl\":\"https:\/\/franciscanos.org.br\/noticias\/wp-content\/uploads\/2025\/03\/PAPO-FRANCISCANO-CHAMADA.png\",\"width\":800,\"height\":550},{\"@type\":\"WebPage\",\"@id\":\"https:\/\/franciscanos.org.br\/noticias\/papo-franciscano-ponte-entre-a-teologia-e-a-vida-cotidiana.html#webpage\",\"url\":\"https:\/\/franciscanos.org.br\/noticias\/papo-franciscano-ponte-entre-a-teologia-e-a-vida-cotidiana.html\",\"name\":\"Papo Franciscano: Ponte entre a Teologia e a Vida Cotidiana - Not\u00edcias - Franciscanos\",\"isPartOf\":{\"@id\":\"https:\/\/franciscanos.org.br\/noticias\/#website\"},\"primaryImageOfPage\":{\"@id\":\"https:\/\/franciscanos.org.br\/noticias\/papo-franciscano-ponte-entre-a-teologia-e-a-vida-cotidiana.html#primaryimage\"},\"datePublished\":\"2025-03-26T19:21:42+00:00\",\"dateModified\":\"2025-04-01T13:17:41+00:00\",\"author\":{\"@id\":\"https:\/\/franciscanos.org.br\/noticias\/#\/schema\/person\/d9422e83121c3ad3b0f423d195f5bb25\"},\"breadcrumb\":{\"@id\":\"https:\/\/franciscanos.org.br\/noticias\/papo-franciscano-ponte-entre-a-teologia-e-a-vida-cotidiana.html#breadcrumb\"},\"inLanguage\":\"pt-BR\",\"potentialAction\":[{\"@type\":\"ReadAction\",\"target\":[\"https:\/\/franciscanos.org.br\/noticias\/papo-franciscano-ponte-entre-a-teologia-e-a-vida-cotidiana.html\"]}]},{\"@type\":\"BreadcrumbList\",\"@id\":\"https:\/\/franciscanos.org.br\/noticias\/papo-franciscano-ponte-entre-a-teologia-e-a-vida-cotidiana.html#breadcrumb\",\"itemListElement\":[{\"@type\":\"ListItem\",\"position\":1,\"name\":\"Home\",\"item\":\"https:\/\/franciscanos.org.br\/noticias\"},{\"@type\":\"ListItem\",\"position\":2,\"name\":\"Papo Franciscano: Ponte entre a Teologia e a Vida Cotidiana\"}]},{\"@type\":\"Person\",\"@id\":\"https:\/\/franciscanos.org.br\/noticias\/#\/schema\/person\/d9422e83121c3ad3b0f423d195f5bb25\",\"name\":\"Adriana Rabelo\",\"image\":{\"@type\":\"ImageObject\",\"inLanguage\":\"pt-BR\",\"@id\":\"https:\/\/franciscanos.org.br\/noticias\/#\/schema\/person\/image\/\",\"url\":\"https:\/\/secure.gravatar.com\/avatar\/0a937b7500cd7df77540cfb8bede877d?s=96&d=mm&r=g\",\"contentUrl\":\"https:\/\/secure.gravatar.com\/avatar\/0a937b7500cd7df77540cfb8bede877d?s=96&d=mm&r=g\",\"caption\":\"Adriana Rabelo\"},\"url\":\"https:\/\/franciscanos.org.br\/noticias\/author\/adrianarabelo\"}]}<\/script>\n<!-- \/ Yoast SEO plugin. -->","yoast_head_json":{"title":"Papo Franciscano: Ponte entre a Teologia e a Vida Cotidiana - Not\u00edcias - Franciscanos","robots":{"index":"index","follow":"follow","max-snippet":"max-snippet:-1","max-image-preview":"max-image-preview:large","max-video-preview":"max-video-preview:-1"},"canonical":"https:\/\/franciscanos.org.br\/noticias\/papo-franciscano-ponte-entre-a-teologia-e-a-vida-cotidiana.html","og_locale":"pt_BR","og_type":"article","og_title":"Papo Franciscano: Ponte entre a Teologia e a Vida Cotidiana - Not\u00edcias - Franciscanos","og_description":"Podcast Papo Franciscano","og_url":"https:\/\/franciscanos.org.br\/noticias\/papo-franciscano-ponte-entre-a-teologia-e-a-vida-cotidiana.html","og_site_name":"Not\u00edcias - Franciscanos","article_published_time":"2025-03-26T19:21:42+00:00","article_modified_time":"2025-04-01T13:17:41+00:00","og_image":[{"width":800,"height":550,"url":"https:\/\/franciscanos.org.br\/noticias\/wp-content\/uploads\/2025\/03\/PAPO-FRANCISCANO-CHAMADA.png","type":"image\/png"}],"author":"Adriana Rabelo","twitter_card":"summary_large_image","twitter_misc":{"Escrito por":"Adriana Rabelo","Est. tempo de leitura":"5 minutos"},"schema":{"@context":"https:\/\/schema.org","@graph":[{"@type":"WebSite","@id":"https:\/\/franciscanos.org.br\/noticias\/#website","url":"https:\/\/franciscanos.org.br\/noticias\/","name":"Not\u00edcias - Franciscanos","description":"Prov\u00edncia Franciscana da Imaculada Concei\u00e7\u00e3o do Brasil - Ordem dos Frades Menores - OFM","potentialAction":[{"@type":"SearchAction","target":{"@type":"EntryPoint","urlTemplate":"https:\/\/franciscanos.org.br\/noticias\/?s={search_term_string}"},"query-input":"required name=search_term_string"}],"inLanguage":"pt-BR"},{"@type":"ImageObject","inLanguage":"pt-BR","@id":"https:\/\/franciscanos.org.br\/noticias\/papo-franciscano-ponte-entre-a-teologia-e-a-vida-cotidiana.html#primaryimage","url":"https:\/\/franciscanos.org.br\/noticias\/wp-content\/uploads\/2025\/03\/PAPO-FRANCISCANO-CHAMADA.png","contentUrl":"https:\/\/franciscanos.org.br\/noticias\/wp-content\/uploads\/2025\/03\/PAPO-FRANCISCANO-CHAMADA.png","width":800,"height":550},{"@type":"WebPage","@id":"https:\/\/franciscanos.org.br\/noticias\/papo-franciscano-ponte-entre-a-teologia-e-a-vida-cotidiana.html#webpage","url":"https:\/\/franciscanos.org.br\/noticias\/papo-franciscano-ponte-entre-a-teologia-e-a-vida-cotidiana.html","name":"Papo Franciscano: Ponte entre a Teologia e a Vida Cotidiana - Not\u00edcias - Franciscanos","isPartOf":{"@id":"https:\/\/franciscanos.org.br\/noticias\/#website"},"primaryImageOfPage":{"@id":"https:\/\/franciscanos.org.br\/noticias\/papo-franciscano-ponte-entre-a-teologia-e-a-vida-cotidiana.html#primaryimage"},"datePublished":"2025-03-26T19:21:42+00:00","dateModified":"2025-04-01T13:17:41+00:00","author":{"@id":"https:\/\/franciscanos.org.br\/noticias\/#\/schema\/person\/d9422e83121c3ad3b0f423d195f5bb25"},"breadcrumb":{"@id":"https:\/\/franciscanos.org.br\/noticias\/papo-franciscano-ponte-entre-a-teologia-e-a-vida-cotidiana.html#breadcrumb"},"inLanguage":"pt-BR","potentialAction":[{"@type":"ReadAction","target":["https:\/\/franciscanos.org.br\/noticias\/papo-franciscano-ponte-entre-a-teologia-e-a-vida-cotidiana.html"]}]},{"@type":"BreadcrumbList","@id":"https:\/\/franciscanos.org.br\/noticias\/papo-franciscano-ponte-entre-a-teologia-e-a-vida-cotidiana.html#breadcrumb","itemListElement":[{"@type":"ListItem","position":1,"name":"Home","item":"https:\/\/franciscanos.org.br\/noticias"},{"@type":"ListItem","position":2,"name":"Papo Franciscano: Ponte entre a Teologia e a Vida Cotidiana"}]},{"@type":"Person","@id":"https:\/\/franciscanos.org.br\/noticias\/#\/schema\/person\/d9422e83121c3ad3b0f423d195f5bb25","name":"Adriana Rabelo","image":{"@type":"ImageObject","inLanguage":"pt-BR","@id":"https:\/\/franciscanos.org.br\/noticias\/#\/schema\/person\/image\/","url":"https:\/\/secure.gravatar.com\/avatar\/0a937b7500cd7df77540cfb8bede877d?s=96&d=mm&r=g","contentUrl":"https:\/\/secure.gravatar.com\/avatar\/0a937b7500cd7df77540cfb8bede877d?s=96&d=mm&r=g","caption":"Adriana Rabelo"},"url":"https:\/\/franciscanos.org.br\/noticias\/author\/adrianarabelo"}]}},"_links":{"self":[{"href":"https:\/\/franciscanos.org.br\/noticias\/wp-json\/wp\/v2\/posts\/255628"}],"collection":[{"href":"https:\/\/franciscanos.org.br\/noticias\/wp-json\/wp\/v2\/posts"}],"about":[{"href":"https:\/\/franciscanos.org.br\/noticias\/wp-json\/wp\/v2\/types\/post"}],"author":[{"embeddable":true,"href":"https:\/\/franciscanos.org.br\/noticias\/wp-json\/wp\/v2\/users\/11"}],"replies":[{"embeddable":true,"href":"https:\/\/franciscanos.org.br\/noticias\/wp-json\/wp\/v2\/comments?post=255628"}],"version-history":[{"count":4,"href":"https:\/\/franciscanos.org.br\/noticias\/wp-json\/wp\/v2\/posts\/255628\/revisions"}],"predecessor-version":[{"id":255700,"href":"https:\/\/franciscanos.org.br\/noticias\/wp-json\/wp\/v2\/posts\/255628\/revisions\/255700"}],"wp:featuredmedia":[{"embeddable":true,"href":"https:\/\/franciscanos.org.br\/noticias\/wp-json\/wp\/v2\/media\/255629"}],"wp:attachment":[{"href":"https:\/\/franciscanos.org.br\/noticias\/wp-json\/wp\/v2\/media?parent=255628"}],"wp:term":[{"taxonomy":"category","embeddable":true,"href":"https:\/\/franciscanos.org.br\/noticias\/wp-json\/wp\/v2\/categories?post=255628"},{"taxonomy":"post_tag","embeddable":true,"href":"https:\/\/franciscanos.org.br\/noticias\/wp-json\/wp\/v2\/tags?post=255628"}],"curies":[{"name":"wp","href":"https:\/\/api.w.org\/{rel}","templated":true}]}}