{"id":255620,"date":"2025-03-25T08:00:13","date_gmt":"2025-03-25T11:00:13","guid":{"rendered":"https:\/\/franciscanos.org.br\/noticias\/?p=255620"},"modified":"2025-03-25T15:23:44","modified_gmt":"2025-03-25T18:23:44","slug":"papa-afimar-que-prevencao-a-abusos-deve-ser-vista-como-base-solida-da-igreja","status":"publish","type":"post","link":"https:\/\/franciscanos.org.br\/noticias\/papa-afimar-que-prevencao-a-abusos-deve-ser-vista-como-base-solida-da-igreja.html","title":{"rendered":"Papa afirma que preven\u00e7\u00e3o a abusos deve ser vista como base s\u00f3lida da Igreja"},"content":{"rendered":"<div id=\"attachment_255621\" style=\"width: 1290px\" class=\"wp-caption alignnone\"><img aria-describedby=\"caption-attachment-255621\" loading=\"lazy\" class=\"wp-image-255621 size-full\" src=\"https:\/\/franciscanos.org.br\/noticias\/wp-content\/uploads\/2025\/03\/CHAMADA-CRIANCAS-PAPA.png\" alt=\"\" width=\"1280\" height=\"720\" srcset=\"https:\/\/franciscanos.org.br\/noticias\/wp-content\/uploads\/2025\/03\/CHAMADA-CRIANCAS-PAPA.png 1280w, https:\/\/franciscanos.org.br\/noticias\/wp-content\/uploads\/2025\/03\/CHAMADA-CRIANCAS-PAPA-450x253.png 450w, https:\/\/franciscanos.org.br\/noticias\/wp-content\/uploads\/2025\/03\/CHAMADA-CRIANCAS-PAPA-1024x576.png 1024w, https:\/\/franciscanos.org.br\/noticias\/wp-content\/uploads\/2025\/03\/CHAMADA-CRIANCAS-PAPA-768x432.png 768w, https:\/\/franciscanos.org.br\/noticias\/wp-content\/uploads\/2025\/03\/CHAMADA-CRIANCAS-PAPA-150x84.png 150w\" sizes=\"(max-width: 1280px) 100vw, 1280px\" \/><p id=\"caption-attachment-255621\" class=\"wp-caption-text\">Encontro do Papa em 2023 com as crian\u00e7as do Grupo da Pequena Casa da Miseric\u00f3rdia de Gela (VATICAN MEDIA Divisione Foto)<\/p><\/div>\n<p>O Papa Francisco enviou, nesta ter\u00e7a-feira, 25 de mar\u00e7o, uma mensagem aos membros da Pontif\u00edcia Comiss\u00e3o para a Tutela dos Menores, que est\u00e3o reunidos em assembleia plen\u00e1ria. No texto, assinado no dia 20 de mar\u00e7o, do Hospital Gemelli, o Santo Padre destaca que a preven\u00e7\u00e3o dos abusos deve ser vista n\u00e3o apenas como uma medida emergencial, mas como uma base s\u00f3lida para a constru\u00e7\u00e3o de comunidades seguras e fi\u00e9is ao an\u00fancio de Cristo:<\/p>\n<p><i>&#8220;\u00c9 como &#8216;oxig\u00eanio&#8217; para as Igrejas locais e as comunidades religiosas, porque onde h\u00e1 uma crian\u00e7a ou uma pessoa vulner\u00e1vel em seguran\u00e7a, ali se serve e se honra Cristo. No trabalho di\u00e1rio de voc\u00eas \u2013 especialmente nos contextos mais dif\u00edceis \u2013, concretiza-se uma verdade prof\u00e9tica: a preven\u00e7\u00e3o dos abusos n\u00e3o \u00e9 um cobertor para encobrir emerg\u00eancias, mas um dos alicerces sobre os quais construir comunidades fi\u00e9is ao Evangelho.&#8221;<\/i><\/p>\n<p><strong>Um chamado para a escuta e acolhida<\/strong><\/p>\n<p>O Papa tamb\u00e9m enfatiza que a prote\u00e7\u00e3o das v\u00edtimas e sobreviventes n\u00e3o se limita a protocolos, mas envolve forma\u00e7\u00e3o, preven\u00e7\u00e3o e escuta ativa, e pede que as v\u00edtimas sejam acolhidas com o cora\u00e7\u00e3o, encontrando na Igreja um lugar seguro e compassivo, onde sua dignidade seja restaurada. Em seguida, Francisco prop\u00f5e tr\u00eas compromissos essenciais para os membros da Comiss\u00e3o:<\/p>\n<p>1 &#8211; Crescer no trabalho comum com os Dicast\u00e9rios da C\u00faria Romana.<\/p>\n<p>2 &#8211; Oferecer \u00e0s v\u00edtimas e aos sobreviventes hospitalidade e cuidado para as feridas da alma, no estilo do bom samaritano. Escutar com o ouvido do cora\u00e7\u00e3o, para que cada testemunho encontre n\u00e3o registros a serem preenchidos, mas entranhas de miseric\u00f3rdia das quais possa renascer.<\/p>\n<p>3 &#8211; Construir alian\u00e7as com realidades extraeclesiais \u2013 autoridades civis, especialistas, associa\u00e7\u00f5es \u2013, para que a prote\u00e7\u00e3o se torne uma linguagem universal.<\/p>\n<p><strong>Sentinelas num mundo adormecido<\/strong><\/p>\n<p>Na conclus\u00e3o de sua mensagem, o Papa encoraja a Comiss\u00e3o a continuar sendo \u201csentinelas que vigiam enquanto o mundo dorme\u201d, preservando a mem\u00f3ria e garantindo que a Igreja permane\u00e7a comprometida com a preven\u00e7\u00e3o dos abusos e o acolhimento das v\u00edtimas.<\/p>\n<p>O Pont\u00edfice assegura suas ora\u00e7\u00f5es pelos participantes da Assembleia Plen\u00e1ria e pede a intercess\u00e3o da Virgem Maria para que possam prosseguir com dedica\u00e7\u00e3o e esperan\u00e7a no caminho empreendido.<\/p>\n<hr \/>\n<p><em>Thulio Fonseca \u2013 Vatican News<\/em><\/p>\n","protected":false},"excerpt":{"rendered":"<p>Comiss\u00e3o para a Tutela dos Menores<\/p>\n","protected":false},"author":11,"featured_media":255624,"comment_status":"open","ping_status":"open","sticky":false,"template":"","format":"standard","meta":[],"categories":[1],"tags":[2317,55],"acf":[],"yoast_head":"<!-- This site is optimized with the Yoast SEO plugin v19.2 - https:\/\/yoast.com\/wordpress\/plugins\/seo\/ -->\n<title>Papa afirma que preven\u00e7\u00e3o a abusos deve ser vista como base s\u00f3lida da Igreja - Not\u00edcias - Franciscanos<\/title>\n<meta name=\"robots\" content=\"index, follow, max-snippet:-1, max-image-preview:large, max-video-preview:-1\" \/>\n<link rel=\"canonical\" href=\"https:\/\/franciscanos.org.br\/noticias\/papa-afimar-que-prevencao-a-abusos-deve-ser-vista-como-base-solida-da-igreja.html\" \/>\n<meta property=\"og:locale\" content=\"pt_BR\" \/>\n<meta property=\"og:type\" content=\"article\" \/>\n<meta property=\"og:title\" content=\"Papa afirma que preven\u00e7\u00e3o a abusos deve ser vista como base s\u00f3lida da Igreja - Not\u00edcias - Franciscanos\" \/>\n<meta property=\"og:description\" content=\"Comiss\u00e3o para a Tutela dos Menores\" \/>\n<meta property=\"og:url\" content=\"https:\/\/franciscanos.org.br\/noticias\/papa-afimar-que-prevencao-a-abusos-deve-ser-vista-como-base-solida-da-igreja.html\" \/>\n<meta property=\"og:site_name\" content=\"Not\u00edcias - Franciscanos\" \/>\n<meta property=\"article:published_time\" content=\"2025-03-25T11:00:13+00:00\" \/>\n<meta property=\"article:modified_time\" content=\"2025-03-25T18:23:44+00:00\" \/>\n<meta property=\"og:image\" content=\"https:\/\/franciscanos.org.br\/noticias\/wp-content\/uploads\/2025\/03\/CHAMADA-2.png\" \/>\n\t<meta property=\"og:image:width\" content=\"800\" \/>\n\t<meta property=\"og:image:height\" content=\"550\" \/>\n\t<meta property=\"og:image:type\" content=\"image\/png\" \/>\n<meta name=\"author\" content=\"Adriana Rabelo\" \/>\n<meta name=\"twitter:card\" content=\"summary_large_image\" \/>\n<meta name=\"twitter:label1\" content=\"Escrito por\" \/>\n\t<meta name=\"twitter:data1\" content=\"Adriana Rabelo\" \/>\n\t<meta name=\"twitter:label2\" content=\"Est. tempo de leitura\" \/>\n\t<meta name=\"twitter:data2\" content=\"2 minutos\" \/>\n<script type=\"application\/ld+json\" class=\"yoast-schema-graph\">{\"@context\":\"https:\/\/schema.org\",\"@graph\":[{\"@type\":\"WebSite\",\"@id\":\"https:\/\/franciscanos.org.br\/noticias\/#website\",\"url\":\"https:\/\/franciscanos.org.br\/noticias\/\",\"name\":\"Not\u00edcias - Franciscanos\",\"description\":\"Prov\u00edncia Franciscana da Imaculada Concei\u00e7\u00e3o do Brasil - Ordem dos Frades Menores - OFM\",\"potentialAction\":[{\"@type\":\"SearchAction\",\"target\":{\"@type\":\"EntryPoint\",\"urlTemplate\":\"https:\/\/franciscanos.org.br\/noticias\/?s={search_term_string}\"},\"query-input\":\"required name=search_term_string\"}],\"inLanguage\":\"pt-BR\"},{\"@type\":\"ImageObject\",\"inLanguage\":\"pt-BR\",\"@id\":\"https:\/\/franciscanos.org.br\/noticias\/papa-afimar-que-prevencao-a-abusos-deve-ser-vista-como-base-solida-da-igreja.html#primaryimage\",\"url\":\"https:\/\/franciscanos.org.br\/noticias\/wp-content\/uploads\/2025\/03\/CHAMADA-2.png\",\"contentUrl\":\"https:\/\/franciscanos.org.br\/noticias\/wp-content\/uploads\/2025\/03\/CHAMADA-2.png\",\"width\":800,\"height\":550},{\"@type\":\"WebPage\",\"@id\":\"https:\/\/franciscanos.org.br\/noticias\/papa-afimar-que-prevencao-a-abusos-deve-ser-vista-como-base-solida-da-igreja.html#webpage\",\"url\":\"https:\/\/franciscanos.org.br\/noticias\/papa-afimar-que-prevencao-a-abusos-deve-ser-vista-como-base-solida-da-igreja.html\",\"name\":\"Papa afirma que preven\u00e7\u00e3o a abusos deve ser vista como base s\u00f3lida da Igreja - Not\u00edcias - Franciscanos\",\"isPartOf\":{\"@id\":\"https:\/\/franciscanos.org.br\/noticias\/#website\"},\"primaryImageOfPage\":{\"@id\":\"https:\/\/franciscanos.org.br\/noticias\/papa-afimar-que-prevencao-a-abusos-deve-ser-vista-como-base-solida-da-igreja.html#primaryimage\"},\"datePublished\":\"2025-03-25T11:00:13+00:00\",\"dateModified\":\"2025-03-25T18:23:44+00:00\",\"author\":{\"@id\":\"https:\/\/franciscanos.org.br\/noticias\/#\/schema\/person\/d9422e83121c3ad3b0f423d195f5bb25\"},\"breadcrumb\":{\"@id\":\"https:\/\/franciscanos.org.br\/noticias\/papa-afimar-que-prevencao-a-abusos-deve-ser-vista-como-base-solida-da-igreja.html#breadcrumb\"},\"inLanguage\":\"pt-BR\",\"potentialAction\":[{\"@type\":\"ReadAction\",\"target\":[\"https:\/\/franciscanos.org.br\/noticias\/papa-afimar-que-prevencao-a-abusos-deve-ser-vista-como-base-solida-da-igreja.html\"]}]},{\"@type\":\"BreadcrumbList\",\"@id\":\"https:\/\/franciscanos.org.br\/noticias\/papa-afimar-que-prevencao-a-abusos-deve-ser-vista-como-base-solida-da-igreja.html#breadcrumb\",\"itemListElement\":[{\"@type\":\"ListItem\",\"position\":1,\"name\":\"Home\",\"item\":\"https:\/\/franciscanos.org.br\/noticias\"},{\"@type\":\"ListItem\",\"position\":2,\"name\":\"Papa afirma que preven\u00e7\u00e3o a abusos deve ser vista como base s\u00f3lida da Igreja\"}]},{\"@type\":\"Person\",\"@id\":\"https:\/\/franciscanos.org.br\/noticias\/#\/schema\/person\/d9422e83121c3ad3b0f423d195f5bb25\",\"name\":\"Adriana Rabelo\",\"image\":{\"@type\":\"ImageObject\",\"inLanguage\":\"pt-BR\",\"@id\":\"https:\/\/franciscanos.org.br\/noticias\/#\/schema\/person\/image\/\",\"url\":\"https:\/\/secure.gravatar.com\/avatar\/0a937b7500cd7df77540cfb8bede877d?s=96&d=mm&r=g\",\"contentUrl\":\"https:\/\/secure.gravatar.com\/avatar\/0a937b7500cd7df77540cfb8bede877d?s=96&d=mm&r=g\",\"caption\":\"Adriana Rabelo\"},\"url\":\"https:\/\/franciscanos.org.br\/noticias\/author\/adrianarabelo\"}]}<\/script>\n<!-- \/ Yoast SEO plugin. -->","yoast_head_json":{"title":"Papa afirma que preven\u00e7\u00e3o a abusos deve ser vista como base s\u00f3lida da Igreja - Not\u00edcias - Franciscanos","robots":{"index":"index","follow":"follow","max-snippet":"max-snippet:-1","max-image-preview":"max-image-preview:large","max-video-preview":"max-video-preview:-1"},"canonical":"https:\/\/franciscanos.org.br\/noticias\/papa-afimar-que-prevencao-a-abusos-deve-ser-vista-como-base-solida-da-igreja.html","og_locale":"pt_BR","og_type":"article","og_title":"Papa afirma que preven\u00e7\u00e3o a abusos deve ser vista como base s\u00f3lida da Igreja - Not\u00edcias - Franciscanos","og_description":"Comiss\u00e3o para a Tutela dos Menores","og_url":"https:\/\/franciscanos.org.br\/noticias\/papa-afimar-que-prevencao-a-abusos-deve-ser-vista-como-base-solida-da-igreja.html","og_site_name":"Not\u00edcias - Franciscanos","article_published_time":"2025-03-25T11:00:13+00:00","article_modified_time":"2025-03-25T18:23:44+00:00","og_image":[{"width":800,"height":550,"url":"https:\/\/franciscanos.org.br\/noticias\/wp-content\/uploads\/2025\/03\/CHAMADA-2.png","type":"image\/png"}],"author":"Adriana Rabelo","twitter_card":"summary_large_image","twitter_misc":{"Escrito por":"Adriana Rabelo","Est. tempo de leitura":"2 minutos"},"schema":{"@context":"https:\/\/schema.org","@graph":[{"@type":"WebSite","@id":"https:\/\/franciscanos.org.br\/noticias\/#website","url":"https:\/\/franciscanos.org.br\/noticias\/","name":"Not\u00edcias - Franciscanos","description":"Prov\u00edncia Franciscana da Imaculada Concei\u00e7\u00e3o do Brasil - Ordem dos Frades Menores - OFM","potentialAction":[{"@type":"SearchAction","target":{"@type":"EntryPoint","urlTemplate":"https:\/\/franciscanos.org.br\/noticias\/?s={search_term_string}"},"query-input":"required name=search_term_string"}],"inLanguage":"pt-BR"},{"@type":"ImageObject","inLanguage":"pt-BR","@id":"https:\/\/franciscanos.org.br\/noticias\/papa-afimar-que-prevencao-a-abusos-deve-ser-vista-como-base-solida-da-igreja.html#primaryimage","url":"https:\/\/franciscanos.org.br\/noticias\/wp-content\/uploads\/2025\/03\/CHAMADA-2.png","contentUrl":"https:\/\/franciscanos.org.br\/noticias\/wp-content\/uploads\/2025\/03\/CHAMADA-2.png","width":800,"height":550},{"@type":"WebPage","@id":"https:\/\/franciscanos.org.br\/noticias\/papa-afimar-que-prevencao-a-abusos-deve-ser-vista-como-base-solida-da-igreja.html#webpage","url":"https:\/\/franciscanos.org.br\/noticias\/papa-afimar-que-prevencao-a-abusos-deve-ser-vista-como-base-solida-da-igreja.html","name":"Papa afirma que preven\u00e7\u00e3o a abusos deve ser vista como base s\u00f3lida da Igreja - Not\u00edcias - Franciscanos","isPartOf":{"@id":"https:\/\/franciscanos.org.br\/noticias\/#website"},"primaryImageOfPage":{"@id":"https:\/\/franciscanos.org.br\/noticias\/papa-afimar-que-prevencao-a-abusos-deve-ser-vista-como-base-solida-da-igreja.html#primaryimage"},"datePublished":"2025-03-25T11:00:13+00:00","dateModified":"2025-03-25T18:23:44+00:00","author":{"@id":"https:\/\/franciscanos.org.br\/noticias\/#\/schema\/person\/d9422e83121c3ad3b0f423d195f5bb25"},"breadcrumb":{"@id":"https:\/\/franciscanos.org.br\/noticias\/papa-afimar-que-prevencao-a-abusos-deve-ser-vista-como-base-solida-da-igreja.html#breadcrumb"},"inLanguage":"pt-BR","potentialAction":[{"@type":"ReadAction","target":["https:\/\/franciscanos.org.br\/noticias\/papa-afimar-que-prevencao-a-abusos-deve-ser-vista-como-base-solida-da-igreja.html"]}]},{"@type":"BreadcrumbList","@id":"https:\/\/franciscanos.org.br\/noticias\/papa-afimar-que-prevencao-a-abusos-deve-ser-vista-como-base-solida-da-igreja.html#breadcrumb","itemListElement":[{"@type":"ListItem","position":1,"name":"Home","item":"https:\/\/franciscanos.org.br\/noticias"},{"@type":"ListItem","position":2,"name":"Papa afirma que preven\u00e7\u00e3o a abusos deve ser vista como base s\u00f3lida da Igreja"}]},{"@type":"Person","@id":"https:\/\/franciscanos.org.br\/noticias\/#\/schema\/person\/d9422e83121c3ad3b0f423d195f5bb25","name":"Adriana Rabelo","image":{"@type":"ImageObject","inLanguage":"pt-BR","@id":"https:\/\/franciscanos.org.br\/noticias\/#\/schema\/person\/image\/","url":"https:\/\/secure.gravatar.com\/avatar\/0a937b7500cd7df77540cfb8bede877d?s=96&d=mm&r=g","contentUrl":"https:\/\/secure.gravatar.com\/avatar\/0a937b7500cd7df77540cfb8bede877d?s=96&d=mm&r=g","caption":"Adriana Rabelo"},"url":"https:\/\/franciscanos.org.br\/noticias\/author\/adrianarabelo"}]}},"_links":{"self":[{"href":"https:\/\/franciscanos.org.br\/noticias\/wp-json\/wp\/v2\/posts\/255620"}],"collection":[{"href":"https:\/\/franciscanos.org.br\/noticias\/wp-json\/wp\/v2\/posts"}],"about":[{"href":"https:\/\/franciscanos.org.br\/noticias\/wp-json\/wp\/v2\/types\/post"}],"author":[{"embeddable":true,"href":"https:\/\/franciscanos.org.br\/noticias\/wp-json\/wp\/v2\/users\/11"}],"replies":[{"embeddable":true,"href":"https:\/\/franciscanos.org.br\/noticias\/wp-json\/wp\/v2\/comments?post=255620"}],"version-history":[{"count":3,"href":"https:\/\/franciscanos.org.br\/noticias\/wp-json\/wp\/v2\/posts\/255620\/revisions"}],"predecessor-version":[{"id":255626,"href":"https:\/\/franciscanos.org.br\/noticias\/wp-json\/wp\/v2\/posts\/255620\/revisions\/255626"}],"wp:featuredmedia":[{"embeddable":true,"href":"https:\/\/franciscanos.org.br\/noticias\/wp-json\/wp\/v2\/media\/255624"}],"wp:attachment":[{"href":"https:\/\/franciscanos.org.br\/noticias\/wp-json\/wp\/v2\/media?parent=255620"}],"wp:term":[{"taxonomy":"category","embeddable":true,"href":"https:\/\/franciscanos.org.br\/noticias\/wp-json\/wp\/v2\/categories?post=255620"},{"taxonomy":"post_tag","embeddable":true,"href":"https:\/\/franciscanos.org.br\/noticias\/wp-json\/wp\/v2\/tags?post=255620"}],"curies":[{"name":"wp","href":"https:\/\/api.w.org\/{rel}","templated":true}]}}