{"id":255612,"date":"2025-03-25T14:18:20","date_gmt":"2025-03-25T17:18:20","guid":{"rendered":"https:\/\/franciscanos.org.br\/noticias\/?p=255612"},"modified":"2025-03-25T14:20:02","modified_gmt":"2025-03-25T17:20:02","slug":"mes-das-mulheres-conheca-o-projeto-respeita-as-mina-do-sefras","status":"publish","type":"post","link":"https:\/\/franciscanos.org.br\/noticias\/mes-das-mulheres-conheca-o-projeto-respeita-as-mina-do-sefras.html","title":{"rendered":"M\u00eas das mulheres: Conhe\u00e7a o projeto Respeita as Mina, do Sefras"},"content":{"rendered":"<p><img loading=\"lazy\" class=\"aligncenter wp-image-255613 size-full\" src=\"https:\/\/franciscanos.org.br\/noticias\/wp-content\/uploads\/2025\/03\/materia-1.png\" alt=\"\" width=\"1280\" height=\"720\" srcset=\"https:\/\/franciscanos.org.br\/noticias\/wp-content\/uploads\/2025\/03\/materia-1.png 1280w, https:\/\/franciscanos.org.br\/noticias\/wp-content\/uploads\/2025\/03\/materia-1-450x253.png 450w, https:\/\/franciscanos.org.br\/noticias\/wp-content\/uploads\/2025\/03\/materia-1-1024x576.png 1024w, https:\/\/franciscanos.org.br\/noticias\/wp-content\/uploads\/2025\/03\/materia-1-768x432.png 768w, https:\/\/franciscanos.org.br\/noticias\/wp-content\/uploads\/2025\/03\/materia-1-150x84.png 150w\" sizes=\"(max-width: 1280px) 100vw, 1280px\" \/><\/p>\n<p>Na zona norte de S\u00e3o Paulo, um territ\u00f3rio marcado por desigualdades, nasceu um espa\u00e7o de pot\u00eancia, resist\u00eancia e transforma\u00e7\u00e3o: o coletivo Respeita as Mina, iniciativa da Casa Perfeita Alegria do Peri, projeto do Sefras (A\u00e7\u00e3o Social Franciscana) que atua no Jardim Peri Alto, fortalece meninas e adolescentes por meio da educa\u00e7\u00e3o em direitos humanos e da luta contra a viol\u00eancia de g\u00eanero.<\/p>\n<p>Criado em 2018,\u00a0 o grupo surgiu como espa\u00e7o seguro para escuta, acolhimento e fortalecimento coletivo, com foco em meninas e adolescentes da regi\u00e3o. Desde o in\u00edcio, promoveu rodas de conversa, forma\u00e7\u00f5es, atividades culturais e momentos de lazer, mas esbarrava na falta de recursos financeiros, o que limitava seu alcance.<\/p>\n<p>Em 2022, o coletivo ganhou novo f\u00f4lego ao conquistar financiamento via FUMCAD, o que possibilitou a realiza\u00e7\u00e3o de um ano intenso de a\u00e7\u00f5es, atividades e a produ\u00e7\u00e3o de uma cartilha sobre os direitos das meninas e das mulheres. No entanto, com o encerramento do recurso, as a\u00e7\u00f5es se tornaram pontuais e o grupo sofreu dispers\u00e3o.<\/p>\n<p>A retomada veio em 2024, com for\u00e7a renovada: uma emenda parlamentar do vereador H\u00e9lio Rodrigues (PT) possibilitou a continuidade do trabalho com um novo projeto estruturado, focado na educa\u00e7\u00e3o em direitos humanos com \u00eanfase em g\u00eanero e direitos das mulheres. O projeto atende atualmente\u00a0 adolescentes entre 14 e 18 anos e tem como principais objetivos:<\/p>\n<ul>\n<li>Fortalecer o conhecimento sobre direitos humanos, com foco em g\u00eanero e direitos das mulheres;<\/li>\n<li>Promover campanhas comunit\u00e1rias, levando informa\u00e7\u00e3o sobre os direitos das mulheres e formas de enfrentamento \u00e0 viol\u00eancia;<\/li>\n<li>Multiplicar saberes, estimulando que as participantes compartilhem com outras meninas os conte\u00fados aprendidos.<\/li>\n<\/ul>\n<p><iframe loading=\"lazy\" title=\"Conhe\u00e7a o projeto Respeita as Minas!\" width=\"500\" height=\"281\" src=\"https:\/\/www.youtube.com\/embed\/XVJ-zxdJ0wU?start=2&#038;feature=oembed\" frameborder=\"0\" allow=\"accelerometer; autoplay; clipboard-write; encrypted-media; gyroscope; picture-in-picture; web-share\" referrerpolicy=\"strict-origin-when-cross-origin\" allowfullscreen><\/iframe><\/p>\n<p><strong>Educa\u00e7\u00e3o popular e protagonismo feminino<\/strong><\/p>\n<p>As tem\u00e1ticas s\u00e3o trabalhadas a partir da educa\u00e7\u00e3o popular, valorizando as viv\u00eancias das adolescentes e promovendo uma constru\u00e7\u00e3o coletiva do conhecimento. Os encontros incluem rodas de conversa, oficinas sobre autocuidado, autoestima, sa\u00fade menstrual, direitos sexuais e reprodutivos, cidadania, arte, lazer e a\u00e7\u00f5es de mobiliza\u00e7\u00e3o territorial.<\/p>\n<p>\u201cO coletivo nasceu da escuta das meninas. Ele \u00e9 feito por elas e para elas. \u00c9 um espa\u00e7o de cuidado, fortalecimento e protagonismo. Quando damos oportunidade para que as meninas se expressem, estamos ajudando a transformar toda a comunidade\u201d, destaca Bruna Sim\u00f5es, coordenadora do projeto.<\/p>\n<p>Para Ana Beatriz que fez parte da primeira turma do grupo:\u00a0 \u201cEsse \u00e9 um espa\u00e7o muito importante para as minas da comunidade porque \u00e9 um lugar onde nos sentimos livres e \u00e0 vontade para falar sobre nossas quest\u00f5es pessoais. Fazer parte do coletivo me deu outro modo de ver as coisas. N\u00f3s ganhamos muita experi\u00eancia nesse acolhimento, al\u00e9m do suporte do Sefras a partir dos servi\u00e7os que s\u00e3o oferecidos aqui.\u201d<\/p>\n<p><strong>\u00a0<\/strong><strong>O carnaval tamb\u00e9m \u00e9 educativo: meninas reconhecem o ass\u00e9dio e se fortalecem<\/strong><\/p>\n<p><iframe loading=\"lazy\" title=\"Respeita as Minas no Carnaval\" width=\"500\" height=\"281\" src=\"https:\/\/www.youtube.com\/embed\/TWr4BZqwVA8?start=8&#038;feature=oembed\" frameborder=\"0\" allow=\"accelerometer; autoplay; clipboard-write; encrypted-media; gyroscope; picture-in-picture; web-share\" referrerpolicy=\"strict-origin-when-cross-origin\" allowfullscreen><\/iframe><\/p>\n<p>Durante uma das atividades, o grupo refletiu sobre o ass\u00e9dio no carnaval \u2014 um tema muitas vezes silenciado.\u00a0 A partir disso, constru\u00edram uma produ\u00e7\u00e3o audiovisual autoral, com linguagem acess\u00edvel e direta, explicando o que \u00e9 ass\u00e9dio, como identific\u00e1-lo e formas de buscar ajuda.<\/p>\n<p><strong>Resist\u00eancia perif\u00e9rica com for\u00e7a feminina<\/strong><\/p>\n<p>De acordo com o Mapa da Desigualdade da Rede Nossa S\u00e3o Paulo, no distrito da Cachoeirinha, o coeficiente de mulheres que sofreram viol\u00eancia em 2018 foi de 208,5 por mil notifica\u00e7\u00f5es, e a taxa de gravidez na adolesc\u00eancia chega a 12,4%, superando a m\u00e9dia da cidade de S\u00e3o Paulo.<\/p>\n\n\t\t<style type=\"text\/css\">\n\t\t\t#gallery-1 {\n\t\t\t\tmargin: auto;\n\t\t\t}\n\t\t\t#gallery-1 .gallery-item {\n\t\t\t\tfloat: left;\n\t\t\t\tmargin-top: 10px;\n\t\t\t\ttext-align: center;\n\t\t\t\twidth: 33%;\n\t\t\t}\n\t\t\t#gallery-1 img {\n\t\t\t\tborder: 2px solid #cfcfcf;\n\t\t\t}\n\t\t\t#gallery-1 .gallery-caption {\n\t\t\t\tmargin-left: 0;\n\t\t\t}\n\t\t\t\/* see gallery_shortcode() in wp-includes\/media.php *\/\n\t\t<\/style>\n\t\t<div id='gallery-1' class='gallery galleryid-255612 gallery-columns-3 gallery-size-thumbnail'><dl class='gallery-item'>\n\t\t\t<dt class='gallery-icon landscape'>\n\t\t\t\t<a href='https:\/\/franciscanos.org.br\/noticias\/wp-content\/uploads\/2025\/03\/886318_19c753302801465789e51064ae2ed6b0mv2.webp'><img width=\"300\" height=\"300\" src=\"https:\/\/franciscanos.org.br\/noticias\/wp-content\/uploads\/2025\/03\/886318_19c753302801465789e51064ae2ed6b0mv2-300x300.webp\" class=\"attachment-thumbnail size-thumbnail\" alt=\"\" loading=\"lazy\" srcset=\"https:\/\/franciscanos.org.br\/noticias\/wp-content\/uploads\/2025\/03\/886318_19c753302801465789e51064ae2ed6b0mv2-300x300.webp 300w, https:\/\/franciscanos.org.br\/noticias\/wp-content\/uploads\/2025\/03\/886318_19c753302801465789e51064ae2ed6b0mv2-100x100.webp 100w\" sizes=\"(max-width: 300px) 100vw, 300px\" \/><\/a>\n\t\t\t<\/dt><\/dl><dl class='gallery-item'>\n\t\t\t<dt class='gallery-icon landscape'>\n\t\t\t\t<a href='https:\/\/franciscanos.org.br\/noticias\/wp-content\/uploads\/2025\/03\/886318_51dd9693b44a49b8bf49e18c71da8bbbmv2.webp'><img width=\"300\" height=\"300\" src=\"https:\/\/franciscanos.org.br\/noticias\/wp-content\/uploads\/2025\/03\/886318_51dd9693b44a49b8bf49e18c71da8bbbmv2-300x300.webp\" class=\"attachment-thumbnail size-thumbnail\" alt=\"\" loading=\"lazy\" aria-describedby=\"gallery-1-255615\" srcset=\"https:\/\/franciscanos.org.br\/noticias\/wp-content\/uploads\/2025\/03\/886318_51dd9693b44a49b8bf49e18c71da8bbbmv2-300x300.webp 300w, https:\/\/franciscanos.org.br\/noticias\/wp-content\/uploads\/2025\/03\/886318_51dd9693b44a49b8bf49e18c71da8bbbmv2-100x100.webp 100w\" sizes=\"(max-width: 300px) 100vw, 300px\" \/><\/a>\n\t\t\t<\/dt>\n\t\t\t\t<dd class='wp-caption-text gallery-caption' id='gallery-1-255615'>\n\t\t\t\tO Respeita as Minas esteve presente na marcha do dia 8 de mar\u00e7o\n\t\t\t\t<\/dd><\/dl><dl class='gallery-item'>\n\t\t\t<dt class='gallery-icon landscape'>\n\t\t\t\t<a href='https:\/\/franciscanos.org.br\/noticias\/wp-content\/uploads\/2025\/03\/886318_141d6a2b9ec449dbb7450c9c82d76a05mv2.webp'><img width=\"300\" height=\"300\" src=\"https:\/\/franciscanos.org.br\/noticias\/wp-content\/uploads\/2025\/03\/886318_141d6a2b9ec449dbb7450c9c82d76a05mv2-300x300.webp\" class=\"attachment-thumbnail size-thumbnail\" alt=\"\" loading=\"lazy\" srcset=\"https:\/\/franciscanos.org.br\/noticias\/wp-content\/uploads\/2025\/03\/886318_141d6a2b9ec449dbb7450c9c82d76a05mv2-300x300.webp 300w, https:\/\/franciscanos.org.br\/noticias\/wp-content\/uploads\/2025\/03\/886318_141d6a2b9ec449dbb7450c9c82d76a05mv2-100x100.webp 100w\" sizes=\"(max-width: 300px) 100vw, 300px\" \/><\/a>\n\t\t\t<\/dt><\/dl><br style=\"clear: both\" \/>\n\t\t<\/div>\n\n<p>Esses dados reafirmam a import\u00e2ncia de a\u00e7\u00f5es como o Respeita as Mina, que se torna uma resposta concreta e estruturante para os desafios enfrentados por meninas e mulheres da periferia.<\/p>\n<p>\u201cComo mulher preta, perif\u00e9rica, pedagoga e militante dos direitos humanos de crian\u00e7as, adolescentes e mulheres, vejo esse projeto como uma estrat\u00e9gia fundamental para enfrentar as viola\u00e7\u00f5es vividas diariamente no territ\u00f3rio, conforme apontam diversos diagn\u00f3sticos e pesquisas\u201d, afirma Bruna Sim\u00f5es.<\/p>\n<p><strong>Multiplicando saberes, construindo futuros<\/strong><\/p>\n<p>Hoje, mais do que um grupo de adolescentes, o Respeita as Mina \u00e9 uma semente de transforma\u00e7\u00e3o comunit\u00e1ria. As participantes ganham voz, ampliam repert\u00f3rios e tornam-se agentes de mudan\u00e7a em suas casas, escolas e territ\u00f3rios, levando informa\u00e7\u00f5es e fortalecendo redes de apoio.<\/p>\n<p>Com o apoio do Sefras esse coletivo reafirma que garantir direitos \u00e0s meninas \u00e9 investir em uma sociedade mais justa, igualit\u00e1ria e segura para todas as pessoas.<\/p>\n<hr \/>\n<p><em>Melissa Galdino \u2014 Comunica\u00e7\u00e3o Sefras<\/em><\/p>\n","protected":false},"excerpt":{"rendered":"<p>Direitos humanos<\/p>\n","protected":false},"author":11,"featured_media":255617,"comment_status":"open","ping_status":"open","sticky":false,"template":"","format":"standard","meta":[],"categories":[1],"tags":[228],"acf":[],"yoast_head":"<!-- This site is optimized with the Yoast SEO plugin v19.2 - https:\/\/yoast.com\/wordpress\/plugins\/seo\/ -->\n<title>M\u00eas das mulheres: Conhe\u00e7a o projeto Respeita as Mina, do Sefras - Not\u00edcias - Franciscanos<\/title>\n<meta name=\"robots\" content=\"index, follow, max-snippet:-1, max-image-preview:large, max-video-preview:-1\" \/>\n<link rel=\"canonical\" href=\"https:\/\/franciscanos.org.br\/noticias\/mes-das-mulheres-conheca-o-projeto-respeita-as-mina-do-sefras.html\" \/>\n<meta property=\"og:locale\" content=\"pt_BR\" \/>\n<meta property=\"og:type\" content=\"article\" \/>\n<meta property=\"og:title\" content=\"M\u00eas das mulheres: Conhe\u00e7a o projeto Respeita as Mina, do Sefras - Not\u00edcias - Franciscanos\" \/>\n<meta property=\"og:description\" content=\"Direitos humanos\" \/>\n<meta property=\"og:url\" content=\"https:\/\/franciscanos.org.br\/noticias\/mes-das-mulheres-conheca-o-projeto-respeita-as-mina-do-sefras.html\" \/>\n<meta property=\"og:site_name\" content=\"Not\u00edcias - Franciscanos\" \/>\n<meta property=\"article:published_time\" content=\"2025-03-25T17:18:20+00:00\" \/>\n<meta property=\"article:modified_time\" content=\"2025-03-25T17:20:02+00:00\" \/>\n<meta property=\"og:image\" content=\"https:\/\/franciscanos.org.br\/noticias\/wp-content\/uploads\/2025\/03\/CHAMADA.png\" \/>\n\t<meta property=\"og:image:width\" content=\"800\" \/>\n\t<meta property=\"og:image:height\" content=\"550\" \/>\n\t<meta property=\"og:image:type\" content=\"image\/png\" \/>\n<meta name=\"author\" content=\"Adriana Rabelo\" \/>\n<meta name=\"twitter:card\" content=\"summary_large_image\" \/>\n<meta name=\"twitter:label1\" content=\"Escrito por\" \/>\n\t<meta name=\"twitter:data1\" content=\"Adriana Rabelo\" \/>\n\t<meta name=\"twitter:label2\" content=\"Est. tempo de leitura\" \/>\n\t<meta name=\"twitter:data2\" content=\"4 minutos\" \/>\n<script type=\"application\/ld+json\" class=\"yoast-schema-graph\">{\"@context\":\"https:\/\/schema.org\",\"@graph\":[{\"@type\":\"WebSite\",\"@id\":\"https:\/\/franciscanos.org.br\/noticias\/#website\",\"url\":\"https:\/\/franciscanos.org.br\/noticias\/\",\"name\":\"Not\u00edcias - Franciscanos\",\"description\":\"Prov\u00edncia Franciscana da Imaculada Concei\u00e7\u00e3o do Brasil - Ordem dos Frades Menores - OFM\",\"potentialAction\":[{\"@type\":\"SearchAction\",\"target\":{\"@type\":\"EntryPoint\",\"urlTemplate\":\"https:\/\/franciscanos.org.br\/noticias\/?s={search_term_string}\"},\"query-input\":\"required name=search_term_string\"}],\"inLanguage\":\"pt-BR\"},{\"@type\":\"ImageObject\",\"inLanguage\":\"pt-BR\",\"@id\":\"https:\/\/franciscanos.org.br\/noticias\/mes-das-mulheres-conheca-o-projeto-respeita-as-mina-do-sefras.html#primaryimage\",\"url\":\"https:\/\/franciscanos.org.br\/noticias\/wp-content\/uploads\/2025\/03\/CHAMADA.png\",\"contentUrl\":\"https:\/\/franciscanos.org.br\/noticias\/wp-content\/uploads\/2025\/03\/CHAMADA.png\",\"width\":800,\"height\":550},{\"@type\":\"WebPage\",\"@id\":\"https:\/\/franciscanos.org.br\/noticias\/mes-das-mulheres-conheca-o-projeto-respeita-as-mina-do-sefras.html#webpage\",\"url\":\"https:\/\/franciscanos.org.br\/noticias\/mes-das-mulheres-conheca-o-projeto-respeita-as-mina-do-sefras.html\",\"name\":\"M\u00eas das mulheres: Conhe\u00e7a o projeto Respeita as Mina, do Sefras - Not\u00edcias - Franciscanos\",\"isPartOf\":{\"@id\":\"https:\/\/franciscanos.org.br\/noticias\/#website\"},\"primaryImageOfPage\":{\"@id\":\"https:\/\/franciscanos.org.br\/noticias\/mes-das-mulheres-conheca-o-projeto-respeita-as-mina-do-sefras.html#primaryimage\"},\"datePublished\":\"2025-03-25T17:18:20+00:00\",\"dateModified\":\"2025-03-25T17:20:02+00:00\",\"author\":{\"@id\":\"https:\/\/franciscanos.org.br\/noticias\/#\/schema\/person\/d9422e83121c3ad3b0f423d195f5bb25\"},\"breadcrumb\":{\"@id\":\"https:\/\/franciscanos.org.br\/noticias\/mes-das-mulheres-conheca-o-projeto-respeita-as-mina-do-sefras.html#breadcrumb\"},\"inLanguage\":\"pt-BR\",\"potentialAction\":[{\"@type\":\"ReadAction\",\"target\":[\"https:\/\/franciscanos.org.br\/noticias\/mes-das-mulheres-conheca-o-projeto-respeita-as-mina-do-sefras.html\"]}]},{\"@type\":\"BreadcrumbList\",\"@id\":\"https:\/\/franciscanos.org.br\/noticias\/mes-das-mulheres-conheca-o-projeto-respeita-as-mina-do-sefras.html#breadcrumb\",\"itemListElement\":[{\"@type\":\"ListItem\",\"position\":1,\"name\":\"Home\",\"item\":\"https:\/\/franciscanos.org.br\/noticias\"},{\"@type\":\"ListItem\",\"position\":2,\"name\":\"M\u00eas das mulheres: Conhe\u00e7a o projeto Respeita as Mina, do Sefras\"}]},{\"@type\":\"Person\",\"@id\":\"https:\/\/franciscanos.org.br\/noticias\/#\/schema\/person\/d9422e83121c3ad3b0f423d195f5bb25\",\"name\":\"Adriana Rabelo\",\"image\":{\"@type\":\"ImageObject\",\"inLanguage\":\"pt-BR\",\"@id\":\"https:\/\/franciscanos.org.br\/noticias\/#\/schema\/person\/image\/\",\"url\":\"https:\/\/secure.gravatar.com\/avatar\/0a937b7500cd7df77540cfb8bede877d?s=96&d=mm&r=g\",\"contentUrl\":\"https:\/\/secure.gravatar.com\/avatar\/0a937b7500cd7df77540cfb8bede877d?s=96&d=mm&r=g\",\"caption\":\"Adriana Rabelo\"},\"url\":\"https:\/\/franciscanos.org.br\/noticias\/author\/adrianarabelo\"}]}<\/script>\n<!-- \/ Yoast SEO plugin. -->","yoast_head_json":{"title":"M\u00eas das mulheres: Conhe\u00e7a o projeto Respeita as Mina, do Sefras - Not\u00edcias - Franciscanos","robots":{"index":"index","follow":"follow","max-snippet":"max-snippet:-1","max-image-preview":"max-image-preview:large","max-video-preview":"max-video-preview:-1"},"canonical":"https:\/\/franciscanos.org.br\/noticias\/mes-das-mulheres-conheca-o-projeto-respeita-as-mina-do-sefras.html","og_locale":"pt_BR","og_type":"article","og_title":"M\u00eas das mulheres: Conhe\u00e7a o projeto Respeita as Mina, do Sefras - Not\u00edcias - Franciscanos","og_description":"Direitos humanos","og_url":"https:\/\/franciscanos.org.br\/noticias\/mes-das-mulheres-conheca-o-projeto-respeita-as-mina-do-sefras.html","og_site_name":"Not\u00edcias - Franciscanos","article_published_time":"2025-03-25T17:18:20+00:00","article_modified_time":"2025-03-25T17:20:02+00:00","og_image":[{"width":800,"height":550,"url":"https:\/\/franciscanos.org.br\/noticias\/wp-content\/uploads\/2025\/03\/CHAMADA.png","type":"image\/png"}],"author":"Adriana Rabelo","twitter_card":"summary_large_image","twitter_misc":{"Escrito por":"Adriana Rabelo","Est. tempo de leitura":"4 minutos"},"schema":{"@context":"https:\/\/schema.org","@graph":[{"@type":"WebSite","@id":"https:\/\/franciscanos.org.br\/noticias\/#website","url":"https:\/\/franciscanos.org.br\/noticias\/","name":"Not\u00edcias - Franciscanos","description":"Prov\u00edncia Franciscana da Imaculada Concei\u00e7\u00e3o do Brasil - Ordem dos Frades Menores - OFM","potentialAction":[{"@type":"SearchAction","target":{"@type":"EntryPoint","urlTemplate":"https:\/\/franciscanos.org.br\/noticias\/?s={search_term_string}"},"query-input":"required name=search_term_string"}],"inLanguage":"pt-BR"},{"@type":"ImageObject","inLanguage":"pt-BR","@id":"https:\/\/franciscanos.org.br\/noticias\/mes-das-mulheres-conheca-o-projeto-respeita-as-mina-do-sefras.html#primaryimage","url":"https:\/\/franciscanos.org.br\/noticias\/wp-content\/uploads\/2025\/03\/CHAMADA.png","contentUrl":"https:\/\/franciscanos.org.br\/noticias\/wp-content\/uploads\/2025\/03\/CHAMADA.png","width":800,"height":550},{"@type":"WebPage","@id":"https:\/\/franciscanos.org.br\/noticias\/mes-das-mulheres-conheca-o-projeto-respeita-as-mina-do-sefras.html#webpage","url":"https:\/\/franciscanos.org.br\/noticias\/mes-das-mulheres-conheca-o-projeto-respeita-as-mina-do-sefras.html","name":"M\u00eas das mulheres: Conhe\u00e7a o projeto Respeita as Mina, do Sefras - Not\u00edcias - Franciscanos","isPartOf":{"@id":"https:\/\/franciscanos.org.br\/noticias\/#website"},"primaryImageOfPage":{"@id":"https:\/\/franciscanos.org.br\/noticias\/mes-das-mulheres-conheca-o-projeto-respeita-as-mina-do-sefras.html#primaryimage"},"datePublished":"2025-03-25T17:18:20+00:00","dateModified":"2025-03-25T17:20:02+00:00","author":{"@id":"https:\/\/franciscanos.org.br\/noticias\/#\/schema\/person\/d9422e83121c3ad3b0f423d195f5bb25"},"breadcrumb":{"@id":"https:\/\/franciscanos.org.br\/noticias\/mes-das-mulheres-conheca-o-projeto-respeita-as-mina-do-sefras.html#breadcrumb"},"inLanguage":"pt-BR","potentialAction":[{"@type":"ReadAction","target":["https:\/\/franciscanos.org.br\/noticias\/mes-das-mulheres-conheca-o-projeto-respeita-as-mina-do-sefras.html"]}]},{"@type":"BreadcrumbList","@id":"https:\/\/franciscanos.org.br\/noticias\/mes-das-mulheres-conheca-o-projeto-respeita-as-mina-do-sefras.html#breadcrumb","itemListElement":[{"@type":"ListItem","position":1,"name":"Home","item":"https:\/\/franciscanos.org.br\/noticias"},{"@type":"ListItem","position":2,"name":"M\u00eas das mulheres: Conhe\u00e7a o projeto Respeita as Mina, do Sefras"}]},{"@type":"Person","@id":"https:\/\/franciscanos.org.br\/noticias\/#\/schema\/person\/d9422e83121c3ad3b0f423d195f5bb25","name":"Adriana Rabelo","image":{"@type":"ImageObject","inLanguage":"pt-BR","@id":"https:\/\/franciscanos.org.br\/noticias\/#\/schema\/person\/image\/","url":"https:\/\/secure.gravatar.com\/avatar\/0a937b7500cd7df77540cfb8bede877d?s=96&d=mm&r=g","contentUrl":"https:\/\/secure.gravatar.com\/avatar\/0a937b7500cd7df77540cfb8bede877d?s=96&d=mm&r=g","caption":"Adriana Rabelo"},"url":"https:\/\/franciscanos.org.br\/noticias\/author\/adrianarabelo"}]}},"_links":{"self":[{"href":"https:\/\/franciscanos.org.br\/noticias\/wp-json\/wp\/v2\/posts\/255612"}],"collection":[{"href":"https:\/\/franciscanos.org.br\/noticias\/wp-json\/wp\/v2\/posts"}],"about":[{"href":"https:\/\/franciscanos.org.br\/noticias\/wp-json\/wp\/v2\/types\/post"}],"author":[{"embeddable":true,"href":"https:\/\/franciscanos.org.br\/noticias\/wp-json\/wp\/v2\/users\/11"}],"replies":[{"embeddable":true,"href":"https:\/\/franciscanos.org.br\/noticias\/wp-json\/wp\/v2\/comments?post=255612"}],"version-history":[{"count":2,"href":"https:\/\/franciscanos.org.br\/noticias\/wp-json\/wp\/v2\/posts\/255612\/revisions"}],"predecessor-version":[{"id":255619,"href":"https:\/\/franciscanos.org.br\/noticias\/wp-json\/wp\/v2\/posts\/255612\/revisions\/255619"}],"wp:featuredmedia":[{"embeddable":true,"href":"https:\/\/franciscanos.org.br\/noticias\/wp-json\/wp\/v2\/media\/255617"}],"wp:attachment":[{"href":"https:\/\/franciscanos.org.br\/noticias\/wp-json\/wp\/v2\/media?parent=255612"}],"wp:term":[{"taxonomy":"category","embeddable":true,"href":"https:\/\/franciscanos.org.br\/noticias\/wp-json\/wp\/v2\/categories?post=255612"},{"taxonomy":"post_tag","embeddable":true,"href":"https:\/\/franciscanos.org.br\/noticias\/wp-json\/wp\/v2\/tags?post=255612"}],"curies":[{"name":"wp","href":"https:\/\/api.w.org\/{rel}","templated":true}]}}