{"id":255596,"date":"2025-03-25T12:32:40","date_gmt":"2025-03-25T15:32:40","guid":{"rendered":"https:\/\/franciscanos.org.br\/noticias\/?p=255596"},"modified":"2025-03-25T12:42:52","modified_gmt":"2025-03-25T15:42:52","slug":"fimda-realiza-feira-de-saude-em-homenagem-ao-mes-da-mulher","status":"publish","type":"post","link":"https:\/\/franciscanos.org.br\/noticias\/fimda-realiza-feira-de-saude-em-homenagem-ao-mes-da-mulher.html","title":{"rendered":"Frades da FIMDA organizam feira de sa\u00fade em homenagem ao M\u00eas da Mulher"},"content":{"rendered":"<p data-start=\"129\" data-end=\"308\"><img loading=\"lazy\" class=\"aligncenter wp-image-255597 size-full\" src=\"https:\/\/franciscanos.org.br\/noticias\/wp-content\/uploads\/2025\/03\/fimda-materia-mulher.png\" alt=\"\" width=\"1280\" height=\"720\" srcset=\"https:\/\/franciscanos.org.br\/noticias\/wp-content\/uploads\/2025\/03\/fimda-materia-mulher.png 1280w, https:\/\/franciscanos.org.br\/noticias\/wp-content\/uploads\/2025\/03\/fimda-materia-mulher-450x253.png 450w, https:\/\/franciscanos.org.br\/noticias\/wp-content\/uploads\/2025\/03\/fimda-materia-mulher-1024x576.png 1024w, https:\/\/franciscanos.org.br\/noticias\/wp-content\/uploads\/2025\/03\/fimda-materia-mulher-768x432.png 768w, https:\/\/franciscanos.org.br\/noticias\/wp-content\/uploads\/2025\/03\/fimda-materia-mulher-150x84.png 150w\" sizes=\"(max-width: 1280px) 100vw, 1280px\" \/><\/p>\n<p class=\"\" data-start=\"129\" data-end=\"308\">No dia 23 de mar\u00e7o, a Pastoral da Sa\u00fade da Par\u00f3quia Nossa Senhora de F\u00e1tima, dos Mulenvos de Cima, em Luanda, sob os cuidados dos frades menores da Funda\u00e7\u00e3o Imaculada M\u00e3e de Deus de Angola (FIMDA), organizou uma feira de sa\u00fade especial em homenagem ao M\u00eas da Mulher.<\/p>\n<p class=\"\" data-start=\"310\" data-end=\"509\">O evento teve como objetivo promover cuidados m\u00e9dicos essenciais, bem como conscientizar a comunidade sobre quest\u00f5es de sa\u00fade que afetam especialmente as mulheres e as fam\u00edlias locais.<\/p>\n\n\t\t<style type=\"text\/css\">\n\t\t\t#gallery-1 {\n\t\t\t\tmargin: auto;\n\t\t\t}\n\t\t\t#gallery-1 .gallery-item {\n\t\t\t\tfloat: left;\n\t\t\t\tmargin-top: 10px;\n\t\t\t\ttext-align: center;\n\t\t\t\twidth: 33%;\n\t\t\t}\n\t\t\t#gallery-1 img {\n\t\t\t\tborder: 2px solid #cfcfcf;\n\t\t\t}\n\t\t\t#gallery-1 .gallery-caption {\n\t\t\t\tmargin-left: 0;\n\t\t\t}\n\t\t\t\/* see gallery_shortcode() in wp-includes\/media.php *\/\n\t\t<\/style>\n\t\t<div id='gallery-1' class='gallery galleryid-255596 gallery-columns-3 gallery-size-thumbnail'><dl class='gallery-item'>\n\t\t\t<dt class='gallery-icon landscape'>\n\t\t\t\t<a href='https:\/\/franciscanos.org.br\/noticias\/wp-content\/uploads\/2025\/03\/WhatsApp-Image-2025-03-24-at-17.58.10.jpeg'><img width=\"300\" height=\"300\" src=\"https:\/\/franciscanos.org.br\/noticias\/wp-content\/uploads\/2025\/03\/WhatsApp-Image-2025-03-24-at-17.58.10-300x300.jpeg\" class=\"attachment-thumbnail size-thumbnail\" alt=\"\" loading=\"lazy\" srcset=\"https:\/\/franciscanos.org.br\/noticias\/wp-content\/uploads\/2025\/03\/WhatsApp-Image-2025-03-24-at-17.58.10-300x300.jpeg 300w, https:\/\/franciscanos.org.br\/noticias\/wp-content\/uploads\/2025\/03\/WhatsApp-Image-2025-03-24-at-17.58.10-100x100.jpeg 100w\" sizes=\"(max-width: 300px) 100vw, 300px\" \/><\/a>\n\t\t\t<\/dt><\/dl><dl class='gallery-item'>\n\t\t\t<dt class='gallery-icon portrait'>\n\t\t\t\t<a href='https:\/\/franciscanos.org.br\/noticias\/wp-content\/uploads\/2025\/03\/WhatsApp-Image-2025-03-24-at-17.57.33.jpeg'><img width=\"300\" height=\"300\" src=\"https:\/\/franciscanos.org.br\/noticias\/wp-content\/uploads\/2025\/03\/WhatsApp-Image-2025-03-24-at-17.57.33-300x300.jpeg\" class=\"attachment-thumbnail size-thumbnail\" alt=\"\" loading=\"lazy\" srcset=\"https:\/\/franciscanos.org.br\/noticias\/wp-content\/uploads\/2025\/03\/WhatsApp-Image-2025-03-24-at-17.57.33-300x300.jpeg 300w, https:\/\/franciscanos.org.br\/noticias\/wp-content\/uploads\/2025\/03\/WhatsApp-Image-2025-03-24-at-17.57.33-100x100.jpeg 100w\" sizes=\"(max-width: 300px) 100vw, 300px\" \/><\/a>\n\t\t\t<\/dt><\/dl><dl class='gallery-item'>\n\t\t\t<dt class='gallery-icon portrait'>\n\t\t\t\t<a href='https:\/\/franciscanos.org.br\/noticias\/wp-content\/uploads\/2025\/03\/WhatsApp-Image-2025-03-24-at-17.57.06.jpeg'><img width=\"300\" height=\"300\" src=\"https:\/\/franciscanos.org.br\/noticias\/wp-content\/uploads\/2025\/03\/WhatsApp-Image-2025-03-24-at-17.57.06-300x300.jpeg\" class=\"attachment-thumbnail size-thumbnail\" alt=\"\" loading=\"lazy\" srcset=\"https:\/\/franciscanos.org.br\/noticias\/wp-content\/uploads\/2025\/03\/WhatsApp-Image-2025-03-24-at-17.57.06-300x300.jpeg 300w, https:\/\/franciscanos.org.br\/noticias\/wp-content\/uploads\/2025\/03\/WhatsApp-Image-2025-03-24-at-17.57.06-100x100.jpeg 100w\" sizes=\"(max-width: 300px) 100vw, 300px\" \/><\/a>\n\t\t\t<\/dt><\/dl><br style=\"clear: both\" \/>\n\t\t<\/div>\n\n<p class=\"\" data-start=\"511\" data-end=\"717\"><img loading=\"lazy\" class=\"alignright wp-image-255608 size-thumbnail\" src=\"https:\/\/franciscanos.org.br\/noticias\/wp-content\/uploads\/2025\/03\/WhatsApp-Image-2025-03-24-at-17.58.06-1-300x300.jpeg\" alt=\"\" width=\"300\" height=\"300\" srcset=\"https:\/\/franciscanos.org.br\/noticias\/wp-content\/uploads\/2025\/03\/WhatsApp-Image-2025-03-24-at-17.58.06-1-300x300.jpeg 300w, https:\/\/franciscanos.org.br\/noticias\/wp-content\/uploads\/2025\/03\/WhatsApp-Image-2025-03-24-at-17.58.06-1-100x100.jpeg 100w\" sizes=\"(max-width: 300px) 100vw, 300px\" \/>A feira atraiu um grande n\u00famero de fi\u00e9is, que tiveram acesso a diversos servi\u00e7os de sa\u00fade gratuitos, oferecidos por m\u00e9dicos, enfermeiros, analistas e outros profissionais especializados em diversas \u00e1reas.<\/p>\n<p class=\"\" data-start=\"719\" data-end=\"850\">Entre os atendimentos disponibilizados estavam consultas em cl\u00ednica geral e pediatria, testagens para mal\u00e1ria e servi\u00e7os de farm\u00e1cia.<\/p>\n<p class=\"\" data-start=\"852\" data-end=\"1151\">Al\u00e9m disso, a feira contou com uma palestra de conscientiza\u00e7\u00e3o sobre a mal\u00e1ria e a c\u00f3lera, doen\u00e7as com alta taxa de preval\u00eancia no munic\u00edpio de Mulenvos. A participa\u00e7\u00e3o ativa da comunidade foi essencial para refor\u00e7ar a import\u00e2ncia das medidas de preven\u00e7\u00e3o em sa\u00fade p\u00fablica e dos cuidados pessoais.<\/p>\n<p class=\"\" data-start=\"1153\" data-end=\"1372\">Mais do que um simples evento de atendimento m\u00e9dico, a feira serviu como um espa\u00e7o de encontro e troca de informa\u00e7\u00f5es, contribuindo para o fortalecimento dos la\u00e7os comunit\u00e1rios e para a promo\u00e7\u00e3o do bem-estar coletivo.<\/p>\n<p class=\"\" data-start=\"1374\" data-end=\"1522\">Ao final, Frei Jo\u00e3o Alberto Bunga, p\u00e1roco da par\u00f3quia, agradeceu \u00e0 equipe de sa\u00fade em nome dos franciscanos, seguido de uma confraterniza\u00e7\u00e3o.<\/p>\n<hr \/>\n<p data-start=\"1524\" data-end=\"1568\"><em data-start=\"1524\" data-end=\"1566\">Horvanda Rodrigues &#8211; Pascom<\/em><\/p>\n","protected":false},"excerpt":{"rendered":"<p>M\u00eas da Mulher na FIMDA<\/p>\n","protected":false},"author":11,"featured_media":255604,"comment_status":"open","ping_status":"open","sticky":false,"template":"","format":"standard","meta":[],"categories":[1],"tags":[195,2316],"acf":[],"yoast_head":"<!-- This site is optimized with the Yoast SEO plugin v19.2 - https:\/\/yoast.com\/wordpress\/plugins\/seo\/ -->\n<title>Frades da FIMDA organizam feira de sa\u00fade em homenagem ao M\u00eas da Mulher - Not\u00edcias - Franciscanos<\/title>\n<meta name=\"robots\" content=\"index, follow, max-snippet:-1, max-image-preview:large, max-video-preview:-1\" \/>\n<link rel=\"canonical\" href=\"https:\/\/franciscanos.org.br\/noticias\/fimda-realiza-feira-de-saude-em-homenagem-ao-mes-da-mulher.html\" \/>\n<meta property=\"og:locale\" content=\"pt_BR\" \/>\n<meta property=\"og:type\" content=\"article\" \/>\n<meta property=\"og:title\" content=\"Frades da FIMDA organizam feira de sa\u00fade em homenagem ao M\u00eas da Mulher - Not\u00edcias - Franciscanos\" \/>\n<meta property=\"og:description\" content=\"M\u00eas da Mulher na FIMDA\" \/>\n<meta property=\"og:url\" content=\"https:\/\/franciscanos.org.br\/noticias\/fimda-realiza-feira-de-saude-em-homenagem-ao-mes-da-mulher.html\" \/>\n<meta property=\"og:site_name\" content=\"Not\u00edcias - Franciscanos\" \/>\n<meta property=\"article:published_time\" content=\"2025-03-25T15:32:40+00:00\" \/>\n<meta property=\"article:modified_time\" content=\"2025-03-25T15:42:52+00:00\" \/>\n<meta property=\"og:image\" content=\"https:\/\/franciscanos.org.br\/noticias\/wp-content\/uploads\/2025\/03\/fimda-chamada-mulher.png\" \/>\n\t<meta property=\"og:image:width\" content=\"800\" \/>\n\t<meta property=\"og:image:height\" content=\"550\" \/>\n\t<meta property=\"og:image:type\" content=\"image\/png\" \/>\n<meta name=\"author\" content=\"Adriana Rabelo\" \/>\n<meta name=\"twitter:card\" content=\"summary_large_image\" \/>\n<meta name=\"twitter:label1\" content=\"Escrito por\" \/>\n\t<meta name=\"twitter:data1\" content=\"Adriana Rabelo\" \/>\n\t<meta name=\"twitter:label2\" content=\"Est. tempo de leitura\" \/>\n\t<meta name=\"twitter:data2\" content=\"1 minuto\" \/>\n<script type=\"application\/ld+json\" class=\"yoast-schema-graph\">{\"@context\":\"https:\/\/schema.org\",\"@graph\":[{\"@type\":\"WebSite\",\"@id\":\"https:\/\/franciscanos.org.br\/noticias\/#website\",\"url\":\"https:\/\/franciscanos.org.br\/noticias\/\",\"name\":\"Not\u00edcias - Franciscanos\",\"description\":\"Prov\u00edncia Franciscana da Imaculada Concei\u00e7\u00e3o do Brasil - Ordem dos Frades Menores - OFM\",\"potentialAction\":[{\"@type\":\"SearchAction\",\"target\":{\"@type\":\"EntryPoint\",\"urlTemplate\":\"https:\/\/franciscanos.org.br\/noticias\/?s={search_term_string}\"},\"query-input\":\"required name=search_term_string\"}],\"inLanguage\":\"pt-BR\"},{\"@type\":\"ImageObject\",\"inLanguage\":\"pt-BR\",\"@id\":\"https:\/\/franciscanos.org.br\/noticias\/fimda-realiza-feira-de-saude-em-homenagem-ao-mes-da-mulher.html#primaryimage\",\"url\":\"https:\/\/franciscanos.org.br\/noticias\/wp-content\/uploads\/2025\/03\/fimda-chamada-mulher.png\",\"contentUrl\":\"https:\/\/franciscanos.org.br\/noticias\/wp-content\/uploads\/2025\/03\/fimda-chamada-mulher.png\",\"width\":800,\"height\":550},{\"@type\":\"WebPage\",\"@id\":\"https:\/\/franciscanos.org.br\/noticias\/fimda-realiza-feira-de-saude-em-homenagem-ao-mes-da-mulher.html#webpage\",\"url\":\"https:\/\/franciscanos.org.br\/noticias\/fimda-realiza-feira-de-saude-em-homenagem-ao-mes-da-mulher.html\",\"name\":\"Frades da FIMDA organizam feira de sa\u00fade em homenagem ao M\u00eas da Mulher - Not\u00edcias - Franciscanos\",\"isPartOf\":{\"@id\":\"https:\/\/franciscanos.org.br\/noticias\/#website\"},\"primaryImageOfPage\":{\"@id\":\"https:\/\/franciscanos.org.br\/noticias\/fimda-realiza-feira-de-saude-em-homenagem-ao-mes-da-mulher.html#primaryimage\"},\"datePublished\":\"2025-03-25T15:32:40+00:00\",\"dateModified\":\"2025-03-25T15:42:52+00:00\",\"author\":{\"@id\":\"https:\/\/franciscanos.org.br\/noticias\/#\/schema\/person\/d9422e83121c3ad3b0f423d195f5bb25\"},\"breadcrumb\":{\"@id\":\"https:\/\/franciscanos.org.br\/noticias\/fimda-realiza-feira-de-saude-em-homenagem-ao-mes-da-mulher.html#breadcrumb\"},\"inLanguage\":\"pt-BR\",\"potentialAction\":[{\"@type\":\"ReadAction\",\"target\":[\"https:\/\/franciscanos.org.br\/noticias\/fimda-realiza-feira-de-saude-em-homenagem-ao-mes-da-mulher.html\"]}]},{\"@type\":\"BreadcrumbList\",\"@id\":\"https:\/\/franciscanos.org.br\/noticias\/fimda-realiza-feira-de-saude-em-homenagem-ao-mes-da-mulher.html#breadcrumb\",\"itemListElement\":[{\"@type\":\"ListItem\",\"position\":1,\"name\":\"Home\",\"item\":\"https:\/\/franciscanos.org.br\/noticias\"},{\"@type\":\"ListItem\",\"position\":2,\"name\":\"Frades da FIMDA organizam feira de sa\u00fade em homenagem ao M\u00eas da Mulher\"}]},{\"@type\":\"Person\",\"@id\":\"https:\/\/franciscanos.org.br\/noticias\/#\/schema\/person\/d9422e83121c3ad3b0f423d195f5bb25\",\"name\":\"Adriana Rabelo\",\"image\":{\"@type\":\"ImageObject\",\"inLanguage\":\"pt-BR\",\"@id\":\"https:\/\/franciscanos.org.br\/noticias\/#\/schema\/person\/image\/\",\"url\":\"https:\/\/secure.gravatar.com\/avatar\/0a937b7500cd7df77540cfb8bede877d?s=96&d=mm&r=g\",\"contentUrl\":\"https:\/\/secure.gravatar.com\/avatar\/0a937b7500cd7df77540cfb8bede877d?s=96&d=mm&r=g\",\"caption\":\"Adriana Rabelo\"},\"url\":\"https:\/\/franciscanos.org.br\/noticias\/author\/adrianarabelo\"}]}<\/script>\n<!-- \/ Yoast SEO plugin. -->","yoast_head_json":{"title":"Frades da FIMDA organizam feira de sa\u00fade em homenagem ao M\u00eas da Mulher - Not\u00edcias - Franciscanos","robots":{"index":"index","follow":"follow","max-snippet":"max-snippet:-1","max-image-preview":"max-image-preview:large","max-video-preview":"max-video-preview:-1"},"canonical":"https:\/\/franciscanos.org.br\/noticias\/fimda-realiza-feira-de-saude-em-homenagem-ao-mes-da-mulher.html","og_locale":"pt_BR","og_type":"article","og_title":"Frades da FIMDA organizam feira de sa\u00fade em homenagem ao M\u00eas da Mulher - Not\u00edcias - Franciscanos","og_description":"M\u00eas da Mulher na FIMDA","og_url":"https:\/\/franciscanos.org.br\/noticias\/fimda-realiza-feira-de-saude-em-homenagem-ao-mes-da-mulher.html","og_site_name":"Not\u00edcias - Franciscanos","article_published_time":"2025-03-25T15:32:40+00:00","article_modified_time":"2025-03-25T15:42:52+00:00","og_image":[{"width":800,"height":550,"url":"https:\/\/franciscanos.org.br\/noticias\/wp-content\/uploads\/2025\/03\/fimda-chamada-mulher.png","type":"image\/png"}],"author":"Adriana Rabelo","twitter_card":"summary_large_image","twitter_misc":{"Escrito por":"Adriana Rabelo","Est. tempo de leitura":"1 minuto"},"schema":{"@context":"https:\/\/schema.org","@graph":[{"@type":"WebSite","@id":"https:\/\/franciscanos.org.br\/noticias\/#website","url":"https:\/\/franciscanos.org.br\/noticias\/","name":"Not\u00edcias - Franciscanos","description":"Prov\u00edncia Franciscana da Imaculada Concei\u00e7\u00e3o do Brasil - Ordem dos Frades Menores - OFM","potentialAction":[{"@type":"SearchAction","target":{"@type":"EntryPoint","urlTemplate":"https:\/\/franciscanos.org.br\/noticias\/?s={search_term_string}"},"query-input":"required name=search_term_string"}],"inLanguage":"pt-BR"},{"@type":"ImageObject","inLanguage":"pt-BR","@id":"https:\/\/franciscanos.org.br\/noticias\/fimda-realiza-feira-de-saude-em-homenagem-ao-mes-da-mulher.html#primaryimage","url":"https:\/\/franciscanos.org.br\/noticias\/wp-content\/uploads\/2025\/03\/fimda-chamada-mulher.png","contentUrl":"https:\/\/franciscanos.org.br\/noticias\/wp-content\/uploads\/2025\/03\/fimda-chamada-mulher.png","width":800,"height":550},{"@type":"WebPage","@id":"https:\/\/franciscanos.org.br\/noticias\/fimda-realiza-feira-de-saude-em-homenagem-ao-mes-da-mulher.html#webpage","url":"https:\/\/franciscanos.org.br\/noticias\/fimda-realiza-feira-de-saude-em-homenagem-ao-mes-da-mulher.html","name":"Frades da FIMDA organizam feira de sa\u00fade em homenagem ao M\u00eas da Mulher - Not\u00edcias - Franciscanos","isPartOf":{"@id":"https:\/\/franciscanos.org.br\/noticias\/#website"},"primaryImageOfPage":{"@id":"https:\/\/franciscanos.org.br\/noticias\/fimda-realiza-feira-de-saude-em-homenagem-ao-mes-da-mulher.html#primaryimage"},"datePublished":"2025-03-25T15:32:40+00:00","dateModified":"2025-03-25T15:42:52+00:00","author":{"@id":"https:\/\/franciscanos.org.br\/noticias\/#\/schema\/person\/d9422e83121c3ad3b0f423d195f5bb25"},"breadcrumb":{"@id":"https:\/\/franciscanos.org.br\/noticias\/fimda-realiza-feira-de-saude-em-homenagem-ao-mes-da-mulher.html#breadcrumb"},"inLanguage":"pt-BR","potentialAction":[{"@type":"ReadAction","target":["https:\/\/franciscanos.org.br\/noticias\/fimda-realiza-feira-de-saude-em-homenagem-ao-mes-da-mulher.html"]}]},{"@type":"BreadcrumbList","@id":"https:\/\/franciscanos.org.br\/noticias\/fimda-realiza-feira-de-saude-em-homenagem-ao-mes-da-mulher.html#breadcrumb","itemListElement":[{"@type":"ListItem","position":1,"name":"Home","item":"https:\/\/franciscanos.org.br\/noticias"},{"@type":"ListItem","position":2,"name":"Frades da FIMDA organizam feira de sa\u00fade em homenagem ao M\u00eas da Mulher"}]},{"@type":"Person","@id":"https:\/\/franciscanos.org.br\/noticias\/#\/schema\/person\/d9422e83121c3ad3b0f423d195f5bb25","name":"Adriana Rabelo","image":{"@type":"ImageObject","inLanguage":"pt-BR","@id":"https:\/\/franciscanos.org.br\/noticias\/#\/schema\/person\/image\/","url":"https:\/\/secure.gravatar.com\/avatar\/0a937b7500cd7df77540cfb8bede877d?s=96&d=mm&r=g","contentUrl":"https:\/\/secure.gravatar.com\/avatar\/0a937b7500cd7df77540cfb8bede877d?s=96&d=mm&r=g","caption":"Adriana Rabelo"},"url":"https:\/\/franciscanos.org.br\/noticias\/author\/adrianarabelo"}]}},"_links":{"self":[{"href":"https:\/\/franciscanos.org.br\/noticias\/wp-json\/wp\/v2\/posts\/255596"}],"collection":[{"href":"https:\/\/franciscanos.org.br\/noticias\/wp-json\/wp\/v2\/posts"}],"about":[{"href":"https:\/\/franciscanos.org.br\/noticias\/wp-json\/wp\/v2\/types\/post"}],"author":[{"embeddable":true,"href":"https:\/\/franciscanos.org.br\/noticias\/wp-json\/wp\/v2\/users\/11"}],"replies":[{"embeddable":true,"href":"https:\/\/franciscanos.org.br\/noticias\/wp-json\/wp\/v2\/comments?post=255596"}],"version-history":[{"count":6,"href":"https:\/\/franciscanos.org.br\/noticias\/wp-json\/wp\/v2\/posts\/255596\/revisions"}],"predecessor-version":[{"id":255611,"href":"https:\/\/franciscanos.org.br\/noticias\/wp-json\/wp\/v2\/posts\/255596\/revisions\/255611"}],"wp:featuredmedia":[{"embeddable":true,"href":"https:\/\/franciscanos.org.br\/noticias\/wp-json\/wp\/v2\/media\/255604"}],"wp:attachment":[{"href":"https:\/\/franciscanos.org.br\/noticias\/wp-json\/wp\/v2\/media?parent=255596"}],"wp:term":[{"taxonomy":"category","embeddable":true,"href":"https:\/\/franciscanos.org.br\/noticias\/wp-json\/wp\/v2\/categories?post=255596"},{"taxonomy":"post_tag","embeddable":true,"href":"https:\/\/franciscanos.org.br\/noticias\/wp-json\/wp\/v2\/tags?post=255596"}],"curies":[{"name":"wp","href":"https:\/\/api.w.org\/{rel}","templated":true}]}}