{"id":255590,"date":"2025-03-21T12:03:22","date_gmt":"2025-03-21T15:03:22","guid":{"rendered":"https:\/\/franciscanos.org.br\/noticias\/?p=255590"},"modified":"2025-03-21T12:03:22","modified_gmt":"2025-03-21T15:03:22","slug":"frades-do-regional-vale-do-itajai-e-leste-catarinense-se-reunem-em-rodeio","status":"publish","type":"post","link":"https:\/\/franciscanos.org.br\/noticias\/frades-do-regional-vale-do-itajai-e-leste-catarinense-se-reunem-em-rodeio.html","title":{"rendered":"Frades do Regional Vale do Itaja\u00ed e Leste Catarinense se re\u00fanem em Rodeio"},"content":{"rendered":"<p><img loading=\"lazy\" class=\"aligncenter wp-image-255591 size-full\" src=\"https:\/\/franciscanos.org.br\/noticias\/wp-content\/uploads\/2025\/03\/MATERIA.png\" alt=\"\" width=\"1280\" height=\"720\" srcset=\"https:\/\/franciscanos.org.br\/noticias\/wp-content\/uploads\/2025\/03\/MATERIA.png 1280w, https:\/\/franciscanos.org.br\/noticias\/wp-content\/uploads\/2025\/03\/MATERIA-450x253.png 450w, https:\/\/franciscanos.org.br\/noticias\/wp-content\/uploads\/2025\/03\/MATERIA-1024x576.png 1024w, https:\/\/franciscanos.org.br\/noticias\/wp-content\/uploads\/2025\/03\/MATERIA-768x432.png 768w, https:\/\/franciscanos.org.br\/noticias\/wp-content\/uploads\/2025\/03\/MATERIA-150x84.png 150w\" sizes=\"(max-width: 1280px) 100vw, 1280px\" \/><\/p>\n<p>Nos dias 17 e 18 de mar\u00e7o de 2025, realizou-se o primeiro Encontro do Regional Vale do Itaja\u00ed e Leste Catarinense, em Rodeio (SC). O encontro contou com a participa\u00e7\u00e3o das fraternidades de Florian\u00f3polis, Santo Amaro da Imperatriz, Balne\u00e1rio Cambori\u00fa, Gaspar, Blumenau, Rodeio e Ituporanga, do Definidor provincial, Frei Robson Luiz Scudela e do Ministro provincial, Frei Paulo Roberto Pereira.<\/p>\n<p>No dia 17 de mar\u00e7o, iniciou-se o encontro com o conv\u00edvio fraterno e almo\u00e7o na Fraternidade de Rodeio. \u00c0 tarde, ap\u00f3s a ora\u00e7\u00e3o sobre os 800 anos do Jubileu do C\u00e2ntico das Criaturas, Frei Paulo Pereira falou da import\u00e2ncia do texto do Ministro Geral, Frei Massimo Fusarelli: \u201cIrm\u00e3os e Menores Hoje &#8211; A Ordem neste tempo\u201d, para reavivar o nosso carisma e a nossa miss\u00e3o evangelizadora. Em grupos, os frades lerem e refletiram o texto e partilharem suas impress\u00f5es, acentuando o cuidado com a vida fraterna, a qualidade da comunica\u00e7\u00e3o entre n\u00f3s, a obedi\u00eancia ao Evangelho \u2013 n\u00facleo da nossa forma de vida, a vida de ora\u00e7\u00e3o e contempla\u00e7\u00e3o, em vista da miss\u00e3o com e entre os pobres.<\/p>\n<p><img loading=\"lazy\" class=\"size-full wp-image-255592 alignright\" src=\"https:\/\/franciscanos.org.br\/noticias\/wp-content\/uploads\/2025\/03\/IMG_2137-450x338-1.jpg\" alt=\"\" width=\"450\" height=\"338\" srcset=\"https:\/\/franciscanos.org.br\/noticias\/wp-content\/uploads\/2025\/03\/IMG_2137-450x338-1.jpg 450w, https:\/\/franciscanos.org.br\/noticias\/wp-content\/uploads\/2025\/03\/IMG_2137-450x338-1-150x113.jpg 150w\" sizes=\"(max-width: 450px) 100vw, 450px\" \/>Em seguida, procedeu-se com a elei\u00e7\u00e3o dos servi\u00e7os de anima\u00e7\u00e3o do Regional para o tri\u00eanio (2025 a 2027). Foram eleitos os seguintes irm\u00e3os: Frei Jo\u00e3o Francisco da Silva (coordenador), Frei Moacir Ant\u00f4nio Longo (vice coordenador), Frei M\u00e1rio Jos\u00e9 Knapik (secret\u00e1rio), Frei Josemberg Cardozo Aranha (vice-secret\u00e1rio).<\/p>\n<p>Na sequ\u00eancia, o Ministro provincial\u00a0 destacou o vigor dos frades novos que chegaram no Regional, a participa\u00e7\u00e3o dos frades e leigos na Caminhada Penitencial Frei Bruno, ocorrida no dia 16 de mar\u00e7o, em Joa\u00e7aba, a Caminhada Franciscana das Juventudes, que ser\u00e1 realizada de 18 a 20 de julho em Coronel Freitas e Xaxim, a necessidade de uma maior integra\u00e7\u00e3o dos frades entre as Frentes de Evangeliza\u00e7\u00e3o da Prov\u00edncia, a dedica\u00e7\u00e3o ao servi\u00e7o de anima\u00e7\u00e3o vocacional, o valor das fraternidades curativas e saud\u00e1veis, a participa\u00e7\u00e3o nos retiros provinciais e nas celebra\u00e7\u00f5es dos Jubileus. \u00c0 noite, os frades participaram do jantar e encontro fraterno.<\/p>\n<p>O segundo dia do encontro come\u00e7ou com a missa, Laudes e caf\u00e9 da manh\u00e3. Em seguida, os frades se reuniram no sal\u00e3o paroquial para uma reflex\u00e3o sobre a Campanha da Fraternidade de 2025. Frei Paulo Cesar Magalh\u00e3es Borges discorreu sobre o tema da Ecologia Integral, incentivando os frades a serem criativos no cuidado com a Casa Comum. Frei Luiz Fl\u00e1vio Cappio salientou que a Ecologia Integral n\u00e3o se preocupa apenas com o meio ambiente, mas com as quest\u00f5es de ordem econ\u00f4mica, pol\u00edtica, social, religiosa e familiar. Trata-se de uma tem\u00e1tica abrangente e instigante que necessita ser enfrentada por todas as pessoas e esferas da sociedade em prol da defesa da vida de todas as criaturas de Deus que coabitam o planeta Terra. Prosseguiu-se o encontro com um momento de partilha da vida e miss\u00e3o das Fraternidades, bem como da programa\u00e7\u00e3o dos pr\u00f3ximos encontros do Regional: dias 11 e 12 de agosto, em Ituporanga \u2013 Semin\u00e1rio e, no dia 17 de novembro, em Balne\u00e1rio Cambori\u00fa.<\/p>\n<p>O novo coordenador do Regional, Frei Jo\u00e3o Francisco, agradeceu a presen\u00e7a de todos os confrades e conduziu um momento de ora\u00e7\u00e3o, seguido da b\u00ean\u00e7\u00e3o, encontro fraterno e almo\u00e7o a todos.<\/p>\n<hr \/>\n<p><em>Frei M\u00e1rio Jos\u00e9 Knapik<\/em><\/p>\n<p>&nbsp;<\/p>\n","protected":false},"excerpt":{"rendered":"<p>Encontro Regional<\/p>\n","protected":false},"author":11,"featured_media":255593,"comment_status":"open","ping_status":"open","sticky":false,"template":"","format":"standard","meta":[],"categories":[1],"tags":[2314,2315,620],"acf":[],"yoast_head":"<!-- This site is optimized with the Yoast SEO plugin v19.2 - https:\/\/yoast.com\/wordpress\/plugins\/seo\/ -->\n<title>Frades do Regional Vale do Itaja\u00ed e Leste Catarinense se re\u00fanem em Rodeio - Not\u00edcias - Franciscanos<\/title>\n<meta name=\"robots\" content=\"index, follow, max-snippet:-1, max-image-preview:large, max-video-preview:-1\" \/>\n<link rel=\"canonical\" href=\"https:\/\/franciscanos.org.br\/noticias\/frades-do-regional-vale-do-itajai-e-leste-catarinense-se-reunem-em-rodeio.html\" \/>\n<meta property=\"og:locale\" content=\"pt_BR\" \/>\n<meta property=\"og:type\" content=\"article\" \/>\n<meta property=\"og:title\" content=\"Frades do Regional Vale do Itaja\u00ed e Leste Catarinense se re\u00fanem em Rodeio - Not\u00edcias - Franciscanos\" \/>\n<meta property=\"og:description\" content=\"Encontro Regional\" \/>\n<meta property=\"og:url\" content=\"https:\/\/franciscanos.org.br\/noticias\/frades-do-regional-vale-do-itajai-e-leste-catarinense-se-reunem-em-rodeio.html\" \/>\n<meta property=\"og:site_name\" content=\"Not\u00edcias - Franciscanos\" \/>\n<meta property=\"article:published_time\" content=\"2025-03-21T15:03:22+00:00\" \/>\n<meta property=\"og:image\" content=\"https:\/\/franciscanos.org.br\/noticias\/wp-content\/uploads\/2025\/03\/Sem-Titulo-3.png\" \/>\n\t<meta property=\"og:image:width\" content=\"800\" \/>\n\t<meta property=\"og:image:height\" content=\"550\" \/>\n\t<meta property=\"og:image:type\" content=\"image\/png\" \/>\n<meta name=\"author\" content=\"Adriana Rabelo\" \/>\n<meta name=\"twitter:card\" content=\"summary_large_image\" \/>\n<meta name=\"twitter:label1\" content=\"Escrito por\" \/>\n\t<meta name=\"twitter:data1\" content=\"Adriana Rabelo\" \/>\n\t<meta name=\"twitter:label2\" content=\"Est. tempo de leitura\" \/>\n\t<meta name=\"twitter:data2\" content=\"3 minutos\" \/>\n<script type=\"application\/ld+json\" class=\"yoast-schema-graph\">{\"@context\":\"https:\/\/schema.org\",\"@graph\":[{\"@type\":\"WebSite\",\"@id\":\"https:\/\/franciscanos.org.br\/noticias\/#website\",\"url\":\"https:\/\/franciscanos.org.br\/noticias\/\",\"name\":\"Not\u00edcias - Franciscanos\",\"description\":\"Prov\u00edncia Franciscana da Imaculada Concei\u00e7\u00e3o do Brasil - Ordem dos Frades Menores - OFM\",\"potentialAction\":[{\"@type\":\"SearchAction\",\"target\":{\"@type\":\"EntryPoint\",\"urlTemplate\":\"https:\/\/franciscanos.org.br\/noticias\/?s={search_term_string}\"},\"query-input\":\"required name=search_term_string\"}],\"inLanguage\":\"pt-BR\"},{\"@type\":\"ImageObject\",\"inLanguage\":\"pt-BR\",\"@id\":\"https:\/\/franciscanos.org.br\/noticias\/frades-do-regional-vale-do-itajai-e-leste-catarinense-se-reunem-em-rodeio.html#primaryimage\",\"url\":\"https:\/\/franciscanos.org.br\/noticias\/wp-content\/uploads\/2025\/03\/Sem-Titulo-3.png\",\"contentUrl\":\"https:\/\/franciscanos.org.br\/noticias\/wp-content\/uploads\/2025\/03\/Sem-Titulo-3.png\",\"width\":800,\"height\":550},{\"@type\":\"WebPage\",\"@id\":\"https:\/\/franciscanos.org.br\/noticias\/frades-do-regional-vale-do-itajai-e-leste-catarinense-se-reunem-em-rodeio.html#webpage\",\"url\":\"https:\/\/franciscanos.org.br\/noticias\/frades-do-regional-vale-do-itajai-e-leste-catarinense-se-reunem-em-rodeio.html\",\"name\":\"Frades do Regional Vale do Itaja\u00ed e Leste Catarinense se re\u00fanem em Rodeio - Not\u00edcias - Franciscanos\",\"isPartOf\":{\"@id\":\"https:\/\/franciscanos.org.br\/noticias\/#website\"},\"primaryImageOfPage\":{\"@id\":\"https:\/\/franciscanos.org.br\/noticias\/frades-do-regional-vale-do-itajai-e-leste-catarinense-se-reunem-em-rodeio.html#primaryimage\"},\"datePublished\":\"2025-03-21T15:03:22+00:00\",\"dateModified\":\"2025-03-21T15:03:22+00:00\",\"author\":{\"@id\":\"https:\/\/franciscanos.org.br\/noticias\/#\/schema\/person\/d9422e83121c3ad3b0f423d195f5bb25\"},\"breadcrumb\":{\"@id\":\"https:\/\/franciscanos.org.br\/noticias\/frades-do-regional-vale-do-itajai-e-leste-catarinense-se-reunem-em-rodeio.html#breadcrumb\"},\"inLanguage\":\"pt-BR\",\"potentialAction\":[{\"@type\":\"ReadAction\",\"target\":[\"https:\/\/franciscanos.org.br\/noticias\/frades-do-regional-vale-do-itajai-e-leste-catarinense-se-reunem-em-rodeio.html\"]}]},{\"@type\":\"BreadcrumbList\",\"@id\":\"https:\/\/franciscanos.org.br\/noticias\/frades-do-regional-vale-do-itajai-e-leste-catarinense-se-reunem-em-rodeio.html#breadcrumb\",\"itemListElement\":[{\"@type\":\"ListItem\",\"position\":1,\"name\":\"Home\",\"item\":\"https:\/\/franciscanos.org.br\/noticias\"},{\"@type\":\"ListItem\",\"position\":2,\"name\":\"Frades do Regional Vale do Itaja\u00ed e Leste Catarinense se re\u00fanem em Rodeio\"}]},{\"@type\":\"Person\",\"@id\":\"https:\/\/franciscanos.org.br\/noticias\/#\/schema\/person\/d9422e83121c3ad3b0f423d195f5bb25\",\"name\":\"Adriana Rabelo\",\"image\":{\"@type\":\"ImageObject\",\"inLanguage\":\"pt-BR\",\"@id\":\"https:\/\/franciscanos.org.br\/noticias\/#\/schema\/person\/image\/\",\"url\":\"https:\/\/secure.gravatar.com\/avatar\/0a937b7500cd7df77540cfb8bede877d?s=96&d=mm&r=g\",\"contentUrl\":\"https:\/\/secure.gravatar.com\/avatar\/0a937b7500cd7df77540cfb8bede877d?s=96&d=mm&r=g\",\"caption\":\"Adriana Rabelo\"},\"url\":\"https:\/\/franciscanos.org.br\/noticias\/author\/adrianarabelo\"}]}<\/script>\n<!-- \/ Yoast SEO plugin. -->","yoast_head_json":{"title":"Frades do Regional Vale do Itaja\u00ed e Leste Catarinense se re\u00fanem em Rodeio - Not\u00edcias - Franciscanos","robots":{"index":"index","follow":"follow","max-snippet":"max-snippet:-1","max-image-preview":"max-image-preview:large","max-video-preview":"max-video-preview:-1"},"canonical":"https:\/\/franciscanos.org.br\/noticias\/frades-do-regional-vale-do-itajai-e-leste-catarinense-se-reunem-em-rodeio.html","og_locale":"pt_BR","og_type":"article","og_title":"Frades do Regional Vale do Itaja\u00ed e Leste Catarinense se re\u00fanem em Rodeio - Not\u00edcias - Franciscanos","og_description":"Encontro Regional","og_url":"https:\/\/franciscanos.org.br\/noticias\/frades-do-regional-vale-do-itajai-e-leste-catarinense-se-reunem-em-rodeio.html","og_site_name":"Not\u00edcias - Franciscanos","article_published_time":"2025-03-21T15:03:22+00:00","og_image":[{"width":800,"height":550,"url":"https:\/\/franciscanos.org.br\/noticias\/wp-content\/uploads\/2025\/03\/Sem-Titulo-3.png","type":"image\/png"}],"author":"Adriana Rabelo","twitter_card":"summary_large_image","twitter_misc":{"Escrito por":"Adriana Rabelo","Est. tempo de leitura":"3 minutos"},"schema":{"@context":"https:\/\/schema.org","@graph":[{"@type":"WebSite","@id":"https:\/\/franciscanos.org.br\/noticias\/#website","url":"https:\/\/franciscanos.org.br\/noticias\/","name":"Not\u00edcias - Franciscanos","description":"Prov\u00edncia Franciscana da Imaculada Concei\u00e7\u00e3o do Brasil - Ordem dos Frades Menores - OFM","potentialAction":[{"@type":"SearchAction","target":{"@type":"EntryPoint","urlTemplate":"https:\/\/franciscanos.org.br\/noticias\/?s={search_term_string}"},"query-input":"required name=search_term_string"}],"inLanguage":"pt-BR"},{"@type":"ImageObject","inLanguage":"pt-BR","@id":"https:\/\/franciscanos.org.br\/noticias\/frades-do-regional-vale-do-itajai-e-leste-catarinense-se-reunem-em-rodeio.html#primaryimage","url":"https:\/\/franciscanos.org.br\/noticias\/wp-content\/uploads\/2025\/03\/Sem-Titulo-3.png","contentUrl":"https:\/\/franciscanos.org.br\/noticias\/wp-content\/uploads\/2025\/03\/Sem-Titulo-3.png","width":800,"height":550},{"@type":"WebPage","@id":"https:\/\/franciscanos.org.br\/noticias\/frades-do-regional-vale-do-itajai-e-leste-catarinense-se-reunem-em-rodeio.html#webpage","url":"https:\/\/franciscanos.org.br\/noticias\/frades-do-regional-vale-do-itajai-e-leste-catarinense-se-reunem-em-rodeio.html","name":"Frades do Regional Vale do Itaja\u00ed e Leste Catarinense se re\u00fanem em Rodeio - Not\u00edcias - Franciscanos","isPartOf":{"@id":"https:\/\/franciscanos.org.br\/noticias\/#website"},"primaryImageOfPage":{"@id":"https:\/\/franciscanos.org.br\/noticias\/frades-do-regional-vale-do-itajai-e-leste-catarinense-se-reunem-em-rodeio.html#primaryimage"},"datePublished":"2025-03-21T15:03:22+00:00","dateModified":"2025-03-21T15:03:22+00:00","author":{"@id":"https:\/\/franciscanos.org.br\/noticias\/#\/schema\/person\/d9422e83121c3ad3b0f423d195f5bb25"},"breadcrumb":{"@id":"https:\/\/franciscanos.org.br\/noticias\/frades-do-regional-vale-do-itajai-e-leste-catarinense-se-reunem-em-rodeio.html#breadcrumb"},"inLanguage":"pt-BR","potentialAction":[{"@type":"ReadAction","target":["https:\/\/franciscanos.org.br\/noticias\/frades-do-regional-vale-do-itajai-e-leste-catarinense-se-reunem-em-rodeio.html"]}]},{"@type":"BreadcrumbList","@id":"https:\/\/franciscanos.org.br\/noticias\/frades-do-regional-vale-do-itajai-e-leste-catarinense-se-reunem-em-rodeio.html#breadcrumb","itemListElement":[{"@type":"ListItem","position":1,"name":"Home","item":"https:\/\/franciscanos.org.br\/noticias"},{"@type":"ListItem","position":2,"name":"Frades do Regional Vale do Itaja\u00ed e Leste Catarinense se re\u00fanem em Rodeio"}]},{"@type":"Person","@id":"https:\/\/franciscanos.org.br\/noticias\/#\/schema\/person\/d9422e83121c3ad3b0f423d195f5bb25","name":"Adriana Rabelo","image":{"@type":"ImageObject","inLanguage":"pt-BR","@id":"https:\/\/franciscanos.org.br\/noticias\/#\/schema\/person\/image\/","url":"https:\/\/secure.gravatar.com\/avatar\/0a937b7500cd7df77540cfb8bede877d?s=96&d=mm&r=g","contentUrl":"https:\/\/secure.gravatar.com\/avatar\/0a937b7500cd7df77540cfb8bede877d?s=96&d=mm&r=g","caption":"Adriana Rabelo"},"url":"https:\/\/franciscanos.org.br\/noticias\/author\/adrianarabelo"}]}},"_links":{"self":[{"href":"https:\/\/franciscanos.org.br\/noticias\/wp-json\/wp\/v2\/posts\/255590"}],"collection":[{"href":"https:\/\/franciscanos.org.br\/noticias\/wp-json\/wp\/v2\/posts"}],"about":[{"href":"https:\/\/franciscanos.org.br\/noticias\/wp-json\/wp\/v2\/types\/post"}],"author":[{"embeddable":true,"href":"https:\/\/franciscanos.org.br\/noticias\/wp-json\/wp\/v2\/users\/11"}],"replies":[{"embeddable":true,"href":"https:\/\/franciscanos.org.br\/noticias\/wp-json\/wp\/v2\/comments?post=255590"}],"version-history":[{"count":2,"href":"https:\/\/franciscanos.org.br\/noticias\/wp-json\/wp\/v2\/posts\/255590\/revisions"}],"predecessor-version":[{"id":255595,"href":"https:\/\/franciscanos.org.br\/noticias\/wp-json\/wp\/v2\/posts\/255590\/revisions\/255595"}],"wp:featuredmedia":[{"embeddable":true,"href":"https:\/\/franciscanos.org.br\/noticias\/wp-json\/wp\/v2\/media\/255593"}],"wp:attachment":[{"href":"https:\/\/franciscanos.org.br\/noticias\/wp-json\/wp\/v2\/media?parent=255590"}],"wp:term":[{"taxonomy":"category","embeddable":true,"href":"https:\/\/franciscanos.org.br\/noticias\/wp-json\/wp\/v2\/categories?post=255590"},{"taxonomy":"post_tag","embeddable":true,"href":"https:\/\/franciscanos.org.br\/noticias\/wp-json\/wp\/v2\/tags?post=255590"}],"curies":[{"name":"wp","href":"https:\/\/api.w.org\/{rel}","templated":true}]}}