{"id":255569,"date":"2025-03-19T09:08:02","date_gmt":"2025-03-19T12:08:02","guid":{"rendered":"https:\/\/franciscanos.org.br\/noticias\/?p=255569"},"modified":"2025-03-19T09:08:02","modified_gmt":"2025-03-19T12:08:02","slug":"em-jesus-encontramos-a-esperanca-para-mudar-nossas-vidas","status":"publish","type":"post","link":"https:\/\/franciscanos.org.br\/noticias\/em-jesus-encontramos-a-esperanca-para-mudar-nossas-vidas.html","title":{"rendered":"Em Jesus encontramos a esperan\u00e7a para mudar nossas vidas"},"content":{"rendered":"<div id=\"attachment_255570\" style=\"width: 1290px\" class=\"wp-caption alignnone\"><img aria-describedby=\"caption-attachment-255570\" loading=\"lazy\" class=\"wp-image-255570 size-full\" src=\"https:\/\/franciscanos.org.br\/noticias\/wp-content\/uploads\/2025\/03\/MATERIA-AUDIENCIA-GERAL-19.03.jpg\" alt=\"\" width=\"1280\" height=\"720\" srcset=\"https:\/\/franciscanos.org.br\/noticias\/wp-content\/uploads\/2025\/03\/MATERIA-AUDIENCIA-GERAL-19.03.jpg 1280w, https:\/\/franciscanos.org.br\/noticias\/wp-content\/uploads\/2025\/03\/MATERIA-AUDIENCIA-GERAL-19.03-450x253.jpg 450w, https:\/\/franciscanos.org.br\/noticias\/wp-content\/uploads\/2025\/03\/MATERIA-AUDIENCIA-GERAL-19.03-1024x576.jpg 1024w, https:\/\/franciscanos.org.br\/noticias\/wp-content\/uploads\/2025\/03\/MATERIA-AUDIENCIA-GERAL-19.03-768x432.jpg 768w, https:\/\/franciscanos.org.br\/noticias\/wp-content\/uploads\/2025\/03\/MATERIA-AUDIENCIA-GERAL-19.03-150x84.jpg 150w\" sizes=\"(max-width: 1280px) 100vw, 1280px\" \/><p id=\"caption-attachment-255570\" class=\"wp-caption-text\">Papa Francisco na Sala Paulo VI &#8211; Foto arquivo<\/p><\/div>\n<p>No \u00e2mbito do Ciclo de Catequeses para este Jubileu 2025 sobre o tema, Jesus Cristo nossa Esperan\u00e7a, Francisco dedicou a sua reflex\u00e3o nesta quarta-feira a Nicodemos, na s\u00e9rie, \u201cA vida de Jesus. Os Encontros\u201d.<\/p>\n<p>Com esta catequese, &#8211; destaca Francisco no texto &#8211; come\u00e7amos a contemplar alguns encontros narrados nos Evangelhos, a fim de compreender a maneira com a qual Jesus d\u00e1 esperan\u00e7a. De fato, h\u00e1 encontros que iluminam a vida e trazem esperan\u00e7a.<\/p>\n<p>Francisco sublinha que pode acontecer, por exemplo, que algu\u00e9m nos ajude a ver de uma perspectiva diferente uma dificuldade ou um problema que estamos enfrentando; ou pode ocorrer que algu\u00e9m simplesmente nos d\u00ea uma palavra que n\u00e3o nos fa\u00e7a sentir sozinhos na dor pela qual estamos passando. \u00c0s vezes, tamb\u00e9m pode haver encontros silenciosos, em que nada \u00e9 dito, mas tamb\u00e9m esses momentos nos ajudam a retomar o caminho.<\/p>\n<p>E o primeiro encontro que o Papa evidencia \u00e9 o de Jesus com Nicodemos, narrado no cap\u00edtulo 3 do Evangelho de Jo\u00e3o.<\/p>\n<p>Nicodemos vai at\u00e9 Jesus \u00e0 noite: um hor\u00e1rio incomum para um encontro. Na linguagem de Jo\u00e3o, as refer\u00eancias de tempo geralmente t\u00eam um valor simb\u00f3lico: aqui a noite \u00e9 provavelmente a noite que est\u00e1 no cora\u00e7\u00e3o de Nicodemos. Ele \u00e9 um homem que se encontra na escurid\u00e3o das d\u00favidas, naquela escurid\u00e3o que experimentamos quando n\u00e3o entendemos mais o que est\u00e1 acontecendo em nossas vidas e n\u00e3o vemos claramente o caminho a seguir. Se voc\u00ea estiver no escuro, \u00e9 claro que buscar\u00e1 a luz.<\/p>\n<p>Nicodemos \u2013 afirma Francisco -, busca Jesus porque sentiu que Ele pode iluminar a escurid\u00e3o de seu cora\u00e7\u00e3o.<\/p>\n<p>Nicodemos n\u00e3o entende o que Jesus lhe diz porque continua a pensar com sua pr\u00f3pria l\u00f3gica e categorias. Ele \u00e9 um homem com uma personalidade bem definida, tem um papel p\u00fablico, \u00e9 um dos l\u00edderes dos judeus. Mas provavelmente as contas n\u00e3o fecham mais para ele. Nicodemos sente que algo n\u00e3o est\u00e1 mais funcionando em sua vida. Ele sente a necessidade de mudar, mas n\u00e3o sabe por onde come\u00e7ar.<\/p>\n<p>\u201cEm alguns momentos da vida, isso acontece com todos n\u00f3s. Se n\u00e3o aceitarmos de mudar, se nos fecharmos em nossa rigidez, nos h\u00e1bitos ou nas nossas formas de pensar, iremos correr o risco de morrer. A vida est\u00e1 na capacidade de mudar para encontrar uma nova maneira de amar\u201d.<\/p>\n<p>Francisco diz que escolheu come\u00e7ar com Nicodemos tamb\u00e9m porque ele \u00e9 um homem que, com a sua pr\u00f3pria vida, mostra que essa mudan\u00e7a \u00e9 poss\u00edvel. Nicodemos conseguir\u00e1: no final, ele estar\u00e1 entre aqueles que v\u00e3o a Pilatos para pedir o corpo de Jesus (cf. Jo 19,39)! Nicodemos finalmente\u00a0<i>veio \u00e0 luz,<\/i>\u00a0renasceu e n\u00e3o precisa mais ficar no escuro.<\/p>\n<p>\u201cAs mudan\u00e7as \u00e0s vezes nos assustam. Por um lado, elas nos atraem, \u00e0s vezes as desejamos, mas, por outro lado, preferimos permanecer nas nossas comodidades. \u00c9 por isso que o Esp\u00edrito nos incentiva a enfrentar esses medos\u201d.<\/p>\n<p>Jesus recorda a Nicodemos que tamb\u00e9m os israelitas tinham medo quando andavam no deserto. E eles se fixaram tanto em suas preocupa\u00e7\u00f5es que, em algum momento, esses medos assumiram a forma de serpentes venenosas. Para serem libertados, eles tinham de olhar para a serpente de cobre que Mois\u00e9s havia colocado em um poste, ou seja, tinham de olhar para cima e ficar diante do objeto que representava seus medos. Somente olhando diretamente para o que nos causa medo \u00e9 que podemos come\u00e7ar a nos libertar.<\/p>\n<p>Francisco finaliza dizendo que \u201cNicodemos, como todos n\u00f3s, poder\u00e1 olhar para o Crucificado, Aquele que derrotou a morte, a raiz de todos os nossos medos. Levantemos tamb\u00e9m n\u00f3s o olhar para Aquele a quem traspassaram, deixemos tamb\u00e9m n\u00f3s sermos encontrados por Jesus. Nele encontramos a esperan\u00e7a para enfrentar as mudan\u00e7as em nossa vida e nascer de novo\u201d.<\/p>\n<hr \/>\n<p><em>Silvonei Jos\u00e9 \u2013 Vatican News<\/em><\/p>\n","protected":false},"excerpt":{"rendered":"<p>Texto Audi\u00eancia Geral<\/p>\n","protected":false},"author":11,"featured_media":255571,"comment_status":"open","ping_status":"open","sticky":false,"template":"","format":"standard","meta":[],"categories":[1,1428],"tags":[487,55],"acf":[],"yoast_head":"<!-- This site is optimized with the Yoast SEO plugin v19.2 - https:\/\/yoast.com\/wordpress\/plugins\/seo\/ -->\n<title>Em Jesus encontramos a esperan\u00e7a para mudar nossas vidas - Not\u00edcias - Franciscanos<\/title>\n<meta name=\"robots\" content=\"index, follow, max-snippet:-1, max-image-preview:large, max-video-preview:-1\" \/>\n<link rel=\"canonical\" href=\"https:\/\/franciscanos.org.br\/noticias\/em-jesus-encontramos-a-esperanca-para-mudar-nossas-vidas.html\" \/>\n<meta property=\"og:locale\" content=\"pt_BR\" \/>\n<meta property=\"og:type\" content=\"article\" \/>\n<meta property=\"og:title\" content=\"Em Jesus encontramos a esperan\u00e7a para mudar nossas vidas - Not\u00edcias - Franciscanos\" \/>\n<meta property=\"og:description\" content=\"Texto Audi\u00eancia Geral\" \/>\n<meta property=\"og:url\" content=\"https:\/\/franciscanos.org.br\/noticias\/em-jesus-encontramos-a-esperanca-para-mudar-nossas-vidas.html\" \/>\n<meta property=\"og:site_name\" content=\"Not\u00edcias - Franciscanos\" \/>\n<meta property=\"article:published_time\" content=\"2025-03-19T12:08:02+00:00\" \/>\n<meta property=\"og:image\" content=\"https:\/\/franciscanos.org.br\/noticias\/wp-content\/uploads\/2025\/03\/chamada-audiencia-geral-19.03.jpg\" \/>\n\t<meta property=\"og:image:width\" content=\"800\" \/>\n\t<meta property=\"og:image:height\" content=\"550\" \/>\n\t<meta property=\"og:image:type\" content=\"image\/jpeg\" \/>\n<meta name=\"author\" content=\"Adriana Rabelo\" \/>\n<meta name=\"twitter:card\" content=\"summary_large_image\" \/>\n<meta name=\"twitter:label1\" content=\"Escrito por\" \/>\n\t<meta name=\"twitter:data1\" content=\"Adriana Rabelo\" \/>\n\t<meta name=\"twitter:label2\" content=\"Est. tempo de leitura\" \/>\n\t<meta name=\"twitter:data2\" content=\"3 minutos\" \/>\n<script type=\"application\/ld+json\" class=\"yoast-schema-graph\">{\"@context\":\"https:\/\/schema.org\",\"@graph\":[{\"@type\":\"WebSite\",\"@id\":\"https:\/\/franciscanos.org.br\/noticias\/#website\",\"url\":\"https:\/\/franciscanos.org.br\/noticias\/\",\"name\":\"Not\u00edcias - Franciscanos\",\"description\":\"Prov\u00edncia Franciscana da Imaculada Concei\u00e7\u00e3o do Brasil - Ordem dos Frades Menores - OFM\",\"potentialAction\":[{\"@type\":\"SearchAction\",\"target\":{\"@type\":\"EntryPoint\",\"urlTemplate\":\"https:\/\/franciscanos.org.br\/noticias\/?s={search_term_string}\"},\"query-input\":\"required name=search_term_string\"}],\"inLanguage\":\"pt-BR\"},{\"@type\":\"ImageObject\",\"inLanguage\":\"pt-BR\",\"@id\":\"https:\/\/franciscanos.org.br\/noticias\/em-jesus-encontramos-a-esperanca-para-mudar-nossas-vidas.html#primaryimage\",\"url\":\"https:\/\/franciscanos.org.br\/noticias\/wp-content\/uploads\/2025\/03\/chamada-audiencia-geral-19.03.jpg\",\"contentUrl\":\"https:\/\/franciscanos.org.br\/noticias\/wp-content\/uploads\/2025\/03\/chamada-audiencia-geral-19.03.jpg\",\"width\":800,\"height\":550},{\"@type\":\"WebPage\",\"@id\":\"https:\/\/franciscanos.org.br\/noticias\/em-jesus-encontramos-a-esperanca-para-mudar-nossas-vidas.html#webpage\",\"url\":\"https:\/\/franciscanos.org.br\/noticias\/em-jesus-encontramos-a-esperanca-para-mudar-nossas-vidas.html\",\"name\":\"Em Jesus encontramos a esperan\u00e7a para mudar nossas vidas - Not\u00edcias - Franciscanos\",\"isPartOf\":{\"@id\":\"https:\/\/franciscanos.org.br\/noticias\/#website\"},\"primaryImageOfPage\":{\"@id\":\"https:\/\/franciscanos.org.br\/noticias\/em-jesus-encontramos-a-esperanca-para-mudar-nossas-vidas.html#primaryimage\"},\"datePublished\":\"2025-03-19T12:08:02+00:00\",\"dateModified\":\"2025-03-19T12:08:02+00:00\",\"author\":{\"@id\":\"https:\/\/franciscanos.org.br\/noticias\/#\/schema\/person\/d9422e83121c3ad3b0f423d195f5bb25\"},\"breadcrumb\":{\"@id\":\"https:\/\/franciscanos.org.br\/noticias\/em-jesus-encontramos-a-esperanca-para-mudar-nossas-vidas.html#breadcrumb\"},\"inLanguage\":\"pt-BR\",\"potentialAction\":[{\"@type\":\"ReadAction\",\"target\":[\"https:\/\/franciscanos.org.br\/noticias\/em-jesus-encontramos-a-esperanca-para-mudar-nossas-vidas.html\"]}]},{\"@type\":\"BreadcrumbList\",\"@id\":\"https:\/\/franciscanos.org.br\/noticias\/em-jesus-encontramos-a-esperanca-para-mudar-nossas-vidas.html#breadcrumb\",\"itemListElement\":[{\"@type\":\"ListItem\",\"position\":1,\"name\":\"Home\",\"item\":\"https:\/\/franciscanos.org.br\/noticias\"},{\"@type\":\"ListItem\",\"position\":2,\"name\":\"Em Jesus encontramos a esperan\u00e7a para mudar nossas vidas\"}]},{\"@type\":\"Person\",\"@id\":\"https:\/\/franciscanos.org.br\/noticias\/#\/schema\/person\/d9422e83121c3ad3b0f423d195f5bb25\",\"name\":\"Adriana Rabelo\",\"image\":{\"@type\":\"ImageObject\",\"inLanguage\":\"pt-BR\",\"@id\":\"https:\/\/franciscanos.org.br\/noticias\/#\/schema\/person\/image\/\",\"url\":\"https:\/\/secure.gravatar.com\/avatar\/0a937b7500cd7df77540cfb8bede877d?s=96&d=mm&r=g\",\"contentUrl\":\"https:\/\/secure.gravatar.com\/avatar\/0a937b7500cd7df77540cfb8bede877d?s=96&d=mm&r=g\",\"caption\":\"Adriana Rabelo\"},\"url\":\"https:\/\/franciscanos.org.br\/noticias\/author\/adrianarabelo\"}]}<\/script>\n<!-- \/ Yoast SEO plugin. -->","yoast_head_json":{"title":"Em Jesus encontramos a esperan\u00e7a para mudar nossas vidas - Not\u00edcias - Franciscanos","robots":{"index":"index","follow":"follow","max-snippet":"max-snippet:-1","max-image-preview":"max-image-preview:large","max-video-preview":"max-video-preview:-1"},"canonical":"https:\/\/franciscanos.org.br\/noticias\/em-jesus-encontramos-a-esperanca-para-mudar-nossas-vidas.html","og_locale":"pt_BR","og_type":"article","og_title":"Em Jesus encontramos a esperan\u00e7a para mudar nossas vidas - Not\u00edcias - Franciscanos","og_description":"Texto Audi\u00eancia Geral","og_url":"https:\/\/franciscanos.org.br\/noticias\/em-jesus-encontramos-a-esperanca-para-mudar-nossas-vidas.html","og_site_name":"Not\u00edcias - Franciscanos","article_published_time":"2025-03-19T12:08:02+00:00","og_image":[{"width":800,"height":550,"url":"https:\/\/franciscanos.org.br\/noticias\/wp-content\/uploads\/2025\/03\/chamada-audiencia-geral-19.03.jpg","type":"image\/jpeg"}],"author":"Adriana Rabelo","twitter_card":"summary_large_image","twitter_misc":{"Escrito por":"Adriana Rabelo","Est. tempo de leitura":"3 minutos"},"schema":{"@context":"https:\/\/schema.org","@graph":[{"@type":"WebSite","@id":"https:\/\/franciscanos.org.br\/noticias\/#website","url":"https:\/\/franciscanos.org.br\/noticias\/","name":"Not\u00edcias - Franciscanos","description":"Prov\u00edncia Franciscana da Imaculada Concei\u00e7\u00e3o do Brasil - Ordem dos Frades Menores - OFM","potentialAction":[{"@type":"SearchAction","target":{"@type":"EntryPoint","urlTemplate":"https:\/\/franciscanos.org.br\/noticias\/?s={search_term_string}"},"query-input":"required name=search_term_string"}],"inLanguage":"pt-BR"},{"@type":"ImageObject","inLanguage":"pt-BR","@id":"https:\/\/franciscanos.org.br\/noticias\/em-jesus-encontramos-a-esperanca-para-mudar-nossas-vidas.html#primaryimage","url":"https:\/\/franciscanos.org.br\/noticias\/wp-content\/uploads\/2025\/03\/chamada-audiencia-geral-19.03.jpg","contentUrl":"https:\/\/franciscanos.org.br\/noticias\/wp-content\/uploads\/2025\/03\/chamada-audiencia-geral-19.03.jpg","width":800,"height":550},{"@type":"WebPage","@id":"https:\/\/franciscanos.org.br\/noticias\/em-jesus-encontramos-a-esperanca-para-mudar-nossas-vidas.html#webpage","url":"https:\/\/franciscanos.org.br\/noticias\/em-jesus-encontramos-a-esperanca-para-mudar-nossas-vidas.html","name":"Em Jesus encontramos a esperan\u00e7a para mudar nossas vidas - Not\u00edcias - Franciscanos","isPartOf":{"@id":"https:\/\/franciscanos.org.br\/noticias\/#website"},"primaryImageOfPage":{"@id":"https:\/\/franciscanos.org.br\/noticias\/em-jesus-encontramos-a-esperanca-para-mudar-nossas-vidas.html#primaryimage"},"datePublished":"2025-03-19T12:08:02+00:00","dateModified":"2025-03-19T12:08:02+00:00","author":{"@id":"https:\/\/franciscanos.org.br\/noticias\/#\/schema\/person\/d9422e83121c3ad3b0f423d195f5bb25"},"breadcrumb":{"@id":"https:\/\/franciscanos.org.br\/noticias\/em-jesus-encontramos-a-esperanca-para-mudar-nossas-vidas.html#breadcrumb"},"inLanguage":"pt-BR","potentialAction":[{"@type":"ReadAction","target":["https:\/\/franciscanos.org.br\/noticias\/em-jesus-encontramos-a-esperanca-para-mudar-nossas-vidas.html"]}]},{"@type":"BreadcrumbList","@id":"https:\/\/franciscanos.org.br\/noticias\/em-jesus-encontramos-a-esperanca-para-mudar-nossas-vidas.html#breadcrumb","itemListElement":[{"@type":"ListItem","position":1,"name":"Home","item":"https:\/\/franciscanos.org.br\/noticias"},{"@type":"ListItem","position":2,"name":"Em Jesus encontramos a esperan\u00e7a para mudar nossas vidas"}]},{"@type":"Person","@id":"https:\/\/franciscanos.org.br\/noticias\/#\/schema\/person\/d9422e83121c3ad3b0f423d195f5bb25","name":"Adriana Rabelo","image":{"@type":"ImageObject","inLanguage":"pt-BR","@id":"https:\/\/franciscanos.org.br\/noticias\/#\/schema\/person\/image\/","url":"https:\/\/secure.gravatar.com\/avatar\/0a937b7500cd7df77540cfb8bede877d?s=96&d=mm&r=g","contentUrl":"https:\/\/secure.gravatar.com\/avatar\/0a937b7500cd7df77540cfb8bede877d?s=96&d=mm&r=g","caption":"Adriana Rabelo"},"url":"https:\/\/franciscanos.org.br\/noticias\/author\/adrianarabelo"}]}},"_links":{"self":[{"href":"https:\/\/franciscanos.org.br\/noticias\/wp-json\/wp\/v2\/posts\/255569"}],"collection":[{"href":"https:\/\/franciscanos.org.br\/noticias\/wp-json\/wp\/v2\/posts"}],"about":[{"href":"https:\/\/franciscanos.org.br\/noticias\/wp-json\/wp\/v2\/types\/post"}],"author":[{"embeddable":true,"href":"https:\/\/franciscanos.org.br\/noticias\/wp-json\/wp\/v2\/users\/11"}],"replies":[{"embeddable":true,"href":"https:\/\/franciscanos.org.br\/noticias\/wp-json\/wp\/v2\/comments?post=255569"}],"version-history":[{"count":1,"href":"https:\/\/franciscanos.org.br\/noticias\/wp-json\/wp\/v2\/posts\/255569\/revisions"}],"predecessor-version":[{"id":255572,"href":"https:\/\/franciscanos.org.br\/noticias\/wp-json\/wp\/v2\/posts\/255569\/revisions\/255572"}],"wp:featuredmedia":[{"embeddable":true,"href":"https:\/\/franciscanos.org.br\/noticias\/wp-json\/wp\/v2\/media\/255571"}],"wp:attachment":[{"href":"https:\/\/franciscanos.org.br\/noticias\/wp-json\/wp\/v2\/media?parent=255569"}],"wp:term":[{"taxonomy":"category","embeddable":true,"href":"https:\/\/franciscanos.org.br\/noticias\/wp-json\/wp\/v2\/categories?post=255569"},{"taxonomy":"post_tag","embeddable":true,"href":"https:\/\/franciscanos.org.br\/noticias\/wp-json\/wp\/v2\/tags?post=255569"}],"curies":[{"name":"wp","href":"https:\/\/api.w.org\/{rel}","templated":true}]}}