{"id":255563,"date":"2025-03-19T08:36:50","date_gmt":"2025-03-19T11:36:50","guid":{"rendered":"https:\/\/franciscanos.org.br\/noticias\/?p=255563"},"modified":"2025-08-26T15:52:11","modified_gmt":"2025-08-26T18:52:11","slug":"cada-vocacao-na-igreja-e-sinal-da-esperanca-que-deus-nutre-pelo-mundo","status":"publish","type":"post","link":"https:\/\/franciscanos.org.br\/noticias\/cada-vocacao-na-igreja-e-sinal-da-esperanca-que-deus-nutre-pelo-mundo.html","title":{"rendered":"Cada voca\u00e7\u00e3o na Igreja \u00e9 sinal da esperan\u00e7a que Deus nutre pelo mundo"},"content":{"rendered":"<div id=\"attachment_255565\" style=\"width: 1290px\" class=\"wp-caption alignnone\"><img aria-describedby=\"caption-attachment-255565\" loading=\"lazy\" class=\"wp-image-255565 size-full\" src=\"https:\/\/franciscanos.org.br\/noticias\/wp-content\/uploads\/2025\/03\/MATERIA-DIA-DAS-VOCACOES.jpg\" alt=\"\" width=\"1280\" height=\"720\" srcset=\"https:\/\/franciscanos.org.br\/noticias\/wp-content\/uploads\/2025\/03\/MATERIA-DIA-DAS-VOCACOES.jpg 1280w, https:\/\/franciscanos.org.br\/noticias\/wp-content\/uploads\/2025\/03\/MATERIA-DIA-DAS-VOCACOES-450x253.jpg 450w, https:\/\/franciscanos.org.br\/noticias\/wp-content\/uploads\/2025\/03\/MATERIA-DIA-DAS-VOCACOES-1024x576.jpg 1024w, https:\/\/franciscanos.org.br\/noticias\/wp-content\/uploads\/2025\/03\/MATERIA-DIA-DAS-VOCACOES-768x432.jpg 768w, https:\/\/franciscanos.org.br\/noticias\/wp-content\/uploads\/2025\/03\/MATERIA-DIA-DAS-VOCACOES-150x84.jpg 150w\" sizes=\"(max-width: 1280px) 100vw, 1280px\" \/><p id=\"caption-attachment-255565\" class=\"wp-caption-text\">Ordena\u00e7\u00e3o sacerdotal na Bas\u00edlica de S\u00e3o Pedro (foto de arquivo) (Vatican Media)<\/p><\/div>\n<p>Foi divulgada, nesta quarta-feira (19\/03), a mensagem do Papa Francisco para o 62\u00b0 Dia Mundial de Ora\u00e7\u00e3o pelas Voca\u00e7\u00f5es que ser\u00e1 celebrado em 11 de maio pr\u00f3ximo, IV Domingo de P\u00e1scoa.<\/p>\n<p>A mensagem do Pont\u00edfice tem como tema &#8220;Peregrinos de esperan\u00e7a: o dom da vida&#8221; e nela o Papa afirma que &#8220;a voca\u00e7\u00e3o \u00e9 um dom precioso que Deus semeia nos cora\u00e7\u00f5es, um chamado a sair de si mesmo para trilhar um caminho de amor e servi\u00e7o&#8221;.<\/p>\n<p>Segundo Francisco, &#8220;cada voca\u00e7\u00e3o na Igreja \u2013 seja laical, seja ao minist\u00e9rio ordenado, seja \u00e0 vida consagrada \u2013 \u00e9 sinal da esperan\u00e7a que Deus nutre pelo mundo e por cada um dos seus filhos&#8221;.<\/p>\n<p>&#8220;Neste nosso tempo, muitos jovens sentem-se perdidos face ao futuro. Frequentemente vivem na incerteza quanto \u00e0s perspectivas de emprego e, l\u00e1 no fundo, experimentam uma crise de identidade que \u00e9 uma crise de sentido e de valores, que a confus\u00e3o digital torna ainda mais dif\u00edcil de atravessar&#8221;, escreve o Papa.<\/p>\n<p>&#8220;A injusti\u00e7a para com os fracos e os pobres, a indiferen\u00e7a do bem-estar ego\u00edsta e a viol\u00eancia da guerra amea\u00e7am os projetos de vida boa que cultivam no seu \u00edntimo&#8221;, sublinha Francisco. &#8220;Contudo, o Senhor, que conhece o cora\u00e7\u00e3o do homem, n\u00e3o nos abandona na inseguran\u00e7a; pelo contr\u00e1rio, quer suscitar em cada um a consci\u00eancia de ser amado, chamado e enviado como peregrino de esperan\u00e7a&#8221;, destaca.<\/p>\n<p>De acordo com o Papa, &#8220;os membros adultos da Igreja, especialmente os pastores&#8221;, s\u00e3o &#8220;convidados a acolher, discernir e acompanhar o caminho vocacional das novas gera\u00e7\u00f5es&#8221;, e &#8220;os jovens s\u00e3o chamados a ser nele protagonistas, ou melhor, coprotagonistas com o Esp\u00edrito Santo, que suscita&#8221; neles &#8220;o desejo de fazer da vida um dom de amor&#8221;.<\/p>\n<p>Em sua mensagem, o Papa se det\u00e9m em tr\u00eas pontos: o primeiro,\u00a0<i>acolher o pr\u00f3prio caminho vocacional.<\/i><\/p>\n<p>Citando um trecho da Exorta\u00e7\u00e3o Apost\u00f3lica p\u00f3s-sinodal\u00a0<i>Christus vivit<\/i>, o Papa afirma que a vida dos jovens &#8220;n\u00e3o \u00e9 \u00abentretanto\u00bb&#8221; e que eles s\u00e3o &#8220;o agora de Deus&#8221;. &#8220;\u00c9 necess\u00e1rio tomar consci\u00eancia de que o dom da vida exige uma resposta generosa e fiel&#8221;, escreve Francisco, convidando os jovens a olharem &#8220;para os jovens santos e beatos que responderam com alegria ao chamado do Senhor: Santa Rosa de Lima, S\u00e3o Domingos S\u00e1vio, Santa Teresa do Menino Jesus, S\u00e3o Gabriel de Nossa Senhora das Dores, os Beatos \u2013 que em breve ser\u00e3o Santos \u2013 Carlo Acutis e Pier Giorgio Frassati, e muitos outros&#8221;. &#8220;Cada um deles&#8221;, ressalta o Pont\u00edfice, &#8220;viveu a voca\u00e7\u00e3o como um caminho para a felicidade plena, na rela\u00e7\u00e3o com Jesus vivo. Quando escutamos a sua palavra, o nosso cora\u00e7\u00e3o arde e sentimos o desejo de consagrar a vida a Deus! Desejamos descobrir de que modo, em que forma de vida \u00e9 poss\u00edvel retribuir o amor que Ele primeiro nos d\u00e1&#8221;.<\/p>\n<p>Segundo o Papa, &#8220;toda a voca\u00e7\u00e3o, sentida na profundidade do cora\u00e7\u00e3o, faz germinar uma resposta como impulso interior ao amor e ao servi\u00e7o, como fonte de esperan\u00e7a e caridade e n\u00e3o como busca de autoafirma\u00e7\u00e3o. Voca\u00e7\u00e3o e esperan\u00e7a entrela\u00e7am-se, portanto, no projeto divino pela alegria de cada homem e mulher, todos eles chamados em primeira pessoa a oferecer a sua vida pelos outros&#8221;.<\/p>\n<p>O Papa recorda na mensagem que &#8220;s\u00e3o muitos os jovens que procuram conhecer o caminho que Deus os chama a percorrer: alguns constatam \u2013 muitas vezes com surpresa \u2013 a voca\u00e7\u00e3o ao sacerd\u00f3cio ou \u00e0 vida consagrada; outros descobrem a beleza do chamado ao matrim\u00f4nio e \u00e0 vida familiar, bem como ao compromisso com o bem comum e ao testemunho da f\u00e9 entre colegas e amigos&#8221;.<\/p>\n<p>&#8220;Toda a voca\u00e7\u00e3o \u00e9 animada pela esperan\u00e7a, que se traduz em confian\u00e7a na Provid\u00eancia. Com efeito, para o crist\u00e3o, ter esperan\u00e7a \u00e9 mais do que um simples otimismo humano: \u00e9 antes uma certeza enraizada na f\u00e9 em Deus, que age na hist\u00f3ria de cada pessoa. E, deste modo, a voca\u00e7\u00e3o amadurece atrav\u00e9s do compromisso quotidiano de fidelidade ao Evangelho, na ora\u00e7\u00e3o, no discernimento e no servi\u00e7o&#8221;, escreve Francisco.<\/p>\n<p>O Papa recorda aos jovens que &#8220;a esperan\u00e7a em Deus n\u00e3o engana, porque Ele guia os passos de quem a Ele se entrega. O mundo precisa de jovens peregrinos de esperan\u00e7a, corajosos em dedicar a sua vida a Cristo, cheios de alegria por serem seus disc\u00edpulos-mission\u00e1rios&#8221;.<\/p>\n<p>No segundo ponto,\u00a0<i>discernir o pr\u00f3prio caminho vocacional<\/i>, Francisco escreve que &#8220;a<i>\u00a0<\/i>descoberta da pr\u00f3pria voca\u00e7\u00e3o passa por um caminho de discernimento. Este percurso nunca \u00e9 solit\u00e1rio, mas desenvolve-se no seio da comunidade crist\u00e3 e com ela&#8221;.<\/p>\n<p>Segundo o Pont\u00edfice, o mundo induz os jovens &#8220;a fazer escolhas precipitadas e a encher os dias de barulho, impedindo a experi\u00eancia de um sil\u00eancio aberto a Deus, que fala ao cora\u00e7\u00e3o&#8221;. &#8220;Tenham a coragem de parar, de escutar dentro de voc\u00eas e de perguntar a Deus o que Ele sonha para voc\u00eas. O sil\u00eancio da ora\u00e7\u00e3o \u00e9 indispens\u00e1vel para \u201cinterpretar\u201d o chamado de Deus na pr\u00f3pria hist\u00f3ria e para dar uma resposta livre e consciente&#8221;, escreve Francisco.<\/p>\n<p>De acordo com o Papa, o recolhimento ajuda a &#8220;compreender que todos podemos ser peregrinos de esperan\u00e7a se fizermos da nossa vida um dom, especialmente a servi\u00e7o daqueles que habitam as periferias materiais e existenciais do mundo&#8221;. Segundo Francisco, &#8220;quem se p\u00f5e a escutar Deus que chama n\u00e3o pode ignorar o grito de tantos irm\u00e3os e irm\u00e3s que se sentem exclu\u00eddos, feridos e abandonados. Cada voca\u00e7\u00e3o abre para a miss\u00e3o de ser presen\u00e7a de Cristo onde mais se sente necessidade de luz e consola\u00e7\u00e3o. Em particular, os fi\u00e9is leigos s\u00e3o chamados a ser \u201csal, luz e fermento\u201d do Reino de Deus, atrav\u00e9s do compromisso social e profissional&#8221;.<\/p>\n<p>No terceiro ponto,\u00a0<i>acompanhar o caminho vocacional,\u00a0<\/i>o Papa convida &#8220;os agentes pastorais e vocacionais, especialmente os conselheiros espirituais&#8221;, a n\u00e3o terem &#8220;medo de acompanhar os jovens com a esperan\u00e7osa e paciente confian\u00e7a da pedagogia divina. Trata-se de ser para eles pessoas capazes de escuta e acolhimento respeitoso; pessoas em quem podem confiar, guias s\u00e1bios, dispon\u00edveis para os ajudar e atentos a reconhecer os sinais de Deus no seu caminho&#8221;.<\/p>\n<p>Francisco exorta a promover &#8220;o cuidado da voca\u00e7\u00e3o crist\u00e3 nos v\u00e1rios campos da vida e da atividade humana, favorecendo a abertura espiritual de cada pessoa \u00e0 voz de Deus. Para este fim, \u00e9 importante que os itiner\u00e1rios educativos e pastorais contemplem espa\u00e7os adequados para o acompanhamento das voca\u00e7\u00f5es&#8221;.<\/p>\n<p>O Pont\u00edfice recorda que &#8220;a Igreja precisa de pastores, religiosos, mission\u00e1rios e esposos que, com confian\u00e7a e esperan\u00e7a, saibam dizer \u201csim\u201d ao Senhor. A voca\u00e7\u00e3o nunca \u00e9 um tesouro que fica fechado no cora\u00e7\u00e3o, mas cresce e se fortalece na comunidade que cr\u00ea, ama e espera. E como ningu\u00e9m pode responder sozinho ao chamado de Deus, todos temos necessidade da ora\u00e7\u00e3o e do apoio dos nossos irm\u00e3os e irm\u00e3s&#8221;.<\/p>\n<p>De acordo com Francisco, &#8220;a Igreja \u00e9 viva e fecunda quando gera novas voca\u00e7\u00f5es. E o mundo, muitas vezes inconscientemente, procura testemunhas de esperan\u00e7a que anunciem com a vida que seguir Cristo \u00e9 fonte de alegria. N\u00e3o nos cansemos de pedir ao Senhor novos oper\u00e1rios para a sua messe, certos de que Ele continua chamando com amor&#8221;.<\/p>\n<p>&#8220;Queridos jovens, confio o seu seguimento de Jesus \u00e0 intercess\u00e3o de Maria, M\u00e3e da Igreja e das voca\u00e7\u00f5es. Caminhem sempre como peregrinos da esperan\u00e7a no caminho do Evangelho&#8221;, conclui o Papa.<\/p>\n<p><a href=\"https:\/\/franciscanos.org.br\/banca\/wp-content\/uploads\/2025\/03\/MENSAGEM-DO-PAPA-62o-DIA-MUNDIAL-DE-ORACOES-PELAS-VOCACOES.pdf\"><strong>ACESSE A MENSAGEM OFICIAL<\/strong><\/a><\/p>\n<hr \/>\n<p><em>Vatican News<\/em><\/p>\n","protected":false},"excerpt":{"rendered":"<p>Dia Mundial de Ora\u00e7\u00e3o pelas Voca\u00e7\u00f5es<\/p>\n","protected":false},"author":11,"featured_media":255564,"comment_status":"open","ping_status":"open","sticky":false,"template":"","format":"standard","meta":[],"categories":[1],"tags":[2311,55,2056],"acf":[],"yoast_head":"<!-- This site is optimized with the Yoast SEO plugin v19.2 - https:\/\/yoast.com\/wordpress\/plugins\/seo\/ -->\n<title>Cada voca\u00e7\u00e3o na Igreja \u00e9 sinal da esperan\u00e7a que Deus nutre pelo mundo - Not\u00edcias - Franciscanos<\/title>\n<meta name=\"robots\" content=\"index, follow, max-snippet:-1, max-image-preview:large, max-video-preview:-1\" \/>\n<link rel=\"canonical\" href=\"https:\/\/franciscanos.org.br\/noticias\/cada-vocacao-na-igreja-e-sinal-da-esperanca-que-deus-nutre-pelo-mundo.html\" \/>\n<meta property=\"og:locale\" content=\"pt_BR\" \/>\n<meta property=\"og:type\" content=\"article\" \/>\n<meta property=\"og:title\" content=\"Cada voca\u00e7\u00e3o na Igreja \u00e9 sinal da esperan\u00e7a que Deus nutre pelo mundo - Not\u00edcias - Franciscanos\" \/>\n<meta property=\"og:description\" content=\"Dia Mundial de Ora\u00e7\u00e3o pelas Voca\u00e7\u00f5es\" \/>\n<meta property=\"og:url\" content=\"https:\/\/franciscanos.org.br\/noticias\/cada-vocacao-na-igreja-e-sinal-da-esperanca-que-deus-nutre-pelo-mundo.html\" \/>\n<meta property=\"og:site_name\" content=\"Not\u00edcias - Franciscanos\" \/>\n<meta property=\"article:published_time\" content=\"2025-03-19T11:36:50+00:00\" \/>\n<meta property=\"article:modified_time\" content=\"2025-08-26T18:52:11+00:00\" \/>\n<meta property=\"og:image\" content=\"https:\/\/franciscanos.org.br\/noticias\/wp-content\/uploads\/2025\/03\/CHAMADA-13.jpg\" \/>\n\t<meta property=\"og:image:width\" content=\"800\" \/>\n\t<meta property=\"og:image:height\" content=\"550\" \/>\n\t<meta property=\"og:image:type\" content=\"image\/jpeg\" \/>\n<meta name=\"author\" content=\"Adriana Rabelo\" \/>\n<meta name=\"twitter:card\" content=\"summary_large_image\" \/>\n<meta name=\"twitter:label1\" content=\"Escrito por\" \/>\n\t<meta name=\"twitter:data1\" content=\"Adriana Rabelo\" \/>\n\t<meta name=\"twitter:label2\" content=\"Est. tempo de leitura\" \/>\n\t<meta name=\"twitter:data2\" content=\"7 minutos\" \/>\n<script type=\"application\/ld+json\" class=\"yoast-schema-graph\">{\"@context\":\"https:\/\/schema.org\",\"@graph\":[{\"@type\":\"WebSite\",\"@id\":\"https:\/\/franciscanos.org.br\/noticias\/#website\",\"url\":\"https:\/\/franciscanos.org.br\/noticias\/\",\"name\":\"Not\u00edcias - Franciscanos\",\"description\":\"Prov\u00edncia Franciscana da Imaculada Concei\u00e7\u00e3o do Brasil - Ordem dos Frades Menores - OFM\",\"potentialAction\":[{\"@type\":\"SearchAction\",\"target\":{\"@type\":\"EntryPoint\",\"urlTemplate\":\"https:\/\/franciscanos.org.br\/noticias\/?s={search_term_string}\"},\"query-input\":\"required name=search_term_string\"}],\"inLanguage\":\"pt-BR\"},{\"@type\":\"ImageObject\",\"inLanguage\":\"pt-BR\",\"@id\":\"https:\/\/franciscanos.org.br\/noticias\/cada-vocacao-na-igreja-e-sinal-da-esperanca-que-deus-nutre-pelo-mundo.html#primaryimage\",\"url\":\"https:\/\/franciscanos.org.br\/noticias\/wp-content\/uploads\/2025\/03\/CHAMADA-13.jpg\",\"contentUrl\":\"https:\/\/franciscanos.org.br\/noticias\/wp-content\/uploads\/2025\/03\/CHAMADA-13.jpg\",\"width\":800,\"height\":550},{\"@type\":\"WebPage\",\"@id\":\"https:\/\/franciscanos.org.br\/noticias\/cada-vocacao-na-igreja-e-sinal-da-esperanca-que-deus-nutre-pelo-mundo.html#webpage\",\"url\":\"https:\/\/franciscanos.org.br\/noticias\/cada-vocacao-na-igreja-e-sinal-da-esperanca-que-deus-nutre-pelo-mundo.html\",\"name\":\"Cada voca\u00e7\u00e3o na Igreja \u00e9 sinal da esperan\u00e7a que Deus nutre pelo mundo - Not\u00edcias - Franciscanos\",\"isPartOf\":{\"@id\":\"https:\/\/franciscanos.org.br\/noticias\/#website\"},\"primaryImageOfPage\":{\"@id\":\"https:\/\/franciscanos.org.br\/noticias\/cada-vocacao-na-igreja-e-sinal-da-esperanca-que-deus-nutre-pelo-mundo.html#primaryimage\"},\"datePublished\":\"2025-03-19T11:36:50+00:00\",\"dateModified\":\"2025-08-26T18:52:11+00:00\",\"author\":{\"@id\":\"https:\/\/franciscanos.org.br\/noticias\/#\/schema\/person\/d9422e83121c3ad3b0f423d195f5bb25\"},\"breadcrumb\":{\"@id\":\"https:\/\/franciscanos.org.br\/noticias\/cada-vocacao-na-igreja-e-sinal-da-esperanca-que-deus-nutre-pelo-mundo.html#breadcrumb\"},\"inLanguage\":\"pt-BR\",\"potentialAction\":[{\"@type\":\"ReadAction\",\"target\":[\"https:\/\/franciscanos.org.br\/noticias\/cada-vocacao-na-igreja-e-sinal-da-esperanca-que-deus-nutre-pelo-mundo.html\"]}]},{\"@type\":\"BreadcrumbList\",\"@id\":\"https:\/\/franciscanos.org.br\/noticias\/cada-vocacao-na-igreja-e-sinal-da-esperanca-que-deus-nutre-pelo-mundo.html#breadcrumb\",\"itemListElement\":[{\"@type\":\"ListItem\",\"position\":1,\"name\":\"Home\",\"item\":\"https:\/\/franciscanos.org.br\/noticias\"},{\"@type\":\"ListItem\",\"position\":2,\"name\":\"Cada voca\u00e7\u00e3o na Igreja \u00e9 sinal da esperan\u00e7a que Deus nutre pelo mundo\"}]},{\"@type\":\"Person\",\"@id\":\"https:\/\/franciscanos.org.br\/noticias\/#\/schema\/person\/d9422e83121c3ad3b0f423d195f5bb25\",\"name\":\"Adriana Rabelo\",\"image\":{\"@type\":\"ImageObject\",\"inLanguage\":\"pt-BR\",\"@id\":\"https:\/\/franciscanos.org.br\/noticias\/#\/schema\/person\/image\/\",\"url\":\"https:\/\/secure.gravatar.com\/avatar\/0a937b7500cd7df77540cfb8bede877d?s=96&d=mm&r=g\",\"contentUrl\":\"https:\/\/secure.gravatar.com\/avatar\/0a937b7500cd7df77540cfb8bede877d?s=96&d=mm&r=g\",\"caption\":\"Adriana Rabelo\"},\"url\":\"https:\/\/franciscanos.org.br\/noticias\/author\/adrianarabelo\"}]}<\/script>\n<!-- \/ Yoast SEO plugin. -->","yoast_head_json":{"title":"Cada voca\u00e7\u00e3o na Igreja \u00e9 sinal da esperan\u00e7a que Deus nutre pelo mundo - Not\u00edcias - Franciscanos","robots":{"index":"index","follow":"follow","max-snippet":"max-snippet:-1","max-image-preview":"max-image-preview:large","max-video-preview":"max-video-preview:-1"},"canonical":"https:\/\/franciscanos.org.br\/noticias\/cada-vocacao-na-igreja-e-sinal-da-esperanca-que-deus-nutre-pelo-mundo.html","og_locale":"pt_BR","og_type":"article","og_title":"Cada voca\u00e7\u00e3o na Igreja \u00e9 sinal da esperan\u00e7a que Deus nutre pelo mundo - Not\u00edcias - Franciscanos","og_description":"Dia Mundial de Ora\u00e7\u00e3o pelas Voca\u00e7\u00f5es","og_url":"https:\/\/franciscanos.org.br\/noticias\/cada-vocacao-na-igreja-e-sinal-da-esperanca-que-deus-nutre-pelo-mundo.html","og_site_name":"Not\u00edcias - Franciscanos","article_published_time":"2025-03-19T11:36:50+00:00","article_modified_time":"2025-08-26T18:52:11+00:00","og_image":[{"width":800,"height":550,"url":"https:\/\/franciscanos.org.br\/noticias\/wp-content\/uploads\/2025\/03\/CHAMADA-13.jpg","type":"image\/jpeg"}],"author":"Adriana Rabelo","twitter_card":"summary_large_image","twitter_misc":{"Escrito por":"Adriana Rabelo","Est. tempo de leitura":"7 minutos"},"schema":{"@context":"https:\/\/schema.org","@graph":[{"@type":"WebSite","@id":"https:\/\/franciscanos.org.br\/noticias\/#website","url":"https:\/\/franciscanos.org.br\/noticias\/","name":"Not\u00edcias - Franciscanos","description":"Prov\u00edncia Franciscana da Imaculada Concei\u00e7\u00e3o do Brasil - Ordem dos Frades Menores - OFM","potentialAction":[{"@type":"SearchAction","target":{"@type":"EntryPoint","urlTemplate":"https:\/\/franciscanos.org.br\/noticias\/?s={search_term_string}"},"query-input":"required name=search_term_string"}],"inLanguage":"pt-BR"},{"@type":"ImageObject","inLanguage":"pt-BR","@id":"https:\/\/franciscanos.org.br\/noticias\/cada-vocacao-na-igreja-e-sinal-da-esperanca-que-deus-nutre-pelo-mundo.html#primaryimage","url":"https:\/\/franciscanos.org.br\/noticias\/wp-content\/uploads\/2025\/03\/CHAMADA-13.jpg","contentUrl":"https:\/\/franciscanos.org.br\/noticias\/wp-content\/uploads\/2025\/03\/CHAMADA-13.jpg","width":800,"height":550},{"@type":"WebPage","@id":"https:\/\/franciscanos.org.br\/noticias\/cada-vocacao-na-igreja-e-sinal-da-esperanca-que-deus-nutre-pelo-mundo.html#webpage","url":"https:\/\/franciscanos.org.br\/noticias\/cada-vocacao-na-igreja-e-sinal-da-esperanca-que-deus-nutre-pelo-mundo.html","name":"Cada voca\u00e7\u00e3o na Igreja \u00e9 sinal da esperan\u00e7a que Deus nutre pelo mundo - Not\u00edcias - Franciscanos","isPartOf":{"@id":"https:\/\/franciscanos.org.br\/noticias\/#website"},"primaryImageOfPage":{"@id":"https:\/\/franciscanos.org.br\/noticias\/cada-vocacao-na-igreja-e-sinal-da-esperanca-que-deus-nutre-pelo-mundo.html#primaryimage"},"datePublished":"2025-03-19T11:36:50+00:00","dateModified":"2025-08-26T18:52:11+00:00","author":{"@id":"https:\/\/franciscanos.org.br\/noticias\/#\/schema\/person\/d9422e83121c3ad3b0f423d195f5bb25"},"breadcrumb":{"@id":"https:\/\/franciscanos.org.br\/noticias\/cada-vocacao-na-igreja-e-sinal-da-esperanca-que-deus-nutre-pelo-mundo.html#breadcrumb"},"inLanguage":"pt-BR","potentialAction":[{"@type":"ReadAction","target":["https:\/\/franciscanos.org.br\/noticias\/cada-vocacao-na-igreja-e-sinal-da-esperanca-que-deus-nutre-pelo-mundo.html"]}]},{"@type":"BreadcrumbList","@id":"https:\/\/franciscanos.org.br\/noticias\/cada-vocacao-na-igreja-e-sinal-da-esperanca-que-deus-nutre-pelo-mundo.html#breadcrumb","itemListElement":[{"@type":"ListItem","position":1,"name":"Home","item":"https:\/\/franciscanos.org.br\/noticias"},{"@type":"ListItem","position":2,"name":"Cada voca\u00e7\u00e3o na Igreja \u00e9 sinal da esperan\u00e7a que Deus nutre pelo mundo"}]},{"@type":"Person","@id":"https:\/\/franciscanos.org.br\/noticias\/#\/schema\/person\/d9422e83121c3ad3b0f423d195f5bb25","name":"Adriana Rabelo","image":{"@type":"ImageObject","inLanguage":"pt-BR","@id":"https:\/\/franciscanos.org.br\/noticias\/#\/schema\/person\/image\/","url":"https:\/\/secure.gravatar.com\/avatar\/0a937b7500cd7df77540cfb8bede877d?s=96&d=mm&r=g","contentUrl":"https:\/\/secure.gravatar.com\/avatar\/0a937b7500cd7df77540cfb8bede877d?s=96&d=mm&r=g","caption":"Adriana Rabelo"},"url":"https:\/\/franciscanos.org.br\/noticias\/author\/adrianarabelo"}]}},"_links":{"self":[{"href":"https:\/\/franciscanos.org.br\/noticias\/wp-json\/wp\/v2\/posts\/255563"}],"collection":[{"href":"https:\/\/franciscanos.org.br\/noticias\/wp-json\/wp\/v2\/posts"}],"about":[{"href":"https:\/\/franciscanos.org.br\/noticias\/wp-json\/wp\/v2\/types\/post"}],"author":[{"embeddable":true,"href":"https:\/\/franciscanos.org.br\/noticias\/wp-json\/wp\/v2\/users\/11"}],"replies":[{"embeddable":true,"href":"https:\/\/franciscanos.org.br\/noticias\/wp-json\/wp\/v2\/comments?post=255563"}],"version-history":[{"count":3,"href":"https:\/\/franciscanos.org.br\/noticias\/wp-json\/wp\/v2\/posts\/255563\/revisions"}],"predecessor-version":[{"id":255568,"href":"https:\/\/franciscanos.org.br\/noticias\/wp-json\/wp\/v2\/posts\/255563\/revisions\/255568"}],"wp:featuredmedia":[{"embeddable":true,"href":"https:\/\/franciscanos.org.br\/noticias\/wp-json\/wp\/v2\/media\/255564"}],"wp:attachment":[{"href":"https:\/\/franciscanos.org.br\/noticias\/wp-json\/wp\/v2\/media?parent=255563"}],"wp:term":[{"taxonomy":"category","embeddable":true,"href":"https:\/\/franciscanos.org.br\/noticias\/wp-json\/wp\/v2\/categories?post=255563"},{"taxonomy":"post_tag","embeddable":true,"href":"https:\/\/franciscanos.org.br\/noticias\/wp-json\/wp\/v2\/tags?post=255563"}],"curies":[{"name":"wp","href":"https:\/\/api.w.org\/{rel}","templated":true}]}}